{"id":272661,"date":"2023-07-03T15:59:00","date_gmt":"2023-07-03T13:59:00","guid":{"rendered":"https:\/\/villarrealcf.es\/\/el-villarreal-b-ya-conoce-su-pretemporada\/"},"modified":"2023-07-03T13:10:14","modified_gmt":"2023-07-03T11:10:14","slug":"el-villarreal-b-ja-coneix-la-seua-pretemporada","status":"publish","type":"post","link":"https:\/\/villarrealcf.es\/val\/el-villarreal-b-ja-coneix-la-seua-pretemporada\/","title":{"rendered":"El Villarreal B ja coneix la seua pretemporada"},"content":{"protected":false,"blocks":[{"type":"heading","level":2,"text":"Els jugadors del filial tornen aquest divendres 7 de juliol per a les proves m\u00e8diques"},{"type":"paragraph","text":"El Villarreal B ja coneix tota la seua pretemporada! Els futbolistes del Mini Submar\u00ed tornaran els dies 7, 8 i 9 de juliol per a realitzar les proves m\u00e8diques abans de comen\u00e7ar l\u2019entrenaments dilluns que ve 10 de juliol."},{"type":"paragraph","text":"Durant l\u2019stage de pretemporada a Su\u00efssa, el filial groc disputar\u00e0 tres partits amistosos davant l\u2019FC Wil 1900, el St. Gallen i el filial de l\u2019Hannover 96."},{"type":"paragraph","text":"Despr\u00e9s de finalitzar la preparaci\u00f3 a Su\u00efssa, el Villarreal B jugar\u00e0 tres partits m\u00e9s a la Ciutat Esportiva Jos\u00e9 Manuel Llaneza davant el Sabadell, l\u2019Andorra i un tercer rival encara per confirmar. Finalment viatjar\u00e0 a les Illes Can\u00e0ries per a disputar el Trofeu Teide en l\u2019Estadi Los Cuartos de la localitat de Tenerife de l\u2019Orotava davant el CD Tenerife una setmana abans de comen\u00e7ar LaLiga."},{"type":"paragraph","text":"As\u00ed pues, este es el calendario de partidos de pretemporada para el Villarreal B:"},{"type":"list","style":"ul","items":["FC Wil 1900-Villarreal B: dissabte, 15 de juliol (stage)","St. Gallen-Villarreal B: dimarts, 18 de juliol (stage)","Hannover 96 U23-Villarreal B: dissabte, 22 de juliol (stage)","Villarreal B-CE Sabadell: dimecres, 26 de juliol (Ciutat Esportiva Jos\u00e9 Manuel Llaneza)","Villarreal B-FC Andorra: divendres, 28 de juliol (Ciutat Esportiva Jos\u00e9 Manuel Llaneza)","Villarreal B-Rival por confirmar: dimecres, 2 d\u2019agost (Ciutat Esportiva Jos\u00e9 Manuel Llaneza)","CD Tenerife-Villarreal B: dissabte, 5 d\u2019agost (Estadi Los Cuartos)"]}],"structured":{"summary":{"text":"Els jugadors del filial tornen aquest divendres 7 de juliol per a les proves m\u00e8diques El Villarreal B ja coneix tota la seua pretemporada! Els futbolistes del Mini Submar\u00ed tornaran els dies 7, 8 i 9 de juliol per a realitzar les proves m\u00e8diques abans de comen\u00e7ar l\u2019entrenaments dilluns que ve 10 de juliol. Durant l\u2019stage de pretemporada a Su\u00efssa, el filial groc disputar\u00e0 tres partits amistosos davant l\u2019FC Wil 1900, el St. Gallen i el filial de l\u2019Hannover 96. Despr\u00e9s de finalitzar la preparaci\u00f3 a Su\u00efssa, el Villarreal B jugar\u00e0 tres partits m\u00e9s a la Ciutat Esportiva Jos\u00e9 Manuel Llaneza davant el Sabadell, l\u2019Andorra i un tercer rival encara per confirmar. Finalment viatjar\u00e0 a les Illes Can\u00e0ries per a disputar el Trofeu Teide en l\u2019Estadi Los Cuartos de la localitat de Tenerife de l\u2019Orotava davant el CD Tenerife una setmana abans de comen\u00e7ar LaLiga. As\u00ed pues, este es el calendario de partidos de pretemporada para el Villarreal B: FC Wil 1900-Villarreal B: dissabte, 15 de juliol (stage) St. Gallen-Villarreal B: dimarts, 18 de juliol (stage) Hannover 96 U23-Villarreal B: dissabte, 22 de juliol (stage) Villarreal B-CE Sabadell: dimecres, 26 de juliol (Ciutat Esportiva Jos\u00e9 Manuel Llaneza) Villarreal B-FC Andorra: divendres, 28 de juliol (Ciutat Esportiva Jos\u00e9 Manuel Llaneza) Villarreal B-Rival por confirmar: dimecres, 2 d\u2019agost (Ciutat Esportiva Jos\u00e9 Manuel Llaneza) CD Tenerife-Villarreal B: dissabte, 5 d\u2019agost (Estadi Los Cuartos)","headings":[{"type":"heading","level":2,"text":"Els jugadors del filial tornen aquest divendres 7 de juliol per a les proves m\u00e8diques"}],"buttons":[],"images":[],"counts":{"blocks":6,"headings":1,"texts":4,"buttons":0,"images":0}},"sections":[{"id":"section-1","title":"Els jugadors del filial tornen aquest divendres 7 de juliol per a les proves m\u00e8diques","text":"Els jugadors del filial tornen aquest divendres 7 de juliol per a les proves m\u00e8diques El Villarreal B ja coneix tota la seua pretemporada! Els futbolistes del Mini Submar\u00ed tornaran els dies 7, 8 i 9 de juliol per a realitzar les proves m\u00e8diques abans de comen\u00e7ar l\u2019entrenaments dilluns que ve 10 de juliol. Durant l\u2019stage de pretemporada a Su\u00efssa, el filial groc disputar\u00e0 tres partits amistosos davant l\u2019FC Wil 1900, el St. Gallen i el filial de l\u2019Hannover 96. Despr\u00e9s de finalitzar la preparaci\u00f3 a Su\u00efssa, el Villarreal B jugar\u00e0 tres partits m\u00e9s a la Ciutat Esportiva Jos\u00e9 Manuel Llaneza davant el Sabadell, l\u2019Andorra i un tercer rival encara per confirmar. Finalment viatjar\u00e0 a les Illes Can\u00e0ries per a disputar el Trofeu Teide en l\u2019Estadi Los Cuartos de la localitat de Tenerife de l\u2019Orotava davant el CD Tenerife una setmana abans de comen\u00e7ar LaLiga. As\u00ed pues, este es el calendario de partidos de pretemporada para el Villarreal B:","headings":[{"type":"heading","level":2,"text":"Els jugadors del filial tornen aquest divendres 7 de juliol per a les proves m\u00e8diques"}],"texts":[{"type":"paragraph","text":"El Villarreal B ja coneix tota la seua pretemporada! Els futbolistes del Mini Submar\u00ed tornaran els dies 7, 8 i 9 de juliol per a realitzar les proves m\u00e8diques abans de comen\u00e7ar l\u2019entrenaments dilluns que ve 10 de juliol."},{"type":"paragraph","text":"Durant l\u2019stage de pretemporada a Su\u00efssa, el filial groc disputar\u00e0 tres partits amistosos davant l\u2019FC Wil 1900, el St. Gallen i el filial de l\u2019Hannover 96."},{"type":"paragraph","text":"Despr\u00e9s de finalitzar la preparaci\u00f3 a Su\u00efssa, el Villarreal B jugar\u00e0 tres partits m\u00e9s a la Ciutat Esportiva Jos\u00e9 Manuel Llaneza davant el Sabadell, l\u2019Andorra i un tercer rival encara per confirmar. Finalment viatjar\u00e0 a les Illes Can\u00e0ries per a disputar el Trofeu Teide en l\u2019Estadi Los Cuartos de la localitat de Tenerife de l\u2019Orotava davant el CD Tenerife una setmana abans de comen\u00e7ar LaLiga."},{"type":"paragraph","text":"As\u00ed pues, este es el calendario de partidos de pretemporada para el Villarreal B:"}],"buttons":[],"images":[],"widgets":[],"blocks":[{"type":"heading","level":2,"text":"Els jugadors del filial tornen aquest divendres 7 de juliol per a les proves m\u00e8diques"},{"type":"paragraph","text":"El Villarreal B ja coneix tota la seua pretemporada! Els futbolistes del Mini Submar\u00ed tornaran els dies 7, 8 i 9 de juliol per a realitzar les proves m\u00e8diques abans de comen\u00e7ar l\u2019entrenaments dilluns que ve 10 de juliol."},{"type":"paragraph","text":"Durant l\u2019stage de pretemporada a Su\u00efssa, el filial groc disputar\u00e0 tres partits amistosos davant l\u2019FC Wil 1900, el St. Gallen i el filial de l\u2019Hannover 96."},{"type":"paragraph","text":"Despr\u00e9s de finalitzar la preparaci\u00f3 a Su\u00efssa, el Villarreal B jugar\u00e0 tres partits m\u00e9s a la Ciutat Esportiva Jos\u00e9 Manuel Llaneza davant el Sabadell, l\u2019Andorra i un tercer rival encara per confirmar. Finalment viatjar\u00e0 a les Illes Can\u00e0ries per a disputar el Trofeu Teide en l\u2019Estadi Los Cuartos de la localitat de Tenerife de l\u2019Orotava davant el CD Tenerife una setmana abans de comen\u00e7ar LaLiga."},{"type":"paragraph","text":"As\u00ed pues, este es el calendario de partidos de pretemporada para el Villarreal B:"},{"type":"list","style":"ul","items":["FC Wil 1900-Villarreal B: dissabte, 15 de juliol (stage)","St. Gallen-Villarreal B: dimarts, 18 de juliol (stage)","Hannover 96 U23-Villarreal B: dissabte, 22 de juliol (stage)","Villarreal B-CE Sabadell: dimecres, 26 de juliol (Ciutat Esportiva Jos\u00e9 Manuel Llaneza)","Villarreal B-FC Andorra: divendres, 28 de juliol (Ciutat Esportiva Jos\u00e9 Manuel Llaneza)","Villarreal B-Rival por confirmar: dimecres, 2 d\u2019agost (Ciutat Esportiva Jos\u00e9 Manuel Llaneza)","CD Tenerife-Villarreal B: dissabte, 5 d\u2019agost (Estadi Los Cuartos)"]}]}],"hero":{"id":"section-1","title":"Els jugadors del filial tornen aquest divendres 7 de juliol per a les proves m\u00e8diques","text":"Els jugadors del filial tornen aquest divendres 7 de juliol per a les proves m\u00e8diques El Villarreal B ja coneix tota la seua pretemporada! Els futbolistes del Mini Submar\u00ed tornaran els dies 7, 8 i 9 de juliol per a realitzar les proves m\u00e8diques abans de comen\u00e7ar l\u2019entrenaments dilluns que ve 10 de juliol. Durant l\u2019stage de pretemporada a Su\u00efssa, el filial groc disputar\u00e0 tres partits amistosos davant l\u2019FC Wil 1900, el St. Gallen i el filial de l\u2019Hannover 96. Despr\u00e9s de finalitzar la preparaci\u00f3 a Su\u00efssa, el Villarreal B jugar\u00e0 tres partits m\u00e9s a la Ciutat Esportiva Jos\u00e9 Manuel Llaneza davant el Sabadell, l\u2019Andorra i un tercer rival encara per confirmar. Finalment viatjar\u00e0 a les Illes Can\u00e0ries per a disputar el Trofeu Teide en l\u2019Estadi Los Cuartos de la localitat de Tenerife de l\u2019Orotava davant el CD Tenerife una setmana abans de comen\u00e7ar LaLiga. As\u00ed pues, este es el calendario de partidos de pretemporada para el Villarreal B:","headings":[{"type":"heading","level":2,"text":"Els jugadors del filial tornen aquest divendres 7 de juliol per a les proves m\u00e8diques"}],"texts":[{"type":"paragraph","text":"El Villarreal B ja coneix tota la seua pretemporada! Els futbolistes del Mini Submar\u00ed tornaran els dies 7, 8 i 9 de juliol per a realitzar les proves m\u00e8diques abans de comen\u00e7ar l\u2019entrenaments dilluns que ve 10 de juliol."},{"type":"paragraph","text":"Durant l\u2019stage de pretemporada a Su\u00efssa, el filial groc disputar\u00e0 tres partits amistosos davant l\u2019FC Wil 1900, el St. Gallen i el filial de l\u2019Hannover 96."},{"type":"paragraph","text":"Despr\u00e9s de finalitzar la preparaci\u00f3 a Su\u00efssa, el Villarreal B jugar\u00e0 tres partits m\u00e9s a la Ciutat Esportiva Jos\u00e9 Manuel Llaneza davant el Sabadell, l\u2019Andorra i un tercer rival encara per confirmar. Finalment viatjar\u00e0 a les Illes Can\u00e0ries per a disputar el Trofeu Teide en l\u2019Estadi Los Cuartos de la localitat de Tenerife de l\u2019Orotava davant el CD Tenerife una setmana abans de comen\u00e7ar LaLiga."},{"type":"paragraph","text":"As\u00ed pues, este es el calendario de partidos de pretemporada para el Villarreal B:"}],"buttons":[],"images":[],"widgets":[],"blocks":[{"type":"heading","level":2,"text":"Els jugadors del filial tornen aquest divendres 7 de juliol per a les proves m\u00e8diques"},{"type":"paragraph","text":"El Villarreal B ja coneix tota la seua pretemporada! Els futbolistes del Mini Submar\u00ed tornaran els dies 7, 8 i 9 de juliol per a realitzar les proves m\u00e8diques abans de comen\u00e7ar l\u2019entrenaments dilluns que ve 10 de juliol."},{"type":"paragraph","text":"Durant l\u2019stage de pretemporada a Su\u00efssa, el filial groc disputar\u00e0 tres partits amistosos davant l\u2019FC Wil 1900, el St. Gallen i el filial de l\u2019Hannover 96."},{"type":"paragraph","text":"Despr\u00e9s de finalitzar la preparaci\u00f3 a Su\u00efssa, el Villarreal B jugar\u00e0 tres partits m\u00e9s a la Ciutat Esportiva Jos\u00e9 Manuel Llaneza davant el Sabadell, l\u2019Andorra i un tercer rival encara per confirmar. Finalment viatjar\u00e0 a les Illes Can\u00e0ries per a disputar el Trofeu Teide en l\u2019Estadi Los Cuartos de la localitat de Tenerife de l\u2019Orotava davant el CD Tenerife una setmana abans de comen\u00e7ar LaLiga."},{"type":"paragraph","text":"As\u00ed pues, este es el calendario de partidos de pretemporada para el Villarreal B:"},{"type":"list","style":"ul","items":["FC Wil 1900-Villarreal B: dissabte, 15 de juliol (stage)","St. Gallen-Villarreal B: dimarts, 18 de juliol (stage)","Hannover 96 U23-Villarreal B: dissabte, 22 de juliol (stage)","Villarreal B-CE Sabadell: dimecres, 26 de juliol (Ciutat Esportiva Jos\u00e9 Manuel Llaneza)","Villarreal B-FC Andorra: divendres, 28 de juliol (Ciutat Esportiva Jos\u00e9 Manuel Llaneza)","Villarreal B-Rival por confirmar: dimecres, 2 d\u2019agost (Ciutat Esportiva Jos\u00e9 Manuel Llaneza)","CD Tenerife-Villarreal B: dissabte, 5 d\u2019agost (Estadi Los Cuartos)"]}]}},"sections":[{"id":"section-1","title":"Els jugadors del filial tornen aquest divendres 7 de juliol per a les proves m\u00e8diques","text":"Els jugadors del filial tornen aquest divendres 7 de juliol per a les proves m\u00e8diques El Villarreal B ja coneix tota la seua pretemporada! Els futbolistes del Mini Submar\u00ed tornaran els dies 7, 8 i 9 de juliol per a realitzar les proves m\u00e8diques abans de comen\u00e7ar l\u2019entrenaments dilluns que ve 10 de juliol. Durant l\u2019stage de pretemporada a Su\u00efssa, el filial groc disputar\u00e0 tres partits amistosos davant l\u2019FC Wil 1900, el St. Gallen i el filial de l\u2019Hannover 96. Despr\u00e9s de finalitzar la preparaci\u00f3 a Su\u00efssa, el Villarreal B jugar\u00e0 tres partits m\u00e9s a la Ciutat Esportiva Jos\u00e9 Manuel Llaneza davant el Sabadell, l\u2019Andorra i un tercer rival encara per confirmar. Finalment viatjar\u00e0 a les Illes Can\u00e0ries per a disputar el Trofeu Teide en l\u2019Estadi Los Cuartos de la localitat de Tenerife de l\u2019Orotava davant el CD Tenerife una setmana abans de comen\u00e7ar LaLiga. As\u00ed pues, este es el calendario de partidos de pretemporada para el Villarreal B:","url":"","background_image":"","images":[],"videos":[],"links":[]}]},"excerpt":{"rendered":"Els jugadors del filial tornen aquest divendres 7 de juliol per a les proves m\u00e8diques","protected":false},"author":1,"featured_media":272659,"comment_status":"closed","ping_status":"closed","sticky":false,"template":"","format":"standard","meta":{"_acf_changed":false,"footnotes":""},"categories":[13803],"tags":[7117,10325,717,9270,9227,13781,716,9205,9627,10634,9203],"acf":null,"lang":"val","translations":{"es":272592,"val":272661,"en":272725},"essential_grid":{"has_grid":false},"formatted_date":"July 3, 2023","modified_date":"July 3, 2023","permalink":"https:\/\/villarrealcf.es\/val\/el-villarreal-b-ja-coneix-la-seua-pretemporada\/","reading_time":2,"featured_media_data":{"id":272659,"title":"pretemporada","caption":"","alt_text":"","description":"","mime_type":"image\/jpeg","source_url":"https:\/\/villarrealcf.es\/wp-content\/uploads\/2023\/07\/pretemporada.jpg","sizes":{"thumbnail":{"url":"https:\/\/villarrealcf.es\/wp-content\/uploads\/2023\/07\/pretemporada-1920x1080.jpg","width":1920,"height":1080},"medium":{"url":"https:\/\/villarrealcf.es\/wp-content\/uploads\/2023\/07\/pretemporada-1920x1080.jpg","width":1920,"height":1080},"medium_large":{"url":"https:\/\/villarrealcf.es\/wp-content\/uploads\/2023\/07\/pretemporada-768x432.jpg","width":768,"height":432},"large":{"url":"https:\/\/villarrealcf.es\/wp-content\/uploads\/2023\/07\/pretemporada-1920x1080.jpg","width":788,"height":443},"1536x1536":{"url":"https:\/\/villarrealcf.es\/wp-content\/uploads\/2023\/07\/pretemporada-1536x864.jpg","width":1536,"height":864},"2048x2048":{"url":"https:\/\/villarrealcf.es\/wp-content\/uploads\/2023\/07\/pretemporada-2048x1152.jpg","width":2048,"height":1152},"tp-image-grid":{"url":"https:\/\/villarrealcf.es\/wp-content\/uploads\/2023\/07\/pretemporada-700x700.jpg","width":700,"height":700},"size-bunyad-medium":{"url":"https:\/\/villarrealcf.es\/wp-content\/uploads\/2023\/07\/pretemporada-1920x1080.jpg","width":1920,"height":1080},"sportspress-crop-medium":{"url":"https:\/\/villarrealcf.es\/wp-content\/uploads\/2023\/07\/pretemporada-300x300.jpg","width":300,"height":300},"sportspress-fit-medium":{"url":"https:\/\/villarrealcf.es\/wp-content\/uploads\/2023\/07\/pretemporada-300x169.jpg","width":300,"height":169},"sportspress-fit-icon":{"url":"https:\/\/villarrealcf.es\/wp-content\/uploads\/2023\/07\/pretemporada-128x72.jpg","width":128,"height":72},"sportspress-fit-mini":{"url":"https:\/\/villarrealcf.es\/wp-content\/uploads\/2023\/07\/pretemporada-32x18.jpg","width":32,"height":18},"bunyad-small":{"url":"https:\/\/villarrealcf.es\/wp-content\/uploads\/2023\/07\/pretemporada-150x84.jpg","width":150,"height":84},"bunyad-medium":{"url":"https:\/\/villarrealcf.es\/wp-content\/uploads\/2023\/07\/pretemporada-450x253.jpg","width":450,"height":253},"bunyad-full":{"url":"https:\/\/villarrealcf.es\/wp-content\/uploads\/2023\/07\/pretemporada-1200x675.jpg","width":1200,"height":675},"bunyad-viewport":{"url":"https:\/\/villarrealcf.es\/wp-content\/uploads\/2023\/07\/pretemporada-2048x1152.jpg","width":2048,"height":1152},"bunyad-768":{"url":"https:\/\/villarrealcf.es\/wp-content\/uploads\/2023\/07\/pretemporada-768x432.jpg","width":768,"height":432},"full":{"url":"https:\/\/villarrealcf.es\/wp-content\/uploads\/2023\/07\/pretemporada.jpg","width":2362,"height":1329}}},"author_data":{"id":"1","name":"root_envidea","first_name":"Villarreal CF","last_name":"","description":"","avatar_url":"https:\/\/secure.gravatar.com\/avatar\/48f95f42a3ccc324f3a3458e4b9e6fb070b083e99d388e170c1afb061fa99b63?s=96&d=mm&r=g","acf":null},"taxonomies_data":{"category":[{"id":13803,"name":"Futbol base","slug":"futbol-base-val-2","acf":null}],"post_tag":[{"id":7117,"name":"Amistosos","slug":"amistosos","acf":null},{"id":10325,"name":"Cantera Grogueta","slug":"cantera-grogueta-val","acf":null},{"id":717,"name":"Football","slug":"football-d34","acf":null},{"id":9270,"name":"Futbol","slug":"futbol-val","acf":null},{"id":9227,"name":"F\u00fatbol Base","slug":"futbol-base-val","acf":null},{"id":13781,"name":"Sin categorizar","slug":"sin-categorizar-val","acf":null},{"id":716,"name":"Soccer","slug":"soccer-d105","acf":null},{"id":9205,"name":"Submarino","slug":"submarino-val","acf":null},{"id":9627,"name":"Submarino Amarillo","slug":"submarino-amarillo-val","acf":null},{"id":10634,"name":"Villarreal B","slug":"villarreal-b-val","acf":null},{"id":9203,"name":"Villarreal CF","slug":"villarreal-cf-val","acf":null}],"translation_priority":[{"id":735,"name":"Optional","slug":"optional-val","acf":null}]},"seo_full":{"native":{"title":"El Villarreal B ja coneix la seua pretemporada - Web Oficial del Villarreal CF","description":"Els jugadors del filial tornen aquest divendres 7 de juliol per a les proves m\u00e8diques","canonical":"https:\/\/villarrealcf.es\/val\/el-villarreal-b-ja-coneix-la-seua-pretemporada\/"}},"_links":{"self":[{"href":"https:\/\/villarrealcf.es\/val\/wp-json\/wp\/v2\/posts\/272661","targetHints":{"allow":["GET"]}}],"collection":[{"href":"https:\/\/villarrealcf.es\/val\/wp-json\/wp\/v2\/posts"}],"about":[{"href":"https:\/\/villarrealcf.es\/val\/wp-json\/wp\/v2\/types\/post"}],"author":[{"embeddable":true,"href":"https:\/\/villarrealcf.es\/val\/wp-json\/wp\/v2\/users\/1"}],"replies":[{"embeddable":true,"href":"https:\/\/villarrealcf.es\/val\/wp-json\/wp\/v2\/comments?post=272661"}],"version-history":[{"count":0,"href":"https:\/\/villarrealcf.es\/val\/wp-json\/wp\/v2\/posts\/272661\/revisions"}],"wp:featuredmedia":[{"embeddable":true,"href":"https:\/\/villarrealcf.es\/val\/wp-json\/wp\/v2\/media\/272659"}],"wp:attachment":[{"href":"https:\/\/villarrealcf.es\/val\/wp-json\/wp\/v2\/media?parent=272661"}],"wp:term":[{"taxonomy":"category","embeddable":true,"href":"https:\/\/villarrealcf.es\/val\/wp-json\/wp\/v2\/categories?post=272661"},{"taxonomy":"post_tag","embeddable":true,"href":"https:\/\/villarrealcf.es\/val\/wp-json\/wp\/v2\/tags?post=272661"}],"curies":[{"name":"wp","href":"https:\/\/api.w.org\/{rel}","templated":true}]}}