{"id":272635,"date":"2023-07-03T08:19:00","date_gmt":"2023-07-03T06:19:00","guid":{"rendered":"https:\/\/villarrealcf.es\/\/la-yellow-cup-summer-brilla-en-vila-real\/"},"modified":"2023-07-03T12:21:46","modified_gmt":"2023-07-03T10:21:46","slug":"la-yellow-cup-summer-brilla-a-vila-real","status":"publish","type":"post","link":"https:\/\/villarrealcf.es\/val\/la-yellow-cup-summer-brilla-a-vila-real\/","title":{"rendered":"La Yellow Cup Summer brilla a Vila-real"},"content":{"protected":false,"blocks":[{"type":"heading","level":2,"text":"Un total de 1.400 joves jugadors han gaudit del futbol en les instal\u00b7lacions esportives del Villarreal CF"},{"type":"paragraph","text":"La Vila-real Yellow Cup Summer va portar la diversi\u00f3 i el futbol a Vila-real durant el passat cap de setmana (30 al 2 de juliol). El torneig groguet m\u00e9s important de l\u2019estiu va congregar a un total de 1.400 joves participants, enrolats en 85 equips dels categories prebenjam\u00ed, benjam\u00ed, alev\u00ed, femen\u00ed sub-12, infantil, cadet i juvenil."},{"type":"paragraph","text":"Per uns dies, Vila-real es va convertir en la capital del millor futbol base en reunir en total a m\u00e9s de 15.000 assistents de divendres a diumenge en les quatre seus esportives situades en el municipi de Vila-real."},{"type":"paragraph","text":"El torneig va comptar amb la participaci\u00f3 d\u2019una gran varietat d\u2019equips de la Comunitat Valenciana, per\u00f2 tamb\u00e9 van competir conjunts procedents d\u2019altres comunitats com Catalunya, Illes Can\u00e0ries, Castella-la Manxa, Madrid i fins i tot conjunts internacionals, arribats des de Jord\u00e0nia, Costa Rica, els Estats Units i \u00c0sia Oriental."},{"type":"paragraph","text":"A m\u00e9s de viure el millor futbol durant tot el cap de setmana, els equips participants van gaudir de diversos esdeveniments exclusius com una gran cerim\u00f2nia de benvinguda en l\u2019Estadio de la Cer\u00e1mica i un c\u00f2ctel exclusiu en el Restaurant Maya de Benic\u00e0ssim. El diumenge 2 de juliol tamb\u00e9 va tindre lloc el lliurament de trofeus als campions."},{"type":"paragraph","text":"Els campions per categories van ser els seg\u00fcents:"},{"type":"list","style":"ul","items":["Prebenjam\u00ed: FTA 380","Benjam\u00ed 1\u00ba a\u00f1o: Uni\u00f3n Molinense CF","Benjam\u00ed 2\u00ba a\u00f1o: Endeka Sports FC \u00c9lite","Alev\u00ed: CPT El Pato","Femen\u00ed Sub-12: CD Benicarl\u00f3","Infantil: FTA 380","Cadete: Fut D\u2019Or Lleida","Juvenil: SEL Valencia EC"]}],"structured":{"summary":{"text":"Un total de 1.400 joves jugadors han gaudit del futbol en les instal\u00b7lacions esportives del Villarreal CF La Vila-real Yellow Cup Summer va portar la diversi\u00f3 i el futbol a Vila-real durant el passat cap de setmana (30 al 2 de juliol). El torneig groguet m\u00e9s important de l\u2019estiu va congregar a un total de 1.400 joves participants, enrolats en 85 equips dels categories prebenjam\u00ed, benjam\u00ed, alev\u00ed, femen\u00ed sub-12, infantil, cadet i juvenil. Per uns dies, Vila-real es va convertir en la capital del millor futbol base en reunir en total a m\u00e9s de 15.000 assistents de divendres a diumenge en les quatre seus esportives situades en el municipi de Vila-real. El torneig va comptar amb la participaci\u00f3 d\u2019una gran varietat d\u2019equips de la Comunitat Valenciana, per\u00f2 tamb\u00e9 van competir conjunts procedents d\u2019altres comunitats com Catalunya, Illes Can\u00e0ries, Castella-la Manxa, Madrid i fins i tot conjunts internacionals, arribats des de Jord\u00e0nia, Costa Rica, els Estats Units i \u00c0sia Oriental. A m\u00e9s de viure el millor futbol durant tot el cap de setmana, els equips participants van gaudir de diversos esdeveniments exclusius com una gran cerim\u00f2nia de benvinguda en l\u2019Estadio de la Cer\u00e1mica i un c\u00f2ctel exclusiu en el Restaurant Maya de Benic\u00e0ssim. El diumenge 2 de juliol tamb\u00e9 va tindre lloc el lliurament de trofeus als campions. Els campions per categories van ser els seg\u00fcents: Prebenjam\u00ed: FTA 380 Benjam\u00ed 1\u00ba a\u00f1o: Uni\u00f3n Molinense CF Benjam\u00ed 2\u00ba a\u00f1o: Endeka Sports FC \u00c9lite Alev\u00ed: CPT El Pato Femen\u00ed Sub-12: CD Benicarl\u00f3 Infantil: FTA 380 Cadete: Fut D\u2019Or Lleida Juvenil: SEL Valencia EC","headings":[{"type":"heading","level":2,"text":"Un total de 1.400 joves jugadors han gaudit del futbol en les instal\u00b7lacions esportives del Villarreal CF"}],"buttons":[],"images":[],"counts":{"blocks":7,"headings":1,"texts":5,"buttons":0,"images":0}},"sections":[{"id":"section-1","title":"Un total de 1.400 joves jugadors han gaudit del futbol en les instal\u00b7lacions esportives del Villarreal CF","text":"Un total de 1.400 joves jugadors han gaudit del futbol en les instal\u00b7lacions esportives del Villarreal CF La Vila-real Yellow Cup Summer va portar la diversi\u00f3 i el futbol a Vila-real durant el passat cap de setmana (30 al 2 de juliol). El torneig groguet m\u00e9s important de l\u2019estiu va congregar a un total de 1.400 joves participants, enrolats en 85 equips dels categories prebenjam\u00ed, benjam\u00ed, alev\u00ed, femen\u00ed sub-12, infantil, cadet i juvenil. Per uns dies, Vila-real es va convertir en la capital del millor futbol base en reunir en total a m\u00e9s de 15.000 assistents de divendres a diumenge en les quatre seus esportives situades en el municipi de Vila-real. El torneig va comptar amb la participaci\u00f3 d\u2019una gran varietat d\u2019equips de la Comunitat Valenciana, per\u00f2 tamb\u00e9 van competir conjunts procedents d\u2019altres comunitats com Catalunya, Illes Can\u00e0ries, Castella-la Manxa, Madrid i fins i tot conjunts internacionals, arribats des de Jord\u00e0nia, Costa Rica, els Estats Units i \u00c0sia Oriental. A m\u00e9s de viure el millor futbol durant tot el cap de setmana, els equips participants van gaudir de diversos esdeveniments exclusius com una gran cerim\u00f2nia de benvinguda en l\u2019Estadio de la Cer\u00e1mica i un c\u00f2ctel exclusiu en el Restaurant Maya de Benic\u00e0ssim. El diumenge 2 de juliol tamb\u00e9 va tindre lloc el lliurament de trofeus als campions. Els campions per categories van ser els seg\u00fcents:","headings":[{"type":"heading","level":2,"text":"Un total de 1.400 joves jugadors han gaudit del futbol en les instal\u00b7lacions esportives del Villarreal CF"}],"texts":[{"type":"paragraph","text":"La Vila-real Yellow Cup Summer va portar la diversi\u00f3 i el futbol a Vila-real durant el passat cap de setmana (30 al 2 de juliol). El torneig groguet m\u00e9s important de l\u2019estiu va congregar a un total de 1.400 joves participants, enrolats en 85 equips dels categories prebenjam\u00ed, benjam\u00ed, alev\u00ed, femen\u00ed sub-12, infantil, cadet i juvenil."},{"type":"paragraph","text":"Per uns dies, Vila-real es va convertir en la capital del millor futbol base en reunir en total a m\u00e9s de 15.000 assistents de divendres a diumenge en les quatre seus esportives situades en el municipi de Vila-real."},{"type":"paragraph","text":"El torneig va comptar amb la participaci\u00f3 d\u2019una gran varietat d\u2019equips de la Comunitat Valenciana, per\u00f2 tamb\u00e9 van competir conjunts procedents d\u2019altres comunitats com Catalunya, Illes Can\u00e0ries, Castella-la Manxa, Madrid i fins i tot conjunts internacionals, arribats des de Jord\u00e0nia, Costa Rica, els Estats Units i \u00c0sia Oriental."},{"type":"paragraph","text":"A m\u00e9s de viure el millor futbol durant tot el cap de setmana, els equips participants van gaudir de diversos esdeveniments exclusius com una gran cerim\u00f2nia de benvinguda en l\u2019Estadio de la Cer\u00e1mica i un c\u00f2ctel exclusiu en el Restaurant Maya de Benic\u00e0ssim. El diumenge 2 de juliol tamb\u00e9 va tindre lloc el lliurament de trofeus als campions."},{"type":"paragraph","text":"Els campions per categories van ser els seg\u00fcents:"}],"buttons":[],"images":[],"widgets":[],"blocks":[{"type":"heading","level":2,"text":"Un total de 1.400 joves jugadors han gaudit del futbol en les instal\u00b7lacions esportives del Villarreal CF"},{"type":"paragraph","text":"La Vila-real Yellow Cup Summer va portar la diversi\u00f3 i el futbol a Vila-real durant el passat cap de setmana (30 al 2 de juliol). El torneig groguet m\u00e9s important de l\u2019estiu va congregar a un total de 1.400 joves participants, enrolats en 85 equips dels categories prebenjam\u00ed, benjam\u00ed, alev\u00ed, femen\u00ed sub-12, infantil, cadet i juvenil."},{"type":"paragraph","text":"Per uns dies, Vila-real es va convertir en la capital del millor futbol base en reunir en total a m\u00e9s de 15.000 assistents de divendres a diumenge en les quatre seus esportives situades en el municipi de Vila-real."},{"type":"paragraph","text":"El torneig va comptar amb la participaci\u00f3 d\u2019una gran varietat d\u2019equips de la Comunitat Valenciana, per\u00f2 tamb\u00e9 van competir conjunts procedents d\u2019altres comunitats com Catalunya, Illes Can\u00e0ries, Castella-la Manxa, Madrid i fins i tot conjunts internacionals, arribats des de Jord\u00e0nia, Costa Rica, els Estats Units i \u00c0sia Oriental."},{"type":"paragraph","text":"A m\u00e9s de viure el millor futbol durant tot el cap de setmana, els equips participants van gaudir de diversos esdeveniments exclusius com una gran cerim\u00f2nia de benvinguda en l\u2019Estadio de la Cer\u00e1mica i un c\u00f2ctel exclusiu en el Restaurant Maya de Benic\u00e0ssim. El diumenge 2 de juliol tamb\u00e9 va tindre lloc el lliurament de trofeus als campions."},{"type":"paragraph","text":"Els campions per categories van ser els seg\u00fcents:"},{"type":"list","style":"ul","items":["Prebenjam\u00ed: FTA 380","Benjam\u00ed 1\u00ba a\u00f1o: Uni\u00f3n Molinense CF","Benjam\u00ed 2\u00ba a\u00f1o: Endeka Sports FC \u00c9lite","Alev\u00ed: CPT El Pato","Femen\u00ed Sub-12: CD Benicarl\u00f3","Infantil: FTA 380","Cadete: Fut D\u2019Or Lleida","Juvenil: SEL Valencia EC"]}]}],"hero":{"id":"section-1","title":"Un total de 1.400 joves jugadors han gaudit del futbol en les instal\u00b7lacions esportives del Villarreal CF","text":"Un total de 1.400 joves jugadors han gaudit del futbol en les instal\u00b7lacions esportives del Villarreal CF La Vila-real Yellow Cup Summer va portar la diversi\u00f3 i el futbol a Vila-real durant el passat cap de setmana (30 al 2 de juliol). El torneig groguet m\u00e9s important de l\u2019estiu va congregar a un total de 1.400 joves participants, enrolats en 85 equips dels categories prebenjam\u00ed, benjam\u00ed, alev\u00ed, femen\u00ed sub-12, infantil, cadet i juvenil. Per uns dies, Vila-real es va convertir en la capital del millor futbol base en reunir en total a m\u00e9s de 15.000 assistents de divendres a diumenge en les quatre seus esportives situades en el municipi de Vila-real. El torneig va comptar amb la participaci\u00f3 d\u2019una gran varietat d\u2019equips de la Comunitat Valenciana, per\u00f2 tamb\u00e9 van competir conjunts procedents d\u2019altres comunitats com Catalunya, Illes Can\u00e0ries, Castella-la Manxa, Madrid i fins i tot conjunts internacionals, arribats des de Jord\u00e0nia, Costa Rica, els Estats Units i \u00c0sia Oriental. A m\u00e9s de viure el millor futbol durant tot el cap de setmana, els equips participants van gaudir de diversos esdeveniments exclusius com una gran cerim\u00f2nia de benvinguda en l\u2019Estadio de la Cer\u00e1mica i un c\u00f2ctel exclusiu en el Restaurant Maya de Benic\u00e0ssim. El diumenge 2 de juliol tamb\u00e9 va tindre lloc el lliurament de trofeus als campions. Els campions per categories van ser els seg\u00fcents:","headings":[{"type":"heading","level":2,"text":"Un total de 1.400 joves jugadors han gaudit del futbol en les instal\u00b7lacions esportives del Villarreal CF"}],"texts":[{"type":"paragraph","text":"La Vila-real Yellow Cup Summer va portar la diversi\u00f3 i el futbol a Vila-real durant el passat cap de setmana (30 al 2 de juliol). El torneig groguet m\u00e9s important de l\u2019estiu va congregar a un total de 1.400 joves participants, enrolats en 85 equips dels categories prebenjam\u00ed, benjam\u00ed, alev\u00ed, femen\u00ed sub-12, infantil, cadet i juvenil."},{"type":"paragraph","text":"Per uns dies, Vila-real es va convertir en la capital del millor futbol base en reunir en total a m\u00e9s de 15.000 assistents de divendres a diumenge en les quatre seus esportives situades en el municipi de Vila-real."},{"type":"paragraph","text":"El torneig va comptar amb la participaci\u00f3 d\u2019una gran varietat d\u2019equips de la Comunitat Valenciana, per\u00f2 tamb\u00e9 van competir conjunts procedents d\u2019altres comunitats com Catalunya, Illes Can\u00e0ries, Castella-la Manxa, Madrid i fins i tot conjunts internacionals, arribats des de Jord\u00e0nia, Costa Rica, els Estats Units i \u00c0sia Oriental."},{"type":"paragraph","text":"A m\u00e9s de viure el millor futbol durant tot el cap de setmana, els equips participants van gaudir de diversos esdeveniments exclusius com una gran cerim\u00f2nia de benvinguda en l\u2019Estadio de la Cer\u00e1mica i un c\u00f2ctel exclusiu en el Restaurant Maya de Benic\u00e0ssim. El diumenge 2 de juliol tamb\u00e9 va tindre lloc el lliurament de trofeus als campions."},{"type":"paragraph","text":"Els campions per categories van ser els seg\u00fcents:"}],"buttons":[],"images":[],"widgets":[],"blocks":[{"type":"heading","level":2,"text":"Un total de 1.400 joves jugadors han gaudit del futbol en les instal\u00b7lacions esportives del Villarreal CF"},{"type":"paragraph","text":"La Vila-real Yellow Cup Summer va portar la diversi\u00f3 i el futbol a Vila-real durant el passat cap de setmana (30 al 2 de juliol). El torneig groguet m\u00e9s important de l\u2019estiu va congregar a un total de 1.400 joves participants, enrolats en 85 equips dels categories prebenjam\u00ed, benjam\u00ed, alev\u00ed, femen\u00ed sub-12, infantil, cadet i juvenil."},{"type":"paragraph","text":"Per uns dies, Vila-real es va convertir en la capital del millor futbol base en reunir en total a m\u00e9s de 15.000 assistents de divendres a diumenge en les quatre seus esportives situades en el municipi de Vila-real."},{"type":"paragraph","text":"El torneig va comptar amb la participaci\u00f3 d\u2019una gran varietat d\u2019equips de la Comunitat Valenciana, per\u00f2 tamb\u00e9 van competir conjunts procedents d\u2019altres comunitats com Catalunya, Illes Can\u00e0ries, Castella-la Manxa, Madrid i fins i tot conjunts internacionals, arribats des de Jord\u00e0nia, Costa Rica, els Estats Units i \u00c0sia Oriental."},{"type":"paragraph","text":"A m\u00e9s de viure el millor futbol durant tot el cap de setmana, els equips participants van gaudir de diversos esdeveniments exclusius com una gran cerim\u00f2nia de benvinguda en l\u2019Estadio de la Cer\u00e1mica i un c\u00f2ctel exclusiu en el Restaurant Maya de Benic\u00e0ssim. El diumenge 2 de juliol tamb\u00e9 va tindre lloc el lliurament de trofeus als campions."},{"type":"paragraph","text":"Els campions per categories van ser els seg\u00fcents:"},{"type":"list","style":"ul","items":["Prebenjam\u00ed: FTA 380","Benjam\u00ed 1\u00ba a\u00f1o: Uni\u00f3n Molinense CF","Benjam\u00ed 2\u00ba a\u00f1o: Endeka Sports FC \u00c9lite","Alev\u00ed: CPT El Pato","Femen\u00ed Sub-12: CD Benicarl\u00f3","Infantil: FTA 380","Cadete: Fut D\u2019Or Lleida","Juvenil: SEL Valencia EC"]}]}},"sections":[{"id":"section-1","title":"Un total de 1.400 joves jugadors han gaudit del futbol en les instal\u00b7lacions esportives del Villarreal CF","text":"Un total de 1.400 joves jugadors han gaudit del futbol en les instal\u00b7lacions esportives del Villarreal CF La Vila-real Yellow Cup Summer va portar la diversi\u00f3 i el futbol a Vila-real durant el passat cap de setmana (30 al 2 de juliol). El torneig groguet m\u00e9s important de l\u2019estiu va congregar a un total de 1.400 joves participants, enrolats en 85 equips dels categories prebenjam\u00ed, benjam\u00ed, alev\u00ed, femen\u00ed sub-12, infantil, cadet i juvenil. Per uns dies, Vila-real es va convertir en la capital del millor futbol base en reunir en total a m\u00e9s de 15.000 assistents de divendres a diumenge en les quatre seus esportives situades en el municipi de Vila-real. El torneig va comptar amb la participaci\u00f3 d\u2019una gran varietat d\u2019equips de la Comunitat Valenciana, per\u00f2 tamb\u00e9 van competir conjunts procedents d\u2019altres comunitats com Catalunya, Illes Can\u00e0ries, Castella-la Manxa, Madrid i fins i tot conjunts internacionals, arribats des de Jord\u00e0nia, Costa Rica, els Estats Units i \u00c0sia Oriental. A m\u00e9s de viure el millor futbol durant tot el cap de setmana, els equips participants van gaudir de diversos esdeveniments exclusius com una gran cerim\u00f2nia de benvinguda en l\u2019Estadio de la Cer\u00e1mica i un c\u00f2ctel exclusiu en el Restaurant Maya de Benic\u00e0ssim. El diumenge 2 de juliol tamb\u00e9 va tindre lloc el lliurament de trofeus als campions. Els campions per categories van ser els seg\u00fcents:","url":"","background_image":"","images":[],"videos":[],"links":[]}]},"excerpt":{"rendered":"Un total de 1.400 joves jugadors han gaudit del futbol en les instal\u00b7lacions esportives del Villarreal CF","protected":false},"author":25,"featured_media":272652,"comment_status":"closed","ping_status":"closed","sticky":false,"template":"","format":"standard","meta":{"_acf_changed":false,"footnotes":""},"categories":[13803],"tags":[9366,10325,717,9270,9227,716,9205,9627,9203,14738],"acf":null,"lang":"val","translations":{"es":272630,"val":272635,"en":272799},"essential_grid":{"has_grid":false},"formatted_date":"July 3, 2023","modified_date":"July 3, 2023","permalink":"https:\/\/villarrealcf.es\/val\/la-yellow-cup-summer-brilla-a-vila-real\/","reading_time":2,"featured_media_data":{"id":272652,"title":"yellowcupsummer","caption":"","alt_text":"","description":"","mime_type":"image\/jpeg","source_url":"https:\/\/villarrealcf.es\/wp-content\/uploads\/2023\/07\/yellowcupsummer.jpg","sizes":{"thumbnail":{"url":"https:\/\/villarrealcf.es\/wp-content\/uploads\/2023\/07\/yellowcupsummer-1920x1080.jpg","width":1920,"height":1080},"medium":{"url":"https:\/\/villarrealcf.es\/wp-content\/uploads\/2023\/07\/yellowcupsummer-1920x1080.jpg","width":1920,"height":1080},"medium_large":{"url":"https:\/\/villarrealcf.es\/wp-content\/uploads\/2023\/07\/yellowcupsummer-768x432.jpg","width":768,"height":432},"large":{"url":"https:\/\/villarrealcf.es\/wp-content\/uploads\/2023\/07\/yellowcupsummer-1920x1080.jpg","width":788,"height":443},"1536x1536":{"url":"https:\/\/villarrealcf.es\/wp-content\/uploads\/2023\/07\/yellowcupsummer-1536x864.jpg","width":1536,"height":864},"2048x2048":{"url":"https:\/\/villarrealcf.es\/wp-content\/uploads\/2023\/07\/yellowcupsummer.jpg","width":1920,"height":1080},"tp-image-grid":{"url":"https:\/\/villarrealcf.es\/wp-content\/uploads\/2023\/07\/yellowcupsummer-700x700.jpg","width":700,"height":700},"size-bunyad-medium":{"url":"https:\/\/villarrealcf.es\/wp-content\/uploads\/2023\/07\/yellowcupsummer-1920x1080.jpg","width":1920,"height":1080},"sportspress-crop-medium":{"url":"https:\/\/villarrealcf.es\/wp-content\/uploads\/2023\/07\/yellowcupsummer-300x300.jpg","width":300,"height":300},"sportspress-fit-medium":{"url":"https:\/\/villarrealcf.es\/wp-content\/uploads\/2023\/07\/yellowcupsummer-300x169.jpg","width":300,"height":169},"sportspress-fit-icon":{"url":"https:\/\/villarrealcf.es\/wp-content\/uploads\/2023\/07\/yellowcupsummer-128x72.jpg","width":128,"height":72},"sportspress-fit-mini":{"url":"https:\/\/villarrealcf.es\/wp-content\/uploads\/2023\/07\/yellowcupsummer-32x18.jpg","width":32,"height":18},"bunyad-small":{"url":"https:\/\/villarrealcf.es\/wp-content\/uploads\/2023\/07\/yellowcupsummer-150x84.jpg","width":150,"height":84},"bunyad-medium":{"url":"https:\/\/villarrealcf.es\/wp-content\/uploads\/2023\/07\/yellowcupsummer-450x253.jpg","width":450,"height":253},"bunyad-full":{"url":"https:\/\/villarrealcf.es\/wp-content\/uploads\/2023\/07\/yellowcupsummer-1200x675.jpg","width":1200,"height":675},"bunyad-viewport":{"url":"https:\/\/villarrealcf.es\/wp-content\/uploads\/2023\/07\/yellowcupsummer.jpg","width":1920,"height":1080},"bunyad-768":{"url":"https:\/\/villarrealcf.es\/wp-content\/uploads\/2023\/07\/yellowcupsummer-768x432.jpg","width":768,"height":432},"full":{"url":"https:\/\/villarrealcf.es\/wp-content\/uploads\/2023\/07\/yellowcupsummer.jpg","width":1920,"height":1080}}},"author_data":{"id":"25","name":"Javier Ayuso","first_name":"Javier","last_name":"Ayuso","description":"","avatar_url":"https:\/\/secure.gravatar.com\/avatar\/fcf8894be45988fcce5bbff0efe1790d2a7f4ba57e2c7c898f5068154e696495?s=96&d=mm&r=g","acf":null},"taxonomies_data":{"category":[{"id":13803,"name":"Futbol base","slug":"futbol-base-val-2","acf":null}],"post_tag":[{"id":9366,"name":"Cantera","slug":"cantera-val","acf":null},{"id":10325,"name":"Cantera Grogueta","slug":"cantera-grogueta-val","acf":null},{"id":717,"name":"Football","slug":"football-d34","acf":null},{"id":9270,"name":"Futbol","slug":"futbol-val","acf":null},{"id":9227,"name":"F\u00fatbol Base","slug":"futbol-base-val","acf":null},{"id":716,"name":"Soccer","slug":"soccer-d105","acf":null},{"id":9205,"name":"Submarino","slug":"submarino-val","acf":null},{"id":9627,"name":"Submarino Amarillo","slug":"submarino-amarillo-val","acf":null},{"id":9203,"name":"Villarreal CF","slug":"villarreal-cf-val","acf":null},{"id":14738,"name":"Yellow Cup Summer","slug":"yellow-cup-summer-2-val","acf":null}],"translation_priority":[{"id":735,"name":"Optional","slug":"optional-val","acf":null}]},"seo_full":{"native":{"title":"La Yellow Cup Summer brilla a Vila-real - Web Oficial del Villarreal CF","description":"Un total de 1.400 joves jugadors han gaudit del futbol en les instal\u00b7lacions esportives del Villarreal CF","canonical":"https:\/\/villarrealcf.es\/val\/la-yellow-cup-summer-brilla-a-vila-real\/"}},"_links":{"self":[{"href":"https:\/\/villarrealcf.es\/val\/wp-json\/wp\/v2\/posts\/272635","targetHints":{"allow":["GET"]}}],"collection":[{"href":"https:\/\/villarrealcf.es\/val\/wp-json\/wp\/v2\/posts"}],"about":[{"href":"https:\/\/villarrealcf.es\/val\/wp-json\/wp\/v2\/types\/post"}],"author":[{"embeddable":true,"href":"https:\/\/villarrealcf.es\/val\/wp-json\/wp\/v2\/users\/25"}],"replies":[{"embeddable":true,"href":"https:\/\/villarrealcf.es\/val\/wp-json\/wp\/v2\/comments?post=272635"}],"version-history":[{"count":0,"href":"https:\/\/villarrealcf.es\/val\/wp-json\/wp\/v2\/posts\/272635\/revisions"}],"wp:featuredmedia":[{"embeddable":true,"href":"https:\/\/villarrealcf.es\/val\/wp-json\/wp\/v2\/media\/272652"}],"wp:attachment":[{"href":"https:\/\/villarrealcf.es\/val\/wp-json\/wp\/v2\/media?parent=272635"}],"wp:term":[{"taxonomy":"category","embeddable":true,"href":"https:\/\/villarrealcf.es\/val\/wp-json\/wp\/v2\/categories?post=272635"},{"taxonomy":"post_tag","embeddable":true,"href":"https:\/\/villarrealcf.es\/val\/wp-json\/wp\/v2\/tags?post=272635"}],"curies":[{"name":"wp","href":"https:\/\/api.w.org\/{rel}","templated":true}]}}