{"id":272156,"date":"2023-06-27T11:00:26","date_gmt":"2023-06-27T09:00:26","guid":{"rendered":"https:\/\/villarrealcf.es\/\/x\/"},"modified":"2023-06-27T11:43:15","modified_gmt":"2023-06-27T09:43:15","slug":"denis-suarez-nou-jugador-del-villarreal","status":"publish","type":"post","link":"https:\/\/villarrealcf.es\/val\/denis-suarez-nou-jugador-del-villarreal\/","title":{"rendered":"Denis Su\u00e1rez, nou jugador del Villarreal"},"content":{"protected":false,"blocks":[{"type":"heading","level":2,"text":"El gallec, que signa per tres anys, torna al Submar\u00ed set temporades despr\u00e9s"},{"type":"paragraph","text":"El Villarreal CF ha aconseguit un acord amb el futbolista Denis Su\u00e1rez, que vestir\u00e0 l\u2019el\u00e0stica groga durant les pr\u00f2ximes tres temporades."},{"type":"paragraph","text":"El jugador de Pontevedra arribar\u00e0 a Villarreal el pr\u00f2xim 6 de juliol per a superar les proves m\u00e8diques i s\u2019exercitar\u00e0 sota els ordes de Quique Seti\u00e9n i al costat de la resta dels seus companys el 8 de juliol en el primer entrenament de la pretemporada que tindr\u00e0 lloc a la Ciutat Esportiva Jos\u00e9 Manuel Llaneza."},{"type":"paragraph","text":"Denis Su\u00e1rez: m\u00e9s talent per a la medul\u00b7lar groga"},{"type":"paragraph","text":"Denis Su\u00e1rez Fern\u00e1ndez (Salceda de Casals, Pontevedra, 6 de gener de 1994) \u00e9s un migcampista talent\u00f3s amb una gran capacitat t\u00e8cnica, visi\u00f3 de joc i un tret prec\u00eds que li converteixen en un futbolista molt complet. La polival\u00e8ncia, a m\u00e9s, \u00e9s una altra de les grans virtuts de Denis, que pot actuar en les dues bandes, com a interior o com a migcampista ofensiu."},{"type":"paragraph","text":"Amb la seua arribada al Villarreal el gallec viur\u00e0 la seua segona etapa com groguet. Denis Su\u00e1rez va vestir la samarreta del Submar\u00ed en la temporada 2015\/16, quan va jugar en qualitat de cedit procedent del Sevilla, i va deixar un gran record entre els aficionats grocs. Aquella campanya Denis va disputar un total de 48 partits, va anotar 5 gols, va repartir 13 assist\u00e8ncies i va ser una pe\u00e7a important perqu\u00e8 el Villarreal aconseguira les semifinals de l\u2019Europa League -en la qual va ser el m\u00e0xim assistent de la competici\u00f3- i el quart lloc en LaLiga."},{"type":"paragraph","text":"Als seus 29 anys Denis Su\u00e1rez ha defensat, a m\u00e9s del groguet, els colors del Manchester City, FC Barcelona, Sevilla FC, Arsenal, RC Celta de Vigo i RCD Espanyol."},{"type":"video","kind":"iframe","url":"https:\/\/www.youtube.com\/embed\/6sKe9aqeH88?feature=oembed","poster":""}],"structured":{"summary":{"text":"El gallec, que signa per tres anys, torna al Submar\u00ed set temporades despr\u00e9s El Villarreal CF ha aconseguit un acord amb el futbolista Denis Su\u00e1rez, que vestir\u00e0 l\u2019el\u00e0stica groga durant les pr\u00f2ximes tres temporades. El jugador de Pontevedra arribar\u00e0 a Villarreal el pr\u00f2xim 6 de juliol per a superar les proves m\u00e8diques i s\u2019exercitar\u00e0 sota els ordes de Quique Seti\u00e9n i al costat de la resta dels seus companys el 8 de juliol en el primer entrenament de la pretemporada que tindr\u00e0 lloc a la Ciutat Esportiva Jos\u00e9 Manuel Llaneza. Denis Su\u00e1rez: m\u00e9s talent per a la medul\u00b7lar groga Denis Su\u00e1rez Fern\u00e1ndez (Salceda de Casals, Pontevedra, 6 de gener de 1994) \u00e9s un migcampista talent\u00f3s amb una gran capacitat t\u00e8cnica, visi\u00f3 de joc i un tret prec\u00eds que li converteixen en un futbolista molt complet. La polival\u00e8ncia, a m\u00e9s, \u00e9s una altra de les grans virtuts de Denis, que pot actuar en les dues bandes, com a interior o com a migcampista ofensiu. Amb la seua arribada al Villarreal el gallec viur\u00e0 la seua segona etapa com groguet. Denis Su\u00e1rez va vestir la samarreta del Submar\u00ed en la temporada 2015\/16, quan va jugar en qualitat de cedit procedent del Sevilla, i va deixar un gran record entre els aficionats grocs. Aquella campanya Denis va disputar un total de 48 partits, va anotar 5 gols, va repartir 13 assist\u00e8ncies i va ser una pe\u00e7a important perqu\u00e8 el Villarreal aconseguira les semifinals de l\u2019Europa League -en la qual va ser el m\u00e0xim assistent de la competici\u00f3- i el quart lloc en LaLiga. Als seus 29 anys Denis Su\u00e1rez ha defensat, a m\u00e9s del groguet, els colors del Manchester City, FC Barcelona, Sevilla FC, Arsenal, RC Celta de Vigo i RCD Espanyol.","headings":[{"type":"heading","level":2,"text":"El gallec, que signa per tres anys, torna al Submar\u00ed set temporades despr\u00e9s"}],"buttons":[],"images":[],"counts":{"blocks":8,"headings":1,"texts":6,"buttons":0,"images":0}},"sections":[{"id":"section-1","title":"El gallec, que signa per tres anys, torna al Submar\u00ed set temporades despr\u00e9s","text":"El gallec, que signa per tres anys, torna al Submar\u00ed set temporades despr\u00e9s El Villarreal CF ha aconseguit un acord amb el futbolista Denis Su\u00e1rez, que vestir\u00e0 l\u2019el\u00e0stica groga durant les pr\u00f2ximes tres temporades. El jugador de Pontevedra arribar\u00e0 a Villarreal el pr\u00f2xim 6 de juliol per a superar les proves m\u00e8diques i s\u2019exercitar\u00e0 sota els ordes de Quique Seti\u00e9n i al costat de la resta dels seus companys el 8 de juliol en el primer entrenament de la pretemporada que tindr\u00e0 lloc a la Ciutat Esportiva Jos\u00e9 Manuel Llaneza. Denis Su\u00e1rez: m\u00e9s talent per a la medul\u00b7lar groga Denis Su\u00e1rez Fern\u00e1ndez (Salceda de Casals, Pontevedra, 6 de gener de 1994) \u00e9s un migcampista talent\u00f3s amb una gran capacitat t\u00e8cnica, visi\u00f3 de joc i un tret prec\u00eds que li converteixen en un futbolista molt complet. La polival\u00e8ncia, a m\u00e9s, \u00e9s una altra de les grans virtuts de Denis, que pot actuar en les dues bandes, com a interior o com a migcampista ofensiu. Amb la seua arribada al Villarreal el gallec viur\u00e0 la seua segona etapa com groguet. Denis Su\u00e1rez va vestir la samarreta del Submar\u00ed en la temporada 2015\/16, quan va jugar en qualitat de cedit procedent del Sevilla, i va deixar un gran record entre els aficionats grocs. Aquella campanya Denis va disputar un total de 48 partits, va anotar 5 gols, va repartir 13 assist\u00e8ncies i va ser una pe\u00e7a important perqu\u00e8 el Villarreal aconseguira les semifinals de l\u2019Europa League -en la qual va ser el m\u00e0xim assistent de la competici\u00f3- i el quart lloc en LaLiga. Als seus 29 anys Denis Su\u00e1rez ha defensat, a m\u00e9s del groguet, els colors del Manchester City, FC Barcelona, Sevilla FC, Arsenal, RC Celta de Vigo i RCD Espanyol.","headings":[{"type":"heading","level":2,"text":"El gallec, que signa per tres anys, torna al Submar\u00ed set temporades despr\u00e9s"}],"texts":[{"type":"paragraph","text":"El Villarreal CF ha aconseguit un acord amb el futbolista Denis Su\u00e1rez, que vestir\u00e0 l\u2019el\u00e0stica groga durant les pr\u00f2ximes tres temporades."},{"type":"paragraph","text":"El jugador de Pontevedra arribar\u00e0 a Villarreal el pr\u00f2xim 6 de juliol per a superar les proves m\u00e8diques i s\u2019exercitar\u00e0 sota els ordes de Quique Seti\u00e9n i al costat de la resta dels seus companys el 8 de juliol en el primer entrenament de la pretemporada que tindr\u00e0 lloc a la Ciutat Esportiva Jos\u00e9 Manuel Llaneza."},{"type":"paragraph","text":"Denis Su\u00e1rez: m\u00e9s talent per a la medul\u00b7lar groga"},{"type":"paragraph","text":"Denis Su\u00e1rez Fern\u00e1ndez (Salceda de Casals, Pontevedra, 6 de gener de 1994) \u00e9s un migcampista talent\u00f3s amb una gran capacitat t\u00e8cnica, visi\u00f3 de joc i un tret prec\u00eds que li converteixen en un futbolista molt complet. La polival\u00e8ncia, a m\u00e9s, \u00e9s una altra de les grans virtuts de Denis, que pot actuar en les dues bandes, com a interior o com a migcampista ofensiu."},{"type":"paragraph","text":"Amb la seua arribada al Villarreal el gallec viur\u00e0 la seua segona etapa com groguet. Denis Su\u00e1rez va vestir la samarreta del Submar\u00ed en la temporada 2015\/16, quan va jugar en qualitat de cedit procedent del Sevilla, i va deixar un gran record entre els aficionats grocs. Aquella campanya Denis va disputar un total de 48 partits, va anotar 5 gols, va repartir 13 assist\u00e8ncies i va ser una pe\u00e7a important perqu\u00e8 el Villarreal aconseguira les semifinals de l\u2019Europa League -en la qual va ser el m\u00e0xim assistent de la competici\u00f3- i el quart lloc en LaLiga."},{"type":"paragraph","text":"Als seus 29 anys Denis Su\u00e1rez ha defensat, a m\u00e9s del groguet, els colors del Manchester City, FC Barcelona, Sevilla FC, Arsenal, RC Celta de Vigo i RCD Espanyol."}],"buttons":[],"images":[],"widgets":[],"blocks":[{"type":"heading","level":2,"text":"El gallec, que signa per tres anys, torna al Submar\u00ed set temporades despr\u00e9s"},{"type":"paragraph","text":"El Villarreal CF ha aconseguit un acord amb el futbolista Denis Su\u00e1rez, que vestir\u00e0 l\u2019el\u00e0stica groga durant les pr\u00f2ximes tres temporades."},{"type":"paragraph","text":"El jugador de Pontevedra arribar\u00e0 a Villarreal el pr\u00f2xim 6 de juliol per a superar les proves m\u00e8diques i s\u2019exercitar\u00e0 sota els ordes de Quique Seti\u00e9n i al costat de la resta dels seus companys el 8 de juliol en el primer entrenament de la pretemporada que tindr\u00e0 lloc a la Ciutat Esportiva Jos\u00e9 Manuel Llaneza."},{"type":"paragraph","text":"Denis Su\u00e1rez: m\u00e9s talent per a la medul\u00b7lar groga"},{"type":"paragraph","text":"Denis Su\u00e1rez Fern\u00e1ndez (Salceda de Casals, Pontevedra, 6 de gener de 1994) \u00e9s un migcampista talent\u00f3s amb una gran capacitat t\u00e8cnica, visi\u00f3 de joc i un tret prec\u00eds que li converteixen en un futbolista molt complet. La polival\u00e8ncia, a m\u00e9s, \u00e9s una altra de les grans virtuts de Denis, que pot actuar en les dues bandes, com a interior o com a migcampista ofensiu."},{"type":"paragraph","text":"Amb la seua arribada al Villarreal el gallec viur\u00e0 la seua segona etapa com groguet. Denis Su\u00e1rez va vestir la samarreta del Submar\u00ed en la temporada 2015\/16, quan va jugar en qualitat de cedit procedent del Sevilla, i va deixar un gran record entre els aficionats grocs. Aquella campanya Denis va disputar un total de 48 partits, va anotar 5 gols, va repartir 13 assist\u00e8ncies i va ser una pe\u00e7a important perqu\u00e8 el Villarreal aconseguira les semifinals de l\u2019Europa League -en la qual va ser el m\u00e0xim assistent de la competici\u00f3- i el quart lloc en LaLiga."},{"type":"paragraph","text":"Als seus 29 anys Denis Su\u00e1rez ha defensat, a m\u00e9s del groguet, els colors del Manchester City, FC Barcelona, Sevilla FC, Arsenal, RC Celta de Vigo i RCD Espanyol."},{"type":"video","kind":"iframe","url":"https:\/\/www.youtube.com\/embed\/6sKe9aqeH88?feature=oembed","poster":""}]}],"hero":{"id":"section-1","title":"El gallec, que signa per tres anys, torna al Submar\u00ed set temporades despr\u00e9s","text":"El gallec, que signa per tres anys, torna al Submar\u00ed set temporades despr\u00e9s El Villarreal CF ha aconseguit un acord amb el futbolista Denis Su\u00e1rez, que vestir\u00e0 l\u2019el\u00e0stica groga durant les pr\u00f2ximes tres temporades. El jugador de Pontevedra arribar\u00e0 a Villarreal el pr\u00f2xim 6 de juliol per a superar les proves m\u00e8diques i s\u2019exercitar\u00e0 sota els ordes de Quique Seti\u00e9n i al costat de la resta dels seus companys el 8 de juliol en el primer entrenament de la pretemporada que tindr\u00e0 lloc a la Ciutat Esportiva Jos\u00e9 Manuel Llaneza. Denis Su\u00e1rez: m\u00e9s talent per a la medul\u00b7lar groga Denis Su\u00e1rez Fern\u00e1ndez (Salceda de Casals, Pontevedra, 6 de gener de 1994) \u00e9s un migcampista talent\u00f3s amb una gran capacitat t\u00e8cnica, visi\u00f3 de joc i un tret prec\u00eds que li converteixen en un futbolista molt complet. La polival\u00e8ncia, a m\u00e9s, \u00e9s una altra de les grans virtuts de Denis, que pot actuar en les dues bandes, com a interior o com a migcampista ofensiu. Amb la seua arribada al Villarreal el gallec viur\u00e0 la seua segona etapa com groguet. Denis Su\u00e1rez va vestir la samarreta del Submar\u00ed en la temporada 2015\/16, quan va jugar en qualitat de cedit procedent del Sevilla, i va deixar un gran record entre els aficionats grocs. Aquella campanya Denis va disputar un total de 48 partits, va anotar 5 gols, va repartir 13 assist\u00e8ncies i va ser una pe\u00e7a important perqu\u00e8 el Villarreal aconseguira les semifinals de l\u2019Europa League -en la qual va ser el m\u00e0xim assistent de la competici\u00f3- i el quart lloc en LaLiga. Als seus 29 anys Denis Su\u00e1rez ha defensat, a m\u00e9s del groguet, els colors del Manchester City, FC Barcelona, Sevilla FC, Arsenal, RC Celta de Vigo i RCD Espanyol.","headings":[{"type":"heading","level":2,"text":"El gallec, que signa per tres anys, torna al Submar\u00ed set temporades despr\u00e9s"}],"texts":[{"type":"paragraph","text":"El Villarreal CF ha aconseguit un acord amb el futbolista Denis Su\u00e1rez, que vestir\u00e0 l\u2019el\u00e0stica groga durant les pr\u00f2ximes tres temporades."},{"type":"paragraph","text":"El jugador de Pontevedra arribar\u00e0 a Villarreal el pr\u00f2xim 6 de juliol per a superar les proves m\u00e8diques i s\u2019exercitar\u00e0 sota els ordes de Quique Seti\u00e9n i al costat de la resta dels seus companys el 8 de juliol en el primer entrenament de la pretemporada que tindr\u00e0 lloc a la Ciutat Esportiva Jos\u00e9 Manuel Llaneza."},{"type":"paragraph","text":"Denis Su\u00e1rez: m\u00e9s talent per a la medul\u00b7lar groga"},{"type":"paragraph","text":"Denis Su\u00e1rez Fern\u00e1ndez (Salceda de Casals, Pontevedra, 6 de gener de 1994) \u00e9s un migcampista talent\u00f3s amb una gran capacitat t\u00e8cnica, visi\u00f3 de joc i un tret prec\u00eds que li converteixen en un futbolista molt complet. La polival\u00e8ncia, a m\u00e9s, \u00e9s una altra de les grans virtuts de Denis, que pot actuar en les dues bandes, com a interior o com a migcampista ofensiu."},{"type":"paragraph","text":"Amb la seua arribada al Villarreal el gallec viur\u00e0 la seua segona etapa com groguet. Denis Su\u00e1rez va vestir la samarreta del Submar\u00ed en la temporada 2015\/16, quan va jugar en qualitat de cedit procedent del Sevilla, i va deixar un gran record entre els aficionats grocs. Aquella campanya Denis va disputar un total de 48 partits, va anotar 5 gols, va repartir 13 assist\u00e8ncies i va ser una pe\u00e7a important perqu\u00e8 el Villarreal aconseguira les semifinals de l\u2019Europa League -en la qual va ser el m\u00e0xim assistent de la competici\u00f3- i el quart lloc en LaLiga."},{"type":"paragraph","text":"Als seus 29 anys Denis Su\u00e1rez ha defensat, a m\u00e9s del groguet, els colors del Manchester City, FC Barcelona, Sevilla FC, Arsenal, RC Celta de Vigo i RCD Espanyol."}],"buttons":[],"images":[],"widgets":[],"blocks":[{"type":"heading","level":2,"text":"El gallec, que signa per tres anys, torna al Submar\u00ed set temporades despr\u00e9s"},{"type":"paragraph","text":"El Villarreal CF ha aconseguit un acord amb el futbolista Denis Su\u00e1rez, que vestir\u00e0 l\u2019el\u00e0stica groga durant les pr\u00f2ximes tres temporades."},{"type":"paragraph","text":"El jugador de Pontevedra arribar\u00e0 a Villarreal el pr\u00f2xim 6 de juliol per a superar les proves m\u00e8diques i s\u2019exercitar\u00e0 sota els ordes de Quique Seti\u00e9n i al costat de la resta dels seus companys el 8 de juliol en el primer entrenament de la pretemporada que tindr\u00e0 lloc a la Ciutat Esportiva Jos\u00e9 Manuel Llaneza."},{"type":"paragraph","text":"Denis Su\u00e1rez: m\u00e9s talent per a la medul\u00b7lar groga"},{"type":"paragraph","text":"Denis Su\u00e1rez Fern\u00e1ndez (Salceda de Casals, Pontevedra, 6 de gener de 1994) \u00e9s un migcampista talent\u00f3s amb una gran capacitat t\u00e8cnica, visi\u00f3 de joc i un tret prec\u00eds que li converteixen en un futbolista molt complet. La polival\u00e8ncia, a m\u00e9s, \u00e9s una altra de les grans virtuts de Denis, que pot actuar en les dues bandes, com a interior o com a migcampista ofensiu."},{"type":"paragraph","text":"Amb la seua arribada al Villarreal el gallec viur\u00e0 la seua segona etapa com groguet. Denis Su\u00e1rez va vestir la samarreta del Submar\u00ed en la temporada 2015\/16, quan va jugar en qualitat de cedit procedent del Sevilla, i va deixar un gran record entre els aficionats grocs. Aquella campanya Denis va disputar un total de 48 partits, va anotar 5 gols, va repartir 13 assist\u00e8ncies i va ser una pe\u00e7a important perqu\u00e8 el Villarreal aconseguira les semifinals de l\u2019Europa League -en la qual va ser el m\u00e0xim assistent de la competici\u00f3- i el quart lloc en LaLiga."},{"type":"paragraph","text":"Als seus 29 anys Denis Su\u00e1rez ha defensat, a m\u00e9s del groguet, els colors del Manchester City, FC Barcelona, Sevilla FC, Arsenal, RC Celta de Vigo i RCD Espanyol."},{"type":"video","kind":"iframe","url":"https:\/\/www.youtube.com\/embed\/6sKe9aqeH88?feature=oembed","poster":""}]}},"sections":[{"id":"section-1","title":"El gallec, que signa per tres anys, torna al Submar\u00ed set temporades despr\u00e9s","text":"El gallec, que signa per tres anys, torna al Submar\u00ed set temporades despr\u00e9s El Villarreal CF ha aconseguit un acord amb el futbolista Denis Su\u00e1rez, que vestir\u00e0 l\u2019el\u00e0stica groga durant les pr\u00f2ximes tres temporades. El jugador de Pontevedra arribar\u00e0 a Villarreal el pr\u00f2xim 6 de juliol per a superar les proves m\u00e8diques i s\u2019exercitar\u00e0 sota els ordes de Quique Seti\u00e9n i al costat de la resta dels seus companys el 8 de juliol en el primer entrenament de la pretemporada que tindr\u00e0 lloc a la Ciutat Esportiva Jos\u00e9 Manuel Llaneza. Denis Su\u00e1rez: m\u00e9s talent per a la medul\u00b7lar groga Denis Su\u00e1rez Fern\u00e1ndez (Salceda de Casals, Pontevedra, 6 de gener de 1994) \u00e9s un migcampista talent\u00f3s amb una gran capacitat t\u00e8cnica, visi\u00f3 de joc i un tret prec\u00eds que li converteixen en un futbolista molt complet. La polival\u00e8ncia, a m\u00e9s, \u00e9s una altra de les grans virtuts de Denis, que pot actuar en les dues bandes, com a interior o com a migcampista ofensiu. Amb la seua arribada al Villarreal el gallec viur\u00e0 la seua segona etapa com groguet. Denis Su\u00e1rez va vestir la samarreta del Submar\u00ed en la temporada 2015\/16, quan va jugar en qualitat de cedit procedent del Sevilla, i va deixar un gran record entre els aficionats grocs. Aquella campanya Denis va disputar un total de 48 partits, va anotar 5 gols, va repartir 13 assist\u00e8ncies i va ser una pe\u00e7a important perqu\u00e8 el Villarreal aconseguira les semifinals de l\u2019Europa League -en la qual va ser el m\u00e0xim assistent de la competici\u00f3- i el quart lloc en LaLiga. Als seus 29 anys Denis Su\u00e1rez ha defensat, a m\u00e9s del groguet, els colors del Manchester City, FC Barcelona, Sevilla FC, Arsenal, RC Celta de Vigo i RCD Espanyol.","url":"","background_image":"","images":[],"videos":[{"type":"video","kind":"iframe","url":"https:\/\/www.youtube.com\/embed\/6sKe9aqeH88?feature=oembed","poster":""}],"links":[]}]},"excerpt":{"rendered":"El gallec, que signa per tres anys, torna al Submar\u00ed set temporades despr\u00e9s","protected":false},"author":33,"featured_media":272273,"comment_status":"closed","ping_status":"closed","sticky":false,"template":"","format":"standard","meta":{"_acf_changed":false,"footnotes":""},"categories":[13493],"tags":[10722,10059,717,9270,13427,716,9205,9627,9203],"acf":null,"lang":"val","translations":{"es":272150,"val":272156,"en":272158},"essential_grid":{"has_grid":false},"formatted_date":"June 27, 2023","modified_date":"June 27, 2023","permalink":"https:\/\/villarrealcf.es\/val\/denis-suarez-nou-jugador-del-villarreal\/","reading_time":2,"featured_media_data":{"id":272273,"title":"DENIS","caption":"","alt_text":"","description":"","mime_type":"image\/jpeg","source_url":"https:\/\/villarrealcf.es\/wp-content\/uploads\/2023\/06\/DENIS.jpg","sizes":{"thumbnail":{"url":"https:\/\/villarrealcf.es\/wp-content\/uploads\/2023\/06\/DENIS-1920x1080.jpg","width":1920,"height":1080},"medium":{"url":"https:\/\/villarrealcf.es\/wp-content\/uploads\/2023\/06\/DENIS-1920x1080.jpg","width":1920,"height":1080},"medium_large":{"url":"https:\/\/villarrealcf.es\/wp-content\/uploads\/2023\/06\/DENIS-768x432.jpg","width":768,"height":432},"large":{"url":"https:\/\/villarrealcf.es\/wp-content\/uploads\/2023\/06\/DENIS-1920x1080.jpg","width":788,"height":443},"1536x1536":{"url":"https:\/\/villarrealcf.es\/wp-content\/uploads\/2023\/06\/DENIS-1536x864.jpg","width":1536,"height":864},"2048x2048":{"url":"https:\/\/villarrealcf.es\/wp-content\/uploads\/2023\/06\/DENIS.jpg","width":1920,"height":1080},"tp-image-grid":{"url":"https:\/\/villarrealcf.es\/wp-content\/uploads\/2023\/06\/DENIS-700x700.jpg","width":700,"height":700},"size-bunyad-medium":{"url":"https:\/\/villarrealcf.es\/wp-content\/uploads\/2023\/06\/DENIS-1920x1080.jpg","width":1920,"height":1080},"sportspress-crop-medium":{"url":"https:\/\/villarrealcf.es\/wp-content\/uploads\/2023\/06\/DENIS-300x300.jpg","width":300,"height":300},"sportspress-fit-medium":{"url":"https:\/\/villarrealcf.es\/wp-content\/uploads\/2023\/06\/DENIS-300x169.jpg","width":300,"height":169},"sportspress-fit-icon":{"url":"https:\/\/villarrealcf.es\/wp-content\/uploads\/2023\/06\/DENIS-128x72.jpg","width":128,"height":72},"sportspress-fit-mini":{"url":"https:\/\/villarrealcf.es\/wp-content\/uploads\/2023\/06\/DENIS-32x18.jpg","width":32,"height":18},"bunyad-small":{"url":"https:\/\/villarrealcf.es\/wp-content\/uploads\/2023\/06\/DENIS-150x84.jpg","width":150,"height":84},"bunyad-medium":{"url":"https:\/\/villarrealcf.es\/wp-content\/uploads\/2023\/06\/DENIS-450x253.jpg","width":450,"height":253},"bunyad-full":{"url":"https:\/\/villarrealcf.es\/wp-content\/uploads\/2023\/06\/DENIS-1200x675.jpg","width":1200,"height":675},"bunyad-viewport":{"url":"https:\/\/villarrealcf.es\/wp-content\/uploads\/2023\/06\/DENIS.jpg","width":1920,"height":1080},"bunyad-768":{"url":"https:\/\/villarrealcf.es\/wp-content\/uploads\/2023\/06\/DENIS-768x432.jpg","width":768,"height":432},"full":{"url":"https:\/\/villarrealcf.es\/wp-content\/uploads\/2023\/06\/DENIS.jpg","width":1920,"height":1080}}},"author_data":{"id":"33","name":"Nacho Tejada","first_name":"Nacho","last_name":"Tejada","description":"","avatar_url":"https:\/\/secure.gravatar.com\/avatar\/b1580534b2fcd93e031504756165758941290488df5c88966a26f84344931fd1?s=96&d=mm&r=g","acf":null},"taxonomies_data":{"category":[{"id":13493,"name":"Primer equip","slug":"primer-equip","acf":null}],"post_tag":[{"id":10722,"name":"Denis Su\u00e1rez","slug":"denis-suarez-val","acf":null},{"id":10059,"name":"Fichaje","slug":"fichaje-val","acf":null},{"id":717,"name":"Football","slug":"football-d34","acf":null},{"id":9270,"name":"Futbol","slug":"futbol-val","acf":null},{"id":13427,"name":"Primer Equipo","slug":"primer-equipo-val","acf":null},{"id":716,"name":"Soccer","slug":"soccer-d105","acf":null},{"id":9205,"name":"Submarino","slug":"submarino-val","acf":null},{"id":9627,"name":"Submarino Amarillo","slug":"submarino-amarillo-val","acf":null},{"id":9203,"name":"Villarreal CF","slug":"villarreal-cf-val","acf":null}],"translation_priority":[{"id":735,"name":"Optional","slug":"optional-val","acf":null}]},"seo_full":{"native":{"title":"Denis Su\u00e1rez, nou jugador del Villarreal - Web Oficial del Villarreal CF","description":"El gallec, que signa per tres anys, torna al Submar\u00ed set temporades despr\u00e9s","canonical":"https:\/\/villarrealcf.es\/val\/denis-suarez-nou-jugador-del-villarreal\/"}},"_links":{"self":[{"href":"https:\/\/villarrealcf.es\/val\/wp-json\/wp\/v2\/posts\/272156","targetHints":{"allow":["GET"]}}],"collection":[{"href":"https:\/\/villarrealcf.es\/val\/wp-json\/wp\/v2\/posts"}],"about":[{"href":"https:\/\/villarrealcf.es\/val\/wp-json\/wp\/v2\/types\/post"}],"author":[{"embeddable":true,"href":"https:\/\/villarrealcf.es\/val\/wp-json\/wp\/v2\/users\/33"}],"replies":[{"embeddable":true,"href":"https:\/\/villarrealcf.es\/val\/wp-json\/wp\/v2\/comments?post=272156"}],"version-history":[{"count":0,"href":"https:\/\/villarrealcf.es\/val\/wp-json\/wp\/v2\/posts\/272156\/revisions"}],"wp:featuredmedia":[{"embeddable":true,"href":"https:\/\/villarrealcf.es\/val\/wp-json\/wp\/v2\/media\/272273"}],"wp:attachment":[{"href":"https:\/\/villarrealcf.es\/val\/wp-json\/wp\/v2\/media?parent=272156"}],"wp:term":[{"taxonomy":"category","embeddable":true,"href":"https:\/\/villarrealcf.es\/val\/wp-json\/wp\/v2\/categories?post=272156"},{"taxonomy":"post_tag","embeddable":true,"href":"https:\/\/villarrealcf.es\/val\/wp-json\/wp\/v2\/tags?post=272156"}],"curies":[{"name":"wp","href":"https:\/\/api.w.org\/{rel}","templated":true}]}}