{"id":271353,"date":"2023-06-19T13:22:56","date_gmt":"2023-06-19T11:22:56","guid":{"rendered":"https:\/\/villarrealcf.es\/\/las-fotos-de-la-celebracion-de-yeremy-con-la-seleccion\/"},"modified":"2023-06-19T18:00:28","modified_gmt":"2023-06-19T16:00:28","slug":"les-fotos-de-la-celebracio-de-yeremy-amb-la-seleccio","status":"publish","type":"post","link":"https:\/\/villarrealcf.es\/val\/les-fotos-de-la-celebracio-de-yeremy-amb-la-seleccio\/","title":{"rendered":"Les fotos de la celebraci\u00f3 de Yeremy amb la Selecci\u00f3"},"content":{"protected":false,"blocks":[{"type":"heading","widget":"heading","level":2,"text":"La Selecci\u00f3 Espanyola es va proclamar campiona en la UEFA Nations League despr\u00e9s de v\u00e9ncer en la final a Cro\u00e0cia"},{"type":"text","widget":"text-editor","text":"El davanter groc Yeremy Pino es va convertir en el cinqu\u00e9 jugador groguet a aconseguir un triomf ressenyable amb la Selecci\u00f3 Espanyola. Marcos Senna i Santi Cazorla van guanyar l\u2019Eurocopa 2008 al costat de Joan Capdevila, que tamb\u00e9 va al\u00e7ar el t\u00edtol de la Copa del M\u00f3n 2010. El \u2018Jugador Ins\u00edgnia\u2019 Pau Torres va guanyar la medalla de plata en els JJOO de T\u00f2quio (2021).","paragraphs":["El davanter groc Yeremy Pino es va convertir en el cinqu\u00e9 jugador groguet a aconseguir un triomf ressenyable amb la Selecci\u00f3 Espanyola. Marcos Senna i Santi Cazorla van guanyar l\u2019Eurocopa 2008 al costat de Joan Capdevila, que tamb\u00e9 va al\u00e7ar el t\u00edtol de la Copa del M\u00f3n 2010. El \u2018Jugador Ins\u00edgnia\u2019 Pau Torres va guanyar la medalla de plata en els JJOO de T\u00f2quio (2021)."]},{"type":"gallery","widget":"gallery","items":[{"url":"https:\/\/villarrealcf.es\/wp-content\/uploads\/2023\/06\/2023-06-18-Final-Nations-League-Croacia-Espana-00270-scaled-e1687186333818.jpg","title":"SELECCION DE ESPA\u00d1A 23 NATIONS LEAGUE 23 SELECCION DE CROACIA 23","thumbnail":"https:\/\/villarrealcf.es\/wp-content\/uploads\/2023\/06\/2023-06-18-Final-Nations-League-Croacia-Espana-00270-scaled-e1687186333818.jpg","width":1920,"height":1280},{"url":"https:\/\/villarrealcf.es\/wp-content\/uploads\/2023\/06\/2023-06-18-Final-Nations-League-Croacia-Espana-00436-scaled-e1687186369426.jpg","title":"SELECCION DE ESPA\u00d1A 23 NATIONS LEAGUE 23 SELECCION DE CROACIA 23","thumbnail":"https:\/\/villarrealcf.es\/wp-content\/uploads\/2023\/06\/2023-06-18-Final-Nations-League-Croacia-Espana-00436-scaled-e1687186369426.jpg","width":1920,"height":1280},{"url":"https:\/\/villarrealcf.es\/wp-content\/uploads\/2023\/06\/2023-06-18-Final-Nations-League-Croacia-Espana-00437-scaled-e1687186397921.jpg","title":"SELECCION DE ESPA\u00d1A 23 NATIONS LEAGUE 23 SELECCION DE CROACIA 23","thumbnail":"https:\/\/villarrealcf.es\/wp-content\/uploads\/2023\/06\/2023-06-18-Final-Nations-League-Croacia-Espana-00437-scaled-e1687186397921.jpg","width":1920,"height":1280},{"url":"https:\/\/villarrealcf.es\/wp-content\/uploads\/2023\/06\/2023-06-18-Vestuario-Celebracion-Final-Nations-League-Croacia-Espana-28-scaled-e1687186441541.jpg","title":"SELECCION DE ESPA\u00d1A 23 NATIONS LEAGUE 23 SELECCION DE CROACIA 23","thumbnail":"https:\/\/villarrealcf.es\/wp-content\/uploads\/2023\/06\/2023-06-18-Vestuario-Celebracion-Final-Nations-League-Croacia-Espana-28-scaled-e1687186441541.jpg","width":1920,"height":1325},{"url":"https:\/\/villarrealcf.es\/wp-content\/uploads\/2023\/06\/2023-06-18-Celebracion-final-Nations-League-Croacia-Espana-_11-scaled-e1687186482903.jpg","title":"2023-06-18 Celebracion final Nations League Croacia Espa\u00f1a _11","thumbnail":"https:\/\/villarrealcf.es\/wp-content\/uploads\/2023\/06\/2023-06-18-Celebracion-final-Nations-League-Croacia-Espana-_11-scaled-e1687186482903.jpg","width":1920,"height":2442},{"url":"https:\/\/villarrealcf.es\/wp-content\/uploads\/2023\/06\/2023-06-18-Final-Nations-League-Croacia-Espana-00017-scaled-e1687186509168.jpg","title":"SELECCION DE ESPA\u00d1A 23 NATIONS LEAGUE 23 SELECCION DE CROACIA 23","thumbnail":"https:\/\/villarrealcf.es\/wp-content\/uploads\/2023\/06\/2023-06-18-Final-Nations-League-Croacia-Espana-00017-scaled-e1687186509168.jpg","width":1920,"height":1280},{"url":"https:\/\/villarrealcf.es\/wp-content\/uploads\/2023\/06\/2023-06-18-Final-Nations-League-Croacia-Espana-00081-scaled-e1687186573589.jpg","title":"SELECCION DE ESPA\u00d1A 23 NATIONS LEAGUE 23 SELECCION DE CROACIA 23","thumbnail":"https:\/\/villarrealcf.es\/wp-content\/uploads\/2023\/06\/2023-06-18-Final-Nations-League-Croacia-Espana-00081-scaled-e1687186573589.jpg","width":1920,"height":1280}]}],"structured":{"summary":{"text":"La Selecci\u00f3 Espanyola es va proclamar campiona en la UEFA Nations League despr\u00e9s de v\u00e9ncer en la final a Cro\u00e0cia El davanter groc Yeremy Pino es va convertir en el cinqu\u00e9 jugador groguet a aconseguir un triomf ressenyable amb la Selecci\u00f3 Espanyola. Marcos Senna i Santi Cazorla van guanyar l\u2019Eurocopa 2008 al costat de Joan Capdevila, que tamb\u00e9 va al\u00e7ar el t\u00edtol de la Copa del M\u00f3n 2010. El \u2018Jugador Ins\u00edgnia\u2019 Pau Torres va guanyar la medalla de plata en els JJOO de T\u00f2quio (2021).","headings":[{"type":"heading","widget":"heading","level":2,"text":"La Selecci\u00f3 Espanyola es va proclamar campiona en la UEFA Nations League despr\u00e9s de v\u00e9ncer en la final a Cro\u00e0cia"}],"buttons":[],"images":[],"counts":{"blocks":3,"headings":1,"texts":1,"buttons":0,"images":0},"containers":3},"sections":[{"id":"a8fcd9e","type":"container","classes":["has-el-gap","el-gap-default","elementor-section","elementor-top-section","elementor-element","elementor-element-a8fcd9e","elementor-section-boxed","elementor-section-height-default"],"title":"La Selecci\u00f3 Espanyola es va proclamar campiona en la UEFA Nations League despr\u00e9s de v\u00e9ncer en la final a Cro\u00e0cia","text":"La Selecci\u00f3 Espanyola es va proclamar campiona en la UEFA Nations League despr\u00e9s de v\u00e9ncer en la final a Cro\u00e0cia","headings":[{"type":"heading","widget":"heading","level":2,"text":"La Selecci\u00f3 Espanyola es va proclamar campiona en la UEFA Nations League despr\u00e9s de v\u00e9ncer en la final a Cro\u00e0cia"}],"texts":[],"buttons":[],"images":[],"widgets":["heading"],"blocks":[{"type":"heading","widget":"heading","level":2,"text":"La Selecci\u00f3 Espanyola es va proclamar campiona en la UEFA Nations League despr\u00e9s de v\u00e9ncer en la final a Cro\u00e0cia"}],"children":[]},{"id":"4b49466","type":"container","classes":["has-el-gap","el-gap-default","elementor-section","elementor-top-section","elementor-element","elementor-element-4b49466","elementor-section-boxed","elementor-section-height-default"],"title":"","text":"El davanter groc Yeremy Pino es va convertir en el cinqu\u00e9 jugador groguet a aconseguir un triomf ressenyable amb la Selecci\u00f3 Espanyola. Marcos Senna i Santi Cazorla van guanyar l\u2019Eurocopa 2008 al costat de Joan Capdevila, que tamb\u00e9 va al\u00e7ar el t\u00edtol de la Copa del M\u00f3n 2010. El \u2018Jugador Ins\u00edgnia\u2019 Pau Torres va guanyar la medalla de plata en els JJOO de T\u00f2quio (2021).","headings":[],"texts":[{"type":"text","widget":"text-editor","text":"El davanter groc Yeremy Pino es va convertir en el cinqu\u00e9 jugador groguet a aconseguir un triomf ressenyable amb la Selecci\u00f3 Espanyola. Marcos Senna i Santi Cazorla van guanyar l\u2019Eurocopa 2008 al costat de Joan Capdevila, que tamb\u00e9 va al\u00e7ar el t\u00edtol de la Copa del M\u00f3n 2010. El \u2018Jugador Ins\u00edgnia\u2019 Pau Torres va guanyar la medalla de plata en els JJOO de T\u00f2quio (2021).","paragraphs":["El davanter groc Yeremy Pino es va convertir en el cinqu\u00e9 jugador groguet a aconseguir un triomf ressenyable amb la Selecci\u00f3 Espanyola. Marcos Senna i Santi Cazorla van guanyar l\u2019Eurocopa 2008 al costat de Joan Capdevila, que tamb\u00e9 va al\u00e7ar el t\u00edtol de la Copa del M\u00f3n 2010. El \u2018Jugador Ins\u00edgnia\u2019 Pau Torres va guanyar la medalla de plata en els JJOO de T\u00f2quio (2021)."]}],"buttons":[],"images":[],"widgets":["text-editor"],"blocks":[{"type":"text","widget":"text-editor","text":"El davanter groc Yeremy Pino es va convertir en el cinqu\u00e9 jugador groguet a aconseguir un triomf ressenyable amb la Selecci\u00f3 Espanyola. Marcos Senna i Santi Cazorla van guanyar l\u2019Eurocopa 2008 al costat de Joan Capdevila, que tamb\u00e9 va al\u00e7ar el t\u00edtol de la Copa del M\u00f3n 2010. El \u2018Jugador Ins\u00edgnia\u2019 Pau Torres va guanyar la medalla de plata en els JJOO de T\u00f2quio (2021).","paragraphs":["El davanter groc Yeremy Pino es va convertir en el cinqu\u00e9 jugador groguet a aconseguir un triomf ressenyable amb la Selecci\u00f3 Espanyola. Marcos Senna i Santi Cazorla van guanyar l\u2019Eurocopa 2008 al costat de Joan Capdevila, que tamb\u00e9 va al\u00e7ar el t\u00edtol de la Copa del M\u00f3n 2010. El \u2018Jugador Ins\u00edgnia\u2019 Pau Torres va guanyar la medalla de plata en els JJOO de T\u00f2quio (2021)."]}],"children":[]},{"id":"3b05687","type":"container","classes":["has-el-gap","el-gap-default","elementor-section","elementor-top-section","elementor-element","elementor-element-3b05687","elementor-section-boxed","elementor-section-height-default"],"title":"","text":"","headings":[],"texts":[],"buttons":[],"images":[],"widgets":["gallery"],"blocks":[{"type":"gallery","widget":"gallery","items":[{"url":"https:\/\/villarrealcf.es\/wp-content\/uploads\/2023\/06\/2023-06-18-Final-Nations-League-Croacia-Espana-00270-scaled-e1687186333818.jpg","title":"SELECCION DE ESPA\u00d1A 23 NATIONS LEAGUE 23 SELECCION DE CROACIA 23","thumbnail":"https:\/\/villarrealcf.es\/wp-content\/uploads\/2023\/06\/2023-06-18-Final-Nations-League-Croacia-Espana-00270-scaled-e1687186333818.jpg","width":1920,"height":1280},{"url":"https:\/\/villarrealcf.es\/wp-content\/uploads\/2023\/06\/2023-06-18-Final-Nations-League-Croacia-Espana-00436-scaled-e1687186369426.jpg","title":"SELECCION DE ESPA\u00d1A 23 NATIONS LEAGUE 23 SELECCION DE CROACIA 23","thumbnail":"https:\/\/villarrealcf.es\/wp-content\/uploads\/2023\/06\/2023-06-18-Final-Nations-League-Croacia-Espana-00436-scaled-e1687186369426.jpg","width":1920,"height":1280},{"url":"https:\/\/villarrealcf.es\/wp-content\/uploads\/2023\/06\/2023-06-18-Final-Nations-League-Croacia-Espana-00437-scaled-e1687186397921.jpg","title":"SELECCION DE ESPA\u00d1A 23 NATIONS LEAGUE 23 SELECCION DE CROACIA 23","thumbnail":"https:\/\/villarrealcf.es\/wp-content\/uploads\/2023\/06\/2023-06-18-Final-Nations-League-Croacia-Espana-00437-scaled-e1687186397921.jpg","width":1920,"height":1280},{"url":"https:\/\/villarrealcf.es\/wp-content\/uploads\/2023\/06\/2023-06-18-Vestuario-Celebracion-Final-Nations-League-Croacia-Espana-28-scaled-e1687186441541.jpg","title":"SELECCION DE ESPA\u00d1A 23 NATIONS LEAGUE 23 SELECCION DE CROACIA 23","thumbnail":"https:\/\/villarrealcf.es\/wp-content\/uploads\/2023\/06\/2023-06-18-Vestuario-Celebracion-Final-Nations-League-Croacia-Espana-28-scaled-e1687186441541.jpg","width":1920,"height":1325},{"url":"https:\/\/villarrealcf.es\/wp-content\/uploads\/2023\/06\/2023-06-18-Celebracion-final-Nations-League-Croacia-Espana-_11-scaled-e1687186482903.jpg","title":"2023-06-18 Celebracion final Nations League Croacia Espa\u00f1a _11","thumbnail":"https:\/\/villarrealcf.es\/wp-content\/uploads\/2023\/06\/2023-06-18-Celebracion-final-Nations-League-Croacia-Espana-_11-scaled-e1687186482903.jpg","width":1920,"height":2442},{"url":"https:\/\/villarrealcf.es\/wp-content\/uploads\/2023\/06\/2023-06-18-Final-Nations-League-Croacia-Espana-00017-scaled-e1687186509168.jpg","title":"SELECCION DE ESPA\u00d1A 23 NATIONS LEAGUE 23 SELECCION DE CROACIA 23","thumbnail":"https:\/\/villarrealcf.es\/wp-content\/uploads\/2023\/06\/2023-06-18-Final-Nations-League-Croacia-Espana-00017-scaled-e1687186509168.jpg","width":1920,"height":1280},{"url":"https:\/\/villarrealcf.es\/wp-content\/uploads\/2023\/06\/2023-06-18-Final-Nations-League-Croacia-Espana-00081-scaled-e1687186573589.jpg","title":"SELECCION DE ESPA\u00d1A 23 NATIONS LEAGUE 23 SELECCION DE CROACIA 23","thumbnail":"https:\/\/villarrealcf.es\/wp-content\/uploads\/2023\/06\/2023-06-18-Final-Nations-League-Croacia-Espana-00081-scaled-e1687186573589.jpg","width":1920,"height":1280}]}],"children":[]}],"hero":{"id":"a8fcd9e","type":"container","classes":["has-el-gap","el-gap-default","elementor-section","elementor-top-section","elementor-element","elementor-element-a8fcd9e","elementor-section-boxed","elementor-section-height-default"],"title":"La Selecci\u00f3 Espanyola es va proclamar campiona en la UEFA Nations League despr\u00e9s de v\u00e9ncer en la final a Cro\u00e0cia","text":"La Selecci\u00f3 Espanyola es va proclamar campiona en la UEFA Nations League despr\u00e9s de v\u00e9ncer en la final a Cro\u00e0cia","headings":[{"type":"heading","widget":"heading","level":2,"text":"La Selecci\u00f3 Espanyola es va proclamar campiona en la UEFA Nations League despr\u00e9s de v\u00e9ncer en la final a Cro\u00e0cia"}],"texts":[],"buttons":[],"images":[],"widgets":["heading"],"blocks":[{"type":"heading","widget":"heading","level":2,"text":"La Selecci\u00f3 Espanyola es va proclamar campiona en la UEFA Nations League despr\u00e9s de v\u00e9ncer en la final a Cro\u00e0cia"}],"children":[]}},"sections":[{"id":"a8fcd9e","title":"La Selecci\u00f3 Espanyola es va proclamar campiona en la UEFA Nations League despr\u00e9s de v\u00e9ncer en la final a Cro\u00e0cia","text":"La Selecci\u00f3 Espanyola es va proclamar campiona en la UEFA Nations League despr\u00e9s de v\u00e9ncer en la final a Cro\u00e0cia","url":"","background_image":"","images":[],"videos":[],"links":[]},{"id":"4b49466","title":"El davanter groc Yeremy Pino es va convertir en el cinqu\u00e9 jugador groguet a aconseguir un triomf ressenyable amb la Selecci\u00f3 Espanyola. Marcos Senna i Santi Cazorla van guanyar l\u2019Eurocopa 2008 al costat de Joan Capdevila, que tamb\u00e9 va al\u00e7ar el t\u00edtol de la Copa del M\u00f3n 2010. El \u2018Jugador Ins\u00edgnia\u2019 Pau Torres va guanyar la medalla de plata en els JJOO de T\u00f2quio (2021).","text":"El davanter groc Yeremy Pino es va convertir en el cinqu\u00e9 jugador groguet a aconseguir un triomf ressenyable amb la Selecci\u00f3 Espanyola. Marcos Senna i Santi Cazorla van guanyar l\u2019Eurocopa 2008 al costat de Joan Capdevila, que tamb\u00e9 va al\u00e7ar el t\u00edtol de la Copa del M\u00f3n 2010. El \u2018Jugador Ins\u00edgnia\u2019 Pau Torres va guanyar la medalla de plata en els JJOO de T\u00f2quio (2021).","url":"","background_image":"","images":[],"videos":[],"links":[]},{"id":"3b05687","title":"","text":"","url":"https:\/\/villarrealcf.es\/wp-content\/uploads\/2023\/06\/2023-06-18-Final-Nations-League-Croacia-Espana-00270-scaled-e1687186333818.jpg","background_image":"","images":[],"videos":[],"links":[{"url":"https:\/\/villarrealcf.es\/wp-content\/uploads\/2023\/06\/2023-06-18-Final-Nations-League-Croacia-Espana-00270-scaled-e1687186333818.jpg","text":"","target":""},{"url":"https:\/\/villarrealcf.es\/wp-content\/uploads\/2023\/06\/2023-06-18-Final-Nations-League-Croacia-Espana-00436-scaled-e1687186369426.jpg","text":"","target":""},{"url":"https:\/\/villarrealcf.es\/wp-content\/uploads\/2023\/06\/2023-06-18-Final-Nations-League-Croacia-Espana-00437-scaled-e1687186397921.jpg","text":"","target":""},{"url":"https:\/\/villarrealcf.es\/wp-content\/uploads\/2023\/06\/2023-06-18-Vestuario-Celebracion-Final-Nations-League-Croacia-Espana-28-scaled-e1687186441541.jpg","text":"","target":""},{"url":"https:\/\/villarrealcf.es\/wp-content\/uploads\/2023\/06\/2023-06-18-Celebracion-final-Nations-League-Croacia-Espana-_11-scaled-e1687186482903.jpg","text":"","target":""},{"url":"https:\/\/villarrealcf.es\/wp-content\/uploads\/2023\/06\/2023-06-18-Final-Nations-League-Croacia-Espana-00017-scaled-e1687186509168.jpg","text":"","target":""},{"url":"https:\/\/villarrealcf.es\/wp-content\/uploads\/2023\/06\/2023-06-18-Final-Nations-League-Croacia-Espana-00081-scaled-e1687186573589.jpg","text":"","target":""}]}]},"excerpt":{"rendered":"La Selecci\u00f3 Espanyola es va proclamar campiona en la UEFA Nations League despr\u00e9s de v\u00e9ncer en la final a Cro\u00e0cia","protected":false},"author":25,"featured_media":271344,"comment_status":"closed","ping_status":"closed","sticky":false,"template":"","format":"standard","meta":{"_acf_changed":false,"footnotes":""},"categories":[13493],"tags":[717,9270,13411,9657,13427,9380,9571,716,9205,9627,9203,14577],"acf":null,"lang":"val","translations":{"es":271297,"val":271353,"en":272686},"essential_grid":{"has_grid":false},"formatted_date":"June 19, 2023","modified_date":"June 19, 2023","permalink":"https:\/\/villarrealcf.es\/val\/les-fotos-de-la-celebracio-de-yeremy-amb-la-seleccio\/","reading_time":1,"featured_media_data":{"id":271344,"title":"","caption":"","alt_text":"","description":"","mime_type":"image\/jpeg","source_url":"https:\/\/villarrealcf.es\/wp-content\/uploads\/2023\/06\/yere.jpg","sizes":{"thumbnail":{"url":"https:\/\/villarrealcf.es\/wp-content\/uploads\/2023\/06\/yere-1920x1080.jpg","width":1920,"height":1080},"medium":{"url":"https:\/\/villarrealcf.es\/wp-content\/uploads\/2023\/06\/yere-1920x1080.jpg","width":1920,"height":1080},"medium_large":{"url":"https:\/\/villarrealcf.es\/wp-content\/uploads\/2023\/06\/yere-768x432.jpg","width":768,"height":432},"large":{"url":"https:\/\/villarrealcf.es\/wp-content\/uploads\/2023\/06\/yere-1920x1080.jpg","width":788,"height":443},"1536x1536":{"url":"https:\/\/villarrealcf.es\/wp-content\/uploads\/2023\/06\/yere-1536x864.jpg","width":1536,"height":864},"2048x2048":{"url":"https:\/\/villarrealcf.es\/wp-content\/uploads\/2023\/06\/yere.jpg","width":1920,"height":1080},"tp-image-grid":{"url":"https:\/\/villarrealcf.es\/wp-content\/uploads\/2023\/06\/yere-700x700.jpg","width":700,"height":700},"size-bunyad-medium":{"url":"https:\/\/villarrealcf.es\/wp-content\/uploads\/2023\/06\/yere-1920x1080.jpg","width":1920,"height":1080},"sportspress-crop-medium":{"url":"https:\/\/villarrealcf.es\/wp-content\/uploads\/2023\/06\/yere-300x300.jpg","width":300,"height":300},"sportspress-fit-medium":{"url":"https:\/\/villarrealcf.es\/wp-content\/uploads\/2023\/06\/yere-300x169.jpg","width":300,"height":169},"sportspress-fit-icon":{"url":"https:\/\/villarrealcf.es\/wp-content\/uploads\/2023\/06\/yere-128x72.jpg","width":128,"height":72},"sportspress-fit-mini":{"url":"https:\/\/villarrealcf.es\/wp-content\/uploads\/2023\/06\/yere-32x18.jpg","width":32,"height":18},"bunyad-small":{"url":"https:\/\/villarrealcf.es\/wp-content\/uploads\/2023\/06\/yere-150x84.jpg","width":150,"height":84},"bunyad-medium":{"url":"https:\/\/villarrealcf.es\/wp-content\/uploads\/2023\/06\/yere-450x253.jpg","width":450,"height":253},"bunyad-full":{"url":"https:\/\/villarrealcf.es\/wp-content\/uploads\/2023\/06\/yere-1200x675.jpg","width":1200,"height":675},"bunyad-viewport":{"url":"https:\/\/villarrealcf.es\/wp-content\/uploads\/2023\/06\/yere.jpg","width":1920,"height":1080},"bunyad-768":{"url":"https:\/\/villarrealcf.es\/wp-content\/uploads\/2023\/06\/yere-768x432.jpg","width":768,"height":432},"full":{"url":"https:\/\/villarrealcf.es\/wp-content\/uploads\/2023\/06\/yere.jpg","width":1920,"height":1080}}},"author_data":{"id":"25","name":"Javier Ayuso","first_name":"Javier","last_name":"Ayuso","description":"","avatar_url":"https:\/\/secure.gravatar.com\/avatar\/fcf8894be45988fcce5bbff0efe1790d2a7f4ba57e2c7c898f5068154e696495?s=96&d=mm&r=g","acf":null},"taxonomies_data":{"category":[{"id":13493,"name":"Primer equip","slug":"primer-equip","acf":null}],"post_tag":[{"id":717,"name":"Football","slug":"football-d34","acf":null},{"id":9270,"name":"Futbol","slug":"futbol-val","acf":null},{"id":13411,"name":"Galer\u00eda Primer Equipo","slug":"galeria-primer-equipo-val","acf":null},{"id":9657,"name":"Internacionales","slug":"internacionales-val","acf":null},{"id":13427,"name":"Primer Equipo","slug":"primer-equipo-val","acf":null},{"id":9380,"name":"Selecci\u00f3n Espa\u00f1ola","slug":"seleccion-espanola-val","acf":null},{"id":9571,"name":"Selecciones","slug":"selecciones-val","acf":null},{"id":716,"name":"Soccer","slug":"soccer-d105","acf":null},{"id":9205,"name":"Submarino","slug":"submarino-val","acf":null},{"id":9627,"name":"Submarino Amarillo","slug":"submarino-amarillo-val","acf":null},{"id":9203,"name":"Villarreal CF","slug":"villarreal-cf-val","acf":null},{"id":14577,"name":"Yeremy","slug":"yeremy-val","acf":null}],"translation_priority":[{"id":735,"name":"Optional","slug":"optional-val","acf":null}]},"seo_full":{"native":{"title":"Les fotos de la celebraci\u00f3 de Yeremy amb la Selecci\u00f3 - Web Oficial del Villarreal CF","description":"La Selecci\u00f3 Espanyola es va proclamar campiona en la UEFA Nations League despr\u00e9s de v\u00e9ncer en la final a Cro\u00e0cia","canonical":"https:\/\/villarrealcf.es\/val\/les-fotos-de-la-celebracio-de-yeremy-amb-la-seleccio\/"}},"_links":{"self":[{"href":"https:\/\/villarrealcf.es\/val\/wp-json\/wp\/v2\/posts\/271353","targetHints":{"allow":["GET"]}}],"collection":[{"href":"https:\/\/villarrealcf.es\/val\/wp-json\/wp\/v2\/posts"}],"about":[{"href":"https:\/\/villarrealcf.es\/val\/wp-json\/wp\/v2\/types\/post"}],"author":[{"embeddable":true,"href":"https:\/\/villarrealcf.es\/val\/wp-json\/wp\/v2\/users\/25"}],"replies":[{"embeddable":true,"href":"https:\/\/villarrealcf.es\/val\/wp-json\/wp\/v2\/comments?post=271353"}],"version-history":[{"count":0,"href":"https:\/\/villarrealcf.es\/val\/wp-json\/wp\/v2\/posts\/271353\/revisions"}],"wp:featuredmedia":[{"embeddable":true,"href":"https:\/\/villarrealcf.es\/val\/wp-json\/wp\/v2\/media\/271344"}],"wp:attachment":[{"href":"https:\/\/villarrealcf.es\/val\/wp-json\/wp\/v2\/media?parent=271353"}],"wp:term":[{"taxonomy":"category","embeddable":true,"href":"https:\/\/villarrealcf.es\/val\/wp-json\/wp\/v2\/categories?post=271353"},{"taxonomy":"post_tag","embeddable":true,"href":"https:\/\/villarrealcf.es\/val\/wp-json\/wp\/v2\/tags?post=271353"}],"curies":[{"name":"wp","href":"https:\/\/api.w.org\/{rel}","templated":true}]}}