{"id":269673,"date":"2023-06-08T12:23:24","date_gmt":"2023-06-08T10:23:24","guid":{"rendered":"https:\/\/villarrealcf.es\/\/ultimos-dias-para-inscribirse-a-la-cursa-solidaria-celtic-submari\/"},"modified":"2023-06-08T13:01:41","modified_gmt":"2023-06-08T11:01:41","slug":"ultims-dies-per-a-inscriures-a-la-cursa-solidaria-celtic-submari","status":"publish","type":"post","link":"https:\/\/villarrealcf.es\/val\/ultims-dies-per-a-inscriures-a-la-cursa-solidaria-celtic-submari\/","title":{"rendered":"\u00daltims dies per a inscriure&#8217;s a la Cursa Solid\u00e0ria Celtic Submar\u00ed!"},"content":{"protected":false,"blocks":[{"type":"heading","level":2,"text":"La prova \u00e9s un dels atractius de la Festa de l\u2019Afici\u00f3, que se celebra el 24 de juny en l\u2019Estadio de la Cer\u00e1mica"},{"type":"paragraph","text":"Comen\u00e7a el compte arrere per a la Festa de l\u2019Afici\u00f3, que se celebrar\u00e0 el pr\u00f2xim 24 de juny, a partir de les 18.00 hores, en l\u2019Estadio de la Cer\u00e1mica. L\u2019esdeveniment, que forma part del calendari d\u2019actes de celebraci\u00f3 del Centenari Groguet, consistir\u00e0 en una impressionant jornada festiva d\u2019acc\u00e9s lliure i gratu\u00eft amb car\u00e0cter solidari, per al gaudi de la gent groga."},{"type":"paragraph","text":"La festa comptar\u00e0 amb jocs i activitats, aix\u00ed com amb m\u00fasica en viu i en directe. S\u2019instal\u00b7lar\u00e0 un escenari sobre el rectangle de joc de l\u2019Estadio de la Cer\u00e1mica i grups musicals locals com La Aldea (guanyador de Groc Talent 2023), Los Dalton, Bad Way, Enfields o Vicente A\u00f1\u00f3 amenitzaran aquest fant\u00e0stic esdeveniment, que comptar\u00e0 amb llocs de menjar i beguda, la recaptaci\u00f3 de la qual anir\u00e0 destinada a ASPANION Ni\u00f1os con c\u00e1ncer."},{"type":"paragraph","text":"Com a colof\u00f3, aqueix dissabte tamb\u00e9 se celebrar\u00e0 el Dia del Simpatitzant. Els simpatitzants groguets menjaran abans de la festa en l\u2019Estadio de la Cer\u00e1mica i gaudiran d\u2019una visita guiada pels racons m\u00e9s exclusius del remodelat camp del Villarreal. Posteriorment, se sumaran a la gran Festa de l\u2019Afici\u00f3 i el transcurs de la Cursa Solid\u00e0ria Celtic Submar\u00ed."},{"type":"paragraph","text":"Una prova solid\u00e0ria i 100% grogueta"},{"type":"paragraph","text":"El dissabte 24 de juny tamb\u00e9 se celebrar\u00e0 la X Cursa Solid\u00e0ria Celtic Submar\u00ed. Una carrera popular, que enguany com a gran novetat partir\u00e0 des de la pla\u00e7a de l\u2019Estadio de la Cer\u00e1mica i la l\u00ednia de meta de la qual es reubicar\u00e0 sobre el verd del camp groc."},{"type":"paragraph","text":"La prova, organitzada per la penya Celtic Submar\u00ed en col\u00b7laboraci\u00f3 amb el club, compta amb un esperit plenament solidari. La recaptaci\u00f3 de fons anir\u00e0 destinada en benefici de l\u2019associaci\u00f3 valenciana ASPANION Ni\u00f1os con C\u00e1ncer."},{"type":"paragraph","text":"El certamen forma part del Circuit de Carreras Populars de Vila-real. Comen\u00e7ar\u00e0 a les 20.00 hores i la dist\u00e0ncia recorreguda \u00e9s de 6km. Els seguidors poden inscriure\u2019s fins al 18 de juny en solitari o per parelles. El preu per participant \u00e9s de 7 euros."},{"type":"paragraph","text":"A continuaci\u00f3, pots completar la inscripci\u00f3 a la prova de manera en l\u00ednia o consultar el reglament:"},{"type":"link","url":"https:\/\/www.hj-crono.es\/eventos\/6k-cursa-per-parelles-celtic-submari","text":"INSCRIPCI\u00d3 ONLINE","target":"_blank"},{"type":"link","url":"https:\/\/villarrealcf.es\/\/wp-content\/uploads\/2023\/04\/X-Cursa-Celtic-Submari_Reglamento-carrera.pdf","text":"REGLAMENT","target":"_blank"},{"type":"paragraph","text":"Fira del corredor"},{"type":"paragraph","text":"El lliurament de dorsals i la borsa del corredor es realitzar\u00e0 el 23 de juny de 18.30 a 20.30 hores en la seu de la Penya Celtic Submar\u00ed (Avinguda Fran\u00e7a, 42 de Vila-real) i el mateix dia de la prova de 18.00 a 19.30 hores en la pla\u00e7a de l\u2019Estadio de la Cer\u00e1mica."}],"structured":{"summary":{"text":"La prova \u00e9s un dels atractius de la Festa de l\u2019Afici\u00f3, que se celebra el 24 de juny en l\u2019Estadio de la Cer\u00e1mica Comen\u00e7a el compte arrere per a la Festa de l\u2019Afici\u00f3, que se celebrar\u00e0 el pr\u00f2xim 24 de juny, a partir de les 18.00 hores, en l\u2019Estadio de la Cer\u00e1mica. L\u2019esdeveniment, que forma part del calendari d\u2019actes de celebraci\u00f3 del Centenari Groguet, consistir\u00e0 en una impressionant jornada festiva d\u2019acc\u00e9s lliure i gratu\u00eft amb car\u00e0cter solidari, per al gaudi de la gent groga. La festa comptar\u00e0 amb jocs i activitats, aix\u00ed com amb m\u00fasica en viu i en directe. S\u2019instal\u00b7lar\u00e0 un escenari sobre el rectangle de joc de l\u2019Estadio de la Cer\u00e1mica i grups musicals locals com La Aldea (guanyador de Groc Talent 2023), Los Dalton, Bad Way, Enfields o Vicente A\u00f1\u00f3 amenitzaran aquest fant\u00e0stic esdeveniment, que comptar\u00e0 amb llocs de menjar i beguda, la recaptaci\u00f3 de la qual anir\u00e0 destinada a ASPANION Ni\u00f1os con c\u00e1ncer. Com a colof\u00f3, aqueix dissabte tamb\u00e9 se celebrar\u00e0 el Dia del Simpatitzant. Els simpatitzants groguets menjaran abans de la festa en l\u2019Estadio de la Cer\u00e1mica i gaudiran d\u2019una visita guiada pels racons m\u00e9s exclusius del remodelat camp del Villarreal. Posteriorment, se sumaran a la gran Festa de l\u2019Afici\u00f3 i el transcurs de la Cursa Solid\u00e0ria Celtic Submar\u00ed. Una prova solid\u00e0ria i 100% grogueta El dissabte 24 de juny tamb\u00e9 se celebrar\u00e0 la X Cursa Solid\u00e0ria Celtic Submar\u00ed. Una carrera popular, que enguany com a gran novetat partir\u00e0 des de la pla\u00e7a de l\u2019Estadio de la Cer\u00e1mica i la l\u00ednia de meta de la qual es reubicar\u00e0 sobre el verd del camp groc. La prova, organitzada per la penya Celtic Submar\u00ed en col\u00b7laboraci\u00f3 amb el club, compta amb un esperit plenament solidari. La recaptaci\u00f3 de fons anir\u00e0 destinada en benefici de l\u2019associaci\u00f3 valenciana ASPANION Ni\u00f1os con C\u00e1ncer. El certamen forma part del Circuit de Carreras Populars de Vila-real. Comen\u00e7ar\u00e0 a les 20.00 hores i la dist\u00e0ncia recorreguda \u00e9s de 6km. Els seguidors poden inscriure\u2019s fins al 18 de juny en solitari o per parelles. El preu per participant \u00e9s de 7 euros. A continuaci\u00f3, pots completar la inscripci\u00f3 a la prova de manera en l\u00ednia o consultar el reglament: INSCRIPCI\u00d3 ONLINE REGLAMENT Fira del corredor El lliurament de dorsals i la borsa del corredor es realitzar\u00e0 el 23 de juny de 18.30 a 20.30 hores en la seu de la Penya Celtic Submar\u00ed (Avinguda Fran\u00e7a, 42 de Vila-real) i el mateix dia de la prova de 18.00 a 19.30 hores en la pla\u00e7a de l\u2019Estadio de la Cer\u00e1mica.","headings":[{"type":"heading","level":2,"text":"La prova \u00e9s un dels atractius de la Festa de l\u2019Afici\u00f3, que se celebra el 24 de juny en l\u2019Estadio de la Cer\u00e1mica"}],"buttons":[],"images":[],"counts":{"blocks":13,"headings":1,"texts":10,"buttons":0,"images":0}},"sections":[{"id":"section-1","title":"La prova \u00e9s un dels atractius de la Festa de l\u2019Afici\u00f3, que se celebra el 24 de juny en l\u2019Estadio de la Cer\u00e1mica","text":"La prova \u00e9s un dels atractius de la Festa de l\u2019Afici\u00f3, que se celebra el 24 de juny en l\u2019Estadio de la Cer\u00e1mica Comen\u00e7a el compte arrere per a la Festa de l\u2019Afici\u00f3, que se celebrar\u00e0 el pr\u00f2xim 24 de juny, a partir de les 18.00 hores, en l\u2019Estadio de la Cer\u00e1mica. L\u2019esdeveniment, que forma part del calendari d\u2019actes de celebraci\u00f3 del Centenari Groguet, consistir\u00e0 en una impressionant jornada festiva d\u2019acc\u00e9s lliure i gratu\u00eft amb car\u00e0cter solidari, per al gaudi de la gent groga. La festa comptar\u00e0 amb jocs i activitats, aix\u00ed com amb m\u00fasica en viu i en directe. S\u2019instal\u00b7lar\u00e0 un escenari sobre el rectangle de joc de l\u2019Estadio de la Cer\u00e1mica i grups musicals locals com La Aldea (guanyador de Groc Talent 2023), Los Dalton, Bad Way, Enfields o Vicente A\u00f1\u00f3 amenitzaran aquest fant\u00e0stic esdeveniment, que comptar\u00e0 amb llocs de menjar i beguda, la recaptaci\u00f3 de la qual anir\u00e0 destinada a ASPANION Ni\u00f1os con c\u00e1ncer. Com a colof\u00f3, aqueix dissabte tamb\u00e9 se celebrar\u00e0 el Dia del Simpatitzant. Els simpatitzants groguets menjaran abans de la festa en l\u2019Estadio de la Cer\u00e1mica i gaudiran d\u2019una visita guiada pels racons m\u00e9s exclusius del remodelat camp del Villarreal. Posteriorment, se sumaran a la gran Festa de l\u2019Afici\u00f3 i el transcurs de la Cursa Solid\u00e0ria Celtic Submar\u00ed. Una prova solid\u00e0ria i 100% grogueta El dissabte 24 de juny tamb\u00e9 se celebrar\u00e0 la X Cursa Solid\u00e0ria Celtic Submar\u00ed. Una carrera popular, que enguany com a gran novetat partir\u00e0 des de la pla\u00e7a de l\u2019Estadio de la Cer\u00e1mica i la l\u00ednia de meta de la qual es reubicar\u00e0 sobre el verd del camp groc. La prova, organitzada per la penya Celtic Submar\u00ed en col\u00b7laboraci\u00f3 amb el club, compta amb un esperit plenament solidari. La recaptaci\u00f3 de fons anir\u00e0 destinada en benefici de l\u2019associaci\u00f3 valenciana ASPANION Ni\u00f1os con C\u00e1ncer. El certamen forma part del Circuit de Carreras Populars de Vila-real. Comen\u00e7ar\u00e0 a les 20.00 hores i la dist\u00e0ncia recorreguda \u00e9s de 6km. Els seguidors poden inscriure\u2019s fins al 18 de juny en solitari o per parelles. El preu per participant \u00e9s de 7 euros. A continuaci\u00f3, pots completar la inscripci\u00f3 a la prova de manera en l\u00ednia o consultar el reglament: Fira del corredor El lliurament de dorsals i la borsa del corredor es realitzar\u00e0 el 23 de juny de 18.30 a 20.30 hores en la seu de la Penya Celtic Submar\u00ed (Avinguda Fran\u00e7a, 42 de Vila-real) i el mateix dia de la prova de 18.00 a 19.30 hores en la pla\u00e7a de l\u2019Estadio de la Cer\u00e1mica.","headings":[{"type":"heading","level":2,"text":"La prova \u00e9s un dels atractius de la Festa de l\u2019Afici\u00f3, que se celebra el 24 de juny en l\u2019Estadio de la Cer\u00e1mica"}],"texts":[{"type":"paragraph","text":"Comen\u00e7a el compte arrere per a la Festa de l\u2019Afici\u00f3, que se celebrar\u00e0 el pr\u00f2xim 24 de juny, a partir de les 18.00 hores, en l\u2019Estadio de la Cer\u00e1mica. L\u2019esdeveniment, que forma part del calendari d\u2019actes de celebraci\u00f3 del Centenari Groguet, consistir\u00e0 en una impressionant jornada festiva d\u2019acc\u00e9s lliure i gratu\u00eft amb car\u00e0cter solidari, per al gaudi de la gent groga."},{"type":"paragraph","text":"La festa comptar\u00e0 amb jocs i activitats, aix\u00ed com amb m\u00fasica en viu i en directe. S\u2019instal\u00b7lar\u00e0 un escenari sobre el rectangle de joc de l\u2019Estadio de la Cer\u00e1mica i grups musicals locals com La Aldea (guanyador de Groc Talent 2023), Los Dalton, Bad Way, Enfields o Vicente A\u00f1\u00f3 amenitzaran aquest fant\u00e0stic esdeveniment, que comptar\u00e0 amb llocs de menjar i beguda, la recaptaci\u00f3 de la qual anir\u00e0 destinada a ASPANION Ni\u00f1os con c\u00e1ncer."},{"type":"paragraph","text":"Com a colof\u00f3, aqueix dissabte tamb\u00e9 se celebrar\u00e0 el Dia del Simpatitzant. Els simpatitzants groguets menjaran abans de la festa en l\u2019Estadio de la Cer\u00e1mica i gaudiran d\u2019una visita guiada pels racons m\u00e9s exclusius del remodelat camp del Villarreal. Posteriorment, se sumaran a la gran Festa de l\u2019Afici\u00f3 i el transcurs de la Cursa Solid\u00e0ria Celtic Submar\u00ed."},{"type":"paragraph","text":"Una prova solid\u00e0ria i 100% grogueta"},{"type":"paragraph","text":"El dissabte 24 de juny tamb\u00e9 se celebrar\u00e0 la X Cursa Solid\u00e0ria Celtic Submar\u00ed. Una carrera popular, que enguany com a gran novetat partir\u00e0 des de la pla\u00e7a de l\u2019Estadio de la Cer\u00e1mica i la l\u00ednia de meta de la qual es reubicar\u00e0 sobre el verd del camp groc."},{"type":"paragraph","text":"La prova, organitzada per la penya Celtic Submar\u00ed en col\u00b7laboraci\u00f3 amb el club, compta amb un esperit plenament solidari. La recaptaci\u00f3 de fons anir\u00e0 destinada en benefici de l\u2019associaci\u00f3 valenciana ASPANION Ni\u00f1os con C\u00e1ncer."},{"type":"paragraph","text":"El certamen forma part del Circuit de Carreras Populars de Vila-real. Comen\u00e7ar\u00e0 a les 20.00 hores i la dist\u00e0ncia recorreguda \u00e9s de 6km. Els seguidors poden inscriure\u2019s fins al 18 de juny en solitari o per parelles. El preu per participant \u00e9s de 7 euros."},{"type":"paragraph","text":"A continuaci\u00f3, pots completar la inscripci\u00f3 a la prova de manera en l\u00ednia o consultar el reglament:"},{"type":"paragraph","text":"Fira del corredor"},{"type":"paragraph","text":"El lliurament de dorsals i la borsa del corredor es realitzar\u00e0 el 23 de juny de 18.30 a 20.30 hores en la seu de la Penya Celtic Submar\u00ed (Avinguda Fran\u00e7a, 42 de Vila-real) i el mateix dia de la prova de 18.00 a 19.30 hores en la pla\u00e7a de l\u2019Estadio de la Cer\u00e1mica."}],"buttons":[],"images":[],"widgets":[],"blocks":[{"type":"heading","level":2,"text":"La prova \u00e9s un dels atractius de la Festa de l\u2019Afici\u00f3, que se celebra el 24 de juny en l\u2019Estadio de la Cer\u00e1mica"},{"type":"paragraph","text":"Comen\u00e7a el compte arrere per a la Festa de l\u2019Afici\u00f3, que se celebrar\u00e0 el pr\u00f2xim 24 de juny, a partir de les 18.00 hores, en l\u2019Estadio de la Cer\u00e1mica. L\u2019esdeveniment, que forma part del calendari d\u2019actes de celebraci\u00f3 del Centenari Groguet, consistir\u00e0 en una impressionant jornada festiva d\u2019acc\u00e9s lliure i gratu\u00eft amb car\u00e0cter solidari, per al gaudi de la gent groga."},{"type":"paragraph","text":"La festa comptar\u00e0 amb jocs i activitats, aix\u00ed com amb m\u00fasica en viu i en directe. S\u2019instal\u00b7lar\u00e0 un escenari sobre el rectangle de joc de l\u2019Estadio de la Cer\u00e1mica i grups musicals locals com La Aldea (guanyador de Groc Talent 2023), Los Dalton, Bad Way, Enfields o Vicente A\u00f1\u00f3 amenitzaran aquest fant\u00e0stic esdeveniment, que comptar\u00e0 amb llocs de menjar i beguda, la recaptaci\u00f3 de la qual anir\u00e0 destinada a ASPANION Ni\u00f1os con c\u00e1ncer."},{"type":"paragraph","text":"Com a colof\u00f3, aqueix dissabte tamb\u00e9 se celebrar\u00e0 el Dia del Simpatitzant. Els simpatitzants groguets menjaran abans de la festa en l\u2019Estadio de la Cer\u00e1mica i gaudiran d\u2019una visita guiada pels racons m\u00e9s exclusius del remodelat camp del Villarreal. Posteriorment, se sumaran a la gran Festa de l\u2019Afici\u00f3 i el transcurs de la Cursa Solid\u00e0ria Celtic Submar\u00ed."},{"type":"paragraph","text":"Una prova solid\u00e0ria i 100% grogueta"},{"type":"paragraph","text":"El dissabte 24 de juny tamb\u00e9 se celebrar\u00e0 la X Cursa Solid\u00e0ria Celtic Submar\u00ed. Una carrera popular, que enguany com a gran novetat partir\u00e0 des de la pla\u00e7a de l\u2019Estadio de la Cer\u00e1mica i la l\u00ednia de meta de la qual es reubicar\u00e0 sobre el verd del camp groc."},{"type":"paragraph","text":"La prova, organitzada per la penya Celtic Submar\u00ed en col\u00b7laboraci\u00f3 amb el club, compta amb un esperit plenament solidari. La recaptaci\u00f3 de fons anir\u00e0 destinada en benefici de l\u2019associaci\u00f3 valenciana ASPANION Ni\u00f1os con C\u00e1ncer."},{"type":"paragraph","text":"El certamen forma part del Circuit de Carreras Populars de Vila-real. Comen\u00e7ar\u00e0 a les 20.00 hores i la dist\u00e0ncia recorreguda \u00e9s de 6km. Els seguidors poden inscriure\u2019s fins al 18 de juny en solitari o per parelles. El preu per participant \u00e9s de 7 euros."},{"type":"paragraph","text":"A continuaci\u00f3, pots completar la inscripci\u00f3 a la prova de manera en l\u00ednia o consultar el reglament:"},{"type":"link","url":"https:\/\/www.hj-crono.es\/eventos\/6k-cursa-per-parelles-celtic-submari","text":"INSCRIPCI\u00d3 ONLINE","target":"_blank"},{"type":"link","url":"https:\/\/villarrealcf.es\/\/wp-content\/uploads\/2023\/04\/X-Cursa-Celtic-Submari_Reglamento-carrera.pdf","text":"REGLAMENT","target":"_blank"},{"type":"paragraph","text":"Fira del corredor"},{"type":"paragraph","text":"El lliurament de dorsals i la borsa del corredor es realitzar\u00e0 el 23 de juny de 18.30 a 20.30 hores en la seu de la Penya Celtic Submar\u00ed (Avinguda Fran\u00e7a, 42 de Vila-real) i el mateix dia de la prova de 18.00 a 19.30 hores en la pla\u00e7a de l\u2019Estadio de la Cer\u00e1mica."}]}],"hero":{"id":"section-1","title":"La prova \u00e9s un dels atractius de la Festa de l\u2019Afici\u00f3, que se celebra el 24 de juny en l\u2019Estadio de la Cer\u00e1mica","text":"La prova \u00e9s un dels atractius de la Festa de l\u2019Afici\u00f3, que se celebra el 24 de juny en l\u2019Estadio de la Cer\u00e1mica Comen\u00e7a el compte arrere per a la Festa de l\u2019Afici\u00f3, que se celebrar\u00e0 el pr\u00f2xim 24 de juny, a partir de les 18.00 hores, en l\u2019Estadio de la Cer\u00e1mica. L\u2019esdeveniment, que forma part del calendari d\u2019actes de celebraci\u00f3 del Centenari Groguet, consistir\u00e0 en una impressionant jornada festiva d\u2019acc\u00e9s lliure i gratu\u00eft amb car\u00e0cter solidari, per al gaudi de la gent groga. La festa comptar\u00e0 amb jocs i activitats, aix\u00ed com amb m\u00fasica en viu i en directe. S\u2019instal\u00b7lar\u00e0 un escenari sobre el rectangle de joc de l\u2019Estadio de la Cer\u00e1mica i grups musicals locals com La Aldea (guanyador de Groc Talent 2023), Los Dalton, Bad Way, Enfields o Vicente A\u00f1\u00f3 amenitzaran aquest fant\u00e0stic esdeveniment, que comptar\u00e0 amb llocs de menjar i beguda, la recaptaci\u00f3 de la qual anir\u00e0 destinada a ASPANION Ni\u00f1os con c\u00e1ncer. Com a colof\u00f3, aqueix dissabte tamb\u00e9 se celebrar\u00e0 el Dia del Simpatitzant. Els simpatitzants groguets menjaran abans de la festa en l\u2019Estadio de la Cer\u00e1mica i gaudiran d\u2019una visita guiada pels racons m\u00e9s exclusius del remodelat camp del Villarreal. Posteriorment, se sumaran a la gran Festa de l\u2019Afici\u00f3 i el transcurs de la Cursa Solid\u00e0ria Celtic Submar\u00ed. Una prova solid\u00e0ria i 100% grogueta El dissabte 24 de juny tamb\u00e9 se celebrar\u00e0 la X Cursa Solid\u00e0ria Celtic Submar\u00ed. Una carrera popular, que enguany com a gran novetat partir\u00e0 des de la pla\u00e7a de l\u2019Estadio de la Cer\u00e1mica i la l\u00ednia de meta de la qual es reubicar\u00e0 sobre el verd del camp groc. La prova, organitzada per la penya Celtic Submar\u00ed en col\u00b7laboraci\u00f3 amb el club, compta amb un esperit plenament solidari. La recaptaci\u00f3 de fons anir\u00e0 destinada en benefici de l\u2019associaci\u00f3 valenciana ASPANION Ni\u00f1os con C\u00e1ncer. El certamen forma part del Circuit de Carreras Populars de Vila-real. Comen\u00e7ar\u00e0 a les 20.00 hores i la dist\u00e0ncia recorreguda \u00e9s de 6km. Els seguidors poden inscriure\u2019s fins al 18 de juny en solitari o per parelles. El preu per participant \u00e9s de 7 euros. A continuaci\u00f3, pots completar la inscripci\u00f3 a la prova de manera en l\u00ednia o consultar el reglament: Fira del corredor El lliurament de dorsals i la borsa del corredor es realitzar\u00e0 el 23 de juny de 18.30 a 20.30 hores en la seu de la Penya Celtic Submar\u00ed (Avinguda Fran\u00e7a, 42 de Vila-real) i el mateix dia de la prova de 18.00 a 19.30 hores en la pla\u00e7a de l\u2019Estadio de la Cer\u00e1mica.","headings":[{"type":"heading","level":2,"text":"La prova \u00e9s un dels atractius de la Festa de l\u2019Afici\u00f3, que se celebra el 24 de juny en l\u2019Estadio de la Cer\u00e1mica"}],"texts":[{"type":"paragraph","text":"Comen\u00e7a el compte arrere per a la Festa de l\u2019Afici\u00f3, que se celebrar\u00e0 el pr\u00f2xim 24 de juny, a partir de les 18.00 hores, en l\u2019Estadio de la Cer\u00e1mica. L\u2019esdeveniment, que forma part del calendari d\u2019actes de celebraci\u00f3 del Centenari Groguet, consistir\u00e0 en una impressionant jornada festiva d\u2019acc\u00e9s lliure i gratu\u00eft amb car\u00e0cter solidari, per al gaudi de la gent groga."},{"type":"paragraph","text":"La festa comptar\u00e0 amb jocs i activitats, aix\u00ed com amb m\u00fasica en viu i en directe. S\u2019instal\u00b7lar\u00e0 un escenari sobre el rectangle de joc de l\u2019Estadio de la Cer\u00e1mica i grups musicals locals com La Aldea (guanyador de Groc Talent 2023), Los Dalton, Bad Way, Enfields o Vicente A\u00f1\u00f3 amenitzaran aquest fant\u00e0stic esdeveniment, que comptar\u00e0 amb llocs de menjar i beguda, la recaptaci\u00f3 de la qual anir\u00e0 destinada a ASPANION Ni\u00f1os con c\u00e1ncer."},{"type":"paragraph","text":"Com a colof\u00f3, aqueix dissabte tamb\u00e9 se celebrar\u00e0 el Dia del Simpatitzant. Els simpatitzants groguets menjaran abans de la festa en l\u2019Estadio de la Cer\u00e1mica i gaudiran d\u2019una visita guiada pels racons m\u00e9s exclusius del remodelat camp del Villarreal. Posteriorment, se sumaran a la gran Festa de l\u2019Afici\u00f3 i el transcurs de la Cursa Solid\u00e0ria Celtic Submar\u00ed."},{"type":"paragraph","text":"Una prova solid\u00e0ria i 100% grogueta"},{"type":"paragraph","text":"El dissabte 24 de juny tamb\u00e9 se celebrar\u00e0 la X Cursa Solid\u00e0ria Celtic Submar\u00ed. Una carrera popular, que enguany com a gran novetat partir\u00e0 des de la pla\u00e7a de l\u2019Estadio de la Cer\u00e1mica i la l\u00ednia de meta de la qual es reubicar\u00e0 sobre el verd del camp groc."},{"type":"paragraph","text":"La prova, organitzada per la penya Celtic Submar\u00ed en col\u00b7laboraci\u00f3 amb el club, compta amb un esperit plenament solidari. La recaptaci\u00f3 de fons anir\u00e0 destinada en benefici de l\u2019associaci\u00f3 valenciana ASPANION Ni\u00f1os con C\u00e1ncer."},{"type":"paragraph","text":"El certamen forma part del Circuit de Carreras Populars de Vila-real. Comen\u00e7ar\u00e0 a les 20.00 hores i la dist\u00e0ncia recorreguda \u00e9s de 6km. Els seguidors poden inscriure\u2019s fins al 18 de juny en solitari o per parelles. El preu per participant \u00e9s de 7 euros."},{"type":"paragraph","text":"A continuaci\u00f3, pots completar la inscripci\u00f3 a la prova de manera en l\u00ednia o consultar el reglament:"},{"type":"paragraph","text":"Fira del corredor"},{"type":"paragraph","text":"El lliurament de dorsals i la borsa del corredor es realitzar\u00e0 el 23 de juny de 18.30 a 20.30 hores en la seu de la Penya Celtic Submar\u00ed (Avinguda Fran\u00e7a, 42 de Vila-real) i el mateix dia de la prova de 18.00 a 19.30 hores en la pla\u00e7a de l\u2019Estadio de la Cer\u00e1mica."}],"buttons":[],"images":[],"widgets":[],"blocks":[{"type":"heading","level":2,"text":"La prova \u00e9s un dels atractius de la Festa de l\u2019Afici\u00f3, que se celebra el 24 de juny en l\u2019Estadio de la Cer\u00e1mica"},{"type":"paragraph","text":"Comen\u00e7a el compte arrere per a la Festa de l\u2019Afici\u00f3, que se celebrar\u00e0 el pr\u00f2xim 24 de juny, a partir de les 18.00 hores, en l\u2019Estadio de la Cer\u00e1mica. L\u2019esdeveniment, que forma part del calendari d\u2019actes de celebraci\u00f3 del Centenari Groguet, consistir\u00e0 en una impressionant jornada festiva d\u2019acc\u00e9s lliure i gratu\u00eft amb car\u00e0cter solidari, per al gaudi de la gent groga."},{"type":"paragraph","text":"La festa comptar\u00e0 amb jocs i activitats, aix\u00ed com amb m\u00fasica en viu i en directe. S\u2019instal\u00b7lar\u00e0 un escenari sobre el rectangle de joc de l\u2019Estadio de la Cer\u00e1mica i grups musicals locals com La Aldea (guanyador de Groc Talent 2023), Los Dalton, Bad Way, Enfields o Vicente A\u00f1\u00f3 amenitzaran aquest fant\u00e0stic esdeveniment, que comptar\u00e0 amb llocs de menjar i beguda, la recaptaci\u00f3 de la qual anir\u00e0 destinada a ASPANION Ni\u00f1os con c\u00e1ncer."},{"type":"paragraph","text":"Com a colof\u00f3, aqueix dissabte tamb\u00e9 se celebrar\u00e0 el Dia del Simpatitzant. Els simpatitzants groguets menjaran abans de la festa en l\u2019Estadio de la Cer\u00e1mica i gaudiran d\u2019una visita guiada pels racons m\u00e9s exclusius del remodelat camp del Villarreal. Posteriorment, se sumaran a la gran Festa de l\u2019Afici\u00f3 i el transcurs de la Cursa Solid\u00e0ria Celtic Submar\u00ed."},{"type":"paragraph","text":"Una prova solid\u00e0ria i 100% grogueta"},{"type":"paragraph","text":"El dissabte 24 de juny tamb\u00e9 se celebrar\u00e0 la X Cursa Solid\u00e0ria Celtic Submar\u00ed. Una carrera popular, que enguany com a gran novetat partir\u00e0 des de la pla\u00e7a de l\u2019Estadio de la Cer\u00e1mica i la l\u00ednia de meta de la qual es reubicar\u00e0 sobre el verd del camp groc."},{"type":"paragraph","text":"La prova, organitzada per la penya Celtic Submar\u00ed en col\u00b7laboraci\u00f3 amb el club, compta amb un esperit plenament solidari. La recaptaci\u00f3 de fons anir\u00e0 destinada en benefici de l\u2019associaci\u00f3 valenciana ASPANION Ni\u00f1os con C\u00e1ncer."},{"type":"paragraph","text":"El certamen forma part del Circuit de Carreras Populars de Vila-real. Comen\u00e7ar\u00e0 a les 20.00 hores i la dist\u00e0ncia recorreguda \u00e9s de 6km. Els seguidors poden inscriure\u2019s fins al 18 de juny en solitari o per parelles. El preu per participant \u00e9s de 7 euros."},{"type":"paragraph","text":"A continuaci\u00f3, pots completar la inscripci\u00f3 a la prova de manera en l\u00ednia o consultar el reglament:"},{"type":"link","url":"https:\/\/www.hj-crono.es\/eventos\/6k-cursa-per-parelles-celtic-submari","text":"INSCRIPCI\u00d3 ONLINE","target":"_blank"},{"type":"link","url":"https:\/\/villarrealcf.es\/\/wp-content\/uploads\/2023\/04\/X-Cursa-Celtic-Submari_Reglamento-carrera.pdf","text":"REGLAMENT","target":"_blank"},{"type":"paragraph","text":"Fira del corredor"},{"type":"paragraph","text":"El lliurament de dorsals i la borsa del corredor es realitzar\u00e0 el 23 de juny de 18.30 a 20.30 hores en la seu de la Penya Celtic Submar\u00ed (Avinguda Fran\u00e7a, 42 de Vila-real) i el mateix dia de la prova de 18.00 a 19.30 hores en la pla\u00e7a de l\u2019Estadio de la Cer\u00e1mica."}]}},"sections":[{"id":"section-1","title":"La prova \u00e9s un dels atractius de la Festa de l\u2019Afici\u00f3, que se celebra el 24 de juny en l\u2019Estadio de la Cer\u00e1mica","text":"La prova \u00e9s un dels atractius de la Festa de l\u2019Afici\u00f3, que se celebra el 24 de juny en l\u2019Estadio de la Cer\u00e1mica Comen\u00e7a el compte arrere per a la Festa de l\u2019Afici\u00f3, que se celebrar\u00e0 el pr\u00f2xim 24 de juny, a partir de les 18.00 hores, en l\u2019Estadio de la Cer\u00e1mica. L\u2019esdeveniment, que forma part del calendari d\u2019actes de celebraci\u00f3 del Centenari Groguet, consistir\u00e0 en una impressionant jornada festiva d\u2019acc\u00e9s lliure i gratu\u00eft amb car\u00e0cter solidari, per al gaudi de la gent groga. La festa comptar\u00e0 amb jocs i activitats, aix\u00ed com amb m\u00fasica en viu i en directe. S\u2019instal\u00b7lar\u00e0 un escenari sobre el rectangle de joc de l\u2019Estadio de la Cer\u00e1mica i grups musicals locals com La Aldea (guanyador de Groc Talent 2023), Los Dalton, Bad Way, Enfields o Vicente A\u00f1\u00f3 amenitzaran aquest fant\u00e0stic esdeveniment, que comptar\u00e0 amb llocs de menjar i beguda, la recaptaci\u00f3 de la qual anir\u00e0 destinada a ASPANION Ni\u00f1os con c\u00e1ncer. Com a colof\u00f3, aqueix dissabte tamb\u00e9 se celebrar\u00e0 el Dia del Simpatitzant. Els simpatitzants groguets menjaran abans de la festa en l\u2019Estadio de la Cer\u00e1mica i gaudiran d\u2019una visita guiada pels racons m\u00e9s exclusius del remodelat camp del Villarreal. Posteriorment, se sumaran a la gran Festa de l\u2019Afici\u00f3 i el transcurs de la Cursa Solid\u00e0ria Celtic Submar\u00ed. Una prova solid\u00e0ria i 100% grogueta El dissabte 24 de juny tamb\u00e9 se celebrar\u00e0 la X Cursa Solid\u00e0ria Celtic Submar\u00ed. Una carrera popular, que enguany com a gran novetat partir\u00e0 des de la pla\u00e7a de l\u2019Estadio de la Cer\u00e1mica i la l\u00ednia de meta de la qual es reubicar\u00e0 sobre el verd del camp groc. La prova, organitzada per la penya Celtic Submar\u00ed en col\u00b7laboraci\u00f3 amb el club, compta amb un esperit plenament solidari. La recaptaci\u00f3 de fons anir\u00e0 destinada en benefici de l\u2019associaci\u00f3 valenciana ASPANION Ni\u00f1os con C\u00e1ncer. El certamen forma part del Circuit de Carreras Populars de Vila-real. Comen\u00e7ar\u00e0 a les 20.00 hores i la dist\u00e0ncia recorreguda \u00e9s de 6km. Els seguidors poden inscriure\u2019s fins al 18 de juny en solitari o per parelles. El preu per participant \u00e9s de 7 euros. A continuaci\u00f3, pots completar la inscripci\u00f3 a la prova de manera en l\u00ednia o consultar el reglament: Fira del corredor El lliurament de dorsals i la borsa del corredor es realitzar\u00e0 el 23 de juny de 18.30 a 20.30 hores en la seu de la Penya Celtic Submar\u00ed (Avinguda Fran\u00e7a, 42 de Vila-real) i el mateix dia de la prova de 18.00 a 19.30 hores en la pla\u00e7a de l\u2019Estadio de la Cer\u00e1mica.","url":"https:\/\/www.hj-crono.es\/eventos\/6k-cursa-per-parelles-celtic-submari","background_image":"","images":[],"videos":[],"links":[{"type":"link","url":"https:\/\/www.hj-crono.es\/eventos\/6k-cursa-per-parelles-celtic-submari","text":"INSCRIPCI\u00d3 ONLINE","target":"_blank"},{"type":"link","url":"https:\/\/villarrealcf.es\/\/wp-content\/uploads\/2023\/04\/X-Cursa-Celtic-Submari_Reglamento-carrera.pdf","text":"REGLAMENT","target":"_blank"}]}]},"excerpt":{"rendered":"La prova \u00e9s un dels atractius de la Festa de l&#8217;Afici\u00f3, que se celebra el 24 de juny en l&#8217;Estadio de la Cer\u00e1mica","protected":false},"author":25,"featured_media":269670,"comment_status":"closed","ping_status":"closed","sticky":false,"template":"","format":"standard","meta":{"_acf_changed":false,"footnotes":""},"categories":[13484],"tags":[9664,11429,717,9270,716,9205,9627,9203],"acf":null,"lang":"val","translations":{"es":269664,"val":269673,"en":269701},"essential_grid":{"has_grid":false},"formatted_date":"June 8, 2023","modified_date":"June 8, 2023","permalink":"https:\/\/villarrealcf.es\/val\/ultims-dies-per-a-inscriures-a-la-cursa-solidaria-celtic-submari\/","reading_time":3,"featured_media_data":{"id":269670,"title":"PAUTORRES","caption":"","alt_text":"","description":"","mime_type":"image\/jpeg","source_url":"https:\/\/villarrealcf.es\/wp-content\/uploads\/2023\/06\/PAUTORRES.jpg","sizes":{"thumbnail":{"url":"https:\/\/villarrealcf.es\/wp-content\/uploads\/2023\/06\/PAUTORRES-1920x1080.jpg","width":1920,"height":1080},"medium":{"url":"https:\/\/villarrealcf.es\/wp-content\/uploads\/2023\/06\/PAUTORRES-1920x1080.jpg","width":1920,"height":1080},"medium_large":{"url":"https:\/\/villarrealcf.es\/wp-content\/uploads\/2023\/06\/PAUTORRES-768x432.jpg","width":768,"height":432},"large":{"url":"https:\/\/villarrealcf.es\/wp-content\/uploads\/2023\/06\/PAUTORRES-1920x1080.jpg","width":788,"height":443},"1536x1536":{"url":"https:\/\/villarrealcf.es\/wp-content\/uploads\/2023\/06\/PAUTORRES-1536x864.jpg","width":1536,"height":864},"2048x2048":{"url":"https:\/\/villarrealcf.es\/wp-content\/uploads\/2023\/06\/PAUTORRES.jpg","width":1920,"height":1080},"tp-image-grid":{"url":"https:\/\/villarrealcf.es\/wp-content\/uploads\/2023\/06\/PAUTORRES-700x700.jpg","width":700,"height":700},"size-bunyad-medium":{"url":"https:\/\/villarrealcf.es\/wp-content\/uploads\/2023\/06\/PAUTORRES-1920x1080.jpg","width":1920,"height":1080},"sportspress-crop-medium":{"url":"https:\/\/villarrealcf.es\/wp-content\/uploads\/2023\/06\/PAUTORRES-300x300.jpg","width":300,"height":300},"sportspress-fit-medium":{"url":"https:\/\/villarrealcf.es\/wp-content\/uploads\/2023\/06\/PAUTORRES-300x169.jpg","width":300,"height":169},"sportspress-fit-icon":{"url":"https:\/\/villarrealcf.es\/wp-content\/uploads\/2023\/06\/PAUTORRES-128x72.jpg","width":128,"height":72},"sportspress-fit-mini":{"url":"https:\/\/villarrealcf.es\/wp-content\/uploads\/2023\/06\/PAUTORRES-32x18.jpg","width":32,"height":18},"bunyad-small":{"url":"https:\/\/villarrealcf.es\/wp-content\/uploads\/2023\/06\/PAUTORRES-150x84.jpg","width":150,"height":84},"bunyad-medium":{"url":"https:\/\/villarrealcf.es\/wp-content\/uploads\/2023\/06\/PAUTORRES-450x253.jpg","width":450,"height":253},"bunyad-full":{"url":"https:\/\/villarrealcf.es\/wp-content\/uploads\/2023\/06\/PAUTORRES-1200x675.jpg","width":1200,"height":675},"bunyad-viewport":{"url":"https:\/\/villarrealcf.es\/wp-content\/uploads\/2023\/06\/PAUTORRES.jpg","width":1920,"height":1080},"bunyad-768":{"url":"https:\/\/villarrealcf.es\/wp-content\/uploads\/2023\/06\/PAUTORRES-768x432.jpg","width":768,"height":432},"full":{"url":"https:\/\/villarrealcf.es\/wp-content\/uploads\/2023\/06\/PAUTORRES.jpg","width":1920,"height":1080}}},"author_data":{"id":"25","name":"Javier Ayuso","first_name":"Javier","last_name":"Ayuso","description":"","avatar_url":"https:\/\/secure.gravatar.com\/avatar\/fcf8894be45988fcce5bbff0efe1790d2a7f4ba57e2c7c898f5068154e696495?s=96&d=mm&r=g","acf":null},"taxonomies_data":{"category":[{"id":13484,"name":"Club","slug":"club","acf":null}],"post_tag":[{"id":9664,"name":"Centenari Groguet","slug":"centenari-groguet-val","acf":null},{"id":11429,"name":"Estadio de la Cer\u00e1mica","slug":"estadio-de-la-ceramica-val","acf":null},{"id":717,"name":"Football","slug":"football-d34","acf":null},{"id":9270,"name":"Futbol","slug":"futbol-val","acf":null},{"id":716,"name":"Soccer","slug":"soccer-d105","acf":null},{"id":9205,"name":"Submarino","slug":"submarino-val","acf":null},{"id":9627,"name":"Submarino Amarillo","slug":"submarino-amarillo-val","acf":null},{"id":9203,"name":"Villarreal CF","slug":"villarreal-cf-val","acf":null}],"translation_priority":[{"id":735,"name":"Optional","slug":"optional-val","acf":null}]},"seo_full":{"native":{"title":"\u00daltims dies per a inscriure&#8217;s a la Cursa Solid\u00e0ria Celtic Submar\u00ed! - Web Oficial del Villarreal CF","description":"La prova \u00e9s un dels atractius de la Festa de l'Afici\u00f3, que se celebra el 24 de juny en l'Estadio de la Cer\u00e1mica","canonical":"https:\/\/villarrealcf.es\/val\/ultims-dies-per-a-inscriures-a-la-cursa-solidaria-celtic-submari\/"}},"_links":{"self":[{"href":"https:\/\/villarrealcf.es\/val\/wp-json\/wp\/v2\/posts\/269673","targetHints":{"allow":["GET"]}}],"collection":[{"href":"https:\/\/villarrealcf.es\/val\/wp-json\/wp\/v2\/posts"}],"about":[{"href":"https:\/\/villarrealcf.es\/val\/wp-json\/wp\/v2\/types\/post"}],"author":[{"embeddable":true,"href":"https:\/\/villarrealcf.es\/val\/wp-json\/wp\/v2\/users\/25"}],"replies":[{"embeddable":true,"href":"https:\/\/villarrealcf.es\/val\/wp-json\/wp\/v2\/comments?post=269673"}],"version-history":[{"count":0,"href":"https:\/\/villarrealcf.es\/val\/wp-json\/wp\/v2\/posts\/269673\/revisions"}],"wp:featuredmedia":[{"embeddable":true,"href":"https:\/\/villarrealcf.es\/val\/wp-json\/wp\/v2\/media\/269670"}],"wp:attachment":[{"href":"https:\/\/villarrealcf.es\/val\/wp-json\/wp\/v2\/media?parent=269673"}],"wp:term":[{"taxonomy":"category","embeddable":true,"href":"https:\/\/villarrealcf.es\/val\/wp-json\/wp\/v2\/categories?post=269673"},{"taxonomy":"post_tag","embeddable":true,"href":"https:\/\/villarrealcf.es\/val\/wp-json\/wp\/v2\/tags?post=269673"}],"curies":[{"name":"wp","href":"https:\/\/api.w.org\/{rel}","templated":true}]}}