{"id":269150,"date":"2023-06-07T10:00:00","date_gmt":"2023-06-07T08:00:00","guid":{"rendered":"https:\/\/villarrealcf.es\/\/el-villarreal-edi-busca-nuevos-talentos\/"},"modified":"2023-06-06T15:53:46","modified_gmt":"2023-06-06T13:53:46","slug":"el-villarreal-edi-busca-nous-talents","status":"publish","type":"post","link":"https:\/\/villarrealcf.es\/val\/el-villarreal-edi-busca-nous-talents\/","title":{"rendered":"El Villarreal EDI busca nous talents"},"content":{"protected":false,"blocks":[{"type":"heading","level":2,"text":"El club groc ha organitzat una jornada de portes obertes el 16 de juny a la Ciutat Esportiva Jos\u00e9 Manuel Llaneza"},{"type":"paragraph","text":"El Villarreal CF busca nous talents per al seu equip EDI (Escola per a Persones amb Discapacitat Intel\u00b7lectual). El club groc ha organitzat una jornada de portes obertes amb l\u2019objectiu de donar a con\u00e9ixer aquest projecte i que els joves amb diversitat funcional de la prov\u00edncia de Castell\u00f3 tinguen l\u2019oportunitat de fer esport, nous amics i defensar els colors del Submar\u00ed Groc."},{"type":"paragraph","text":"L\u2019esdeveniment se celebrar\u00e0 el divendres 16 de juny, a partir de les 16.30 hores, en el Camp 8 de la Ciutat Esportiva Jos\u00e9 Manuel Llaneza. Per a participar, nom\u00e9s has d\u2019enviar un correu a l\u2019adre\u00e7a edi@villarrealcf.es amb el teu nom complet i edat. T\u2019esperem!"},{"type":"paragraph","text":"A continuaci\u00f3, pots obtindre m\u00e9s informaci\u00f3 sobre els equips EDI del Villarreal CF."}],"structured":{"summary":{"text":"El club groc ha organitzat una jornada de portes obertes el 16 de juny a la Ciutat Esportiva Jos\u00e9 Manuel Llaneza El Villarreal CF busca nous talents per al seu equip EDI (Escola per a Persones amb Discapacitat Intel\u00b7lectual). El club groc ha organitzat una jornada de portes obertes amb l\u2019objectiu de donar a con\u00e9ixer aquest projecte i que els joves amb diversitat funcional de la prov\u00edncia de Castell\u00f3 tinguen l\u2019oportunitat de fer esport, nous amics i defensar els colors del Submar\u00ed Groc. L\u2019esdeveniment se celebrar\u00e0 el divendres 16 de juny, a partir de les 16.30 hores, en el Camp 8 de la Ciutat Esportiva Jos\u00e9 Manuel Llaneza. Per a participar, nom\u00e9s has d\u2019enviar un correu a l\u2019adre\u00e7a edi@villarrealcf.es amb el teu nom complet i edat. T\u2019esperem! A continuaci\u00f3, pots obtindre m\u00e9s informaci\u00f3 sobre els equips EDI del Villarreal CF.","headings":[{"type":"heading","level":2,"text":"El club groc ha organitzat una jornada de portes obertes el 16 de juny a la Ciutat Esportiva Jos\u00e9 Manuel Llaneza"}],"buttons":[],"images":[],"counts":{"blocks":4,"headings":1,"texts":3,"buttons":0,"images":0}},"sections":[{"id":"section-1","title":"El club groc ha organitzat una jornada de portes obertes el 16 de juny a la Ciutat Esportiva Jos\u00e9 Manuel Llaneza","text":"El club groc ha organitzat una jornada de portes obertes el 16 de juny a la Ciutat Esportiva Jos\u00e9 Manuel Llaneza El Villarreal CF busca nous talents per al seu equip EDI (Escola per a Persones amb Discapacitat Intel\u00b7lectual). El club groc ha organitzat una jornada de portes obertes amb l\u2019objectiu de donar a con\u00e9ixer aquest projecte i que els joves amb diversitat funcional de la prov\u00edncia de Castell\u00f3 tinguen l\u2019oportunitat de fer esport, nous amics i defensar els colors del Submar\u00ed Groc. L\u2019esdeveniment se celebrar\u00e0 el divendres 16 de juny, a partir de les 16.30 hores, en el Camp 8 de la Ciutat Esportiva Jos\u00e9 Manuel Llaneza. Per a participar, nom\u00e9s has d\u2019enviar un correu a l\u2019adre\u00e7a edi@villarrealcf.es amb el teu nom complet i edat. T\u2019esperem! A continuaci\u00f3, pots obtindre m\u00e9s informaci\u00f3 sobre els equips EDI del Villarreal CF.","headings":[{"type":"heading","level":2,"text":"El club groc ha organitzat una jornada de portes obertes el 16 de juny a la Ciutat Esportiva Jos\u00e9 Manuel Llaneza"}],"texts":[{"type":"paragraph","text":"El Villarreal CF busca nous talents per al seu equip EDI (Escola per a Persones amb Discapacitat Intel\u00b7lectual). El club groc ha organitzat una jornada de portes obertes amb l\u2019objectiu de donar a con\u00e9ixer aquest projecte i que els joves amb diversitat funcional de la prov\u00edncia de Castell\u00f3 tinguen l\u2019oportunitat de fer esport, nous amics i defensar els colors del Submar\u00ed Groc."},{"type":"paragraph","text":"L\u2019esdeveniment se celebrar\u00e0 el divendres 16 de juny, a partir de les 16.30 hores, en el Camp 8 de la Ciutat Esportiva Jos\u00e9 Manuel Llaneza. Per a participar, nom\u00e9s has d\u2019enviar un correu a l\u2019adre\u00e7a edi@villarrealcf.es amb el teu nom complet i edat. T\u2019esperem!"},{"type":"paragraph","text":"A continuaci\u00f3, pots obtindre m\u00e9s informaci\u00f3 sobre els equips EDI del Villarreal CF."}],"buttons":[],"images":[],"widgets":[],"blocks":[{"type":"heading","level":2,"text":"El club groc ha organitzat una jornada de portes obertes el 16 de juny a la Ciutat Esportiva Jos\u00e9 Manuel Llaneza"},{"type":"paragraph","text":"El Villarreal CF busca nous talents per al seu equip EDI (Escola per a Persones amb Discapacitat Intel\u00b7lectual). El club groc ha organitzat una jornada de portes obertes amb l\u2019objectiu de donar a con\u00e9ixer aquest projecte i que els joves amb diversitat funcional de la prov\u00edncia de Castell\u00f3 tinguen l\u2019oportunitat de fer esport, nous amics i defensar els colors del Submar\u00ed Groc."},{"type":"paragraph","text":"L\u2019esdeveniment se celebrar\u00e0 el divendres 16 de juny, a partir de les 16.30 hores, en el Camp 8 de la Ciutat Esportiva Jos\u00e9 Manuel Llaneza. Per a participar, nom\u00e9s has d\u2019enviar un correu a l\u2019adre\u00e7a edi@villarrealcf.es amb el teu nom complet i edat. T\u2019esperem!"},{"type":"paragraph","text":"A continuaci\u00f3, pots obtindre m\u00e9s informaci\u00f3 sobre els equips EDI del Villarreal CF."}]}],"hero":{"id":"section-1","title":"El club groc ha organitzat una jornada de portes obertes el 16 de juny a la Ciutat Esportiva Jos\u00e9 Manuel Llaneza","text":"El club groc ha organitzat una jornada de portes obertes el 16 de juny a la Ciutat Esportiva Jos\u00e9 Manuel Llaneza El Villarreal CF busca nous talents per al seu equip EDI (Escola per a Persones amb Discapacitat Intel\u00b7lectual). El club groc ha organitzat una jornada de portes obertes amb l\u2019objectiu de donar a con\u00e9ixer aquest projecte i que els joves amb diversitat funcional de la prov\u00edncia de Castell\u00f3 tinguen l\u2019oportunitat de fer esport, nous amics i defensar els colors del Submar\u00ed Groc. L\u2019esdeveniment se celebrar\u00e0 el divendres 16 de juny, a partir de les 16.30 hores, en el Camp 8 de la Ciutat Esportiva Jos\u00e9 Manuel Llaneza. Per a participar, nom\u00e9s has d\u2019enviar un correu a l\u2019adre\u00e7a edi@villarrealcf.es amb el teu nom complet i edat. T\u2019esperem! A continuaci\u00f3, pots obtindre m\u00e9s informaci\u00f3 sobre els equips EDI del Villarreal CF.","headings":[{"type":"heading","level":2,"text":"El club groc ha organitzat una jornada de portes obertes el 16 de juny a la Ciutat Esportiva Jos\u00e9 Manuel Llaneza"}],"texts":[{"type":"paragraph","text":"El Villarreal CF busca nous talents per al seu equip EDI (Escola per a Persones amb Discapacitat Intel\u00b7lectual). El club groc ha organitzat una jornada de portes obertes amb l\u2019objectiu de donar a con\u00e9ixer aquest projecte i que els joves amb diversitat funcional de la prov\u00edncia de Castell\u00f3 tinguen l\u2019oportunitat de fer esport, nous amics i defensar els colors del Submar\u00ed Groc."},{"type":"paragraph","text":"L\u2019esdeveniment se celebrar\u00e0 el divendres 16 de juny, a partir de les 16.30 hores, en el Camp 8 de la Ciutat Esportiva Jos\u00e9 Manuel Llaneza. Per a participar, nom\u00e9s has d\u2019enviar un correu a l\u2019adre\u00e7a edi@villarrealcf.es amb el teu nom complet i edat. T\u2019esperem!"},{"type":"paragraph","text":"A continuaci\u00f3, pots obtindre m\u00e9s informaci\u00f3 sobre els equips EDI del Villarreal CF."}],"buttons":[],"images":[],"widgets":[],"blocks":[{"type":"heading","level":2,"text":"El club groc ha organitzat una jornada de portes obertes el 16 de juny a la Ciutat Esportiva Jos\u00e9 Manuel Llaneza"},{"type":"paragraph","text":"El Villarreal CF busca nous talents per al seu equip EDI (Escola per a Persones amb Discapacitat Intel\u00b7lectual). El club groc ha organitzat una jornada de portes obertes amb l\u2019objectiu de donar a con\u00e9ixer aquest projecte i que els joves amb diversitat funcional de la prov\u00edncia de Castell\u00f3 tinguen l\u2019oportunitat de fer esport, nous amics i defensar els colors del Submar\u00ed Groc."},{"type":"paragraph","text":"L\u2019esdeveniment se celebrar\u00e0 el divendres 16 de juny, a partir de les 16.30 hores, en el Camp 8 de la Ciutat Esportiva Jos\u00e9 Manuel Llaneza. Per a participar, nom\u00e9s has d\u2019enviar un correu a l\u2019adre\u00e7a edi@villarrealcf.es amb el teu nom complet i edat. T\u2019esperem!"},{"type":"paragraph","text":"A continuaci\u00f3, pots obtindre m\u00e9s informaci\u00f3 sobre els equips EDI del Villarreal CF."}]}},"sections":[{"id":"section-1","title":"El club groc ha organitzat una jornada de portes obertes el 16 de juny a la Ciutat Esportiva Jos\u00e9 Manuel Llaneza","text":"El club groc ha organitzat una jornada de portes obertes el 16 de juny a la Ciutat Esportiva Jos\u00e9 Manuel Llaneza El Villarreal CF busca nous talents per al seu equip EDI (Escola per a Persones amb Discapacitat Intel\u00b7lectual). El club groc ha organitzat una jornada de portes obertes amb l\u2019objectiu de donar a con\u00e9ixer aquest projecte i que els joves amb diversitat funcional de la prov\u00edncia de Castell\u00f3 tinguen l\u2019oportunitat de fer esport, nous amics i defensar els colors del Submar\u00ed Groc. L\u2019esdeveniment se celebrar\u00e0 el divendres 16 de juny, a partir de les 16.30 hores, en el Camp 8 de la Ciutat Esportiva Jos\u00e9 Manuel Llaneza. Per a participar, nom\u00e9s has d\u2019enviar un correu a l\u2019adre\u00e7a edi@villarrealcf.es amb el teu nom complet i edat. T\u2019esperem! A continuaci\u00f3, pots obtindre m\u00e9s informaci\u00f3 sobre els equips EDI del Villarreal CF.","url":"","background_image":"","images":[],"videos":[],"links":[]}]},"excerpt":{"rendered":"El club groc ha organitzat una jornada de portes obertes el 16 de juny a la Ciutat Esportiva Jos\u00e9 Manuel Llaneza","protected":false},"author":25,"featured_media":269130,"comment_status":"closed","ping_status":"closed","sticky":false,"template":"","format":"standard","meta":{"_acf_changed":false,"footnotes":""},"categories":[13509],"tags":[9366,10325,9242,9244,717,9270,9227,716,9205,9627,9203],"acf":null,"lang":"val","translations":{"es":269097,"val":269150,"en":269445},"essential_grid":{"has_grid":false},"formatted_date":"June 7, 2023","modified_date":"June 6, 2023","permalink":"https:\/\/villarrealcf.es\/val\/el-villarreal-edi-busca-nous-talents\/","reading_time":1,"featured_media_data":{"id":269130,"title":"edi villarreal","caption":"","alt_text":"","description":"","mime_type":"image\/jpeg","source_url":"https:\/\/villarrealcf.es\/wp-content\/uploads\/2023\/06\/edi-villarreal.jpg","sizes":{"thumbnail":{"url":"https:\/\/villarrealcf.es\/wp-content\/uploads\/2023\/06\/edi-villarreal-1920x1080.jpg","width":1920,"height":1080},"medium":{"url":"https:\/\/villarrealcf.es\/wp-content\/uploads\/2023\/06\/edi-villarreal-1920x1080.jpg","width":1920,"height":1080},"medium_large":{"url":"https:\/\/villarrealcf.es\/wp-content\/uploads\/2023\/06\/edi-villarreal-768x432.jpg","width":768,"height":432},"large":{"url":"https:\/\/villarrealcf.es\/wp-content\/uploads\/2023\/06\/edi-villarreal-1920x1080.jpg","width":788,"height":443},"1536x1536":{"url":"https:\/\/villarrealcf.es\/wp-content\/uploads\/2023\/06\/edi-villarreal-1536x864.jpg","width":1536,"height":864},"2048x2048":{"url":"https:\/\/villarrealcf.es\/wp-content\/uploads\/2023\/06\/edi-villarreal.jpg","width":1920,"height":1080},"tp-image-grid":{"url":"https:\/\/villarrealcf.es\/wp-content\/uploads\/2023\/06\/edi-villarreal-700x700.jpg","width":700,"height":700},"size-bunyad-medium":{"url":"https:\/\/villarrealcf.es\/wp-content\/uploads\/2023\/06\/edi-villarreal-1920x1080.jpg","width":1920,"height":1080},"sportspress-crop-medium":{"url":"https:\/\/villarrealcf.es\/wp-content\/uploads\/2023\/06\/edi-villarreal-300x300.jpg","width":300,"height":300},"sportspress-fit-medium":{"url":"https:\/\/villarrealcf.es\/wp-content\/uploads\/2023\/06\/edi-villarreal-300x169.jpg","width":300,"height":169},"sportspress-fit-icon":{"url":"https:\/\/villarrealcf.es\/wp-content\/uploads\/2023\/06\/edi-villarreal-128x72.jpg","width":128,"height":72},"sportspress-fit-mini":{"url":"https:\/\/villarrealcf.es\/wp-content\/uploads\/2023\/06\/edi-villarreal-32x18.jpg","width":32,"height":18},"bunyad-small":{"url":"https:\/\/villarrealcf.es\/wp-content\/uploads\/2023\/06\/edi-villarreal-150x84.jpg","width":150,"height":84},"bunyad-medium":{"url":"https:\/\/villarrealcf.es\/wp-content\/uploads\/2023\/06\/edi-villarreal-450x253.jpg","width":450,"height":253},"bunyad-full":{"url":"https:\/\/villarrealcf.es\/wp-content\/uploads\/2023\/06\/edi-villarreal-1200x675.jpg","width":1200,"height":675},"bunyad-viewport":{"url":"https:\/\/villarrealcf.es\/wp-content\/uploads\/2023\/06\/edi-villarreal.jpg","width":1920,"height":1080},"bunyad-768":{"url":"https:\/\/villarrealcf.es\/wp-content\/uploads\/2023\/06\/edi-villarreal-768x432.jpg","width":768,"height":432},"full":{"url":"https:\/\/villarrealcf.es\/wp-content\/uploads\/2023\/06\/edi-villarreal.jpg","width":1920,"height":1080}}},"author_data":{"id":"25","name":"Javier Ayuso","first_name":"Javier","last_name":"Ayuso","description":"","avatar_url":"https:\/\/secure.gravatar.com\/avatar\/fcf8894be45988fcce5bbff0efe1790d2a7f4ba57e2c7c898f5068154e696495?s=96&d=mm&r=g","acf":null},"taxonomies_data":{"category":[{"id":13509,"name":"Endavant","slug":"endavant-val","acf":null}],"post_tag":[{"id":9366,"name":"Cantera","slug":"cantera-val","acf":null},{"id":10325,"name":"Cantera Grogueta","slug":"cantera-grogueta-val","acf":null},{"id":9242,"name":"Endavant","slug":"endavant-val-2","acf":null},{"id":9244,"name":"Endavant Solidaritat","slug":"endavant-solidaritat-val-2","acf":null},{"id":717,"name":"Football","slug":"football-d34","acf":null},{"id":9270,"name":"Futbol","slug":"futbol-val","acf":null},{"id":9227,"name":"F\u00fatbol Base","slug":"futbol-base-val","acf":null},{"id":716,"name":"Soccer","slug":"soccer-d105","acf":null},{"id":9205,"name":"Submarino","slug":"submarino-val","acf":null},{"id":9627,"name":"Submarino Amarillo","slug":"submarino-amarillo-val","acf":null},{"id":9203,"name":"Villarreal CF","slug":"villarreal-cf-val","acf":null}],"translation_priority":[{"id":735,"name":"Optional","slug":"optional-val","acf":null}]},"seo_full":{"native":{"title":"El Villarreal EDI busca nous talents - Web Oficial del Villarreal CF","description":"El club groc ha organitzat una jornada de portes obertes el 16 de juny a la Ciutat Esportiva Jos\u00e9 Manuel Llaneza","canonical":"https:\/\/villarrealcf.es\/val\/el-villarreal-edi-busca-nous-talents\/"}},"_links":{"self":[{"href":"https:\/\/villarrealcf.es\/val\/wp-json\/wp\/v2\/posts\/269150","targetHints":{"allow":["GET"]}}],"collection":[{"href":"https:\/\/villarrealcf.es\/val\/wp-json\/wp\/v2\/posts"}],"about":[{"href":"https:\/\/villarrealcf.es\/val\/wp-json\/wp\/v2\/types\/post"}],"author":[{"embeddable":true,"href":"https:\/\/villarrealcf.es\/val\/wp-json\/wp\/v2\/users\/25"}],"replies":[{"embeddable":true,"href":"https:\/\/villarrealcf.es\/val\/wp-json\/wp\/v2\/comments?post=269150"}],"version-history":[{"count":0,"href":"https:\/\/villarrealcf.es\/val\/wp-json\/wp\/v2\/posts\/269150\/revisions"}],"wp:featuredmedia":[{"embeddable":true,"href":"https:\/\/villarrealcf.es\/val\/wp-json\/wp\/v2\/media\/269130"}],"wp:attachment":[{"href":"https:\/\/villarrealcf.es\/val\/wp-json\/wp\/v2\/media?parent=269150"}],"wp:term":[{"taxonomy":"category","embeddable":true,"href":"https:\/\/villarrealcf.es\/val\/wp-json\/wp\/v2\/categories?post=269150"},{"taxonomy":"post_tag","embeddable":true,"href":"https:\/\/villarrealcf.es\/val\/wp-json\/wp\/v2\/tags?post=269150"}],"curies":[{"name":"wp","href":"https:\/\/api.w.org\/{rel}","templated":true}]}}