{"id":268540,"date":"2023-06-01T10:00:53","date_gmt":"2023-06-01T08:00:53","guid":{"rendered":"https:\/\/villarrealcf.es\/\/espectacular-jornada-en-benicarlo-con-la-copa-endavant-3x3\/"},"modified":"2023-06-02T13:52:51","modified_gmt":"2023-06-02T11:52:51","slug":"espectacular-jornada-a-benicarlo-amb-la-copa-endavant-3x3","status":"publish","type":"post","link":"https:\/\/villarrealcf.es\/val\/espectacular-jornada-a-benicarlo-amb-la-copa-endavant-3x3\/","title":{"rendered":"Espectacular jornada a Benicarl\u00f3 amb la Copa Endavant 3&#215;3"},"content":{"protected":false,"blocks":[{"type":"heading","level":2,"text":"Los Futbol\u00edsimos en la Categoria Blau i Los Campeones en la Groc van ser els campions de la pen\u00faltima jornada del torneig"},{"type":"paragraph","text":"La Copa Endavant va arribar aquest dimecres a Benicarl\u00f3 en l\u2019\u00faltima jornada del torneig -abans de la gran final- que es va celebrar en el Camp Municipal \u00c1ngel \u2018Pichi\u2019 Alonso. El Tour Centenari Groguet va reunir aquesta vegada a un total de 125 participants dividits en 36 equips entre dues categories: la Groc per als nascuts entre 2011 i 2013 i la Blau per als nascuts entre 2014 i 2016. El torneig va garantir la diversi\u00f3 de tots els participants, que van obtindre una samarreta grogueta especial per a disputar el certamen, aix\u00ed com una motxilla amb un pack de benvinguda."},{"type":"paragraph","text":"Els guanyadors van ser Los Campeones en la categoria Groc i Los Futbol\u00edsimos en la Categoria Blau. A m\u00e9s de segellar la seua passada per a la gran final del torneig que es disputar\u00e0 el pr\u00f2xim 10 de juny sobre la gespa de l\u2019Estadio de la Cer\u00e1mica, van rebre les seues merescudes medalles de campions de la m\u00e0 de la llegenda grogueta i ambaixador del club, Marcos Senna; de l\u2019alcaldessa Xaro Miralles i del regidor d\u2019esports Fernando Jovan\u00ed."},{"type":"paragraph","text":"A m\u00e9s, el Villarreal CF va portar a Benicarl\u00f3 el trofeu de la UEFA Europa League, conquistat en la temporada 2020\/21 va estar exposat perqu\u00e8 els aficionats es fotografiaren amb ell."},{"type":"paragraph","text":"A m\u00e9s de la ciutat del Baix Maestrat, la reeixida competici\u00f3, s\u2019ha disputat a Segorbe, Almassora, Benic\u00e0ssim, Nules, La Vall d\u2019Uix\u00f3, Vinar\u00f2s, Vila-real, Borriana, L\u2019Alcora, Morella i Onda."},{"type":"video","kind":"iframe","url":"https:\/\/www.youtube.com\/embed\/xPSYh7V-Jsw?feature=oembed","poster":""}],"structured":{"summary":{"text":"Los Futbol\u00edsimos en la Categoria Blau i Los Campeones en la Groc van ser els campions de la pen\u00faltima jornada del torneig La Copa Endavant va arribar aquest dimecres a Benicarl\u00f3 en l\u2019\u00faltima jornada del torneig -abans de la gran final- que es va celebrar en el Camp Municipal \u00c1ngel \u2018Pichi\u2019 Alonso. El Tour Centenari Groguet va reunir aquesta vegada a un total de 125 participants dividits en 36 equips entre dues categories: la Groc per als nascuts entre 2011 i 2013 i la Blau per als nascuts entre 2014 i 2016. El torneig va garantir la diversi\u00f3 de tots els participants, que van obtindre una samarreta grogueta especial per a disputar el certamen, aix\u00ed com una motxilla amb un pack de benvinguda. Els guanyadors van ser Los Campeones en la categoria Groc i Los Futbol\u00edsimos en la Categoria Blau. A m\u00e9s de segellar la seua passada per a la gran final del torneig que es disputar\u00e0 el pr\u00f2xim 10 de juny sobre la gespa de l\u2019Estadio de la Cer\u00e1mica, van rebre les seues merescudes medalles de campions de la m\u00e0 de la llegenda grogueta i ambaixador del club, Marcos Senna; de l\u2019alcaldessa Xaro Miralles i del regidor d\u2019esports Fernando Jovan\u00ed. A m\u00e9s, el Villarreal CF va portar a Benicarl\u00f3 el trofeu de la UEFA Europa League, conquistat en la temporada 2020\/21 va estar exposat perqu\u00e8 els aficionats es fotografiaren amb ell. A m\u00e9s de la ciutat del Baix Maestrat, la reeixida competici\u00f3, s\u2019ha disputat a Segorbe, Almassora, Benic\u00e0ssim, Nules, La Vall d\u2019Uix\u00f3, Vinar\u00f2s, Vila-real, Borriana, L\u2019Alcora, Morella i Onda.","headings":[{"type":"heading","level":2,"text":"Los Futbol\u00edsimos en la Categoria Blau i Los Campeones en la Groc van ser els campions de la pen\u00faltima jornada del torneig"}],"buttons":[],"images":[],"counts":{"blocks":6,"headings":1,"texts":4,"buttons":0,"images":0}},"sections":[{"id":"section-1","title":"Los Futbol\u00edsimos en la Categoria Blau i Los Campeones en la Groc van ser els campions de la pen\u00faltima jornada del torneig","text":"Los Futbol\u00edsimos en la Categoria Blau i Los Campeones en la Groc van ser els campions de la pen\u00faltima jornada del torneig La Copa Endavant va arribar aquest dimecres a Benicarl\u00f3 en l\u2019\u00faltima jornada del torneig -abans de la gran final- que es va celebrar en el Camp Municipal \u00c1ngel \u2018Pichi\u2019 Alonso. El Tour Centenari Groguet va reunir aquesta vegada a un total de 125 participants dividits en 36 equips entre dues categories: la Groc per als nascuts entre 2011 i 2013 i la Blau per als nascuts entre 2014 i 2016. El torneig va garantir la diversi\u00f3 de tots els participants, que van obtindre una samarreta grogueta especial per a disputar el certamen, aix\u00ed com una motxilla amb un pack de benvinguda. Els guanyadors van ser Los Campeones en la categoria Groc i Los Futbol\u00edsimos en la Categoria Blau. A m\u00e9s de segellar la seua passada per a la gran final del torneig que es disputar\u00e0 el pr\u00f2xim 10 de juny sobre la gespa de l\u2019Estadio de la Cer\u00e1mica, van rebre les seues merescudes medalles de campions de la m\u00e0 de la llegenda grogueta i ambaixador del club, Marcos Senna; de l\u2019alcaldessa Xaro Miralles i del regidor d\u2019esports Fernando Jovan\u00ed. A m\u00e9s, el Villarreal CF va portar a Benicarl\u00f3 el trofeu de la UEFA Europa League, conquistat en la temporada 2020\/21 va estar exposat perqu\u00e8 els aficionats es fotografiaren amb ell. A m\u00e9s de la ciutat del Baix Maestrat, la reeixida competici\u00f3, s\u2019ha disputat a Segorbe, Almassora, Benic\u00e0ssim, Nules, La Vall d\u2019Uix\u00f3, Vinar\u00f2s, Vila-real, Borriana, L\u2019Alcora, Morella i Onda.","headings":[{"type":"heading","level":2,"text":"Los Futbol\u00edsimos en la Categoria Blau i Los Campeones en la Groc van ser els campions de la pen\u00faltima jornada del torneig"}],"texts":[{"type":"paragraph","text":"La Copa Endavant va arribar aquest dimecres a Benicarl\u00f3 en l\u2019\u00faltima jornada del torneig -abans de la gran final- que es va celebrar en el Camp Municipal \u00c1ngel \u2018Pichi\u2019 Alonso. El Tour Centenari Groguet va reunir aquesta vegada a un total de 125 participants dividits en 36 equips entre dues categories: la Groc per als nascuts entre 2011 i 2013 i la Blau per als nascuts entre 2014 i 2016. El torneig va garantir la diversi\u00f3 de tots els participants, que van obtindre una samarreta grogueta especial per a disputar el certamen, aix\u00ed com una motxilla amb un pack de benvinguda."},{"type":"paragraph","text":"Els guanyadors van ser Los Campeones en la categoria Groc i Los Futbol\u00edsimos en la Categoria Blau. A m\u00e9s de segellar la seua passada per a la gran final del torneig que es disputar\u00e0 el pr\u00f2xim 10 de juny sobre la gespa de l\u2019Estadio de la Cer\u00e1mica, van rebre les seues merescudes medalles de campions de la m\u00e0 de la llegenda grogueta i ambaixador del club, Marcos Senna; de l\u2019alcaldessa Xaro Miralles i del regidor d\u2019esports Fernando Jovan\u00ed."},{"type":"paragraph","text":"A m\u00e9s, el Villarreal CF va portar a Benicarl\u00f3 el trofeu de la UEFA Europa League, conquistat en la temporada 2020\/21 va estar exposat perqu\u00e8 els aficionats es fotografiaren amb ell."},{"type":"paragraph","text":"A m\u00e9s de la ciutat del Baix Maestrat, la reeixida competici\u00f3, s\u2019ha disputat a Segorbe, Almassora, Benic\u00e0ssim, Nules, La Vall d\u2019Uix\u00f3, Vinar\u00f2s, Vila-real, Borriana, L\u2019Alcora, Morella i Onda."}],"buttons":[],"images":[],"widgets":[],"blocks":[{"type":"heading","level":2,"text":"Los Futbol\u00edsimos en la Categoria Blau i Los Campeones en la Groc van ser els campions de la pen\u00faltima jornada del torneig"},{"type":"paragraph","text":"La Copa Endavant va arribar aquest dimecres a Benicarl\u00f3 en l\u2019\u00faltima jornada del torneig -abans de la gran final- que es va celebrar en el Camp Municipal \u00c1ngel \u2018Pichi\u2019 Alonso. El Tour Centenari Groguet va reunir aquesta vegada a un total de 125 participants dividits en 36 equips entre dues categories: la Groc per als nascuts entre 2011 i 2013 i la Blau per als nascuts entre 2014 i 2016. El torneig va garantir la diversi\u00f3 de tots els participants, que van obtindre una samarreta grogueta especial per a disputar el certamen, aix\u00ed com una motxilla amb un pack de benvinguda."},{"type":"paragraph","text":"Els guanyadors van ser Los Campeones en la categoria Groc i Los Futbol\u00edsimos en la Categoria Blau. A m\u00e9s de segellar la seua passada per a la gran final del torneig que es disputar\u00e0 el pr\u00f2xim 10 de juny sobre la gespa de l\u2019Estadio de la Cer\u00e1mica, van rebre les seues merescudes medalles de campions de la m\u00e0 de la llegenda grogueta i ambaixador del club, Marcos Senna; de l\u2019alcaldessa Xaro Miralles i del regidor d\u2019esports Fernando Jovan\u00ed."},{"type":"paragraph","text":"A m\u00e9s, el Villarreal CF va portar a Benicarl\u00f3 el trofeu de la UEFA Europa League, conquistat en la temporada 2020\/21 va estar exposat perqu\u00e8 els aficionats es fotografiaren amb ell."},{"type":"paragraph","text":"A m\u00e9s de la ciutat del Baix Maestrat, la reeixida competici\u00f3, s\u2019ha disputat a Segorbe, Almassora, Benic\u00e0ssim, Nules, La Vall d\u2019Uix\u00f3, Vinar\u00f2s, Vila-real, Borriana, L\u2019Alcora, Morella i Onda."},{"type":"video","kind":"iframe","url":"https:\/\/www.youtube.com\/embed\/xPSYh7V-Jsw?feature=oembed","poster":""}]}],"hero":{"id":"section-1","title":"Los Futbol\u00edsimos en la Categoria Blau i Los Campeones en la Groc van ser els campions de la pen\u00faltima jornada del torneig","text":"Los Futbol\u00edsimos en la Categoria Blau i Los Campeones en la Groc van ser els campions de la pen\u00faltima jornada del torneig La Copa Endavant va arribar aquest dimecres a Benicarl\u00f3 en l\u2019\u00faltima jornada del torneig -abans de la gran final- que es va celebrar en el Camp Municipal \u00c1ngel \u2018Pichi\u2019 Alonso. El Tour Centenari Groguet va reunir aquesta vegada a un total de 125 participants dividits en 36 equips entre dues categories: la Groc per als nascuts entre 2011 i 2013 i la Blau per als nascuts entre 2014 i 2016. El torneig va garantir la diversi\u00f3 de tots els participants, que van obtindre una samarreta grogueta especial per a disputar el certamen, aix\u00ed com una motxilla amb un pack de benvinguda. Els guanyadors van ser Los Campeones en la categoria Groc i Los Futbol\u00edsimos en la Categoria Blau. A m\u00e9s de segellar la seua passada per a la gran final del torneig que es disputar\u00e0 el pr\u00f2xim 10 de juny sobre la gespa de l\u2019Estadio de la Cer\u00e1mica, van rebre les seues merescudes medalles de campions de la m\u00e0 de la llegenda grogueta i ambaixador del club, Marcos Senna; de l\u2019alcaldessa Xaro Miralles i del regidor d\u2019esports Fernando Jovan\u00ed. A m\u00e9s, el Villarreal CF va portar a Benicarl\u00f3 el trofeu de la UEFA Europa League, conquistat en la temporada 2020\/21 va estar exposat perqu\u00e8 els aficionats es fotografiaren amb ell. A m\u00e9s de la ciutat del Baix Maestrat, la reeixida competici\u00f3, s\u2019ha disputat a Segorbe, Almassora, Benic\u00e0ssim, Nules, La Vall d\u2019Uix\u00f3, Vinar\u00f2s, Vila-real, Borriana, L\u2019Alcora, Morella i Onda.","headings":[{"type":"heading","level":2,"text":"Los Futbol\u00edsimos en la Categoria Blau i Los Campeones en la Groc van ser els campions de la pen\u00faltima jornada del torneig"}],"texts":[{"type":"paragraph","text":"La Copa Endavant va arribar aquest dimecres a Benicarl\u00f3 en l\u2019\u00faltima jornada del torneig -abans de la gran final- que es va celebrar en el Camp Municipal \u00c1ngel \u2018Pichi\u2019 Alonso. El Tour Centenari Groguet va reunir aquesta vegada a un total de 125 participants dividits en 36 equips entre dues categories: la Groc per als nascuts entre 2011 i 2013 i la Blau per als nascuts entre 2014 i 2016. El torneig va garantir la diversi\u00f3 de tots els participants, que van obtindre una samarreta grogueta especial per a disputar el certamen, aix\u00ed com una motxilla amb un pack de benvinguda."},{"type":"paragraph","text":"Els guanyadors van ser Los Campeones en la categoria Groc i Los Futbol\u00edsimos en la Categoria Blau. A m\u00e9s de segellar la seua passada per a la gran final del torneig que es disputar\u00e0 el pr\u00f2xim 10 de juny sobre la gespa de l\u2019Estadio de la Cer\u00e1mica, van rebre les seues merescudes medalles de campions de la m\u00e0 de la llegenda grogueta i ambaixador del club, Marcos Senna; de l\u2019alcaldessa Xaro Miralles i del regidor d\u2019esports Fernando Jovan\u00ed."},{"type":"paragraph","text":"A m\u00e9s, el Villarreal CF va portar a Benicarl\u00f3 el trofeu de la UEFA Europa League, conquistat en la temporada 2020\/21 va estar exposat perqu\u00e8 els aficionats es fotografiaren amb ell."},{"type":"paragraph","text":"A m\u00e9s de la ciutat del Baix Maestrat, la reeixida competici\u00f3, s\u2019ha disputat a Segorbe, Almassora, Benic\u00e0ssim, Nules, La Vall d\u2019Uix\u00f3, Vinar\u00f2s, Vila-real, Borriana, L\u2019Alcora, Morella i Onda."}],"buttons":[],"images":[],"widgets":[],"blocks":[{"type":"heading","level":2,"text":"Los Futbol\u00edsimos en la Categoria Blau i Los Campeones en la Groc van ser els campions de la pen\u00faltima jornada del torneig"},{"type":"paragraph","text":"La Copa Endavant va arribar aquest dimecres a Benicarl\u00f3 en l\u2019\u00faltima jornada del torneig -abans de la gran final- que es va celebrar en el Camp Municipal \u00c1ngel \u2018Pichi\u2019 Alonso. El Tour Centenari Groguet va reunir aquesta vegada a un total de 125 participants dividits en 36 equips entre dues categories: la Groc per als nascuts entre 2011 i 2013 i la Blau per als nascuts entre 2014 i 2016. El torneig va garantir la diversi\u00f3 de tots els participants, que van obtindre una samarreta grogueta especial per a disputar el certamen, aix\u00ed com una motxilla amb un pack de benvinguda."},{"type":"paragraph","text":"Els guanyadors van ser Los Campeones en la categoria Groc i Los Futbol\u00edsimos en la Categoria Blau. A m\u00e9s de segellar la seua passada per a la gran final del torneig que es disputar\u00e0 el pr\u00f2xim 10 de juny sobre la gespa de l\u2019Estadio de la Cer\u00e1mica, van rebre les seues merescudes medalles de campions de la m\u00e0 de la llegenda grogueta i ambaixador del club, Marcos Senna; de l\u2019alcaldessa Xaro Miralles i del regidor d\u2019esports Fernando Jovan\u00ed."},{"type":"paragraph","text":"A m\u00e9s, el Villarreal CF va portar a Benicarl\u00f3 el trofeu de la UEFA Europa League, conquistat en la temporada 2020\/21 va estar exposat perqu\u00e8 els aficionats es fotografiaren amb ell."},{"type":"paragraph","text":"A m\u00e9s de la ciutat del Baix Maestrat, la reeixida competici\u00f3, s\u2019ha disputat a Segorbe, Almassora, Benic\u00e0ssim, Nules, La Vall d\u2019Uix\u00f3, Vinar\u00f2s, Vila-real, Borriana, L\u2019Alcora, Morella i Onda."},{"type":"video","kind":"iframe","url":"https:\/\/www.youtube.com\/embed\/xPSYh7V-Jsw?feature=oembed","poster":""}]}},"sections":[{"id":"section-1","title":"Los Futbol\u00edsimos en la Categoria Blau i Los Campeones en la Groc van ser els campions de la pen\u00faltima jornada del torneig","text":"Los Futbol\u00edsimos en la Categoria Blau i Los Campeones en la Groc van ser els campions de la pen\u00faltima jornada del torneig La Copa Endavant va arribar aquest dimecres a Benicarl\u00f3 en l\u2019\u00faltima jornada del torneig -abans de la gran final- que es va celebrar en el Camp Municipal \u00c1ngel \u2018Pichi\u2019 Alonso. El Tour Centenari Groguet va reunir aquesta vegada a un total de 125 participants dividits en 36 equips entre dues categories: la Groc per als nascuts entre 2011 i 2013 i la Blau per als nascuts entre 2014 i 2016. El torneig va garantir la diversi\u00f3 de tots els participants, que van obtindre una samarreta grogueta especial per a disputar el certamen, aix\u00ed com una motxilla amb un pack de benvinguda. Els guanyadors van ser Los Campeones en la categoria Groc i Los Futbol\u00edsimos en la Categoria Blau. A m\u00e9s de segellar la seua passada per a la gran final del torneig que es disputar\u00e0 el pr\u00f2xim 10 de juny sobre la gespa de l\u2019Estadio de la Cer\u00e1mica, van rebre les seues merescudes medalles de campions de la m\u00e0 de la llegenda grogueta i ambaixador del club, Marcos Senna; de l\u2019alcaldessa Xaro Miralles i del regidor d\u2019esports Fernando Jovan\u00ed. A m\u00e9s, el Villarreal CF va portar a Benicarl\u00f3 el trofeu de la UEFA Europa League, conquistat en la temporada 2020\/21 va estar exposat perqu\u00e8 els aficionats es fotografiaren amb ell. A m\u00e9s de la ciutat del Baix Maestrat, la reeixida competici\u00f3, s\u2019ha disputat a Segorbe, Almassora, Benic\u00e0ssim, Nules, La Vall d\u2019Uix\u00f3, Vinar\u00f2s, Vila-real, Borriana, L\u2019Alcora, Morella i Onda.","url":"","background_image":"","images":[],"videos":[{"type":"video","kind":"iframe","url":"https:\/\/www.youtube.com\/embed\/xPSYh7V-Jsw?feature=oembed","poster":""}],"links":[]}]},"excerpt":{"rendered":"Los Futbol\u00edsimos en la Categoria Blau i Los Campeones en la Groc van ser els campions de la pen\u00faltima jornada del torneig","protected":false},"author":33,"featured_media":268523,"comment_status":"closed","ping_status":"closed","sticky":false,"template":"","format":"standard","meta":{"_acf_changed":false,"footnotes":""},"categories":[13493],"tags":[10325,9664,14109,9242,717,9270,716,9205,9627,14076,9203],"acf":null,"lang":"val","translations":{"es":267951,"val":268540,"en":268589},"essential_grid":{"has_grid":false},"formatted_date":"June 1, 2023","modified_date":"June 2, 2023","permalink":"https:\/\/villarrealcf.es\/val\/espectacular-jornada-a-benicarlo-amb-la-copa-endavant-3x3\/","reading_time":2,"featured_media_data":{"id":268523,"title":"WhatsApp Image 2023-05-31 at 20.19.26","caption":"","alt_text":"","description":"","mime_type":"image\/jpeg","source_url":"https:\/\/villarrealcf.es\/wp-content\/uploads\/2023\/05\/WhatsApp-Image-2023-05-31-at-20.19.26.jpg","sizes":{"thumbnail":{"url":"https:\/\/villarrealcf.es\/wp-content\/uploads\/2023\/05\/WhatsApp-Image-2023-05-31-at-20.19.26-1920x1080.jpg","width":1920,"height":1080},"medium":{"url":"https:\/\/villarrealcf.es\/wp-content\/uploads\/2023\/05\/WhatsApp-Image-2023-05-31-at-20.19.26-1920x1080.jpg","width":1920,"height":1080},"medium_large":{"url":"https:\/\/villarrealcf.es\/wp-content\/uploads\/2023\/05\/WhatsApp-Image-2023-05-31-at-20.19.26-768x432.jpg","width":768,"height":432},"large":{"url":"https:\/\/villarrealcf.es\/wp-content\/uploads\/2023\/05\/WhatsApp-Image-2023-05-31-at-20.19.26-1920x1080.jpg","width":788,"height":443},"1536x1536":{"url":"https:\/\/villarrealcf.es\/wp-content\/uploads\/2023\/05\/WhatsApp-Image-2023-05-31-at-20.19.26-1536x864.jpg","width":1536,"height":864},"2048x2048":{"url":"https:\/\/villarrealcf.es\/wp-content\/uploads\/2023\/05\/WhatsApp-Image-2023-05-31-at-20.19.26.jpg","width":1920,"height":1080},"tp-image-grid":{"url":"https:\/\/villarrealcf.es\/wp-content\/uploads\/2023\/05\/WhatsApp-Image-2023-05-31-at-20.19.26-700x700.jpg","width":700,"height":700},"size-bunyad-medium":{"url":"https:\/\/villarrealcf.es\/wp-content\/uploads\/2023\/05\/WhatsApp-Image-2023-05-31-at-20.19.26-1920x1080.jpg","width":1920,"height":1080},"sportspress-crop-medium":{"url":"https:\/\/villarrealcf.es\/wp-content\/uploads\/2023\/05\/WhatsApp-Image-2023-05-31-at-20.19.26-300x300.jpg","width":300,"height":300},"sportspress-fit-medium":{"url":"https:\/\/villarrealcf.es\/wp-content\/uploads\/2023\/05\/WhatsApp-Image-2023-05-31-at-20.19.26-300x169.jpg","width":300,"height":169},"sportspress-fit-icon":{"url":"https:\/\/villarrealcf.es\/wp-content\/uploads\/2023\/05\/WhatsApp-Image-2023-05-31-at-20.19.26-128x72.jpg","width":128,"height":72},"sportspress-fit-mini":{"url":"https:\/\/villarrealcf.es\/wp-content\/uploads\/2023\/05\/WhatsApp-Image-2023-05-31-at-20.19.26-32x18.jpg","width":32,"height":18},"bunyad-small":{"url":"https:\/\/villarrealcf.es\/wp-content\/uploads\/2023\/05\/WhatsApp-Image-2023-05-31-at-20.19.26-150x84.jpg","width":150,"height":84},"bunyad-medium":{"url":"https:\/\/villarrealcf.es\/wp-content\/uploads\/2023\/05\/WhatsApp-Image-2023-05-31-at-20.19.26-450x253.jpg","width":450,"height":253},"bunyad-full":{"url":"https:\/\/villarrealcf.es\/wp-content\/uploads\/2023\/05\/WhatsApp-Image-2023-05-31-at-20.19.26-1200x675.jpg","width":1200,"height":675},"bunyad-viewport":{"url":"https:\/\/villarrealcf.es\/wp-content\/uploads\/2023\/05\/WhatsApp-Image-2023-05-31-at-20.19.26.jpg","width":1920,"height":1080},"bunyad-768":{"url":"https:\/\/villarrealcf.es\/wp-content\/uploads\/2023\/05\/WhatsApp-Image-2023-05-31-at-20.19.26-768x432.jpg","width":768,"height":432},"full":{"url":"https:\/\/villarrealcf.es\/wp-content\/uploads\/2023\/05\/WhatsApp-Image-2023-05-31-at-20.19.26.jpg","width":1920,"height":1080}}},"author_data":{"id":"33","name":"Nacho Tejada","first_name":"Nacho","last_name":"Tejada","description":"","avatar_url":"https:\/\/secure.gravatar.com\/avatar\/b1580534b2fcd93e031504756165758941290488df5c88966a26f84344931fd1?s=96&d=mm&r=g","acf":null},"taxonomies_data":{"category":[{"id":13493,"name":"Primer equip","slug":"primer-equip","acf":null}],"post_tag":[{"id":10325,"name":"Cantera Grogueta","slug":"cantera-grogueta-val","acf":null},{"id":9664,"name":"Centenari Groguet","slug":"centenari-groguet-val","acf":null},{"id":14109,"name":"Copa Endavant 3&#215;3","slug":"copa-endavant-3x3-val","acf":null},{"id":9242,"name":"Endavant","slug":"endavant-val-2","acf":null},{"id":717,"name":"Football","slug":"football-d34","acf":null},{"id":9270,"name":"Futbol","slug":"futbol-val","acf":null},{"id":716,"name":"Soccer","slug":"soccer-d105","acf":null},{"id":9205,"name":"Submarino","slug":"submarino-val","acf":null},{"id":9627,"name":"Submarino Amarillo","slug":"submarino-amarillo-val","acf":null},{"id":14076,"name":"Tour Centenario Groguet","slug":"tour-centenario-groguet-val","acf":null},{"id":9203,"name":"Villarreal CF","slug":"villarreal-cf-val","acf":null}],"translation_priority":[{"id":735,"name":"Optional","slug":"optional-val","acf":null}]},"seo_full":{"native":{"title":"Espectacular jornada a Benicarl\u00f3 amb la Copa Endavant 3&#215;3 - Web Oficial del Villarreal CF","description":"Los Futbol\u00edsimos en la Categoria Blau i Los Campeones en la Groc van ser els campions de la pen\u00faltima jornada del torneig","canonical":"https:\/\/villarrealcf.es\/val\/espectacular-jornada-a-benicarlo-amb-la-copa-endavant-3x3\/"}},"_links":{"self":[{"href":"https:\/\/villarrealcf.es\/val\/wp-json\/wp\/v2\/posts\/268540","targetHints":{"allow":["GET"]}}],"collection":[{"href":"https:\/\/villarrealcf.es\/val\/wp-json\/wp\/v2\/posts"}],"about":[{"href":"https:\/\/villarrealcf.es\/val\/wp-json\/wp\/v2\/types\/post"}],"author":[{"embeddable":true,"href":"https:\/\/villarrealcf.es\/val\/wp-json\/wp\/v2\/users\/33"}],"replies":[{"embeddable":true,"href":"https:\/\/villarrealcf.es\/val\/wp-json\/wp\/v2\/comments?post=268540"}],"version-history":[{"count":0,"href":"https:\/\/villarrealcf.es\/val\/wp-json\/wp\/v2\/posts\/268540\/revisions"}],"wp:featuredmedia":[{"embeddable":true,"href":"https:\/\/villarrealcf.es\/val\/wp-json\/wp\/v2\/media\/268523"}],"wp:attachment":[{"href":"https:\/\/villarrealcf.es\/val\/wp-json\/wp\/v2\/media?parent=268540"}],"wp:term":[{"taxonomy":"category","embeddable":true,"href":"https:\/\/villarrealcf.es\/val\/wp-json\/wp\/v2\/categories?post=268540"},{"taxonomy":"post_tag","embeddable":true,"href":"https:\/\/villarrealcf.es\/val\/wp-json\/wp\/v2\/tags?post=268540"}],"curies":[{"name":"wp","href":"https:\/\/api.w.org\/{rel}","templated":true}]}}