{"id":267945,"date":"2023-05-31T11:03:29","date_gmt":"2023-05-31T09:03:29","guid":{"rendered":"https:\/\/villarrealcf.es\/\/detalle-con-los-patrocinadores-del-estadio-de-la-ceramica\/"},"modified":"2023-05-31T16:56:42","modified_gmt":"2023-05-31T14:56:42","slug":"detalle-con-los-patrocinadores-del-estadio-de-la-ceramica","status":"publish","type":"post","link":"https:\/\/villarrealcf.es\/val\/detalle-con-los-patrocinadores-del-estadio-de-la-ceramica\/","title":{"rendered":"Detall amb els patrocinadors de l&#8217;Estadi de la Cer\u00e0mica"},"content":{"protected":false,"blocks":[{"type":"text","widget":"text-editor","text":"El club ha volgut recon\u00e8ixer el suport de fins a vuit prestigioses empreses en el menjar de final de temporada El Villarreal CF ha aprofitat l\u2019esdeveniment del dinar de final de temporada per a rendir tribut als principals patrocinadors de l\u2019Estadi de la Cer\u00e0mica. El Villarreal CF ha regalat un imponent trencad\u00eds de cer\u00e0mica commemoratiu a Pamesa Cer\u00e1mica, Argenta, Torrecid, Colorobbia, Porcelanosa, Altadia, Bestile i Vidres. Moltes gr\u00e0cies pel vostre suport!","paragraphs":["El Villarreal CF ha aprofitat l\u2019esdeveniment del dinar de final de temporada per a rendir tribut als principals patrocinadors de l\u2019Estadi de la Cer\u00e0mica. El Villarreal CF ha regalat un imponent trencad\u00eds de cer\u00e0mica commemoratiu a Pamesa Cer\u00e1mica, Argenta, Torrecid, Colorobbia, Porcelanosa, Altadia, Bestile i Vidres.","Moltes gr\u00e0cies pel vostre suport!"]},{"type":"gallery","widget":"gallery","items":[{"url":"https:\/\/villarrealcf.es\/wp-content\/uploads\/2023\/05\/20230531-ComidaFinalTemporada22-23-003-scaled.jpg","title":"20230531-ComidaFinalTemporada22-23-003","thumbnail":"https:\/\/villarrealcf.es\/wp-content\/uploads\/2023\/05\/20230531-ComidaFinalTemporada22-23-003-scaled.jpg","width":0,"height":0},{"url":"https:\/\/villarrealcf.es\/wp-content\/uploads\/2023\/05\/20230531-ComidaFinalTemporada22-23-004-scaled.jpg","title":"20230531-ComidaFinalTemporada22-23-004","thumbnail":"https:\/\/villarrealcf.es\/wp-content\/uploads\/2023\/05\/20230531-ComidaFinalTemporada22-23-004-scaled.jpg","width":0,"height":0},{"url":"https:\/\/villarrealcf.es\/wp-content\/uploads\/2023\/05\/20230531-ComidaFinalTemporada22-23-005-scaled.jpg","title":"20230531-ComidaFinalTemporada22-23-005","thumbnail":"https:\/\/villarrealcf.es\/wp-content\/uploads\/2023\/05\/20230531-ComidaFinalTemporada22-23-005-scaled.jpg","width":0,"height":0},{"url":"https:\/\/villarrealcf.es\/wp-content\/uploads\/2023\/05\/20230531-ComidaFinalTemporada22-23-006-scaled.jpg","title":"20230531-ComidaFinalTemporada22-23-006","thumbnail":"https:\/\/villarrealcf.es\/wp-content\/uploads\/2023\/05\/20230531-ComidaFinalTemporada22-23-006-scaled.jpg","width":0,"height":0},{"url":"https:\/\/villarrealcf.es\/wp-content\/uploads\/2023\/05\/20230531-ComidaFinalTemporada22-23-007-scaled.jpg","title":"20230531-ComidaFinalTemporada22-23-007","thumbnail":"https:\/\/villarrealcf.es\/wp-content\/uploads\/2023\/05\/20230531-ComidaFinalTemporada22-23-007-scaled.jpg","width":0,"height":0},{"url":"https:\/\/villarrealcf.es\/wp-content\/uploads\/2023\/05\/20230531-ComidaFinalTemporada22-23-008-scaled.jpg","title":"20230531-ComidaFinalTemporada22-23-008","thumbnail":"https:\/\/villarrealcf.es\/wp-content\/uploads\/2023\/05\/20230531-ComidaFinalTemporada22-23-008-scaled.jpg","width":0,"height":0},{"url":"https:\/\/villarrealcf.es\/wp-content\/uploads\/2023\/05\/20230531-ComidaFinalTemporada22-23-009-scaled.jpg","title":"20230531-ComidaFinalTemporada22-23-009","thumbnail":"https:\/\/villarrealcf.es\/wp-content\/uploads\/2023\/05\/20230531-ComidaFinalTemporada22-23-009-scaled.jpg","width":0,"height":0},{"url":"https:\/\/villarrealcf.es\/wp-content\/uploads\/2023\/05\/20230531-ComidaFinalTemporada22-23-010-scaled.jpg","title":"20230531-ComidaFinalTemporada22-23-010","thumbnail":"https:\/\/villarrealcf.es\/wp-content\/uploads\/2023\/05\/20230531-ComidaFinalTemporada22-23-010-scaled.jpg","width":0,"height":0}]}],"structured":{"summary":{"text":"El club ha volgut recon\u00e8ixer el suport de fins a vuit prestigioses empreses en el menjar de final de temporada El Villarreal CF ha aprofitat l\u2019esdeveniment del dinar de final de temporada per a rendir tribut als principals patrocinadors de l\u2019Estadi de la Cer\u00e0mica. El Villarreal CF ha regalat un imponent trencad\u00eds de cer\u00e0mica commemoratiu a Pamesa Cer\u00e1mica, Argenta, Torrecid, Colorobbia, Porcelanosa, Altadia, Bestile i Vidres. Moltes gr\u00e0cies pel vostre suport!","headings":[],"buttons":[],"images":[],"counts":{"blocks":2,"headings":0,"texts":1,"buttons":0,"images":0},"containers":2},"sections":[{"id":"38a7b40b","type":"container","classes":["elementor-section","elementor-top-section","elementor-element","elementor-element-38a7b40b","elementor-section-boxed","elementor-section-height-default"],"title":"","text":"El club ha volgut recon\u00e8ixer el suport de fins a vuit prestigioses empreses en el menjar de final de temporada El Villarreal CF ha aprofitat l\u2019esdeveniment del dinar de final de temporada per a rendir tribut als principals patrocinadors de l\u2019Estadi de la Cer\u00e0mica. El Villarreal CF ha regalat un imponent trencad\u00eds de cer\u00e0mica commemoratiu a Pamesa Cer\u00e1mica, Argenta, Torrecid, Colorobbia, Porcelanosa, Altadia, Bestile i Vidres. Moltes gr\u00e0cies pel vostre suport!","headings":[],"texts":[{"type":"text","widget":"text-editor","text":"El club ha volgut recon\u00e8ixer el suport de fins a vuit prestigioses empreses en el menjar de final de temporada El Villarreal CF ha aprofitat l\u2019esdeveniment del dinar de final de temporada per a rendir tribut als principals patrocinadors de l\u2019Estadi de la Cer\u00e0mica. El Villarreal CF ha regalat un imponent trencad\u00eds de cer\u00e0mica commemoratiu a Pamesa Cer\u00e1mica, Argenta, Torrecid, Colorobbia, Porcelanosa, Altadia, Bestile i Vidres. Moltes gr\u00e0cies pel vostre suport!","paragraphs":["El Villarreal CF ha aprofitat l\u2019esdeveniment del dinar de final de temporada per a rendir tribut als principals patrocinadors de l\u2019Estadi de la Cer\u00e0mica. El Villarreal CF ha regalat un imponent trencad\u00eds de cer\u00e0mica commemoratiu a Pamesa Cer\u00e1mica, Argenta, Torrecid, Colorobbia, Porcelanosa, Altadia, Bestile i Vidres.","Moltes gr\u00e0cies pel vostre suport!"]}],"buttons":[],"images":[],"widgets":["text-editor"],"blocks":[{"type":"text","widget":"text-editor","text":"El club ha volgut recon\u00e8ixer el suport de fins a vuit prestigioses empreses en el menjar de final de temporada El Villarreal CF ha aprofitat l\u2019esdeveniment del dinar de final de temporada per a rendir tribut als principals patrocinadors de l\u2019Estadi de la Cer\u00e0mica. El Villarreal CF ha regalat un imponent trencad\u00eds de cer\u00e0mica commemoratiu a Pamesa Cer\u00e1mica, Argenta, Torrecid, Colorobbia, Porcelanosa, Altadia, Bestile i Vidres. Moltes gr\u00e0cies pel vostre suport!","paragraphs":["El Villarreal CF ha aprofitat l\u2019esdeveniment del dinar de final de temporada per a rendir tribut als principals patrocinadors de l\u2019Estadi de la Cer\u00e0mica. El Villarreal CF ha regalat un imponent trencad\u00eds de cer\u00e0mica commemoratiu a Pamesa Cer\u00e1mica, Argenta, Torrecid, Colorobbia, Porcelanosa, Altadia, Bestile i Vidres.","Moltes gr\u00e0cies pel vostre suport!"]}],"children":[]},{"id":"b68fb35","type":"container","classes":["has-el-gap","el-gap-default","elementor-section","elementor-top-section","elementor-element","elementor-element-b68fb35","elementor-section-boxed","elementor-section-height-default"],"title":"","text":"","headings":[],"texts":[],"buttons":[],"images":[],"widgets":["gallery"],"blocks":[{"type":"gallery","widget":"gallery","items":[{"url":"https:\/\/villarrealcf.es\/wp-content\/uploads\/2023\/05\/20230531-ComidaFinalTemporada22-23-003-scaled.jpg","title":"20230531-ComidaFinalTemporada22-23-003","thumbnail":"https:\/\/villarrealcf.es\/wp-content\/uploads\/2023\/05\/20230531-ComidaFinalTemporada22-23-003-scaled.jpg","width":0,"height":0},{"url":"https:\/\/villarrealcf.es\/wp-content\/uploads\/2023\/05\/20230531-ComidaFinalTemporada22-23-004-scaled.jpg","title":"20230531-ComidaFinalTemporada22-23-004","thumbnail":"https:\/\/villarrealcf.es\/wp-content\/uploads\/2023\/05\/20230531-ComidaFinalTemporada22-23-004-scaled.jpg","width":0,"height":0},{"url":"https:\/\/villarrealcf.es\/wp-content\/uploads\/2023\/05\/20230531-ComidaFinalTemporada22-23-005-scaled.jpg","title":"20230531-ComidaFinalTemporada22-23-005","thumbnail":"https:\/\/villarrealcf.es\/wp-content\/uploads\/2023\/05\/20230531-ComidaFinalTemporada22-23-005-scaled.jpg","width":0,"height":0},{"url":"https:\/\/villarrealcf.es\/wp-content\/uploads\/2023\/05\/20230531-ComidaFinalTemporada22-23-006-scaled.jpg","title":"20230531-ComidaFinalTemporada22-23-006","thumbnail":"https:\/\/villarrealcf.es\/wp-content\/uploads\/2023\/05\/20230531-ComidaFinalTemporada22-23-006-scaled.jpg","width":0,"height":0},{"url":"https:\/\/villarrealcf.es\/wp-content\/uploads\/2023\/05\/20230531-ComidaFinalTemporada22-23-007-scaled.jpg","title":"20230531-ComidaFinalTemporada22-23-007","thumbnail":"https:\/\/villarrealcf.es\/wp-content\/uploads\/2023\/05\/20230531-ComidaFinalTemporada22-23-007-scaled.jpg","width":0,"height":0},{"url":"https:\/\/villarrealcf.es\/wp-content\/uploads\/2023\/05\/20230531-ComidaFinalTemporada22-23-008-scaled.jpg","title":"20230531-ComidaFinalTemporada22-23-008","thumbnail":"https:\/\/villarrealcf.es\/wp-content\/uploads\/2023\/05\/20230531-ComidaFinalTemporada22-23-008-scaled.jpg","width":0,"height":0},{"url":"https:\/\/villarrealcf.es\/wp-content\/uploads\/2023\/05\/20230531-ComidaFinalTemporada22-23-009-scaled.jpg","title":"20230531-ComidaFinalTemporada22-23-009","thumbnail":"https:\/\/villarrealcf.es\/wp-content\/uploads\/2023\/05\/20230531-ComidaFinalTemporada22-23-009-scaled.jpg","width":0,"height":0},{"url":"https:\/\/villarrealcf.es\/wp-content\/uploads\/2023\/05\/20230531-ComidaFinalTemporada22-23-010-scaled.jpg","title":"20230531-ComidaFinalTemporada22-23-010","thumbnail":"https:\/\/villarrealcf.es\/wp-content\/uploads\/2023\/05\/20230531-ComidaFinalTemporada22-23-010-scaled.jpg","width":0,"height":0}]}],"children":[]}],"hero":{"id":"38a7b40b","type":"container","classes":["elementor-section","elementor-top-section","elementor-element","elementor-element-38a7b40b","elementor-section-boxed","elementor-section-height-default"],"title":"","text":"El club ha volgut recon\u00e8ixer el suport de fins a vuit prestigioses empreses en el menjar de final de temporada El Villarreal CF ha aprofitat l\u2019esdeveniment del dinar de final de temporada per a rendir tribut als principals patrocinadors de l\u2019Estadi de la Cer\u00e0mica. El Villarreal CF ha regalat un imponent trencad\u00eds de cer\u00e0mica commemoratiu a Pamesa Cer\u00e1mica, Argenta, Torrecid, Colorobbia, Porcelanosa, Altadia, Bestile i Vidres. Moltes gr\u00e0cies pel vostre suport!","headings":[],"texts":[{"type":"text","widget":"text-editor","text":"El club ha volgut recon\u00e8ixer el suport de fins a vuit prestigioses empreses en el menjar de final de temporada El Villarreal CF ha aprofitat l\u2019esdeveniment del dinar de final de temporada per a rendir tribut als principals patrocinadors de l\u2019Estadi de la Cer\u00e0mica. El Villarreal CF ha regalat un imponent trencad\u00eds de cer\u00e0mica commemoratiu a Pamesa Cer\u00e1mica, Argenta, Torrecid, Colorobbia, Porcelanosa, Altadia, Bestile i Vidres. Moltes gr\u00e0cies pel vostre suport!","paragraphs":["El Villarreal CF ha aprofitat l\u2019esdeveniment del dinar de final de temporada per a rendir tribut als principals patrocinadors de l\u2019Estadi de la Cer\u00e0mica. El Villarreal CF ha regalat un imponent trencad\u00eds de cer\u00e0mica commemoratiu a Pamesa Cer\u00e1mica, Argenta, Torrecid, Colorobbia, Porcelanosa, Altadia, Bestile i Vidres.","Moltes gr\u00e0cies pel vostre suport!"]}],"buttons":[],"images":[],"widgets":["text-editor"],"blocks":[{"type":"text","widget":"text-editor","text":"El club ha volgut recon\u00e8ixer el suport de fins a vuit prestigioses empreses en el menjar de final de temporada El Villarreal CF ha aprofitat l\u2019esdeveniment del dinar de final de temporada per a rendir tribut als principals patrocinadors de l\u2019Estadi de la Cer\u00e0mica. El Villarreal CF ha regalat un imponent trencad\u00eds de cer\u00e0mica commemoratiu a Pamesa Cer\u00e1mica, Argenta, Torrecid, Colorobbia, Porcelanosa, Altadia, Bestile i Vidres. Moltes gr\u00e0cies pel vostre suport!","paragraphs":["El Villarreal CF ha aprofitat l\u2019esdeveniment del dinar de final de temporada per a rendir tribut als principals patrocinadors de l\u2019Estadi de la Cer\u00e0mica. El Villarreal CF ha regalat un imponent trencad\u00eds de cer\u00e0mica commemoratiu a Pamesa Cer\u00e1mica, Argenta, Torrecid, Colorobbia, Porcelanosa, Altadia, Bestile i Vidres.","Moltes gr\u00e0cies pel vostre suport!"]}],"children":[]}},"sections":[{"id":"38a7b40b","title":"El club ha volgut recon\u00e8ixer el suport de fins a vuit prestigioses empreses en el menjar de final de temporada El Villarreal CF ha aprofitat l\u2019esdeveniment del dinar de final de temporada per a rendir tribut als principals patrocinadors de l\u2019Estadi de la Cer\u00e0mica. El Villarreal CF ha regalat un imponent trencad\u00eds de cer\u00e0mica commemoratiu a Pamesa Cer\u00e1mica, Argenta, Torrecid, Colorobbia, Porcelanosa, Altadia, Bestile i Vidres. Moltes gr\u00e0cies pel vostre suport!","text":"El club ha volgut recon\u00e8ixer el suport de fins a vuit prestigioses empreses en el menjar de final de temporada El Villarreal CF ha aprofitat l\u2019esdeveniment del dinar de final de temporada per a rendir tribut als principals patrocinadors de l\u2019Estadi de la Cer\u00e0mica. El Villarreal CF ha regalat un imponent trencad\u00eds de cer\u00e0mica commemoratiu a Pamesa Cer\u00e1mica, Argenta, Torrecid, Colorobbia, Porcelanosa, Altadia, Bestile i Vidres. Moltes gr\u00e0cies pel vostre suport!","url":"","background_image":"","images":[],"videos":[],"links":[]},{"id":"b68fb35","title":"","text":"","url":"https:\/\/villarrealcf.es\/wp-content\/uploads\/2023\/05\/20230531-ComidaFinalTemporada22-23-003-scaled.jpg","background_image":"","images":[],"videos":[],"links":[{"url":"https:\/\/villarrealcf.es\/wp-content\/uploads\/2023\/05\/20230531-ComidaFinalTemporada22-23-003-scaled.jpg","text":"","target":""},{"url":"https:\/\/villarrealcf.es\/wp-content\/uploads\/2023\/05\/20230531-ComidaFinalTemporada22-23-004-scaled.jpg","text":"","target":""},{"url":"https:\/\/villarrealcf.es\/wp-content\/uploads\/2023\/05\/20230531-ComidaFinalTemporada22-23-005-scaled.jpg","text":"","target":""},{"url":"https:\/\/villarrealcf.es\/wp-content\/uploads\/2023\/05\/20230531-ComidaFinalTemporada22-23-006-scaled.jpg","text":"","target":""},{"url":"https:\/\/villarrealcf.es\/wp-content\/uploads\/2023\/05\/20230531-ComidaFinalTemporada22-23-007-scaled.jpg","text":"","target":""},{"url":"https:\/\/villarrealcf.es\/wp-content\/uploads\/2023\/05\/20230531-ComidaFinalTemporada22-23-008-scaled.jpg","text":"","target":""},{"url":"https:\/\/villarrealcf.es\/wp-content\/uploads\/2023\/05\/20230531-ComidaFinalTemporada22-23-009-scaled.jpg","text":"","target":""},{"url":"https:\/\/villarrealcf.es\/wp-content\/uploads\/2023\/05\/20230531-ComidaFinalTemporada22-23-010-scaled.jpg","text":"","target":""}]}]},"excerpt":{"rendered":"El club ha volgut recon\u00e8ixer el suport de fins a vuit prestigioses empreses en el menjar de final de temporada","protected":false},"author":23,"featured_media":268301,"comment_status":"closed","ping_status":"closed","sticky":false,"template":"","format":"standard","meta":{"_acf_changed":false,"footnotes":""},"categories":[13484,16370],"tags":[11429,717,9270,9673,9484,9278,14519,716,9205,9627,9203],"acf":null,"lang":"val","translations":{"es":267939,"val":267945,"en":268346},"essential_grid":{"has_grid":false},"formatted_date":"May 31, 2023","modified_date":"May 31, 2023","permalink":"https:\/\/villarrealcf.es\/val\/detalle-con-los-patrocinadores-del-estadio-de-la-ceramica\/","reading_time":1,"featured_media_data":{"id":268301,"title":"patrocinadoresagasajo","caption":"","alt_text":"","description":"","mime_type":"image\/jpeg","source_url":"https:\/\/villarrealcf.es\/wp-content\/uploads\/2023\/05\/patrocinadoresagasajo.jpg","sizes":{"thumbnail":{"url":"https:\/\/villarrealcf.es\/wp-content\/uploads\/2023\/05\/patrocinadoresagasajo-1920x1080.jpg","width":1920,"height":1080},"medium":{"url":"https:\/\/villarrealcf.es\/wp-content\/uploads\/2023\/05\/patrocinadoresagasajo-1920x1080.jpg","width":1920,"height":1080},"medium_large":{"url":"https:\/\/villarrealcf.es\/wp-content\/uploads\/2023\/05\/patrocinadoresagasajo-768x432.jpg","width":768,"height":432},"large":{"url":"https:\/\/villarrealcf.es\/wp-content\/uploads\/2023\/05\/patrocinadoresagasajo-1920x1080.jpg","width":788,"height":443},"1536x1536":{"url":"https:\/\/villarrealcf.es\/wp-content\/uploads\/2023\/05\/patrocinadoresagasajo-1536x864.jpg","width":1536,"height":864},"2048x2048":{"url":"https:\/\/villarrealcf.es\/wp-content\/uploads\/2023\/05\/patrocinadoresagasajo.jpg","width":1920,"height":1080},"tp-image-grid":{"url":"https:\/\/villarrealcf.es\/wp-content\/uploads\/2023\/05\/patrocinadoresagasajo-700x700.jpg","width":700,"height":700},"size-bunyad-medium":{"url":"https:\/\/villarrealcf.es\/wp-content\/uploads\/2023\/05\/patrocinadoresagasajo-1920x1080.jpg","width":1920,"height":1080},"sportspress-crop-medium":{"url":"https:\/\/villarrealcf.es\/wp-content\/uploads\/2023\/05\/patrocinadoresagasajo-300x300.jpg","width":300,"height":300},"sportspress-fit-medium":{"url":"https:\/\/villarrealcf.es\/wp-content\/uploads\/2023\/05\/patrocinadoresagasajo-300x169.jpg","width":300,"height":169},"sportspress-fit-icon":{"url":"https:\/\/villarrealcf.es\/wp-content\/uploads\/2023\/05\/patrocinadoresagasajo-128x72.jpg","width":128,"height":72},"sportspress-fit-mini":{"url":"https:\/\/villarrealcf.es\/wp-content\/uploads\/2023\/05\/patrocinadoresagasajo-32x18.jpg","width":32,"height":18},"bunyad-small":{"url":"https:\/\/villarrealcf.es\/wp-content\/uploads\/2023\/05\/patrocinadoresagasajo-150x84.jpg","width":150,"height":84},"bunyad-medium":{"url":"https:\/\/villarrealcf.es\/wp-content\/uploads\/2023\/05\/patrocinadoresagasajo-450x253.jpg","width":450,"height":253},"bunyad-full":{"url":"https:\/\/villarrealcf.es\/wp-content\/uploads\/2023\/05\/patrocinadoresagasajo-1200x675.jpg","width":1200,"height":675},"bunyad-viewport":{"url":"https:\/\/villarrealcf.es\/wp-content\/uploads\/2023\/05\/patrocinadoresagasajo.jpg","width":1920,"height":1080},"bunyad-768":{"url":"https:\/\/villarrealcf.es\/wp-content\/uploads\/2023\/05\/patrocinadoresagasajo-768x432.jpg","width":768,"height":432},"full":{"url":"https:\/\/villarrealcf.es\/wp-content\/uploads\/2023\/05\/patrocinadoresagasajo.jpg","width":1920,"height":1080}}},"author_data":{"id":"23","name":"Fran Segovia","first_name":"Fran","last_name":"Segovia","description":"","avatar_url":"https:\/\/secure.gravatar.com\/avatar\/9ec849b3b9cb451091f0a96d7943b1c6be26a8d6fd3b94d5b5bfd496b2536c42?s=96&d=mm&r=g","acf":null},"taxonomies_data":{"category":[{"id":13484,"name":"Club","slug":"club","acf":null},{"id":16370,"name":"Estadio de la Cer\u00e1mica","slug":"estadio-de-la-ceramica-val","acf":null}],"post_tag":[{"id":11429,"name":"Estadio de la Cer\u00e1mica","slug":"estadio-de-la-ceramica-val","acf":null},{"id":717,"name":"Football","slug":"football-d34","acf":null},{"id":9270,"name":"Futbol","slug":"futbol-val","acf":null},{"id":9673,"name":"Homenaje","slug":"homenaje-val","acf":null},{"id":9484,"name":"Patrocinador","slug":"patrocinador-val","acf":null},{"id":9278,"name":"primera division","slug":"primera-division-val","acf":null},{"id":14519,"name":"Restaurante El Ceramista","slug":"restaurante-el-ceramista-val","acf":null},{"id":716,"name":"Soccer","slug":"soccer-d105","acf":null},{"id":9205,"name":"Submarino","slug":"submarino-val","acf":null},{"id":9627,"name":"Submarino Amarillo","slug":"submarino-amarillo-val","acf":null},{"id":9203,"name":"Villarreal CF","slug":"villarreal-cf-val","acf":null}],"translation_priority":[{"id":735,"name":"Optional","slug":"optional-val","acf":null}]},"seo_full":{"native":{"title":"Detall amb els patrocinadors de l&#8217;Estadi de la Cer\u00e0mica - Web Oficial del Villarreal CF","description":"El club ha volgut recon\u00e8ixer el suport de fins a vuit prestigioses empreses en el menjar de final de temporada","canonical":"https:\/\/villarrealcf.es\/val\/detalle-con-los-patrocinadores-del-estadio-de-la-ceramica\/"}},"_links":{"self":[{"href":"https:\/\/villarrealcf.es\/val\/wp-json\/wp\/v2\/posts\/267945","targetHints":{"allow":["GET"]}}],"collection":[{"href":"https:\/\/villarrealcf.es\/val\/wp-json\/wp\/v2\/posts"}],"about":[{"href":"https:\/\/villarrealcf.es\/val\/wp-json\/wp\/v2\/types\/post"}],"author":[{"embeddable":true,"href":"https:\/\/villarrealcf.es\/val\/wp-json\/wp\/v2\/users\/23"}],"replies":[{"embeddable":true,"href":"https:\/\/villarrealcf.es\/val\/wp-json\/wp\/v2\/comments?post=267945"}],"version-history":[{"count":0,"href":"https:\/\/villarrealcf.es\/val\/wp-json\/wp\/v2\/posts\/267945\/revisions"}],"wp:featuredmedia":[{"embeddable":true,"href":"https:\/\/villarrealcf.es\/val\/wp-json\/wp\/v2\/media\/268301"}],"wp:attachment":[{"href":"https:\/\/villarrealcf.es\/val\/wp-json\/wp\/v2\/media?parent=267945"}],"wp:term":[{"taxonomy":"category","embeddable":true,"href":"https:\/\/villarrealcf.es\/val\/wp-json\/wp\/v2\/categories?post=267945"},{"taxonomy":"post_tag","embeddable":true,"href":"https:\/\/villarrealcf.es\/val\/wp-json\/wp\/v2\/tags?post=267945"}],"curies":[{"name":"wp","href":"https:\/\/api.w.org\/{rel}","templated":true}]}}