{"id":267758,"date":"2023-05-28T15:53:00","date_gmt":"2023-05-28T13:53:00","guid":{"rendered":"https:\/\/villarrealcf.es\/\/setien-tiene-mucho-merito-acabar-quintos\/"},"modified":"2023-05-28T21:55:19","modified_gmt":"2023-05-28T19:55:19","slug":"setien-te-molt-merit-acabar-cinquens","status":"publish","type":"post","link":"https:\/\/villarrealcf.es\/val\/setien-te-molt-merit-acabar-cinquens\/","title":{"rendered":"Seti\u00e9n: \u201cT\u00e9 molt m\u00e8rit acabar cinquens\u201d"},"content":{"protected":false,"blocks":[{"type":"heading","level":2,"text":"L\u2019entrenador del Villarreal lamenta que la pluja afect\u00e9s el joc contra el Rayo Vallecano"},{"type":"paragraph","text":"L\u2019entrenador del Villarreal CF, Quique Seti\u00e9n, ha lamentat la derrota del seu equip davant el Rayo Vallecano que evita que el Submar\u00ed lluite per la quarta pla\u00e7a en l\u2019\u00faltima jornada de LaLiga. \u201c\u00c9s una pena perqu\u00e8 vol\u00edem tindre opcions de Champions fins a l\u2019\u00faltima jornada\u201d, va comentar."},{"type":"paragraph","text":"Per a l\u2019entrenador groc, la pluja va perjudicar l\u2019espectacle: \u201cLes intenses pluges han perjudicat el nostre estil de joc. Sempre busquem ser protagonistes amb la pilota i el terreny de joc estava molt complicat, sobretot en el primer temps. \u00c9s veritat que en la segona part el Rayo va estar efica\u00e7 i va saber aprofitar el seu moment\u201d."},{"type":"paragraph","text":"Malgrat la derrota, el Villarreal acabar\u00e0 el campionat en el cinqu\u00e8 lloc. \u201cT\u00e9 molt m\u00e8rit i cal valorar el que hem aconseguit. Mancant tres jornades ens hav\u00edem classificat per a Europa. Al final acabem cinquens i la temporada cal valorar-la\u201d, va finalitzar Seti\u00e9n."}],"structured":{"summary":{"text":"L\u2019entrenador del Villarreal lamenta que la pluja afect\u00e9s el joc contra el Rayo Vallecano L\u2019entrenador del Villarreal CF, Quique Seti\u00e9n, ha lamentat la derrota del seu equip davant el Rayo Vallecano que evita que el Submar\u00ed lluite per la quarta pla\u00e7a en l\u2019\u00faltima jornada de LaLiga. \u201c\u00c9s una pena perqu\u00e8 vol\u00edem tindre opcions de Champions fins a l\u2019\u00faltima jornada\u201d, va comentar. Per a l\u2019entrenador groc, la pluja va perjudicar l\u2019espectacle: \u201cLes intenses pluges han perjudicat el nostre estil de joc. Sempre busquem ser protagonistes amb la pilota i el terreny de joc estava molt complicat, sobretot en el primer temps. \u00c9s veritat que en la segona part el Rayo va estar efica\u00e7 i va saber aprofitar el seu moment\u201d. Malgrat la derrota, el Villarreal acabar\u00e0 el campionat en el cinqu\u00e8 lloc. \u201cT\u00e9 molt m\u00e8rit i cal valorar el que hem aconseguit. Mancant tres jornades ens hav\u00edem classificat per a Europa. Al final acabem cinquens i la temporada cal valorar-la\u201d, va finalitzar Seti\u00e9n.","headings":[{"type":"heading","level":2,"text":"L\u2019entrenador del Villarreal lamenta que la pluja afect\u00e9s el joc contra el Rayo Vallecano"}],"buttons":[],"images":[],"counts":{"blocks":4,"headings":1,"texts":3,"buttons":0,"images":0}},"sections":[{"id":"section-1","title":"L\u2019entrenador del Villarreal lamenta que la pluja afect\u00e9s el joc contra el Rayo Vallecano","text":"L\u2019entrenador del Villarreal lamenta que la pluja afect\u00e9s el joc contra el Rayo Vallecano L\u2019entrenador del Villarreal CF, Quique Seti\u00e9n, ha lamentat la derrota del seu equip davant el Rayo Vallecano que evita que el Submar\u00ed lluite per la quarta pla\u00e7a en l\u2019\u00faltima jornada de LaLiga. \u201c\u00c9s una pena perqu\u00e8 vol\u00edem tindre opcions de Champions fins a l\u2019\u00faltima jornada\u201d, va comentar. Per a l\u2019entrenador groc, la pluja va perjudicar l\u2019espectacle: \u201cLes intenses pluges han perjudicat el nostre estil de joc. Sempre busquem ser protagonistes amb la pilota i el terreny de joc estava molt complicat, sobretot en el primer temps. \u00c9s veritat que en la segona part el Rayo va estar efica\u00e7 i va saber aprofitar el seu moment\u201d. Malgrat la derrota, el Villarreal acabar\u00e0 el campionat en el cinqu\u00e8 lloc. \u201cT\u00e9 molt m\u00e8rit i cal valorar el que hem aconseguit. Mancant tres jornades ens hav\u00edem classificat per a Europa. Al final acabem cinquens i la temporada cal valorar-la\u201d, va finalitzar Seti\u00e9n.","headings":[{"type":"heading","level":2,"text":"L\u2019entrenador del Villarreal lamenta que la pluja afect\u00e9s el joc contra el Rayo Vallecano"}],"texts":[{"type":"paragraph","text":"L\u2019entrenador del Villarreal CF, Quique Seti\u00e9n, ha lamentat la derrota del seu equip davant el Rayo Vallecano que evita que el Submar\u00ed lluite per la quarta pla\u00e7a en l\u2019\u00faltima jornada de LaLiga. \u201c\u00c9s una pena perqu\u00e8 vol\u00edem tindre opcions de Champions fins a l\u2019\u00faltima jornada\u201d, va comentar."},{"type":"paragraph","text":"Per a l\u2019entrenador groc, la pluja va perjudicar l\u2019espectacle: \u201cLes intenses pluges han perjudicat el nostre estil de joc. Sempre busquem ser protagonistes amb la pilota i el terreny de joc estava molt complicat, sobretot en el primer temps. \u00c9s veritat que en la segona part el Rayo va estar efica\u00e7 i va saber aprofitar el seu moment\u201d."},{"type":"paragraph","text":"Malgrat la derrota, el Villarreal acabar\u00e0 el campionat en el cinqu\u00e8 lloc. \u201cT\u00e9 molt m\u00e8rit i cal valorar el que hem aconseguit. Mancant tres jornades ens hav\u00edem classificat per a Europa. Al final acabem cinquens i la temporada cal valorar-la\u201d, va finalitzar Seti\u00e9n."}],"buttons":[],"images":[],"widgets":[],"blocks":[{"type":"heading","level":2,"text":"L\u2019entrenador del Villarreal lamenta que la pluja afect\u00e9s el joc contra el Rayo Vallecano"},{"type":"paragraph","text":"L\u2019entrenador del Villarreal CF, Quique Seti\u00e9n, ha lamentat la derrota del seu equip davant el Rayo Vallecano que evita que el Submar\u00ed lluite per la quarta pla\u00e7a en l\u2019\u00faltima jornada de LaLiga. \u201c\u00c9s una pena perqu\u00e8 vol\u00edem tindre opcions de Champions fins a l\u2019\u00faltima jornada\u201d, va comentar."},{"type":"paragraph","text":"Per a l\u2019entrenador groc, la pluja va perjudicar l\u2019espectacle: \u201cLes intenses pluges han perjudicat el nostre estil de joc. Sempre busquem ser protagonistes amb la pilota i el terreny de joc estava molt complicat, sobretot en el primer temps. \u00c9s veritat que en la segona part el Rayo va estar efica\u00e7 i va saber aprofitar el seu moment\u201d."},{"type":"paragraph","text":"Malgrat la derrota, el Villarreal acabar\u00e0 el campionat en el cinqu\u00e8 lloc. \u201cT\u00e9 molt m\u00e8rit i cal valorar el que hem aconseguit. Mancant tres jornades ens hav\u00edem classificat per a Europa. Al final acabem cinquens i la temporada cal valorar-la\u201d, va finalitzar Seti\u00e9n."}]}],"hero":{"id":"section-1","title":"L\u2019entrenador del Villarreal lamenta que la pluja afect\u00e9s el joc contra el Rayo Vallecano","text":"L\u2019entrenador del Villarreal lamenta que la pluja afect\u00e9s el joc contra el Rayo Vallecano L\u2019entrenador del Villarreal CF, Quique Seti\u00e9n, ha lamentat la derrota del seu equip davant el Rayo Vallecano que evita que el Submar\u00ed lluite per la quarta pla\u00e7a en l\u2019\u00faltima jornada de LaLiga. \u201c\u00c9s una pena perqu\u00e8 vol\u00edem tindre opcions de Champions fins a l\u2019\u00faltima jornada\u201d, va comentar. Per a l\u2019entrenador groc, la pluja va perjudicar l\u2019espectacle: \u201cLes intenses pluges han perjudicat el nostre estil de joc. Sempre busquem ser protagonistes amb la pilota i el terreny de joc estava molt complicat, sobretot en el primer temps. \u00c9s veritat que en la segona part el Rayo va estar efica\u00e7 i va saber aprofitar el seu moment\u201d. Malgrat la derrota, el Villarreal acabar\u00e0 el campionat en el cinqu\u00e8 lloc. \u201cT\u00e9 molt m\u00e8rit i cal valorar el que hem aconseguit. Mancant tres jornades ens hav\u00edem classificat per a Europa. Al final acabem cinquens i la temporada cal valorar-la\u201d, va finalitzar Seti\u00e9n.","headings":[{"type":"heading","level":2,"text":"L\u2019entrenador del Villarreal lamenta que la pluja afect\u00e9s el joc contra el Rayo Vallecano"}],"texts":[{"type":"paragraph","text":"L\u2019entrenador del Villarreal CF, Quique Seti\u00e9n, ha lamentat la derrota del seu equip davant el Rayo Vallecano que evita que el Submar\u00ed lluite per la quarta pla\u00e7a en l\u2019\u00faltima jornada de LaLiga. \u201c\u00c9s una pena perqu\u00e8 vol\u00edem tindre opcions de Champions fins a l\u2019\u00faltima jornada\u201d, va comentar."},{"type":"paragraph","text":"Per a l\u2019entrenador groc, la pluja va perjudicar l\u2019espectacle: \u201cLes intenses pluges han perjudicat el nostre estil de joc. Sempre busquem ser protagonistes amb la pilota i el terreny de joc estava molt complicat, sobretot en el primer temps. \u00c9s veritat que en la segona part el Rayo va estar efica\u00e7 i va saber aprofitar el seu moment\u201d."},{"type":"paragraph","text":"Malgrat la derrota, el Villarreal acabar\u00e0 el campionat en el cinqu\u00e8 lloc. \u201cT\u00e9 molt m\u00e8rit i cal valorar el que hem aconseguit. Mancant tres jornades ens hav\u00edem classificat per a Europa. Al final acabem cinquens i la temporada cal valorar-la\u201d, va finalitzar Seti\u00e9n."}],"buttons":[],"images":[],"widgets":[],"blocks":[{"type":"heading","level":2,"text":"L\u2019entrenador del Villarreal lamenta que la pluja afect\u00e9s el joc contra el Rayo Vallecano"},{"type":"paragraph","text":"L\u2019entrenador del Villarreal CF, Quique Seti\u00e9n, ha lamentat la derrota del seu equip davant el Rayo Vallecano que evita que el Submar\u00ed lluite per la quarta pla\u00e7a en l\u2019\u00faltima jornada de LaLiga. \u201c\u00c9s una pena perqu\u00e8 vol\u00edem tindre opcions de Champions fins a l\u2019\u00faltima jornada\u201d, va comentar."},{"type":"paragraph","text":"Per a l\u2019entrenador groc, la pluja va perjudicar l\u2019espectacle: \u201cLes intenses pluges han perjudicat el nostre estil de joc. Sempre busquem ser protagonistes amb la pilota i el terreny de joc estava molt complicat, sobretot en el primer temps. \u00c9s veritat que en la segona part el Rayo va estar efica\u00e7 i va saber aprofitar el seu moment\u201d."},{"type":"paragraph","text":"Malgrat la derrota, el Villarreal acabar\u00e0 el campionat en el cinqu\u00e8 lloc. \u201cT\u00e9 molt m\u00e8rit i cal valorar el que hem aconseguit. Mancant tres jornades ens hav\u00edem classificat per a Europa. Al final acabem cinquens i la temporada cal valorar-la\u201d, va finalitzar Seti\u00e9n."}]}},"sections":[{"id":"section-1","title":"L\u2019entrenador del Villarreal lamenta que la pluja afect\u00e9s el joc contra el Rayo Vallecano","text":"L\u2019entrenador del Villarreal lamenta que la pluja afect\u00e9s el joc contra el Rayo Vallecano L\u2019entrenador del Villarreal CF, Quique Seti\u00e9n, ha lamentat la derrota del seu equip davant el Rayo Vallecano que evita que el Submar\u00ed lluite per la quarta pla\u00e7a en l\u2019\u00faltima jornada de LaLiga. \u201c\u00c9s una pena perqu\u00e8 vol\u00edem tindre opcions de Champions fins a l\u2019\u00faltima jornada\u201d, va comentar. Per a l\u2019entrenador groc, la pluja va perjudicar l\u2019espectacle: \u201cLes intenses pluges han perjudicat el nostre estil de joc. Sempre busquem ser protagonistes amb la pilota i el terreny de joc estava molt complicat, sobretot en el primer temps. \u00c9s veritat que en la segona part el Rayo va estar efica\u00e7 i va saber aprofitar el seu moment\u201d. Malgrat la derrota, el Villarreal acabar\u00e0 el campionat en el cinqu\u00e8 lloc. \u201cT\u00e9 molt m\u00e8rit i cal valorar el que hem aconseguit. Mancant tres jornades ens hav\u00edem classificat per a Europa. Al final acabem cinquens i la temporada cal valorar-la\u201d, va finalitzar Seti\u00e9n.","url":"","background_image":"","images":[],"videos":[],"links":[]}]},"excerpt":{"rendered":"L&#8217;entrenador del Villarreal lamenta que la pluja afect\u00e9s el joc contra el Rayo Vallecano","protected":false},"author":23,"featured_media":267752,"comment_status":"closed","ping_status":"closed","sticky":false,"template":"","format":"standard","meta":{"_acf_changed":false,"footnotes":""},"categories":[13493],"tags":[717,9270,9910,9278,13861,9217,9680,716,9205,9627,9203],"acf":null,"lang":"val","translations":{"es":267711,"val":267758,"en":267762},"essential_grid":{"has_grid":false},"formatted_date":"May 28, 2023","modified_date":"May 28, 2023","permalink":"https:\/\/villarrealcf.es\/val\/setien-te-molt-merit-acabar-cinquens\/","reading_time":1,"featured_media_data":{"id":267752,"title":"RayoVallecano-VillarrealCF-121","caption":"","alt_text":"","description":"","mime_type":"image\/jpeg","source_url":"https:\/\/villarrealcf.es\/wp-content\/uploads\/2023\/05\/RayoVallecano-VillarrealCF-121.jpg","sizes":{"thumbnail":{"url":"https:\/\/villarrealcf.es\/wp-content\/uploads\/2023\/05\/RayoVallecano-VillarrealCF-121-1920x1080.jpg","width":1920,"height":1080},"medium":{"url":"https:\/\/villarrealcf.es\/wp-content\/uploads\/2023\/05\/RayoVallecano-VillarrealCF-121-1920x1080.jpg","width":1920,"height":1080},"medium_large":{"url":"https:\/\/villarrealcf.es\/wp-content\/uploads\/2023\/05\/RayoVallecano-VillarrealCF-121-768x432.jpg","width":768,"height":432},"large":{"url":"https:\/\/villarrealcf.es\/wp-content\/uploads\/2023\/05\/RayoVallecano-VillarrealCF-121-1920x1080.jpg","width":788,"height":443},"1536x1536":{"url":"https:\/\/villarrealcf.es\/wp-content\/uploads\/2023\/05\/RayoVallecano-VillarrealCF-121-1536x864.jpg","width":1536,"height":864},"2048x2048":{"url":"https:\/\/villarrealcf.es\/wp-content\/uploads\/2023\/05\/RayoVallecano-VillarrealCF-121.jpg","width":1920,"height":1080},"tp-image-grid":{"url":"https:\/\/villarrealcf.es\/wp-content\/uploads\/2023\/05\/RayoVallecano-VillarrealCF-121-700x700.jpg","width":700,"height":700},"size-bunyad-medium":{"url":"https:\/\/villarrealcf.es\/wp-content\/uploads\/2023\/05\/RayoVallecano-VillarrealCF-121-1920x1080.jpg","width":1920,"height":1080},"sportspress-crop-medium":{"url":"https:\/\/villarrealcf.es\/wp-content\/uploads\/2023\/05\/RayoVallecano-VillarrealCF-121-300x300.jpg","width":300,"height":300},"sportspress-fit-medium":{"url":"https:\/\/villarrealcf.es\/wp-content\/uploads\/2023\/05\/RayoVallecano-VillarrealCF-121-300x169.jpg","width":300,"height":169},"sportspress-fit-icon":{"url":"https:\/\/villarrealcf.es\/wp-content\/uploads\/2023\/05\/RayoVallecano-VillarrealCF-121-128x72.jpg","width":128,"height":72},"sportspress-fit-mini":{"url":"https:\/\/villarrealcf.es\/wp-content\/uploads\/2023\/05\/RayoVallecano-VillarrealCF-121-32x18.jpg","width":32,"height":18},"bunyad-small":{"url":"https:\/\/villarrealcf.es\/wp-content\/uploads\/2023\/05\/RayoVallecano-VillarrealCF-121-150x84.jpg","width":150,"height":84},"bunyad-medium":{"url":"https:\/\/villarrealcf.es\/wp-content\/uploads\/2023\/05\/RayoVallecano-VillarrealCF-121-450x253.jpg","width":450,"height":253},"bunyad-full":{"url":"https:\/\/villarrealcf.es\/wp-content\/uploads\/2023\/05\/RayoVallecano-VillarrealCF-121-1200x675.jpg","width":1200,"height":675},"bunyad-viewport":{"url":"https:\/\/villarrealcf.es\/wp-content\/uploads\/2023\/05\/RayoVallecano-VillarrealCF-121.jpg","width":1920,"height":1080},"bunyad-768":{"url":"https:\/\/villarrealcf.es\/wp-content\/uploads\/2023\/05\/RayoVallecano-VillarrealCF-121-768x432.jpg","width":768,"height":432},"full":{"url":"https:\/\/villarrealcf.es\/wp-content\/uploads\/2023\/05\/RayoVallecano-VillarrealCF-121.jpg","width":1920,"height":1080}}},"author_data":{"id":"23","name":"Fran Segovia","first_name":"Fran","last_name":"Segovia","description":"","avatar_url":"https:\/\/secure.gravatar.com\/avatar\/9ec849b3b9cb451091f0a96d7943b1c6be26a8d6fd3b94d5b5bfd496b2536c42?s=96&d=mm&r=g","acf":null},"taxonomies_data":{"category":[{"id":13493,"name":"Primer equip","slug":"primer-equip","acf":null}],"post_tag":[{"id":717,"name":"Football","slug":"football-d34","acf":null},{"id":9270,"name":"Futbol","slug":"futbol-val","acf":null},{"id":9910,"name":"Jornada 37","slug":"jornada-37-val","acf":null},{"id":9278,"name":"primera division","slug":"primera-division-val","acf":null},{"id":13861,"name":"Quique Seti\u00e9n","slug":"quique-setien-3-val","acf":null},{"id":9217,"name":"Rayo Vallecano","slug":"rayo-vallecano-val","acf":null},{"id":9680,"name":"Rueda de prensa","slug":"rueda-de-prensa-val","acf":null},{"id":716,"name":"Soccer","slug":"soccer-d105","acf":null},{"id":9205,"name":"Submarino","slug":"submarino-val","acf":null},{"id":9627,"name":"Submarino Amarillo","slug":"submarino-amarillo-val","acf":null},{"id":9203,"name":"Villarreal CF","slug":"villarreal-cf-val","acf":null}],"translation_priority":[{"id":735,"name":"Optional","slug":"optional-val","acf":null}]},"seo_full":{"native":{"title":"Seti\u00e9n: \u201cT\u00e9 molt m\u00e8rit acabar cinquens\u201d - Web Oficial del Villarreal CF","description":"L'entrenador del Villarreal lamenta que la pluja afect\u00e9s el joc contra el Rayo Vallecano","canonical":"https:\/\/villarrealcf.es\/val\/setien-te-molt-merit-acabar-cinquens\/"}},"_links":{"self":[{"href":"https:\/\/villarrealcf.es\/val\/wp-json\/wp\/v2\/posts\/267758","targetHints":{"allow":["GET"]}}],"collection":[{"href":"https:\/\/villarrealcf.es\/val\/wp-json\/wp\/v2\/posts"}],"about":[{"href":"https:\/\/villarrealcf.es\/val\/wp-json\/wp\/v2\/types\/post"}],"author":[{"embeddable":true,"href":"https:\/\/villarrealcf.es\/val\/wp-json\/wp\/v2\/users\/23"}],"replies":[{"embeddable":true,"href":"https:\/\/villarrealcf.es\/val\/wp-json\/wp\/v2\/comments?post=267758"}],"version-history":[{"count":0,"href":"https:\/\/villarrealcf.es\/val\/wp-json\/wp\/v2\/posts\/267758\/revisions"}],"wp:featuredmedia":[{"embeddable":true,"href":"https:\/\/villarrealcf.es\/val\/wp-json\/wp\/v2\/media\/267752"}],"wp:attachment":[{"href":"https:\/\/villarrealcf.es\/val\/wp-json\/wp\/v2\/media?parent=267758"}],"wp:term":[{"taxonomy":"category","embeddable":true,"href":"https:\/\/villarrealcf.es\/val\/wp-json\/wp\/v2\/categories?post=267758"},{"taxonomy":"post_tag","embeddable":true,"href":"https:\/\/villarrealcf.es\/val\/wp-json\/wp\/v2\/tags?post=267758"}],"curies":[{"name":"wp","href":"https:\/\/api.w.org\/{rel}","templated":true}]}}