{"id":267152,"date":"2023-05-23T12:16:08","date_gmt":"2023-05-23T10:16:08","guid":{"rendered":"https:\/\/villarrealcf.es\/\/confiamos-en-prolongar-la-buena-racha-hasta-el-final\/"},"modified":"2023-05-23T13:01:58","modified_gmt":"2023-05-23T11:01:58","slug":"volem-prolongar-la-bona-ratxa-fins-al-final","status":"publish","type":"post","link":"https:\/\/villarrealcf.es\/val\/volem-prolongar-la-bona-ratxa-fins-al-final\/","title":{"rendered":"&#8220;Volem prolongar la bona ratxa fins al final&#8221;"},"content":{"protected":false,"blocks":[{"type":"heading","level":2,"text":"Seti\u00e9n espera un partit competit enfront del C\u00e1diz CF (dimecres, 19.30 hores)"},{"type":"paragraph","text":"L\u2019entrenador del Villarreal CF, Quique Seti\u00e9n, ha comparegut a la sala de premsa de la Ciutat Esportiva Jos\u00e9 Manuel Llaneza per a parlar del partit d\u2019aquest dimecres davant el C\u00e1diz, que es disputar\u00e0 a partir de les 19.30 hores en l\u2019Estadi de la Cer\u00e0mica."},{"type":"paragraph","text":"Aquestes han sigut les declaracions m\u00e9s destacades del t\u00e8cnic de Santander:"},{"type":"paragraph","text":"El partit enfront del C\u00e1diz CF"},{"type":"paragraph","text":"\u201cEl C\u00e1diz \u00e9s un equip que sap el que fa i que segur ens comprometr\u00e0. Crec que veurem un partit en el qual tindrem el control, per\u00f2 aix\u00f2 no significa que anem a marcar o guanyar amb facilitat perqu\u00e8 ells tamb\u00e9 saben defensar-se i tenen bons jugadors. Haurem d\u2019estar inspirats en els xicotets espais quan ataquem i atents als seus possibles contraatacs\u201d."},{"type":"paragraph","text":"L\u2019afici\u00f3, important de nou"},{"type":"paragraph","text":"\u201cSupose que estar\u00e0 contenta perqu\u00e8 l\u2019equip ha aconseguit la classificaci\u00f3 per a Europa una temporada m\u00e9s. Espere que tinguen un reconeixement amb els jugadors i l\u2019equip, alguna cosa que ja porta passant des de fa un temps\u201d."},{"type":"paragraph","text":"Objectiu en els tres \u00faltims partits"},{"type":"paragraph","text":"\u201cL\u2019objectiu, dins de les coses que podem controlar, \u00e9s seguir amb la bona ratxa que ens ha perm\u00e9s entrar a Europa matem\u00e0ticament. Encara tenim el repte de sumar tots els punts possibles a l\u2019espera del que puga fer la Real Sociedad. Mentre matem\u00e0ticament no estiga tot dit hem de continuar barallant per guanyar i sumar punts\u201d."},{"type":"paragraph","text":"Pots tornar a veure la roda de premsa de Quique Seti\u00e9n de nou en el seg\u00fcent v\u00eddeo:"},{"type":"video","kind":"iframe","url":"https:\/\/www.youtube.com\/embed\/MFAIdsfQRbo?feature=oembed","poster":""}],"structured":{"summary":{"text":"Seti\u00e9n espera un partit competit enfront del C\u00e1diz CF (dimecres, 19.30 hores) L\u2019entrenador del Villarreal CF, Quique Seti\u00e9n, ha comparegut a la sala de premsa de la Ciutat Esportiva Jos\u00e9 Manuel Llaneza per a parlar del partit d\u2019aquest dimecres davant el C\u00e1diz, que es disputar\u00e0 a partir de les 19.30 hores en l\u2019Estadi de la Cer\u00e0mica. Aquestes han sigut les declaracions m\u00e9s destacades del t\u00e8cnic de Santander: El partit enfront del C\u00e1diz CF \u201cEl C\u00e1diz \u00e9s un equip que sap el que fa i que segur ens comprometr\u00e0. Crec que veurem un partit en el qual tindrem el control, per\u00f2 aix\u00f2 no significa que anem a marcar o guanyar amb facilitat perqu\u00e8 ells tamb\u00e9 saben defensar-se i tenen bons jugadors. Haurem d\u2019estar inspirats en els xicotets espais quan ataquem i atents als seus possibles contraatacs\u201d. L\u2019afici\u00f3, important de nou \u201cSupose que estar\u00e0 contenta perqu\u00e8 l\u2019equip ha aconseguit la classificaci\u00f3 per a Europa una temporada m\u00e9s. Espere que tinguen un reconeixement amb els jugadors i l\u2019equip, alguna cosa que ja porta passant des de fa un temps\u201d. Objectiu en els tres \u00faltims partits \u201cL\u2019objectiu, dins de les coses que podem controlar, \u00e9s seguir amb la bona ratxa que ens ha perm\u00e9s entrar a Europa matem\u00e0ticament. Encara tenim el repte de sumar tots els punts possibles a l\u2019espera del que puga fer la Real Sociedad. Mentre matem\u00e0ticament no estiga tot dit hem de continuar barallant per guanyar i sumar punts\u201d. Pots tornar a veure la roda de premsa de Quique Seti\u00e9n de nou en el seg\u00fcent v\u00eddeo:","headings":[{"type":"heading","level":2,"text":"Seti\u00e9n espera un partit competit enfront del C\u00e1diz CF (dimecres, 19.30 hores)"}],"buttons":[],"images":[],"counts":{"blocks":11,"headings":1,"texts":9,"buttons":0,"images":0}},"sections":[{"id":"section-1","title":"Seti\u00e9n espera un partit competit enfront del C\u00e1diz CF (dimecres, 19.30 hores)","text":"Seti\u00e9n espera un partit competit enfront del C\u00e1diz CF (dimecres, 19.30 hores) L\u2019entrenador del Villarreal CF, Quique Seti\u00e9n, ha comparegut a la sala de premsa de la Ciutat Esportiva Jos\u00e9 Manuel Llaneza per a parlar del partit d\u2019aquest dimecres davant el C\u00e1diz, que es disputar\u00e0 a partir de les 19.30 hores en l\u2019Estadi de la Cer\u00e0mica. Aquestes han sigut les declaracions m\u00e9s destacades del t\u00e8cnic de Santander: El partit enfront del C\u00e1diz CF \u201cEl C\u00e1diz \u00e9s un equip que sap el que fa i que segur ens comprometr\u00e0. Crec que veurem un partit en el qual tindrem el control, per\u00f2 aix\u00f2 no significa que anem a marcar o guanyar amb facilitat perqu\u00e8 ells tamb\u00e9 saben defensar-se i tenen bons jugadors. Haurem d\u2019estar inspirats en els xicotets espais quan ataquem i atents als seus possibles contraatacs\u201d. L\u2019afici\u00f3, important de nou \u201cSupose que estar\u00e0 contenta perqu\u00e8 l\u2019equip ha aconseguit la classificaci\u00f3 per a Europa una temporada m\u00e9s. Espere que tinguen un reconeixement amb els jugadors i l\u2019equip, alguna cosa que ja porta passant des de fa un temps\u201d. Objectiu en els tres \u00faltims partits \u201cL\u2019objectiu, dins de les coses que podem controlar, \u00e9s seguir amb la bona ratxa que ens ha perm\u00e9s entrar a Europa matem\u00e0ticament. Encara tenim el repte de sumar tots els punts possibles a l\u2019espera del que puga fer la Real Sociedad. Mentre matem\u00e0ticament no estiga tot dit hem de continuar barallant per guanyar i sumar punts\u201d. Pots tornar a veure la roda de premsa de Quique Seti\u00e9n de nou en el seg\u00fcent v\u00eddeo:","headings":[{"type":"heading","level":2,"text":"Seti\u00e9n espera un partit competit enfront del C\u00e1diz CF (dimecres, 19.30 hores)"}],"texts":[{"type":"paragraph","text":"L\u2019entrenador del Villarreal CF, Quique Seti\u00e9n, ha comparegut a la sala de premsa de la Ciutat Esportiva Jos\u00e9 Manuel Llaneza per a parlar del partit d\u2019aquest dimecres davant el C\u00e1diz, que es disputar\u00e0 a partir de les 19.30 hores en l\u2019Estadi de la Cer\u00e0mica."},{"type":"paragraph","text":"Aquestes han sigut les declaracions m\u00e9s destacades del t\u00e8cnic de Santander:"},{"type":"paragraph","text":"El partit enfront del C\u00e1diz CF"},{"type":"paragraph","text":"\u201cEl C\u00e1diz \u00e9s un equip que sap el que fa i que segur ens comprometr\u00e0. Crec que veurem un partit en el qual tindrem el control, per\u00f2 aix\u00f2 no significa que anem a marcar o guanyar amb facilitat perqu\u00e8 ells tamb\u00e9 saben defensar-se i tenen bons jugadors. Haurem d\u2019estar inspirats en els xicotets espais quan ataquem i atents als seus possibles contraatacs\u201d."},{"type":"paragraph","text":"L\u2019afici\u00f3, important de nou"},{"type":"paragraph","text":"\u201cSupose que estar\u00e0 contenta perqu\u00e8 l\u2019equip ha aconseguit la classificaci\u00f3 per a Europa una temporada m\u00e9s. Espere que tinguen un reconeixement amb els jugadors i l\u2019equip, alguna cosa que ja porta passant des de fa un temps\u201d."},{"type":"paragraph","text":"Objectiu en els tres \u00faltims partits"},{"type":"paragraph","text":"\u201cL\u2019objectiu, dins de les coses que podem controlar, \u00e9s seguir amb la bona ratxa que ens ha perm\u00e9s entrar a Europa matem\u00e0ticament. Encara tenim el repte de sumar tots els punts possibles a l\u2019espera del que puga fer la Real Sociedad. Mentre matem\u00e0ticament no estiga tot dit hem de continuar barallant per guanyar i sumar punts\u201d."},{"type":"paragraph","text":"Pots tornar a veure la roda de premsa de Quique Seti\u00e9n de nou en el seg\u00fcent v\u00eddeo:"}],"buttons":[],"images":[],"widgets":[],"blocks":[{"type":"heading","level":2,"text":"Seti\u00e9n espera un partit competit enfront del C\u00e1diz CF (dimecres, 19.30 hores)"},{"type":"paragraph","text":"L\u2019entrenador del Villarreal CF, Quique Seti\u00e9n, ha comparegut a la sala de premsa de la Ciutat Esportiva Jos\u00e9 Manuel Llaneza per a parlar del partit d\u2019aquest dimecres davant el C\u00e1diz, que es disputar\u00e0 a partir de les 19.30 hores en l\u2019Estadi de la Cer\u00e0mica."},{"type":"paragraph","text":"Aquestes han sigut les declaracions m\u00e9s destacades del t\u00e8cnic de Santander:"},{"type":"paragraph","text":"El partit enfront del C\u00e1diz CF"},{"type":"paragraph","text":"\u201cEl C\u00e1diz \u00e9s un equip que sap el que fa i que segur ens comprometr\u00e0. Crec que veurem un partit en el qual tindrem el control, per\u00f2 aix\u00f2 no significa que anem a marcar o guanyar amb facilitat perqu\u00e8 ells tamb\u00e9 saben defensar-se i tenen bons jugadors. Haurem d\u2019estar inspirats en els xicotets espais quan ataquem i atents als seus possibles contraatacs\u201d."},{"type":"paragraph","text":"L\u2019afici\u00f3, important de nou"},{"type":"paragraph","text":"\u201cSupose que estar\u00e0 contenta perqu\u00e8 l\u2019equip ha aconseguit la classificaci\u00f3 per a Europa una temporada m\u00e9s. Espere que tinguen un reconeixement amb els jugadors i l\u2019equip, alguna cosa que ja porta passant des de fa un temps\u201d."},{"type":"paragraph","text":"Objectiu en els tres \u00faltims partits"},{"type":"paragraph","text":"\u201cL\u2019objectiu, dins de les coses que podem controlar, \u00e9s seguir amb la bona ratxa que ens ha perm\u00e9s entrar a Europa matem\u00e0ticament. Encara tenim el repte de sumar tots els punts possibles a l\u2019espera del que puga fer la Real Sociedad. Mentre matem\u00e0ticament no estiga tot dit hem de continuar barallant per guanyar i sumar punts\u201d."},{"type":"paragraph","text":"Pots tornar a veure la roda de premsa de Quique Seti\u00e9n de nou en el seg\u00fcent v\u00eddeo:"},{"type":"video","kind":"iframe","url":"https:\/\/www.youtube.com\/embed\/MFAIdsfQRbo?feature=oembed","poster":""}]}],"hero":{"id":"section-1","title":"Seti\u00e9n espera un partit competit enfront del C\u00e1diz CF (dimecres, 19.30 hores)","text":"Seti\u00e9n espera un partit competit enfront del C\u00e1diz CF (dimecres, 19.30 hores) L\u2019entrenador del Villarreal CF, Quique Seti\u00e9n, ha comparegut a la sala de premsa de la Ciutat Esportiva Jos\u00e9 Manuel Llaneza per a parlar del partit d\u2019aquest dimecres davant el C\u00e1diz, que es disputar\u00e0 a partir de les 19.30 hores en l\u2019Estadi de la Cer\u00e0mica. Aquestes han sigut les declaracions m\u00e9s destacades del t\u00e8cnic de Santander: El partit enfront del C\u00e1diz CF \u201cEl C\u00e1diz \u00e9s un equip que sap el que fa i que segur ens comprometr\u00e0. Crec que veurem un partit en el qual tindrem el control, per\u00f2 aix\u00f2 no significa que anem a marcar o guanyar amb facilitat perqu\u00e8 ells tamb\u00e9 saben defensar-se i tenen bons jugadors. Haurem d\u2019estar inspirats en els xicotets espais quan ataquem i atents als seus possibles contraatacs\u201d. L\u2019afici\u00f3, important de nou \u201cSupose que estar\u00e0 contenta perqu\u00e8 l\u2019equip ha aconseguit la classificaci\u00f3 per a Europa una temporada m\u00e9s. Espere que tinguen un reconeixement amb els jugadors i l\u2019equip, alguna cosa que ja porta passant des de fa un temps\u201d. Objectiu en els tres \u00faltims partits \u201cL\u2019objectiu, dins de les coses que podem controlar, \u00e9s seguir amb la bona ratxa que ens ha perm\u00e9s entrar a Europa matem\u00e0ticament. Encara tenim el repte de sumar tots els punts possibles a l\u2019espera del que puga fer la Real Sociedad. Mentre matem\u00e0ticament no estiga tot dit hem de continuar barallant per guanyar i sumar punts\u201d. Pots tornar a veure la roda de premsa de Quique Seti\u00e9n de nou en el seg\u00fcent v\u00eddeo:","headings":[{"type":"heading","level":2,"text":"Seti\u00e9n espera un partit competit enfront del C\u00e1diz CF (dimecres, 19.30 hores)"}],"texts":[{"type":"paragraph","text":"L\u2019entrenador del Villarreal CF, Quique Seti\u00e9n, ha comparegut a la sala de premsa de la Ciutat Esportiva Jos\u00e9 Manuel Llaneza per a parlar del partit d\u2019aquest dimecres davant el C\u00e1diz, que es disputar\u00e0 a partir de les 19.30 hores en l\u2019Estadi de la Cer\u00e0mica."},{"type":"paragraph","text":"Aquestes han sigut les declaracions m\u00e9s destacades del t\u00e8cnic de Santander:"},{"type":"paragraph","text":"El partit enfront del C\u00e1diz CF"},{"type":"paragraph","text":"\u201cEl C\u00e1diz \u00e9s un equip que sap el que fa i que segur ens comprometr\u00e0. Crec que veurem un partit en el qual tindrem el control, per\u00f2 aix\u00f2 no significa que anem a marcar o guanyar amb facilitat perqu\u00e8 ells tamb\u00e9 saben defensar-se i tenen bons jugadors. Haurem d\u2019estar inspirats en els xicotets espais quan ataquem i atents als seus possibles contraatacs\u201d."},{"type":"paragraph","text":"L\u2019afici\u00f3, important de nou"},{"type":"paragraph","text":"\u201cSupose que estar\u00e0 contenta perqu\u00e8 l\u2019equip ha aconseguit la classificaci\u00f3 per a Europa una temporada m\u00e9s. Espere que tinguen un reconeixement amb els jugadors i l\u2019equip, alguna cosa que ja porta passant des de fa un temps\u201d."},{"type":"paragraph","text":"Objectiu en els tres \u00faltims partits"},{"type":"paragraph","text":"\u201cL\u2019objectiu, dins de les coses que podem controlar, \u00e9s seguir amb la bona ratxa que ens ha perm\u00e9s entrar a Europa matem\u00e0ticament. Encara tenim el repte de sumar tots els punts possibles a l\u2019espera del que puga fer la Real Sociedad. Mentre matem\u00e0ticament no estiga tot dit hem de continuar barallant per guanyar i sumar punts\u201d."},{"type":"paragraph","text":"Pots tornar a veure la roda de premsa de Quique Seti\u00e9n de nou en el seg\u00fcent v\u00eddeo:"}],"buttons":[],"images":[],"widgets":[],"blocks":[{"type":"heading","level":2,"text":"Seti\u00e9n espera un partit competit enfront del C\u00e1diz CF (dimecres, 19.30 hores)"},{"type":"paragraph","text":"L\u2019entrenador del Villarreal CF, Quique Seti\u00e9n, ha comparegut a la sala de premsa de la Ciutat Esportiva Jos\u00e9 Manuel Llaneza per a parlar del partit d\u2019aquest dimecres davant el C\u00e1diz, que es disputar\u00e0 a partir de les 19.30 hores en l\u2019Estadi de la Cer\u00e0mica."},{"type":"paragraph","text":"Aquestes han sigut les declaracions m\u00e9s destacades del t\u00e8cnic de Santander:"},{"type":"paragraph","text":"El partit enfront del C\u00e1diz CF"},{"type":"paragraph","text":"\u201cEl C\u00e1diz \u00e9s un equip que sap el que fa i que segur ens comprometr\u00e0. Crec que veurem un partit en el qual tindrem el control, per\u00f2 aix\u00f2 no significa que anem a marcar o guanyar amb facilitat perqu\u00e8 ells tamb\u00e9 saben defensar-se i tenen bons jugadors. Haurem d\u2019estar inspirats en els xicotets espais quan ataquem i atents als seus possibles contraatacs\u201d."},{"type":"paragraph","text":"L\u2019afici\u00f3, important de nou"},{"type":"paragraph","text":"\u201cSupose que estar\u00e0 contenta perqu\u00e8 l\u2019equip ha aconseguit la classificaci\u00f3 per a Europa una temporada m\u00e9s. Espere que tinguen un reconeixement amb els jugadors i l\u2019equip, alguna cosa que ja porta passant des de fa un temps\u201d."},{"type":"paragraph","text":"Objectiu en els tres \u00faltims partits"},{"type":"paragraph","text":"\u201cL\u2019objectiu, dins de les coses que podem controlar, \u00e9s seguir amb la bona ratxa que ens ha perm\u00e9s entrar a Europa matem\u00e0ticament. Encara tenim el repte de sumar tots els punts possibles a l\u2019espera del que puga fer la Real Sociedad. Mentre matem\u00e0ticament no estiga tot dit hem de continuar barallant per guanyar i sumar punts\u201d."},{"type":"paragraph","text":"Pots tornar a veure la roda de premsa de Quique Seti\u00e9n de nou en el seg\u00fcent v\u00eddeo:"},{"type":"video","kind":"iframe","url":"https:\/\/www.youtube.com\/embed\/MFAIdsfQRbo?feature=oembed","poster":""}]}},"sections":[{"id":"section-1","title":"Seti\u00e9n espera un partit competit enfront del C\u00e1diz CF (dimecres, 19.30 hores)","text":"Seti\u00e9n espera un partit competit enfront del C\u00e1diz CF (dimecres, 19.30 hores) L\u2019entrenador del Villarreal CF, Quique Seti\u00e9n, ha comparegut a la sala de premsa de la Ciutat Esportiva Jos\u00e9 Manuel Llaneza per a parlar del partit d\u2019aquest dimecres davant el C\u00e1diz, que es disputar\u00e0 a partir de les 19.30 hores en l\u2019Estadi de la Cer\u00e0mica. Aquestes han sigut les declaracions m\u00e9s destacades del t\u00e8cnic de Santander: El partit enfront del C\u00e1diz CF \u201cEl C\u00e1diz \u00e9s un equip que sap el que fa i que segur ens comprometr\u00e0. Crec que veurem un partit en el qual tindrem el control, per\u00f2 aix\u00f2 no significa que anem a marcar o guanyar amb facilitat perqu\u00e8 ells tamb\u00e9 saben defensar-se i tenen bons jugadors. Haurem d\u2019estar inspirats en els xicotets espais quan ataquem i atents als seus possibles contraatacs\u201d. L\u2019afici\u00f3, important de nou \u201cSupose que estar\u00e0 contenta perqu\u00e8 l\u2019equip ha aconseguit la classificaci\u00f3 per a Europa una temporada m\u00e9s. Espere que tinguen un reconeixement amb els jugadors i l\u2019equip, alguna cosa que ja porta passant des de fa un temps\u201d. Objectiu en els tres \u00faltims partits \u201cL\u2019objectiu, dins de les coses que podem controlar, \u00e9s seguir amb la bona ratxa que ens ha perm\u00e9s entrar a Europa matem\u00e0ticament. Encara tenim el repte de sumar tots els punts possibles a l\u2019espera del que puga fer la Real Sociedad. Mentre matem\u00e0ticament no estiga tot dit hem de continuar barallant per guanyar i sumar punts\u201d. Pots tornar a veure la roda de premsa de Quique Seti\u00e9n de nou en el seg\u00fcent v\u00eddeo:","url":"","background_image":"","images":[],"videos":[{"type":"video","kind":"iframe","url":"https:\/\/www.youtube.com\/embed\/MFAIdsfQRbo?feature=oembed","poster":""}],"links":[]}]},"excerpt":{"rendered":"Seti\u00e9n espera un partit competit enfront del C\u00e1diz CF (dimecres, 19.30 hores)","protected":false},"author":33,"featured_media":267092,"comment_status":"closed","ping_status":"closed","sticky":false,"template":"","format":"standard","meta":{"_acf_changed":false,"footnotes":""},"categories":[13493],"tags":[11429,717,9270,11042,11136,9278,9680,716,9205,9627,9203],"acf":null,"lang":"val","translations":{"es":267087,"val":267152,"en":267155},"essential_grid":{"has_grid":false},"formatted_date":"May 23, 2023","modified_date":"May 23, 2023","permalink":"https:\/\/villarrealcf.es\/val\/volem-prolongar-la-bona-ratxa-fins-al-final\/","reading_time":2,"featured_media_data":{"id":267092,"title":"setien 2","caption":"","alt_text":"","description":"","mime_type":"image\/jpeg","source_url":"https:\/\/villarrealcf.es\/wp-content\/uploads\/2023\/05\/setien-2-1.jpg","sizes":{"thumbnail":{"url":"https:\/\/villarrealcf.es\/wp-content\/uploads\/2023\/05\/setien-2-1.jpg","width":1172,"height":659},"medium":{"url":"https:\/\/villarrealcf.es\/wp-content\/uploads\/2023\/05\/setien-2-1.jpg","width":1172,"height":659},"medium_large":{"url":"https:\/\/villarrealcf.es\/wp-content\/uploads\/2023\/05\/setien-2-1-768x432.jpg","width":768,"height":432},"large":{"url":"https:\/\/villarrealcf.es\/wp-content\/uploads\/2023\/05\/setien-2-1.jpg","width":788,"height":443},"1536x1536":{"url":"https:\/\/villarrealcf.es\/wp-content\/uploads\/2023\/05\/setien-2-1.jpg","width":1172,"height":659},"2048x2048":{"url":"https:\/\/villarrealcf.es\/wp-content\/uploads\/2023\/05\/setien-2-1.jpg","width":1172,"height":659},"tp-image-grid":{"url":"https:\/\/villarrealcf.es\/wp-content\/uploads\/2023\/05\/setien-2-1-700x659.jpg","width":700,"height":659},"size-bunyad-medium":{"url":"https:\/\/villarrealcf.es\/wp-content\/uploads\/2023\/05\/setien-2-1.jpg","width":1172,"height":659},"sportspress-crop-medium":{"url":"https:\/\/villarrealcf.es\/wp-content\/uploads\/2023\/05\/setien-2-1-300x300.jpg","width":300,"height":300},"sportspress-fit-medium":{"url":"https:\/\/villarrealcf.es\/wp-content\/uploads\/2023\/05\/setien-2-1-300x169.jpg","width":300,"height":169},"sportspress-fit-icon":{"url":"https:\/\/villarrealcf.es\/wp-content\/uploads\/2023\/05\/setien-2-1-128x72.jpg","width":128,"height":72},"sportspress-fit-mini":{"url":"https:\/\/villarrealcf.es\/wp-content\/uploads\/2023\/05\/setien-2-1-32x18.jpg","width":32,"height":18},"bunyad-small":{"url":"https:\/\/villarrealcf.es\/wp-content\/uploads\/2023\/05\/setien-2-1-150x84.jpg","width":150,"height":84},"bunyad-medium":{"url":"https:\/\/villarrealcf.es\/wp-content\/uploads\/2023\/05\/setien-2-1-450x253.jpg","width":450,"height":253},"bunyad-full":{"url":"https:\/\/villarrealcf.es\/wp-content\/uploads\/2023\/05\/setien-2-1.jpg","width":1172,"height":659},"bunyad-viewport":{"url":"https:\/\/villarrealcf.es\/wp-content\/uploads\/2023\/05\/setien-2-1.jpg","width":1172,"height":659},"bunyad-768":{"url":"https:\/\/villarrealcf.es\/wp-content\/uploads\/2023\/05\/setien-2-1-768x432.jpg","width":768,"height":432},"full":{"url":"https:\/\/villarrealcf.es\/wp-content\/uploads\/2023\/05\/setien-2-1.jpg","width":1172,"height":659}}},"author_data":{"id":"33","name":"Nacho Tejada","first_name":"Nacho","last_name":"Tejada","description":"","avatar_url":"https:\/\/secure.gravatar.com\/avatar\/b1580534b2fcd93e031504756165758941290488df5c88966a26f84344931fd1?s=96&d=mm&r=g","acf":null},"taxonomies_data":{"category":[{"id":13493,"name":"Primer equip","slug":"primer-equip","acf":null}],"post_tag":[{"id":11429,"name":"Estadio de la Cer\u00e1mica","slug":"estadio-de-la-ceramica-val","acf":null},{"id":717,"name":"Football","slug":"football-d34","acf":null},{"id":9270,"name":"Futbol","slug":"futbol-val","acf":null},{"id":11042,"name":"LaLiga","slug":"laliga-val","acf":null},{"id":11136,"name":"LaLiga Santander","slug":"laliga-santander-val","acf":null},{"id":9278,"name":"primera division","slug":"primera-division-val","acf":null},{"id":9680,"name":"Rueda de prensa","slug":"rueda-de-prensa-val","acf":null},{"id":716,"name":"Soccer","slug":"soccer-d105","acf":null},{"id":9205,"name":"Submarino","slug":"submarino-val","acf":null},{"id":9627,"name":"Submarino Amarillo","slug":"submarino-amarillo-val","acf":null},{"id":9203,"name":"Villarreal CF","slug":"villarreal-cf-val","acf":null}],"translation_priority":[{"id":735,"name":"Optional","slug":"optional-val","acf":null}]},"seo_full":{"native":{"title":"&#8220;Volem prolongar la bona ratxa fins al final&#8221; - Web Oficial del Villarreal CF","description":"Seti\u00e9n espera un partit competit enfront del C\u00e1diz CF (dimecres, 19.30 hores)","canonical":"https:\/\/villarrealcf.es\/val\/volem-prolongar-la-bona-ratxa-fins-al-final\/"}},"_links":{"self":[{"href":"https:\/\/villarrealcf.es\/val\/wp-json\/wp\/v2\/posts\/267152","targetHints":{"allow":["GET"]}}],"collection":[{"href":"https:\/\/villarrealcf.es\/val\/wp-json\/wp\/v2\/posts"}],"about":[{"href":"https:\/\/villarrealcf.es\/val\/wp-json\/wp\/v2\/types\/post"}],"author":[{"embeddable":true,"href":"https:\/\/villarrealcf.es\/val\/wp-json\/wp\/v2\/users\/33"}],"replies":[{"embeddable":true,"href":"https:\/\/villarrealcf.es\/val\/wp-json\/wp\/v2\/comments?post=267152"}],"version-history":[{"count":0,"href":"https:\/\/villarrealcf.es\/val\/wp-json\/wp\/v2\/posts\/267152\/revisions"}],"wp:featuredmedia":[{"embeddable":true,"href":"https:\/\/villarrealcf.es\/val\/wp-json\/wp\/v2\/media\/267092"}],"wp:attachment":[{"href":"https:\/\/villarrealcf.es\/val\/wp-json\/wp\/v2\/media?parent=267152"}],"wp:term":[{"taxonomy":"category","embeddable":true,"href":"https:\/\/villarrealcf.es\/val\/wp-json\/wp\/v2\/categories?post=267152"},{"taxonomy":"post_tag","embeddable":true,"href":"https:\/\/villarrealcf.es\/val\/wp-json\/wp\/v2\/tags?post=267152"}],"curies":[{"name":"wp","href":"https:\/\/api.w.org\/{rel}","templated":true}]}}