{"id":266857,"date":"2023-05-22T10:32:10","date_gmt":"2023-05-22T08:32:10","guid":{"rendered":"https:\/\/villarrealcf.es\/\/la-promo-de-final-de-temporada-llega-a-las-tiendas-oficiales\/"},"modified":"2023-05-22T10:39:37","modified_gmt":"2023-05-22T08:39:37","slug":"la-promo-de-final-de-temporada-arriba-a-les-tendes-oficials","status":"publish","type":"post","link":"https:\/\/villarrealcf.es\/val\/la-promo-de-final-de-temporada-arriba-a-les-tendes-oficials\/","title":{"rendered":"La promo de final de temporada arriba a les Tendes Oficials"},"content":{"protected":false,"blocks":[{"type":"heading","level":2,"text":"Els aficionats podran gaudir d\u2019un 50% de descompte en la col\u00b7lecci\u00f3 oficial de Joma 22-23"},{"type":"paragraph","text":"La campanya arriba a la seua fi i el Villarreal CF ja ha certificat l\u2019objectiu europeu. Per a celebrar-ho, el club groc ha activat la promoci\u00f3 de final de temporada a les Tendes Oficials. Els aficionats poden gaudir del 50% de descompte en tots els productes de la col\u00b7lecci\u00f3 oficial de Joma 2022\/23, a excepci\u00f3 de la samarreta oficial del centenari."},{"type":"paragraph","text":"Aquesta promoci\u00f3 est\u00e0 disponible a la Tenda Online, aix\u00ed com les Tendes Oficials del Villarreal CF."},{"type":"paragraph","text":"Els horaris de les tendes oficials s\u00f3n els seg\u00fcents:"},{"type":"list","style":"ul","items":["Tenda Oficial del Centre: de dilluns a divendres, de 10.00 a 20.00 hores","Tienda Oficial del Estadi: de dilluns a divendres, de 10.00 a 18.00 hores"]},{"type":"link","url":"https:\/\/shop.villarrealcf.es\/es\/","text":"tenda online","target":"_blank"}],"structured":{"summary":{"text":"Els aficionats podran gaudir d\u2019un 50% de descompte en la col\u00b7lecci\u00f3 oficial de Joma 22-23 La campanya arriba a la seua fi i el Villarreal CF ja ha certificat l\u2019objectiu europeu. Per a celebrar-ho, el club groc ha activat la promoci\u00f3 de final de temporada a les Tendes Oficials. Els aficionats poden gaudir del 50% de descompte en tots els productes de la col\u00b7lecci\u00f3 oficial de Joma 2022\/23, a excepci\u00f3 de la samarreta oficial del centenari. Aquesta promoci\u00f3 est\u00e0 disponible a la Tenda Online, aix\u00ed com les Tendes Oficials del Villarreal CF. Els horaris de les tendes oficials s\u00f3n els seg\u00fcents: Tenda Oficial del Centre: de dilluns a divendres, de 10.00 a 20.00 hores Tienda Oficial del Estadi: de dilluns a divendres, de 10.00 a 18.00 hores tenda online","headings":[{"type":"heading","level":2,"text":"Els aficionats podran gaudir d\u2019un 50% de descompte en la col\u00b7lecci\u00f3 oficial de Joma 22-23"}],"buttons":[],"images":[],"counts":{"blocks":6,"headings":1,"texts":3,"buttons":0,"images":0}},"sections":[{"id":"section-1","title":"Els aficionats podran gaudir d\u2019un 50% de descompte en la col\u00b7lecci\u00f3 oficial de Joma 22-23","text":"Els aficionats podran gaudir d\u2019un 50% de descompte en la col\u00b7lecci\u00f3 oficial de Joma 22-23 La campanya arriba a la seua fi i el Villarreal CF ja ha certificat l\u2019objectiu europeu. Per a celebrar-ho, el club groc ha activat la promoci\u00f3 de final de temporada a les Tendes Oficials. Els aficionats poden gaudir del 50% de descompte en tots els productes de la col\u00b7lecci\u00f3 oficial de Joma 2022\/23, a excepci\u00f3 de la samarreta oficial del centenari. Aquesta promoci\u00f3 est\u00e0 disponible a la Tenda Online, aix\u00ed com les Tendes Oficials del Villarreal CF. Els horaris de les tendes oficials s\u00f3n els seg\u00fcents:","headings":[{"type":"heading","level":2,"text":"Els aficionats podran gaudir d\u2019un 50% de descompte en la col\u00b7lecci\u00f3 oficial de Joma 22-23"}],"texts":[{"type":"paragraph","text":"La campanya arriba a la seua fi i el Villarreal CF ja ha certificat l\u2019objectiu europeu. Per a celebrar-ho, el club groc ha activat la promoci\u00f3 de final de temporada a les Tendes Oficials. Els aficionats poden gaudir del 50% de descompte en tots els productes de la col\u00b7lecci\u00f3 oficial de Joma 2022\/23, a excepci\u00f3 de la samarreta oficial del centenari."},{"type":"paragraph","text":"Aquesta promoci\u00f3 est\u00e0 disponible a la Tenda Online, aix\u00ed com les Tendes Oficials del Villarreal CF."},{"type":"paragraph","text":"Els horaris de les tendes oficials s\u00f3n els seg\u00fcents:"}],"buttons":[],"images":[],"widgets":[],"blocks":[{"type":"heading","level":2,"text":"Els aficionats podran gaudir d\u2019un 50% de descompte en la col\u00b7lecci\u00f3 oficial de Joma 22-23"},{"type":"paragraph","text":"La campanya arriba a la seua fi i el Villarreal CF ja ha certificat l\u2019objectiu europeu. Per a celebrar-ho, el club groc ha activat la promoci\u00f3 de final de temporada a les Tendes Oficials. Els aficionats poden gaudir del 50% de descompte en tots els productes de la col\u00b7lecci\u00f3 oficial de Joma 2022\/23, a excepci\u00f3 de la samarreta oficial del centenari."},{"type":"paragraph","text":"Aquesta promoci\u00f3 est\u00e0 disponible a la Tenda Online, aix\u00ed com les Tendes Oficials del Villarreal CF."},{"type":"paragraph","text":"Els horaris de les tendes oficials s\u00f3n els seg\u00fcents:"},{"type":"list","style":"ul","items":["Tenda Oficial del Centre: de dilluns a divendres, de 10.00 a 20.00 hores","Tienda Oficial del Estadi: de dilluns a divendres, de 10.00 a 18.00 hores"]},{"type":"link","url":"https:\/\/shop.villarrealcf.es\/es\/","text":"tenda online","target":"_blank"}]}],"hero":{"id":"section-1","title":"Els aficionats podran gaudir d\u2019un 50% de descompte en la col\u00b7lecci\u00f3 oficial de Joma 22-23","text":"Els aficionats podran gaudir d\u2019un 50% de descompte en la col\u00b7lecci\u00f3 oficial de Joma 22-23 La campanya arriba a la seua fi i el Villarreal CF ja ha certificat l\u2019objectiu europeu. Per a celebrar-ho, el club groc ha activat la promoci\u00f3 de final de temporada a les Tendes Oficials. Els aficionats poden gaudir del 50% de descompte en tots els productes de la col\u00b7lecci\u00f3 oficial de Joma 2022\/23, a excepci\u00f3 de la samarreta oficial del centenari. Aquesta promoci\u00f3 est\u00e0 disponible a la Tenda Online, aix\u00ed com les Tendes Oficials del Villarreal CF. Els horaris de les tendes oficials s\u00f3n els seg\u00fcents:","headings":[{"type":"heading","level":2,"text":"Els aficionats podran gaudir d\u2019un 50% de descompte en la col\u00b7lecci\u00f3 oficial de Joma 22-23"}],"texts":[{"type":"paragraph","text":"La campanya arriba a la seua fi i el Villarreal CF ja ha certificat l\u2019objectiu europeu. Per a celebrar-ho, el club groc ha activat la promoci\u00f3 de final de temporada a les Tendes Oficials. Els aficionats poden gaudir del 50% de descompte en tots els productes de la col\u00b7lecci\u00f3 oficial de Joma 2022\/23, a excepci\u00f3 de la samarreta oficial del centenari."},{"type":"paragraph","text":"Aquesta promoci\u00f3 est\u00e0 disponible a la Tenda Online, aix\u00ed com les Tendes Oficials del Villarreal CF."},{"type":"paragraph","text":"Els horaris de les tendes oficials s\u00f3n els seg\u00fcents:"}],"buttons":[],"images":[],"widgets":[],"blocks":[{"type":"heading","level":2,"text":"Els aficionats podran gaudir d\u2019un 50% de descompte en la col\u00b7lecci\u00f3 oficial de Joma 22-23"},{"type":"paragraph","text":"La campanya arriba a la seua fi i el Villarreal CF ja ha certificat l\u2019objectiu europeu. Per a celebrar-ho, el club groc ha activat la promoci\u00f3 de final de temporada a les Tendes Oficials. Els aficionats poden gaudir del 50% de descompte en tots els productes de la col\u00b7lecci\u00f3 oficial de Joma 2022\/23, a excepci\u00f3 de la samarreta oficial del centenari."},{"type":"paragraph","text":"Aquesta promoci\u00f3 est\u00e0 disponible a la Tenda Online, aix\u00ed com les Tendes Oficials del Villarreal CF."},{"type":"paragraph","text":"Els horaris de les tendes oficials s\u00f3n els seg\u00fcents:"},{"type":"list","style":"ul","items":["Tenda Oficial del Centre: de dilluns a divendres, de 10.00 a 20.00 hores","Tienda Oficial del Estadi: de dilluns a divendres, de 10.00 a 18.00 hores"]},{"type":"link","url":"https:\/\/shop.villarrealcf.es\/es\/","text":"tenda online","target":"_blank"}]}},"sections":[{"id":"section-1","title":"Els aficionats podran gaudir d\u2019un 50% de descompte en la col\u00b7lecci\u00f3 oficial de Joma 22-23","text":"Els aficionats podran gaudir d\u2019un 50% de descompte en la col\u00b7lecci\u00f3 oficial de Joma 22-23 La campanya arriba a la seua fi i el Villarreal CF ja ha certificat l\u2019objectiu europeu. Per a celebrar-ho, el club groc ha activat la promoci\u00f3 de final de temporada a les Tendes Oficials. Els aficionats poden gaudir del 50% de descompte en tots els productes de la col\u00b7lecci\u00f3 oficial de Joma 2022\/23, a excepci\u00f3 de la samarreta oficial del centenari. Aquesta promoci\u00f3 est\u00e0 disponible a la Tenda Online, aix\u00ed com les Tendes Oficials del Villarreal CF. Els horaris de les tendes oficials s\u00f3n els seg\u00fcents:","url":"https:\/\/shop.villarrealcf.es\/es\/","background_image":"","images":[],"videos":[],"links":[{"type":"link","url":"https:\/\/shop.villarrealcf.es\/es\/","text":"tenda online","target":"_blank"}]}]},"excerpt":{"rendered":"Els aficionats podran gaudir d&#8217;un 50% de descompte en la col\u00b7lecci\u00f3 oficial de Joma 22-23","protected":false},"author":25,"featured_media":266854,"comment_status":"closed","ping_status":"closed","sticky":false,"template":"","format":"standard","meta":{"_acf_changed":false,"footnotes":""},"categories":[13507],"tags":[717,9270,11107,716,9205,9627,9748,9314,9203],"acf":null,"lang":"val","translations":{"es":266851,"val":266857,"en":266986},"essential_grid":{"has_grid":false},"formatted_date":"May 22, 2023","modified_date":"May 22, 2023","permalink":"https:\/\/villarrealcf.es\/val\/la-promo-de-final-de-temporada-arriba-a-les-tendes-oficials\/","reading_time":1,"featured_media_data":{"id":266854,"title":"tiendavillarreal","caption":"","alt_text":"","description":"","mime_type":"image\/jpeg","source_url":"https:\/\/villarrealcf.es\/wp-content\/uploads\/2023\/05\/tiendavillarreal.jpg","sizes":{"thumbnail":{"url":"https:\/\/villarrealcf.es\/wp-content\/uploads\/2023\/05\/tiendavillarreal-1920x1080.jpg","width":1920,"height":1080},"medium":{"url":"https:\/\/villarrealcf.es\/wp-content\/uploads\/2023\/05\/tiendavillarreal-1920x1080.jpg","width":1920,"height":1080},"medium_large":{"url":"https:\/\/villarrealcf.es\/wp-content\/uploads\/2023\/05\/tiendavillarreal-768x432.jpg","width":768,"height":432},"large":{"url":"https:\/\/villarrealcf.es\/wp-content\/uploads\/2023\/05\/tiendavillarreal-1920x1080.jpg","width":788,"height":443},"1536x1536":{"url":"https:\/\/villarrealcf.es\/wp-content\/uploads\/2023\/05\/tiendavillarreal-1536x864.jpg","width":1536,"height":864},"2048x2048":{"url":"https:\/\/villarrealcf.es\/wp-content\/uploads\/2023\/05\/tiendavillarreal.jpg","width":1920,"height":1080},"tp-image-grid":{"url":"https:\/\/villarrealcf.es\/wp-content\/uploads\/2023\/05\/tiendavillarreal-700x700.jpg","width":700,"height":700},"size-bunyad-medium":{"url":"https:\/\/villarrealcf.es\/wp-content\/uploads\/2023\/05\/tiendavillarreal-1920x1080.jpg","width":1920,"height":1080},"sportspress-crop-medium":{"url":"https:\/\/villarrealcf.es\/wp-content\/uploads\/2023\/05\/tiendavillarreal-300x300.jpg","width":300,"height":300},"sportspress-fit-medium":{"url":"https:\/\/villarrealcf.es\/wp-content\/uploads\/2023\/05\/tiendavillarreal-300x169.jpg","width":300,"height":169},"sportspress-fit-icon":{"url":"https:\/\/villarrealcf.es\/wp-content\/uploads\/2023\/05\/tiendavillarreal-128x72.jpg","width":128,"height":72},"sportspress-fit-mini":{"url":"https:\/\/villarrealcf.es\/wp-content\/uploads\/2023\/05\/tiendavillarreal-32x18.jpg","width":32,"height":18},"bunyad-small":{"url":"https:\/\/villarrealcf.es\/wp-content\/uploads\/2023\/05\/tiendavillarreal-150x84.jpg","width":150,"height":84},"bunyad-medium":{"url":"https:\/\/villarrealcf.es\/wp-content\/uploads\/2023\/05\/tiendavillarreal-450x253.jpg","width":450,"height":253},"bunyad-full":{"url":"https:\/\/villarrealcf.es\/wp-content\/uploads\/2023\/05\/tiendavillarreal-1200x675.jpg","width":1200,"height":675},"bunyad-viewport":{"url":"https:\/\/villarrealcf.es\/wp-content\/uploads\/2023\/05\/tiendavillarreal.jpg","width":1920,"height":1080},"bunyad-768":{"url":"https:\/\/villarrealcf.es\/wp-content\/uploads\/2023\/05\/tiendavillarreal-768x432.jpg","width":768,"height":432},"full":{"url":"https:\/\/villarrealcf.es\/wp-content\/uploads\/2023\/05\/tiendavillarreal.jpg","width":1920,"height":1080}}},"author_data":{"id":"25","name":"Javier Ayuso","first_name":"Javier","last_name":"Ayuso","description":"","avatar_url":"https:\/\/secure.gravatar.com\/avatar\/fcf8894be45988fcce5bbff0efe1790d2a7f4ba57e2c7c898f5068154e696495?s=96&d=mm&r=g","acf":null},"taxonomies_data":{"category":[{"id":13507,"name":"Fans","slug":"fans-val","acf":null}],"post_tag":[{"id":717,"name":"Football","slug":"football-d34","acf":null},{"id":9270,"name":"Futbol","slug":"futbol-val","acf":null},{"id":11107,"name":"JOMA","slug":"joma-val","acf":null},{"id":716,"name":"Soccer","slug":"soccer-d105","acf":null},{"id":9205,"name":"Submarino","slug":"submarino-val","acf":null},{"id":9627,"name":"Submarino Amarillo","slug":"submarino-amarillo-val","acf":null},{"id":9748,"name":"Tienda Online","slug":"tienda-online-val","acf":null},{"id":9314,"name":"Tiendas Oficiales","slug":"tiendas-oficiales-val","acf":null},{"id":9203,"name":"Villarreal CF","slug":"villarreal-cf-val","acf":null}],"translation_priority":[{"id":735,"name":"Optional","slug":"optional-val","acf":null}]},"seo_full":{"native":{"title":"La promo de final de temporada arriba a les Tendes Oficials - Web Oficial del Villarreal CF","description":"Els aficionats podran gaudir d'un 50% de descompte en la col\u00b7lecci\u00f3 oficial de Joma 22-23","canonical":"https:\/\/villarrealcf.es\/val\/la-promo-de-final-de-temporada-arriba-a-les-tendes-oficials\/"}},"_links":{"self":[{"href":"https:\/\/villarrealcf.es\/val\/wp-json\/wp\/v2\/posts\/266857","targetHints":{"allow":["GET"]}}],"collection":[{"href":"https:\/\/villarrealcf.es\/val\/wp-json\/wp\/v2\/posts"}],"about":[{"href":"https:\/\/villarrealcf.es\/val\/wp-json\/wp\/v2\/types\/post"}],"author":[{"embeddable":true,"href":"https:\/\/villarrealcf.es\/val\/wp-json\/wp\/v2\/users\/25"}],"replies":[{"embeddable":true,"href":"https:\/\/villarrealcf.es\/val\/wp-json\/wp\/v2\/comments?post=266857"}],"version-history":[{"count":0,"href":"https:\/\/villarrealcf.es\/val\/wp-json\/wp\/v2\/posts\/266857\/revisions"}],"wp:featuredmedia":[{"embeddable":true,"href":"https:\/\/villarrealcf.es\/val\/wp-json\/wp\/v2\/media\/266854"}],"wp:attachment":[{"href":"https:\/\/villarrealcf.es\/val\/wp-json\/wp\/v2\/media?parent=266857"}],"wp:term":[{"taxonomy":"category","embeddable":true,"href":"https:\/\/villarrealcf.es\/val\/wp-json\/wp\/v2\/categories?post=266857"},{"taxonomy":"post_tag","embeddable":true,"href":"https:\/\/villarrealcf.es\/val\/wp-json\/wp\/v2\/tags?post=266857"}],"curies":[{"name":"wp","href":"https:\/\/api.w.org\/{rel}","templated":true}]}}