{"id":266156,"date":"2023-05-16T16:58:57","date_gmt":"2023-05-16T14:58:57","guid":{"rendered":"https:\/\/villarrealcf.es\/\/las-mejores-imagenes-de-la-fiesta-de-endavant-igualtat\/"},"modified":"2023-05-18T12:09:30","modified_gmt":"2023-05-18T10:09:30","slug":"las-mejores-imagenes-de-la-fiesta-de-endavant-igualtat","status":"publish","type":"post","link":"https:\/\/villarrealcf.es\/val\/las-mejores-imagenes-de-la-fiesta-de-endavant-igualtat\/","title":{"rendered":"Les millors imatges de la festa de Endavant Igualtat"},"content":{"protected":false,"blocks":[{"type":"heading","widget":"heading","level":2,"text":"Mes de 400 persones s'han reunit en l'esperada celebraci\u00f3n despr\u00e9s de tres temporades"},{"type":"text","widget":"text-editor","text":"El Villarreal CF, aix\u00ed com les associacions i els equips de la Cantera Grogueta, han gaudit d\u2019una gran festa de final de temporada de Endavant Igualtat. En aquesta inoblidable jornada han gaudit d\u2019una gran varietat de jocs i activitats. Els futbolistes Jorge Cuenca i Yeremy Pino, aix\u00ed com representants de la Cantera Grogueta i el Villarreal Femen\u00ed han sigut presents en aquest bonic acte.","paragraphs":["El Villarreal CF, aix\u00ed com les associacions i els equips de la Cantera Grogueta, han gaudit d\u2019una gran festa de final de temporada de Endavant Igualtat. En aquesta inoblidable jornada han gaudit d\u2019una gran varietat de jocs i activitats. Els futbolistes Jorge Cuenca i Yeremy Pino, aix\u00ed com representants de la Cantera Grogueta i el Villarreal Femen\u00ed han sigut presents en aquest bonic acte."]},{"type":"gallery","widget":"gallery","items":[{"url":"https:\/\/villarrealcf.es\/wp-content\/uploads\/2023\/05\/20230516-FiestaEndavantIgualtat-042.jpg","title":"20230516-FiestaEndavantIgualtat-042","thumbnail":"https:\/\/villarrealcf.es\/wp-content\/uploads\/2023\/05\/20230516-FiestaEndavantIgualtat-042.jpg","width":2362,"height":1575},{"url":"https:\/\/villarrealcf.es\/wp-content\/uploads\/2023\/05\/20230516-FiestaEndavantIgualtat-041.jpg","title":"20230516-FiestaEndavantIgualtat-041","thumbnail":"https:\/\/villarrealcf.es\/wp-content\/uploads\/2023\/05\/20230516-FiestaEndavantIgualtat-041.jpg","width":2362,"height":1575},{"url":"https:\/\/villarrealcf.es\/wp-content\/uploads\/2023\/05\/20230516-FiestaEndavantIgualtat-039.jpg","title":"20230516-FiestaEndavantIgualtat-039","thumbnail":"https:\/\/villarrealcf.es\/wp-content\/uploads\/2023\/05\/20230516-FiestaEndavantIgualtat-039.jpg","width":2362,"height":1575},{"url":"https:\/\/villarrealcf.es\/wp-content\/uploads\/2023\/05\/20230516-FiestaEndavantIgualtat-036.jpg","title":"20230516-FiestaEndavantIgualtat-036","thumbnail":"https:\/\/villarrealcf.es\/wp-content\/uploads\/2023\/05\/20230516-FiestaEndavantIgualtat-036.jpg","width":2362,"height":1575},{"url":"https:\/\/villarrealcf.es\/wp-content\/uploads\/2023\/05\/20230516-FiestaEndavantIgualtat-028.jpg","title":"20230516-FiestaEndavantIgualtat-028","thumbnail":"https:\/\/villarrealcf.es\/wp-content\/uploads\/2023\/05\/20230516-FiestaEndavantIgualtat-028.jpg","width":2362,"height":1575},{"url":"https:\/\/villarrealcf.es\/wp-content\/uploads\/2023\/05\/20230516-FiestaEndavantIgualtat-027.jpg","title":"20230516-FiestaEndavantIgualtat-027","thumbnail":"https:\/\/villarrealcf.es\/wp-content\/uploads\/2023\/05\/20230516-FiestaEndavantIgualtat-027.jpg","width":2362,"height":1575},{"url":"https:\/\/villarrealcf.es\/wp-content\/uploads\/2023\/05\/20230516-FiestaEndavantIgualtat-020.jpg","title":"20230516-FiestaEndavantIgualtat-020","thumbnail":"https:\/\/villarrealcf.es\/wp-content\/uploads\/2023\/05\/20230516-FiestaEndavantIgualtat-020.jpg","width":2362,"height":1575},{"url":"https:\/\/villarrealcf.es\/wp-content\/uploads\/2023\/05\/20230516-FiestaEndavantIgualtat-016.jpg","title":"20230516-FiestaEndavantIgualtat-016","thumbnail":"https:\/\/villarrealcf.es\/wp-content\/uploads\/2023\/05\/20230516-FiestaEndavantIgualtat-016.jpg","width":2362,"height":1575},{"url":"https:\/\/villarrealcf.es\/wp-content\/uploads\/2023\/05\/20230516-FiestaEndavantIgualtat-014.jpg","title":"20230516-FiestaEndavantIgualtat-014","thumbnail":"https:\/\/villarrealcf.es\/wp-content\/uploads\/2023\/05\/20230516-FiestaEndavantIgualtat-014.jpg","width":2362,"height":1575},{"url":"https:\/\/villarrealcf.es\/wp-content\/uploads\/2023\/05\/20230516-FiestaEndavantIgualtat-013.jpg","title":"20230516-FiestaEndavantIgualtat-013","thumbnail":"https:\/\/villarrealcf.es\/wp-content\/uploads\/2023\/05\/20230516-FiestaEndavantIgualtat-013.jpg","width":2362,"height":1575},{"url":"https:\/\/villarrealcf.es\/wp-content\/uploads\/2023\/05\/20230516-FiestaEndavantIgualtat-012.jpg","title":"20230516-FiestaEndavantIgualtat-012","thumbnail":"https:\/\/villarrealcf.es\/wp-content\/uploads\/2023\/05\/20230516-FiestaEndavantIgualtat-012.jpg","width":2362,"height":1575},{"url":"https:\/\/villarrealcf.es\/wp-content\/uploads\/2023\/05\/20230516-FiestaEndavantIgualtat-010.jpg","title":"20230516-FiestaEndavantIgualtat-010","thumbnail":"https:\/\/villarrealcf.es\/wp-content\/uploads\/2023\/05\/20230516-FiestaEndavantIgualtat-010.jpg","width":2362,"height":1575},{"url":"https:\/\/villarrealcf.es\/wp-content\/uploads\/2023\/05\/20230516-FiestaEndavantIgualtat-008.jpg","title":"20230516-FiestaEndavantIgualtat-008","thumbnail":"https:\/\/villarrealcf.es\/wp-content\/uploads\/2023\/05\/20230516-FiestaEndavantIgualtat-008.jpg","width":2362,"height":1575},{"url":"https:\/\/villarrealcf.es\/wp-content\/uploads\/2023\/05\/20230516-FiestaEndavantIgualtat-004.jpg","title":"20230516-FiestaEndavantIgualtat-004","thumbnail":"https:\/\/villarrealcf.es\/wp-content\/uploads\/2023\/05\/20230516-FiestaEndavantIgualtat-004.jpg","width":2362,"height":1575},{"url":"https:\/\/villarrealcf.es\/wp-content\/uploads\/2023\/05\/20230516-FiestaEndavantIgualtat-032.jpg","title":"20230516-FiestaEndavantIgualtat-032","thumbnail":"https:\/\/villarrealcf.es\/wp-content\/uploads\/2023\/05\/20230516-FiestaEndavantIgualtat-032.jpg","width":2362,"height":1575}]}],"structured":{"summary":{"text":"Mes de 400 persones s'han reunit en l'esperada celebraci\u00f3n despr\u00e9s de tres temporades El Villarreal CF, aix\u00ed com les associacions i els equips de la Cantera Grogueta, han gaudit d\u2019una gran festa de final de temporada de Endavant Igualtat. En aquesta inoblidable jornada han gaudit d\u2019una gran varietat de jocs i activitats. Els futbolistes Jorge Cuenca i Yeremy Pino, aix\u00ed com representants de la Cantera Grogueta i el Villarreal Femen\u00ed han sigut presents en aquest bonic acte.","headings":[{"type":"heading","widget":"heading","level":2,"text":"Mes de 400 persones s'han reunit en l'esperada celebraci\u00f3n despr\u00e9s de tres temporades"}],"buttons":[],"images":[],"counts":{"blocks":3,"headings":1,"texts":1,"buttons":0,"images":0},"containers":1},"sections":[{"id":"a8a7f2e","type":"container","classes":["has-el-gap","el-gap-default","elementor-section","elementor-top-section","elementor-element","elementor-element-a8a7f2e","elementor-section-boxed","elementor-section-height-default"],"title":"Mes de 400 persones s'han reunit en l'esperada celebraci\u00f3n despr\u00e9s de tres temporades","text":"Mes de 400 persones s'han reunit en l'esperada celebraci\u00f3n despr\u00e9s de tres temporades El Villarreal CF, aix\u00ed com les associacions i els equips de la Cantera Grogueta, han gaudit d\u2019una gran festa de final de temporada de Endavant Igualtat. En aquesta inoblidable jornada han gaudit d\u2019una gran varietat de jocs i activitats. Els futbolistes Jorge Cuenca i Yeremy Pino, aix\u00ed com representants de la Cantera Grogueta i el Villarreal Femen\u00ed han sigut presents en aquest bonic acte.","headings":[{"type":"heading","widget":"heading","level":2,"text":"Mes de 400 persones s'han reunit en l'esperada celebraci\u00f3n despr\u00e9s de tres temporades"}],"texts":[{"type":"text","widget":"text-editor","text":"El Villarreal CF, aix\u00ed com les associacions i els equips de la Cantera Grogueta, han gaudit d\u2019una gran festa de final de temporada de Endavant Igualtat. En aquesta inoblidable jornada han gaudit d\u2019una gran varietat de jocs i activitats. Els futbolistes Jorge Cuenca i Yeremy Pino, aix\u00ed com representants de la Cantera Grogueta i el Villarreal Femen\u00ed han sigut presents en aquest bonic acte.","paragraphs":["El Villarreal CF, aix\u00ed com les associacions i els equips de la Cantera Grogueta, han gaudit d\u2019una gran festa de final de temporada de Endavant Igualtat. En aquesta inoblidable jornada han gaudit d\u2019una gran varietat de jocs i activitats. Els futbolistes Jorge Cuenca i Yeremy Pino, aix\u00ed com representants de la Cantera Grogueta i el Villarreal Femen\u00ed han sigut presents en aquest bonic acte."]}],"buttons":[],"images":[],"widgets":["heading","text-editor","gallery"],"blocks":[{"type":"heading","widget":"heading","level":2,"text":"Mes de 400 persones s'han reunit en l'esperada celebraci\u00f3n despr\u00e9s de tres temporades"},{"type":"text","widget":"text-editor","text":"El Villarreal CF, aix\u00ed com les associacions i els equips de la Cantera Grogueta, han gaudit d\u2019una gran festa de final de temporada de Endavant Igualtat. En aquesta inoblidable jornada han gaudit d\u2019una gran varietat de jocs i activitats. Els futbolistes Jorge Cuenca i Yeremy Pino, aix\u00ed com representants de la Cantera Grogueta i el Villarreal Femen\u00ed han sigut presents en aquest bonic acte.","paragraphs":["El Villarreal CF, aix\u00ed com les associacions i els equips de la Cantera Grogueta, han gaudit d\u2019una gran festa de final de temporada de Endavant Igualtat. En aquesta inoblidable jornada han gaudit d\u2019una gran varietat de jocs i activitats. Els futbolistes Jorge Cuenca i Yeremy Pino, aix\u00ed com representants de la Cantera Grogueta i el Villarreal Femen\u00ed han sigut presents en aquest bonic acte."]},{"type":"gallery","widget":"gallery","items":[{"url":"https:\/\/villarrealcf.es\/wp-content\/uploads\/2023\/05\/20230516-FiestaEndavantIgualtat-042.jpg","title":"20230516-FiestaEndavantIgualtat-042","thumbnail":"https:\/\/villarrealcf.es\/wp-content\/uploads\/2023\/05\/20230516-FiestaEndavantIgualtat-042.jpg","width":2362,"height":1575},{"url":"https:\/\/villarrealcf.es\/wp-content\/uploads\/2023\/05\/20230516-FiestaEndavantIgualtat-041.jpg","title":"20230516-FiestaEndavantIgualtat-041","thumbnail":"https:\/\/villarrealcf.es\/wp-content\/uploads\/2023\/05\/20230516-FiestaEndavantIgualtat-041.jpg","width":2362,"height":1575},{"url":"https:\/\/villarrealcf.es\/wp-content\/uploads\/2023\/05\/20230516-FiestaEndavantIgualtat-039.jpg","title":"20230516-FiestaEndavantIgualtat-039","thumbnail":"https:\/\/villarrealcf.es\/wp-content\/uploads\/2023\/05\/20230516-FiestaEndavantIgualtat-039.jpg","width":2362,"height":1575},{"url":"https:\/\/villarrealcf.es\/wp-content\/uploads\/2023\/05\/20230516-FiestaEndavantIgualtat-036.jpg","title":"20230516-FiestaEndavantIgualtat-036","thumbnail":"https:\/\/villarrealcf.es\/wp-content\/uploads\/2023\/05\/20230516-FiestaEndavantIgualtat-036.jpg","width":2362,"height":1575},{"url":"https:\/\/villarrealcf.es\/wp-content\/uploads\/2023\/05\/20230516-FiestaEndavantIgualtat-028.jpg","title":"20230516-FiestaEndavantIgualtat-028","thumbnail":"https:\/\/villarrealcf.es\/wp-content\/uploads\/2023\/05\/20230516-FiestaEndavantIgualtat-028.jpg","width":2362,"height":1575},{"url":"https:\/\/villarrealcf.es\/wp-content\/uploads\/2023\/05\/20230516-FiestaEndavantIgualtat-027.jpg","title":"20230516-FiestaEndavantIgualtat-027","thumbnail":"https:\/\/villarrealcf.es\/wp-content\/uploads\/2023\/05\/20230516-FiestaEndavantIgualtat-027.jpg","width":2362,"height":1575},{"url":"https:\/\/villarrealcf.es\/wp-content\/uploads\/2023\/05\/20230516-FiestaEndavantIgualtat-020.jpg","title":"20230516-FiestaEndavantIgualtat-020","thumbnail":"https:\/\/villarrealcf.es\/wp-content\/uploads\/2023\/05\/20230516-FiestaEndavantIgualtat-020.jpg","width":2362,"height":1575},{"url":"https:\/\/villarrealcf.es\/wp-content\/uploads\/2023\/05\/20230516-FiestaEndavantIgualtat-016.jpg","title":"20230516-FiestaEndavantIgualtat-016","thumbnail":"https:\/\/villarrealcf.es\/wp-content\/uploads\/2023\/05\/20230516-FiestaEndavantIgualtat-016.jpg","width":2362,"height":1575},{"url":"https:\/\/villarrealcf.es\/wp-content\/uploads\/2023\/05\/20230516-FiestaEndavantIgualtat-014.jpg","title":"20230516-FiestaEndavantIgualtat-014","thumbnail":"https:\/\/villarrealcf.es\/wp-content\/uploads\/2023\/05\/20230516-FiestaEndavantIgualtat-014.jpg","width":2362,"height":1575},{"url":"https:\/\/villarrealcf.es\/wp-content\/uploads\/2023\/05\/20230516-FiestaEndavantIgualtat-013.jpg","title":"20230516-FiestaEndavantIgualtat-013","thumbnail":"https:\/\/villarrealcf.es\/wp-content\/uploads\/2023\/05\/20230516-FiestaEndavantIgualtat-013.jpg","width":2362,"height":1575},{"url":"https:\/\/villarrealcf.es\/wp-content\/uploads\/2023\/05\/20230516-FiestaEndavantIgualtat-012.jpg","title":"20230516-FiestaEndavantIgualtat-012","thumbnail":"https:\/\/villarrealcf.es\/wp-content\/uploads\/2023\/05\/20230516-FiestaEndavantIgualtat-012.jpg","width":2362,"height":1575},{"url":"https:\/\/villarrealcf.es\/wp-content\/uploads\/2023\/05\/20230516-FiestaEndavantIgualtat-010.jpg","title":"20230516-FiestaEndavantIgualtat-010","thumbnail":"https:\/\/villarrealcf.es\/wp-content\/uploads\/2023\/05\/20230516-FiestaEndavantIgualtat-010.jpg","width":2362,"height":1575},{"url":"https:\/\/villarrealcf.es\/wp-content\/uploads\/2023\/05\/20230516-FiestaEndavantIgualtat-008.jpg","title":"20230516-FiestaEndavantIgualtat-008","thumbnail":"https:\/\/villarrealcf.es\/wp-content\/uploads\/2023\/05\/20230516-FiestaEndavantIgualtat-008.jpg","width":2362,"height":1575},{"url":"https:\/\/villarrealcf.es\/wp-content\/uploads\/2023\/05\/20230516-FiestaEndavantIgualtat-004.jpg","title":"20230516-FiestaEndavantIgualtat-004","thumbnail":"https:\/\/villarrealcf.es\/wp-content\/uploads\/2023\/05\/20230516-FiestaEndavantIgualtat-004.jpg","width":2362,"height":1575},{"url":"https:\/\/villarrealcf.es\/wp-content\/uploads\/2023\/05\/20230516-FiestaEndavantIgualtat-032.jpg","title":"20230516-FiestaEndavantIgualtat-032","thumbnail":"https:\/\/villarrealcf.es\/wp-content\/uploads\/2023\/05\/20230516-FiestaEndavantIgualtat-032.jpg","width":2362,"height":1575}]}],"children":[]}],"hero":{"id":"a8a7f2e","type":"container","classes":["has-el-gap","el-gap-default","elementor-section","elementor-top-section","elementor-element","elementor-element-a8a7f2e","elementor-section-boxed","elementor-section-height-default"],"title":"Mes de 400 persones s'han reunit en l'esperada celebraci\u00f3n despr\u00e9s de tres temporades","text":"Mes de 400 persones s'han reunit en l'esperada celebraci\u00f3n despr\u00e9s de tres temporades El Villarreal CF, aix\u00ed com les associacions i els equips de la Cantera Grogueta, han gaudit d\u2019una gran festa de final de temporada de Endavant Igualtat. En aquesta inoblidable jornada han gaudit d\u2019una gran varietat de jocs i activitats. Els futbolistes Jorge Cuenca i Yeremy Pino, aix\u00ed com representants de la Cantera Grogueta i el Villarreal Femen\u00ed han sigut presents en aquest bonic acte.","headings":[{"type":"heading","widget":"heading","level":2,"text":"Mes de 400 persones s'han reunit en l'esperada celebraci\u00f3n despr\u00e9s de tres temporades"}],"texts":[{"type":"text","widget":"text-editor","text":"El Villarreal CF, aix\u00ed com les associacions i els equips de la Cantera Grogueta, han gaudit d\u2019una gran festa de final de temporada de Endavant Igualtat. En aquesta inoblidable jornada han gaudit d\u2019una gran varietat de jocs i activitats. Els futbolistes Jorge Cuenca i Yeremy Pino, aix\u00ed com representants de la Cantera Grogueta i el Villarreal Femen\u00ed han sigut presents en aquest bonic acte.","paragraphs":["El Villarreal CF, aix\u00ed com les associacions i els equips de la Cantera Grogueta, han gaudit d\u2019una gran festa de final de temporada de Endavant Igualtat. En aquesta inoblidable jornada han gaudit d\u2019una gran varietat de jocs i activitats. Els futbolistes Jorge Cuenca i Yeremy Pino, aix\u00ed com representants de la Cantera Grogueta i el Villarreal Femen\u00ed han sigut presents en aquest bonic acte."]}],"buttons":[],"images":[],"widgets":["heading","text-editor","gallery"],"blocks":[{"type":"heading","widget":"heading","level":2,"text":"Mes de 400 persones s'han reunit en l'esperada celebraci\u00f3n despr\u00e9s de tres temporades"},{"type":"text","widget":"text-editor","text":"El Villarreal CF, aix\u00ed com les associacions i els equips de la Cantera Grogueta, han gaudit d\u2019una gran festa de final de temporada de Endavant Igualtat. En aquesta inoblidable jornada han gaudit d\u2019una gran varietat de jocs i activitats. Els futbolistes Jorge Cuenca i Yeremy Pino, aix\u00ed com representants de la Cantera Grogueta i el Villarreal Femen\u00ed han sigut presents en aquest bonic acte.","paragraphs":["El Villarreal CF, aix\u00ed com les associacions i els equips de la Cantera Grogueta, han gaudit d\u2019una gran festa de final de temporada de Endavant Igualtat. En aquesta inoblidable jornada han gaudit d\u2019una gran varietat de jocs i activitats. Els futbolistes Jorge Cuenca i Yeremy Pino, aix\u00ed com representants de la Cantera Grogueta i el Villarreal Femen\u00ed han sigut presents en aquest bonic acte."]},{"type":"gallery","widget":"gallery","items":[{"url":"https:\/\/villarrealcf.es\/wp-content\/uploads\/2023\/05\/20230516-FiestaEndavantIgualtat-042.jpg","title":"20230516-FiestaEndavantIgualtat-042","thumbnail":"https:\/\/villarrealcf.es\/wp-content\/uploads\/2023\/05\/20230516-FiestaEndavantIgualtat-042.jpg","width":2362,"height":1575},{"url":"https:\/\/villarrealcf.es\/wp-content\/uploads\/2023\/05\/20230516-FiestaEndavantIgualtat-041.jpg","title":"20230516-FiestaEndavantIgualtat-041","thumbnail":"https:\/\/villarrealcf.es\/wp-content\/uploads\/2023\/05\/20230516-FiestaEndavantIgualtat-041.jpg","width":2362,"height":1575},{"url":"https:\/\/villarrealcf.es\/wp-content\/uploads\/2023\/05\/20230516-FiestaEndavantIgualtat-039.jpg","title":"20230516-FiestaEndavantIgualtat-039","thumbnail":"https:\/\/villarrealcf.es\/wp-content\/uploads\/2023\/05\/20230516-FiestaEndavantIgualtat-039.jpg","width":2362,"height":1575},{"url":"https:\/\/villarrealcf.es\/wp-content\/uploads\/2023\/05\/20230516-FiestaEndavantIgualtat-036.jpg","title":"20230516-FiestaEndavantIgualtat-036","thumbnail":"https:\/\/villarrealcf.es\/wp-content\/uploads\/2023\/05\/20230516-FiestaEndavantIgualtat-036.jpg","width":2362,"height":1575},{"url":"https:\/\/villarrealcf.es\/wp-content\/uploads\/2023\/05\/20230516-FiestaEndavantIgualtat-028.jpg","title":"20230516-FiestaEndavantIgualtat-028","thumbnail":"https:\/\/villarrealcf.es\/wp-content\/uploads\/2023\/05\/20230516-FiestaEndavantIgualtat-028.jpg","width":2362,"height":1575},{"url":"https:\/\/villarrealcf.es\/wp-content\/uploads\/2023\/05\/20230516-FiestaEndavantIgualtat-027.jpg","title":"20230516-FiestaEndavantIgualtat-027","thumbnail":"https:\/\/villarrealcf.es\/wp-content\/uploads\/2023\/05\/20230516-FiestaEndavantIgualtat-027.jpg","width":2362,"height":1575},{"url":"https:\/\/villarrealcf.es\/wp-content\/uploads\/2023\/05\/20230516-FiestaEndavantIgualtat-020.jpg","title":"20230516-FiestaEndavantIgualtat-020","thumbnail":"https:\/\/villarrealcf.es\/wp-content\/uploads\/2023\/05\/20230516-FiestaEndavantIgualtat-020.jpg","width":2362,"height":1575},{"url":"https:\/\/villarrealcf.es\/wp-content\/uploads\/2023\/05\/20230516-FiestaEndavantIgualtat-016.jpg","title":"20230516-FiestaEndavantIgualtat-016","thumbnail":"https:\/\/villarrealcf.es\/wp-content\/uploads\/2023\/05\/20230516-FiestaEndavantIgualtat-016.jpg","width":2362,"height":1575},{"url":"https:\/\/villarrealcf.es\/wp-content\/uploads\/2023\/05\/20230516-FiestaEndavantIgualtat-014.jpg","title":"20230516-FiestaEndavantIgualtat-014","thumbnail":"https:\/\/villarrealcf.es\/wp-content\/uploads\/2023\/05\/20230516-FiestaEndavantIgualtat-014.jpg","width":2362,"height":1575},{"url":"https:\/\/villarrealcf.es\/wp-content\/uploads\/2023\/05\/20230516-FiestaEndavantIgualtat-013.jpg","title":"20230516-FiestaEndavantIgualtat-013","thumbnail":"https:\/\/villarrealcf.es\/wp-content\/uploads\/2023\/05\/20230516-FiestaEndavantIgualtat-013.jpg","width":2362,"height":1575},{"url":"https:\/\/villarrealcf.es\/wp-content\/uploads\/2023\/05\/20230516-FiestaEndavantIgualtat-012.jpg","title":"20230516-FiestaEndavantIgualtat-012","thumbnail":"https:\/\/villarrealcf.es\/wp-content\/uploads\/2023\/05\/20230516-FiestaEndavantIgualtat-012.jpg","width":2362,"height":1575},{"url":"https:\/\/villarrealcf.es\/wp-content\/uploads\/2023\/05\/20230516-FiestaEndavantIgualtat-010.jpg","title":"20230516-FiestaEndavantIgualtat-010","thumbnail":"https:\/\/villarrealcf.es\/wp-content\/uploads\/2023\/05\/20230516-FiestaEndavantIgualtat-010.jpg","width":2362,"height":1575},{"url":"https:\/\/villarrealcf.es\/wp-content\/uploads\/2023\/05\/20230516-FiestaEndavantIgualtat-008.jpg","title":"20230516-FiestaEndavantIgualtat-008","thumbnail":"https:\/\/villarrealcf.es\/wp-content\/uploads\/2023\/05\/20230516-FiestaEndavantIgualtat-008.jpg","width":2362,"height":1575},{"url":"https:\/\/villarrealcf.es\/wp-content\/uploads\/2023\/05\/20230516-FiestaEndavantIgualtat-004.jpg","title":"20230516-FiestaEndavantIgualtat-004","thumbnail":"https:\/\/villarrealcf.es\/wp-content\/uploads\/2023\/05\/20230516-FiestaEndavantIgualtat-004.jpg","width":2362,"height":1575},{"url":"https:\/\/villarrealcf.es\/wp-content\/uploads\/2023\/05\/20230516-FiestaEndavantIgualtat-032.jpg","title":"20230516-FiestaEndavantIgualtat-032","thumbnail":"https:\/\/villarrealcf.es\/wp-content\/uploads\/2023\/05\/20230516-FiestaEndavantIgualtat-032.jpg","width":2362,"height":1575}]}],"children":[]}},"sections":[{"id":"a8a7f2e","title":"Mes de 400 persones s'han reunit en l'esperada celebraci\u00f3n despr\u00e9s de tres temporades","text":"Mes de 400 persones s'han reunit en l'esperada celebraci\u00f3n despr\u00e9s de tres temporades El Villarreal CF, aix\u00ed com les associacions i els equips de la Cantera Grogueta, han gaudit d\u2019una gran festa de final de temporada de Endavant Igualtat. En aquesta inoblidable jornada han gaudit d\u2019una gran varietat de jocs i activitats. Els futbolistes Jorge Cuenca i Yeremy Pino, aix\u00ed com representants de la Cantera Grogueta i el Villarreal Femen\u00ed han sigut presents en aquest bonic acte.","url":"https:\/\/villarrealcf.es\/wp-content\/uploads\/2023\/05\/20230516-FiestaEndavantIgualtat-042.jpg","background_image":"","images":[],"videos":[],"links":[{"url":"https:\/\/villarrealcf.es\/wp-content\/uploads\/2023\/05\/20230516-FiestaEndavantIgualtat-042.jpg","text":"","target":""},{"url":"https:\/\/villarrealcf.es\/wp-content\/uploads\/2023\/05\/20230516-FiestaEndavantIgualtat-041.jpg","text":"","target":""},{"url":"https:\/\/villarrealcf.es\/wp-content\/uploads\/2023\/05\/20230516-FiestaEndavantIgualtat-039.jpg","text":"","target":""},{"url":"https:\/\/villarrealcf.es\/wp-content\/uploads\/2023\/05\/20230516-FiestaEndavantIgualtat-036.jpg","text":"","target":""},{"url":"https:\/\/villarrealcf.es\/wp-content\/uploads\/2023\/05\/20230516-FiestaEndavantIgualtat-028.jpg","text":"","target":""},{"url":"https:\/\/villarrealcf.es\/wp-content\/uploads\/2023\/05\/20230516-FiestaEndavantIgualtat-027.jpg","text":"","target":""},{"url":"https:\/\/villarrealcf.es\/wp-content\/uploads\/2023\/05\/20230516-FiestaEndavantIgualtat-020.jpg","text":"","target":""},{"url":"https:\/\/villarrealcf.es\/wp-content\/uploads\/2023\/05\/20230516-FiestaEndavantIgualtat-016.jpg","text":"","target":""},{"url":"https:\/\/villarrealcf.es\/wp-content\/uploads\/2023\/05\/20230516-FiestaEndavantIgualtat-014.jpg","text":"","target":""},{"url":"https:\/\/villarrealcf.es\/wp-content\/uploads\/2023\/05\/20230516-FiestaEndavantIgualtat-013.jpg","text":"","target":""},{"url":"https:\/\/villarrealcf.es\/wp-content\/uploads\/2023\/05\/20230516-FiestaEndavantIgualtat-012.jpg","text":"","target":""},{"url":"https:\/\/villarrealcf.es\/wp-content\/uploads\/2023\/05\/20230516-FiestaEndavantIgualtat-010.jpg","text":"","target":""},{"url":"https:\/\/villarrealcf.es\/wp-content\/uploads\/2023\/05\/20230516-FiestaEndavantIgualtat-008.jpg","text":"","target":""},{"url":"https:\/\/villarrealcf.es\/wp-content\/uploads\/2023\/05\/20230516-FiestaEndavantIgualtat-004.jpg","text":"","target":""},{"url":"https:\/\/villarrealcf.es\/wp-content\/uploads\/2023\/05\/20230516-FiestaEndavantIgualtat-032.jpg","text":"","target":""}]}]},"excerpt":{"rendered":"Mes de 400 persones s&#8217;han reunit en l&#8217;esperada celebraci\u00f3 despr\u00e9s de tres temporades","protected":false},"author":29,"featured_media":266334,"comment_status":"closed","ping_status":"closed","sticky":false,"template":"","format":"standard","meta":{"_acf_changed":false,"footnotes":""},"categories":[13509],"tags":[10325,9242,10773,717,9270,13474,13420,716,9205,9627,9203,12685],"acf":null,"lang":"val","translations":{"es":266084,"val":266156,"en":266309},"essential_grid":{"has_grid":false},"formatted_date":"May 16, 2023","modified_date":"May 18, 2023","permalink":"https:\/\/villarrealcf.es\/val\/las-mejores-imagenes-de-la-fiesta-de-endavant-igualtat\/","reading_time":1,"featured_media_data":{"id":266334,"title":"20230516-FiestaEndavantIgualtat-004 ok","caption":"","alt_text":"","description":"","mime_type":"image\/jpeg","source_url":"https:\/\/villarrealcf.es\/wp-content\/uploads\/2023\/05\/20230516-FiestaEndavantIgualtat-004-ok-1.jpg","sizes":{"thumbnail":{"url":"https:\/\/villarrealcf.es\/wp-content\/uploads\/2023\/05\/20230516-FiestaEndavantIgualtat-004-ok-1.jpg","width":1920,"height":1079},"medium":{"url":"https:\/\/villarrealcf.es\/wp-content\/uploads\/2023\/05\/20230516-FiestaEndavantIgualtat-004-ok-1.jpg","width":1920,"height":1079},"medium_large":{"url":"https:\/\/villarrealcf.es\/wp-content\/uploads\/2023\/05\/20230516-FiestaEndavantIgualtat-004-ok-1-768x432.jpg","width":768,"height":432},"large":{"url":"https:\/\/villarrealcf.es\/wp-content\/uploads\/2023\/05\/20230516-FiestaEndavantIgualtat-004-ok-1.jpg","width":788,"height":443},"1536x1536":{"url":"https:\/\/villarrealcf.es\/wp-content\/uploads\/2023\/05\/20230516-FiestaEndavantIgualtat-004-ok-1-1536x863.jpg","width":1536,"height":863},"2048x2048":{"url":"https:\/\/villarrealcf.es\/wp-content\/uploads\/2023\/05\/20230516-FiestaEndavantIgualtat-004-ok-1.jpg","width":1920,"height":1079},"tp-image-grid":{"url":"https:\/\/villarrealcf.es\/wp-content\/uploads\/2023\/05\/20230516-FiestaEndavantIgualtat-004-ok-1-700x700.jpg","width":700,"height":700},"size-bunyad-medium":{"url":"https:\/\/villarrealcf.es\/wp-content\/uploads\/2023\/05\/20230516-FiestaEndavantIgualtat-004-ok-1.jpg","width":1920,"height":1079},"sportspress-crop-medium":{"url":"https:\/\/villarrealcf.es\/wp-content\/uploads\/2023\/05\/20230516-FiestaEndavantIgualtat-004-ok-1-300x300.jpg","width":300,"height":300},"sportspress-fit-medium":{"url":"https:\/\/villarrealcf.es\/wp-content\/uploads\/2023\/05\/20230516-FiestaEndavantIgualtat-004-ok-1-300x169.jpg","width":300,"height":169},"sportspress-fit-icon":{"url":"https:\/\/villarrealcf.es\/wp-content\/uploads\/2023\/05\/20230516-FiestaEndavantIgualtat-004-ok-1-128x72.jpg","width":128,"height":72},"sportspress-fit-mini":{"url":"https:\/\/villarrealcf.es\/wp-content\/uploads\/2023\/05\/20230516-FiestaEndavantIgualtat-004-ok-1-32x18.jpg","width":32,"height":18},"bunyad-small":{"url":"https:\/\/villarrealcf.es\/wp-content\/uploads\/2023\/05\/20230516-FiestaEndavantIgualtat-004-ok-1-150x84.jpg","width":150,"height":84},"bunyad-medium":{"url":"https:\/\/villarrealcf.es\/wp-content\/uploads\/2023\/05\/20230516-FiestaEndavantIgualtat-004-ok-1-450x253.jpg","width":450,"height":253},"bunyad-full":{"url":"https:\/\/villarrealcf.es\/wp-content\/uploads\/2023\/05\/20230516-FiestaEndavantIgualtat-004-ok-1-1200x674.jpg","width":1200,"height":674},"bunyad-viewport":{"url":"https:\/\/villarrealcf.es\/wp-content\/uploads\/2023\/05\/20230516-FiestaEndavantIgualtat-004-ok-1.jpg","width":1920,"height":1079},"bunyad-768":{"url":"https:\/\/villarrealcf.es\/wp-content\/uploads\/2023\/05\/20230516-FiestaEndavantIgualtat-004-ok-1-768x432.jpg","width":768,"height":432},"full":{"url":"https:\/\/villarrealcf.es\/wp-content\/uploads\/2023\/05\/20230516-FiestaEndavantIgualtat-004-ok-1.jpg","width":1920,"height":1079}}},"author_data":{"id":"29","name":"Azahara Beroy","first_name":"Azahara","last_name":"Beroy","description":"","avatar_url":"https:\/\/secure.gravatar.com\/avatar\/91b979a91a1925e60814719244bbf7824af58ced5a6e2130c2611bde24439aa7?s=96&d=mm&r=g","acf":null},"taxonomies_data":{"category":[{"id":13509,"name":"Endavant","slug":"endavant-val","acf":null}],"post_tag":[{"id":10325,"name":"Cantera Grogueta","slug":"cantera-grogueta-val","acf":null},{"id":9242,"name":"Endavant","slug":"endavant-val-2","acf":null},{"id":10773,"name":"Endavant Igualtat","slug":"endavant-igualtat-val-2","acf":null},{"id":717,"name":"Football","slug":"football-d34","acf":null},{"id":9270,"name":"Futbol","slug":"futbol-val","acf":null},{"id":13474,"name":"Galer\u00eda","slug":"galeria-val","acf":null},{"id":13420,"name":"Galer\u00eda Endavant","slug":"galeria-endavant-val","acf":null},{"id":716,"name":"Soccer","slug":"soccer-d105","acf":null},{"id":9205,"name":"Submarino","slug":"submarino-val","acf":null},{"id":9627,"name":"Submarino Amarillo","slug":"submarino-amarillo-val","acf":null},{"id":9203,"name":"Villarreal CF","slug":"villarreal-cf-val","acf":null},{"id":12685,"name":"Villarreal Femenino","slug":"villarreal-femenino-val","acf":null}],"translation_priority":[{"id":735,"name":"Optional","slug":"optional-val","acf":null}]},"seo_full":{"native":{"title":"Les millors imatges de la festa de Endavant Igualtat - Web Oficial del Villarreal CF","description":"Mes de 400 persones s'han reunit en l'esperada celebraci\u00f3 despr\u00e9s de tres temporades","canonical":"https:\/\/villarrealcf.es\/val\/las-mejores-imagenes-de-la-fiesta-de-endavant-igualtat\/"}},"_links":{"self":[{"href":"https:\/\/villarrealcf.es\/val\/wp-json\/wp\/v2\/posts\/266156","targetHints":{"allow":["GET"]}}],"collection":[{"href":"https:\/\/villarrealcf.es\/val\/wp-json\/wp\/v2\/posts"}],"about":[{"href":"https:\/\/villarrealcf.es\/val\/wp-json\/wp\/v2\/types\/post"}],"author":[{"embeddable":true,"href":"https:\/\/villarrealcf.es\/val\/wp-json\/wp\/v2\/users\/29"}],"replies":[{"embeddable":true,"href":"https:\/\/villarrealcf.es\/val\/wp-json\/wp\/v2\/comments?post=266156"}],"version-history":[{"count":0,"href":"https:\/\/villarrealcf.es\/val\/wp-json\/wp\/v2\/posts\/266156\/revisions"}],"wp:featuredmedia":[{"embeddable":true,"href":"https:\/\/villarrealcf.es\/val\/wp-json\/wp\/v2\/media\/266334"}],"wp:attachment":[{"href":"https:\/\/villarrealcf.es\/val\/wp-json\/wp\/v2\/media?parent=266156"}],"wp:term":[{"taxonomy":"category","embeddable":true,"href":"https:\/\/villarrealcf.es\/val\/wp-json\/wp\/v2\/categories?post=266156"},{"taxonomy":"post_tag","embeddable":true,"href":"https:\/\/villarrealcf.es\/val\/wp-json\/wp\/v2\/tags?post=266156"}],"curies":[{"name":"wp","href":"https:\/\/api.w.org\/{rel}","templated":true}]}}