{"id":266034,"date":"2023-05-16T11:27:24","date_gmt":"2023-05-16T09:27:24","guid":{"rendered":"https:\/\/villarrealcf.es\/\/toda-la-informacion-para-el-villarreal-b-levante\/"},"modified":"2023-05-16T12:33:31","modified_gmt":"2023-05-16T10:33:31","slug":"tota-la-informacio-per-al-villarreal-b-levante","status":"publish","type":"post","link":"https:\/\/villarrealcf.es\/val\/tota-la-informacio-per-al-villarreal-b-levante\/","title":{"rendered":"Tota la informaci\u00f3 per al Villarreal B-Levante"},"content":{"protected":false,"blocks":[{"type":"heading","level":2,"text":"El Mini Submar\u00ed disputa el seu \u00faltim partit en La Cer\u00e1mica davant els granotes aquest dissabte a les 18.30h"},{"type":"paragraph","text":"El Villartreal B juga el seu \u00faltim partit de la temporada en l\u2019Estadio de la Cer\u00e1mica aquest dissabte 20 de maig a les 18.30 hores davant el Levante UD i el club ja ha determinat el pla d\u2019acc\u00e9s al feu groguet per a veure el partit davant el conjunt granota."},{"type":"paragraph","text":"Pla d\u2019acc\u00e9s a La Cer\u00e1mica:"},{"type":"list","style":"ul","items":["Els abonats de Fons (Nord i Sud) i Tribuna Preferent podran accedir amb la seua passada lliurement b\u00e9 a la Tribuna Preferent i Fons Nord. Els seients no estaran assignats i els aficionats se situaran per ordre d\u2019arribada. En cas d\u2019acudir amb convidats, podran asseure\u2019s en la mateixa zona."]},{"type":"list","style":"ul","items":["Els abonats de Tribuna (central i lateral), Llotja VIP i Llotja d\u2019Honor accediran amb el seu abonament a la seua localitat habitual i no poden portar convidats a aquesta zona. Les invitacions que sol\u00b7liciten seran de la resta de zones habilitades (Tribuna Preferent i Fons Sud)."]},{"type":"list","style":"ul","items":["Els abonats de S\u00faper Tribuna se situaran en la S\u00faper Tribuna Par, acc\u00e9s per Porta 15 (no s\u2019obrir\u00e0 la Impar)."]},{"type":"list","style":"ul","items":["El Villarreal CF obrir\u00e0 les portes des de 90 minuts abans de l\u2019inici del partit."]},{"type":"list","style":"ul","items":["Aquells que van reservar el seu seient en el Mini Estadi per a la primera part de la temporada tindran acc\u00e9s lliure a Tribuna Preferent."]},{"type":"list","style":"ul","items":["Hi haur\u00e0 venda d\u2019entrades a 15 euros en les taquilles de l\u2019Estadio de la Cer\u00e1mica des de 90 minuts abans de l\u2019inici del partit."]},{"type":"list","style":"ul","items":["Els p\u00e0rquings obriran exclusivament per a aquells que tinguen el seu p\u00e0rquing de temporada, igual que amb el primer equip."]},{"type":"paragraph","text":"Informaci\u00f3 per als aficionats del LevanteUD"},{"type":"list","style":"ul","items":["Els aficionats visitants se situaran en el Fons Sud (el m\u00e9s pr\u00f2xim a la pla\u00e7a de l\u2019Estadi)."]},{"type":"list","style":"ul","items":["El Villarreal CF ha cedit un total de 6.000 entrades al Levante UD, que s\u2019ha encarregat de vendre-les als seus propis aficionats."]},{"type":"list","style":"ul","items":["El preu de les entrades \u00e9s de 15\u20ac."]}],"structured":{"summary":{"text":"El Mini Submar\u00ed disputa el seu \u00faltim partit en La Cer\u00e1mica davant els granotes aquest dissabte a les 18.30h El Villartreal B juga el seu \u00faltim partit de la temporada en l\u2019Estadio de la Cer\u00e1mica aquest dissabte 20 de maig a les 18.30 hores davant el Levante UD i el club ja ha determinat el pla d\u2019acc\u00e9s al feu groguet per a veure el partit davant el conjunt granota. Pla d\u2019acc\u00e9s a La Cer\u00e1mica: Els abonats de Fons (Nord i Sud) i Tribuna Preferent podran accedir amb la seua passada lliurement b\u00e9 a la Tribuna Preferent i Fons Nord. Els seients no estaran assignats i els aficionats se situaran per ordre d\u2019arribada. En cas d\u2019acudir amb convidats, podran asseure\u2019s en la mateixa zona. Els abonats de Tribuna (central i lateral), Llotja VIP i Llotja d\u2019Honor accediran amb el seu abonament a la seua localitat habitual i no poden portar convidats a aquesta zona. Les invitacions que sol\u00b7liciten seran de la resta de zones habilitades (Tribuna Preferent i Fons Sud). Els abonats de S\u00faper Tribuna se situaran en la S\u00faper Tribuna Par, acc\u00e9s per Porta 15 (no s\u2019obrir\u00e0 la Impar). El Villarreal CF obrir\u00e0 les portes des de 90 minuts abans de l\u2019inici del partit. Aquells que van reservar el seu seient en el Mini Estadi per a la primera part de la temporada tindran acc\u00e9s lliure a Tribuna Preferent. Hi haur\u00e0 venda d\u2019entrades a 15 euros en les taquilles de l\u2019Estadio de la Cer\u00e1mica des de 90 minuts abans de l\u2019inici del partit. Els p\u00e0rquings obriran exclusivament per a aquells que tinguen el seu p\u00e0rquing de temporada, igual que amb el primer equip. Informaci\u00f3 per als aficionats del LevanteUD Els aficionats visitants se situaran en el Fons Sud (el m\u00e9s pr\u00f2xim a la pla\u00e7a de l\u2019Estadi). El Villarreal CF ha cedit un total de 6.000 entrades al Levante UD, que s\u2019ha encarregat de vendre-les als seus propis aficionats. El preu de les entrades \u00e9s de 15\u20ac.","headings":[{"type":"heading","level":2,"text":"El Mini Submar\u00ed disputa el seu \u00faltim partit en La Cer\u00e1mica davant els granotes aquest dissabte a les 18.30h"}],"buttons":[],"images":[],"counts":{"blocks":14,"headings":1,"texts":3,"buttons":0,"images":0}},"sections":[{"id":"section-1","title":"El Mini Submar\u00ed disputa el seu \u00faltim partit en La Cer\u00e1mica davant els granotes aquest dissabte a les 18.30h","text":"El Mini Submar\u00ed disputa el seu \u00faltim partit en La Cer\u00e1mica davant els granotes aquest dissabte a les 18.30h El Villartreal B juga el seu \u00faltim partit de la temporada en l\u2019Estadio de la Cer\u00e1mica aquest dissabte 20 de maig a les 18.30 hores davant el Levante UD i el club ja ha determinat el pla d\u2019acc\u00e9s al feu groguet per a veure el partit davant el conjunt granota. Pla d\u2019acc\u00e9s a La Cer\u00e1mica: Informaci\u00f3 per als aficionats del LevanteUD","headings":[{"type":"heading","level":2,"text":"El Mini Submar\u00ed disputa el seu \u00faltim partit en La Cer\u00e1mica davant els granotes aquest dissabte a les 18.30h"}],"texts":[{"type":"paragraph","text":"El Villartreal B juga el seu \u00faltim partit de la temporada en l\u2019Estadio de la Cer\u00e1mica aquest dissabte 20 de maig a les 18.30 hores davant el Levante UD i el club ja ha determinat el pla d\u2019acc\u00e9s al feu groguet per a veure el partit davant el conjunt granota."},{"type":"paragraph","text":"Pla d\u2019acc\u00e9s a La Cer\u00e1mica:"},{"type":"paragraph","text":"Informaci\u00f3 per als aficionats del LevanteUD"}],"buttons":[],"images":[],"widgets":[],"blocks":[{"type":"heading","level":2,"text":"El Mini Submar\u00ed disputa el seu \u00faltim partit en La Cer\u00e1mica davant els granotes aquest dissabte a les 18.30h"},{"type":"paragraph","text":"El Villartreal B juga el seu \u00faltim partit de la temporada en l\u2019Estadio de la Cer\u00e1mica aquest dissabte 20 de maig a les 18.30 hores davant el Levante UD i el club ja ha determinat el pla d\u2019acc\u00e9s al feu groguet per a veure el partit davant el conjunt granota."},{"type":"paragraph","text":"Pla d\u2019acc\u00e9s a La Cer\u00e1mica:"},{"type":"list","style":"ul","items":["Els abonats de Fons (Nord i Sud) i Tribuna Preferent podran accedir amb la seua passada lliurement b\u00e9 a la Tribuna Preferent i Fons Nord. Els seients no estaran assignats i els aficionats se situaran per ordre d\u2019arribada. En cas d\u2019acudir amb convidats, podran asseure\u2019s en la mateixa zona."]},{"type":"list","style":"ul","items":["Els abonats de Tribuna (central i lateral), Llotja VIP i Llotja d\u2019Honor accediran amb el seu abonament a la seua localitat habitual i no poden portar convidats a aquesta zona. Les invitacions que sol\u00b7liciten seran de la resta de zones habilitades (Tribuna Preferent i Fons Sud)."]},{"type":"list","style":"ul","items":["Els abonats de S\u00faper Tribuna se situaran en la S\u00faper Tribuna Par, acc\u00e9s per Porta 15 (no s\u2019obrir\u00e0 la Impar)."]},{"type":"list","style":"ul","items":["El Villarreal CF obrir\u00e0 les portes des de 90 minuts abans de l\u2019inici del partit."]},{"type":"list","style":"ul","items":["Aquells que van reservar el seu seient en el Mini Estadi per a la primera part de la temporada tindran acc\u00e9s lliure a Tribuna Preferent."]},{"type":"list","style":"ul","items":["Hi haur\u00e0 venda d\u2019entrades a 15 euros en les taquilles de l\u2019Estadio de la Cer\u00e1mica des de 90 minuts abans de l\u2019inici del partit."]},{"type":"list","style":"ul","items":["Els p\u00e0rquings obriran exclusivament per a aquells que tinguen el seu p\u00e0rquing de temporada, igual que amb el primer equip."]},{"type":"paragraph","text":"Informaci\u00f3 per als aficionats del LevanteUD"},{"type":"list","style":"ul","items":["Els aficionats visitants se situaran en el Fons Sud (el m\u00e9s pr\u00f2xim a la pla\u00e7a de l\u2019Estadi)."]},{"type":"list","style":"ul","items":["El Villarreal CF ha cedit un total de 6.000 entrades al Levante UD, que s\u2019ha encarregat de vendre-les als seus propis aficionats."]},{"type":"list","style":"ul","items":["El preu de les entrades \u00e9s de 15\u20ac."]}]}],"hero":{"id":"section-1","title":"El Mini Submar\u00ed disputa el seu \u00faltim partit en La Cer\u00e1mica davant els granotes aquest dissabte a les 18.30h","text":"El Mini Submar\u00ed disputa el seu \u00faltim partit en La Cer\u00e1mica davant els granotes aquest dissabte a les 18.30h El Villartreal B juga el seu \u00faltim partit de la temporada en l\u2019Estadio de la Cer\u00e1mica aquest dissabte 20 de maig a les 18.30 hores davant el Levante UD i el club ja ha determinat el pla d\u2019acc\u00e9s al feu groguet per a veure el partit davant el conjunt granota. Pla d\u2019acc\u00e9s a La Cer\u00e1mica: Informaci\u00f3 per als aficionats del LevanteUD","headings":[{"type":"heading","level":2,"text":"El Mini Submar\u00ed disputa el seu \u00faltim partit en La Cer\u00e1mica davant els granotes aquest dissabte a les 18.30h"}],"texts":[{"type":"paragraph","text":"El Villartreal B juga el seu \u00faltim partit de la temporada en l\u2019Estadio de la Cer\u00e1mica aquest dissabte 20 de maig a les 18.30 hores davant el Levante UD i el club ja ha determinat el pla d\u2019acc\u00e9s al feu groguet per a veure el partit davant el conjunt granota."},{"type":"paragraph","text":"Pla d\u2019acc\u00e9s a La Cer\u00e1mica:"},{"type":"paragraph","text":"Informaci\u00f3 per als aficionats del LevanteUD"}],"buttons":[],"images":[],"widgets":[],"blocks":[{"type":"heading","level":2,"text":"El Mini Submar\u00ed disputa el seu \u00faltim partit en La Cer\u00e1mica davant els granotes aquest dissabte a les 18.30h"},{"type":"paragraph","text":"El Villartreal B juga el seu \u00faltim partit de la temporada en l\u2019Estadio de la Cer\u00e1mica aquest dissabte 20 de maig a les 18.30 hores davant el Levante UD i el club ja ha determinat el pla d\u2019acc\u00e9s al feu groguet per a veure el partit davant el conjunt granota."},{"type":"paragraph","text":"Pla d\u2019acc\u00e9s a La Cer\u00e1mica:"},{"type":"list","style":"ul","items":["Els abonats de Fons (Nord i Sud) i Tribuna Preferent podran accedir amb la seua passada lliurement b\u00e9 a la Tribuna Preferent i Fons Nord. Els seients no estaran assignats i els aficionats se situaran per ordre d\u2019arribada. En cas d\u2019acudir amb convidats, podran asseure\u2019s en la mateixa zona."]},{"type":"list","style":"ul","items":["Els abonats de Tribuna (central i lateral), Llotja VIP i Llotja d\u2019Honor accediran amb el seu abonament a la seua localitat habitual i no poden portar convidats a aquesta zona. Les invitacions que sol\u00b7liciten seran de la resta de zones habilitades (Tribuna Preferent i Fons Sud)."]},{"type":"list","style":"ul","items":["Els abonats de S\u00faper Tribuna se situaran en la S\u00faper Tribuna Par, acc\u00e9s per Porta 15 (no s\u2019obrir\u00e0 la Impar)."]},{"type":"list","style":"ul","items":["El Villarreal CF obrir\u00e0 les portes des de 90 minuts abans de l\u2019inici del partit."]},{"type":"list","style":"ul","items":["Aquells que van reservar el seu seient en el Mini Estadi per a la primera part de la temporada tindran acc\u00e9s lliure a Tribuna Preferent."]},{"type":"list","style":"ul","items":["Hi haur\u00e0 venda d\u2019entrades a 15 euros en les taquilles de l\u2019Estadio de la Cer\u00e1mica des de 90 minuts abans de l\u2019inici del partit."]},{"type":"list","style":"ul","items":["Els p\u00e0rquings obriran exclusivament per a aquells que tinguen el seu p\u00e0rquing de temporada, igual que amb el primer equip."]},{"type":"paragraph","text":"Informaci\u00f3 per als aficionats del LevanteUD"},{"type":"list","style":"ul","items":["Els aficionats visitants se situaran en el Fons Sud (el m\u00e9s pr\u00f2xim a la pla\u00e7a de l\u2019Estadi)."]},{"type":"list","style":"ul","items":["El Villarreal CF ha cedit un total de 6.000 entrades al Levante UD, que s\u2019ha encarregat de vendre-les als seus propis aficionats."]},{"type":"list","style":"ul","items":["El preu de les entrades \u00e9s de 15\u20ac."]}]}},"sections":[{"id":"section-1","title":"El Mini Submar\u00ed disputa el seu \u00faltim partit en La Cer\u00e1mica davant els granotes aquest dissabte a les 18.30h","text":"El Mini Submar\u00ed disputa el seu \u00faltim partit en La Cer\u00e1mica davant els granotes aquest dissabte a les 18.30h El Villartreal B juga el seu \u00faltim partit de la temporada en l\u2019Estadio de la Cer\u00e1mica aquest dissabte 20 de maig a les 18.30 hores davant el Levante UD i el club ja ha determinat el pla d\u2019acc\u00e9s al feu groguet per a veure el partit davant el conjunt granota. Pla d\u2019acc\u00e9s a La Cer\u00e1mica: Informaci\u00f3 per als aficionats del LevanteUD","url":"","background_image":"","images":[],"videos":[],"links":[]}]},"excerpt":{"rendered":"El Mini Submar\u00ed disputa el seu \u00faltim partit en La Cer\u00e1mica davant els granotes aquest dissabte a les 18.30h","protected":false},"author":1,"featured_media":266026,"comment_status":"closed","ping_status":"closed","sticky":false,"template":"","format":"standard","meta":{"_acf_changed":false,"footnotes":""},"categories":[13803],"tags":[10325,11429,717,9270,13241,9611,716,9205,9627,9203],"acf":null,"lang":"val","translations":{"es":266019,"val":266034,"en":266300},"essential_grid":{"has_grid":false},"formatted_date":"May 16, 2023","modified_date":"May 16, 2023","permalink":"https:\/\/villarrealcf.es\/val\/tota-la-informacio-per-al-villarreal-b-levante\/","reading_time":2,"featured_media_data":{"id":266026,"title":"vb levante","caption":"","alt_text":"","description":"","mime_type":"image\/jpeg","source_url":"https:\/\/villarrealcf.es\/wp-content\/uploads\/2023\/05\/vb-levante.jpg","sizes":{"thumbnail":{"url":"https:\/\/villarrealcf.es\/wp-content\/uploads\/2023\/05\/vb-levante-1920x1080.jpg","width":1920,"height":1080},"medium":{"url":"https:\/\/villarrealcf.es\/wp-content\/uploads\/2023\/05\/vb-levante-1920x1080.jpg","width":1920,"height":1080},"medium_large":{"url":"https:\/\/villarrealcf.es\/wp-content\/uploads\/2023\/05\/vb-levante-768x432.jpg","width":768,"height":432},"large":{"url":"https:\/\/villarrealcf.es\/wp-content\/uploads\/2023\/05\/vb-levante-1920x1080.jpg","width":788,"height":443},"1536x1536":{"url":"https:\/\/villarrealcf.es\/wp-content\/uploads\/2023\/05\/vb-levante-1536x864.jpg","width":1536,"height":864},"2048x2048":{"url":"https:\/\/villarrealcf.es\/wp-content\/uploads\/2023\/05\/vb-levante-2048x1152.jpg","width":2048,"height":1152},"tp-image-grid":{"url":"https:\/\/villarrealcf.es\/wp-content\/uploads\/2023\/05\/vb-levante-700x700.jpg","width":700,"height":700},"size-bunyad-medium":{"url":"https:\/\/villarrealcf.es\/wp-content\/uploads\/2023\/05\/vb-levante-1920x1080.jpg","width":1920,"height":1080},"sportspress-crop-medium":{"url":"https:\/\/villarrealcf.es\/wp-content\/uploads\/2023\/05\/vb-levante-300x300.jpg","width":300,"height":300},"sportspress-fit-medium":{"url":"https:\/\/villarrealcf.es\/wp-content\/uploads\/2023\/05\/vb-levante-300x169.jpg","width":300,"height":169},"sportspress-fit-icon":{"url":"https:\/\/villarrealcf.es\/wp-content\/uploads\/2023\/05\/vb-levante-128x72.jpg","width":128,"height":72},"sportspress-fit-mini":{"url":"https:\/\/villarrealcf.es\/wp-content\/uploads\/2023\/05\/vb-levante-32x18.jpg","width":32,"height":18},"bunyad-small":{"url":"https:\/\/villarrealcf.es\/wp-content\/uploads\/2023\/05\/vb-levante-150x84.jpg","width":150,"height":84},"bunyad-medium":{"url":"https:\/\/villarrealcf.es\/wp-content\/uploads\/2023\/05\/vb-levante-450x253.jpg","width":450,"height":253},"bunyad-full":{"url":"https:\/\/villarrealcf.es\/wp-content\/uploads\/2023\/05\/vb-levante-1200x675.jpg","width":1200,"height":675},"bunyad-viewport":{"url":"https:\/\/villarrealcf.es\/wp-content\/uploads\/2023\/05\/vb-levante-2048x1152.jpg","width":2048,"height":1152},"bunyad-768":{"url":"https:\/\/villarrealcf.es\/wp-content\/uploads\/2023\/05\/vb-levante-768x432.jpg","width":768,"height":432},"full":{"url":"https:\/\/villarrealcf.es\/wp-content\/uploads\/2023\/05\/vb-levante.jpg","width":2362,"height":1329}}},"author_data":{"id":"1","name":"root_envidea","first_name":"Villarreal CF","last_name":"","description":"","avatar_url":"https:\/\/secure.gravatar.com\/avatar\/48f95f42a3ccc324f3a3458e4b9e6fb070b083e99d388e170c1afb061fa99b63?s=96&d=mm&r=g","acf":null},"taxonomies_data":{"category":[{"id":13803,"name":"Futbol base","slug":"futbol-base-val-2","acf":null}],"post_tag":[{"id":10325,"name":"Cantera Grogueta","slug":"cantera-grogueta-val","acf":null},{"id":11429,"name":"Estadio de la Cer\u00e1mica","slug":"estadio-de-la-ceramica-val","acf":null},{"id":717,"name":"Football","slug":"football-d34","acf":null},{"id":9270,"name":"Futbol","slug":"futbol-val","acf":null},{"id":13241,"name":"LaLiga Smartbank","slug":"laliga-smartbank-val","acf":null},{"id":9611,"name":"Levante UD","slug":"levante-ud-val","acf":null},{"id":716,"name":"Soccer","slug":"soccer-d105","acf":null},{"id":9205,"name":"Submarino","slug":"submarino-val","acf":null},{"id":9627,"name":"Submarino Amarillo","slug":"submarino-amarillo-val","acf":null},{"id":9203,"name":"Villarreal CF","slug":"villarreal-cf-val","acf":null}],"translation_priority":[{"id":735,"name":"Optional","slug":"optional-val","acf":null}]},"seo_full":{"native":{"title":"Tota la informaci\u00f3 per al Villarreal B-Levante - Web Oficial del Villarreal CF","description":"El Mini Submar\u00ed disputa el seu \u00faltim partit en La Cer\u00e1mica davant els granotes aquest dissabte a les 18.30h","canonical":"https:\/\/villarrealcf.es\/val\/tota-la-informacio-per-al-villarreal-b-levante\/"}},"_links":{"self":[{"href":"https:\/\/villarrealcf.es\/val\/wp-json\/wp\/v2\/posts\/266034","targetHints":{"allow":["GET"]}}],"collection":[{"href":"https:\/\/villarrealcf.es\/val\/wp-json\/wp\/v2\/posts"}],"about":[{"href":"https:\/\/villarrealcf.es\/val\/wp-json\/wp\/v2\/types\/post"}],"author":[{"embeddable":true,"href":"https:\/\/villarrealcf.es\/val\/wp-json\/wp\/v2\/users\/1"}],"replies":[{"embeddable":true,"href":"https:\/\/villarrealcf.es\/val\/wp-json\/wp\/v2\/comments?post=266034"}],"version-history":[{"count":0,"href":"https:\/\/villarrealcf.es\/val\/wp-json\/wp\/v2\/posts\/266034\/revisions"}],"wp:featuredmedia":[{"embeddable":true,"href":"https:\/\/villarrealcf.es\/val\/wp-json\/wp\/v2\/media\/266026"}],"wp:attachment":[{"href":"https:\/\/villarrealcf.es\/val\/wp-json\/wp\/v2\/media?parent=266034"}],"wp:term":[{"taxonomy":"category","embeddable":true,"href":"https:\/\/villarrealcf.es\/val\/wp-json\/wp\/v2\/categories?post=266034"},{"taxonomy":"post_tag","embeddable":true,"href":"https:\/\/villarrealcf.es\/val\/wp-json\/wp\/v2\/tags?post=266034"}],"curies":[{"name":"wp","href":"https:\/\/api.w.org\/{rel}","templated":true}]}}