{"id":265647,"date":"2023-05-12T13:43:06","date_gmt":"2023-05-12T11:43:06","guid":{"rendered":"https:\/\/villarrealcf.es\/\/miguel-alvarez-intentaremos-tener-nuestro-mejor-dia-en-las-palmas\/"},"modified":"2023-05-12T15:44:29","modified_gmt":"2023-05-12T13:44:29","slug":"miguel-alvarez-intentarem-tindre-el-nostre-millor-dia-a-las-palmas","status":"publish","type":"post","link":"https:\/\/villarrealcf.es\/val\/miguel-alvarez-intentarem-tindre-el-nostre-millor-dia-a-las-palmas\/","title":{"rendered":"Miguel \u00c1lvarez: &#8220;Intentarem tindre el nostre millor dia a Las Palmas&#8221;"},"content":{"protected":false,"blocks":[{"type":"heading","level":2,"text":"El Villarreal B visita el camp del l\u00edder per a segellar la perman\u00e8ncia (diumenge, 21.00h)"},{"type":"paragraph","text":"L\u2019entrenador del Villarreal B, Miguel \u00c1lvarez, va compar\u00e9ixer en la roda de premsa pr\u00e8via al partit contra la UD Las Palmas, el l\u00edder de la categoria, que rep a un combatiu filial en aquesta jornada 40 de LaLiga SmartBank, en la qual el Mini Submar\u00ed podria segellar la perman\u00e8ncia matem\u00e0tica en Segona."},{"type":"paragraph","text":"Aquestes s\u00f3n les declaracions del preparador de Ja\u00e9n abans de visitar al conjunt canari:"},{"type":"paragraph","text":"Una altra batalla de primer nivell"},{"type":"paragraph","text":"\u201cEl partit de l\u2019altre dia \u00e9s una engruna del que a nosaltres ens agradaria que visqueren els xics en el seu futur professional. Si continuen treballant en el present\u2026 Aquest ser\u00e0 semblant. Jugarem contra el l\u00edder. Camp impressionant, ambient impressionant. \u00c9s un partit que l\u2019han de gaudir i competir. \u00c9s molt bonic, per\u00f2 all\u00ed com no competisquen b\u00e9, et trauen els colors\u201d."},{"type":"paragraph","text":"Com arriba l\u2019equip"},{"type":"paragraph","text":"\u201cEstic content, perqu\u00e8 aquesta setmana el treball fins i tot ha sigut m\u00e9s f\u00e0cil que les altres. Mai hem mirat la classificaci\u00f3, sempre hem intentat competir i millorar. Tu no aconsegueixes un objectiu si no el treballes en el dia a dia. S\u00f3n conscients que aix\u00f2 no ha acabat, i que hem de competir contra rivals molt complicats. Tenim dos partits molt importants per a llegar el m\u00e9s alt possible\u201d."},{"type":"paragraph","text":"Ganes que arribe el xoc"},{"type":"paragraph","text":"\u201cAquesta setmana ha sigut perqu\u00e8 entenguen el que ens estem jugant encara. Tenim alguna baixa, per\u00f2 aix\u00f2 ha sigut tot l\u2019any i ho suplirem. L\u2019equip est\u00e0 fenomenal. L\u2019equip est\u00e0 amb ganes i el que he vist durant la setmana m\u2019ha agradat. En el dia a dia, no els puc recriminar res a aquests xics\u201d."},{"type":"paragraph","text":"El rival"},{"type":"paragraph","text":"\u201c\u00c9s un equip que porta 44 gols a favor i 27 en contra. \u00c9s l\u2019equip menys golejat de la lliga. Un equip amb un bon joc associatiu. Jugadors amb molta qualitat. Ac\u00ed els competim molt b\u00e9. \u00c9s veritat que es van quedar amb 10, per\u00f2 els vam fer contres, vam tindre possibilitats\u2026 En aquest partit et sotmetran. Ser\u00e0 molt diferent. \u00c9s un equip al qual ens costar\u00e0 ficar-li m\u00e0\u201d."},{"type":"paragraph","text":"Duel d\u2019entrenadors"},{"type":"paragraph","text":"\u201cSom capa\u00e7os de dominar diversos registres, per\u00f2 estem en la banqueta, no competim ara. En els nostres temps, jug\u00e0vem aquest tipus de partits molt bonics i molt disputats. Tots els partits han sigut preciosos tant en el Mini com en el Johann Cruyff. Estar\u00e0 el camp de gom a gom i amb jugadors de molt de nivell. Intentarem tindre el nostre millor dia i que ells no tinguen el seu millor dia\u201d."},{"type":"paragraph","text":"Per a veure la roda de premsa completa, punxa en el v\u00eddeo."},{"type":"video","kind":"iframe","url":"https:\/\/www.youtube.com\/embed\/x54HgNlr3ZI?feature=oembed","poster":""}],"structured":{"summary":{"text":"El Villarreal B visita el camp del l\u00edder per a segellar la perman\u00e8ncia (diumenge, 21.00h) L\u2019entrenador del Villarreal B, Miguel \u00c1lvarez, va compar\u00e9ixer en la roda de premsa pr\u00e8via al partit contra la UD Las Palmas, el l\u00edder de la categoria, que rep a un combatiu filial en aquesta jornada 40 de LaLiga SmartBank, en la qual el Mini Submar\u00ed podria segellar la perman\u00e8ncia matem\u00e0tica en Segona. Aquestes s\u00f3n les declaracions del preparador de Ja\u00e9n abans de visitar al conjunt canari: Una altra batalla de primer nivell \u201cEl partit de l\u2019altre dia \u00e9s una engruna del que a nosaltres ens agradaria que visqueren els xics en el seu futur professional. Si continuen treballant en el present\u2026 Aquest ser\u00e0 semblant. Jugarem contra el l\u00edder. Camp impressionant, ambient impressionant. \u00c9s un partit que l\u2019han de gaudir i competir. \u00c9s molt bonic, per\u00f2 all\u00ed com no competisquen b\u00e9, et trauen els colors\u201d. Com arriba l\u2019equip \u201cEstic content, perqu\u00e8 aquesta setmana el treball fins i tot ha sigut m\u00e9s f\u00e0cil que les altres. Mai hem mirat la classificaci\u00f3, sempre hem intentat competir i millorar. Tu no aconsegueixes un objectiu si no el treballes en el dia a dia. S\u00f3n conscients que aix\u00f2 no ha acabat, i que hem de competir contra rivals molt complicats. Tenim dos partits molt importants per a llegar el m\u00e9s alt possible\u201d. Ganes que arribe el xoc \u201cAquesta setmana ha sigut perqu\u00e8 entenguen el que ens estem jugant encara. Tenim alguna baixa, per\u00f2 aix\u00f2 ha sigut tot l\u2019any i ho suplirem. L\u2019equip est\u00e0 fenomenal. L\u2019equip est\u00e0 amb ganes i el que he vist durant la setmana m\u2019ha agradat. En el dia a dia, no els puc recriminar res a aquests xics\u201d. El rival \u201c\u00c9s un equip que porta 44 gols a favor i 27 en contra. \u00c9s l\u2019equip menys golejat de la lliga. Un equip amb un bon joc associatiu. Jugadors amb molta qualitat. Ac\u00ed els competim molt b\u00e9. \u00c9s veritat que es van quedar amb 10, per\u00f2 els vam fer contres, vam tindre possibilitats\u2026 En aquest partit et sotmetran. Ser\u00e0 molt diferent. \u00c9s un equip al qual ens costar\u00e0 ficar-li m\u00e0\u201d. Duel d\u2019entrenadors \u201cSom capa\u00e7os de dominar diversos registres, per\u00f2 estem en la banqueta, no competim ara. En els nostres temps, jug\u00e0vem aquest tipus de partits molt bonics i molt disputats. Tots els partits han sigut preciosos tant en el Mini com en el Johann Cruyff. Estar\u00e0 el camp de gom a gom i amb jugadors de molt de nivell. Intentarem tindre el nostre millor dia i que ells no tinguen el seu millor dia\u201d. Per a veure la roda de premsa completa, punxa en el v\u00eddeo.","headings":[{"type":"heading","level":2,"text":"El Villarreal B visita el camp del l\u00edder per a segellar la perman\u00e8ncia (diumenge, 21.00h)"}],"buttons":[],"images":[],"counts":{"blocks":15,"headings":1,"texts":13,"buttons":0,"images":0}},"sections":[{"id":"section-1","title":"El Villarreal B visita el camp del l\u00edder per a segellar la perman\u00e8ncia (diumenge, 21.00h)","text":"El Villarreal B visita el camp del l\u00edder per a segellar la perman\u00e8ncia (diumenge, 21.00h) L\u2019entrenador del Villarreal B, Miguel \u00c1lvarez, va compar\u00e9ixer en la roda de premsa pr\u00e8via al partit contra la UD Las Palmas, el l\u00edder de la categoria, que rep a un combatiu filial en aquesta jornada 40 de LaLiga SmartBank, en la qual el Mini Submar\u00ed podria segellar la perman\u00e8ncia matem\u00e0tica en Segona. Aquestes s\u00f3n les declaracions del preparador de Ja\u00e9n abans de visitar al conjunt canari: Una altra batalla de primer nivell \u201cEl partit de l\u2019altre dia \u00e9s una engruna del que a nosaltres ens agradaria que visqueren els xics en el seu futur professional. Si continuen treballant en el present\u2026 Aquest ser\u00e0 semblant. Jugarem contra el l\u00edder. Camp impressionant, ambient impressionant. \u00c9s un partit que l\u2019han de gaudir i competir. \u00c9s molt bonic, per\u00f2 all\u00ed com no competisquen b\u00e9, et trauen els colors\u201d. Com arriba l\u2019equip \u201cEstic content, perqu\u00e8 aquesta setmana el treball fins i tot ha sigut m\u00e9s f\u00e0cil que les altres. Mai hem mirat la classificaci\u00f3, sempre hem intentat competir i millorar. Tu no aconsegueixes un objectiu si no el treballes en el dia a dia. S\u00f3n conscients que aix\u00f2 no ha acabat, i que hem de competir contra rivals molt complicats. Tenim dos partits molt importants per a llegar el m\u00e9s alt possible\u201d. Ganes que arribe el xoc \u201cAquesta setmana ha sigut perqu\u00e8 entenguen el que ens estem jugant encara. Tenim alguna baixa, per\u00f2 aix\u00f2 ha sigut tot l\u2019any i ho suplirem. L\u2019equip est\u00e0 fenomenal. L\u2019equip est\u00e0 amb ganes i el que he vist durant la setmana m\u2019ha agradat. En el dia a dia, no els puc recriminar res a aquests xics\u201d. El rival \u201c\u00c9s un equip que porta 44 gols a favor i 27 en contra. \u00c9s l\u2019equip menys golejat de la lliga. Un equip amb un bon joc associatiu. Jugadors amb molta qualitat. Ac\u00ed els competim molt b\u00e9. \u00c9s veritat que es van quedar amb 10, per\u00f2 els vam fer contres, vam tindre possibilitats\u2026 En aquest partit et sotmetran. Ser\u00e0 molt diferent. \u00c9s un equip al qual ens costar\u00e0 ficar-li m\u00e0\u201d. Duel d\u2019entrenadors \u201cSom capa\u00e7os de dominar diversos registres, per\u00f2 estem en la banqueta, no competim ara. En els nostres temps, jug\u00e0vem aquest tipus de partits molt bonics i molt disputats. Tots els partits han sigut preciosos tant en el Mini com en el Johann Cruyff. Estar\u00e0 el camp de gom a gom i amb jugadors de molt de nivell. Intentarem tindre el nostre millor dia i que ells no tinguen el seu millor dia\u201d. Per a veure la roda de premsa completa, punxa en el v\u00eddeo.","headings":[{"type":"heading","level":2,"text":"El Villarreal B visita el camp del l\u00edder per a segellar la perman\u00e8ncia (diumenge, 21.00h)"}],"texts":[{"type":"paragraph","text":"L\u2019entrenador del Villarreal B, Miguel \u00c1lvarez, va compar\u00e9ixer en la roda de premsa pr\u00e8via al partit contra la UD Las Palmas, el l\u00edder de la categoria, que rep a un combatiu filial en aquesta jornada 40 de LaLiga SmartBank, en la qual el Mini Submar\u00ed podria segellar la perman\u00e8ncia matem\u00e0tica en Segona."},{"type":"paragraph","text":"Aquestes s\u00f3n les declaracions del preparador de Ja\u00e9n abans de visitar al conjunt canari:"},{"type":"paragraph","text":"Una altra batalla de primer nivell"},{"type":"paragraph","text":"\u201cEl partit de l\u2019altre dia \u00e9s una engruna del que a nosaltres ens agradaria que visqueren els xics en el seu futur professional. Si continuen treballant en el present\u2026 Aquest ser\u00e0 semblant. Jugarem contra el l\u00edder. Camp impressionant, ambient impressionant. \u00c9s un partit que l\u2019han de gaudir i competir. \u00c9s molt bonic, per\u00f2 all\u00ed com no competisquen b\u00e9, et trauen els colors\u201d."},{"type":"paragraph","text":"Com arriba l\u2019equip"},{"type":"paragraph","text":"\u201cEstic content, perqu\u00e8 aquesta setmana el treball fins i tot ha sigut m\u00e9s f\u00e0cil que les altres. Mai hem mirat la classificaci\u00f3, sempre hem intentat competir i millorar. Tu no aconsegueixes un objectiu si no el treballes en el dia a dia. S\u00f3n conscients que aix\u00f2 no ha acabat, i que hem de competir contra rivals molt complicats. Tenim dos partits molt importants per a llegar el m\u00e9s alt possible\u201d."},{"type":"paragraph","text":"Ganes que arribe el xoc"},{"type":"paragraph","text":"\u201cAquesta setmana ha sigut perqu\u00e8 entenguen el que ens estem jugant encara. Tenim alguna baixa, per\u00f2 aix\u00f2 ha sigut tot l\u2019any i ho suplirem. L\u2019equip est\u00e0 fenomenal. L\u2019equip est\u00e0 amb ganes i el que he vist durant la setmana m\u2019ha agradat. En el dia a dia, no els puc recriminar res a aquests xics\u201d."},{"type":"paragraph","text":"El rival"},{"type":"paragraph","text":"\u201c\u00c9s un equip que porta 44 gols a favor i 27 en contra. \u00c9s l\u2019equip menys golejat de la lliga. Un equip amb un bon joc associatiu. Jugadors amb molta qualitat. Ac\u00ed els competim molt b\u00e9. \u00c9s veritat que es van quedar amb 10, per\u00f2 els vam fer contres, vam tindre possibilitats\u2026 En aquest partit et sotmetran. Ser\u00e0 molt diferent. \u00c9s un equip al qual ens costar\u00e0 ficar-li m\u00e0\u201d."},{"type":"paragraph","text":"Duel d\u2019entrenadors"},{"type":"paragraph","text":"\u201cSom capa\u00e7os de dominar diversos registres, per\u00f2 estem en la banqueta, no competim ara. En els nostres temps, jug\u00e0vem aquest tipus de partits molt bonics i molt disputats. Tots els partits han sigut preciosos tant en el Mini com en el Johann Cruyff. Estar\u00e0 el camp de gom a gom i amb jugadors de molt de nivell. Intentarem tindre el nostre millor dia i que ells no tinguen el seu millor dia\u201d."},{"type":"paragraph","text":"Per a veure la roda de premsa completa, punxa en el v\u00eddeo."}],"buttons":[],"images":[],"widgets":[],"blocks":[{"type":"heading","level":2,"text":"El Villarreal B visita el camp del l\u00edder per a segellar la perman\u00e8ncia (diumenge, 21.00h)"},{"type":"paragraph","text":"L\u2019entrenador del Villarreal B, Miguel \u00c1lvarez, va compar\u00e9ixer en la roda de premsa pr\u00e8via al partit contra la UD Las Palmas, el l\u00edder de la categoria, que rep a un combatiu filial en aquesta jornada 40 de LaLiga SmartBank, en la qual el Mini Submar\u00ed podria segellar la perman\u00e8ncia matem\u00e0tica en Segona."},{"type":"paragraph","text":"Aquestes s\u00f3n les declaracions del preparador de Ja\u00e9n abans de visitar al conjunt canari:"},{"type":"paragraph","text":"Una altra batalla de primer nivell"},{"type":"paragraph","text":"\u201cEl partit de l\u2019altre dia \u00e9s una engruna del que a nosaltres ens agradaria que visqueren els xics en el seu futur professional. Si continuen treballant en el present\u2026 Aquest ser\u00e0 semblant. Jugarem contra el l\u00edder. Camp impressionant, ambient impressionant. \u00c9s un partit que l\u2019han de gaudir i competir. \u00c9s molt bonic, per\u00f2 all\u00ed com no competisquen b\u00e9, et trauen els colors\u201d."},{"type":"paragraph","text":"Com arriba l\u2019equip"},{"type":"paragraph","text":"\u201cEstic content, perqu\u00e8 aquesta setmana el treball fins i tot ha sigut m\u00e9s f\u00e0cil que les altres. Mai hem mirat la classificaci\u00f3, sempre hem intentat competir i millorar. Tu no aconsegueixes un objectiu si no el treballes en el dia a dia. S\u00f3n conscients que aix\u00f2 no ha acabat, i que hem de competir contra rivals molt complicats. Tenim dos partits molt importants per a llegar el m\u00e9s alt possible\u201d."},{"type":"paragraph","text":"Ganes que arribe el xoc"},{"type":"paragraph","text":"\u201cAquesta setmana ha sigut perqu\u00e8 entenguen el que ens estem jugant encara. Tenim alguna baixa, per\u00f2 aix\u00f2 ha sigut tot l\u2019any i ho suplirem. L\u2019equip est\u00e0 fenomenal. L\u2019equip est\u00e0 amb ganes i el que he vist durant la setmana m\u2019ha agradat. En el dia a dia, no els puc recriminar res a aquests xics\u201d."},{"type":"paragraph","text":"El rival"},{"type":"paragraph","text":"\u201c\u00c9s un equip que porta 44 gols a favor i 27 en contra. \u00c9s l\u2019equip menys golejat de la lliga. Un equip amb un bon joc associatiu. Jugadors amb molta qualitat. Ac\u00ed els competim molt b\u00e9. \u00c9s veritat que es van quedar amb 10, per\u00f2 els vam fer contres, vam tindre possibilitats\u2026 En aquest partit et sotmetran. Ser\u00e0 molt diferent. \u00c9s un equip al qual ens costar\u00e0 ficar-li m\u00e0\u201d."},{"type":"paragraph","text":"Duel d\u2019entrenadors"},{"type":"paragraph","text":"\u201cSom capa\u00e7os de dominar diversos registres, per\u00f2 estem en la banqueta, no competim ara. En els nostres temps, jug\u00e0vem aquest tipus de partits molt bonics i molt disputats. Tots els partits han sigut preciosos tant en el Mini com en el Johann Cruyff. Estar\u00e0 el camp de gom a gom i amb jugadors de molt de nivell. Intentarem tindre el nostre millor dia i que ells no tinguen el seu millor dia\u201d."},{"type":"paragraph","text":"Per a veure la roda de premsa completa, punxa en el v\u00eddeo."},{"type":"video","kind":"iframe","url":"https:\/\/www.youtube.com\/embed\/x54HgNlr3ZI?feature=oembed","poster":""}]}],"hero":{"id":"section-1","title":"El Villarreal B visita el camp del l\u00edder per a segellar la perman\u00e8ncia (diumenge, 21.00h)","text":"El Villarreal B visita el camp del l\u00edder per a segellar la perman\u00e8ncia (diumenge, 21.00h) L\u2019entrenador del Villarreal B, Miguel \u00c1lvarez, va compar\u00e9ixer en la roda de premsa pr\u00e8via al partit contra la UD Las Palmas, el l\u00edder de la categoria, que rep a un combatiu filial en aquesta jornada 40 de LaLiga SmartBank, en la qual el Mini Submar\u00ed podria segellar la perman\u00e8ncia matem\u00e0tica en Segona. Aquestes s\u00f3n les declaracions del preparador de Ja\u00e9n abans de visitar al conjunt canari: Una altra batalla de primer nivell \u201cEl partit de l\u2019altre dia \u00e9s una engruna del que a nosaltres ens agradaria que visqueren els xics en el seu futur professional. Si continuen treballant en el present\u2026 Aquest ser\u00e0 semblant. Jugarem contra el l\u00edder. Camp impressionant, ambient impressionant. \u00c9s un partit que l\u2019han de gaudir i competir. \u00c9s molt bonic, per\u00f2 all\u00ed com no competisquen b\u00e9, et trauen els colors\u201d. Com arriba l\u2019equip \u201cEstic content, perqu\u00e8 aquesta setmana el treball fins i tot ha sigut m\u00e9s f\u00e0cil que les altres. Mai hem mirat la classificaci\u00f3, sempre hem intentat competir i millorar. Tu no aconsegueixes un objectiu si no el treballes en el dia a dia. S\u00f3n conscients que aix\u00f2 no ha acabat, i que hem de competir contra rivals molt complicats. Tenim dos partits molt importants per a llegar el m\u00e9s alt possible\u201d. Ganes que arribe el xoc \u201cAquesta setmana ha sigut perqu\u00e8 entenguen el que ens estem jugant encara. Tenim alguna baixa, per\u00f2 aix\u00f2 ha sigut tot l\u2019any i ho suplirem. L\u2019equip est\u00e0 fenomenal. L\u2019equip est\u00e0 amb ganes i el que he vist durant la setmana m\u2019ha agradat. En el dia a dia, no els puc recriminar res a aquests xics\u201d. El rival \u201c\u00c9s un equip que porta 44 gols a favor i 27 en contra. \u00c9s l\u2019equip menys golejat de la lliga. Un equip amb un bon joc associatiu. Jugadors amb molta qualitat. Ac\u00ed els competim molt b\u00e9. \u00c9s veritat que es van quedar amb 10, per\u00f2 els vam fer contres, vam tindre possibilitats\u2026 En aquest partit et sotmetran. Ser\u00e0 molt diferent. \u00c9s un equip al qual ens costar\u00e0 ficar-li m\u00e0\u201d. Duel d\u2019entrenadors \u201cSom capa\u00e7os de dominar diversos registres, per\u00f2 estem en la banqueta, no competim ara. En els nostres temps, jug\u00e0vem aquest tipus de partits molt bonics i molt disputats. Tots els partits han sigut preciosos tant en el Mini com en el Johann Cruyff. Estar\u00e0 el camp de gom a gom i amb jugadors de molt de nivell. Intentarem tindre el nostre millor dia i que ells no tinguen el seu millor dia\u201d. Per a veure la roda de premsa completa, punxa en el v\u00eddeo.","headings":[{"type":"heading","level":2,"text":"El Villarreal B visita el camp del l\u00edder per a segellar la perman\u00e8ncia (diumenge, 21.00h)"}],"texts":[{"type":"paragraph","text":"L\u2019entrenador del Villarreal B, Miguel \u00c1lvarez, va compar\u00e9ixer en la roda de premsa pr\u00e8via al partit contra la UD Las Palmas, el l\u00edder de la categoria, que rep a un combatiu filial en aquesta jornada 40 de LaLiga SmartBank, en la qual el Mini Submar\u00ed podria segellar la perman\u00e8ncia matem\u00e0tica en Segona."},{"type":"paragraph","text":"Aquestes s\u00f3n les declaracions del preparador de Ja\u00e9n abans de visitar al conjunt canari:"},{"type":"paragraph","text":"Una altra batalla de primer nivell"},{"type":"paragraph","text":"\u201cEl partit de l\u2019altre dia \u00e9s una engruna del que a nosaltres ens agradaria que visqueren els xics en el seu futur professional. Si continuen treballant en el present\u2026 Aquest ser\u00e0 semblant. Jugarem contra el l\u00edder. Camp impressionant, ambient impressionant. \u00c9s un partit que l\u2019han de gaudir i competir. \u00c9s molt bonic, per\u00f2 all\u00ed com no competisquen b\u00e9, et trauen els colors\u201d."},{"type":"paragraph","text":"Com arriba l\u2019equip"},{"type":"paragraph","text":"\u201cEstic content, perqu\u00e8 aquesta setmana el treball fins i tot ha sigut m\u00e9s f\u00e0cil que les altres. Mai hem mirat la classificaci\u00f3, sempre hem intentat competir i millorar. Tu no aconsegueixes un objectiu si no el treballes en el dia a dia. S\u00f3n conscients que aix\u00f2 no ha acabat, i que hem de competir contra rivals molt complicats. Tenim dos partits molt importants per a llegar el m\u00e9s alt possible\u201d."},{"type":"paragraph","text":"Ganes que arribe el xoc"},{"type":"paragraph","text":"\u201cAquesta setmana ha sigut perqu\u00e8 entenguen el que ens estem jugant encara. Tenim alguna baixa, per\u00f2 aix\u00f2 ha sigut tot l\u2019any i ho suplirem. L\u2019equip est\u00e0 fenomenal. L\u2019equip est\u00e0 amb ganes i el que he vist durant la setmana m\u2019ha agradat. En el dia a dia, no els puc recriminar res a aquests xics\u201d."},{"type":"paragraph","text":"El rival"},{"type":"paragraph","text":"\u201c\u00c9s un equip que porta 44 gols a favor i 27 en contra. \u00c9s l\u2019equip menys golejat de la lliga. Un equip amb un bon joc associatiu. Jugadors amb molta qualitat. Ac\u00ed els competim molt b\u00e9. \u00c9s veritat que es van quedar amb 10, per\u00f2 els vam fer contres, vam tindre possibilitats\u2026 En aquest partit et sotmetran. Ser\u00e0 molt diferent. \u00c9s un equip al qual ens costar\u00e0 ficar-li m\u00e0\u201d."},{"type":"paragraph","text":"Duel d\u2019entrenadors"},{"type":"paragraph","text":"\u201cSom capa\u00e7os de dominar diversos registres, per\u00f2 estem en la banqueta, no competim ara. En els nostres temps, jug\u00e0vem aquest tipus de partits molt bonics i molt disputats. Tots els partits han sigut preciosos tant en el Mini com en el Johann Cruyff. Estar\u00e0 el camp de gom a gom i amb jugadors de molt de nivell. Intentarem tindre el nostre millor dia i que ells no tinguen el seu millor dia\u201d."},{"type":"paragraph","text":"Per a veure la roda de premsa completa, punxa en el v\u00eddeo."}],"buttons":[],"images":[],"widgets":[],"blocks":[{"type":"heading","level":2,"text":"El Villarreal B visita el camp del l\u00edder per a segellar la perman\u00e8ncia (diumenge, 21.00h)"},{"type":"paragraph","text":"L\u2019entrenador del Villarreal B, Miguel \u00c1lvarez, va compar\u00e9ixer en la roda de premsa pr\u00e8via al partit contra la UD Las Palmas, el l\u00edder de la categoria, que rep a un combatiu filial en aquesta jornada 40 de LaLiga SmartBank, en la qual el Mini Submar\u00ed podria segellar la perman\u00e8ncia matem\u00e0tica en Segona."},{"type":"paragraph","text":"Aquestes s\u00f3n les declaracions del preparador de Ja\u00e9n abans de visitar al conjunt canari:"},{"type":"paragraph","text":"Una altra batalla de primer nivell"},{"type":"paragraph","text":"\u201cEl partit de l\u2019altre dia \u00e9s una engruna del que a nosaltres ens agradaria que visqueren els xics en el seu futur professional. Si continuen treballant en el present\u2026 Aquest ser\u00e0 semblant. Jugarem contra el l\u00edder. Camp impressionant, ambient impressionant. \u00c9s un partit que l\u2019han de gaudir i competir. \u00c9s molt bonic, per\u00f2 all\u00ed com no competisquen b\u00e9, et trauen els colors\u201d."},{"type":"paragraph","text":"Com arriba l\u2019equip"},{"type":"paragraph","text":"\u201cEstic content, perqu\u00e8 aquesta setmana el treball fins i tot ha sigut m\u00e9s f\u00e0cil que les altres. Mai hem mirat la classificaci\u00f3, sempre hem intentat competir i millorar. Tu no aconsegueixes un objectiu si no el treballes en el dia a dia. S\u00f3n conscients que aix\u00f2 no ha acabat, i que hem de competir contra rivals molt complicats. Tenim dos partits molt importants per a llegar el m\u00e9s alt possible\u201d."},{"type":"paragraph","text":"Ganes que arribe el xoc"},{"type":"paragraph","text":"\u201cAquesta setmana ha sigut perqu\u00e8 entenguen el que ens estem jugant encara. Tenim alguna baixa, per\u00f2 aix\u00f2 ha sigut tot l\u2019any i ho suplirem. L\u2019equip est\u00e0 fenomenal. L\u2019equip est\u00e0 amb ganes i el que he vist durant la setmana m\u2019ha agradat. En el dia a dia, no els puc recriminar res a aquests xics\u201d."},{"type":"paragraph","text":"El rival"},{"type":"paragraph","text":"\u201c\u00c9s un equip que porta 44 gols a favor i 27 en contra. \u00c9s l\u2019equip menys golejat de la lliga. Un equip amb un bon joc associatiu. Jugadors amb molta qualitat. Ac\u00ed els competim molt b\u00e9. \u00c9s veritat que es van quedar amb 10, per\u00f2 els vam fer contres, vam tindre possibilitats\u2026 En aquest partit et sotmetran. Ser\u00e0 molt diferent. \u00c9s un equip al qual ens costar\u00e0 ficar-li m\u00e0\u201d."},{"type":"paragraph","text":"Duel d\u2019entrenadors"},{"type":"paragraph","text":"\u201cSom capa\u00e7os de dominar diversos registres, per\u00f2 estem en la banqueta, no competim ara. En els nostres temps, jug\u00e0vem aquest tipus de partits molt bonics i molt disputats. Tots els partits han sigut preciosos tant en el Mini com en el Johann Cruyff. Estar\u00e0 el camp de gom a gom i amb jugadors de molt de nivell. Intentarem tindre el nostre millor dia i que ells no tinguen el seu millor dia\u201d."},{"type":"paragraph","text":"Per a veure la roda de premsa completa, punxa en el v\u00eddeo."},{"type":"video","kind":"iframe","url":"https:\/\/www.youtube.com\/embed\/x54HgNlr3ZI?feature=oembed","poster":""}]}},"sections":[{"id":"section-1","title":"El Villarreal B visita el camp del l\u00edder per a segellar la perman\u00e8ncia (diumenge, 21.00h)","text":"El Villarreal B visita el camp del l\u00edder per a segellar la perman\u00e8ncia (diumenge, 21.00h) L\u2019entrenador del Villarreal B, Miguel \u00c1lvarez, va compar\u00e9ixer en la roda de premsa pr\u00e8via al partit contra la UD Las Palmas, el l\u00edder de la categoria, que rep a un combatiu filial en aquesta jornada 40 de LaLiga SmartBank, en la qual el Mini Submar\u00ed podria segellar la perman\u00e8ncia matem\u00e0tica en Segona. Aquestes s\u00f3n les declaracions del preparador de Ja\u00e9n abans de visitar al conjunt canari: Una altra batalla de primer nivell \u201cEl partit de l\u2019altre dia \u00e9s una engruna del que a nosaltres ens agradaria que visqueren els xics en el seu futur professional. Si continuen treballant en el present\u2026 Aquest ser\u00e0 semblant. Jugarem contra el l\u00edder. Camp impressionant, ambient impressionant. \u00c9s un partit que l\u2019han de gaudir i competir. \u00c9s molt bonic, per\u00f2 all\u00ed com no competisquen b\u00e9, et trauen els colors\u201d. Com arriba l\u2019equip \u201cEstic content, perqu\u00e8 aquesta setmana el treball fins i tot ha sigut m\u00e9s f\u00e0cil que les altres. Mai hem mirat la classificaci\u00f3, sempre hem intentat competir i millorar. Tu no aconsegueixes un objectiu si no el treballes en el dia a dia. S\u00f3n conscients que aix\u00f2 no ha acabat, i que hem de competir contra rivals molt complicats. Tenim dos partits molt importants per a llegar el m\u00e9s alt possible\u201d. Ganes que arribe el xoc \u201cAquesta setmana ha sigut perqu\u00e8 entenguen el que ens estem jugant encara. Tenim alguna baixa, per\u00f2 aix\u00f2 ha sigut tot l\u2019any i ho suplirem. L\u2019equip est\u00e0 fenomenal. L\u2019equip est\u00e0 amb ganes i el que he vist durant la setmana m\u2019ha agradat. En el dia a dia, no els puc recriminar res a aquests xics\u201d. El rival \u201c\u00c9s un equip que porta 44 gols a favor i 27 en contra. \u00c9s l\u2019equip menys golejat de la lliga. Un equip amb un bon joc associatiu. Jugadors amb molta qualitat. Ac\u00ed els competim molt b\u00e9. \u00c9s veritat que es van quedar amb 10, per\u00f2 els vam fer contres, vam tindre possibilitats\u2026 En aquest partit et sotmetran. Ser\u00e0 molt diferent. \u00c9s un equip al qual ens costar\u00e0 ficar-li m\u00e0\u201d. Duel d\u2019entrenadors \u201cSom capa\u00e7os de dominar diversos registres, per\u00f2 estem en la banqueta, no competim ara. En els nostres temps, jug\u00e0vem aquest tipus de partits molt bonics i molt disputats. Tots els partits han sigut preciosos tant en el Mini com en el Johann Cruyff. Estar\u00e0 el camp de gom a gom i amb jugadors de molt de nivell. Intentarem tindre el nostre millor dia i que ells no tinguen el seu millor dia\u201d. Per a veure la roda de premsa completa, punxa en el v\u00eddeo.","url":"","background_image":"","images":[],"videos":[{"type":"video","kind":"iframe","url":"https:\/\/www.youtube.com\/embed\/x54HgNlr3ZI?feature=oembed","poster":""}],"links":[]}]},"excerpt":{"rendered":"El Villarreal B visita el camp del l\u00edder per a segellar la perman\u00e8ncia (diumenge, 21.00h)","protected":false},"author":1,"featured_media":265628,"comment_status":"closed","ping_status":"closed","sticky":false,"template":"","format":"standard","meta":{"_acf_changed":false,"footnotes":""},"categories":[13803],"tags":[10325,717,9270,13241,11633,9680,9205,9627,10756,9203],"acf":null,"lang":"val","translations":{"es":265589,"val":265647,"en":265653},"essential_grid":{"has_grid":false},"formatted_date":"May 12, 2023","modified_date":"May 12, 2023","permalink":"https:\/\/villarrealcf.es\/val\/miguel-alvarez-intentarem-tindre-el-nostre-millor-dia-a-las-palmas\/","reading_time":3,"featured_media_data":{"id":265628,"title":"miguel","caption":"","alt_text":"","description":"","mime_type":"image\/jpeg","source_url":"https:\/\/villarrealcf.es\/wp-content\/uploads\/2023\/05\/miguel.jpg","sizes":{"thumbnail":{"url":"https:\/\/villarrealcf.es\/wp-content\/uploads\/2023\/05\/miguel-1920x1080.jpg","width":1920,"height":1080},"medium":{"url":"https:\/\/villarrealcf.es\/wp-content\/uploads\/2023\/05\/miguel-1920x1080.jpg","width":1920,"height":1080},"medium_large":{"url":"https:\/\/villarrealcf.es\/wp-content\/uploads\/2023\/05\/miguel-768x432.jpg","width":768,"height":432},"large":{"url":"https:\/\/villarrealcf.es\/wp-content\/uploads\/2023\/05\/miguel-1920x1080.jpg","width":788,"height":443},"1536x1536":{"url":"https:\/\/villarrealcf.es\/wp-content\/uploads\/2023\/05\/miguel-1536x864.jpg","width":1536,"height":864},"2048x2048":{"url":"https:\/\/villarrealcf.es\/wp-content\/uploads\/2023\/05\/miguel-2048x1152.jpg","width":2048,"height":1152},"tp-image-grid":{"url":"https:\/\/villarrealcf.es\/wp-content\/uploads\/2023\/05\/miguel-700x700.jpg","width":700,"height":700},"size-bunyad-medium":{"url":"https:\/\/villarrealcf.es\/wp-content\/uploads\/2023\/05\/miguel-1920x1080.jpg","width":1920,"height":1080},"sportspress-crop-medium":{"url":"https:\/\/villarrealcf.es\/wp-content\/uploads\/2023\/05\/miguel-300x300.jpg","width":300,"height":300},"sportspress-fit-medium":{"url":"https:\/\/villarrealcf.es\/wp-content\/uploads\/2023\/05\/miguel-300x169.jpg","width":300,"height":169},"sportspress-fit-icon":{"url":"https:\/\/villarrealcf.es\/wp-content\/uploads\/2023\/05\/miguel-128x72.jpg","width":128,"height":72},"sportspress-fit-mini":{"url":"https:\/\/villarrealcf.es\/wp-content\/uploads\/2023\/05\/miguel-32x18.jpg","width":32,"height":18},"bunyad-small":{"url":"https:\/\/villarrealcf.es\/wp-content\/uploads\/2023\/05\/miguel-150x84.jpg","width":150,"height":84},"bunyad-medium":{"url":"https:\/\/villarrealcf.es\/wp-content\/uploads\/2023\/05\/miguel-450x253.jpg","width":450,"height":253},"bunyad-full":{"url":"https:\/\/villarrealcf.es\/wp-content\/uploads\/2023\/05\/miguel-1200x675.jpg","width":1200,"height":675},"bunyad-viewport":{"url":"https:\/\/villarrealcf.es\/wp-content\/uploads\/2023\/05\/miguel-2048x1152.jpg","width":2048,"height":1152},"bunyad-768":{"url":"https:\/\/villarrealcf.es\/wp-content\/uploads\/2023\/05\/miguel-768x432.jpg","width":768,"height":432},"full":{"url":"https:\/\/villarrealcf.es\/wp-content\/uploads\/2023\/05\/miguel.jpg","width":2362,"height":1329}}},"author_data":{"id":"1","name":"root_envidea","first_name":"Villarreal CF","last_name":"","description":"","avatar_url":"https:\/\/secure.gravatar.com\/avatar\/48f95f42a3ccc324f3a3458e4b9e6fb070b083e99d388e170c1afb061fa99b63?s=96&d=mm&r=g","acf":null},"taxonomies_data":{"category":[{"id":13803,"name":"Futbol base","slug":"futbol-base-val-2","acf":null}],"post_tag":[{"id":10325,"name":"Cantera Grogueta","slug":"cantera-grogueta-val","acf":null},{"id":717,"name":"Football","slug":"football-d34","acf":null},{"id":9270,"name":"Futbol","slug":"futbol-val","acf":null},{"id":13241,"name":"LaLiga Smartbank","slug":"laliga-smartbank-val","acf":null},{"id":11633,"name":"Miguel \u00c1lvarez","slug":"miguel-alvarez-val","acf":null},{"id":9680,"name":"Rueda de prensa","slug":"rueda-de-prensa-val","acf":null},{"id":9205,"name":"Submarino","slug":"submarino-val","acf":null},{"id":9627,"name":"Submarino Amarillo","slug":"submarino-amarillo-val","acf":null},{"id":10756,"name":"UD Las Palmas","slug":"ud-las-palmas-val","acf":null},{"id":9203,"name":"Villarreal CF","slug":"villarreal-cf-val","acf":null}],"translation_priority":[{"id":735,"name":"Optional","slug":"optional-val","acf":null}]},"seo_full":{"native":{"title":"Miguel \u00c1lvarez: &#8220;Intentarem tindre el nostre millor dia a Las Palmas&#8221; - Web Oficial del Villarreal CF","description":"El Villarreal B visita el camp del l\u00edder per a segellar la perman\u00e8ncia (diumenge, 21.00h)","canonical":"https:\/\/villarrealcf.es\/val\/miguel-alvarez-intentarem-tindre-el-nostre-millor-dia-a-las-palmas\/"}},"_links":{"self":[{"href":"https:\/\/villarrealcf.es\/val\/wp-json\/wp\/v2\/posts\/265647","targetHints":{"allow":["GET"]}}],"collection":[{"href":"https:\/\/villarrealcf.es\/val\/wp-json\/wp\/v2\/posts"}],"about":[{"href":"https:\/\/villarrealcf.es\/val\/wp-json\/wp\/v2\/types\/post"}],"author":[{"embeddable":true,"href":"https:\/\/villarrealcf.es\/val\/wp-json\/wp\/v2\/users\/1"}],"replies":[{"embeddable":true,"href":"https:\/\/villarrealcf.es\/val\/wp-json\/wp\/v2\/comments?post=265647"}],"version-history":[{"count":0,"href":"https:\/\/villarrealcf.es\/val\/wp-json\/wp\/v2\/posts\/265647\/revisions"}],"wp:featuredmedia":[{"embeddable":true,"href":"https:\/\/villarrealcf.es\/val\/wp-json\/wp\/v2\/media\/265628"}],"wp:attachment":[{"href":"https:\/\/villarrealcf.es\/val\/wp-json\/wp\/v2\/media?parent=265647"}],"wp:term":[{"taxonomy":"category","embeddable":true,"href":"https:\/\/villarrealcf.es\/val\/wp-json\/wp\/v2\/categories?post=265647"},{"taxonomy":"post_tag","embeddable":true,"href":"https:\/\/villarrealcf.es\/val\/wp-json\/wp\/v2\/tags?post=265647"}],"curies":[{"name":"wp","href":"https:\/\/api.w.org\/{rel}","templated":true}]}}