{"id":265530,"date":"2023-05-11T17:22:22","date_gmt":"2023-05-11T15:22:22","guid":{"rendered":"https:\/\/villarrealcf.es\/\/el-estadio-de-la-ceramica-alberga-la-campana-de-donacion-de-sangre\/"},"modified":"2023-05-11T17:39:58","modified_gmt":"2023-05-11T15:39:58","slug":"lestadi-de-la-ceramica-alberga-la-campanya-de-donacio-de-sang","status":"publish","type":"post","link":"https:\/\/villarrealcf.es\/val\/lestadi-de-la-ceramica-alberga-la-campanya-de-donacio-de-sang\/","title":{"rendered":"L&#8217;Estadi de la Cer\u00e0mica alberga la Campanya de Donaci\u00f3 de Sang"},"content":{"protected":false,"blocks":[{"type":"text","widget":"text-editor","text":"Els seguidors grocs van mostrar una vegada m\u00e9s el seu costat m\u00e9s solidari","paragraphs":[]},{"type":"text","widget":"text-editor","text":"Els seguidors grocs s\u2019han sumat una vegada m\u00e9s a la campanya de donaci\u00f3 de sang impulsada per l\u2019entitat groga i el Centre de Transfusi\u00f3 de la Comunitat Valenciana (CTCV) que ha tingut lloc en l\u2019Estadi de la Cer\u00e0mica","paragraphs":["Els seguidors grocs s\u2019han sumat una vegada m\u00e9s a la campanya de donaci\u00f3 de sang impulsada per l\u2019entitat groga i el Centre de Transfusi\u00f3 de la Comunitat Valenciana (CTCV) que ha tingut lloc en l\u2019Estadi de la Cer\u00e0mica"]},{"type":"gallery","widget":"gallery","items":[{"url":"https:\/\/villarrealcf.es\/wp-content\/uploads\/2023\/05\/20230511-ActoDonacionSangre-001.jpg","title":"","thumbnail":"https:\/\/villarrealcf.es\/wp-content\/uploads\/2023\/05\/20230511-ActoDonacionSangre-001.jpg","width":2362,"height":1575},{"url":"https:\/\/villarrealcf.es\/wp-content\/uploads\/2023\/05\/20230511-ActoDonacionSangre-003.jpg","title":"","thumbnail":"https:\/\/villarrealcf.es\/wp-content\/uploads\/2023\/05\/20230511-ActoDonacionSangre-003.jpg","width":2362,"height":1575},{"url":"https:\/\/villarrealcf.es\/wp-content\/uploads\/2023\/05\/20230511-ActoDonacionSangre-005.jpg","title":"","thumbnail":"https:\/\/villarrealcf.es\/wp-content\/uploads\/2023\/05\/20230511-ActoDonacionSangre-005.jpg","width":2362,"height":1575},{"url":"https:\/\/villarrealcf.es\/wp-content\/uploads\/2023\/05\/20230511-ActoDonacionSangre-006.jpg","title":"","thumbnail":"https:\/\/villarrealcf.es\/wp-content\/uploads\/2023\/05\/20230511-ActoDonacionSangre-006.jpg","width":2362,"height":1575},{"url":"https:\/\/villarrealcf.es\/wp-content\/uploads\/2023\/05\/20230511-ActoDonacionSangre-007.jpg","title":"","thumbnail":"https:\/\/villarrealcf.es\/wp-content\/uploads\/2023\/05\/20230511-ActoDonacionSangre-007.jpg","width":2362,"height":1575},{"url":"https:\/\/villarrealcf.es\/wp-content\/uploads\/2023\/05\/20230511-ActoDonacionSangre-009.jpg","title":"","thumbnail":"https:\/\/villarrealcf.es\/wp-content\/uploads\/2023\/05\/20230511-ActoDonacionSangre-009.jpg","width":2362,"height":1575},{"url":"https:\/\/villarrealcf.es\/wp-content\/uploads\/2023\/05\/20230511-ActoDonacionSangre-010.jpg","title":"","thumbnail":"https:\/\/villarrealcf.es\/wp-content\/uploads\/2023\/05\/20230511-ActoDonacionSangre-010.jpg","width":2362,"height":1575},{"url":"https:\/\/villarrealcf.es\/wp-content\/uploads\/2023\/05\/20230511-ActoDonacionSangre-011.jpg","title":"","thumbnail":"https:\/\/villarrealcf.es\/wp-content\/uploads\/2023\/05\/20230511-ActoDonacionSangre-011.jpg","width":2362,"height":1575},{"url":"https:\/\/villarrealcf.es\/wp-content\/uploads\/2023\/05\/20230511-ActoDonacionSangre-012.jpg","title":"","thumbnail":"https:\/\/villarrealcf.es\/wp-content\/uploads\/2023\/05\/20230511-ActoDonacionSangre-012.jpg","width":2362,"height":1575},{"url":"https:\/\/villarrealcf.es\/wp-content\/uploads\/2023\/05\/20230511-ActoDonacionSangre-013-1.jpg","title":"","thumbnail":"https:\/\/villarrealcf.es\/wp-content\/uploads\/2023\/05\/20230511-ActoDonacionSangre-013-1.jpg","width":2362,"height":1575},{"url":"https:\/\/villarrealcf.es\/wp-content\/uploads\/2023\/05\/20230511-ActoDonacionSangre-014.jpg","title":"","thumbnail":"https:\/\/villarrealcf.es\/wp-content\/uploads\/2023\/05\/20230511-ActoDonacionSangre-014.jpg","width":2362,"height":1575},{"url":"https:\/\/villarrealcf.es\/wp-content\/uploads\/2023\/05\/20230511-ActoDonacionSangre-016.jpg","title":"","thumbnail":"https:\/\/villarrealcf.es\/wp-content\/uploads\/2023\/05\/20230511-ActoDonacionSangre-016.jpg","width":2362,"height":1575},{"url":"https:\/\/villarrealcf.es\/wp-content\/uploads\/2023\/05\/20230511-ActoDonacionSangre-017.jpg","title":"","thumbnail":"https:\/\/villarrealcf.es\/wp-content\/uploads\/2023\/05\/20230511-ActoDonacionSangre-017.jpg","width":2362,"height":1575},{"url":"https:\/\/villarrealcf.es\/wp-content\/uploads\/2023\/05\/20230511-ActoDonacionSangre-019.jpg","title":"","thumbnail":"https:\/\/villarrealcf.es\/wp-content\/uploads\/2023\/05\/20230511-ActoDonacionSangre-019.jpg","width":2362,"height":1575}]}],"structured":{"summary":{"text":"Els seguidors grocs van mostrar una vegada m\u00e9s el seu costat m\u00e9s solidari Els seguidors grocs s\u2019han sumat una vegada m\u00e9s a la campanya de donaci\u00f3 de sang impulsada per l\u2019entitat groga i el Centre de Transfusi\u00f3 de la Comunitat Valenciana (CTCV) que ha tingut lloc en l\u2019Estadi de la Cer\u00e0mica","headings":[],"buttons":[],"images":[],"counts":{"blocks":3,"headings":0,"texts":2,"buttons":0,"images":0},"containers":2},"sections":[{"id":"ed64fe7","type":"container","classes":["elementor-section","elementor-top-section","elementor-element","elementor-element-ed64fe7","elementor-section-boxed","elementor-section-height-default"],"title":"","text":"Els seguidors grocs van mostrar una vegada m\u00e9s el seu costat m\u00e9s solidari Els seguidors grocs s\u2019han sumat una vegada m\u00e9s a la campanya de donaci\u00f3 de sang impulsada per l\u2019entitat groga i el Centre de Transfusi\u00f3 de la Comunitat Valenciana (CTCV) que ha tingut lloc en l\u2019Estadi de la Cer\u00e0mica","headings":[],"texts":[{"type":"text","widget":"text-editor","text":"Els seguidors grocs van mostrar una vegada m\u00e9s el seu costat m\u00e9s solidari","paragraphs":[]},{"type":"text","widget":"text-editor","text":"Els seguidors grocs s\u2019han sumat una vegada m\u00e9s a la campanya de donaci\u00f3 de sang impulsada per l\u2019entitat groga i el Centre de Transfusi\u00f3 de la Comunitat Valenciana (CTCV) que ha tingut lloc en l\u2019Estadi de la Cer\u00e0mica","paragraphs":["Els seguidors grocs s\u2019han sumat una vegada m\u00e9s a la campanya de donaci\u00f3 de sang impulsada per l\u2019entitat groga i el Centre de Transfusi\u00f3 de la Comunitat Valenciana (CTCV) que ha tingut lloc en l\u2019Estadi de la Cer\u00e0mica"]}],"buttons":[],"images":[],"widgets":["text-editor"],"blocks":[{"type":"text","widget":"text-editor","text":"Els seguidors grocs van mostrar una vegada m\u00e9s el seu costat m\u00e9s solidari","paragraphs":[]},{"type":"text","widget":"text-editor","text":"Els seguidors grocs s\u2019han sumat una vegada m\u00e9s a la campanya de donaci\u00f3 de sang impulsada per l\u2019entitat groga i el Centre de Transfusi\u00f3 de la Comunitat Valenciana (CTCV) que ha tingut lloc en l\u2019Estadi de la Cer\u00e0mica","paragraphs":["Els seguidors grocs s\u2019han sumat una vegada m\u00e9s a la campanya de donaci\u00f3 de sang impulsada per l\u2019entitat groga i el Centre de Transfusi\u00f3 de la Comunitat Valenciana (CTCV) que ha tingut lloc en l\u2019Estadi de la Cer\u00e0mica"]}],"children":[]},{"id":"c00854d","type":"container","classes":["has-el-gap","el-gap-default","elementor-section","elementor-top-section","elementor-element","elementor-element-c00854d","elementor-section-boxed","elementor-section-height-default"],"title":"","text":"","headings":[],"texts":[],"buttons":[],"images":[],"widgets":["gallery"],"blocks":[{"type":"gallery","widget":"gallery","items":[{"url":"https:\/\/villarrealcf.es\/wp-content\/uploads\/2023\/05\/20230511-ActoDonacionSangre-001.jpg","title":"","thumbnail":"https:\/\/villarrealcf.es\/wp-content\/uploads\/2023\/05\/20230511-ActoDonacionSangre-001.jpg","width":2362,"height":1575},{"url":"https:\/\/villarrealcf.es\/wp-content\/uploads\/2023\/05\/20230511-ActoDonacionSangre-003.jpg","title":"","thumbnail":"https:\/\/villarrealcf.es\/wp-content\/uploads\/2023\/05\/20230511-ActoDonacionSangre-003.jpg","width":2362,"height":1575},{"url":"https:\/\/villarrealcf.es\/wp-content\/uploads\/2023\/05\/20230511-ActoDonacionSangre-005.jpg","title":"","thumbnail":"https:\/\/villarrealcf.es\/wp-content\/uploads\/2023\/05\/20230511-ActoDonacionSangre-005.jpg","width":2362,"height":1575},{"url":"https:\/\/villarrealcf.es\/wp-content\/uploads\/2023\/05\/20230511-ActoDonacionSangre-006.jpg","title":"","thumbnail":"https:\/\/villarrealcf.es\/wp-content\/uploads\/2023\/05\/20230511-ActoDonacionSangre-006.jpg","width":2362,"height":1575},{"url":"https:\/\/villarrealcf.es\/wp-content\/uploads\/2023\/05\/20230511-ActoDonacionSangre-007.jpg","title":"","thumbnail":"https:\/\/villarrealcf.es\/wp-content\/uploads\/2023\/05\/20230511-ActoDonacionSangre-007.jpg","width":2362,"height":1575},{"url":"https:\/\/villarrealcf.es\/wp-content\/uploads\/2023\/05\/20230511-ActoDonacionSangre-009.jpg","title":"","thumbnail":"https:\/\/villarrealcf.es\/wp-content\/uploads\/2023\/05\/20230511-ActoDonacionSangre-009.jpg","width":2362,"height":1575},{"url":"https:\/\/villarrealcf.es\/wp-content\/uploads\/2023\/05\/20230511-ActoDonacionSangre-010.jpg","title":"","thumbnail":"https:\/\/villarrealcf.es\/wp-content\/uploads\/2023\/05\/20230511-ActoDonacionSangre-010.jpg","width":2362,"height":1575},{"url":"https:\/\/villarrealcf.es\/wp-content\/uploads\/2023\/05\/20230511-ActoDonacionSangre-011.jpg","title":"","thumbnail":"https:\/\/villarrealcf.es\/wp-content\/uploads\/2023\/05\/20230511-ActoDonacionSangre-011.jpg","width":2362,"height":1575},{"url":"https:\/\/villarrealcf.es\/wp-content\/uploads\/2023\/05\/20230511-ActoDonacionSangre-012.jpg","title":"","thumbnail":"https:\/\/villarrealcf.es\/wp-content\/uploads\/2023\/05\/20230511-ActoDonacionSangre-012.jpg","width":2362,"height":1575},{"url":"https:\/\/villarrealcf.es\/wp-content\/uploads\/2023\/05\/20230511-ActoDonacionSangre-013-1.jpg","title":"","thumbnail":"https:\/\/villarrealcf.es\/wp-content\/uploads\/2023\/05\/20230511-ActoDonacionSangre-013-1.jpg","width":2362,"height":1575},{"url":"https:\/\/villarrealcf.es\/wp-content\/uploads\/2023\/05\/20230511-ActoDonacionSangre-014.jpg","title":"","thumbnail":"https:\/\/villarrealcf.es\/wp-content\/uploads\/2023\/05\/20230511-ActoDonacionSangre-014.jpg","width":2362,"height":1575},{"url":"https:\/\/villarrealcf.es\/wp-content\/uploads\/2023\/05\/20230511-ActoDonacionSangre-016.jpg","title":"","thumbnail":"https:\/\/villarrealcf.es\/wp-content\/uploads\/2023\/05\/20230511-ActoDonacionSangre-016.jpg","width":2362,"height":1575},{"url":"https:\/\/villarrealcf.es\/wp-content\/uploads\/2023\/05\/20230511-ActoDonacionSangre-017.jpg","title":"","thumbnail":"https:\/\/villarrealcf.es\/wp-content\/uploads\/2023\/05\/20230511-ActoDonacionSangre-017.jpg","width":2362,"height":1575},{"url":"https:\/\/villarrealcf.es\/wp-content\/uploads\/2023\/05\/20230511-ActoDonacionSangre-019.jpg","title":"","thumbnail":"https:\/\/villarrealcf.es\/wp-content\/uploads\/2023\/05\/20230511-ActoDonacionSangre-019.jpg","width":2362,"height":1575}]}],"children":[]}],"hero":{"id":"ed64fe7","type":"container","classes":["elementor-section","elementor-top-section","elementor-element","elementor-element-ed64fe7","elementor-section-boxed","elementor-section-height-default"],"title":"","text":"Els seguidors grocs van mostrar una vegada m\u00e9s el seu costat m\u00e9s solidari Els seguidors grocs s\u2019han sumat una vegada m\u00e9s a la campanya de donaci\u00f3 de sang impulsada per l\u2019entitat groga i el Centre de Transfusi\u00f3 de la Comunitat Valenciana (CTCV) que ha tingut lloc en l\u2019Estadi de la Cer\u00e0mica","headings":[],"texts":[{"type":"text","widget":"text-editor","text":"Els seguidors grocs van mostrar una vegada m\u00e9s el seu costat m\u00e9s solidari","paragraphs":[]},{"type":"text","widget":"text-editor","text":"Els seguidors grocs s\u2019han sumat una vegada m\u00e9s a la campanya de donaci\u00f3 de sang impulsada per l\u2019entitat groga i el Centre de Transfusi\u00f3 de la Comunitat Valenciana (CTCV) que ha tingut lloc en l\u2019Estadi de la Cer\u00e0mica","paragraphs":["Els seguidors grocs s\u2019han sumat una vegada m\u00e9s a la campanya de donaci\u00f3 de sang impulsada per l\u2019entitat groga i el Centre de Transfusi\u00f3 de la Comunitat Valenciana (CTCV) que ha tingut lloc en l\u2019Estadi de la Cer\u00e0mica"]}],"buttons":[],"images":[],"widgets":["text-editor"],"blocks":[{"type":"text","widget":"text-editor","text":"Els seguidors grocs van mostrar una vegada m\u00e9s el seu costat m\u00e9s solidari","paragraphs":[]},{"type":"text","widget":"text-editor","text":"Els seguidors grocs s\u2019han sumat una vegada m\u00e9s a la campanya de donaci\u00f3 de sang impulsada per l\u2019entitat groga i el Centre de Transfusi\u00f3 de la Comunitat Valenciana (CTCV) que ha tingut lloc en l\u2019Estadi de la Cer\u00e0mica","paragraphs":["Els seguidors grocs s\u2019han sumat una vegada m\u00e9s a la campanya de donaci\u00f3 de sang impulsada per l\u2019entitat groga i el Centre de Transfusi\u00f3 de la Comunitat Valenciana (CTCV) que ha tingut lloc en l\u2019Estadi de la Cer\u00e0mica"]}],"children":[]}},"sections":[{"id":"ed64fe7","title":"Els seguidors grocs van mostrar una vegada m\u00e9s el seu costat m\u00e9s solidari","text":"Els seguidors grocs van mostrar una vegada m\u00e9s el seu costat m\u00e9s solidari Els seguidors grocs s\u2019han sumat una vegada m\u00e9s a la campanya de donaci\u00f3 de sang impulsada per l\u2019entitat groga i el Centre de Transfusi\u00f3 de la Comunitat Valenciana (CTCV) que ha tingut lloc en l\u2019Estadi de la Cer\u00e0mica","url":"","background_image":"","images":[],"videos":[],"links":[]},{"id":"c00854d","title":"","text":"","url":"https:\/\/villarrealcf.es\/wp-content\/uploads\/2023\/05\/20230511-ActoDonacionSangre-001.jpg","background_image":"","images":[],"videos":[],"links":[{"url":"https:\/\/villarrealcf.es\/wp-content\/uploads\/2023\/05\/20230511-ActoDonacionSangre-001.jpg","text":"","target":""},{"url":"https:\/\/villarrealcf.es\/wp-content\/uploads\/2023\/05\/20230511-ActoDonacionSangre-003.jpg","text":"","target":""},{"url":"https:\/\/villarrealcf.es\/wp-content\/uploads\/2023\/05\/20230511-ActoDonacionSangre-005.jpg","text":"","target":""},{"url":"https:\/\/villarrealcf.es\/wp-content\/uploads\/2023\/05\/20230511-ActoDonacionSangre-006.jpg","text":"","target":""},{"url":"https:\/\/villarrealcf.es\/wp-content\/uploads\/2023\/05\/20230511-ActoDonacionSangre-007.jpg","text":"","target":""},{"url":"https:\/\/villarrealcf.es\/wp-content\/uploads\/2023\/05\/20230511-ActoDonacionSangre-009.jpg","text":"","target":""},{"url":"https:\/\/villarrealcf.es\/wp-content\/uploads\/2023\/05\/20230511-ActoDonacionSangre-010.jpg","text":"","target":""},{"url":"https:\/\/villarrealcf.es\/wp-content\/uploads\/2023\/05\/20230511-ActoDonacionSangre-011.jpg","text":"","target":""},{"url":"https:\/\/villarrealcf.es\/wp-content\/uploads\/2023\/05\/20230511-ActoDonacionSangre-012.jpg","text":"","target":""},{"url":"https:\/\/villarrealcf.es\/wp-content\/uploads\/2023\/05\/20230511-ActoDonacionSangre-013-1.jpg","text":"","target":""},{"url":"https:\/\/villarrealcf.es\/wp-content\/uploads\/2023\/05\/20230511-ActoDonacionSangre-014.jpg","text":"","target":""},{"url":"https:\/\/villarrealcf.es\/wp-content\/uploads\/2023\/05\/20230511-ActoDonacionSangre-016.jpg","text":"","target":""},{"url":"https:\/\/villarrealcf.es\/wp-content\/uploads\/2023\/05\/20230511-ActoDonacionSangre-017.jpg","text":"","target":""},{"url":"https:\/\/villarrealcf.es\/wp-content\/uploads\/2023\/05\/20230511-ActoDonacionSangre-019.jpg","text":"","target":""}]}]},"excerpt":{"rendered":"Els seguidors grocs van mostrar una vegada m\u00e9s el seu costat m\u00e9s solidari","protected":false},"author":33,"featured_media":265482,"comment_status":"closed","ping_status":"closed","sticky":false,"template":"","format":"standard","meta":{"_acf_changed":false,"footnotes":""},"categories":[13509],"tags":[14479,9242,9244,11429,717,9270,13474,13420,716,9205,9627,9203],"acf":null,"lang":"val","translations":{"es":265476,"val":265530,"en":265536},"essential_grid":{"has_grid":false},"formatted_date":"May 11, 2023","modified_date":"May 11, 2023","permalink":"https:\/\/villarrealcf.es\/val\/lestadi-de-la-ceramica-alberga-la-campanya-de-donacio-de-sang\/","reading_time":1,"featured_media_data":{"id":265482,"title":"galeria","caption":"","alt_text":"","description":"","mime_type":"image\/jpeg","source_url":"https:\/\/villarrealcf.es\/wp-content\/uploads\/2023\/05\/galeria.jpg","sizes":{"thumbnail":{"url":"https:\/\/villarrealcf.es\/wp-content\/uploads\/2023\/05\/galeria-1920x1080.jpg","width":1920,"height":1080},"medium":{"url":"https:\/\/villarrealcf.es\/wp-content\/uploads\/2023\/05\/galeria-1920x1080.jpg","width":1920,"height":1080},"medium_large":{"url":"https:\/\/villarrealcf.es\/wp-content\/uploads\/2023\/05\/galeria-768x432.jpg","width":768,"height":432},"large":{"url":"https:\/\/villarrealcf.es\/wp-content\/uploads\/2023\/05\/galeria-1920x1080.jpg","width":788,"height":443},"1536x1536":{"url":"https:\/\/villarrealcf.es\/wp-content\/uploads\/2023\/05\/galeria-1536x864.jpg","width":1536,"height":864},"2048x2048":{"url":"https:\/\/villarrealcf.es\/wp-content\/uploads\/2023\/05\/galeria-2048x1152.jpg","width":2048,"height":1152},"tp-image-grid":{"url":"https:\/\/villarrealcf.es\/wp-content\/uploads\/2023\/05\/galeria-700x700.jpg","width":700,"height":700},"size-bunyad-medium":{"url":"https:\/\/villarrealcf.es\/wp-content\/uploads\/2023\/05\/galeria-1920x1080.jpg","width":1920,"height":1080},"sportspress-crop-medium":{"url":"https:\/\/villarrealcf.es\/wp-content\/uploads\/2023\/05\/galeria-300x300.jpg","width":300,"height":300},"sportspress-fit-medium":{"url":"https:\/\/villarrealcf.es\/wp-content\/uploads\/2023\/05\/galeria-300x169.jpg","width":300,"height":169},"sportspress-fit-icon":{"url":"https:\/\/villarrealcf.es\/wp-content\/uploads\/2023\/05\/galeria-128x72.jpg","width":128,"height":72},"sportspress-fit-mini":{"url":"https:\/\/villarrealcf.es\/wp-content\/uploads\/2023\/05\/galeria-32x18.jpg","width":32,"height":18},"bunyad-small":{"url":"https:\/\/villarrealcf.es\/wp-content\/uploads\/2023\/05\/galeria-150x84.jpg","width":150,"height":84},"bunyad-medium":{"url":"https:\/\/villarrealcf.es\/wp-content\/uploads\/2023\/05\/galeria-450x253.jpg","width":450,"height":253},"bunyad-full":{"url":"https:\/\/villarrealcf.es\/wp-content\/uploads\/2023\/05\/galeria-1200x675.jpg","width":1200,"height":675},"bunyad-viewport":{"url":"https:\/\/villarrealcf.es\/wp-content\/uploads\/2023\/05\/galeria-2048x1152.jpg","width":2048,"height":1152},"bunyad-768":{"url":"https:\/\/villarrealcf.es\/wp-content\/uploads\/2023\/05\/galeria-768x432.jpg","width":768,"height":432},"full":{"url":"https:\/\/villarrealcf.es\/wp-content\/uploads\/2023\/05\/galeria.jpg","width":2328,"height":1309}}},"author_data":{"id":"33","name":"Nacho Tejada","first_name":"Nacho","last_name":"Tejada","description":"","avatar_url":"https:\/\/secure.gravatar.com\/avatar\/b1580534b2fcd93e031504756165758941290488df5c88966a26f84344931fd1?s=96&d=mm&r=g","acf":null},"taxonomies_data":{"category":[{"id":13509,"name":"Endavant","slug":"endavant-val","acf":null}],"post_tag":[{"id":14479,"name":"Campa\u00f1a Donaci\u00f3n de Sangre","slug":"campana-donacion-de-sangre-val","acf":null},{"id":9242,"name":"Endavant","slug":"endavant-val-2","acf":null},{"id":9244,"name":"Endavant Solidaritat","slug":"endavant-solidaritat-val-2","acf":null},{"id":11429,"name":"Estadio de la Cer\u00e1mica","slug":"estadio-de-la-ceramica-val","acf":null},{"id":717,"name":"Football","slug":"football-d34","acf":null},{"id":9270,"name":"Futbol","slug":"futbol-val","acf":null},{"id":13474,"name":"Galer\u00eda","slug":"galeria-val","acf":null},{"id":13420,"name":"Galer\u00eda Endavant","slug":"galeria-endavant-val","acf":null},{"id":716,"name":"Soccer","slug":"soccer-d105","acf":null},{"id":9205,"name":"Submarino","slug":"submarino-val","acf":null},{"id":9627,"name":"Submarino Amarillo","slug":"submarino-amarillo-val","acf":null},{"id":9203,"name":"Villarreal CF","slug":"villarreal-cf-val","acf":null}],"translation_priority":[{"id":735,"name":"Optional","slug":"optional-val","acf":null}]},"seo_full":{"native":{"title":"L&#8217;Estadi de la Cer\u00e0mica alberga la Campanya de Donaci\u00f3 de Sang - Web Oficial del Villarreal CF","description":"Els seguidors grocs van mostrar una vegada m\u00e9s el seu costat m\u00e9s solidari","canonical":"https:\/\/villarrealcf.es\/val\/lestadi-de-la-ceramica-alberga-la-campanya-de-donacio-de-sang\/"}},"_links":{"self":[{"href":"https:\/\/villarrealcf.es\/val\/wp-json\/wp\/v2\/posts\/265530","targetHints":{"allow":["GET"]}}],"collection":[{"href":"https:\/\/villarrealcf.es\/val\/wp-json\/wp\/v2\/posts"}],"about":[{"href":"https:\/\/villarrealcf.es\/val\/wp-json\/wp\/v2\/types\/post"}],"author":[{"embeddable":true,"href":"https:\/\/villarrealcf.es\/val\/wp-json\/wp\/v2\/users\/33"}],"replies":[{"embeddable":true,"href":"https:\/\/villarrealcf.es\/val\/wp-json\/wp\/v2\/comments?post=265530"}],"version-history":[{"count":0,"href":"https:\/\/villarrealcf.es\/val\/wp-json\/wp\/v2\/posts\/265530\/revisions"}],"wp:featuredmedia":[{"embeddable":true,"href":"https:\/\/villarrealcf.es\/val\/wp-json\/wp\/v2\/media\/265482"}],"wp:attachment":[{"href":"https:\/\/villarrealcf.es\/val\/wp-json\/wp\/v2\/media?parent=265530"}],"wp:term":[{"taxonomy":"category","embeddable":true,"href":"https:\/\/villarrealcf.es\/val\/wp-json\/wp\/v2\/categories?post=265530"},{"taxonomy":"post_tag","embeddable":true,"href":"https:\/\/villarrealcf.es\/val\/wp-json\/wp\/v2\/tags?post=265530"}],"curies":[{"name":"wp","href":"https:\/\/api.w.org\/{rel}","templated":true}]}}