{"id":265205,"date":"2023-05-09T13:19:00","date_gmt":"2023-05-09T11:19:00","guid":{"rendered":"https:\/\/villarrealcf.es\/\/yeremy-pino-veo-al-equipo-con-confianza\/"},"modified":"2023-05-09T16:16:44","modified_gmt":"2023-05-09T14:16:44","slug":"yeremy-pino-veig-a-lequip-amb-confianca","status":"publish","type":"post","link":"https:\/\/villarrealcf.es\/val\/yeremy-pino-veig-a-lequip-amb-confianca\/","title":{"rendered":"Yeremy: &#8220;Veig a l&#8217;equip amb confian\u00e7a&#8221;"},"content":{"protected":false,"blocks":[{"type":"heading","level":2,"text":"El canari ha ressaltat la import\u00e0ncia del partit contra l\u2019Athletic Club"},{"type":"paragraph","text":"El futbolista del Villarreal CF, Yeremy Pino, ha comparegut davant els mitjans de comunicaci\u00f3 a la sala de premsa de la Ciutat Esportiva Jos\u00e9 Manuel Llaneza per a parlar de la situaci\u00f3 de l\u2019equip i analitzar el partit contra l\u2019Athletic Club, que es disputar\u00e0 el dissabte, a partir de les 18.30 hores, en l\u2019Estadio de la Cer\u00e1mica:"},{"type":"paragraph","text":"Aquestes han sigut les declaracions m\u00e9s destacades de l\u2019atacant canari:"},{"type":"paragraph","text":"L\u2019aturada ha vingut b\u00e9 a l\u2019equip"},{"type":"paragraph","text":"\u201cHem jugat molts partits seguits i ens ha assegut b\u00e9 desconnectar per a tornar amb les piles carregades per a la recta final de la competici\u00f3. Veig a l\u2019equip amb confian\u00e7a, aix\u00ed s\u2019ha vist en els \u00faltims partits. Anem tots a l\u2019una\u201d."},{"type":"paragraph","text":"Situaci\u00f3 personal"},{"type":"paragraph","text":"\u201cEm trobe b\u00e9 f\u00edsicament i estic amb molt\u00edssima confian\u00e7a. Soc un jugador que sempre tracta de buidar-se en cada entrenament i en cada partit per a saber que he fet el treball b\u00e9\u201d."},{"type":"paragraph","text":"Yeremy Pino, centenari amb el Villarreal"},{"type":"paragraph","text":"\u201cQuan em vaig assabentar que portava 100 partits amb el club no me\u2019l creia. Se\u2019t posen els p\u00e8ls de punta. Per a mi \u00e9s una recompensa molt gran i estic molt orgull\u00f3s\u201d."},{"type":"paragraph","text":"El partit contra l\u2019Athletic Club, crucial"},{"type":"paragraph","text":"\u201c\u00c9s un partit molt important per a nosaltres. Hem d\u2019anar a guanyar cada partit per a poder complir els objectius que ens marquem. Al final guanyar \u00e9s el que importa i dep\u00e9n de nosaltres mateixos, que \u00e9s el m\u00e9s important\u201d."},{"type":"paragraph","text":"Pots tornar a veure la roda de premsa de Yeremy Pino al complet en el seg\u00fcent v\u00eddeo:"},{"type":"video","kind":"iframe","url":"https:\/\/www.youtube.com\/embed\/SB0Sf8ylois?feature=oembed","poster":""}],"structured":{"summary":{"text":"El canari ha ressaltat la import\u00e0ncia del partit contra l\u2019Athletic Club El futbolista del Villarreal CF, Yeremy Pino, ha comparegut davant els mitjans de comunicaci\u00f3 a la sala de premsa de la Ciutat Esportiva Jos\u00e9 Manuel Llaneza per a parlar de la situaci\u00f3 de l\u2019equip i analitzar el partit contra l\u2019Athletic Club, que es disputar\u00e0 el dissabte, a partir de les 18.30 hores, en l\u2019Estadio de la Cer\u00e1mica: Aquestes han sigut les declaracions m\u00e9s destacades de l\u2019atacant canari: L\u2019aturada ha vingut b\u00e9 a l\u2019equip \u201cHem jugat molts partits seguits i ens ha assegut b\u00e9 desconnectar per a tornar amb les piles carregades per a la recta final de la competici\u00f3. Veig a l\u2019equip amb confian\u00e7a, aix\u00ed s\u2019ha vist en els \u00faltims partits. Anem tots a l\u2019una\u201d. Situaci\u00f3 personal \u201cEm trobe b\u00e9 f\u00edsicament i estic amb molt\u00edssima confian\u00e7a. Soc un jugador que sempre tracta de buidar-se en cada entrenament i en cada partit per a saber que he fet el treball b\u00e9\u201d. Yeremy Pino, centenari amb el Villarreal \u201cQuan em vaig assabentar que portava 100 partits amb el club no me\u2019l creia. Se\u2019t posen els p\u00e8ls de punta. Per a mi \u00e9s una recompensa molt gran i estic molt orgull\u00f3s\u201d. El partit contra l\u2019Athletic Club, crucial \u201c\u00c9s un partit molt important per a nosaltres. Hem d\u2019anar a guanyar cada partit per a poder complir els objectius que ens marquem. Al final guanyar \u00e9s el que importa i dep\u00e9n de nosaltres mateixos, que \u00e9s el m\u00e9s important\u201d. Pots tornar a veure la roda de premsa de Yeremy Pino al complet en el seg\u00fcent v\u00eddeo:","headings":[{"type":"heading","level":2,"text":"El canari ha ressaltat la import\u00e0ncia del partit contra l\u2019Athletic Club"}],"buttons":[],"images":[],"counts":{"blocks":13,"headings":1,"texts":11,"buttons":0,"images":0}},"sections":[{"id":"section-1","title":"El canari ha ressaltat la import\u00e0ncia del partit contra l\u2019Athletic Club","text":"El canari ha ressaltat la import\u00e0ncia del partit contra l\u2019Athletic Club El futbolista del Villarreal CF, Yeremy Pino, ha comparegut davant els mitjans de comunicaci\u00f3 a la sala de premsa de la Ciutat Esportiva Jos\u00e9 Manuel Llaneza per a parlar de la situaci\u00f3 de l\u2019equip i analitzar el partit contra l\u2019Athletic Club, que es disputar\u00e0 el dissabte, a partir de les 18.30 hores, en l\u2019Estadio de la Cer\u00e1mica: Aquestes han sigut les declaracions m\u00e9s destacades de l\u2019atacant canari: L\u2019aturada ha vingut b\u00e9 a l\u2019equip \u201cHem jugat molts partits seguits i ens ha assegut b\u00e9 desconnectar per a tornar amb les piles carregades per a la recta final de la competici\u00f3. Veig a l\u2019equip amb confian\u00e7a, aix\u00ed s\u2019ha vist en els \u00faltims partits. Anem tots a l\u2019una\u201d. Situaci\u00f3 personal \u201cEm trobe b\u00e9 f\u00edsicament i estic amb molt\u00edssima confian\u00e7a. Soc un jugador que sempre tracta de buidar-se en cada entrenament i en cada partit per a saber que he fet el treball b\u00e9\u201d. Yeremy Pino, centenari amb el Villarreal \u201cQuan em vaig assabentar que portava 100 partits amb el club no me\u2019l creia. Se\u2019t posen els p\u00e8ls de punta. Per a mi \u00e9s una recompensa molt gran i estic molt orgull\u00f3s\u201d. El partit contra l\u2019Athletic Club, crucial \u201c\u00c9s un partit molt important per a nosaltres. Hem d\u2019anar a guanyar cada partit per a poder complir els objectius que ens marquem. Al final guanyar \u00e9s el que importa i dep\u00e9n de nosaltres mateixos, que \u00e9s el m\u00e9s important\u201d. Pots tornar a veure la roda de premsa de Yeremy Pino al complet en el seg\u00fcent v\u00eddeo:","headings":[{"type":"heading","level":2,"text":"El canari ha ressaltat la import\u00e0ncia del partit contra l\u2019Athletic Club"}],"texts":[{"type":"paragraph","text":"El futbolista del Villarreal CF, Yeremy Pino, ha comparegut davant els mitjans de comunicaci\u00f3 a la sala de premsa de la Ciutat Esportiva Jos\u00e9 Manuel Llaneza per a parlar de la situaci\u00f3 de l\u2019equip i analitzar el partit contra l\u2019Athletic Club, que es disputar\u00e0 el dissabte, a partir de les 18.30 hores, en l\u2019Estadio de la Cer\u00e1mica:"},{"type":"paragraph","text":"Aquestes han sigut les declaracions m\u00e9s destacades de l\u2019atacant canari:"},{"type":"paragraph","text":"L\u2019aturada ha vingut b\u00e9 a l\u2019equip"},{"type":"paragraph","text":"\u201cHem jugat molts partits seguits i ens ha assegut b\u00e9 desconnectar per a tornar amb les piles carregades per a la recta final de la competici\u00f3. Veig a l\u2019equip amb confian\u00e7a, aix\u00ed s\u2019ha vist en els \u00faltims partits. Anem tots a l\u2019una\u201d."},{"type":"paragraph","text":"Situaci\u00f3 personal"},{"type":"paragraph","text":"\u201cEm trobe b\u00e9 f\u00edsicament i estic amb molt\u00edssima confian\u00e7a. Soc un jugador que sempre tracta de buidar-se en cada entrenament i en cada partit per a saber que he fet el treball b\u00e9\u201d."},{"type":"paragraph","text":"Yeremy Pino, centenari amb el Villarreal"},{"type":"paragraph","text":"\u201cQuan em vaig assabentar que portava 100 partits amb el club no me\u2019l creia. Se\u2019t posen els p\u00e8ls de punta. Per a mi \u00e9s una recompensa molt gran i estic molt orgull\u00f3s\u201d."},{"type":"paragraph","text":"El partit contra l\u2019Athletic Club, crucial"},{"type":"paragraph","text":"\u201c\u00c9s un partit molt important per a nosaltres. Hem d\u2019anar a guanyar cada partit per a poder complir els objectius que ens marquem. Al final guanyar \u00e9s el que importa i dep\u00e9n de nosaltres mateixos, que \u00e9s el m\u00e9s important\u201d."},{"type":"paragraph","text":"Pots tornar a veure la roda de premsa de Yeremy Pino al complet en el seg\u00fcent v\u00eddeo:"}],"buttons":[],"images":[],"widgets":[],"blocks":[{"type":"heading","level":2,"text":"El canari ha ressaltat la import\u00e0ncia del partit contra l\u2019Athletic Club"},{"type":"paragraph","text":"El futbolista del Villarreal CF, Yeremy Pino, ha comparegut davant els mitjans de comunicaci\u00f3 a la sala de premsa de la Ciutat Esportiva Jos\u00e9 Manuel Llaneza per a parlar de la situaci\u00f3 de l\u2019equip i analitzar el partit contra l\u2019Athletic Club, que es disputar\u00e0 el dissabte, a partir de les 18.30 hores, en l\u2019Estadio de la Cer\u00e1mica:"},{"type":"paragraph","text":"Aquestes han sigut les declaracions m\u00e9s destacades de l\u2019atacant canari:"},{"type":"paragraph","text":"L\u2019aturada ha vingut b\u00e9 a l\u2019equip"},{"type":"paragraph","text":"\u201cHem jugat molts partits seguits i ens ha assegut b\u00e9 desconnectar per a tornar amb les piles carregades per a la recta final de la competici\u00f3. Veig a l\u2019equip amb confian\u00e7a, aix\u00ed s\u2019ha vist en els \u00faltims partits. Anem tots a l\u2019una\u201d."},{"type":"paragraph","text":"Situaci\u00f3 personal"},{"type":"paragraph","text":"\u201cEm trobe b\u00e9 f\u00edsicament i estic amb molt\u00edssima confian\u00e7a. Soc un jugador que sempre tracta de buidar-se en cada entrenament i en cada partit per a saber que he fet el treball b\u00e9\u201d."},{"type":"paragraph","text":"Yeremy Pino, centenari amb el Villarreal"},{"type":"paragraph","text":"\u201cQuan em vaig assabentar que portava 100 partits amb el club no me\u2019l creia. Se\u2019t posen els p\u00e8ls de punta. Per a mi \u00e9s una recompensa molt gran i estic molt orgull\u00f3s\u201d."},{"type":"paragraph","text":"El partit contra l\u2019Athletic Club, crucial"},{"type":"paragraph","text":"\u201c\u00c9s un partit molt important per a nosaltres. Hem d\u2019anar a guanyar cada partit per a poder complir els objectius que ens marquem. Al final guanyar \u00e9s el que importa i dep\u00e9n de nosaltres mateixos, que \u00e9s el m\u00e9s important\u201d."},{"type":"paragraph","text":"Pots tornar a veure la roda de premsa de Yeremy Pino al complet en el seg\u00fcent v\u00eddeo:"},{"type":"video","kind":"iframe","url":"https:\/\/www.youtube.com\/embed\/SB0Sf8ylois?feature=oembed","poster":""}]}],"hero":{"id":"section-1","title":"El canari ha ressaltat la import\u00e0ncia del partit contra l\u2019Athletic Club","text":"El canari ha ressaltat la import\u00e0ncia del partit contra l\u2019Athletic Club El futbolista del Villarreal CF, Yeremy Pino, ha comparegut davant els mitjans de comunicaci\u00f3 a la sala de premsa de la Ciutat Esportiva Jos\u00e9 Manuel Llaneza per a parlar de la situaci\u00f3 de l\u2019equip i analitzar el partit contra l\u2019Athletic Club, que es disputar\u00e0 el dissabte, a partir de les 18.30 hores, en l\u2019Estadio de la Cer\u00e1mica: Aquestes han sigut les declaracions m\u00e9s destacades de l\u2019atacant canari: L\u2019aturada ha vingut b\u00e9 a l\u2019equip \u201cHem jugat molts partits seguits i ens ha assegut b\u00e9 desconnectar per a tornar amb les piles carregades per a la recta final de la competici\u00f3. Veig a l\u2019equip amb confian\u00e7a, aix\u00ed s\u2019ha vist en els \u00faltims partits. Anem tots a l\u2019una\u201d. Situaci\u00f3 personal \u201cEm trobe b\u00e9 f\u00edsicament i estic amb molt\u00edssima confian\u00e7a. Soc un jugador que sempre tracta de buidar-se en cada entrenament i en cada partit per a saber que he fet el treball b\u00e9\u201d. Yeremy Pino, centenari amb el Villarreal \u201cQuan em vaig assabentar que portava 100 partits amb el club no me\u2019l creia. Se\u2019t posen els p\u00e8ls de punta. Per a mi \u00e9s una recompensa molt gran i estic molt orgull\u00f3s\u201d. El partit contra l\u2019Athletic Club, crucial \u201c\u00c9s un partit molt important per a nosaltres. Hem d\u2019anar a guanyar cada partit per a poder complir els objectius que ens marquem. Al final guanyar \u00e9s el que importa i dep\u00e9n de nosaltres mateixos, que \u00e9s el m\u00e9s important\u201d. Pots tornar a veure la roda de premsa de Yeremy Pino al complet en el seg\u00fcent v\u00eddeo:","headings":[{"type":"heading","level":2,"text":"El canari ha ressaltat la import\u00e0ncia del partit contra l\u2019Athletic Club"}],"texts":[{"type":"paragraph","text":"El futbolista del Villarreal CF, Yeremy Pino, ha comparegut davant els mitjans de comunicaci\u00f3 a la sala de premsa de la Ciutat Esportiva Jos\u00e9 Manuel Llaneza per a parlar de la situaci\u00f3 de l\u2019equip i analitzar el partit contra l\u2019Athletic Club, que es disputar\u00e0 el dissabte, a partir de les 18.30 hores, en l\u2019Estadio de la Cer\u00e1mica:"},{"type":"paragraph","text":"Aquestes han sigut les declaracions m\u00e9s destacades de l\u2019atacant canari:"},{"type":"paragraph","text":"L\u2019aturada ha vingut b\u00e9 a l\u2019equip"},{"type":"paragraph","text":"\u201cHem jugat molts partits seguits i ens ha assegut b\u00e9 desconnectar per a tornar amb les piles carregades per a la recta final de la competici\u00f3. Veig a l\u2019equip amb confian\u00e7a, aix\u00ed s\u2019ha vist en els \u00faltims partits. Anem tots a l\u2019una\u201d."},{"type":"paragraph","text":"Situaci\u00f3 personal"},{"type":"paragraph","text":"\u201cEm trobe b\u00e9 f\u00edsicament i estic amb molt\u00edssima confian\u00e7a. Soc un jugador que sempre tracta de buidar-se en cada entrenament i en cada partit per a saber que he fet el treball b\u00e9\u201d."},{"type":"paragraph","text":"Yeremy Pino, centenari amb el Villarreal"},{"type":"paragraph","text":"\u201cQuan em vaig assabentar que portava 100 partits amb el club no me\u2019l creia. Se\u2019t posen els p\u00e8ls de punta. Per a mi \u00e9s una recompensa molt gran i estic molt orgull\u00f3s\u201d."},{"type":"paragraph","text":"El partit contra l\u2019Athletic Club, crucial"},{"type":"paragraph","text":"\u201c\u00c9s un partit molt important per a nosaltres. Hem d\u2019anar a guanyar cada partit per a poder complir els objectius que ens marquem. Al final guanyar \u00e9s el que importa i dep\u00e9n de nosaltres mateixos, que \u00e9s el m\u00e9s important\u201d."},{"type":"paragraph","text":"Pots tornar a veure la roda de premsa de Yeremy Pino al complet en el seg\u00fcent v\u00eddeo:"}],"buttons":[],"images":[],"widgets":[],"blocks":[{"type":"heading","level":2,"text":"El canari ha ressaltat la import\u00e0ncia del partit contra l\u2019Athletic Club"},{"type":"paragraph","text":"El futbolista del Villarreal CF, Yeremy Pino, ha comparegut davant els mitjans de comunicaci\u00f3 a la sala de premsa de la Ciutat Esportiva Jos\u00e9 Manuel Llaneza per a parlar de la situaci\u00f3 de l\u2019equip i analitzar el partit contra l\u2019Athletic Club, que es disputar\u00e0 el dissabte, a partir de les 18.30 hores, en l\u2019Estadio de la Cer\u00e1mica:"},{"type":"paragraph","text":"Aquestes han sigut les declaracions m\u00e9s destacades de l\u2019atacant canari:"},{"type":"paragraph","text":"L\u2019aturada ha vingut b\u00e9 a l\u2019equip"},{"type":"paragraph","text":"\u201cHem jugat molts partits seguits i ens ha assegut b\u00e9 desconnectar per a tornar amb les piles carregades per a la recta final de la competici\u00f3. Veig a l\u2019equip amb confian\u00e7a, aix\u00ed s\u2019ha vist en els \u00faltims partits. Anem tots a l\u2019una\u201d."},{"type":"paragraph","text":"Situaci\u00f3 personal"},{"type":"paragraph","text":"\u201cEm trobe b\u00e9 f\u00edsicament i estic amb molt\u00edssima confian\u00e7a. Soc un jugador que sempre tracta de buidar-se en cada entrenament i en cada partit per a saber que he fet el treball b\u00e9\u201d."},{"type":"paragraph","text":"Yeremy Pino, centenari amb el Villarreal"},{"type":"paragraph","text":"\u201cQuan em vaig assabentar que portava 100 partits amb el club no me\u2019l creia. Se\u2019t posen els p\u00e8ls de punta. Per a mi \u00e9s una recompensa molt gran i estic molt orgull\u00f3s\u201d."},{"type":"paragraph","text":"El partit contra l\u2019Athletic Club, crucial"},{"type":"paragraph","text":"\u201c\u00c9s un partit molt important per a nosaltres. Hem d\u2019anar a guanyar cada partit per a poder complir els objectius que ens marquem. Al final guanyar \u00e9s el que importa i dep\u00e9n de nosaltres mateixos, que \u00e9s el m\u00e9s important\u201d."},{"type":"paragraph","text":"Pots tornar a veure la roda de premsa de Yeremy Pino al complet en el seg\u00fcent v\u00eddeo:"},{"type":"video","kind":"iframe","url":"https:\/\/www.youtube.com\/embed\/SB0Sf8ylois?feature=oembed","poster":""}]}},"sections":[{"id":"section-1","title":"El canari ha ressaltat la import\u00e0ncia del partit contra l\u2019Athletic Club","text":"El canari ha ressaltat la import\u00e0ncia del partit contra l\u2019Athletic Club El futbolista del Villarreal CF, Yeremy Pino, ha comparegut davant els mitjans de comunicaci\u00f3 a la sala de premsa de la Ciutat Esportiva Jos\u00e9 Manuel Llaneza per a parlar de la situaci\u00f3 de l\u2019equip i analitzar el partit contra l\u2019Athletic Club, que es disputar\u00e0 el dissabte, a partir de les 18.30 hores, en l\u2019Estadio de la Cer\u00e1mica: Aquestes han sigut les declaracions m\u00e9s destacades de l\u2019atacant canari: L\u2019aturada ha vingut b\u00e9 a l\u2019equip \u201cHem jugat molts partits seguits i ens ha assegut b\u00e9 desconnectar per a tornar amb les piles carregades per a la recta final de la competici\u00f3. Veig a l\u2019equip amb confian\u00e7a, aix\u00ed s\u2019ha vist en els \u00faltims partits. Anem tots a l\u2019una\u201d. Situaci\u00f3 personal \u201cEm trobe b\u00e9 f\u00edsicament i estic amb molt\u00edssima confian\u00e7a. Soc un jugador que sempre tracta de buidar-se en cada entrenament i en cada partit per a saber que he fet el treball b\u00e9\u201d. Yeremy Pino, centenari amb el Villarreal \u201cQuan em vaig assabentar que portava 100 partits amb el club no me\u2019l creia. Se\u2019t posen els p\u00e8ls de punta. Per a mi \u00e9s una recompensa molt gran i estic molt orgull\u00f3s\u201d. El partit contra l\u2019Athletic Club, crucial \u201c\u00c9s un partit molt important per a nosaltres. Hem d\u2019anar a guanyar cada partit per a poder complir els objectius que ens marquem. Al final guanyar \u00e9s el que importa i dep\u00e9n de nosaltres mateixos, que \u00e9s el m\u00e9s important\u201d. Pots tornar a veure la roda de premsa de Yeremy Pino al complet en el seg\u00fcent v\u00eddeo:","url":"","background_image":"","images":[],"videos":[{"type":"video","kind":"iframe","url":"https:\/\/www.youtube.com\/embed\/SB0Sf8ylois?feature=oembed","poster":""}],"links":[]}]},"excerpt":{"rendered":"El canari ha ressaltat la import\u00e0ncia del partit contra l&#8217;Athletic Club","protected":false},"author":33,"featured_media":265210,"comment_status":"closed","ping_status":"closed","sticky":false,"template":"","format":"standard","meta":{"_acf_changed":false,"footnotes":""},"categories":[13493],"tags":[11384,11429,717,9270,9779,9680,716,9205,9627,9203,12622],"acf":null,"lang":"val","translations":{"es":265184,"val":265205,"en":265212},"essential_grid":{"has_grid":false},"formatted_date":"May 9, 2023","modified_date":"May 9, 2023","permalink":"https:\/\/villarrealcf.es\/val\/yeremy-pino-veig-a-lequip-amb-confianca\/","reading_time":2,"featured_media_data":{"id":265210,"title":"yere","caption":"","alt_text":"","description":"","mime_type":"image\/jpeg","source_url":"https:\/\/villarrealcf.es\/wp-content\/uploads\/2023\/05\/yere-2.jpg","sizes":{"thumbnail":{"url":"https:\/\/villarrealcf.es\/wp-content\/uploads\/2023\/05\/yere-2.jpg","width":1908,"height":1073},"medium":{"url":"https:\/\/villarrealcf.es\/wp-content\/uploads\/2023\/05\/yere-2.jpg","width":1908,"height":1073},"medium_large":{"url":"https:\/\/villarrealcf.es\/wp-content\/uploads\/2023\/05\/yere-2-768x432.jpg","width":768,"height":432},"large":{"url":"https:\/\/villarrealcf.es\/wp-content\/uploads\/2023\/05\/yere-2.jpg","width":788,"height":443},"1536x1536":{"url":"https:\/\/villarrealcf.es\/wp-content\/uploads\/2023\/05\/yere-2-1536x864.jpg","width":1536,"height":864},"2048x2048":{"url":"https:\/\/villarrealcf.es\/wp-content\/uploads\/2023\/05\/yere-2.jpg","width":1908,"height":1073},"tp-image-grid":{"url":"https:\/\/villarrealcf.es\/wp-content\/uploads\/2023\/05\/yere-2-700x700.jpg","width":700,"height":700},"size-bunyad-medium":{"url":"https:\/\/villarrealcf.es\/wp-content\/uploads\/2023\/05\/yere-2.jpg","width":1908,"height":1073},"sportspress-crop-medium":{"url":"https:\/\/villarrealcf.es\/wp-content\/uploads\/2023\/05\/yere-2-300x300.jpg","width":300,"height":300},"sportspress-fit-medium":{"url":"https:\/\/villarrealcf.es\/wp-content\/uploads\/2023\/05\/yere-2-300x169.jpg","width":300,"height":169},"sportspress-fit-icon":{"url":"https:\/\/villarrealcf.es\/wp-content\/uploads\/2023\/05\/yere-2-128x72.jpg","width":128,"height":72},"sportspress-fit-mini":{"url":"https:\/\/villarrealcf.es\/wp-content\/uploads\/2023\/05\/yere-2-32x18.jpg","width":32,"height":18},"bunyad-small":{"url":"https:\/\/villarrealcf.es\/wp-content\/uploads\/2023\/05\/yere-2-150x84.jpg","width":150,"height":84},"bunyad-medium":{"url":"https:\/\/villarrealcf.es\/wp-content\/uploads\/2023\/05\/yere-2-450x253.jpg","width":450,"height":253},"bunyad-full":{"url":"https:\/\/villarrealcf.es\/wp-content\/uploads\/2023\/05\/yere-2-1200x675.jpg","width":1200,"height":675},"bunyad-viewport":{"url":"https:\/\/villarrealcf.es\/wp-content\/uploads\/2023\/05\/yere-2.jpg","width":1908,"height":1073},"bunyad-768":{"url":"https:\/\/villarrealcf.es\/wp-content\/uploads\/2023\/05\/yere-2-768x432.jpg","width":768,"height":432},"full":{"url":"https:\/\/villarrealcf.es\/wp-content\/uploads\/2023\/05\/yere-2.jpg","width":1908,"height":1073}}},"author_data":{"id":"33","name":"Nacho Tejada","first_name":"Nacho","last_name":"Tejada","description":"","avatar_url":"https:\/\/secure.gravatar.com\/avatar\/b1580534b2fcd93e031504756165758941290488df5c88966a26f84344931fd1?s=96&d=mm&r=g","acf":null},"taxonomies_data":{"category":[{"id":13493,"name":"Primer equip","slug":"primer-equip","acf":null}],"post_tag":[{"id":11384,"name":"Athletic Club","slug":"athletic-club-val","acf":null},{"id":11429,"name":"Estadio de la Cer\u00e1mica","slug":"estadio-de-la-ceramica-val","acf":null},{"id":717,"name":"Football","slug":"football-d34","acf":null},{"id":9270,"name":"Futbol","slug":"futbol-val","acf":null},{"id":9779,"name":"Jornada 34","slug":"jornada-34-val","acf":null},{"id":9680,"name":"Rueda de prensa","slug":"rueda-de-prensa-val","acf":null},{"id":716,"name":"Soccer","slug":"soccer-d105","acf":null},{"id":9205,"name":"Submarino","slug":"submarino-val","acf":null},{"id":9627,"name":"Submarino Amarillo","slug":"submarino-amarillo-val","acf":null},{"id":9203,"name":"Villarreal CF","slug":"villarreal-cf-val","acf":null},{"id":12622,"name":"Yeremy Pino","slug":"yeremy-pino-val","acf":null}],"translation_priority":[{"id":735,"name":"Optional","slug":"optional-val","acf":null}]},"seo_full":{"native":{"title":"Yeremy: &#8220;Veig a l&#8217;equip amb confian\u00e7a&#8221; - Web Oficial del Villarreal CF","description":"El canari ha ressaltat la import\u00e0ncia del partit contra l'Athletic Club","canonical":"https:\/\/villarrealcf.es\/val\/yeremy-pino-veig-a-lequip-amb-confianca\/"}},"_links":{"self":[{"href":"https:\/\/villarrealcf.es\/val\/wp-json\/wp\/v2\/posts\/265205","targetHints":{"allow":["GET"]}}],"collection":[{"href":"https:\/\/villarrealcf.es\/val\/wp-json\/wp\/v2\/posts"}],"about":[{"href":"https:\/\/villarrealcf.es\/val\/wp-json\/wp\/v2\/types\/post"}],"author":[{"embeddable":true,"href":"https:\/\/villarrealcf.es\/val\/wp-json\/wp\/v2\/users\/33"}],"replies":[{"embeddable":true,"href":"https:\/\/villarrealcf.es\/val\/wp-json\/wp\/v2\/comments?post=265205"}],"version-history":[{"count":0,"href":"https:\/\/villarrealcf.es\/val\/wp-json\/wp\/v2\/posts\/265205\/revisions"}],"wp:featuredmedia":[{"embeddable":true,"href":"https:\/\/villarrealcf.es\/val\/wp-json\/wp\/v2\/media\/265210"}],"wp:attachment":[{"href":"https:\/\/villarrealcf.es\/val\/wp-json\/wp\/v2\/media?parent=265205"}],"wp:term":[{"taxonomy":"category","embeddable":true,"href":"https:\/\/villarrealcf.es\/val\/wp-json\/wp\/v2\/categories?post=265205"},{"taxonomy":"post_tag","embeddable":true,"href":"https:\/\/villarrealcf.es\/val\/wp-json\/wp\/v2\/tags?post=265205"}],"curies":[{"name":"wp","href":"https:\/\/api.w.org\/{rel}","templated":true}]}}