{"id":265143,"date":"2023-05-09T10:36:36","date_gmt":"2023-05-09T08:36:36","guid":{"rendered":"https:\/\/villarrealcf.es\/\/todos-con-el-femenino\/"},"modified":"2023-05-09T10:47:58","modified_gmt":"2023-05-09T08:47:58","slug":"todos-con-el-femenino","status":"publish","type":"post","link":"https:\/\/villarrealcf.es\/val\/todos-con-el-femenino\/","title":{"rendered":"Tots amb el Femen\u00ed!"},"content":{"protected":false,"blocks":[{"type":"heading","level":2,"text":"El conjunt dirigit per Sara Monforte necessita el suport de l\u2019afici\u00f3 aquest dissabte a les 12.00h en el Mini Estadi davant l\u2019Atl\u00e9tico de Madrid"},{"type":"paragraph","text":"El Villarreal Femen\u00ed est\u00e0 lluitant per la perman\u00e8ncia en la Finetwork Liga F i necessita el suport de tots els groguets i totes les groguetes en l\u2019\u00faltima cita de la temporada a casa!"},{"type":"paragraph","text":"Les jugadores als ordes de Sara Monforte disputen aquest dissabte, a partir de les 12.00 hores, el seu \u00faltim partit en el Mini Estadi, i el pen\u00faltim de la Finetwork Liga F, davant l\u2019Atl\u00e9tico de Madrid."},{"type":"paragraph","text":"Sorteig de 2 samarretes signades:"},{"type":"paragraph","text":"El Villarreal CF vol incentivar als seus aficionats perqu\u00e8 acudisquen a aquesta cita tan important per al conjunt groc, per aix\u00f2 sortejar\u00e0 2 samarretes signades per tot el Villarreal Femen\u00ed. Per a aix\u00f2, els aficionats deuran:"},{"type":"list","style":"ul","items":["Publicar una foto en xarxes socials (Twitter, Facebook o Instagram) durant el partit Villarreal Femen\u00ed-Atl\u00e9tico de Madrid al Mini Estadi.","Cal emprar l\u2019etiqueta #EndavantGroguetes"]},{"type":"paragraph","text":"Els guanyadors es decidiran el dilluns 15 de maig i se\u2019ls comunicar\u00e0 a trav\u00e9s de la xarxa social amb la qual hagen participat."},{"type":"paragraph","text":"Informaci\u00f3n d\u2019acc\u00e9s i p\u00e0rquing:"},{"type":"list","style":"ul","items":["Els abonats del Villarreal CF poden accedir gratu\u00eftament presentant el seu abonament de la temporada 2022\/23. A m\u00e9s, cada abonat, presentant la seua passada, podr\u00e0 accedir amb 2 convidats al partit.","Les persones que presenten el Carnet de Simpatitzant de la temporada 2022\/23 tamb\u00e9 podran accedir de manera gratu\u00efta al Mini Estadi.","L\u2019obertura del Mini Estadi no es realitzar\u00e0 fins a una hora i mitja abans del partido.","L\u2019acc\u00e9s principal per a l\u2019afici\u00f3 ser\u00e0 exclusivament pel CEM (Centre Esportiu Municipal). S\u2019habilitar\u00e0 un p\u00e0rquing especial en el mateix acc\u00e9s al CEM per als aficionats."]}],"structured":{"summary":{"text":"El conjunt dirigit per Sara Monforte necessita el suport de l\u2019afici\u00f3 aquest dissabte a les 12.00h en el Mini Estadi davant l\u2019Atl\u00e9tico de Madrid El Villarreal Femen\u00ed est\u00e0 lluitant per la perman\u00e8ncia en la Finetwork Liga F i necessita el suport de tots els groguets i totes les groguetes en l\u2019\u00faltima cita de la temporada a casa! Les jugadores als ordes de Sara Monforte disputen aquest dissabte, a partir de les 12.00 hores, el seu \u00faltim partit en el Mini Estadi, i el pen\u00faltim de la Finetwork Liga F, davant l\u2019Atl\u00e9tico de Madrid. Sorteig de 2 samarretes signades: El Villarreal CF vol incentivar als seus aficionats perqu\u00e8 acudisquen a aquesta cita tan important per al conjunt groc, per aix\u00f2 sortejar\u00e0 2 samarretes signades per tot el Villarreal Femen\u00ed. Per a aix\u00f2, els aficionats deuran: Publicar una foto en xarxes socials (Twitter, Facebook o Instagram) durant el partit Villarreal Femen\u00ed-Atl\u00e9tico de Madrid al Mini Estadi. Cal emprar l\u2019etiqueta #EndavantGroguetes Els guanyadors es decidiran el dilluns 15 de maig i se\u2019ls comunicar\u00e0 a trav\u00e9s de la xarxa social amb la qual hagen participat. Informaci\u00f3n d\u2019acc\u00e9s i p\u00e0rquing: Els abonats del Villarreal CF poden accedir gratu\u00eftament presentant el seu abonament de la temporada 2022\/23. A m\u00e9s, cada abonat, presentant la seua passada, podr\u00e0 accedir amb 2 convidats al partit. Les persones que presenten el Carnet de Simpatitzant de la temporada 2022\/23 tamb\u00e9 podran accedir de manera gratu\u00efta al Mini Estadi. L\u2019obertura del Mini Estadi no es realitzar\u00e0 fins a una hora i mitja abans del partido. L\u2019acc\u00e9s principal per a l\u2019afici\u00f3 ser\u00e0 exclusivament pel CEM (Centre Esportiu Municipal). S\u2019habilitar\u00e0 un p\u00e0rquing especial en el mateix acc\u00e9s al CEM per als aficionats.","headings":[{"type":"heading","level":2,"text":"El conjunt dirigit per Sara Monforte necessita el suport de l\u2019afici\u00f3 aquest dissabte a les 12.00h en el Mini Estadi davant l\u2019Atl\u00e9tico de Madrid"}],"buttons":[],"images":[],"counts":{"blocks":9,"headings":1,"texts":6,"buttons":0,"images":0}},"sections":[{"id":"section-1","title":"El conjunt dirigit per Sara Monforte necessita el suport de l\u2019afici\u00f3 aquest dissabte a les 12.00h en el Mini Estadi davant l\u2019Atl\u00e9tico de Madrid","text":"El conjunt dirigit per Sara Monforte necessita el suport de l\u2019afici\u00f3 aquest dissabte a les 12.00h en el Mini Estadi davant l\u2019Atl\u00e9tico de Madrid El Villarreal Femen\u00ed est\u00e0 lluitant per la perman\u00e8ncia en la Finetwork Liga F i necessita el suport de tots els groguets i totes les groguetes en l\u2019\u00faltima cita de la temporada a casa! Les jugadores als ordes de Sara Monforte disputen aquest dissabte, a partir de les 12.00 hores, el seu \u00faltim partit en el Mini Estadi, i el pen\u00faltim de la Finetwork Liga F, davant l\u2019Atl\u00e9tico de Madrid. Sorteig de 2 samarretes signades: El Villarreal CF vol incentivar als seus aficionats perqu\u00e8 acudisquen a aquesta cita tan important per al conjunt groc, per aix\u00f2 sortejar\u00e0 2 samarretes signades per tot el Villarreal Femen\u00ed. Per a aix\u00f2, els aficionats deuran: Els guanyadors es decidiran el dilluns 15 de maig i se\u2019ls comunicar\u00e0 a trav\u00e9s de la xarxa social amb la qual hagen participat. Informaci\u00f3n d\u2019acc\u00e9s i p\u00e0rquing:","headings":[{"type":"heading","level":2,"text":"El conjunt dirigit per Sara Monforte necessita el suport de l\u2019afici\u00f3 aquest dissabte a les 12.00h en el Mini Estadi davant l\u2019Atl\u00e9tico de Madrid"}],"texts":[{"type":"paragraph","text":"El Villarreal Femen\u00ed est\u00e0 lluitant per la perman\u00e8ncia en la Finetwork Liga F i necessita el suport de tots els groguets i totes les groguetes en l\u2019\u00faltima cita de la temporada a casa!"},{"type":"paragraph","text":"Les jugadores als ordes de Sara Monforte disputen aquest dissabte, a partir de les 12.00 hores, el seu \u00faltim partit en el Mini Estadi, i el pen\u00faltim de la Finetwork Liga F, davant l\u2019Atl\u00e9tico de Madrid."},{"type":"paragraph","text":"Sorteig de 2 samarretes signades:"},{"type":"paragraph","text":"El Villarreal CF vol incentivar als seus aficionats perqu\u00e8 acudisquen a aquesta cita tan important per al conjunt groc, per aix\u00f2 sortejar\u00e0 2 samarretes signades per tot el Villarreal Femen\u00ed. Per a aix\u00f2, els aficionats deuran:"},{"type":"paragraph","text":"Els guanyadors es decidiran el dilluns 15 de maig i se\u2019ls comunicar\u00e0 a trav\u00e9s de la xarxa social amb la qual hagen participat."},{"type":"paragraph","text":"Informaci\u00f3n d\u2019acc\u00e9s i p\u00e0rquing:"}],"buttons":[],"images":[],"widgets":[],"blocks":[{"type":"heading","level":2,"text":"El conjunt dirigit per Sara Monforte necessita el suport de l\u2019afici\u00f3 aquest dissabte a les 12.00h en el Mini Estadi davant l\u2019Atl\u00e9tico de Madrid"},{"type":"paragraph","text":"El Villarreal Femen\u00ed est\u00e0 lluitant per la perman\u00e8ncia en la Finetwork Liga F i necessita el suport de tots els groguets i totes les groguetes en l\u2019\u00faltima cita de la temporada a casa!"},{"type":"paragraph","text":"Les jugadores als ordes de Sara Monforte disputen aquest dissabte, a partir de les 12.00 hores, el seu \u00faltim partit en el Mini Estadi, i el pen\u00faltim de la Finetwork Liga F, davant l\u2019Atl\u00e9tico de Madrid."},{"type":"paragraph","text":"Sorteig de 2 samarretes signades:"},{"type":"paragraph","text":"El Villarreal CF vol incentivar als seus aficionats perqu\u00e8 acudisquen a aquesta cita tan important per al conjunt groc, per aix\u00f2 sortejar\u00e0 2 samarretes signades per tot el Villarreal Femen\u00ed. Per a aix\u00f2, els aficionats deuran:"},{"type":"list","style":"ul","items":["Publicar una foto en xarxes socials (Twitter, Facebook o Instagram) durant el partit Villarreal Femen\u00ed-Atl\u00e9tico de Madrid al Mini Estadi.","Cal emprar l\u2019etiqueta #EndavantGroguetes"]},{"type":"paragraph","text":"Els guanyadors es decidiran el dilluns 15 de maig i se\u2019ls comunicar\u00e0 a trav\u00e9s de la xarxa social amb la qual hagen participat."},{"type":"paragraph","text":"Informaci\u00f3n d\u2019acc\u00e9s i p\u00e0rquing:"},{"type":"list","style":"ul","items":["Els abonats del Villarreal CF poden accedir gratu\u00eftament presentant el seu abonament de la temporada 2022\/23. A m\u00e9s, cada abonat, presentant la seua passada, podr\u00e0 accedir amb 2 convidats al partit.","Les persones que presenten el Carnet de Simpatitzant de la temporada 2022\/23 tamb\u00e9 podran accedir de manera gratu\u00efta al Mini Estadi.","L\u2019obertura del Mini Estadi no es realitzar\u00e0 fins a una hora i mitja abans del partido.","L\u2019acc\u00e9s principal per a l\u2019afici\u00f3 ser\u00e0 exclusivament pel CEM (Centre Esportiu Municipal). S\u2019habilitar\u00e0 un p\u00e0rquing especial en el mateix acc\u00e9s al CEM per als aficionats."]}]}],"hero":{"id":"section-1","title":"El conjunt dirigit per Sara Monforte necessita el suport de l\u2019afici\u00f3 aquest dissabte a les 12.00h en el Mini Estadi davant l\u2019Atl\u00e9tico de Madrid","text":"El conjunt dirigit per Sara Monforte necessita el suport de l\u2019afici\u00f3 aquest dissabte a les 12.00h en el Mini Estadi davant l\u2019Atl\u00e9tico de Madrid El Villarreal Femen\u00ed est\u00e0 lluitant per la perman\u00e8ncia en la Finetwork Liga F i necessita el suport de tots els groguets i totes les groguetes en l\u2019\u00faltima cita de la temporada a casa! Les jugadores als ordes de Sara Monforte disputen aquest dissabte, a partir de les 12.00 hores, el seu \u00faltim partit en el Mini Estadi, i el pen\u00faltim de la Finetwork Liga F, davant l\u2019Atl\u00e9tico de Madrid. Sorteig de 2 samarretes signades: El Villarreal CF vol incentivar als seus aficionats perqu\u00e8 acudisquen a aquesta cita tan important per al conjunt groc, per aix\u00f2 sortejar\u00e0 2 samarretes signades per tot el Villarreal Femen\u00ed. Per a aix\u00f2, els aficionats deuran: Els guanyadors es decidiran el dilluns 15 de maig i se\u2019ls comunicar\u00e0 a trav\u00e9s de la xarxa social amb la qual hagen participat. Informaci\u00f3n d\u2019acc\u00e9s i p\u00e0rquing:","headings":[{"type":"heading","level":2,"text":"El conjunt dirigit per Sara Monforte necessita el suport de l\u2019afici\u00f3 aquest dissabte a les 12.00h en el Mini Estadi davant l\u2019Atl\u00e9tico de Madrid"}],"texts":[{"type":"paragraph","text":"El Villarreal Femen\u00ed est\u00e0 lluitant per la perman\u00e8ncia en la Finetwork Liga F i necessita el suport de tots els groguets i totes les groguetes en l\u2019\u00faltima cita de la temporada a casa!"},{"type":"paragraph","text":"Les jugadores als ordes de Sara Monforte disputen aquest dissabte, a partir de les 12.00 hores, el seu \u00faltim partit en el Mini Estadi, i el pen\u00faltim de la Finetwork Liga F, davant l\u2019Atl\u00e9tico de Madrid."},{"type":"paragraph","text":"Sorteig de 2 samarretes signades:"},{"type":"paragraph","text":"El Villarreal CF vol incentivar als seus aficionats perqu\u00e8 acudisquen a aquesta cita tan important per al conjunt groc, per aix\u00f2 sortejar\u00e0 2 samarretes signades per tot el Villarreal Femen\u00ed. Per a aix\u00f2, els aficionats deuran:"},{"type":"paragraph","text":"Els guanyadors es decidiran el dilluns 15 de maig i se\u2019ls comunicar\u00e0 a trav\u00e9s de la xarxa social amb la qual hagen participat."},{"type":"paragraph","text":"Informaci\u00f3n d\u2019acc\u00e9s i p\u00e0rquing:"}],"buttons":[],"images":[],"widgets":[],"blocks":[{"type":"heading","level":2,"text":"El conjunt dirigit per Sara Monforte necessita el suport de l\u2019afici\u00f3 aquest dissabte a les 12.00h en el Mini Estadi davant l\u2019Atl\u00e9tico de Madrid"},{"type":"paragraph","text":"El Villarreal Femen\u00ed est\u00e0 lluitant per la perman\u00e8ncia en la Finetwork Liga F i necessita el suport de tots els groguets i totes les groguetes en l\u2019\u00faltima cita de la temporada a casa!"},{"type":"paragraph","text":"Les jugadores als ordes de Sara Monforte disputen aquest dissabte, a partir de les 12.00 hores, el seu \u00faltim partit en el Mini Estadi, i el pen\u00faltim de la Finetwork Liga F, davant l\u2019Atl\u00e9tico de Madrid."},{"type":"paragraph","text":"Sorteig de 2 samarretes signades:"},{"type":"paragraph","text":"El Villarreal CF vol incentivar als seus aficionats perqu\u00e8 acudisquen a aquesta cita tan important per al conjunt groc, per aix\u00f2 sortejar\u00e0 2 samarretes signades per tot el Villarreal Femen\u00ed. Per a aix\u00f2, els aficionats deuran:"},{"type":"list","style":"ul","items":["Publicar una foto en xarxes socials (Twitter, Facebook o Instagram) durant el partit Villarreal Femen\u00ed-Atl\u00e9tico de Madrid al Mini Estadi.","Cal emprar l\u2019etiqueta #EndavantGroguetes"]},{"type":"paragraph","text":"Els guanyadors es decidiran el dilluns 15 de maig i se\u2019ls comunicar\u00e0 a trav\u00e9s de la xarxa social amb la qual hagen participat."},{"type":"paragraph","text":"Informaci\u00f3n d\u2019acc\u00e9s i p\u00e0rquing:"},{"type":"list","style":"ul","items":["Els abonats del Villarreal CF poden accedir gratu\u00eftament presentant el seu abonament de la temporada 2022\/23. A m\u00e9s, cada abonat, presentant la seua passada, podr\u00e0 accedir amb 2 convidats al partit.","Les persones que presenten el Carnet de Simpatitzant de la temporada 2022\/23 tamb\u00e9 podran accedir de manera gratu\u00efta al Mini Estadi.","L\u2019obertura del Mini Estadi no es realitzar\u00e0 fins a una hora i mitja abans del partido.","L\u2019acc\u00e9s principal per a l\u2019afici\u00f3 ser\u00e0 exclusivament pel CEM (Centre Esportiu Municipal). S\u2019habilitar\u00e0 un p\u00e0rquing especial en el mateix acc\u00e9s al CEM per als aficionats."]}]}},"sections":[{"id":"section-1","title":"El conjunt dirigit per Sara Monforte necessita el suport de l\u2019afici\u00f3 aquest dissabte a les 12.00h en el Mini Estadi davant l\u2019Atl\u00e9tico de Madrid","text":"El conjunt dirigit per Sara Monforte necessita el suport de l\u2019afici\u00f3 aquest dissabte a les 12.00h en el Mini Estadi davant l\u2019Atl\u00e9tico de Madrid El Villarreal Femen\u00ed est\u00e0 lluitant per la perman\u00e8ncia en la Finetwork Liga F i necessita el suport de tots els groguets i totes les groguetes en l\u2019\u00faltima cita de la temporada a casa! Les jugadores als ordes de Sara Monforte disputen aquest dissabte, a partir de les 12.00 hores, el seu \u00faltim partit en el Mini Estadi, i el pen\u00faltim de la Finetwork Liga F, davant l\u2019Atl\u00e9tico de Madrid. Sorteig de 2 samarretes signades: El Villarreal CF vol incentivar als seus aficionats perqu\u00e8 acudisquen a aquesta cita tan important per al conjunt groc, per aix\u00f2 sortejar\u00e0 2 samarretes signades per tot el Villarreal Femen\u00ed. Per a aix\u00f2, els aficionats deuran: Els guanyadors es decidiran el dilluns 15 de maig i se\u2019ls comunicar\u00e0 a trav\u00e9s de la xarxa social amb la qual hagen participat. Informaci\u00f3n d\u2019acc\u00e9s i p\u00e0rquing:","url":"","background_image":"","images":[],"videos":[],"links":[]}]},"excerpt":{"rendered":"El conjunt dirigit per Sara Monforte necessita el suport de l&#8217;afici\u00f3 aquest dissabte a les 12.00h en el Mini Estadi davant l&#8217;Atl\u00e9tico de Madrid","protected":false},"author":29,"featured_media":265141,"comment_status":"closed","ping_status":"closed","sticky":false,"template":"","format":"standard","meta":{"_acf_changed":false,"footnotes":""},"categories":[13785],"tags":[13786,717,9270,9684,716,9205,9203,12685],"acf":null,"lang":"val","translations":{"es":265126,"val":265143,"en":265144},"essential_grid":{"has_grid":false},"formatted_date":"May 9, 2023","modified_date":"May 9, 2023","permalink":"https:\/\/villarrealcf.es\/val\/todos-con-el-femenino\/","reading_time":2,"featured_media_data":{"id":265141,"title":"20211030-VRFemenino-ValenciaCF-050 web","caption":"","alt_text":"","description":"","mime_type":"image\/jpeg","source_url":"https:\/\/villarrealcf.es\/wp-content\/uploads\/2023\/05\/20211030-VRFemenino-ValenciaCF-050-web.jpg","sizes":{"thumbnail":{"url":"https:\/\/villarrealcf.es\/wp-content\/uploads\/2023\/05\/20211030-VRFemenino-ValenciaCF-050-web-1920x1080.jpg","width":1920,"height":1080},"medium":{"url":"https:\/\/villarrealcf.es\/wp-content\/uploads\/2023\/05\/20211030-VRFemenino-ValenciaCF-050-web-1920x1080.jpg","width":1920,"height":1080},"medium_large":{"url":"https:\/\/villarrealcf.es\/wp-content\/uploads\/2023\/05\/20211030-VRFemenino-ValenciaCF-050-web-768x432.jpg","width":768,"height":432},"large":{"url":"https:\/\/villarrealcf.es\/wp-content\/uploads\/2023\/05\/20211030-VRFemenino-ValenciaCF-050-web-1920x1080.jpg","width":788,"height":443},"1536x1536":{"url":"https:\/\/villarrealcf.es\/wp-content\/uploads\/2023\/05\/20211030-VRFemenino-ValenciaCF-050-web-1536x864.jpg","width":1536,"height":864},"2048x2048":{"url":"https:\/\/villarrealcf.es\/wp-content\/uploads\/2023\/05\/20211030-VRFemenino-ValenciaCF-050-web.jpg","width":1920,"height":1080},"tp-image-grid":{"url":"https:\/\/villarrealcf.es\/wp-content\/uploads\/2023\/05\/20211030-VRFemenino-ValenciaCF-050-web-700x700.jpg","width":700,"height":700},"size-bunyad-medium":{"url":"https:\/\/villarrealcf.es\/wp-content\/uploads\/2023\/05\/20211030-VRFemenino-ValenciaCF-050-web-1920x1080.jpg","width":1920,"height":1080},"sportspress-crop-medium":{"url":"https:\/\/villarrealcf.es\/wp-content\/uploads\/2023\/05\/20211030-VRFemenino-ValenciaCF-050-web-300x300.jpg","width":300,"height":300},"sportspress-fit-medium":{"url":"https:\/\/villarrealcf.es\/wp-content\/uploads\/2023\/05\/20211030-VRFemenino-ValenciaCF-050-web-300x169.jpg","width":300,"height":169},"sportspress-fit-icon":{"url":"https:\/\/villarrealcf.es\/wp-content\/uploads\/2023\/05\/20211030-VRFemenino-ValenciaCF-050-web-128x72.jpg","width":128,"height":72},"sportspress-fit-mini":{"url":"https:\/\/villarrealcf.es\/wp-content\/uploads\/2023\/05\/20211030-VRFemenino-ValenciaCF-050-web-32x18.jpg","width":32,"height":18},"bunyad-small":{"url":"https:\/\/villarrealcf.es\/wp-content\/uploads\/2023\/05\/20211030-VRFemenino-ValenciaCF-050-web-150x84.jpg","width":150,"height":84},"bunyad-medium":{"url":"https:\/\/villarrealcf.es\/wp-content\/uploads\/2023\/05\/20211030-VRFemenino-ValenciaCF-050-web-450x253.jpg","width":450,"height":253},"bunyad-full":{"url":"https:\/\/villarrealcf.es\/wp-content\/uploads\/2023\/05\/20211030-VRFemenino-ValenciaCF-050-web-1200x675.jpg","width":1200,"height":675},"bunyad-viewport":{"url":"https:\/\/villarrealcf.es\/wp-content\/uploads\/2023\/05\/20211030-VRFemenino-ValenciaCF-050-web.jpg","width":1920,"height":1080},"bunyad-768":{"url":"https:\/\/villarrealcf.es\/wp-content\/uploads\/2023\/05\/20211030-VRFemenino-ValenciaCF-050-web-768x432.jpg","width":768,"height":432},"full":{"url":"https:\/\/villarrealcf.es\/wp-content\/uploads\/2023\/05\/20211030-VRFemenino-ValenciaCF-050-web.jpg","width":1920,"height":1080}}},"author_data":{"id":"29","name":"Azahara Beroy","first_name":"Azahara","last_name":"Beroy","description":"","avatar_url":"https:\/\/secure.gravatar.com\/avatar\/91b979a91a1925e60814719244bbf7824af58ced5a6e2130c2611bde24439aa7?s=96&d=mm&r=g","acf":null},"taxonomies_data":{"category":[{"id":13785,"name":"Futbol Femen\u00ed","slug":"futbol-femenino-val","acf":null}],"post_tag":[{"id":13786,"name":"Finetwork Liga F","slug":"finetwork-liga-f-2-val-2","acf":null},{"id":717,"name":"Football","slug":"football-d34","acf":null},{"id":9270,"name":"Futbol","slug":"futbol-val","acf":null},{"id":9684,"name":"F\u00fatbol Femenino","slug":"futbol-femenino-val-2","acf":null},{"id":716,"name":"Soccer","slug":"soccer-d105","acf":null},{"id":9205,"name":"Submarino","slug":"submarino-val","acf":null},{"id":9203,"name":"Villarreal CF","slug":"villarreal-cf-val","acf":null},{"id":12685,"name":"Villarreal Femenino","slug":"villarreal-femenino-val","acf":null}],"translation_priority":[{"id":735,"name":"Optional","slug":"optional-val","acf":null}]},"seo_full":{"native":{"title":"Tots amb el Femen\u00ed! - Web Oficial del Villarreal CF","description":"El conjunt dirigit per Sara Monforte necessita el suport de l'afici\u00f3 aquest dissabte a les 12.00h en el Mini Estadi davant l'Atl\u00e9tico de Madrid","canonical":"https:\/\/villarrealcf.es\/val\/todos-con-el-femenino\/"}},"_links":{"self":[{"href":"https:\/\/villarrealcf.es\/val\/wp-json\/wp\/v2\/posts\/265143","targetHints":{"allow":["GET"]}}],"collection":[{"href":"https:\/\/villarrealcf.es\/val\/wp-json\/wp\/v2\/posts"}],"about":[{"href":"https:\/\/villarrealcf.es\/val\/wp-json\/wp\/v2\/types\/post"}],"author":[{"embeddable":true,"href":"https:\/\/villarrealcf.es\/val\/wp-json\/wp\/v2\/users\/29"}],"replies":[{"embeddable":true,"href":"https:\/\/villarrealcf.es\/val\/wp-json\/wp\/v2\/comments?post=265143"}],"version-history":[{"count":0,"href":"https:\/\/villarrealcf.es\/val\/wp-json\/wp\/v2\/posts\/265143\/revisions"}],"wp:featuredmedia":[{"embeddable":true,"href":"https:\/\/villarrealcf.es\/val\/wp-json\/wp\/v2\/media\/265141"}],"wp:attachment":[{"href":"https:\/\/villarrealcf.es\/val\/wp-json\/wp\/v2\/media?parent=265143"}],"wp:term":[{"taxonomy":"category","embeddable":true,"href":"https:\/\/villarrealcf.es\/val\/wp-json\/wp\/v2\/categories?post=265143"},{"taxonomy":"post_tag","embeddable":true,"href":"https:\/\/villarrealcf.es\/val\/wp-json\/wp\/v2\/tags?post=265143"}],"curies":[{"name":"wp","href":"https:\/\/api.w.org\/{rel}","templated":true}]}}