{"id":264980,"date":"2023-05-08T11:30:49","date_gmt":"2023-05-08T09:30:49","guid":{"rendered":"https:\/\/villarrealcf.es\/\/dona-sangre-en-el-estadio-de-la-ceramica-5\/"},"modified":"2023-05-08T11:39:08","modified_gmt":"2023-05-08T09:39:08","slug":"dona-sang-a-lestadio-de-la-ceramica","status":"publish","type":"post","link":"https:\/\/villarrealcf.es\/val\/dona-sang-a-lestadio-de-la-ceramica\/","title":{"rendered":"Dona sang a l&#8217;Estadio de la Cer\u00e1mica"},"content":{"protected":false,"blocks":[{"type":"heading","level":2,"text":"Fes la teua donaci\u00f3 aquest dijous i gana una entrada doble per al Villarreal B-Levante UD"},{"type":"paragraph","text":"El Villarreal CF se suma un any m\u00e9s a la campanya de donaci\u00f3 de sang de la Conselleria de Salut Universal i Salut P\u00fablica de la Generalitat Valenciana. La jornada, que tindr\u00e0 l\u2019Estadi de la Cer\u00e0mica com a punt de donaci\u00f3, es realitzar\u00e0 aquest dijous 11 de maig amb el seg\u00fcent horari:"},{"type":"list","style":"ul","items":["Desde les 10.00 fins les 13.30 hores.","Desde les 16.30 fins les 21.00 hores."]},{"type":"paragraph","text":"Cal destacar que \u00fanicament podran participar la donaci\u00f3 les persones amb una edat entre 18 i 65 anys i amb un pes major als 50kg. A m\u00e9s, el club obsequiar\u00e0 a tots els donants amb una entrada doble per al partit entre el Villarreal B i el Levante UD de LaLiga Smartbank que es disputar\u00e0 en l\u2019Estadi de la Cer\u00e0mica (horari per confirmar)."},{"type":"image","url":"https:\/\/villarrealcf.es\/\/wp-content\/uploads\/2023\/05\/donacion-1.jpg","alt":"","width":1000,"height":524,"srcset":"https:\/\/villarrealcf.es\/wp-content\/uploads\/2023\/05\/donacion-1.jpg 1000w, https:\/\/villarrealcf.es\/\/wp-content\/uploads\/2023\/05\/donacion-1.jpg 1920w, https:\/\/villarrealcf.es\/\/wp-content\/uploads\/2023\/05\/donacion-1.jpg 1920w, https:\/\/villarrealcf.es\/\/wp-content\/uploads\/2023\/05\/donacion-1.jpg 1920w, https:\/\/villarrealcf.es\/wp-content\/uploads\/2023\/05\/donacion-1-32x17.jpg 32w, https:\/\/villarrealcf.es\/wp-content\/uploads\/2023\/05\/donacion-1-150x79.jpg 150w, https:\/\/villarrealcf.es\/\/wp-content\/uploads\/2023\/05\/donacion-1.jpg 1920w","sizes":"auto, (max-width: 1000px) 100vw, 1000px"}],"structured":{"summary":{"text":"Fes la teua donaci\u00f3 aquest dijous i gana una entrada doble per al Villarreal B-Levante UD El Villarreal CF se suma un any m\u00e9s a la campanya de donaci\u00f3 de sang de la Conselleria de Salut Universal i Salut P\u00fablica de la Generalitat Valenciana. La jornada, que tindr\u00e0 l\u2019Estadi de la Cer\u00e0mica com a punt de donaci\u00f3, es realitzar\u00e0 aquest dijous 11 de maig amb el seg\u00fcent horari: Desde les 10.00 fins les 13.30 hores. Desde les 16.30 fins les 21.00 hores. Cal destacar que \u00fanicament podran participar la donaci\u00f3 les persones amb una edat entre 18 i 65 anys i amb un pes major als 50kg. A m\u00e9s, el club obsequiar\u00e0 a tots els donants amb una entrada doble per al partit entre el Villarreal B i el Levante UD de LaLiga Smartbank que es disputar\u00e0 en l\u2019Estadi de la Cer\u00e0mica (horari per confirmar).","headings":[{"type":"heading","level":2,"text":"Fes la teua donaci\u00f3 aquest dijous i gana una entrada doble per al Villarreal B-Levante UD"}],"buttons":[],"images":[{"type":"image","url":"https:\/\/villarrealcf.es\/\/wp-content\/uploads\/2023\/05\/donacion-1.jpg","alt":"","width":1000,"height":524,"srcset":"https:\/\/villarrealcf.es\/wp-content\/uploads\/2023\/05\/donacion-1.jpg 1000w, https:\/\/villarrealcf.es\/\/wp-content\/uploads\/2023\/05\/donacion-1.jpg 1920w, https:\/\/villarrealcf.es\/\/wp-content\/uploads\/2023\/05\/donacion-1.jpg 1920w, https:\/\/villarrealcf.es\/\/wp-content\/uploads\/2023\/05\/donacion-1.jpg 1920w, https:\/\/villarrealcf.es\/wp-content\/uploads\/2023\/05\/donacion-1-32x17.jpg 32w, https:\/\/villarrealcf.es\/wp-content\/uploads\/2023\/05\/donacion-1-150x79.jpg 150w, https:\/\/villarrealcf.es\/\/wp-content\/uploads\/2023\/05\/donacion-1.jpg 1920w","sizes":"auto, (max-width: 1000px) 100vw, 1000px"}],"counts":{"blocks":5,"headings":1,"texts":2,"buttons":0,"images":1}},"sections":[{"id":"section-1","title":"Fes la teua donaci\u00f3 aquest dijous i gana una entrada doble per al Villarreal B-Levante UD","text":"Fes la teua donaci\u00f3 aquest dijous i gana una entrada doble per al Villarreal B-Levante UD El Villarreal CF se suma un any m\u00e9s a la campanya de donaci\u00f3 de sang de la Conselleria de Salut Universal i Salut P\u00fablica de la Generalitat Valenciana. La jornada, que tindr\u00e0 l\u2019Estadi de la Cer\u00e0mica com a punt de donaci\u00f3, es realitzar\u00e0 aquest dijous 11 de maig amb el seg\u00fcent horari: Cal destacar que \u00fanicament podran participar la donaci\u00f3 les persones amb una edat entre 18 i 65 anys i amb un pes major als 50kg. A m\u00e9s, el club obsequiar\u00e0 a tots els donants amb una entrada doble per al partit entre el Villarreal B i el Levante UD de LaLiga Smartbank que es disputar\u00e0 en l\u2019Estadi de la Cer\u00e0mica (horari per confirmar).","headings":[{"type":"heading","level":2,"text":"Fes la teua donaci\u00f3 aquest dijous i gana una entrada doble per al Villarreal B-Levante UD"}],"texts":[{"type":"paragraph","text":"El Villarreal CF se suma un any m\u00e9s a la campanya de donaci\u00f3 de sang de la Conselleria de Salut Universal i Salut P\u00fablica de la Generalitat Valenciana. La jornada, que tindr\u00e0 l\u2019Estadi de la Cer\u00e0mica com a punt de donaci\u00f3, es realitzar\u00e0 aquest dijous 11 de maig amb el seg\u00fcent horari:"},{"type":"paragraph","text":"Cal destacar que \u00fanicament podran participar la donaci\u00f3 les persones amb una edat entre 18 i 65 anys i amb un pes major als 50kg. A m\u00e9s, el club obsequiar\u00e0 a tots els donants amb una entrada doble per al partit entre el Villarreal B i el Levante UD de LaLiga Smartbank que es disputar\u00e0 en l\u2019Estadi de la Cer\u00e0mica (horari per confirmar)."}],"buttons":[],"images":[{"type":"image","url":"https:\/\/villarrealcf.es\/\/wp-content\/uploads\/2023\/05\/donacion-1.jpg","alt":"","width":1000,"height":524,"srcset":"https:\/\/villarrealcf.es\/wp-content\/uploads\/2023\/05\/donacion-1.jpg 1000w, https:\/\/villarrealcf.es\/\/wp-content\/uploads\/2023\/05\/donacion-1.jpg 1920w, https:\/\/villarrealcf.es\/\/wp-content\/uploads\/2023\/05\/donacion-1.jpg 1920w, https:\/\/villarrealcf.es\/\/wp-content\/uploads\/2023\/05\/donacion-1.jpg 1920w, https:\/\/villarrealcf.es\/wp-content\/uploads\/2023\/05\/donacion-1-32x17.jpg 32w, https:\/\/villarrealcf.es\/wp-content\/uploads\/2023\/05\/donacion-1-150x79.jpg 150w, https:\/\/villarrealcf.es\/\/wp-content\/uploads\/2023\/05\/donacion-1.jpg 1920w","sizes":"auto, (max-width: 1000px) 100vw, 1000px"}],"widgets":[],"blocks":[{"type":"heading","level":2,"text":"Fes la teua donaci\u00f3 aquest dijous i gana una entrada doble per al Villarreal B-Levante UD"},{"type":"paragraph","text":"El Villarreal CF se suma un any m\u00e9s a la campanya de donaci\u00f3 de sang de la Conselleria de Salut Universal i Salut P\u00fablica de la Generalitat Valenciana. La jornada, que tindr\u00e0 l\u2019Estadi de la Cer\u00e0mica com a punt de donaci\u00f3, es realitzar\u00e0 aquest dijous 11 de maig amb el seg\u00fcent horari:"},{"type":"list","style":"ul","items":["Desde les 10.00 fins les 13.30 hores.","Desde les 16.30 fins les 21.00 hores."]},{"type":"paragraph","text":"Cal destacar que \u00fanicament podran participar la donaci\u00f3 les persones amb una edat entre 18 i 65 anys i amb un pes major als 50kg. A m\u00e9s, el club obsequiar\u00e0 a tots els donants amb una entrada doble per al partit entre el Villarreal B i el Levante UD de LaLiga Smartbank que es disputar\u00e0 en l\u2019Estadi de la Cer\u00e0mica (horari per confirmar)."},{"type":"image","url":"https:\/\/villarrealcf.es\/\/wp-content\/uploads\/2023\/05\/donacion-1.jpg","alt":"","width":1000,"height":524,"srcset":"https:\/\/villarrealcf.es\/wp-content\/uploads\/2023\/05\/donacion-1.jpg 1000w, https:\/\/villarrealcf.es\/\/wp-content\/uploads\/2023\/05\/donacion-1.jpg 1920w, https:\/\/villarrealcf.es\/\/wp-content\/uploads\/2023\/05\/donacion-1.jpg 1920w, https:\/\/villarrealcf.es\/\/wp-content\/uploads\/2023\/05\/donacion-1.jpg 1920w, https:\/\/villarrealcf.es\/wp-content\/uploads\/2023\/05\/donacion-1-32x17.jpg 32w, https:\/\/villarrealcf.es\/wp-content\/uploads\/2023\/05\/donacion-1-150x79.jpg 150w, https:\/\/villarrealcf.es\/\/wp-content\/uploads\/2023\/05\/donacion-1.jpg 1920w","sizes":"auto, (max-width: 1000px) 100vw, 1000px"}]}],"hero":{"id":"section-1","title":"Fes la teua donaci\u00f3 aquest dijous i gana una entrada doble per al Villarreal B-Levante UD","text":"Fes la teua donaci\u00f3 aquest dijous i gana una entrada doble per al Villarreal B-Levante UD El Villarreal CF se suma un any m\u00e9s a la campanya de donaci\u00f3 de sang de la Conselleria de Salut Universal i Salut P\u00fablica de la Generalitat Valenciana. La jornada, que tindr\u00e0 l\u2019Estadi de la Cer\u00e0mica com a punt de donaci\u00f3, es realitzar\u00e0 aquest dijous 11 de maig amb el seg\u00fcent horari: Cal destacar que \u00fanicament podran participar la donaci\u00f3 les persones amb una edat entre 18 i 65 anys i amb un pes major als 50kg. A m\u00e9s, el club obsequiar\u00e0 a tots els donants amb una entrada doble per al partit entre el Villarreal B i el Levante UD de LaLiga Smartbank que es disputar\u00e0 en l\u2019Estadi de la Cer\u00e0mica (horari per confirmar).","headings":[{"type":"heading","level":2,"text":"Fes la teua donaci\u00f3 aquest dijous i gana una entrada doble per al Villarreal B-Levante UD"}],"texts":[{"type":"paragraph","text":"El Villarreal CF se suma un any m\u00e9s a la campanya de donaci\u00f3 de sang de la Conselleria de Salut Universal i Salut P\u00fablica de la Generalitat Valenciana. La jornada, que tindr\u00e0 l\u2019Estadi de la Cer\u00e0mica com a punt de donaci\u00f3, es realitzar\u00e0 aquest dijous 11 de maig amb el seg\u00fcent horari:"},{"type":"paragraph","text":"Cal destacar que \u00fanicament podran participar la donaci\u00f3 les persones amb una edat entre 18 i 65 anys i amb un pes major als 50kg. A m\u00e9s, el club obsequiar\u00e0 a tots els donants amb una entrada doble per al partit entre el Villarreal B i el Levante UD de LaLiga Smartbank que es disputar\u00e0 en l\u2019Estadi de la Cer\u00e0mica (horari per confirmar)."}],"buttons":[],"images":[{"type":"image","url":"https:\/\/villarrealcf.es\/\/wp-content\/uploads\/2023\/05\/donacion-1.jpg","alt":"","width":1000,"height":524,"srcset":"https:\/\/villarrealcf.es\/wp-content\/uploads\/2023\/05\/donacion-1.jpg 1000w, https:\/\/villarrealcf.es\/\/wp-content\/uploads\/2023\/05\/donacion-1.jpg 1920w, https:\/\/villarrealcf.es\/\/wp-content\/uploads\/2023\/05\/donacion-1.jpg 1920w, https:\/\/villarrealcf.es\/\/wp-content\/uploads\/2023\/05\/donacion-1.jpg 1920w, https:\/\/villarrealcf.es\/wp-content\/uploads\/2023\/05\/donacion-1-32x17.jpg 32w, https:\/\/villarrealcf.es\/wp-content\/uploads\/2023\/05\/donacion-1-150x79.jpg 150w, https:\/\/villarrealcf.es\/\/wp-content\/uploads\/2023\/05\/donacion-1.jpg 1920w","sizes":"auto, (max-width: 1000px) 100vw, 1000px"}],"widgets":[],"blocks":[{"type":"heading","level":2,"text":"Fes la teua donaci\u00f3 aquest dijous i gana una entrada doble per al Villarreal B-Levante UD"},{"type":"paragraph","text":"El Villarreal CF se suma un any m\u00e9s a la campanya de donaci\u00f3 de sang de la Conselleria de Salut Universal i Salut P\u00fablica de la Generalitat Valenciana. La jornada, que tindr\u00e0 l\u2019Estadi de la Cer\u00e0mica com a punt de donaci\u00f3, es realitzar\u00e0 aquest dijous 11 de maig amb el seg\u00fcent horari:"},{"type":"list","style":"ul","items":["Desde les 10.00 fins les 13.30 hores.","Desde les 16.30 fins les 21.00 hores."]},{"type":"paragraph","text":"Cal destacar que \u00fanicament podran participar la donaci\u00f3 les persones amb una edat entre 18 i 65 anys i amb un pes major als 50kg. A m\u00e9s, el club obsequiar\u00e0 a tots els donants amb una entrada doble per al partit entre el Villarreal B i el Levante UD de LaLiga Smartbank que es disputar\u00e0 en l\u2019Estadi de la Cer\u00e0mica (horari per confirmar)."},{"type":"image","url":"https:\/\/villarrealcf.es\/\/wp-content\/uploads\/2023\/05\/donacion-1.jpg","alt":"","width":1000,"height":524,"srcset":"https:\/\/villarrealcf.es\/wp-content\/uploads\/2023\/05\/donacion-1.jpg 1000w, https:\/\/villarrealcf.es\/\/wp-content\/uploads\/2023\/05\/donacion-1.jpg 1920w, https:\/\/villarrealcf.es\/\/wp-content\/uploads\/2023\/05\/donacion-1.jpg 1920w, https:\/\/villarrealcf.es\/\/wp-content\/uploads\/2023\/05\/donacion-1.jpg 1920w, https:\/\/villarrealcf.es\/wp-content\/uploads\/2023\/05\/donacion-1-32x17.jpg 32w, https:\/\/villarrealcf.es\/wp-content\/uploads\/2023\/05\/donacion-1-150x79.jpg 150w, https:\/\/villarrealcf.es\/\/wp-content\/uploads\/2023\/05\/donacion-1.jpg 1920w","sizes":"auto, (max-width: 1000px) 100vw, 1000px"}]}},"sections":[{"id":"section-1","title":"Fes la teua donaci\u00f3 aquest dijous i gana una entrada doble per al Villarreal B-Levante UD","text":"Fes la teua donaci\u00f3 aquest dijous i gana una entrada doble per al Villarreal B-Levante UD El Villarreal CF se suma un any m\u00e9s a la campanya de donaci\u00f3 de sang de la Conselleria de Salut Universal i Salut P\u00fablica de la Generalitat Valenciana. La jornada, que tindr\u00e0 l\u2019Estadi de la Cer\u00e0mica com a punt de donaci\u00f3, es realitzar\u00e0 aquest dijous 11 de maig amb el seg\u00fcent horari: Cal destacar que \u00fanicament podran participar la donaci\u00f3 les persones amb una edat entre 18 i 65 anys i amb un pes major als 50kg. A m\u00e9s, el club obsequiar\u00e0 a tots els donants amb una entrada doble per al partit entre el Villarreal B i el Levante UD de LaLiga Smartbank que es disputar\u00e0 en l\u2019Estadi de la Cer\u00e0mica (horari per confirmar).","url":"","background_image":"","images":[{"type":"image","url":"https:\/\/villarrealcf.es\/\/wp-content\/uploads\/2023\/05\/donacion-1.jpg","alt":"","width":1000,"height":524,"srcset":"https:\/\/villarrealcf.es\/wp-content\/uploads\/2023\/05\/donacion-1.jpg 1000w, https:\/\/villarrealcf.es\/\/wp-content\/uploads\/2023\/05\/donacion-1.jpg 1920w, https:\/\/villarrealcf.es\/\/wp-content\/uploads\/2023\/05\/donacion-1.jpg 1920w, https:\/\/villarrealcf.es\/\/wp-content\/uploads\/2023\/05\/donacion-1.jpg 1920w, https:\/\/villarrealcf.es\/wp-content\/uploads\/2023\/05\/donacion-1-32x17.jpg 32w, https:\/\/villarrealcf.es\/wp-content\/uploads\/2023\/05\/donacion-1-150x79.jpg 150w, https:\/\/villarrealcf.es\/\/wp-content\/uploads\/2023\/05\/donacion-1.jpg 1920w","sizes":"auto, (max-width: 1000px) 100vw, 1000px"}],"videos":[],"links":[]}]},"excerpt":{"rendered":"Fes la teua donaci\u00f3 aquest dijous i gana una entrada doble per al Villarreal B-Levante UD","protected":false},"author":33,"featured_media":265089,"comment_status":"closed","ping_status":"closed","sticky":false,"template":"","format":"standard","meta":{"_acf_changed":false,"footnotes":""},"categories":[13509],"tags":[9242,9244,717,9270,716,9205,9627,9203],"acf":null,"lang":"val","translations":{"es":264961,"val":264980,"en":265010},"essential_grid":{"has_grid":false},"formatted_date":"May 8, 2023","modified_date":"May 8, 2023","permalink":"https:\/\/villarrealcf.es\/val\/dona-sang-a-lestadio-de-la-ceramica\/","reading_time":1,"featured_media_data":{"id":265089,"title":"sennasangre","caption":"","alt_text":"","description":"","mime_type":"image\/jpeg","source_url":"https:\/\/villarrealcf.es\/wp-content\/uploads\/2023\/05\/sennasangre.jpg","sizes":{"thumbnail":{"url":"https:\/\/villarrealcf.es\/wp-content\/uploads\/2023\/05\/sennasangre-1920x1080.jpg","width":1920,"height":1080},"medium":{"url":"https:\/\/villarrealcf.es\/wp-content\/uploads\/2023\/05\/sennasangre-1920x1080.jpg","width":1920,"height":1080},"medium_large":{"url":"https:\/\/villarrealcf.es\/wp-content\/uploads\/2023\/05\/sennasangre-768x432.jpg","width":768,"height":432},"large":{"url":"https:\/\/villarrealcf.es\/wp-content\/uploads\/2023\/05\/sennasangre-1920x1080.jpg","width":788,"height":443},"1536x1536":{"url":"https:\/\/villarrealcf.es\/wp-content\/uploads\/2023\/05\/sennasangre-1536x864.jpg","width":1536,"height":864},"2048x2048":{"url":"https:\/\/villarrealcf.es\/wp-content\/uploads\/2023\/05\/sennasangre.jpg","width":1920,"height":1080},"tp-image-grid":{"url":"https:\/\/villarrealcf.es\/wp-content\/uploads\/2023\/05\/sennasangre-700x700.jpg","width":700,"height":700},"size-bunyad-medium":{"url":"https:\/\/villarrealcf.es\/wp-content\/uploads\/2023\/05\/sennasangre-1920x1080.jpg","width":1920,"height":1080},"sportspress-crop-medium":{"url":"https:\/\/villarrealcf.es\/wp-content\/uploads\/2023\/05\/sennasangre-300x300.jpg","width":300,"height":300},"sportspress-fit-medium":{"url":"https:\/\/villarrealcf.es\/wp-content\/uploads\/2023\/05\/sennasangre-300x169.jpg","width":300,"height":169},"sportspress-fit-icon":{"url":"https:\/\/villarrealcf.es\/wp-content\/uploads\/2023\/05\/sennasangre-128x72.jpg","width":128,"height":72},"sportspress-fit-mini":{"url":"https:\/\/villarrealcf.es\/wp-content\/uploads\/2023\/05\/sennasangre-32x18.jpg","width":32,"height":18},"bunyad-small":{"url":"https:\/\/villarrealcf.es\/wp-content\/uploads\/2023\/05\/sennasangre-150x84.jpg","width":150,"height":84},"bunyad-medium":{"url":"https:\/\/villarrealcf.es\/wp-content\/uploads\/2023\/05\/sennasangre-450x253.jpg","width":450,"height":253},"bunyad-full":{"url":"https:\/\/villarrealcf.es\/wp-content\/uploads\/2023\/05\/sennasangre-1200x675.jpg","width":1200,"height":675},"bunyad-viewport":{"url":"https:\/\/villarrealcf.es\/wp-content\/uploads\/2023\/05\/sennasangre.jpg","width":1920,"height":1080},"bunyad-768":{"url":"https:\/\/villarrealcf.es\/wp-content\/uploads\/2023\/05\/sennasangre-768x432.jpg","width":768,"height":432},"full":{"url":"https:\/\/villarrealcf.es\/wp-content\/uploads\/2023\/05\/sennasangre.jpg","width":1920,"height":1080}}},"author_data":{"id":"33","name":"Nacho Tejada","first_name":"Nacho","last_name":"Tejada","description":"","avatar_url":"https:\/\/secure.gravatar.com\/avatar\/b1580534b2fcd93e031504756165758941290488df5c88966a26f84344931fd1?s=96&d=mm&r=g","acf":null},"taxonomies_data":{"category":[{"id":13509,"name":"Endavant","slug":"endavant-val","acf":null}],"post_tag":[{"id":9242,"name":"Endavant","slug":"endavant-val-2","acf":null},{"id":9244,"name":"Endavant Solidaritat","slug":"endavant-solidaritat-val-2","acf":null},{"id":717,"name":"Football","slug":"football-d34","acf":null},{"id":9270,"name":"Futbol","slug":"futbol-val","acf":null},{"id":716,"name":"Soccer","slug":"soccer-d105","acf":null},{"id":9205,"name":"Submarino","slug":"submarino-val","acf":null},{"id":9627,"name":"Submarino Amarillo","slug":"submarino-amarillo-val","acf":null},{"id":9203,"name":"Villarreal CF","slug":"villarreal-cf-val","acf":null}],"translation_priority":[{"id":735,"name":"Optional","slug":"optional-val","acf":null}]},"seo_full":{"native":{"title":"Dona sang a l&#8217;Estadio de la Cer\u00e1mica - Web Oficial del Villarreal CF","description":"Fes la teua donaci\u00f3 aquest dijous i gana una entrada doble per al Villarreal B-Levante UD","canonical":"https:\/\/villarrealcf.es\/val\/dona-sang-a-lestadio-de-la-ceramica\/"}},"_links":{"self":[{"href":"https:\/\/villarrealcf.es\/val\/wp-json\/wp\/v2\/posts\/264980","targetHints":{"allow":["GET"]}}],"collection":[{"href":"https:\/\/villarrealcf.es\/val\/wp-json\/wp\/v2\/posts"}],"about":[{"href":"https:\/\/villarrealcf.es\/val\/wp-json\/wp\/v2\/types\/post"}],"author":[{"embeddable":true,"href":"https:\/\/villarrealcf.es\/val\/wp-json\/wp\/v2\/users\/33"}],"replies":[{"embeddable":true,"href":"https:\/\/villarrealcf.es\/val\/wp-json\/wp\/v2\/comments?post=264980"}],"version-history":[{"count":0,"href":"https:\/\/villarrealcf.es\/val\/wp-json\/wp\/v2\/posts\/264980\/revisions"}],"wp:featuredmedia":[{"embeddable":true,"href":"https:\/\/villarrealcf.es\/val\/wp-json\/wp\/v2\/media\/265089"}],"wp:attachment":[{"href":"https:\/\/villarrealcf.es\/val\/wp-json\/wp\/v2\/media?parent=264980"}],"wp:term":[{"taxonomy":"category","embeddable":true,"href":"https:\/\/villarrealcf.es\/val\/wp-json\/wp\/v2\/categories?post=264980"},{"taxonomy":"post_tag","embeddable":true,"href":"https:\/\/villarrealcf.es\/val\/wp-json\/wp\/v2\/tags?post=264980"}],"curies":[{"name":"wp","href":"https:\/\/api.w.org\/{rel}","templated":true}]}}