{"id":264484,"date":"2023-05-03T17:31:45","date_gmt":"2023-05-03T15:31:45","guid":{"rendered":"https:\/\/villarrealcf.es\/\/parte-medico-irene-miguelez\/"},"modified":"2023-05-03T17:33:34","modified_gmt":"2023-05-03T15:33:34","slug":"parte-medico-irene-miguelez","status":"publish","type":"post","link":"https:\/\/villarrealcf.es\/val\/parte-medico-irene-miguelez\/","title":{"rendered":"Comunicat m\u00e8dic: Irene Migu\u00e9lez"},"content":{"protected":false,"blocks":[{"type":"heading","level":2,"text":"La defensa grogueta pateix un trencament del lligament creuat anterior del genoll esquerre"},{"type":"paragraph","text":"Despr\u00e9s de les proves m\u00e8diques realitzades, s\u2019ha confirmat que Irene Migu\u00e9lez pateix un trencament del lligament creuat anterior del genoll esquerre. La futbolista castellonenca es va lesionar durant el partit davant la Real Sociedad, corresponent a la jornada 27 de la Finetwork Liga F."},{"type":"paragraph","text":"El Villarreal CF vol manar-li molta for\u00e7a a Irene Migu\u00e9lez, a la qual li desitja una r\u00e0pida i saludable recuperaci\u00f3."}],"structured":{"summary":{"text":"La defensa grogueta pateix un trencament del lligament creuat anterior del genoll esquerre Despr\u00e9s de les proves m\u00e8diques realitzades, s\u2019ha confirmat que Irene Migu\u00e9lez pateix un trencament del lligament creuat anterior del genoll esquerre. La futbolista castellonenca es va lesionar durant el partit davant la Real Sociedad, corresponent a la jornada 27 de la Finetwork Liga F. El Villarreal CF vol manar-li molta for\u00e7a a Irene Migu\u00e9lez, a la qual li desitja una r\u00e0pida i saludable recuperaci\u00f3.","headings":[{"type":"heading","level":2,"text":"La defensa grogueta pateix un trencament del lligament creuat anterior del genoll esquerre"}],"buttons":[],"images":[],"counts":{"blocks":3,"headings":1,"texts":2,"buttons":0,"images":0}},"sections":[{"id":"section-1","title":"La defensa grogueta pateix un trencament del lligament creuat anterior del genoll esquerre","text":"La defensa grogueta pateix un trencament del lligament creuat anterior del genoll esquerre Despr\u00e9s de les proves m\u00e8diques realitzades, s\u2019ha confirmat que Irene Migu\u00e9lez pateix un trencament del lligament creuat anterior del genoll esquerre. La futbolista castellonenca es va lesionar durant el partit davant la Real Sociedad, corresponent a la jornada 27 de la Finetwork Liga F. El Villarreal CF vol manar-li molta for\u00e7a a Irene Migu\u00e9lez, a la qual li desitja una r\u00e0pida i saludable recuperaci\u00f3.","headings":[{"type":"heading","level":2,"text":"La defensa grogueta pateix un trencament del lligament creuat anterior del genoll esquerre"}],"texts":[{"type":"paragraph","text":"Despr\u00e9s de les proves m\u00e8diques realitzades, s\u2019ha confirmat que Irene Migu\u00e9lez pateix un trencament del lligament creuat anterior del genoll esquerre. La futbolista castellonenca es va lesionar durant el partit davant la Real Sociedad, corresponent a la jornada 27 de la Finetwork Liga F."},{"type":"paragraph","text":"El Villarreal CF vol manar-li molta for\u00e7a a Irene Migu\u00e9lez, a la qual li desitja una r\u00e0pida i saludable recuperaci\u00f3."}],"buttons":[],"images":[],"widgets":[],"blocks":[{"type":"heading","level":2,"text":"La defensa grogueta pateix un trencament del lligament creuat anterior del genoll esquerre"},{"type":"paragraph","text":"Despr\u00e9s de les proves m\u00e8diques realitzades, s\u2019ha confirmat que Irene Migu\u00e9lez pateix un trencament del lligament creuat anterior del genoll esquerre. La futbolista castellonenca es va lesionar durant el partit davant la Real Sociedad, corresponent a la jornada 27 de la Finetwork Liga F."},{"type":"paragraph","text":"El Villarreal CF vol manar-li molta for\u00e7a a Irene Migu\u00e9lez, a la qual li desitja una r\u00e0pida i saludable recuperaci\u00f3."}]}],"hero":{"id":"section-1","title":"La defensa grogueta pateix un trencament del lligament creuat anterior del genoll esquerre","text":"La defensa grogueta pateix un trencament del lligament creuat anterior del genoll esquerre Despr\u00e9s de les proves m\u00e8diques realitzades, s\u2019ha confirmat que Irene Migu\u00e9lez pateix un trencament del lligament creuat anterior del genoll esquerre. La futbolista castellonenca es va lesionar durant el partit davant la Real Sociedad, corresponent a la jornada 27 de la Finetwork Liga F. El Villarreal CF vol manar-li molta for\u00e7a a Irene Migu\u00e9lez, a la qual li desitja una r\u00e0pida i saludable recuperaci\u00f3.","headings":[{"type":"heading","level":2,"text":"La defensa grogueta pateix un trencament del lligament creuat anterior del genoll esquerre"}],"texts":[{"type":"paragraph","text":"Despr\u00e9s de les proves m\u00e8diques realitzades, s\u2019ha confirmat que Irene Migu\u00e9lez pateix un trencament del lligament creuat anterior del genoll esquerre. La futbolista castellonenca es va lesionar durant el partit davant la Real Sociedad, corresponent a la jornada 27 de la Finetwork Liga F."},{"type":"paragraph","text":"El Villarreal CF vol manar-li molta for\u00e7a a Irene Migu\u00e9lez, a la qual li desitja una r\u00e0pida i saludable recuperaci\u00f3."}],"buttons":[],"images":[],"widgets":[],"blocks":[{"type":"heading","level":2,"text":"La defensa grogueta pateix un trencament del lligament creuat anterior del genoll esquerre"},{"type":"paragraph","text":"Despr\u00e9s de les proves m\u00e8diques realitzades, s\u2019ha confirmat que Irene Migu\u00e9lez pateix un trencament del lligament creuat anterior del genoll esquerre. La futbolista castellonenca es va lesionar durant el partit davant la Real Sociedad, corresponent a la jornada 27 de la Finetwork Liga F."},{"type":"paragraph","text":"El Villarreal CF vol manar-li molta for\u00e7a a Irene Migu\u00e9lez, a la qual li desitja una r\u00e0pida i saludable recuperaci\u00f3."}]}},"sections":[{"id":"section-1","title":"La defensa grogueta pateix un trencament del lligament creuat anterior del genoll esquerre","text":"La defensa grogueta pateix un trencament del lligament creuat anterior del genoll esquerre Despr\u00e9s de les proves m\u00e8diques realitzades, s\u2019ha confirmat que Irene Migu\u00e9lez pateix un trencament del lligament creuat anterior del genoll esquerre. La futbolista castellonenca es va lesionar durant el partit davant la Real Sociedad, corresponent a la jornada 27 de la Finetwork Liga F. El Villarreal CF vol manar-li molta for\u00e7a a Irene Migu\u00e9lez, a la qual li desitja una r\u00e0pida i saludable recuperaci\u00f3.","url":"","background_image":"","images":[],"videos":[],"links":[]}]},"excerpt":{"rendered":"La defensa grogueta pateix un trencament del lligament creuat anterior del genoll esquerre","protected":false},"author":29,"featured_media":264482,"comment_status":"closed","ping_status":"closed","sticky":false,"template":"","format":"standard","meta":{"_acf_changed":false,"footnotes":""},"categories":[13952,13785],"tags":[9358,717,9270,9684,9356,716,9205,9203,12685],"acf":null,"lang":"val","translations":{"es":264479,"val":264484,"en":264487},"essential_grid":{"has_grid":false},"formatted_date":"May 3, 2023","modified_date":"May 3, 2023","permalink":"https:\/\/villarrealcf.es\/val\/parte-medico-irene-miguelez\/","reading_time":1,"featured_media_data":{"id":264482,"title":"20230430-VRFemenino-RealSociedad-034 web","caption":"","alt_text":"","description":"","mime_type":"image\/jpeg","source_url":"https:\/\/villarrealcf.es\/wp-content\/uploads\/2023\/05\/20230430-VRFemenino-RealSociedad-034-web.jpg","sizes":{"thumbnail":{"url":"https:\/\/villarrealcf.es\/wp-content\/uploads\/2023\/05\/20230430-VRFemenino-RealSociedad-034-web.jpg","width":1920,"height":1079},"medium":{"url":"https:\/\/villarrealcf.es\/wp-content\/uploads\/2023\/05\/20230430-VRFemenino-RealSociedad-034-web.jpg","width":1920,"height":1079},"medium_large":{"url":"https:\/\/villarrealcf.es\/wp-content\/uploads\/2023\/05\/20230430-VRFemenino-RealSociedad-034-web-768x432.jpg","width":768,"height":432},"large":{"url":"https:\/\/villarrealcf.es\/wp-content\/uploads\/2023\/05\/20230430-VRFemenino-RealSociedad-034-web.jpg","width":788,"height":443},"1536x1536":{"url":"https:\/\/villarrealcf.es\/wp-content\/uploads\/2023\/05\/20230430-VRFemenino-RealSociedad-034-web-1536x863.jpg","width":1536,"height":863},"2048x2048":{"url":"https:\/\/villarrealcf.es\/wp-content\/uploads\/2023\/05\/20230430-VRFemenino-RealSociedad-034-web.jpg","width":1920,"height":1079},"tp-image-grid":{"url":"https:\/\/villarrealcf.es\/wp-content\/uploads\/2023\/05\/20230430-VRFemenino-RealSociedad-034-web-700x700.jpg","width":700,"height":700},"size-bunyad-medium":{"url":"https:\/\/villarrealcf.es\/wp-content\/uploads\/2023\/05\/20230430-VRFemenino-RealSociedad-034-web.jpg","width":1920,"height":1079},"sportspress-crop-medium":{"url":"https:\/\/villarrealcf.es\/wp-content\/uploads\/2023\/05\/20230430-VRFemenino-RealSociedad-034-web-300x300.jpg","width":300,"height":300},"sportspress-fit-medium":{"url":"https:\/\/villarrealcf.es\/wp-content\/uploads\/2023\/05\/20230430-VRFemenino-RealSociedad-034-web-300x169.jpg","width":300,"height":169},"sportspress-fit-icon":{"url":"https:\/\/villarrealcf.es\/wp-content\/uploads\/2023\/05\/20230430-VRFemenino-RealSociedad-034-web-128x72.jpg","width":128,"height":72},"sportspress-fit-mini":{"url":"https:\/\/villarrealcf.es\/wp-content\/uploads\/2023\/05\/20230430-VRFemenino-RealSociedad-034-web-32x18.jpg","width":32,"height":18},"bunyad-small":{"url":"https:\/\/villarrealcf.es\/wp-content\/uploads\/2023\/05\/20230430-VRFemenino-RealSociedad-034-web-150x84.jpg","width":150,"height":84},"bunyad-medium":{"url":"https:\/\/villarrealcf.es\/wp-content\/uploads\/2023\/05\/20230430-VRFemenino-RealSociedad-034-web-450x253.jpg","width":450,"height":253},"bunyad-full":{"url":"https:\/\/villarrealcf.es\/wp-content\/uploads\/2023\/05\/20230430-VRFemenino-RealSociedad-034-web-1200x674.jpg","width":1200,"height":674},"bunyad-viewport":{"url":"https:\/\/villarrealcf.es\/wp-content\/uploads\/2023\/05\/20230430-VRFemenino-RealSociedad-034-web.jpg","width":1920,"height":1079},"bunyad-768":{"url":"https:\/\/villarrealcf.es\/wp-content\/uploads\/2023\/05\/20230430-VRFemenino-RealSociedad-034-web-768x432.jpg","width":768,"height":432},"full":{"url":"https:\/\/villarrealcf.es\/wp-content\/uploads\/2023\/05\/20230430-VRFemenino-RealSociedad-034-web.jpg","width":1920,"height":1079}}},"author_data":{"id":"29","name":"Azahara Beroy","first_name":"Azahara","last_name":"Beroy","description":"","avatar_url":"https:\/\/secure.gravatar.com\/avatar\/91b979a91a1925e60814719244bbf7824af58ced5a6e2130c2611bde24439aa7?s=96&d=mm&r=g","acf":null},"taxonomies_data":{"category":[{"id":13952,"name":"Comunicat m\u00e8dic","slug":"parte-medico-val","acf":null},{"id":13785,"name":"Futbol Femen\u00ed","slug":"futbol-femenino-val","acf":null}],"post_tag":[{"id":9358,"name":"Comunitat m\u00e8dic","slug":"parte-medico-val","acf":null},{"id":717,"name":"Football","slug":"football-d34","acf":null},{"id":9270,"name":"Futbol","slug":"futbol-val","acf":null},{"id":9684,"name":"F\u00fatbol Femenino","slug":"futbol-femenino-val-2","acf":null},{"id":9356,"name":"Lesi\u00f3n","slug":"lesion-val","acf":null},{"id":716,"name":"Soccer","slug":"soccer-d105","acf":null},{"id":9205,"name":"Submarino","slug":"submarino-val","acf":null},{"id":9203,"name":"Villarreal CF","slug":"villarreal-cf-val","acf":null},{"id":12685,"name":"Villarreal Femenino","slug":"villarreal-femenino-val","acf":null}],"translation_priority":[{"id":735,"name":"Optional","slug":"optional-val","acf":null}]},"seo_full":{"native":{"title":"Comunicat m\u00e8dic: Irene Migu\u00e9lez - Web Oficial del Villarreal CF","description":"La defensa grogueta pateix un trencament del lligament creuat anterior del genoll esquerre","canonical":"https:\/\/villarrealcf.es\/val\/parte-medico-irene-miguelez\/"}},"_links":{"self":[{"href":"https:\/\/villarrealcf.es\/val\/wp-json\/wp\/v2\/posts\/264484","targetHints":{"allow":["GET"]}}],"collection":[{"href":"https:\/\/villarrealcf.es\/val\/wp-json\/wp\/v2\/posts"}],"about":[{"href":"https:\/\/villarrealcf.es\/val\/wp-json\/wp\/v2\/types\/post"}],"author":[{"embeddable":true,"href":"https:\/\/villarrealcf.es\/val\/wp-json\/wp\/v2\/users\/29"}],"replies":[{"embeddable":true,"href":"https:\/\/villarrealcf.es\/val\/wp-json\/wp\/v2\/comments?post=264484"}],"version-history":[{"count":0,"href":"https:\/\/villarrealcf.es\/val\/wp-json\/wp\/v2\/posts\/264484\/revisions"}],"wp:featuredmedia":[{"embeddable":true,"href":"https:\/\/villarrealcf.es\/val\/wp-json\/wp\/v2\/media\/264482"}],"wp:attachment":[{"href":"https:\/\/villarrealcf.es\/val\/wp-json\/wp\/v2\/media?parent=264484"}],"wp:term":[{"taxonomy":"category","embeddable":true,"href":"https:\/\/villarrealcf.es\/val\/wp-json\/wp\/v2\/categories?post=264484"},{"taxonomy":"post_tag","embeddable":true,"href":"https:\/\/villarrealcf.es\/val\/wp-json\/wp\/v2\/tags?post=264484"}],"curies":[{"name":"wp","href":"https:\/\/api.w.org\/{rel}","templated":true}]}}