{"id":263848,"date":"2023-04-30T17:59:00","date_gmt":"2023-04-30T15:59:00","guid":{"rendered":"https:\/\/villarrealcf.es\/\/setien-hemos-sido-eficaces-en-las-areas\/"},"modified":"2023-04-30T19:11:44","modified_gmt":"2023-04-30T17:11:44","slug":"setien-hem-sigut-eficacos-en-les-arees","status":"publish","type":"post","link":"https:\/\/villarrealcf.es\/val\/setien-hem-sigut-eficacos-en-les-arees\/","title":{"rendered":"Seti\u00e9n: \u201cHem sigut efica\u00e7os en les \u00e0rees\u201d"},"content":{"protected":false,"blocks":[{"type":"heading","level":2,"text":"L\u2019entrenador del Villarreal ha remarcat l\u2019encert golejador del seu equip davant el RC Celta"},{"type":"paragraph","text":"L\u2019entrenador del Villarreal, Quique Seti\u00e9n, ha comparegut davant els mitjans de comunicaci\u00f3 per a analitzar la important vict\u00f2ria del seu equip davant el RC Celta (3-1): \u201cSab\u00edem que anava a ser complicat perqu\u00e8 el Celta \u00e9s un gran equip. Fan les coses b\u00e9 i et comprometen molt, per\u00f2 hem aconseguit portar-nos el partit\u201d."},{"type":"paragraph","text":"El t\u00e8cnic c\u00e0ntabre ha subratllat l\u2019encert en un partit amb menys domini que els anteriors: \u201cHem comen\u00e7at molt b\u00e9. Hem marcat dos gols i fins i tot podr\u00edem haver-nos posat 3-0, per\u00f2 no hem encertat amb el penal. Despr\u00e9s ha arribat el seu gol i ells han donat sensaci\u00f3 de perill durant bastant temps. Hem aguantat quan pat\u00edem i hem marcat el tercer. No hem tingut el domini d\u2019altres vegades, per\u00f2 hem sigut eficaces en les dues \u00e0rees. A vegades passa a l\u2019inrev\u00e9s i ens lamentem\u201d."},{"type":"paragraph","text":"En ser preguntat pels objectius, Seti\u00e9n s\u2019ha mostrat tranquil i ha preferit centrar-se en gaudir la vict\u00f2ria i pensar en el pr\u00f2xim comprom\u00eds: \u201cPreferisc pensar en el Valencia. El meu objectiu \u00e9s arribar al final de LaLiga amb ritme i amb opcions d\u2019entrar a Europa. Les coses poden canviar d\u2019una setmana a una altra. Ho sabem. L\u2019important \u00e9s que queda menys i estem ben posicionats. Estem amb confian\u00e7a pel resultat i a veure si podem recuperar-nos b\u00e9 i afrontar el partit del dimecres amb confian\u00e7a\u201d."},{"type":"paragraph","text":"Finalment, l\u2019entrenador groguet ha enaltit la gran actuaci\u00f3 de Nico Jackson, que ha liderat al Villarreal marcant un doblet: \u201c\u00c9s un gran jugador. Ha estat lesionat un temps i ha entrat a poc a poc en l\u2019equip. Ha millorat molt. Sab\u00edem del seu potencial i l\u2019est\u00e0 demostrant. \u00c9s un jugador que ataca l\u2019esquena i ens dona molt en atac\u201d."},{"type":"video","kind":"iframe","url":"https:\/\/www.youtube.com\/embed\/2yF2JFFEqus?feature=oembed","poster":""}],"structured":{"summary":{"text":"L\u2019entrenador del Villarreal ha remarcat l\u2019encert golejador del seu equip davant el RC Celta L\u2019entrenador del Villarreal, Quique Seti\u00e9n, ha comparegut davant els mitjans de comunicaci\u00f3 per a analitzar la important vict\u00f2ria del seu equip davant el RC Celta (3-1): \u201cSab\u00edem que anava a ser complicat perqu\u00e8 el Celta \u00e9s un gran equip. Fan les coses b\u00e9 i et comprometen molt, per\u00f2 hem aconseguit portar-nos el partit\u201d. El t\u00e8cnic c\u00e0ntabre ha subratllat l\u2019encert en un partit amb menys domini que els anteriors: \u201cHem comen\u00e7at molt b\u00e9. Hem marcat dos gols i fins i tot podr\u00edem haver-nos posat 3-0, per\u00f2 no hem encertat amb el penal. Despr\u00e9s ha arribat el seu gol i ells han donat sensaci\u00f3 de perill durant bastant temps. Hem aguantat quan pat\u00edem i hem marcat el tercer. No hem tingut el domini d\u2019altres vegades, per\u00f2 hem sigut eficaces en les dues \u00e0rees. A vegades passa a l\u2019inrev\u00e9s i ens lamentem\u201d. En ser preguntat pels objectius, Seti\u00e9n s\u2019ha mostrat tranquil i ha preferit centrar-se en gaudir la vict\u00f2ria i pensar en el pr\u00f2xim comprom\u00eds: \u201cPreferisc pensar en el Valencia. El meu objectiu \u00e9s arribar al final de LaLiga amb ritme i amb opcions d\u2019entrar a Europa. Les coses poden canviar d\u2019una setmana a una altra. Ho sabem. L\u2019important \u00e9s que queda menys i estem ben posicionats. Estem amb confian\u00e7a pel resultat i a veure si podem recuperar-nos b\u00e9 i afrontar el partit del dimecres amb confian\u00e7a\u201d. Finalment, l\u2019entrenador groguet ha enaltit la gran actuaci\u00f3 de Nico Jackson, que ha liderat al Villarreal marcant un doblet: \u201c\u00c9s un gran jugador. Ha estat lesionat un temps i ha entrat a poc a poc en l\u2019equip. Ha millorat molt. Sab\u00edem del seu potencial i l\u2019est\u00e0 demostrant. \u00c9s un jugador que ataca l\u2019esquena i ens dona molt en atac\u201d.","headings":[{"type":"heading","level":2,"text":"L\u2019entrenador del Villarreal ha remarcat l\u2019encert golejador del seu equip davant el RC Celta"}],"buttons":[],"images":[],"counts":{"blocks":6,"headings":1,"texts":4,"buttons":0,"images":0}},"sections":[{"id":"section-1","title":"L\u2019entrenador del Villarreal ha remarcat l\u2019encert golejador del seu equip davant el RC Celta","text":"L\u2019entrenador del Villarreal ha remarcat l\u2019encert golejador del seu equip davant el RC Celta L\u2019entrenador del Villarreal, Quique Seti\u00e9n, ha comparegut davant els mitjans de comunicaci\u00f3 per a analitzar la important vict\u00f2ria del seu equip davant el RC Celta (3-1): \u201cSab\u00edem que anava a ser complicat perqu\u00e8 el Celta \u00e9s un gran equip. Fan les coses b\u00e9 i et comprometen molt, per\u00f2 hem aconseguit portar-nos el partit\u201d. El t\u00e8cnic c\u00e0ntabre ha subratllat l\u2019encert en un partit amb menys domini que els anteriors: \u201cHem comen\u00e7at molt b\u00e9. Hem marcat dos gols i fins i tot podr\u00edem haver-nos posat 3-0, per\u00f2 no hem encertat amb el penal. Despr\u00e9s ha arribat el seu gol i ells han donat sensaci\u00f3 de perill durant bastant temps. Hem aguantat quan pat\u00edem i hem marcat el tercer. No hem tingut el domini d\u2019altres vegades, per\u00f2 hem sigut eficaces en les dues \u00e0rees. A vegades passa a l\u2019inrev\u00e9s i ens lamentem\u201d. En ser preguntat pels objectius, Seti\u00e9n s\u2019ha mostrat tranquil i ha preferit centrar-se en gaudir la vict\u00f2ria i pensar en el pr\u00f2xim comprom\u00eds: \u201cPreferisc pensar en el Valencia. El meu objectiu \u00e9s arribar al final de LaLiga amb ritme i amb opcions d\u2019entrar a Europa. Les coses poden canviar d\u2019una setmana a una altra. Ho sabem. L\u2019important \u00e9s que queda menys i estem ben posicionats. Estem amb confian\u00e7a pel resultat i a veure si podem recuperar-nos b\u00e9 i afrontar el partit del dimecres amb confian\u00e7a\u201d. Finalment, l\u2019entrenador groguet ha enaltit la gran actuaci\u00f3 de Nico Jackson, que ha liderat al Villarreal marcant un doblet: \u201c\u00c9s un gran jugador. Ha estat lesionat un temps i ha entrat a poc a poc en l\u2019equip. Ha millorat molt. Sab\u00edem del seu potencial i l\u2019est\u00e0 demostrant. \u00c9s un jugador que ataca l\u2019esquena i ens dona molt en atac\u201d.","headings":[{"type":"heading","level":2,"text":"L\u2019entrenador del Villarreal ha remarcat l\u2019encert golejador del seu equip davant el RC Celta"}],"texts":[{"type":"paragraph","text":"L\u2019entrenador del Villarreal, Quique Seti\u00e9n, ha comparegut davant els mitjans de comunicaci\u00f3 per a analitzar la important vict\u00f2ria del seu equip davant el RC Celta (3-1): \u201cSab\u00edem que anava a ser complicat perqu\u00e8 el Celta \u00e9s un gran equip. Fan les coses b\u00e9 i et comprometen molt, per\u00f2 hem aconseguit portar-nos el partit\u201d."},{"type":"paragraph","text":"El t\u00e8cnic c\u00e0ntabre ha subratllat l\u2019encert en un partit amb menys domini que els anteriors: \u201cHem comen\u00e7at molt b\u00e9. Hem marcat dos gols i fins i tot podr\u00edem haver-nos posat 3-0, per\u00f2 no hem encertat amb el penal. Despr\u00e9s ha arribat el seu gol i ells han donat sensaci\u00f3 de perill durant bastant temps. Hem aguantat quan pat\u00edem i hem marcat el tercer. No hem tingut el domini d\u2019altres vegades, per\u00f2 hem sigut eficaces en les dues \u00e0rees. A vegades passa a l\u2019inrev\u00e9s i ens lamentem\u201d."},{"type":"paragraph","text":"En ser preguntat pels objectius, Seti\u00e9n s\u2019ha mostrat tranquil i ha preferit centrar-se en gaudir la vict\u00f2ria i pensar en el pr\u00f2xim comprom\u00eds: \u201cPreferisc pensar en el Valencia. El meu objectiu \u00e9s arribar al final de LaLiga amb ritme i amb opcions d\u2019entrar a Europa. Les coses poden canviar d\u2019una setmana a una altra. Ho sabem. L\u2019important \u00e9s que queda menys i estem ben posicionats. Estem amb confian\u00e7a pel resultat i a veure si podem recuperar-nos b\u00e9 i afrontar el partit del dimecres amb confian\u00e7a\u201d."},{"type":"paragraph","text":"Finalment, l\u2019entrenador groguet ha enaltit la gran actuaci\u00f3 de Nico Jackson, que ha liderat al Villarreal marcant un doblet: \u201c\u00c9s un gran jugador. Ha estat lesionat un temps i ha entrat a poc a poc en l\u2019equip. Ha millorat molt. Sab\u00edem del seu potencial i l\u2019est\u00e0 demostrant. \u00c9s un jugador que ataca l\u2019esquena i ens dona molt en atac\u201d."}],"buttons":[],"images":[],"widgets":[],"blocks":[{"type":"heading","level":2,"text":"L\u2019entrenador del Villarreal ha remarcat l\u2019encert golejador del seu equip davant el RC Celta"},{"type":"paragraph","text":"L\u2019entrenador del Villarreal, Quique Seti\u00e9n, ha comparegut davant els mitjans de comunicaci\u00f3 per a analitzar la important vict\u00f2ria del seu equip davant el RC Celta (3-1): \u201cSab\u00edem que anava a ser complicat perqu\u00e8 el Celta \u00e9s un gran equip. Fan les coses b\u00e9 i et comprometen molt, per\u00f2 hem aconseguit portar-nos el partit\u201d."},{"type":"paragraph","text":"El t\u00e8cnic c\u00e0ntabre ha subratllat l\u2019encert en un partit amb menys domini que els anteriors: \u201cHem comen\u00e7at molt b\u00e9. Hem marcat dos gols i fins i tot podr\u00edem haver-nos posat 3-0, per\u00f2 no hem encertat amb el penal. Despr\u00e9s ha arribat el seu gol i ells han donat sensaci\u00f3 de perill durant bastant temps. Hem aguantat quan pat\u00edem i hem marcat el tercer. No hem tingut el domini d\u2019altres vegades, per\u00f2 hem sigut eficaces en les dues \u00e0rees. A vegades passa a l\u2019inrev\u00e9s i ens lamentem\u201d."},{"type":"paragraph","text":"En ser preguntat pels objectius, Seti\u00e9n s\u2019ha mostrat tranquil i ha preferit centrar-se en gaudir la vict\u00f2ria i pensar en el pr\u00f2xim comprom\u00eds: \u201cPreferisc pensar en el Valencia. El meu objectiu \u00e9s arribar al final de LaLiga amb ritme i amb opcions d\u2019entrar a Europa. Les coses poden canviar d\u2019una setmana a una altra. Ho sabem. L\u2019important \u00e9s que queda menys i estem ben posicionats. Estem amb confian\u00e7a pel resultat i a veure si podem recuperar-nos b\u00e9 i afrontar el partit del dimecres amb confian\u00e7a\u201d."},{"type":"paragraph","text":"Finalment, l\u2019entrenador groguet ha enaltit la gran actuaci\u00f3 de Nico Jackson, que ha liderat al Villarreal marcant un doblet: \u201c\u00c9s un gran jugador. Ha estat lesionat un temps i ha entrat a poc a poc en l\u2019equip. Ha millorat molt. Sab\u00edem del seu potencial i l\u2019est\u00e0 demostrant. \u00c9s un jugador que ataca l\u2019esquena i ens dona molt en atac\u201d."},{"type":"video","kind":"iframe","url":"https:\/\/www.youtube.com\/embed\/2yF2JFFEqus?feature=oembed","poster":""}]}],"hero":{"id":"section-1","title":"L\u2019entrenador del Villarreal ha remarcat l\u2019encert golejador del seu equip davant el RC Celta","text":"L\u2019entrenador del Villarreal ha remarcat l\u2019encert golejador del seu equip davant el RC Celta L\u2019entrenador del Villarreal, Quique Seti\u00e9n, ha comparegut davant els mitjans de comunicaci\u00f3 per a analitzar la important vict\u00f2ria del seu equip davant el RC Celta (3-1): \u201cSab\u00edem que anava a ser complicat perqu\u00e8 el Celta \u00e9s un gran equip. Fan les coses b\u00e9 i et comprometen molt, per\u00f2 hem aconseguit portar-nos el partit\u201d. El t\u00e8cnic c\u00e0ntabre ha subratllat l\u2019encert en un partit amb menys domini que els anteriors: \u201cHem comen\u00e7at molt b\u00e9. Hem marcat dos gols i fins i tot podr\u00edem haver-nos posat 3-0, per\u00f2 no hem encertat amb el penal. Despr\u00e9s ha arribat el seu gol i ells han donat sensaci\u00f3 de perill durant bastant temps. Hem aguantat quan pat\u00edem i hem marcat el tercer. No hem tingut el domini d\u2019altres vegades, per\u00f2 hem sigut eficaces en les dues \u00e0rees. A vegades passa a l\u2019inrev\u00e9s i ens lamentem\u201d. En ser preguntat pels objectius, Seti\u00e9n s\u2019ha mostrat tranquil i ha preferit centrar-se en gaudir la vict\u00f2ria i pensar en el pr\u00f2xim comprom\u00eds: \u201cPreferisc pensar en el Valencia. El meu objectiu \u00e9s arribar al final de LaLiga amb ritme i amb opcions d\u2019entrar a Europa. Les coses poden canviar d\u2019una setmana a una altra. Ho sabem. L\u2019important \u00e9s que queda menys i estem ben posicionats. Estem amb confian\u00e7a pel resultat i a veure si podem recuperar-nos b\u00e9 i afrontar el partit del dimecres amb confian\u00e7a\u201d. Finalment, l\u2019entrenador groguet ha enaltit la gran actuaci\u00f3 de Nico Jackson, que ha liderat al Villarreal marcant un doblet: \u201c\u00c9s un gran jugador. Ha estat lesionat un temps i ha entrat a poc a poc en l\u2019equip. Ha millorat molt. Sab\u00edem del seu potencial i l\u2019est\u00e0 demostrant. \u00c9s un jugador que ataca l\u2019esquena i ens dona molt en atac\u201d.","headings":[{"type":"heading","level":2,"text":"L\u2019entrenador del Villarreal ha remarcat l\u2019encert golejador del seu equip davant el RC Celta"}],"texts":[{"type":"paragraph","text":"L\u2019entrenador del Villarreal, Quique Seti\u00e9n, ha comparegut davant els mitjans de comunicaci\u00f3 per a analitzar la important vict\u00f2ria del seu equip davant el RC Celta (3-1): \u201cSab\u00edem que anava a ser complicat perqu\u00e8 el Celta \u00e9s un gran equip. Fan les coses b\u00e9 i et comprometen molt, per\u00f2 hem aconseguit portar-nos el partit\u201d."},{"type":"paragraph","text":"El t\u00e8cnic c\u00e0ntabre ha subratllat l\u2019encert en un partit amb menys domini que els anteriors: \u201cHem comen\u00e7at molt b\u00e9. Hem marcat dos gols i fins i tot podr\u00edem haver-nos posat 3-0, per\u00f2 no hem encertat amb el penal. Despr\u00e9s ha arribat el seu gol i ells han donat sensaci\u00f3 de perill durant bastant temps. Hem aguantat quan pat\u00edem i hem marcat el tercer. No hem tingut el domini d\u2019altres vegades, per\u00f2 hem sigut eficaces en les dues \u00e0rees. A vegades passa a l\u2019inrev\u00e9s i ens lamentem\u201d."},{"type":"paragraph","text":"En ser preguntat pels objectius, Seti\u00e9n s\u2019ha mostrat tranquil i ha preferit centrar-se en gaudir la vict\u00f2ria i pensar en el pr\u00f2xim comprom\u00eds: \u201cPreferisc pensar en el Valencia. El meu objectiu \u00e9s arribar al final de LaLiga amb ritme i amb opcions d\u2019entrar a Europa. Les coses poden canviar d\u2019una setmana a una altra. Ho sabem. L\u2019important \u00e9s que queda menys i estem ben posicionats. Estem amb confian\u00e7a pel resultat i a veure si podem recuperar-nos b\u00e9 i afrontar el partit del dimecres amb confian\u00e7a\u201d."},{"type":"paragraph","text":"Finalment, l\u2019entrenador groguet ha enaltit la gran actuaci\u00f3 de Nico Jackson, que ha liderat al Villarreal marcant un doblet: \u201c\u00c9s un gran jugador. Ha estat lesionat un temps i ha entrat a poc a poc en l\u2019equip. Ha millorat molt. Sab\u00edem del seu potencial i l\u2019est\u00e0 demostrant. \u00c9s un jugador que ataca l\u2019esquena i ens dona molt en atac\u201d."}],"buttons":[],"images":[],"widgets":[],"blocks":[{"type":"heading","level":2,"text":"L\u2019entrenador del Villarreal ha remarcat l\u2019encert golejador del seu equip davant el RC Celta"},{"type":"paragraph","text":"L\u2019entrenador del Villarreal, Quique Seti\u00e9n, ha comparegut davant els mitjans de comunicaci\u00f3 per a analitzar la important vict\u00f2ria del seu equip davant el RC Celta (3-1): \u201cSab\u00edem que anava a ser complicat perqu\u00e8 el Celta \u00e9s un gran equip. Fan les coses b\u00e9 i et comprometen molt, per\u00f2 hem aconseguit portar-nos el partit\u201d."},{"type":"paragraph","text":"El t\u00e8cnic c\u00e0ntabre ha subratllat l\u2019encert en un partit amb menys domini que els anteriors: \u201cHem comen\u00e7at molt b\u00e9. Hem marcat dos gols i fins i tot podr\u00edem haver-nos posat 3-0, per\u00f2 no hem encertat amb el penal. Despr\u00e9s ha arribat el seu gol i ells han donat sensaci\u00f3 de perill durant bastant temps. Hem aguantat quan pat\u00edem i hem marcat el tercer. No hem tingut el domini d\u2019altres vegades, per\u00f2 hem sigut eficaces en les dues \u00e0rees. A vegades passa a l\u2019inrev\u00e9s i ens lamentem\u201d."},{"type":"paragraph","text":"En ser preguntat pels objectius, Seti\u00e9n s\u2019ha mostrat tranquil i ha preferit centrar-se en gaudir la vict\u00f2ria i pensar en el pr\u00f2xim comprom\u00eds: \u201cPreferisc pensar en el Valencia. El meu objectiu \u00e9s arribar al final de LaLiga amb ritme i amb opcions d\u2019entrar a Europa. Les coses poden canviar d\u2019una setmana a una altra. Ho sabem. L\u2019important \u00e9s que queda menys i estem ben posicionats. Estem amb confian\u00e7a pel resultat i a veure si podem recuperar-nos b\u00e9 i afrontar el partit del dimecres amb confian\u00e7a\u201d."},{"type":"paragraph","text":"Finalment, l\u2019entrenador groguet ha enaltit la gran actuaci\u00f3 de Nico Jackson, que ha liderat al Villarreal marcant un doblet: \u201c\u00c9s un gran jugador. Ha estat lesionat un temps i ha entrat a poc a poc en l\u2019equip. Ha millorat molt. Sab\u00edem del seu potencial i l\u2019est\u00e0 demostrant. \u00c9s un jugador que ataca l\u2019esquena i ens dona molt en atac\u201d."},{"type":"video","kind":"iframe","url":"https:\/\/www.youtube.com\/embed\/2yF2JFFEqus?feature=oembed","poster":""}]}},"sections":[{"id":"section-1","title":"L\u2019entrenador del Villarreal ha remarcat l\u2019encert golejador del seu equip davant el RC Celta","text":"L\u2019entrenador del Villarreal ha remarcat l\u2019encert golejador del seu equip davant el RC Celta L\u2019entrenador del Villarreal, Quique Seti\u00e9n, ha comparegut davant els mitjans de comunicaci\u00f3 per a analitzar la important vict\u00f2ria del seu equip davant el RC Celta (3-1): \u201cSab\u00edem que anava a ser complicat perqu\u00e8 el Celta \u00e9s un gran equip. Fan les coses b\u00e9 i et comprometen molt, per\u00f2 hem aconseguit portar-nos el partit\u201d. El t\u00e8cnic c\u00e0ntabre ha subratllat l\u2019encert en un partit amb menys domini que els anteriors: \u201cHem comen\u00e7at molt b\u00e9. Hem marcat dos gols i fins i tot podr\u00edem haver-nos posat 3-0, per\u00f2 no hem encertat amb el penal. Despr\u00e9s ha arribat el seu gol i ells han donat sensaci\u00f3 de perill durant bastant temps. Hem aguantat quan pat\u00edem i hem marcat el tercer. No hem tingut el domini d\u2019altres vegades, per\u00f2 hem sigut eficaces en les dues \u00e0rees. A vegades passa a l\u2019inrev\u00e9s i ens lamentem\u201d. En ser preguntat pels objectius, Seti\u00e9n s\u2019ha mostrat tranquil i ha preferit centrar-se en gaudir la vict\u00f2ria i pensar en el pr\u00f2xim comprom\u00eds: \u201cPreferisc pensar en el Valencia. El meu objectiu \u00e9s arribar al final de LaLiga amb ritme i amb opcions d\u2019entrar a Europa. Les coses poden canviar d\u2019una setmana a una altra. Ho sabem. L\u2019important \u00e9s que queda menys i estem ben posicionats. Estem amb confian\u00e7a pel resultat i a veure si podem recuperar-nos b\u00e9 i afrontar el partit del dimecres amb confian\u00e7a\u201d. Finalment, l\u2019entrenador groguet ha enaltit la gran actuaci\u00f3 de Nico Jackson, que ha liderat al Villarreal marcant un doblet: \u201c\u00c9s un gran jugador. Ha estat lesionat un temps i ha entrat a poc a poc en l\u2019equip. Ha millorat molt. Sab\u00edem del seu potencial i l\u2019est\u00e0 demostrant. \u00c9s un jugador que ataca l\u2019esquena i ens dona molt en atac\u201d.","url":"","background_image":"","images":[],"videos":[{"type":"video","kind":"iframe","url":"https:\/\/www.youtube.com\/embed\/2yF2JFFEqus?feature=oembed","poster":""}],"links":[]}]},"excerpt":{"rendered":"L&#8217;entrenador del Villarreal ha remarcat l&#8217;encert golejador del seu equip davant el RC Celta","protected":false},"author":25,"featured_media":263846,"comment_status":"closed","ping_status":"closed","sticky":false,"template":"","format":"standard","meta":{"_acf_changed":false,"footnotes":""},"categories":[13493],"tags":[717,9270,11042,9278,13861,13971,9680,716,9205,9627,9203],"acf":null,"lang":"val","translations":{"es":263842,"en":263847,"val":263848},"essential_grid":{"has_grid":false},"formatted_date":"April 30, 2023","modified_date":"April 30, 2023","permalink":"https:\/\/villarrealcf.es\/val\/setien-hem-sigut-eficacos-en-les-arees\/","reading_time":2,"featured_media_data":{"id":263846,"title":"seti","caption":"","alt_text":"","description":"","mime_type":"image\/jpeg","source_url":"https:\/\/villarrealcf.es\/wp-content\/uploads\/2023\/04\/seti-1.jpg","sizes":{"thumbnail":{"url":"https:\/\/villarrealcf.es\/wp-content\/uploads\/2023\/04\/seti-1-1920x1080.jpg","width":1920,"height":1080},"medium":{"url":"https:\/\/villarrealcf.es\/wp-content\/uploads\/2023\/04\/seti-1-1920x1080.jpg","width":1920,"height":1080},"medium_large":{"url":"https:\/\/villarrealcf.es\/wp-content\/uploads\/2023\/04\/seti-1-768x432.jpg","width":768,"height":432},"large":{"url":"https:\/\/villarrealcf.es\/wp-content\/uploads\/2023\/04\/seti-1-1920x1080.jpg","width":788,"height":443},"1536x1536":{"url":"https:\/\/villarrealcf.es\/wp-content\/uploads\/2023\/04\/seti-1-1536x864.jpg","width":1536,"height":864},"2048x2048":{"url":"https:\/\/villarrealcf.es\/wp-content\/uploads\/2023\/04\/seti-1.jpg","width":1920,"height":1080},"tp-image-grid":{"url":"https:\/\/villarrealcf.es\/wp-content\/uploads\/2023\/04\/seti-1-700x700.jpg","width":700,"height":700},"size-bunyad-medium":{"url":"https:\/\/villarrealcf.es\/wp-content\/uploads\/2023\/04\/seti-1-1920x1080.jpg","width":1920,"height":1080},"sportspress-crop-medium":{"url":"https:\/\/villarrealcf.es\/wp-content\/uploads\/2023\/04\/seti-1-300x300.jpg","width":300,"height":300},"sportspress-fit-medium":{"url":"https:\/\/villarrealcf.es\/wp-content\/uploads\/2023\/04\/seti-1-300x169.jpg","width":300,"height":169},"sportspress-fit-icon":{"url":"https:\/\/villarrealcf.es\/wp-content\/uploads\/2023\/04\/seti-1-128x72.jpg","width":128,"height":72},"sportspress-fit-mini":{"url":"https:\/\/villarrealcf.es\/wp-content\/uploads\/2023\/04\/seti-1-32x18.jpg","width":32,"height":18},"bunyad-small":{"url":"https:\/\/villarrealcf.es\/wp-content\/uploads\/2023\/04\/seti-1-150x84.jpg","width":150,"height":84},"bunyad-medium":{"url":"https:\/\/villarrealcf.es\/wp-content\/uploads\/2023\/04\/seti-1-450x253.jpg","width":450,"height":253},"bunyad-full":{"url":"https:\/\/villarrealcf.es\/wp-content\/uploads\/2023\/04\/seti-1-1200x675.jpg","width":1200,"height":675},"bunyad-viewport":{"url":"https:\/\/villarrealcf.es\/wp-content\/uploads\/2023\/04\/seti-1.jpg","width":1920,"height":1080},"bunyad-768":{"url":"https:\/\/villarrealcf.es\/wp-content\/uploads\/2023\/04\/seti-1-768x432.jpg","width":768,"height":432},"full":{"url":"https:\/\/villarrealcf.es\/wp-content\/uploads\/2023\/04\/seti-1.jpg","width":1920,"height":1080}}},"author_data":{"id":"25","name":"Javier Ayuso","first_name":"Javier","last_name":"Ayuso","description":"","avatar_url":"https:\/\/secure.gravatar.com\/avatar\/fcf8894be45988fcce5bbff0efe1790d2a7f4ba57e2c7c898f5068154e696495?s=96&d=mm&r=g","acf":null},"taxonomies_data":{"category":[{"id":13493,"name":"Primer equip","slug":"primer-equip","acf":null}],"post_tag":[{"id":717,"name":"Football","slug":"football-d34","acf":null},{"id":9270,"name":"Futbol","slug":"futbol-val","acf":null},{"id":11042,"name":"LaLiga","slug":"laliga-val","acf":null},{"id":9278,"name":"primera division","slug":"primera-division-val","acf":null},{"id":13861,"name":"Quique Seti\u00e9n","slug":"quique-setien-3-val","acf":null},{"id":13971,"name":"RC Celta","slug":"rc-celta-val","acf":null},{"id":9680,"name":"Rueda de prensa","slug":"rueda-de-prensa-val","acf":null},{"id":716,"name":"Soccer","slug":"soccer-d105","acf":null},{"id":9205,"name":"Submarino","slug":"submarino-val","acf":null},{"id":9627,"name":"Submarino Amarillo","slug":"submarino-amarillo-val","acf":null},{"id":9203,"name":"Villarreal CF","slug":"villarreal-cf-val","acf":null}],"translation_priority":[{"id":735,"name":"Optional","slug":"optional-val","acf":null}]},"seo_full":{"native":{"title":"Seti\u00e9n: \u201cHem sigut efica\u00e7os en les \u00e0rees\u201d - Web Oficial del Villarreal CF","description":"L'entrenador del Villarreal ha remarcat l'encert golejador del seu equip davant el RC Celta","canonical":"https:\/\/villarrealcf.es\/val\/setien-hem-sigut-eficacos-en-les-arees\/"}},"_links":{"self":[{"href":"https:\/\/villarrealcf.es\/val\/wp-json\/wp\/v2\/posts\/263848","targetHints":{"allow":["GET"]}}],"collection":[{"href":"https:\/\/villarrealcf.es\/val\/wp-json\/wp\/v2\/posts"}],"about":[{"href":"https:\/\/villarrealcf.es\/val\/wp-json\/wp\/v2\/types\/post"}],"author":[{"embeddable":true,"href":"https:\/\/villarrealcf.es\/val\/wp-json\/wp\/v2\/users\/25"}],"replies":[{"embeddable":true,"href":"https:\/\/villarrealcf.es\/val\/wp-json\/wp\/v2\/comments?post=263848"}],"version-history":[{"count":0,"href":"https:\/\/villarrealcf.es\/val\/wp-json\/wp\/v2\/posts\/263848\/revisions"}],"wp:featuredmedia":[{"embeddable":true,"href":"https:\/\/villarrealcf.es\/val\/wp-json\/wp\/v2\/media\/263846"}],"wp:attachment":[{"href":"https:\/\/villarrealcf.es\/val\/wp-json\/wp\/v2\/media?parent=263848"}],"wp:term":[{"taxonomy":"category","embeddable":true,"href":"https:\/\/villarrealcf.es\/val\/wp-json\/wp\/v2\/categories?post=263848"},{"taxonomy":"post_tag","embeddable":true,"href":"https:\/\/villarrealcf.es\/val\/wp-json\/wp\/v2\/tags?post=263848"}],"curies":[{"name":"wp","href":"https:\/\/api.w.org\/{rel}","templated":true}]}}