{"id":263732,"date":"2023-04-28T15:52:04","date_gmt":"2023-04-28T13:52:04","guid":{"rendered":"https:\/\/villarrealcf.es\/\/tenemos-que-ser-agresivas-y-demostrar-que-queremos-ganar\/"},"modified":"2023-04-28T15:58:07","modified_gmt":"2023-04-28T13:58:07","slug":"hem-de-ser-agressives-i-demostrar-que-volem-guanyar","status":"publish","type":"post","link":"https:\/\/villarrealcf.es\/val\/hem-de-ser-agressives-i-demostrar-que-volem-guanyar\/","title":{"rendered":"\u201cHem de ser agressives i demostrar que volem guanyar\u201d"},"content":{"protected":false,"blocks":[{"type":"heading","level":2,"text":"Sara Monforte ha subratllat la import\u00e0ncia del partit davant un equip dominador com la Real Sociedad (diumenge, 12.00h)"},{"type":"paragraph","text":"L\u2019entrenadora del Villarreal Femen\u00ed, Sara Monforte, ha comparegut davant els mitjans de comunicaci\u00f3 per a analitzar l\u2019actualitat del conjunt groguet, que s\u2019enfronta a la Real Sociedad aquest diumenge, a partir de les 12.00 hores, en el Mini Estadi."},{"type":"video","kind":"iframe","url":"https:\/\/www.youtube.com\/embed\/FRSCQj9EiFY?feature=oembed","poster":""},{"type":"paragraph","text":"La t\u00e8cnica castellonenca s\u2019ha mostrat optimista, malgrat els \u00faltims resultats del seu equip: \u201cNo hem pogut sumar punts en els \u00faltims partits, per\u00f2 l\u2019equip est\u00e0 en un bon moment i fent les coses b\u00e9. Hem de seguir en la mateixa l\u00ednia de treball. Afrontem el partit amb les mateixes jugadores disponibles i intentarem fer un gran partit davant la Real Sociedad\u201d."},{"type":"paragraph","text":"Repecte al rival, Monforte destaca la qualitat de la Real Sociedad i les fortaleses del seu joc col\u00b7lectiu: \u201c\u00c9s un equip amb talent i en el qual les jugadores es coneixen b\u00e9. Possiblement, enguany no estan on volien estar, per\u00f2 buscaran aconseguir un nou triomf i voldran acabar b\u00e9 la temporada. No ens ho posaran f\u00e0cil. S\u00f3n dominadores i \u00e9s complicat llevar-los la pilota\u201d."},{"type":"paragraph","text":"A m\u00e9s, l\u2019entrenadora grogueta ha fet una crida a l\u2019afici\u00f3 perqu\u00e8 vinga a animar al Villarreal Femen\u00ed: \u201cNom\u00e9s queden dos partits a la nostra casa i necessitem a la nostra gent. Els necessitem m\u00e9s que mai perqu\u00e8 ens ajude a aconseguir la vict\u00f2ria. Un triomf seria clau i ens acostaria a l\u2019objectiu de la perman\u00e8ncia\u201d."},{"type":"paragraph","text":"Finalment, Sara Monforte ha assenyalat que el Submar\u00ed ha de ser agressiu i demostrar que vol guanyar: \u201cSom agressives i sabem el que fem. La necessitat de sumar punts ens condiciona. Hem de demostrar que volem m\u00e9s que elles i anar pels tres punts\u201d."}],"structured":{"summary":{"text":"Sara Monforte ha subratllat la import\u00e0ncia del partit davant un equip dominador com la Real Sociedad (diumenge, 12.00h) L\u2019entrenadora del Villarreal Femen\u00ed, Sara Monforte, ha comparegut davant els mitjans de comunicaci\u00f3 per a analitzar l\u2019actualitat del conjunt groguet, que s\u2019enfronta a la Real Sociedad aquest diumenge, a partir de les 12.00 hores, en el Mini Estadi. La t\u00e8cnica castellonenca s\u2019ha mostrat optimista, malgrat els \u00faltims resultats del seu equip: \u201cNo hem pogut sumar punts en els \u00faltims partits, per\u00f2 l\u2019equip est\u00e0 en un bon moment i fent les coses b\u00e9. Hem de seguir en la mateixa l\u00ednia de treball. Afrontem el partit amb les mateixes jugadores disponibles i intentarem fer un gran partit davant la Real Sociedad\u201d. Repecte al rival, Monforte destaca la qualitat de la Real Sociedad i les fortaleses del seu joc col\u00b7lectiu: \u201c\u00c9s un equip amb talent i en el qual les jugadores es coneixen b\u00e9. Possiblement, enguany no estan on volien estar, per\u00f2 buscaran aconseguir un nou triomf i voldran acabar b\u00e9 la temporada. No ens ho posaran f\u00e0cil. S\u00f3n dominadores i \u00e9s complicat llevar-los la pilota\u201d. A m\u00e9s, l\u2019entrenadora grogueta ha fet una crida a l\u2019afici\u00f3 perqu\u00e8 vinga a animar al Villarreal Femen\u00ed: \u201cNom\u00e9s queden dos partits a la nostra casa i necessitem a la nostra gent. Els necessitem m\u00e9s que mai perqu\u00e8 ens ajude a aconseguir la vict\u00f2ria. Un triomf seria clau i ens acostaria a l\u2019objectiu de la perman\u00e8ncia\u201d. Finalment, Sara Monforte ha assenyalat que el Submar\u00ed ha de ser agressiu i demostrar que vol guanyar: \u201cSom agressives i sabem el que fem. La necessitat de sumar punts ens condiciona. Hem de demostrar que volem m\u00e9s que elles i anar pels tres punts\u201d.","headings":[{"type":"heading","level":2,"text":"Sara Monforte ha subratllat la import\u00e0ncia del partit davant un equip dominador com la Real Sociedad (diumenge, 12.00h)"}],"buttons":[],"images":[],"counts":{"blocks":7,"headings":1,"texts":5,"buttons":0,"images":0}},"sections":[{"id":"section-1","title":"Sara Monforte ha subratllat la import\u00e0ncia del partit davant un equip dominador com la Real Sociedad (diumenge, 12.00h)","text":"Sara Monforte ha subratllat la import\u00e0ncia del partit davant un equip dominador com la Real Sociedad (diumenge, 12.00h) L\u2019entrenadora del Villarreal Femen\u00ed, Sara Monforte, ha comparegut davant els mitjans de comunicaci\u00f3 per a analitzar l\u2019actualitat del conjunt groguet, que s\u2019enfronta a la Real Sociedad aquest diumenge, a partir de les 12.00 hores, en el Mini Estadi. La t\u00e8cnica castellonenca s\u2019ha mostrat optimista, malgrat els \u00faltims resultats del seu equip: \u201cNo hem pogut sumar punts en els \u00faltims partits, per\u00f2 l\u2019equip est\u00e0 en un bon moment i fent les coses b\u00e9. Hem de seguir en la mateixa l\u00ednia de treball. Afrontem el partit amb les mateixes jugadores disponibles i intentarem fer un gran partit davant la Real Sociedad\u201d. Repecte al rival, Monforte destaca la qualitat de la Real Sociedad i les fortaleses del seu joc col\u00b7lectiu: \u201c\u00c9s un equip amb talent i en el qual les jugadores es coneixen b\u00e9. Possiblement, enguany no estan on volien estar, per\u00f2 buscaran aconseguir un nou triomf i voldran acabar b\u00e9 la temporada. No ens ho posaran f\u00e0cil. S\u00f3n dominadores i \u00e9s complicat llevar-los la pilota\u201d. A m\u00e9s, l\u2019entrenadora grogueta ha fet una crida a l\u2019afici\u00f3 perqu\u00e8 vinga a animar al Villarreal Femen\u00ed: \u201cNom\u00e9s queden dos partits a la nostra casa i necessitem a la nostra gent. Els necessitem m\u00e9s que mai perqu\u00e8 ens ajude a aconseguir la vict\u00f2ria. Un triomf seria clau i ens acostaria a l\u2019objectiu de la perman\u00e8ncia\u201d. Finalment, Sara Monforte ha assenyalat que el Submar\u00ed ha de ser agressiu i demostrar que vol guanyar: \u201cSom agressives i sabem el que fem. La necessitat de sumar punts ens condiciona. Hem de demostrar que volem m\u00e9s que elles i anar pels tres punts\u201d.","headings":[{"type":"heading","level":2,"text":"Sara Monforte ha subratllat la import\u00e0ncia del partit davant un equip dominador com la Real Sociedad (diumenge, 12.00h)"}],"texts":[{"type":"paragraph","text":"L\u2019entrenadora del Villarreal Femen\u00ed, Sara Monforte, ha comparegut davant els mitjans de comunicaci\u00f3 per a analitzar l\u2019actualitat del conjunt groguet, que s\u2019enfronta a la Real Sociedad aquest diumenge, a partir de les 12.00 hores, en el Mini Estadi."},{"type":"paragraph","text":"La t\u00e8cnica castellonenca s\u2019ha mostrat optimista, malgrat els \u00faltims resultats del seu equip: \u201cNo hem pogut sumar punts en els \u00faltims partits, per\u00f2 l\u2019equip est\u00e0 en un bon moment i fent les coses b\u00e9. Hem de seguir en la mateixa l\u00ednia de treball. Afrontem el partit amb les mateixes jugadores disponibles i intentarem fer un gran partit davant la Real Sociedad\u201d."},{"type":"paragraph","text":"Repecte al rival, Monforte destaca la qualitat de la Real Sociedad i les fortaleses del seu joc col\u00b7lectiu: \u201c\u00c9s un equip amb talent i en el qual les jugadores es coneixen b\u00e9. Possiblement, enguany no estan on volien estar, per\u00f2 buscaran aconseguir un nou triomf i voldran acabar b\u00e9 la temporada. No ens ho posaran f\u00e0cil. S\u00f3n dominadores i \u00e9s complicat llevar-los la pilota\u201d."},{"type":"paragraph","text":"A m\u00e9s, l\u2019entrenadora grogueta ha fet una crida a l\u2019afici\u00f3 perqu\u00e8 vinga a animar al Villarreal Femen\u00ed: \u201cNom\u00e9s queden dos partits a la nostra casa i necessitem a la nostra gent. Els necessitem m\u00e9s que mai perqu\u00e8 ens ajude a aconseguir la vict\u00f2ria. Un triomf seria clau i ens acostaria a l\u2019objectiu de la perman\u00e8ncia\u201d."},{"type":"paragraph","text":"Finalment, Sara Monforte ha assenyalat que el Submar\u00ed ha de ser agressiu i demostrar que vol guanyar: \u201cSom agressives i sabem el que fem. La necessitat de sumar punts ens condiciona. Hem de demostrar que volem m\u00e9s que elles i anar pels tres punts\u201d."}],"buttons":[],"images":[],"widgets":[],"blocks":[{"type":"heading","level":2,"text":"Sara Monforte ha subratllat la import\u00e0ncia del partit davant un equip dominador com la Real Sociedad (diumenge, 12.00h)"},{"type":"paragraph","text":"L\u2019entrenadora del Villarreal Femen\u00ed, Sara Monforte, ha comparegut davant els mitjans de comunicaci\u00f3 per a analitzar l\u2019actualitat del conjunt groguet, que s\u2019enfronta a la Real Sociedad aquest diumenge, a partir de les 12.00 hores, en el Mini Estadi."},{"type":"video","kind":"iframe","url":"https:\/\/www.youtube.com\/embed\/FRSCQj9EiFY?feature=oembed","poster":""},{"type":"paragraph","text":"La t\u00e8cnica castellonenca s\u2019ha mostrat optimista, malgrat els \u00faltims resultats del seu equip: \u201cNo hem pogut sumar punts en els \u00faltims partits, per\u00f2 l\u2019equip est\u00e0 en un bon moment i fent les coses b\u00e9. Hem de seguir en la mateixa l\u00ednia de treball. Afrontem el partit amb les mateixes jugadores disponibles i intentarem fer un gran partit davant la Real Sociedad\u201d."},{"type":"paragraph","text":"Repecte al rival, Monforte destaca la qualitat de la Real Sociedad i les fortaleses del seu joc col\u00b7lectiu: \u201c\u00c9s un equip amb talent i en el qual les jugadores es coneixen b\u00e9. Possiblement, enguany no estan on volien estar, per\u00f2 buscaran aconseguir un nou triomf i voldran acabar b\u00e9 la temporada. No ens ho posaran f\u00e0cil. S\u00f3n dominadores i \u00e9s complicat llevar-los la pilota\u201d."},{"type":"paragraph","text":"A m\u00e9s, l\u2019entrenadora grogueta ha fet una crida a l\u2019afici\u00f3 perqu\u00e8 vinga a animar al Villarreal Femen\u00ed: \u201cNom\u00e9s queden dos partits a la nostra casa i necessitem a la nostra gent. Els necessitem m\u00e9s que mai perqu\u00e8 ens ajude a aconseguir la vict\u00f2ria. Un triomf seria clau i ens acostaria a l\u2019objectiu de la perman\u00e8ncia\u201d."},{"type":"paragraph","text":"Finalment, Sara Monforte ha assenyalat que el Submar\u00ed ha de ser agressiu i demostrar que vol guanyar: \u201cSom agressives i sabem el que fem. La necessitat de sumar punts ens condiciona. Hem de demostrar que volem m\u00e9s que elles i anar pels tres punts\u201d."}]}],"hero":{"id":"section-1","title":"Sara Monforte ha subratllat la import\u00e0ncia del partit davant un equip dominador com la Real Sociedad (diumenge, 12.00h)","text":"Sara Monforte ha subratllat la import\u00e0ncia del partit davant un equip dominador com la Real Sociedad (diumenge, 12.00h) L\u2019entrenadora del Villarreal Femen\u00ed, Sara Monforte, ha comparegut davant els mitjans de comunicaci\u00f3 per a analitzar l\u2019actualitat del conjunt groguet, que s\u2019enfronta a la Real Sociedad aquest diumenge, a partir de les 12.00 hores, en el Mini Estadi. La t\u00e8cnica castellonenca s\u2019ha mostrat optimista, malgrat els \u00faltims resultats del seu equip: \u201cNo hem pogut sumar punts en els \u00faltims partits, per\u00f2 l\u2019equip est\u00e0 en un bon moment i fent les coses b\u00e9. Hem de seguir en la mateixa l\u00ednia de treball. Afrontem el partit amb les mateixes jugadores disponibles i intentarem fer un gran partit davant la Real Sociedad\u201d. Repecte al rival, Monforte destaca la qualitat de la Real Sociedad i les fortaleses del seu joc col\u00b7lectiu: \u201c\u00c9s un equip amb talent i en el qual les jugadores es coneixen b\u00e9. Possiblement, enguany no estan on volien estar, per\u00f2 buscaran aconseguir un nou triomf i voldran acabar b\u00e9 la temporada. No ens ho posaran f\u00e0cil. S\u00f3n dominadores i \u00e9s complicat llevar-los la pilota\u201d. A m\u00e9s, l\u2019entrenadora grogueta ha fet una crida a l\u2019afici\u00f3 perqu\u00e8 vinga a animar al Villarreal Femen\u00ed: \u201cNom\u00e9s queden dos partits a la nostra casa i necessitem a la nostra gent. Els necessitem m\u00e9s que mai perqu\u00e8 ens ajude a aconseguir la vict\u00f2ria. Un triomf seria clau i ens acostaria a l\u2019objectiu de la perman\u00e8ncia\u201d. Finalment, Sara Monforte ha assenyalat que el Submar\u00ed ha de ser agressiu i demostrar que vol guanyar: \u201cSom agressives i sabem el que fem. La necessitat de sumar punts ens condiciona. Hem de demostrar que volem m\u00e9s que elles i anar pels tres punts\u201d.","headings":[{"type":"heading","level":2,"text":"Sara Monforte ha subratllat la import\u00e0ncia del partit davant un equip dominador com la Real Sociedad (diumenge, 12.00h)"}],"texts":[{"type":"paragraph","text":"L\u2019entrenadora del Villarreal Femen\u00ed, Sara Monforte, ha comparegut davant els mitjans de comunicaci\u00f3 per a analitzar l\u2019actualitat del conjunt groguet, que s\u2019enfronta a la Real Sociedad aquest diumenge, a partir de les 12.00 hores, en el Mini Estadi."},{"type":"paragraph","text":"La t\u00e8cnica castellonenca s\u2019ha mostrat optimista, malgrat els \u00faltims resultats del seu equip: \u201cNo hem pogut sumar punts en els \u00faltims partits, per\u00f2 l\u2019equip est\u00e0 en un bon moment i fent les coses b\u00e9. Hem de seguir en la mateixa l\u00ednia de treball. Afrontem el partit amb les mateixes jugadores disponibles i intentarem fer un gran partit davant la Real Sociedad\u201d."},{"type":"paragraph","text":"Repecte al rival, Monforte destaca la qualitat de la Real Sociedad i les fortaleses del seu joc col\u00b7lectiu: \u201c\u00c9s un equip amb talent i en el qual les jugadores es coneixen b\u00e9. Possiblement, enguany no estan on volien estar, per\u00f2 buscaran aconseguir un nou triomf i voldran acabar b\u00e9 la temporada. No ens ho posaran f\u00e0cil. S\u00f3n dominadores i \u00e9s complicat llevar-los la pilota\u201d."},{"type":"paragraph","text":"A m\u00e9s, l\u2019entrenadora grogueta ha fet una crida a l\u2019afici\u00f3 perqu\u00e8 vinga a animar al Villarreal Femen\u00ed: \u201cNom\u00e9s queden dos partits a la nostra casa i necessitem a la nostra gent. Els necessitem m\u00e9s que mai perqu\u00e8 ens ajude a aconseguir la vict\u00f2ria. Un triomf seria clau i ens acostaria a l\u2019objectiu de la perman\u00e8ncia\u201d."},{"type":"paragraph","text":"Finalment, Sara Monforte ha assenyalat que el Submar\u00ed ha de ser agressiu i demostrar que vol guanyar: \u201cSom agressives i sabem el que fem. La necessitat de sumar punts ens condiciona. Hem de demostrar que volem m\u00e9s que elles i anar pels tres punts\u201d."}],"buttons":[],"images":[],"widgets":[],"blocks":[{"type":"heading","level":2,"text":"Sara Monforte ha subratllat la import\u00e0ncia del partit davant un equip dominador com la Real Sociedad (diumenge, 12.00h)"},{"type":"paragraph","text":"L\u2019entrenadora del Villarreal Femen\u00ed, Sara Monforte, ha comparegut davant els mitjans de comunicaci\u00f3 per a analitzar l\u2019actualitat del conjunt groguet, que s\u2019enfronta a la Real Sociedad aquest diumenge, a partir de les 12.00 hores, en el Mini Estadi."},{"type":"video","kind":"iframe","url":"https:\/\/www.youtube.com\/embed\/FRSCQj9EiFY?feature=oembed","poster":""},{"type":"paragraph","text":"La t\u00e8cnica castellonenca s\u2019ha mostrat optimista, malgrat els \u00faltims resultats del seu equip: \u201cNo hem pogut sumar punts en els \u00faltims partits, per\u00f2 l\u2019equip est\u00e0 en un bon moment i fent les coses b\u00e9. Hem de seguir en la mateixa l\u00ednia de treball. Afrontem el partit amb les mateixes jugadores disponibles i intentarem fer un gran partit davant la Real Sociedad\u201d."},{"type":"paragraph","text":"Repecte al rival, Monforte destaca la qualitat de la Real Sociedad i les fortaleses del seu joc col\u00b7lectiu: \u201c\u00c9s un equip amb talent i en el qual les jugadores es coneixen b\u00e9. Possiblement, enguany no estan on volien estar, per\u00f2 buscaran aconseguir un nou triomf i voldran acabar b\u00e9 la temporada. No ens ho posaran f\u00e0cil. S\u00f3n dominadores i \u00e9s complicat llevar-los la pilota\u201d."},{"type":"paragraph","text":"A m\u00e9s, l\u2019entrenadora grogueta ha fet una crida a l\u2019afici\u00f3 perqu\u00e8 vinga a animar al Villarreal Femen\u00ed: \u201cNom\u00e9s queden dos partits a la nostra casa i necessitem a la nostra gent. Els necessitem m\u00e9s que mai perqu\u00e8 ens ajude a aconseguir la vict\u00f2ria. Un triomf seria clau i ens acostaria a l\u2019objectiu de la perman\u00e8ncia\u201d."},{"type":"paragraph","text":"Finalment, Sara Monforte ha assenyalat que el Submar\u00ed ha de ser agressiu i demostrar que vol guanyar: \u201cSom agressives i sabem el que fem. La necessitat de sumar punts ens condiciona. Hem de demostrar que volem m\u00e9s que elles i anar pels tres punts\u201d."}]}},"sections":[{"id":"section-1","title":"Sara Monforte ha subratllat la import\u00e0ncia del partit davant un equip dominador com la Real Sociedad (diumenge, 12.00h)","text":"Sara Monforte ha subratllat la import\u00e0ncia del partit davant un equip dominador com la Real Sociedad (diumenge, 12.00h) L\u2019entrenadora del Villarreal Femen\u00ed, Sara Monforte, ha comparegut davant els mitjans de comunicaci\u00f3 per a analitzar l\u2019actualitat del conjunt groguet, que s\u2019enfronta a la Real Sociedad aquest diumenge, a partir de les 12.00 hores, en el Mini Estadi. La t\u00e8cnica castellonenca s\u2019ha mostrat optimista, malgrat els \u00faltims resultats del seu equip: \u201cNo hem pogut sumar punts en els \u00faltims partits, per\u00f2 l\u2019equip est\u00e0 en un bon moment i fent les coses b\u00e9. Hem de seguir en la mateixa l\u00ednia de treball. Afrontem el partit amb les mateixes jugadores disponibles i intentarem fer un gran partit davant la Real Sociedad\u201d. Repecte al rival, Monforte destaca la qualitat de la Real Sociedad i les fortaleses del seu joc col\u00b7lectiu: \u201c\u00c9s un equip amb talent i en el qual les jugadores es coneixen b\u00e9. Possiblement, enguany no estan on volien estar, per\u00f2 buscaran aconseguir un nou triomf i voldran acabar b\u00e9 la temporada. No ens ho posaran f\u00e0cil. S\u00f3n dominadores i \u00e9s complicat llevar-los la pilota\u201d. A m\u00e9s, l\u2019entrenadora grogueta ha fet una crida a l\u2019afici\u00f3 perqu\u00e8 vinga a animar al Villarreal Femen\u00ed: \u201cNom\u00e9s queden dos partits a la nostra casa i necessitem a la nostra gent. Els necessitem m\u00e9s que mai perqu\u00e8 ens ajude a aconseguir la vict\u00f2ria. Un triomf seria clau i ens acostaria a l\u2019objectiu de la perman\u00e8ncia\u201d. Finalment, Sara Monforte ha assenyalat que el Submar\u00ed ha de ser agressiu i demostrar que vol guanyar: \u201cSom agressives i sabem el que fem. La necessitat de sumar punts ens condiciona. Hem de demostrar que volem m\u00e9s que elles i anar pels tres punts\u201d.","url":"","background_image":"","images":[],"videos":[{"type":"video","kind":"iframe","url":"https:\/\/www.youtube.com\/embed\/FRSCQj9EiFY?feature=oembed","poster":""}],"links":[]}]},"excerpt":{"rendered":"Sara Monforte ha subratllat la import\u00e0ncia del partit davant un equip dominador com la Real Sociedad (diumenge, 12.00h)","protected":false},"author":25,"featured_media":263730,"comment_status":"closed","ping_status":"closed","sticky":false,"template":"","format":"standard","meta":{"_acf_changed":false,"footnotes":""},"categories":[13785],"tags":[13786,717,9270,9684,9240,11768,716,9205,9627,9203],"acf":null,"lang":"val","translations":{"es":263724,"val":263732,"en":263735},"essential_grid":{"has_grid":false},"formatted_date":"April 28, 2023","modified_date":"April 28, 2023","permalink":"https:\/\/villarrealcf.es\/val\/hem-de-ser-agressives-i-demostrar-que-volem-guanyar\/","reading_time":2,"featured_media_data":{"id":263730,"title":"SARA MONFORTE","caption":"SARA MONFORTE","alt_text":"","description":"","mime_type":"image\/jpeg","source_url":"https:\/\/villarrealcf.es\/wp-content\/uploads\/2023\/04\/saramonforte.jpg","sizes":{"thumbnail":{"url":"https:\/\/villarrealcf.es\/wp-content\/uploads\/2023\/04\/saramonforte-1920x1080.jpg","width":1920,"height":1080},"medium":{"url":"https:\/\/villarrealcf.es\/wp-content\/uploads\/2023\/04\/saramonforte-1920x1080.jpg","width":1920,"height":1080},"medium_large":{"url":"https:\/\/villarrealcf.es\/wp-content\/uploads\/2023\/04\/saramonforte-768x432.jpg","width":768,"height":432},"large":{"url":"https:\/\/villarrealcf.es\/wp-content\/uploads\/2023\/04\/saramonforte-1920x1080.jpg","width":788,"height":443},"1536x1536":{"url":"https:\/\/villarrealcf.es\/wp-content\/uploads\/2023\/04\/saramonforte-1536x864.jpg","width":1536,"height":864},"2048x2048":{"url":"https:\/\/villarrealcf.es\/wp-content\/uploads\/2023\/04\/saramonforte.jpg","width":1920,"height":1080},"tp-image-grid":{"url":"https:\/\/villarrealcf.es\/wp-content\/uploads\/2023\/04\/saramonforte-700x700.jpg","width":700,"height":700},"size-bunyad-medium":{"url":"https:\/\/villarrealcf.es\/wp-content\/uploads\/2023\/04\/saramonforte-1920x1080.jpg","width":1920,"height":1080},"sportspress-crop-medium":{"url":"https:\/\/villarrealcf.es\/wp-content\/uploads\/2023\/04\/saramonforte-300x300.jpg","width":300,"height":300},"sportspress-fit-medium":{"url":"https:\/\/villarrealcf.es\/wp-content\/uploads\/2023\/04\/saramonforte-300x169.jpg","width":300,"height":169},"sportspress-fit-icon":{"url":"https:\/\/villarrealcf.es\/wp-content\/uploads\/2023\/04\/saramonforte-128x72.jpg","width":128,"height":72},"sportspress-fit-mini":{"url":"https:\/\/villarrealcf.es\/wp-content\/uploads\/2023\/04\/saramonforte-32x18.jpg","width":32,"height":18},"bunyad-small":{"url":"https:\/\/villarrealcf.es\/wp-content\/uploads\/2023\/04\/saramonforte-150x84.jpg","width":150,"height":84},"bunyad-medium":{"url":"https:\/\/villarrealcf.es\/wp-content\/uploads\/2023\/04\/saramonforte-450x253.jpg","width":450,"height":253},"bunyad-full":{"url":"https:\/\/villarrealcf.es\/wp-content\/uploads\/2023\/04\/saramonforte-1200x675.jpg","width":1200,"height":675},"bunyad-viewport":{"url":"https:\/\/villarrealcf.es\/wp-content\/uploads\/2023\/04\/saramonforte.jpg","width":1920,"height":1080},"bunyad-768":{"url":"https:\/\/villarrealcf.es\/wp-content\/uploads\/2023\/04\/saramonforte-768x432.jpg","width":768,"height":432},"full":{"url":"https:\/\/villarrealcf.es\/wp-content\/uploads\/2023\/04\/saramonforte.jpg","width":1920,"height":1080}}},"author_data":{"id":"25","name":"Javier Ayuso","first_name":"Javier","last_name":"Ayuso","description":"","avatar_url":"https:\/\/secure.gravatar.com\/avatar\/fcf8894be45988fcce5bbff0efe1790d2a7f4ba57e2c7c898f5068154e696495?s=96&d=mm&r=g","acf":null},"taxonomies_data":{"category":[{"id":13785,"name":"Futbol Femen\u00ed","slug":"futbol-femenino-val","acf":null}],"post_tag":[{"id":13786,"name":"Finetwork Liga F","slug":"finetwork-liga-f-2-val-2","acf":null},{"id":717,"name":"Football","slug":"football-d34","acf":null},{"id":9270,"name":"Futbol","slug":"futbol-val","acf":null},{"id":9684,"name":"F\u00fatbol Femenino","slug":"futbol-femenino-val-2","acf":null},{"id":9240,"name":"Real Sociedad","slug":"real-sociedad-val","acf":null},{"id":11768,"name":"Sara Monforte","slug":"sara-monforte-val","acf":null},{"id":716,"name":"Soccer","slug":"soccer-d105","acf":null},{"id":9205,"name":"Submarino","slug":"submarino-val","acf":null},{"id":9627,"name":"Submarino Amarillo","slug":"submarino-amarillo-val","acf":null},{"id":9203,"name":"Villarreal CF","slug":"villarreal-cf-val","acf":null}],"translation_priority":[{"id":735,"name":"Optional","slug":"optional-val","acf":null}]},"seo_full":{"native":{"title":"\u201cHem de ser agressives i demostrar que volem guanyar\u201d - Web Oficial del Villarreal CF","description":"Sara Monforte ha subratllat la import\u00e0ncia del partit davant un equip dominador com la Real Sociedad (diumenge, 12.00h)","canonical":"https:\/\/villarrealcf.es\/val\/hem-de-ser-agressives-i-demostrar-que-volem-guanyar\/"}},"_links":{"self":[{"href":"https:\/\/villarrealcf.es\/val\/wp-json\/wp\/v2\/posts\/263732","targetHints":{"allow":["GET"]}}],"collection":[{"href":"https:\/\/villarrealcf.es\/val\/wp-json\/wp\/v2\/posts"}],"about":[{"href":"https:\/\/villarrealcf.es\/val\/wp-json\/wp\/v2\/types\/post"}],"author":[{"embeddable":true,"href":"https:\/\/villarrealcf.es\/val\/wp-json\/wp\/v2\/users\/25"}],"replies":[{"embeddable":true,"href":"https:\/\/villarrealcf.es\/val\/wp-json\/wp\/v2\/comments?post=263732"}],"version-history":[{"count":0,"href":"https:\/\/villarrealcf.es\/val\/wp-json\/wp\/v2\/posts\/263732\/revisions"}],"wp:featuredmedia":[{"embeddable":true,"href":"https:\/\/villarrealcf.es\/val\/wp-json\/wp\/v2\/media\/263730"}],"wp:attachment":[{"href":"https:\/\/villarrealcf.es\/val\/wp-json\/wp\/v2\/media?parent=263732"}],"wp:term":[{"taxonomy":"category","embeddable":true,"href":"https:\/\/villarrealcf.es\/val\/wp-json\/wp\/v2\/categories?post=263732"},{"taxonomy":"post_tag","embeddable":true,"href":"https:\/\/villarrealcf.es\/val\/wp-json\/wp\/v2\/tags?post=263732"}],"curies":[{"name":"wp","href":"https:\/\/api.w.org\/{rel}","templated":true}]}}