{"id":263649,"date":"2023-04-27T21:13:00","date_gmt":"2023-04-27T19:13:00","guid":{"rendered":"https:\/\/villarrealcf.es\/\/debiamos-creer-en-nuestro-juego-y-confiar-en-que-los-goles-iban-a-llegar\/"},"modified":"2023-04-27T22:27:24","modified_gmt":"2023-04-27T20:27:24","slug":"hem-cregut-en-el-nostre-joc-i-confiem-que-els-gols-anaven-a-arribar","status":"publish","type":"post","link":"https:\/\/villarrealcf.es\/val\/hem-cregut-en-el-nostre-joc-i-confiem-que-els-gols-anaven-a-arribar\/","title":{"rendered":"\u201cHem cregut en el nostre joc i hem confiat que els gols anaven a arribar\u201d"},"content":{"protected":false,"blocks":[{"type":"heading","level":2,"text":"Quique Seti\u00e9n destaca que l\u2019equip no va perdre la fe en la segona meitat i la recompensa va arribar en forma de gols"},{"type":"paragraph","text":"L\u2019entrenador del Villarreal, Quique Seti\u00e9n, ha comparegut davant els mitjans de comunicaci\u00f3 per a analitzar la vict\u00f2ria del seu equip davant el RCD Espanyol (4-2) en l\u2019Estadio de la Cer\u00e1mica."},{"type":"paragraph","text":"El t\u00e8cnic de Santander ha elogiat el treball dels seus futbolistes, que no van perdre la fe despr\u00e9s d\u2019una primera part en la qual els grocs van generar molt, per\u00f2 no van trobar el premi del gol: \u201cSemblava incre\u00efble que acab\u00e0rem per davall en el marcador al descans. Hav\u00edem generat molt i no hem aconseguit fer gol. La sort ve i va. Estava satisfet per la superioritat que s\u2019havia vist. Hav\u00edem de creure en el nostre joc i seguir en la mateixa l\u00ednia\u201d."},{"type":"paragraph","text":"Els gols, esquius en el primer temps, s\u00ed que van arribar en la segona meitat. Quatre punts per a donar-li la volta al marcador i sentenciar el partit: \u201cEn el descans he insistit que hav\u00edem de mantindre la calma, seguir pel mateix cam\u00ed. Hem marcat l\u2019empat i hem comen\u00e7at a creure que an\u00e0vem a guanyar el partit\u201d."},{"type":"paragraph","text":"Aix\u00ed mateix, Seti\u00e9n ha destacat que el triomf dona confian\u00e7a a l\u2019equip i li consolida en la lluita per Europa: \u201cEixim refor\u00e7ats. Aquesta vict\u00f2ria ens ajuda a seguir per aquest cam\u00ed. Estem en la lluita per Europa. No volem perdre el ritme. Sabem el que queda i volem competir fins al final\u201d."},{"type":"paragraph","text":"Finalment, l\u2019entrenador c\u00e0ntabre ja mira cap als pr\u00f2xims compromisos de lliga del Villarreal, que s\u2019enfronta en una setmana a RC Celta i Valencia CF: \u201cHem de preparar-nos b\u00e9 per a tots dos partits. Tractarem que no ens afecte molt el cansament i de plantejar de la millor forma els partits\u201d."},{"type":"video","kind":"iframe","url":"https:\/\/www.youtube.com\/embed\/9MBen8j60m0?feature=oembed","poster":""}],"structured":{"summary":{"text":"Quique Seti\u00e9n destaca que l\u2019equip no va perdre la fe en la segona meitat i la recompensa va arribar en forma de gols L\u2019entrenador del Villarreal, Quique Seti\u00e9n, ha comparegut davant els mitjans de comunicaci\u00f3 per a analitzar la vict\u00f2ria del seu equip davant el RCD Espanyol (4-2) en l\u2019Estadio de la Cer\u00e1mica. El t\u00e8cnic de Santander ha elogiat el treball dels seus futbolistes, que no van perdre la fe despr\u00e9s d\u2019una primera part en la qual els grocs van generar molt, per\u00f2 no van trobar el premi del gol: \u201cSemblava incre\u00efble que acab\u00e0rem per davall en el marcador al descans. Hav\u00edem generat molt i no hem aconseguit fer gol. La sort ve i va. Estava satisfet per la superioritat que s\u2019havia vist. Hav\u00edem de creure en el nostre joc i seguir en la mateixa l\u00ednia\u201d. Els gols, esquius en el primer temps, s\u00ed que van arribar en la segona meitat. Quatre punts per a donar-li la volta al marcador i sentenciar el partit: \u201cEn el descans he insistit que hav\u00edem de mantindre la calma, seguir pel mateix cam\u00ed. Hem marcat l\u2019empat i hem comen\u00e7at a creure que an\u00e0vem a guanyar el partit\u201d. Aix\u00ed mateix, Seti\u00e9n ha destacat que el triomf dona confian\u00e7a a l\u2019equip i li consolida en la lluita per Europa: \u201cEixim refor\u00e7ats. Aquesta vict\u00f2ria ens ajuda a seguir per aquest cam\u00ed. Estem en la lluita per Europa. No volem perdre el ritme. Sabem el que queda i volem competir fins al final\u201d. Finalment, l\u2019entrenador c\u00e0ntabre ja mira cap als pr\u00f2xims compromisos de lliga del Villarreal, que s\u2019enfronta en una setmana a RC Celta i Valencia CF: \u201cHem de preparar-nos b\u00e9 per a tots dos partits. Tractarem que no ens afecte molt el cansament i de plantejar de la millor forma els partits\u201d.","headings":[{"type":"heading","level":2,"text":"Quique Seti\u00e9n destaca que l\u2019equip no va perdre la fe en la segona meitat i la recompensa va arribar en forma de gols"}],"buttons":[],"images":[],"counts":{"blocks":7,"headings":1,"texts":5,"buttons":0,"images":0}},"sections":[{"id":"section-1","title":"Quique Seti\u00e9n destaca que l\u2019equip no va perdre la fe en la segona meitat i la recompensa va arribar en forma de gols","text":"Quique Seti\u00e9n destaca que l\u2019equip no va perdre la fe en la segona meitat i la recompensa va arribar en forma de gols L\u2019entrenador del Villarreal, Quique Seti\u00e9n, ha comparegut davant els mitjans de comunicaci\u00f3 per a analitzar la vict\u00f2ria del seu equip davant el RCD Espanyol (4-2) en l\u2019Estadio de la Cer\u00e1mica. El t\u00e8cnic de Santander ha elogiat el treball dels seus futbolistes, que no van perdre la fe despr\u00e9s d\u2019una primera part en la qual els grocs van generar molt, per\u00f2 no van trobar el premi del gol: \u201cSemblava incre\u00efble que acab\u00e0rem per davall en el marcador al descans. Hav\u00edem generat molt i no hem aconseguit fer gol. La sort ve i va. Estava satisfet per la superioritat que s\u2019havia vist. Hav\u00edem de creure en el nostre joc i seguir en la mateixa l\u00ednia\u201d. Els gols, esquius en el primer temps, s\u00ed que van arribar en la segona meitat. Quatre punts per a donar-li la volta al marcador i sentenciar el partit: \u201cEn el descans he insistit que hav\u00edem de mantindre la calma, seguir pel mateix cam\u00ed. Hem marcat l\u2019empat i hem comen\u00e7at a creure que an\u00e0vem a guanyar el partit\u201d. Aix\u00ed mateix, Seti\u00e9n ha destacat que el triomf dona confian\u00e7a a l\u2019equip i li consolida en la lluita per Europa: \u201cEixim refor\u00e7ats. Aquesta vict\u00f2ria ens ajuda a seguir per aquest cam\u00ed. Estem en la lluita per Europa. No volem perdre el ritme. Sabem el que queda i volem competir fins al final\u201d. Finalment, l\u2019entrenador c\u00e0ntabre ja mira cap als pr\u00f2xims compromisos de lliga del Villarreal, que s\u2019enfronta en una setmana a RC Celta i Valencia CF: \u201cHem de preparar-nos b\u00e9 per a tots dos partits. Tractarem que no ens afecte molt el cansament i de plantejar de la millor forma els partits\u201d.","headings":[{"type":"heading","level":2,"text":"Quique Seti\u00e9n destaca que l\u2019equip no va perdre la fe en la segona meitat i la recompensa va arribar en forma de gols"}],"texts":[{"type":"paragraph","text":"L\u2019entrenador del Villarreal, Quique Seti\u00e9n, ha comparegut davant els mitjans de comunicaci\u00f3 per a analitzar la vict\u00f2ria del seu equip davant el RCD Espanyol (4-2) en l\u2019Estadio de la Cer\u00e1mica."},{"type":"paragraph","text":"El t\u00e8cnic de Santander ha elogiat el treball dels seus futbolistes, que no van perdre la fe despr\u00e9s d\u2019una primera part en la qual els grocs van generar molt, per\u00f2 no van trobar el premi del gol: \u201cSemblava incre\u00efble que acab\u00e0rem per davall en el marcador al descans. Hav\u00edem generat molt i no hem aconseguit fer gol. La sort ve i va. Estava satisfet per la superioritat que s\u2019havia vist. Hav\u00edem de creure en el nostre joc i seguir en la mateixa l\u00ednia\u201d."},{"type":"paragraph","text":"Els gols, esquius en el primer temps, s\u00ed que van arribar en la segona meitat. Quatre punts per a donar-li la volta al marcador i sentenciar el partit: \u201cEn el descans he insistit que hav\u00edem de mantindre la calma, seguir pel mateix cam\u00ed. Hem marcat l\u2019empat i hem comen\u00e7at a creure que an\u00e0vem a guanyar el partit\u201d."},{"type":"paragraph","text":"Aix\u00ed mateix, Seti\u00e9n ha destacat que el triomf dona confian\u00e7a a l\u2019equip i li consolida en la lluita per Europa: \u201cEixim refor\u00e7ats. Aquesta vict\u00f2ria ens ajuda a seguir per aquest cam\u00ed. Estem en la lluita per Europa. No volem perdre el ritme. Sabem el que queda i volem competir fins al final\u201d."},{"type":"paragraph","text":"Finalment, l\u2019entrenador c\u00e0ntabre ja mira cap als pr\u00f2xims compromisos de lliga del Villarreal, que s\u2019enfronta en una setmana a RC Celta i Valencia CF: \u201cHem de preparar-nos b\u00e9 per a tots dos partits. Tractarem que no ens afecte molt el cansament i de plantejar de la millor forma els partits\u201d."}],"buttons":[],"images":[],"widgets":[],"blocks":[{"type":"heading","level":2,"text":"Quique Seti\u00e9n destaca que l\u2019equip no va perdre la fe en la segona meitat i la recompensa va arribar en forma de gols"},{"type":"paragraph","text":"L\u2019entrenador del Villarreal, Quique Seti\u00e9n, ha comparegut davant els mitjans de comunicaci\u00f3 per a analitzar la vict\u00f2ria del seu equip davant el RCD Espanyol (4-2) en l\u2019Estadio de la Cer\u00e1mica."},{"type":"paragraph","text":"El t\u00e8cnic de Santander ha elogiat el treball dels seus futbolistes, que no van perdre la fe despr\u00e9s d\u2019una primera part en la qual els grocs van generar molt, per\u00f2 no van trobar el premi del gol: \u201cSemblava incre\u00efble que acab\u00e0rem per davall en el marcador al descans. Hav\u00edem generat molt i no hem aconseguit fer gol. La sort ve i va. Estava satisfet per la superioritat que s\u2019havia vist. Hav\u00edem de creure en el nostre joc i seguir en la mateixa l\u00ednia\u201d."},{"type":"paragraph","text":"Els gols, esquius en el primer temps, s\u00ed que van arribar en la segona meitat. Quatre punts per a donar-li la volta al marcador i sentenciar el partit: \u201cEn el descans he insistit que hav\u00edem de mantindre la calma, seguir pel mateix cam\u00ed. Hem marcat l\u2019empat i hem comen\u00e7at a creure que an\u00e0vem a guanyar el partit\u201d."},{"type":"paragraph","text":"Aix\u00ed mateix, Seti\u00e9n ha destacat que el triomf dona confian\u00e7a a l\u2019equip i li consolida en la lluita per Europa: \u201cEixim refor\u00e7ats. Aquesta vict\u00f2ria ens ajuda a seguir per aquest cam\u00ed. Estem en la lluita per Europa. No volem perdre el ritme. Sabem el que queda i volem competir fins al final\u201d."},{"type":"paragraph","text":"Finalment, l\u2019entrenador c\u00e0ntabre ja mira cap als pr\u00f2xims compromisos de lliga del Villarreal, que s\u2019enfronta en una setmana a RC Celta i Valencia CF: \u201cHem de preparar-nos b\u00e9 per a tots dos partits. Tractarem que no ens afecte molt el cansament i de plantejar de la millor forma els partits\u201d."},{"type":"video","kind":"iframe","url":"https:\/\/www.youtube.com\/embed\/9MBen8j60m0?feature=oembed","poster":""}]}],"hero":{"id":"section-1","title":"Quique Seti\u00e9n destaca que l\u2019equip no va perdre la fe en la segona meitat i la recompensa va arribar en forma de gols","text":"Quique Seti\u00e9n destaca que l\u2019equip no va perdre la fe en la segona meitat i la recompensa va arribar en forma de gols L\u2019entrenador del Villarreal, Quique Seti\u00e9n, ha comparegut davant els mitjans de comunicaci\u00f3 per a analitzar la vict\u00f2ria del seu equip davant el RCD Espanyol (4-2) en l\u2019Estadio de la Cer\u00e1mica. El t\u00e8cnic de Santander ha elogiat el treball dels seus futbolistes, que no van perdre la fe despr\u00e9s d\u2019una primera part en la qual els grocs van generar molt, per\u00f2 no van trobar el premi del gol: \u201cSemblava incre\u00efble que acab\u00e0rem per davall en el marcador al descans. Hav\u00edem generat molt i no hem aconseguit fer gol. La sort ve i va. Estava satisfet per la superioritat que s\u2019havia vist. Hav\u00edem de creure en el nostre joc i seguir en la mateixa l\u00ednia\u201d. Els gols, esquius en el primer temps, s\u00ed que van arribar en la segona meitat. Quatre punts per a donar-li la volta al marcador i sentenciar el partit: \u201cEn el descans he insistit que hav\u00edem de mantindre la calma, seguir pel mateix cam\u00ed. Hem marcat l\u2019empat i hem comen\u00e7at a creure que an\u00e0vem a guanyar el partit\u201d. Aix\u00ed mateix, Seti\u00e9n ha destacat que el triomf dona confian\u00e7a a l\u2019equip i li consolida en la lluita per Europa: \u201cEixim refor\u00e7ats. Aquesta vict\u00f2ria ens ajuda a seguir per aquest cam\u00ed. Estem en la lluita per Europa. No volem perdre el ritme. Sabem el que queda i volem competir fins al final\u201d. Finalment, l\u2019entrenador c\u00e0ntabre ja mira cap als pr\u00f2xims compromisos de lliga del Villarreal, que s\u2019enfronta en una setmana a RC Celta i Valencia CF: \u201cHem de preparar-nos b\u00e9 per a tots dos partits. Tractarem que no ens afecte molt el cansament i de plantejar de la millor forma els partits\u201d.","headings":[{"type":"heading","level":2,"text":"Quique Seti\u00e9n destaca que l\u2019equip no va perdre la fe en la segona meitat i la recompensa va arribar en forma de gols"}],"texts":[{"type":"paragraph","text":"L\u2019entrenador del Villarreal, Quique Seti\u00e9n, ha comparegut davant els mitjans de comunicaci\u00f3 per a analitzar la vict\u00f2ria del seu equip davant el RCD Espanyol (4-2) en l\u2019Estadio de la Cer\u00e1mica."},{"type":"paragraph","text":"El t\u00e8cnic de Santander ha elogiat el treball dels seus futbolistes, que no van perdre la fe despr\u00e9s d\u2019una primera part en la qual els grocs van generar molt, per\u00f2 no van trobar el premi del gol: \u201cSemblava incre\u00efble que acab\u00e0rem per davall en el marcador al descans. Hav\u00edem generat molt i no hem aconseguit fer gol. La sort ve i va. Estava satisfet per la superioritat que s\u2019havia vist. Hav\u00edem de creure en el nostre joc i seguir en la mateixa l\u00ednia\u201d."},{"type":"paragraph","text":"Els gols, esquius en el primer temps, s\u00ed que van arribar en la segona meitat. Quatre punts per a donar-li la volta al marcador i sentenciar el partit: \u201cEn el descans he insistit que hav\u00edem de mantindre la calma, seguir pel mateix cam\u00ed. Hem marcat l\u2019empat i hem comen\u00e7at a creure que an\u00e0vem a guanyar el partit\u201d."},{"type":"paragraph","text":"Aix\u00ed mateix, Seti\u00e9n ha destacat que el triomf dona confian\u00e7a a l\u2019equip i li consolida en la lluita per Europa: \u201cEixim refor\u00e7ats. Aquesta vict\u00f2ria ens ajuda a seguir per aquest cam\u00ed. Estem en la lluita per Europa. No volem perdre el ritme. Sabem el que queda i volem competir fins al final\u201d."},{"type":"paragraph","text":"Finalment, l\u2019entrenador c\u00e0ntabre ja mira cap als pr\u00f2xims compromisos de lliga del Villarreal, que s\u2019enfronta en una setmana a RC Celta i Valencia CF: \u201cHem de preparar-nos b\u00e9 per a tots dos partits. Tractarem que no ens afecte molt el cansament i de plantejar de la millor forma els partits\u201d."}],"buttons":[],"images":[],"widgets":[],"blocks":[{"type":"heading","level":2,"text":"Quique Seti\u00e9n destaca que l\u2019equip no va perdre la fe en la segona meitat i la recompensa va arribar en forma de gols"},{"type":"paragraph","text":"L\u2019entrenador del Villarreal, Quique Seti\u00e9n, ha comparegut davant els mitjans de comunicaci\u00f3 per a analitzar la vict\u00f2ria del seu equip davant el RCD Espanyol (4-2) en l\u2019Estadio de la Cer\u00e1mica."},{"type":"paragraph","text":"El t\u00e8cnic de Santander ha elogiat el treball dels seus futbolistes, que no van perdre la fe despr\u00e9s d\u2019una primera part en la qual els grocs van generar molt, per\u00f2 no van trobar el premi del gol: \u201cSemblava incre\u00efble que acab\u00e0rem per davall en el marcador al descans. Hav\u00edem generat molt i no hem aconseguit fer gol. La sort ve i va. Estava satisfet per la superioritat que s\u2019havia vist. Hav\u00edem de creure en el nostre joc i seguir en la mateixa l\u00ednia\u201d."},{"type":"paragraph","text":"Els gols, esquius en el primer temps, s\u00ed que van arribar en la segona meitat. Quatre punts per a donar-li la volta al marcador i sentenciar el partit: \u201cEn el descans he insistit que hav\u00edem de mantindre la calma, seguir pel mateix cam\u00ed. Hem marcat l\u2019empat i hem comen\u00e7at a creure que an\u00e0vem a guanyar el partit\u201d."},{"type":"paragraph","text":"Aix\u00ed mateix, Seti\u00e9n ha destacat que el triomf dona confian\u00e7a a l\u2019equip i li consolida en la lluita per Europa: \u201cEixim refor\u00e7ats. Aquesta vict\u00f2ria ens ajuda a seguir per aquest cam\u00ed. Estem en la lluita per Europa. No volem perdre el ritme. Sabem el que queda i volem competir fins al final\u201d."},{"type":"paragraph","text":"Finalment, l\u2019entrenador c\u00e0ntabre ja mira cap als pr\u00f2xims compromisos de lliga del Villarreal, que s\u2019enfronta en una setmana a RC Celta i Valencia CF: \u201cHem de preparar-nos b\u00e9 per a tots dos partits. Tractarem que no ens afecte molt el cansament i de plantejar de la millor forma els partits\u201d."},{"type":"video","kind":"iframe","url":"https:\/\/www.youtube.com\/embed\/9MBen8j60m0?feature=oembed","poster":""}]}},"sections":[{"id":"section-1","title":"Quique Seti\u00e9n destaca que l\u2019equip no va perdre la fe en la segona meitat i la recompensa va arribar en forma de gols","text":"Quique Seti\u00e9n destaca que l\u2019equip no va perdre la fe en la segona meitat i la recompensa va arribar en forma de gols L\u2019entrenador del Villarreal, Quique Seti\u00e9n, ha comparegut davant els mitjans de comunicaci\u00f3 per a analitzar la vict\u00f2ria del seu equip davant el RCD Espanyol (4-2) en l\u2019Estadio de la Cer\u00e1mica. El t\u00e8cnic de Santander ha elogiat el treball dels seus futbolistes, que no van perdre la fe despr\u00e9s d\u2019una primera part en la qual els grocs van generar molt, per\u00f2 no van trobar el premi del gol: \u201cSemblava incre\u00efble que acab\u00e0rem per davall en el marcador al descans. Hav\u00edem generat molt i no hem aconseguit fer gol. La sort ve i va. Estava satisfet per la superioritat que s\u2019havia vist. Hav\u00edem de creure en el nostre joc i seguir en la mateixa l\u00ednia\u201d. Els gols, esquius en el primer temps, s\u00ed que van arribar en la segona meitat. Quatre punts per a donar-li la volta al marcador i sentenciar el partit: \u201cEn el descans he insistit que hav\u00edem de mantindre la calma, seguir pel mateix cam\u00ed. Hem marcat l\u2019empat i hem comen\u00e7at a creure que an\u00e0vem a guanyar el partit\u201d. Aix\u00ed mateix, Seti\u00e9n ha destacat que el triomf dona confian\u00e7a a l\u2019equip i li consolida en la lluita per Europa: \u201cEixim refor\u00e7ats. Aquesta vict\u00f2ria ens ajuda a seguir per aquest cam\u00ed. Estem en la lluita per Europa. No volem perdre el ritme. Sabem el que queda i volem competir fins al final\u201d. Finalment, l\u2019entrenador c\u00e0ntabre ja mira cap als pr\u00f2xims compromisos de lliga del Villarreal, que s\u2019enfronta en una setmana a RC Celta i Valencia CF: \u201cHem de preparar-nos b\u00e9 per a tots dos partits. Tractarem que no ens afecte molt el cansament i de plantejar de la millor forma els partits\u201d.","url":"","background_image":"","images":[],"videos":[{"type":"video","kind":"iframe","url":"https:\/\/www.youtube.com\/embed\/9MBen8j60m0?feature=oembed","poster":""}],"links":[]}]},"excerpt":{"rendered":"Quique Seti\u00e9n destaca que l&#8217;equip no va perdre la fe en la segona meitat i la recompensa va arribar en forma de gols","protected":false},"author":25,"featured_media":263646,"comment_status":"closed","ping_status":"closed","sticky":false,"template":"","format":"standard","meta":{"_acf_changed":false,"footnotes":""},"categories":[13493],"tags":[11429,717,9270,5222,11042,13427,9278,13861,9465,716,9205,9627,9203],"acf":null,"lang":"val","translations":{"es":263643,"val":263649,"en":263651},"essential_grid":{"has_grid":false},"formatted_date":"April 27, 2023","modified_date":"April 27, 2023","permalink":"https:\/\/villarrealcf.es\/val\/hem-cregut-en-el-nostre-joc-i-confiem-que-els-gols-anaven-a-arribar\/","reading_time":2,"featured_media_data":{"id":263646,"title":"seti","caption":"","alt_text":"","description":"","mime_type":"image\/jpeg","source_url":"https:\/\/villarrealcf.es\/wp-content\/uploads\/2023\/04\/seti.jpg","sizes":{"thumbnail":{"url":"https:\/\/villarrealcf.es\/wp-content\/uploads\/2023\/04\/seti-1920x1080.jpg","width":1920,"height":1080},"medium":{"url":"https:\/\/villarrealcf.es\/wp-content\/uploads\/2023\/04\/seti-1920x1080.jpg","width":1920,"height":1080},"medium_large":{"url":"https:\/\/villarrealcf.es\/wp-content\/uploads\/2023\/04\/seti-768x432.jpg","width":768,"height":432},"large":{"url":"https:\/\/villarrealcf.es\/wp-content\/uploads\/2023\/04\/seti-1920x1080.jpg","width":788,"height":443},"1536x1536":{"url":"https:\/\/villarrealcf.es\/wp-content\/uploads\/2023\/04\/seti-1536x864.jpg","width":1536,"height":864},"2048x2048":{"url":"https:\/\/villarrealcf.es\/wp-content\/uploads\/2023\/04\/seti.jpg","width":1920,"height":1080},"tp-image-grid":{"url":"https:\/\/villarrealcf.es\/wp-content\/uploads\/2023\/04\/seti-700x700.jpg","width":700,"height":700},"size-bunyad-medium":{"url":"https:\/\/villarrealcf.es\/wp-content\/uploads\/2023\/04\/seti-1920x1080.jpg","width":1920,"height":1080},"sportspress-crop-medium":{"url":"https:\/\/villarrealcf.es\/wp-content\/uploads\/2023\/04\/seti-300x300.jpg","width":300,"height":300},"sportspress-fit-medium":{"url":"https:\/\/villarrealcf.es\/wp-content\/uploads\/2023\/04\/seti-300x169.jpg","width":300,"height":169},"sportspress-fit-icon":{"url":"https:\/\/villarrealcf.es\/wp-content\/uploads\/2023\/04\/seti-128x72.jpg","width":128,"height":72},"sportspress-fit-mini":{"url":"https:\/\/villarrealcf.es\/wp-content\/uploads\/2023\/04\/seti-32x18.jpg","width":32,"height":18},"bunyad-small":{"url":"https:\/\/villarrealcf.es\/wp-content\/uploads\/2023\/04\/seti-150x84.jpg","width":150,"height":84},"bunyad-medium":{"url":"https:\/\/villarrealcf.es\/wp-content\/uploads\/2023\/04\/seti-450x253.jpg","width":450,"height":253},"bunyad-full":{"url":"https:\/\/villarrealcf.es\/wp-content\/uploads\/2023\/04\/seti-1200x675.jpg","width":1200,"height":675},"bunyad-viewport":{"url":"https:\/\/villarrealcf.es\/wp-content\/uploads\/2023\/04\/seti.jpg","width":1920,"height":1080},"bunyad-768":{"url":"https:\/\/villarrealcf.es\/wp-content\/uploads\/2023\/04\/seti-768x432.jpg","width":768,"height":432},"full":{"url":"https:\/\/villarrealcf.es\/wp-content\/uploads\/2023\/04\/seti.jpg","width":1920,"height":1080}}},"author_data":{"id":"25","name":"Javier Ayuso","first_name":"Javier","last_name":"Ayuso","description":"","avatar_url":"https:\/\/secure.gravatar.com\/avatar\/fcf8894be45988fcce5bbff0efe1790d2a7f4ba57e2c7c898f5068154e696495?s=96&d=mm&r=g","acf":null},"taxonomies_data":{"category":[{"id":13493,"name":"Primer equip","slug":"primer-equip","acf":null}],"post_tag":[{"id":11429,"name":"Estadio de la Cer\u00e1mica","slug":"estadio-de-la-ceramica-val","acf":null},{"id":717,"name":"Football","slug":"football-d34","acf":null},{"id":9270,"name":"Futbol","slug":"futbol-val","acf":null},{"id":5222,"name":"Jornada 31","slug":"jornada-31","acf":null},{"id":11042,"name":"LaLiga","slug":"laliga-val","acf":null},{"id":13427,"name":"Primer Equipo","slug":"primer-equipo-val","acf":null},{"id":9278,"name":"primera division","slug":"primera-division-val","acf":null},{"id":13861,"name":"Quique Seti\u00e9n","slug":"quique-setien-3-val","acf":null},{"id":9465,"name":"RCD Espanyol","slug":"rcd-espanyol-val","acf":null},{"id":716,"name":"Soccer","slug":"soccer-d105","acf":null},{"id":9205,"name":"Submarino","slug":"submarino-val","acf":null},{"id":9627,"name":"Submarino Amarillo","slug":"submarino-amarillo-val","acf":null},{"id":9203,"name":"Villarreal CF","slug":"villarreal-cf-val","acf":null}],"translation_priority":[{"id":735,"name":"Optional","slug":"optional-val","acf":null}]},"seo_full":{"native":{"title":"\u201cHem cregut en el nostre joc i hem confiat que els gols anaven a arribar\u201d - Web Oficial del Villarreal CF","description":"Quique Seti\u00e9n destaca que l'equip no va perdre la fe en la segona meitat i la recompensa va arribar en forma de gols","canonical":"https:\/\/villarrealcf.es\/val\/hem-cregut-en-el-nostre-joc-i-confiem-que-els-gols-anaven-a-arribar\/"}},"_links":{"self":[{"href":"https:\/\/villarrealcf.es\/val\/wp-json\/wp\/v2\/posts\/263649","targetHints":{"allow":["GET"]}}],"collection":[{"href":"https:\/\/villarrealcf.es\/val\/wp-json\/wp\/v2\/posts"}],"about":[{"href":"https:\/\/villarrealcf.es\/val\/wp-json\/wp\/v2\/types\/post"}],"author":[{"embeddable":true,"href":"https:\/\/villarrealcf.es\/val\/wp-json\/wp\/v2\/users\/25"}],"replies":[{"embeddable":true,"href":"https:\/\/villarrealcf.es\/val\/wp-json\/wp\/v2\/comments?post=263649"}],"version-history":[{"count":0,"href":"https:\/\/villarrealcf.es\/val\/wp-json\/wp\/v2\/posts\/263649\/revisions"}],"wp:featuredmedia":[{"embeddable":true,"href":"https:\/\/villarrealcf.es\/val\/wp-json\/wp\/v2\/media\/263646"}],"wp:attachment":[{"href":"https:\/\/villarrealcf.es\/val\/wp-json\/wp\/v2\/media?parent=263649"}],"wp:term":[{"taxonomy":"category","embeddable":true,"href":"https:\/\/villarrealcf.es\/val\/wp-json\/wp\/v2\/categories?post=263649"},{"taxonomy":"post_tag","embeddable":true,"href":"https:\/\/villarrealcf.es\/val\/wp-json\/wp\/v2\/tags?post=263649"}],"curies":[{"name":"wp","href":"https:\/\/api.w.org\/{rel}","templated":true}]}}