{"id":263594,"date":"2023-04-26T18:09:48","date_gmt":"2023-04-26T16:09:48","guid":{"rendered":"https:\/\/villarrealcf.es\/\/el-villarreal-athletic-el-sabado-13-de-mayo-a-las-18-30-horas\/"},"modified":"2023-04-26T18:11:17","modified_gmt":"2023-04-26T16:11:17","slug":"el-villarreal-athletic-el-sabado-13-de-mayo-a-las-18-30-horas","status":"publish","type":"post","link":"https:\/\/villarrealcf.es\/val\/el-villarreal-athletic-el-sabado-13-de-mayo-a-las-18-30-horas\/","title":{"rendered":"El Villarreal-Athletic, el dissabte 13 de maig a les 18.30 hores"},"content":{"protected":false,"blocks":[{"type":"heading","level":2,"text":"LaLiga ha fet oficial els horaris de la jornada 34 de la competici\u00f3 dom\u00e8stica"},{"type":"paragraph","text":"LaLiga ha donat a con\u00e9ixer els horaris de la jornada 34 de LaLiga Santander 2022\/23. El Villarreal CF s\u2019enfrontar\u00e0 el dissabte 13 de maig, a partir de les 18.30 hores, a l\u2019Athletic Club en l\u2019Estadi de la Cer\u00e0mica."},{"type":"paragraph","text":"El partit es podr\u00e0 seguir en directe a trav\u00e9s de Movistar+ LaLiga. #VillarrealAthletic"}],"structured":{"summary":{"text":"LaLiga ha fet oficial els horaris de la jornada 34 de la competici\u00f3 dom\u00e8stica LaLiga ha donat a con\u00e9ixer els horaris de la jornada 34 de LaLiga Santander 2022\/23. El Villarreal CF s\u2019enfrontar\u00e0 el dissabte 13 de maig, a partir de les 18.30 hores, a l\u2019Athletic Club en l\u2019Estadi de la Cer\u00e0mica. El partit es podr\u00e0 seguir en directe a trav\u00e9s de Movistar+ LaLiga. #VillarrealAthletic","headings":[{"type":"heading","level":2,"text":"LaLiga ha fet oficial els horaris de la jornada 34 de la competici\u00f3 dom\u00e8stica"}],"buttons":[],"images":[],"counts":{"blocks":3,"headings":1,"texts":2,"buttons":0,"images":0}},"sections":[{"id":"section-1","title":"LaLiga ha fet oficial els horaris de la jornada 34 de la competici\u00f3 dom\u00e8stica","text":"LaLiga ha fet oficial els horaris de la jornada 34 de la competici\u00f3 dom\u00e8stica LaLiga ha donat a con\u00e9ixer els horaris de la jornada 34 de LaLiga Santander 2022\/23. El Villarreal CF s\u2019enfrontar\u00e0 el dissabte 13 de maig, a partir de les 18.30 hores, a l\u2019Athletic Club en l\u2019Estadi de la Cer\u00e0mica. El partit es podr\u00e0 seguir en directe a trav\u00e9s de Movistar+ LaLiga. #VillarrealAthletic","headings":[{"type":"heading","level":2,"text":"LaLiga ha fet oficial els horaris de la jornada 34 de la competici\u00f3 dom\u00e8stica"}],"texts":[{"type":"paragraph","text":"LaLiga ha donat a con\u00e9ixer els horaris de la jornada 34 de LaLiga Santander 2022\/23. El Villarreal CF s\u2019enfrontar\u00e0 el dissabte 13 de maig, a partir de les 18.30 hores, a l\u2019Athletic Club en l\u2019Estadi de la Cer\u00e0mica."},{"type":"paragraph","text":"El partit es podr\u00e0 seguir en directe a trav\u00e9s de Movistar+ LaLiga. #VillarrealAthletic"}],"buttons":[],"images":[],"widgets":[],"blocks":[{"type":"heading","level":2,"text":"LaLiga ha fet oficial els horaris de la jornada 34 de la competici\u00f3 dom\u00e8stica"},{"type":"paragraph","text":"LaLiga ha donat a con\u00e9ixer els horaris de la jornada 34 de LaLiga Santander 2022\/23. El Villarreal CF s\u2019enfrontar\u00e0 el dissabte 13 de maig, a partir de les 18.30 hores, a l\u2019Athletic Club en l\u2019Estadi de la Cer\u00e0mica."},{"type":"paragraph","text":"El partit es podr\u00e0 seguir en directe a trav\u00e9s de Movistar+ LaLiga. #VillarrealAthletic"}]}],"hero":{"id":"section-1","title":"LaLiga ha fet oficial els horaris de la jornada 34 de la competici\u00f3 dom\u00e8stica","text":"LaLiga ha fet oficial els horaris de la jornada 34 de la competici\u00f3 dom\u00e8stica LaLiga ha donat a con\u00e9ixer els horaris de la jornada 34 de LaLiga Santander 2022\/23. El Villarreal CF s\u2019enfrontar\u00e0 el dissabte 13 de maig, a partir de les 18.30 hores, a l\u2019Athletic Club en l\u2019Estadi de la Cer\u00e0mica. El partit es podr\u00e0 seguir en directe a trav\u00e9s de Movistar+ LaLiga. #VillarrealAthletic","headings":[{"type":"heading","level":2,"text":"LaLiga ha fet oficial els horaris de la jornada 34 de la competici\u00f3 dom\u00e8stica"}],"texts":[{"type":"paragraph","text":"LaLiga ha donat a con\u00e9ixer els horaris de la jornada 34 de LaLiga Santander 2022\/23. El Villarreal CF s\u2019enfrontar\u00e0 el dissabte 13 de maig, a partir de les 18.30 hores, a l\u2019Athletic Club en l\u2019Estadi de la Cer\u00e0mica."},{"type":"paragraph","text":"El partit es podr\u00e0 seguir en directe a trav\u00e9s de Movistar+ LaLiga. #VillarrealAthletic"}],"buttons":[],"images":[],"widgets":[],"blocks":[{"type":"heading","level":2,"text":"LaLiga ha fet oficial els horaris de la jornada 34 de la competici\u00f3 dom\u00e8stica"},{"type":"paragraph","text":"LaLiga ha donat a con\u00e9ixer els horaris de la jornada 34 de LaLiga Santander 2022\/23. El Villarreal CF s\u2019enfrontar\u00e0 el dissabte 13 de maig, a partir de les 18.30 hores, a l\u2019Athletic Club en l\u2019Estadi de la Cer\u00e0mica."},{"type":"paragraph","text":"El partit es podr\u00e0 seguir en directe a trav\u00e9s de Movistar+ LaLiga. #VillarrealAthletic"}]}},"sections":[{"id":"section-1","title":"LaLiga ha fet oficial els horaris de la jornada 34 de la competici\u00f3 dom\u00e8stica","text":"LaLiga ha fet oficial els horaris de la jornada 34 de la competici\u00f3 dom\u00e8stica LaLiga ha donat a con\u00e9ixer els horaris de la jornada 34 de LaLiga Santander 2022\/23. El Villarreal CF s\u2019enfrontar\u00e0 el dissabte 13 de maig, a partir de les 18.30 hores, a l\u2019Athletic Club en l\u2019Estadi de la Cer\u00e0mica. El partit es podr\u00e0 seguir en directe a trav\u00e9s de Movistar+ LaLiga. #VillarrealAthletic","url":"","background_image":"","images":[],"videos":[],"links":[]}]},"excerpt":{"rendered":"LaLiga ha fet oficial els horaris de la jornada 34 de la competici\u00f3 dom\u00e8stica","protected":false},"author":33,"featured_media":263592,"comment_status":"closed","ping_status":"closed","sticky":false,"template":"","format":"standard","meta":{"_acf_changed":false,"footnotes":""},"categories":[13493],"tags":[11384,11429,717,9270,9779,11042,11136,716,9205,9627,9203],"acf":null,"lang":"val","translations":{"es":263589,"val":263594,"en":263597},"essential_grid":{"has_grid":false},"formatted_date":"April 26, 2023","modified_date":"April 26, 2023","permalink":"https:\/\/villarrealcf.es\/val\/el-villarreal-athletic-el-sabado-13-de-mayo-a-las-18-30-horas\/","reading_time":1,"featured_media_data":{"id":263592,"title":"samu chukwueze","caption":"samu chukwueze","alt_text":"","description":"","mime_type":"image\/jpeg","source_url":"https:\/\/villarrealcf.es\/wp-content\/uploads\/2023\/04\/AthleticClub-VillarrealCF-080.jpg","sizes":{"thumbnail":{"url":"https:\/\/villarrealcf.es\/wp-content\/uploads\/2023\/04\/AthleticClub-VillarrealCF-080-1920x1080.jpg","width":1920,"height":1080},"medium":{"url":"https:\/\/villarrealcf.es\/wp-content\/uploads\/2023\/04\/AthleticClub-VillarrealCF-080-1920x1080.jpg","width":1920,"height":1080},"medium_large":{"url":"https:\/\/villarrealcf.es\/wp-content\/uploads\/2023\/04\/AthleticClub-VillarrealCF-080-768x432.jpg","width":768,"height":432},"large":{"url":"https:\/\/villarrealcf.es\/wp-content\/uploads\/2023\/04\/AthleticClub-VillarrealCF-080-1920x1080.jpg","width":788,"height":443},"1536x1536":{"url":"https:\/\/villarrealcf.es\/wp-content\/uploads\/2023\/04\/AthleticClub-VillarrealCF-080-1536x864.jpg","width":1536,"height":864},"2048x2048":{"url":"https:\/\/villarrealcf.es\/wp-content\/uploads\/2023\/04\/AthleticClub-VillarrealCF-080-2048x1152.jpg","width":2048,"height":1152},"tp-image-grid":{"url":"https:\/\/villarrealcf.es\/wp-content\/uploads\/2023\/04\/AthleticClub-VillarrealCF-080-700x700.jpg","width":700,"height":700},"size-bunyad-medium":{"url":"https:\/\/villarrealcf.es\/wp-content\/uploads\/2023\/04\/AthleticClub-VillarrealCF-080-1920x1080.jpg","width":1920,"height":1080},"sportspress-crop-medium":{"url":"https:\/\/villarrealcf.es\/wp-content\/uploads\/2023\/04\/AthleticClub-VillarrealCF-080-300x300.jpg","width":300,"height":300},"sportspress-fit-medium":{"url":"https:\/\/villarrealcf.es\/wp-content\/uploads\/2023\/04\/AthleticClub-VillarrealCF-080-300x169.jpg","width":300,"height":169},"sportspress-fit-icon":{"url":"https:\/\/villarrealcf.es\/wp-content\/uploads\/2023\/04\/AthleticClub-VillarrealCF-080-128x72.jpg","width":128,"height":72},"sportspress-fit-mini":{"url":"https:\/\/villarrealcf.es\/wp-content\/uploads\/2023\/04\/AthleticClub-VillarrealCF-080-32x18.jpg","width":32,"height":18},"bunyad-small":{"url":"https:\/\/villarrealcf.es\/wp-content\/uploads\/2023\/04\/AthleticClub-VillarrealCF-080-150x84.jpg","width":150,"height":84},"bunyad-medium":{"url":"https:\/\/villarrealcf.es\/wp-content\/uploads\/2023\/04\/AthleticClub-VillarrealCF-080-450x253.jpg","width":450,"height":253},"bunyad-full":{"url":"https:\/\/villarrealcf.es\/wp-content\/uploads\/2023\/04\/AthleticClub-VillarrealCF-080-1200x675.jpg","width":1200,"height":675},"bunyad-viewport":{"url":"https:\/\/villarrealcf.es\/wp-content\/uploads\/2023\/04\/AthleticClub-VillarrealCF-080-2048x1152.jpg","width":2048,"height":1152},"bunyad-768":{"url":"https:\/\/villarrealcf.es\/wp-content\/uploads\/2023\/04\/AthleticClub-VillarrealCF-080-768x432.jpg","width":768,"height":432},"full":{"url":"https:\/\/villarrealcf.es\/wp-content\/uploads\/2023\/04\/AthleticClub-VillarrealCF-080.jpg","width":2352,"height":1323}}},"author_data":{"id":"33","name":"Nacho Tejada","first_name":"Nacho","last_name":"Tejada","description":"","avatar_url":"https:\/\/secure.gravatar.com\/avatar\/b1580534b2fcd93e031504756165758941290488df5c88966a26f84344931fd1?s=96&d=mm&r=g","acf":null},"taxonomies_data":{"category":[{"id":13493,"name":"Primer equip","slug":"primer-equip","acf":null}],"post_tag":[{"id":11384,"name":"Athletic Club","slug":"athletic-club-val","acf":null},{"id":11429,"name":"Estadio de la Cer\u00e1mica","slug":"estadio-de-la-ceramica-val","acf":null},{"id":717,"name":"Football","slug":"football-d34","acf":null},{"id":9270,"name":"Futbol","slug":"futbol-val","acf":null},{"id":9779,"name":"Jornada 34","slug":"jornada-34-val","acf":null},{"id":11042,"name":"LaLiga","slug":"laliga-val","acf":null},{"id":11136,"name":"LaLiga Santander","slug":"laliga-santander-val","acf":null},{"id":716,"name":"Soccer","slug":"soccer-d105","acf":null},{"id":9205,"name":"Submarino","slug":"submarino-val","acf":null},{"id":9627,"name":"Submarino Amarillo","slug":"submarino-amarillo-val","acf":null},{"id":9203,"name":"Villarreal CF","slug":"villarreal-cf-val","acf":null}],"translation_priority":[{"id":735,"name":"Optional","slug":"optional-val","acf":null}]},"seo_full":{"native":{"title":"El Villarreal-Athletic, el dissabte 13 de maig a les 18.30 hores - Web Oficial del Villarreal CF","description":"LaLiga ha fet oficial els horaris de la jornada 34 de la competici\u00f3 dom\u00e8stica","canonical":"https:\/\/villarrealcf.es\/val\/el-villarreal-athletic-el-sabado-13-de-mayo-a-las-18-30-horas\/"}},"_links":{"self":[{"href":"https:\/\/villarrealcf.es\/val\/wp-json\/wp\/v2\/posts\/263594","targetHints":{"allow":["GET"]}}],"collection":[{"href":"https:\/\/villarrealcf.es\/val\/wp-json\/wp\/v2\/posts"}],"about":[{"href":"https:\/\/villarrealcf.es\/val\/wp-json\/wp\/v2\/types\/post"}],"author":[{"embeddable":true,"href":"https:\/\/villarrealcf.es\/val\/wp-json\/wp\/v2\/users\/33"}],"replies":[{"embeddable":true,"href":"https:\/\/villarrealcf.es\/val\/wp-json\/wp\/v2\/comments?post=263594"}],"version-history":[{"count":0,"href":"https:\/\/villarrealcf.es\/val\/wp-json\/wp\/v2\/posts\/263594\/revisions"}],"wp:featuredmedia":[{"embeddable":true,"href":"https:\/\/villarrealcf.es\/val\/wp-json\/wp\/v2\/media\/263592"}],"wp:attachment":[{"href":"https:\/\/villarrealcf.es\/val\/wp-json\/wp\/v2\/media?parent=263594"}],"wp:term":[{"taxonomy":"category","embeddable":true,"href":"https:\/\/villarrealcf.es\/val\/wp-json\/wp\/v2\/categories?post=263594"},{"taxonomy":"post_tag","embeddable":true,"href":"https:\/\/villarrealcf.es\/val\/wp-json\/wp\/v2\/tags?post=263594"}],"curies":[{"name":"wp","href":"https:\/\/api.w.org\/{rel}","templated":true}]}}