{"id":263565,"date":"2023-04-26T12:31:21","date_gmt":"2023-04-26T10:31:21","guid":{"rendered":"https:\/\/villarrealcf.es\/\/horarios-de-los-equipos-del-villarreal-12\/"},"modified":"2023-04-26T13:54:07","modified_gmt":"2023-04-26T11:54:07","slug":"horaris-dels-equips-del-villarreal-4","status":"publish","type":"post","link":"https:\/\/villarrealcf.es\/val\/horaris-dels-equips-del-villarreal-4\/","title":{"rendered":"Horaris dels equips del Villarreal"},"content":{"protected":false,"blocks":[{"type":"heading","level":2,"text":"Un total d\u201911 equips del Submar\u00ed juguen a casa aquest cap de setmana"},{"type":"paragraph","text":"El Villarreal CF ja coneix els horaris dels partits que jugaran els equips de la Cantera Grogueta aquest cap de setmana. Un total d\u201911 equips disputaran a casa en la present jornada. Els duels m\u00e9s destacats, a m\u00e9s del del primer equip contra el Celta, \u00e9s el del Juvenil A contra l\u2019H\u00e9rcules, que se celebrar\u00e0 el dissabte, a les 16.00 hores, en el Mini Estadi, i el del Villarreal Femen\u00ed contra la Real Sociedad aquest diumenge a les 12.00 hores en el mateix escenari."},{"type":"paragraph","text":"A continuaci\u00f3, pots consultar tots els horaris dels equips del Villarreal:"},{"type":"image","url":"https:\/\/villarrealcf.es\/\/wp-content\/uploads\/2023\/04\/horarios-4-1200x1080.jpg","alt":"","width":748,"height":673,"srcset":"https:\/\/villarrealcf.es\/wp-content\/uploads\/2023\/04\/horarios-4-1200x1080.jpg 1200w, https:\/\/villarrealcf.es\/\/wp-content\/uploads\/2023\/04\/horarios-4-1200x1080.jpg 1920w, https:\/\/villarrealcf.es\/wp-content\/uploads\/2023\/04\/horarios-4-1536x1382.jpg 1536w, https:\/\/villarrealcf.es\/\/wp-content\/uploads\/2023\/04\/horarios-4-1200x1080.jpg 1920w, https:\/\/villarrealcf.es\/\/wp-content\/uploads\/2023\/04\/horarios-4-1200x1080.jpg 1920w, https:\/\/villarrealcf.es\/wp-content\/uploads\/2023\/04\/horarios-4-32x29.jpg 32w, https:\/\/villarrealcf.es\/wp-content\/uploads\/2023\/04\/horarios-4-150x135.jpg 150w, https:\/\/villarrealcf.es\/\/wp-content\/uploads\/2023\/04\/horarios-4-1200x1080.jpg 1920w, https:\/\/villarrealcf.es\/wp-content\/uploads\/2023\/04\/horarios-4.jpg 1587w","sizes":"auto, (max-width: 748px) 100vw, 748px"}],"structured":{"summary":{"text":"Un total d\u201911 equips del Submar\u00ed juguen a casa aquest cap de setmana El Villarreal CF ja coneix els horaris dels partits que jugaran els equips de la Cantera Grogueta aquest cap de setmana. Un total d\u201911 equips disputaran a casa en la present jornada. Els duels m\u00e9s destacats, a m\u00e9s del del primer equip contra el Celta, \u00e9s el del Juvenil A contra l\u2019H\u00e9rcules, que se celebrar\u00e0 el dissabte, a les 16.00 hores, en el Mini Estadi, i el del Villarreal Femen\u00ed contra la Real Sociedad aquest diumenge a les 12.00 hores en el mateix escenari. A continuaci\u00f3, pots consultar tots els horaris dels equips del Villarreal:","headings":[{"type":"heading","level":2,"text":"Un total d\u201911 equips del Submar\u00ed juguen a casa aquest cap de setmana"}],"buttons":[],"images":[{"type":"image","url":"https:\/\/villarrealcf.es\/\/wp-content\/uploads\/2023\/04\/horarios-4-1200x1080.jpg","alt":"","width":748,"height":673,"srcset":"https:\/\/villarrealcf.es\/wp-content\/uploads\/2023\/04\/horarios-4-1200x1080.jpg 1200w, https:\/\/villarrealcf.es\/\/wp-content\/uploads\/2023\/04\/horarios-4-1200x1080.jpg 1920w, https:\/\/villarrealcf.es\/wp-content\/uploads\/2023\/04\/horarios-4-1536x1382.jpg 1536w, https:\/\/villarrealcf.es\/\/wp-content\/uploads\/2023\/04\/horarios-4-1200x1080.jpg 1920w, https:\/\/villarrealcf.es\/\/wp-content\/uploads\/2023\/04\/horarios-4-1200x1080.jpg 1920w, https:\/\/villarrealcf.es\/wp-content\/uploads\/2023\/04\/horarios-4-32x29.jpg 32w, https:\/\/villarrealcf.es\/wp-content\/uploads\/2023\/04\/horarios-4-150x135.jpg 150w, https:\/\/villarrealcf.es\/\/wp-content\/uploads\/2023\/04\/horarios-4-1200x1080.jpg 1920w, https:\/\/villarrealcf.es\/wp-content\/uploads\/2023\/04\/horarios-4.jpg 1587w","sizes":"auto, (max-width: 748px) 100vw, 748px"}],"counts":{"blocks":4,"headings":1,"texts":2,"buttons":0,"images":1}},"sections":[{"id":"section-1","title":"Un total d\u201911 equips del Submar\u00ed juguen a casa aquest cap de setmana","text":"Un total d\u201911 equips del Submar\u00ed juguen a casa aquest cap de setmana El Villarreal CF ja coneix els horaris dels partits que jugaran els equips de la Cantera Grogueta aquest cap de setmana. Un total d\u201911 equips disputaran a casa en la present jornada. Els duels m\u00e9s destacats, a m\u00e9s del del primer equip contra el Celta, \u00e9s el del Juvenil A contra l\u2019H\u00e9rcules, que se celebrar\u00e0 el dissabte, a les 16.00 hores, en el Mini Estadi, i el del Villarreal Femen\u00ed contra la Real Sociedad aquest diumenge a les 12.00 hores en el mateix escenari. A continuaci\u00f3, pots consultar tots els horaris dels equips del Villarreal:","headings":[{"type":"heading","level":2,"text":"Un total d\u201911 equips del Submar\u00ed juguen a casa aquest cap de setmana"}],"texts":[{"type":"paragraph","text":"El Villarreal CF ja coneix els horaris dels partits que jugaran els equips de la Cantera Grogueta aquest cap de setmana. Un total d\u201911 equips disputaran a casa en la present jornada. Els duels m\u00e9s destacats, a m\u00e9s del del primer equip contra el Celta, \u00e9s el del Juvenil A contra l\u2019H\u00e9rcules, que se celebrar\u00e0 el dissabte, a les 16.00 hores, en el Mini Estadi, i el del Villarreal Femen\u00ed contra la Real Sociedad aquest diumenge a les 12.00 hores en el mateix escenari."},{"type":"paragraph","text":"A continuaci\u00f3, pots consultar tots els horaris dels equips del Villarreal:"}],"buttons":[],"images":[{"type":"image","url":"https:\/\/villarrealcf.es\/\/wp-content\/uploads\/2023\/04\/horarios-4-1200x1080.jpg","alt":"","width":748,"height":673,"srcset":"https:\/\/villarrealcf.es\/wp-content\/uploads\/2023\/04\/horarios-4-1200x1080.jpg 1200w, https:\/\/villarrealcf.es\/\/wp-content\/uploads\/2023\/04\/horarios-4-1200x1080.jpg 1920w, https:\/\/villarrealcf.es\/wp-content\/uploads\/2023\/04\/horarios-4-1536x1382.jpg 1536w, https:\/\/villarrealcf.es\/\/wp-content\/uploads\/2023\/04\/horarios-4-1200x1080.jpg 1920w, https:\/\/villarrealcf.es\/\/wp-content\/uploads\/2023\/04\/horarios-4-1200x1080.jpg 1920w, https:\/\/villarrealcf.es\/wp-content\/uploads\/2023\/04\/horarios-4-32x29.jpg 32w, https:\/\/villarrealcf.es\/wp-content\/uploads\/2023\/04\/horarios-4-150x135.jpg 150w, https:\/\/villarrealcf.es\/\/wp-content\/uploads\/2023\/04\/horarios-4-1200x1080.jpg 1920w, https:\/\/villarrealcf.es\/wp-content\/uploads\/2023\/04\/horarios-4.jpg 1587w","sizes":"auto, (max-width: 748px) 100vw, 748px"}],"widgets":[],"blocks":[{"type":"heading","level":2,"text":"Un total d\u201911 equips del Submar\u00ed juguen a casa aquest cap de setmana"},{"type":"paragraph","text":"El Villarreal CF ja coneix els horaris dels partits que jugaran els equips de la Cantera Grogueta aquest cap de setmana. Un total d\u201911 equips disputaran a casa en la present jornada. Els duels m\u00e9s destacats, a m\u00e9s del del primer equip contra el Celta, \u00e9s el del Juvenil A contra l\u2019H\u00e9rcules, que se celebrar\u00e0 el dissabte, a les 16.00 hores, en el Mini Estadi, i el del Villarreal Femen\u00ed contra la Real Sociedad aquest diumenge a les 12.00 hores en el mateix escenari."},{"type":"paragraph","text":"A continuaci\u00f3, pots consultar tots els horaris dels equips del Villarreal:"},{"type":"image","url":"https:\/\/villarrealcf.es\/\/wp-content\/uploads\/2023\/04\/horarios-4-1200x1080.jpg","alt":"","width":748,"height":673,"srcset":"https:\/\/villarrealcf.es\/wp-content\/uploads\/2023\/04\/horarios-4-1200x1080.jpg 1200w, https:\/\/villarrealcf.es\/\/wp-content\/uploads\/2023\/04\/horarios-4-1200x1080.jpg 1920w, https:\/\/villarrealcf.es\/wp-content\/uploads\/2023\/04\/horarios-4-1536x1382.jpg 1536w, https:\/\/villarrealcf.es\/\/wp-content\/uploads\/2023\/04\/horarios-4-1200x1080.jpg 1920w, https:\/\/villarrealcf.es\/\/wp-content\/uploads\/2023\/04\/horarios-4-1200x1080.jpg 1920w, https:\/\/villarrealcf.es\/wp-content\/uploads\/2023\/04\/horarios-4-32x29.jpg 32w, https:\/\/villarrealcf.es\/wp-content\/uploads\/2023\/04\/horarios-4-150x135.jpg 150w, https:\/\/villarrealcf.es\/\/wp-content\/uploads\/2023\/04\/horarios-4-1200x1080.jpg 1920w, https:\/\/villarrealcf.es\/wp-content\/uploads\/2023\/04\/horarios-4.jpg 1587w","sizes":"auto, (max-width: 748px) 100vw, 748px"}]}],"hero":{"id":"section-1","title":"Un total d\u201911 equips del Submar\u00ed juguen a casa aquest cap de setmana","text":"Un total d\u201911 equips del Submar\u00ed juguen a casa aquest cap de setmana El Villarreal CF ja coneix els horaris dels partits que jugaran els equips de la Cantera Grogueta aquest cap de setmana. Un total d\u201911 equips disputaran a casa en la present jornada. Els duels m\u00e9s destacats, a m\u00e9s del del primer equip contra el Celta, \u00e9s el del Juvenil A contra l\u2019H\u00e9rcules, que se celebrar\u00e0 el dissabte, a les 16.00 hores, en el Mini Estadi, i el del Villarreal Femen\u00ed contra la Real Sociedad aquest diumenge a les 12.00 hores en el mateix escenari. A continuaci\u00f3, pots consultar tots els horaris dels equips del Villarreal:","headings":[{"type":"heading","level":2,"text":"Un total d\u201911 equips del Submar\u00ed juguen a casa aquest cap de setmana"}],"texts":[{"type":"paragraph","text":"El Villarreal CF ja coneix els horaris dels partits que jugaran els equips de la Cantera Grogueta aquest cap de setmana. Un total d\u201911 equips disputaran a casa en la present jornada. Els duels m\u00e9s destacats, a m\u00e9s del del primer equip contra el Celta, \u00e9s el del Juvenil A contra l\u2019H\u00e9rcules, que se celebrar\u00e0 el dissabte, a les 16.00 hores, en el Mini Estadi, i el del Villarreal Femen\u00ed contra la Real Sociedad aquest diumenge a les 12.00 hores en el mateix escenari."},{"type":"paragraph","text":"A continuaci\u00f3, pots consultar tots els horaris dels equips del Villarreal:"}],"buttons":[],"images":[{"type":"image","url":"https:\/\/villarrealcf.es\/\/wp-content\/uploads\/2023\/04\/horarios-4-1200x1080.jpg","alt":"","width":748,"height":673,"srcset":"https:\/\/villarrealcf.es\/wp-content\/uploads\/2023\/04\/horarios-4-1200x1080.jpg 1200w, https:\/\/villarrealcf.es\/\/wp-content\/uploads\/2023\/04\/horarios-4-1200x1080.jpg 1920w, https:\/\/villarrealcf.es\/wp-content\/uploads\/2023\/04\/horarios-4-1536x1382.jpg 1536w, https:\/\/villarrealcf.es\/\/wp-content\/uploads\/2023\/04\/horarios-4-1200x1080.jpg 1920w, https:\/\/villarrealcf.es\/\/wp-content\/uploads\/2023\/04\/horarios-4-1200x1080.jpg 1920w, https:\/\/villarrealcf.es\/wp-content\/uploads\/2023\/04\/horarios-4-32x29.jpg 32w, https:\/\/villarrealcf.es\/wp-content\/uploads\/2023\/04\/horarios-4-150x135.jpg 150w, https:\/\/villarrealcf.es\/\/wp-content\/uploads\/2023\/04\/horarios-4-1200x1080.jpg 1920w, https:\/\/villarrealcf.es\/wp-content\/uploads\/2023\/04\/horarios-4.jpg 1587w","sizes":"auto, (max-width: 748px) 100vw, 748px"}],"widgets":[],"blocks":[{"type":"heading","level":2,"text":"Un total d\u201911 equips del Submar\u00ed juguen a casa aquest cap de setmana"},{"type":"paragraph","text":"El Villarreal CF ja coneix els horaris dels partits que jugaran els equips de la Cantera Grogueta aquest cap de setmana. Un total d\u201911 equips disputaran a casa en la present jornada. Els duels m\u00e9s destacats, a m\u00e9s del del primer equip contra el Celta, \u00e9s el del Juvenil A contra l\u2019H\u00e9rcules, que se celebrar\u00e0 el dissabte, a les 16.00 hores, en el Mini Estadi, i el del Villarreal Femen\u00ed contra la Real Sociedad aquest diumenge a les 12.00 hores en el mateix escenari."},{"type":"paragraph","text":"A continuaci\u00f3, pots consultar tots els horaris dels equips del Villarreal:"},{"type":"image","url":"https:\/\/villarrealcf.es\/\/wp-content\/uploads\/2023\/04\/horarios-4-1200x1080.jpg","alt":"","width":748,"height":673,"srcset":"https:\/\/villarrealcf.es\/wp-content\/uploads\/2023\/04\/horarios-4-1200x1080.jpg 1200w, https:\/\/villarrealcf.es\/\/wp-content\/uploads\/2023\/04\/horarios-4-1200x1080.jpg 1920w, https:\/\/villarrealcf.es\/wp-content\/uploads\/2023\/04\/horarios-4-1536x1382.jpg 1536w, https:\/\/villarrealcf.es\/\/wp-content\/uploads\/2023\/04\/horarios-4-1200x1080.jpg 1920w, https:\/\/villarrealcf.es\/\/wp-content\/uploads\/2023\/04\/horarios-4-1200x1080.jpg 1920w, https:\/\/villarrealcf.es\/wp-content\/uploads\/2023\/04\/horarios-4-32x29.jpg 32w, https:\/\/villarrealcf.es\/wp-content\/uploads\/2023\/04\/horarios-4-150x135.jpg 150w, https:\/\/villarrealcf.es\/\/wp-content\/uploads\/2023\/04\/horarios-4-1200x1080.jpg 1920w, https:\/\/villarrealcf.es\/wp-content\/uploads\/2023\/04\/horarios-4.jpg 1587w","sizes":"auto, (max-width: 748px) 100vw, 748px"}]}},"sections":[{"id":"section-1","title":"Un total d\u201911 equips del Submar\u00ed juguen a casa aquest cap de setmana","text":"Un total d\u201911 equips del Submar\u00ed juguen a casa aquest cap de setmana El Villarreal CF ja coneix els horaris dels partits que jugaran els equips de la Cantera Grogueta aquest cap de setmana. Un total d\u201911 equips disputaran a casa en la present jornada. Els duels m\u00e9s destacats, a m\u00e9s del del primer equip contra el Celta, \u00e9s el del Juvenil A contra l\u2019H\u00e9rcules, que se celebrar\u00e0 el dissabte, a les 16.00 hores, en el Mini Estadi, i el del Villarreal Femen\u00ed contra la Real Sociedad aquest diumenge a les 12.00 hores en el mateix escenari. A continuaci\u00f3, pots consultar tots els horaris dels equips del Villarreal:","url":"","background_image":"","images":[{"type":"image","url":"https:\/\/villarrealcf.es\/\/wp-content\/uploads\/2023\/04\/horarios-4-1200x1080.jpg","alt":"","width":748,"height":673,"srcset":"https:\/\/villarrealcf.es\/wp-content\/uploads\/2023\/04\/horarios-4-1200x1080.jpg 1200w, https:\/\/villarrealcf.es\/\/wp-content\/uploads\/2023\/04\/horarios-4-1200x1080.jpg 1920w, https:\/\/villarrealcf.es\/wp-content\/uploads\/2023\/04\/horarios-4-1536x1382.jpg 1536w, https:\/\/villarrealcf.es\/\/wp-content\/uploads\/2023\/04\/horarios-4-1200x1080.jpg 1920w, https:\/\/villarrealcf.es\/\/wp-content\/uploads\/2023\/04\/horarios-4-1200x1080.jpg 1920w, https:\/\/villarrealcf.es\/wp-content\/uploads\/2023\/04\/horarios-4-32x29.jpg 32w, https:\/\/villarrealcf.es\/wp-content\/uploads\/2023\/04\/horarios-4-150x135.jpg 150w, https:\/\/villarrealcf.es\/\/wp-content\/uploads\/2023\/04\/horarios-4-1200x1080.jpg 1920w, https:\/\/villarrealcf.es\/wp-content\/uploads\/2023\/04\/horarios-4.jpg 1587w","sizes":"auto, (max-width: 748px) 100vw, 748px"}],"videos":[],"links":[]}]},"excerpt":{"rendered":"Un total d&#8217;11 equips del Submar\u00ed juguen a casa aquest cap de setmana","protected":false},"author":1,"featured_media":263522,"comment_status":"closed","ping_status":"closed","sticky":false,"template":"","format":"standard","meta":{"_acf_changed":false,"footnotes":""},"categories":[13803],"tags":[10325,717,9270,9227,9298,9334,716,9205,9627,9203],"acf":null,"lang":"val","translations":{"es":263512,"en":263559,"val":263565},"essential_grid":{"has_grid":false},"formatted_date":"April 26, 2023","modified_date":"April 26, 2023","permalink":"https:\/\/villarrealcf.es\/val\/horaris-dels-equips-del-villarreal-4\/","reading_time":1,"featured_media_data":{"id":263522,"title":"mini b","caption":"","alt_text":"","description":"","mime_type":"image\/jpeg","source_url":"https:\/\/villarrealcf.es\/wp-content\/uploads\/2023\/04\/mini-b.jpg","sizes":{"thumbnail":{"url":"https:\/\/villarrealcf.es\/wp-content\/uploads\/2023\/04\/mini-b-1920x1080.jpg","width":1920,"height":1080},"medium":{"url":"https:\/\/villarrealcf.es\/wp-content\/uploads\/2023\/04\/mini-b-1920x1080.jpg","width":1920,"height":1080},"medium_large":{"url":"https:\/\/villarrealcf.es\/wp-content\/uploads\/2023\/04\/mini-b-768x432.jpg","width":768,"height":432},"large":{"url":"https:\/\/villarrealcf.es\/wp-content\/uploads\/2023\/04\/mini-b-1920x1080.jpg","width":788,"height":443},"1536x1536":{"url":"https:\/\/villarrealcf.es\/wp-content\/uploads\/2023\/04\/mini-b-1536x864.jpg","width":1536,"height":864},"2048x2048":{"url":"https:\/\/villarrealcf.es\/wp-content\/uploads\/2023\/04\/mini-b-2048x1152.jpg","width":2048,"height":1152},"tp-image-grid":{"url":"https:\/\/villarrealcf.es\/wp-content\/uploads\/2023\/04\/mini-b-700x700.jpg","width":700,"height":700},"size-bunyad-medium":{"url":"https:\/\/villarrealcf.es\/wp-content\/uploads\/2023\/04\/mini-b-1920x1080.jpg","width":1920,"height":1080},"sportspress-crop-medium":{"url":"https:\/\/villarrealcf.es\/wp-content\/uploads\/2023\/04\/mini-b-300x300.jpg","width":300,"height":300},"sportspress-fit-medium":{"url":"https:\/\/villarrealcf.es\/wp-content\/uploads\/2023\/04\/mini-b-300x169.jpg","width":300,"height":169},"sportspress-fit-icon":{"url":"https:\/\/villarrealcf.es\/wp-content\/uploads\/2023\/04\/mini-b-128x72.jpg","width":128,"height":72},"sportspress-fit-mini":{"url":"https:\/\/villarrealcf.es\/wp-content\/uploads\/2023\/04\/mini-b-32x18.jpg","width":32,"height":18},"bunyad-small":{"url":"https:\/\/villarrealcf.es\/wp-content\/uploads\/2023\/04\/mini-b-150x84.jpg","width":150,"height":84},"bunyad-medium":{"url":"https:\/\/villarrealcf.es\/wp-content\/uploads\/2023\/04\/mini-b-450x253.jpg","width":450,"height":253},"bunyad-full":{"url":"https:\/\/villarrealcf.es\/wp-content\/uploads\/2023\/04\/mini-b-1200x675.jpg","width":1200,"height":675},"bunyad-viewport":{"url":"https:\/\/villarrealcf.es\/wp-content\/uploads\/2023\/04\/mini-b-2048x1152.jpg","width":2048,"height":1152},"bunyad-768":{"url":"https:\/\/villarrealcf.es\/wp-content\/uploads\/2023\/04\/mini-b-768x432.jpg","width":768,"height":432},"full":{"url":"https:\/\/villarrealcf.es\/wp-content\/uploads\/2023\/04\/mini-b.jpg","width":2362,"height":1329}}},"author_data":{"id":"1","name":"root_envidea","first_name":"Villarreal CF","last_name":"","description":"","avatar_url":"https:\/\/secure.gravatar.com\/avatar\/48f95f42a3ccc324f3a3458e4b9e6fb070b083e99d388e170c1afb061fa99b63?s=96&d=mm&r=g","acf":null},"taxonomies_data":{"category":[{"id":13803,"name":"Futbol base","slug":"futbol-base-val-2","acf":null}],"post_tag":[{"id":10325,"name":"Cantera Grogueta","slug":"cantera-grogueta-val","acf":null},{"id":717,"name":"Football","slug":"football-d34","acf":null},{"id":9270,"name":"Futbol","slug":"futbol-val","acf":null},{"id":9227,"name":"F\u00fatbol Base","slug":"futbol-base-val","acf":null},{"id":9298,"name":"Horarios","slug":"horarios-val","acf":null},{"id":9334,"name":"Horarios del fin de semana","slug":"horarios-del-fin-de-semana-val","acf":null},{"id":716,"name":"Soccer","slug":"soccer-d105","acf":null},{"id":9205,"name":"Submarino","slug":"submarino-val","acf":null},{"id":9627,"name":"Submarino Amarillo","slug":"submarino-amarillo-val","acf":null},{"id":9203,"name":"Villarreal CF","slug":"villarreal-cf-val","acf":null}],"translation_priority":[{"id":735,"name":"Optional","slug":"optional-val","acf":null}]},"seo_full":{"native":{"title":"Horaris dels equips del Villarreal - Web Oficial del Villarreal CF","description":"Un total d'11 equips del Submar\u00ed juguen a casa aquest cap de setmana","canonical":"https:\/\/villarrealcf.es\/val\/horaris-dels-equips-del-villarreal-4\/"}},"_links":{"self":[{"href":"https:\/\/villarrealcf.es\/val\/wp-json\/wp\/v2\/posts\/263565","targetHints":{"allow":["GET"]}}],"collection":[{"href":"https:\/\/villarrealcf.es\/val\/wp-json\/wp\/v2\/posts"}],"about":[{"href":"https:\/\/villarrealcf.es\/val\/wp-json\/wp\/v2\/types\/post"}],"author":[{"embeddable":true,"href":"https:\/\/villarrealcf.es\/val\/wp-json\/wp\/v2\/users\/1"}],"replies":[{"embeddable":true,"href":"https:\/\/villarrealcf.es\/val\/wp-json\/wp\/v2\/comments?post=263565"}],"version-history":[{"count":0,"href":"https:\/\/villarrealcf.es\/val\/wp-json\/wp\/v2\/posts\/263565\/revisions"}],"wp:featuredmedia":[{"embeddable":true,"href":"https:\/\/villarrealcf.es\/val\/wp-json\/wp\/v2\/media\/263522"}],"wp:attachment":[{"href":"https:\/\/villarrealcf.es\/val\/wp-json\/wp\/v2\/media?parent=263565"}],"wp:term":[{"taxonomy":"category","embeddable":true,"href":"https:\/\/villarrealcf.es\/val\/wp-json\/wp\/v2\/categories?post=263565"},{"taxonomy":"post_tag","embeddable":true,"href":"https:\/\/villarrealcf.es\/val\/wp-json\/wp\/v2\/tags?post=263565"}],"curies":[{"name":"wp","href":"https:\/\/api.w.org\/{rel}","templated":true}]}}