{"id":263553,"date":"2023-04-26T13:27:57","date_gmt":"2023-04-26T11:27:57","guid":{"rendered":"https:\/\/villarrealcf.es\/\/hazte-la-foto-con-el-once-del-submarino-frente-al-celta\/"},"modified":"2023-04-26T13:36:15","modified_gmt":"2023-04-26T11:36:15","slug":"fes-te-la-foto-amb-lonze-del-submari-davant-el-celta","status":"publish","type":"post","link":"https:\/\/villarrealcf.es\/val\/fes-te-la-foto-amb-lonze-del-submari-davant-el-celta\/","title":{"rendered":"Fes-te la foto amb l&#8217;onze del Submar\u00ed davant el Celta!"},"content":{"protected":false,"blocks":[{"type":"heading","level":2,"text":"Els abonats que tinguen entre 2 i 10 anys poden apuntar-se per a saltar a la gespa amb l\u2019equip en la pr\u00e8via del partit davant el RC Celta"},{"type":"paragraph","text":"Fes-te una foto amb l\u2019onze titular del Submar\u00ed! El Villarreal CF anima als abonats m\u00e9s xicotets de la casa (nascuts entre 2013 i 2021) al fet que s\u2019inscriguen per a saltar a la gespa de l\u2019Estadio de la Cer\u00e1mica durant la pr\u00e8via del partit davant el RC Celta, que es disputar\u00e0 el diumenge 30 d\u2019abril a les 16.15 hores. Els xicotets groguets podran fer-se una fotografia per al record amb l\u2019onze de l\u2019equip groc."},{"type":"paragraph","text":"Gaudeix d\u2019aquesta oportunitat \u00fanica i no et quedes sense eixir! *Limitat a 20 places."},{"type":"link","url":"https:\/\/villarrealcf.es\/\/val\/foto-con-el-xi-del-equipo\/","text":"FES-TE LA FOTO amb l\u201911","target":"_blank"}],"structured":{"summary":{"text":"Els abonats que tinguen entre 2 i 10 anys poden apuntar-se per a saltar a la gespa amb l\u2019equip en la pr\u00e8via del partit davant el RC Celta Fes-te una foto amb l\u2019onze titular del Submar\u00ed! El Villarreal CF anima als abonats m\u00e9s xicotets de la casa (nascuts entre 2013 i 2021) al fet que s\u2019inscriguen per a saltar a la gespa de l\u2019Estadio de la Cer\u00e1mica durant la pr\u00e8via del partit davant el RC Celta, que es disputar\u00e0 el diumenge 30 d\u2019abril a les 16.15 hores. Els xicotets groguets podran fer-se una fotografia per al record amb l\u2019onze de l\u2019equip groc. Gaudeix d\u2019aquesta oportunitat \u00fanica i no et quedes sense eixir! *Limitat a 20 places. FES-TE LA FOTO amb l\u201911","headings":[{"type":"heading","level":2,"text":"Els abonats que tinguen entre 2 i 10 anys poden apuntar-se per a saltar a la gespa amb l\u2019equip en la pr\u00e8via del partit davant el RC Celta"}],"buttons":[],"images":[],"counts":{"blocks":4,"headings":1,"texts":2,"buttons":0,"images":0}},"sections":[{"id":"section-1","title":"Els abonats que tinguen entre 2 i 10 anys poden apuntar-se per a saltar a la gespa amb l\u2019equip en la pr\u00e8via del partit davant el RC Celta","text":"Els abonats que tinguen entre 2 i 10 anys poden apuntar-se per a saltar a la gespa amb l\u2019equip en la pr\u00e8via del partit davant el RC Celta Fes-te una foto amb l\u2019onze titular del Submar\u00ed! El Villarreal CF anima als abonats m\u00e9s xicotets de la casa (nascuts entre 2013 i 2021) al fet que s\u2019inscriguen per a saltar a la gespa de l\u2019Estadio de la Cer\u00e1mica durant la pr\u00e8via del partit davant el RC Celta, que es disputar\u00e0 el diumenge 30 d\u2019abril a les 16.15 hores. Els xicotets groguets podran fer-se una fotografia per al record amb l\u2019onze de l\u2019equip groc. Gaudeix d\u2019aquesta oportunitat \u00fanica i no et quedes sense eixir! *Limitat a 20 places.","headings":[{"type":"heading","level":2,"text":"Els abonats que tinguen entre 2 i 10 anys poden apuntar-se per a saltar a la gespa amb l\u2019equip en la pr\u00e8via del partit davant el RC Celta"}],"texts":[{"type":"paragraph","text":"Fes-te una foto amb l\u2019onze titular del Submar\u00ed! El Villarreal CF anima als abonats m\u00e9s xicotets de la casa (nascuts entre 2013 i 2021) al fet que s\u2019inscriguen per a saltar a la gespa de l\u2019Estadio de la Cer\u00e1mica durant la pr\u00e8via del partit davant el RC Celta, que es disputar\u00e0 el diumenge 30 d\u2019abril a les 16.15 hores. Els xicotets groguets podran fer-se una fotografia per al record amb l\u2019onze de l\u2019equip groc."},{"type":"paragraph","text":"Gaudeix d\u2019aquesta oportunitat \u00fanica i no et quedes sense eixir! *Limitat a 20 places."}],"buttons":[],"images":[],"widgets":[],"blocks":[{"type":"heading","level":2,"text":"Els abonats que tinguen entre 2 i 10 anys poden apuntar-se per a saltar a la gespa amb l\u2019equip en la pr\u00e8via del partit davant el RC Celta"},{"type":"paragraph","text":"Fes-te una foto amb l\u2019onze titular del Submar\u00ed! El Villarreal CF anima als abonats m\u00e9s xicotets de la casa (nascuts entre 2013 i 2021) al fet que s\u2019inscriguen per a saltar a la gespa de l\u2019Estadio de la Cer\u00e1mica durant la pr\u00e8via del partit davant el RC Celta, que es disputar\u00e0 el diumenge 30 d\u2019abril a les 16.15 hores. Els xicotets groguets podran fer-se una fotografia per al record amb l\u2019onze de l\u2019equip groc."},{"type":"paragraph","text":"Gaudeix d\u2019aquesta oportunitat \u00fanica i no et quedes sense eixir! *Limitat a 20 places."},{"type":"link","url":"https:\/\/villarrealcf.es\/\/val\/foto-con-el-xi-del-equipo\/","text":"FES-TE LA FOTO amb l\u201911","target":"_blank"}]}],"hero":{"id":"section-1","title":"Els abonats que tinguen entre 2 i 10 anys poden apuntar-se per a saltar a la gespa amb l\u2019equip en la pr\u00e8via del partit davant el RC Celta","text":"Els abonats que tinguen entre 2 i 10 anys poden apuntar-se per a saltar a la gespa amb l\u2019equip en la pr\u00e8via del partit davant el RC Celta Fes-te una foto amb l\u2019onze titular del Submar\u00ed! El Villarreal CF anima als abonats m\u00e9s xicotets de la casa (nascuts entre 2013 i 2021) al fet que s\u2019inscriguen per a saltar a la gespa de l\u2019Estadio de la Cer\u00e1mica durant la pr\u00e8via del partit davant el RC Celta, que es disputar\u00e0 el diumenge 30 d\u2019abril a les 16.15 hores. Els xicotets groguets podran fer-se una fotografia per al record amb l\u2019onze de l\u2019equip groc. Gaudeix d\u2019aquesta oportunitat \u00fanica i no et quedes sense eixir! *Limitat a 20 places.","headings":[{"type":"heading","level":2,"text":"Els abonats que tinguen entre 2 i 10 anys poden apuntar-se per a saltar a la gespa amb l\u2019equip en la pr\u00e8via del partit davant el RC Celta"}],"texts":[{"type":"paragraph","text":"Fes-te una foto amb l\u2019onze titular del Submar\u00ed! El Villarreal CF anima als abonats m\u00e9s xicotets de la casa (nascuts entre 2013 i 2021) al fet que s\u2019inscriguen per a saltar a la gespa de l\u2019Estadio de la Cer\u00e1mica durant la pr\u00e8via del partit davant el RC Celta, que es disputar\u00e0 el diumenge 30 d\u2019abril a les 16.15 hores. Els xicotets groguets podran fer-se una fotografia per al record amb l\u2019onze de l\u2019equip groc."},{"type":"paragraph","text":"Gaudeix d\u2019aquesta oportunitat \u00fanica i no et quedes sense eixir! *Limitat a 20 places."}],"buttons":[],"images":[],"widgets":[],"blocks":[{"type":"heading","level":2,"text":"Els abonats que tinguen entre 2 i 10 anys poden apuntar-se per a saltar a la gespa amb l\u2019equip en la pr\u00e8via del partit davant el RC Celta"},{"type":"paragraph","text":"Fes-te una foto amb l\u2019onze titular del Submar\u00ed! El Villarreal CF anima als abonats m\u00e9s xicotets de la casa (nascuts entre 2013 i 2021) al fet que s\u2019inscriguen per a saltar a la gespa de l\u2019Estadio de la Cer\u00e1mica durant la pr\u00e8via del partit davant el RC Celta, que es disputar\u00e0 el diumenge 30 d\u2019abril a les 16.15 hores. Els xicotets groguets podran fer-se una fotografia per al record amb l\u2019onze de l\u2019equip groc."},{"type":"paragraph","text":"Gaudeix d\u2019aquesta oportunitat \u00fanica i no et quedes sense eixir! *Limitat a 20 places."},{"type":"link","url":"https:\/\/villarrealcf.es\/\/val\/foto-con-el-xi-del-equipo\/","text":"FES-TE LA FOTO amb l\u201911","target":"_blank"}]}},"sections":[{"id":"section-1","title":"Els abonats que tinguen entre 2 i 10 anys poden apuntar-se per a saltar a la gespa amb l\u2019equip en la pr\u00e8via del partit davant el RC Celta","text":"Els abonats que tinguen entre 2 i 10 anys poden apuntar-se per a saltar a la gespa amb l\u2019equip en la pr\u00e8via del partit davant el RC Celta Fes-te una foto amb l\u2019onze titular del Submar\u00ed! El Villarreal CF anima als abonats m\u00e9s xicotets de la casa (nascuts entre 2013 i 2021) al fet que s\u2019inscriguen per a saltar a la gespa de l\u2019Estadio de la Cer\u00e1mica durant la pr\u00e8via del partit davant el RC Celta, que es disputar\u00e0 el diumenge 30 d\u2019abril a les 16.15 hores. Els xicotets groguets podran fer-se una fotografia per al record amb l\u2019onze de l\u2019equip groc. Gaudeix d\u2019aquesta oportunitat \u00fanica i no et quedes sense eixir! *Limitat a 20 places.","url":"https:\/\/villarrealcf.es\/\/val\/foto-con-el-xi-del-equipo\/","background_image":"","images":[],"videos":[],"links":[{"type":"link","url":"https:\/\/villarrealcf.es\/\/val\/foto-con-el-xi-del-equipo\/","text":"FES-TE LA FOTO amb l\u201911","target":"_blank"}]}]},"excerpt":{"rendered":"Els abonats que tinguen entre 2 i 10 anys poden apuntar-se per a saltar a la gespa amb l&#8217;equip en la pr\u00e8via del partit davant el RC Celta","protected":false},"author":1,"featured_media":262645,"comment_status":"closed","ping_status":"closed","sticky":false,"template":"","format":"standard","meta":{"_acf_changed":false,"footnotes":""},"categories":[13507],"tags":[11429,717,9270,11042,9471,716,9205,9627,9203],"acf":null,"lang":"val","translations":{"es":263549,"val":263553,"en":263581},"essential_grid":{"has_grid":false},"formatted_date":"April 26, 2023","modified_date":"April 26, 2023","permalink":"https:\/\/villarrealcf.es\/val\/fes-te-la-foto-amb-lonze-del-submari-davant-el-celta\/","reading_time":1,"featured_media_data":{"id":262645,"title":"once","caption":"","alt_text":"","description":"","mime_type":"image\/jpeg","source_url":"https:\/\/villarrealcf.es\/wp-content\/uploads\/2023\/04\/once.jpg","sizes":{"thumbnail":{"url":"https:\/\/villarrealcf.es\/wp-content\/uploads\/2023\/04\/once-1920x1080.jpg","width":1920,"height":1080},"medium":{"url":"https:\/\/villarrealcf.es\/wp-content\/uploads\/2023\/04\/once-1920x1080.jpg","width":1920,"height":1080},"medium_large":{"url":"https:\/\/villarrealcf.es\/wp-content\/uploads\/2023\/04\/once-768x432.jpg","width":768,"height":432},"large":{"url":"https:\/\/villarrealcf.es\/wp-content\/uploads\/2023\/04\/once-1920x1080.jpg","width":788,"height":443},"1536x1536":{"url":"https:\/\/villarrealcf.es\/wp-content\/uploads\/2023\/04\/once-1536x864.jpg","width":1536,"height":864},"2048x2048":{"url":"https:\/\/villarrealcf.es\/wp-content\/uploads\/2023\/04\/once.jpg","width":2038,"height":1146},"tp-image-grid":{"url":"https:\/\/villarrealcf.es\/wp-content\/uploads\/2023\/04\/once-700x700.jpg","width":700,"height":700},"size-bunyad-medium":{"url":"https:\/\/villarrealcf.es\/wp-content\/uploads\/2023\/04\/once-1920x1080.jpg","width":1920,"height":1080},"sportspress-crop-medium":{"url":"https:\/\/villarrealcf.es\/wp-content\/uploads\/2023\/04\/once-300x300.jpg","width":300,"height":300},"sportspress-fit-medium":{"url":"https:\/\/villarrealcf.es\/wp-content\/uploads\/2023\/04\/once-300x169.jpg","width":300,"height":169},"sportspress-fit-icon":{"url":"https:\/\/villarrealcf.es\/wp-content\/uploads\/2023\/04\/once-128x72.jpg","width":128,"height":72},"sportspress-fit-mini":{"url":"https:\/\/villarrealcf.es\/wp-content\/uploads\/2023\/04\/once-32x18.jpg","width":32,"height":18},"bunyad-small":{"url":"https:\/\/villarrealcf.es\/wp-content\/uploads\/2023\/04\/once-150x84.jpg","width":150,"height":84},"bunyad-medium":{"url":"https:\/\/villarrealcf.es\/wp-content\/uploads\/2023\/04\/once-450x253.jpg","width":450,"height":253},"bunyad-full":{"url":"https:\/\/villarrealcf.es\/wp-content\/uploads\/2023\/04\/once-1200x675.jpg","width":1200,"height":675},"bunyad-viewport":{"url":"https:\/\/villarrealcf.es\/wp-content\/uploads\/2023\/04\/once.jpg","width":2038,"height":1146},"bunyad-768":{"url":"https:\/\/villarrealcf.es\/wp-content\/uploads\/2023\/04\/once-768x432.jpg","width":768,"height":432},"full":{"url":"https:\/\/villarrealcf.es\/wp-content\/uploads\/2023\/04\/once.jpg","width":2038,"height":1146}}},"author_data":{"id":"1","name":"root_envidea","first_name":"Villarreal CF","last_name":"","description":"","avatar_url":"https:\/\/secure.gravatar.com\/avatar\/48f95f42a3ccc324f3a3458e4b9e6fb070b083e99d388e170c1afb061fa99b63?s=96&d=mm&r=g","acf":null},"taxonomies_data":{"category":[{"id":13507,"name":"Fans","slug":"fans-val","acf":null}],"post_tag":[{"id":11429,"name":"Estadio de la Cer\u00e1mica","slug":"estadio-de-la-ceramica-val","acf":null},{"id":717,"name":"Football","slug":"football-d34","acf":null},{"id":9270,"name":"Futbol","slug":"futbol-val","acf":null},{"id":11042,"name":"LaLiga","slug":"laliga-val","acf":null},{"id":9471,"name":"RC Celta de Vigo","slug":"rc-celta-de-vigo-val","acf":null},{"id":716,"name":"Soccer","slug":"soccer-d105","acf":null},{"id":9205,"name":"Submarino","slug":"submarino-val","acf":null},{"id":9627,"name":"Submarino Amarillo","slug":"submarino-amarillo-val","acf":null},{"id":9203,"name":"Villarreal CF","slug":"villarreal-cf-val","acf":null}],"translation_priority":[{"id":735,"name":"Optional","slug":"optional-val","acf":null}]},"seo_full":{"native":{"title":"Fes-te la foto amb l&#8217;onze del Submar\u00ed davant el Celta! - Web Oficial del Villarreal CF","description":"Els abonats que tinguen entre 2 i 10 anys poden apuntar-se per a saltar a la gespa amb l'equip en la pr\u00e8via del partit davant el RC Celta","canonical":"https:\/\/villarrealcf.es\/val\/fes-te-la-foto-amb-lonze-del-submari-davant-el-celta\/"}},"_links":{"self":[{"href":"https:\/\/villarrealcf.es\/val\/wp-json\/wp\/v2\/posts\/263553","targetHints":{"allow":["GET"]}}],"collection":[{"href":"https:\/\/villarrealcf.es\/val\/wp-json\/wp\/v2\/posts"}],"about":[{"href":"https:\/\/villarrealcf.es\/val\/wp-json\/wp\/v2\/types\/post"}],"author":[{"embeddable":true,"href":"https:\/\/villarrealcf.es\/val\/wp-json\/wp\/v2\/users\/1"}],"replies":[{"embeddable":true,"href":"https:\/\/villarrealcf.es\/val\/wp-json\/wp\/v2\/comments?post=263553"}],"version-history":[{"count":0,"href":"https:\/\/villarrealcf.es\/val\/wp-json\/wp\/v2\/posts\/263553\/revisions"}],"wp:featuredmedia":[{"embeddable":true,"href":"https:\/\/villarrealcf.es\/val\/wp-json\/wp\/v2\/media\/262645"}],"wp:attachment":[{"href":"https:\/\/villarrealcf.es\/val\/wp-json\/wp\/v2\/media?parent=263553"}],"wp:term":[{"taxonomy":"category","embeddable":true,"href":"https:\/\/villarrealcf.es\/val\/wp-json\/wp\/v2\/categories?post=263553"},{"taxonomy":"post_tag","embeddable":true,"href":"https:\/\/villarrealcf.es\/val\/wp-json\/wp\/v2\/tags?post=263553"}],"curies":[{"name":"wp","href":"https:\/\/api.w.org\/{rel}","templated":true}]}}