{"id":262731,"date":"2023-04-21T13:29:04","date_gmt":"2023-04-21T11:29:04","guid":{"rendered":"https:\/\/villarrealcf.es\/\/miguel-alvarez-nos-visita-el-equipo-revelacion\/"},"modified":"2023-04-21T13:48:47","modified_gmt":"2023-04-21T11:48:47","slug":"miguel-alvarez-nos-visita-el-equipo-revelacion","status":"publish","type":"post","link":"https:\/\/villarrealcf.es\/val\/miguel-alvarez-nos-visita-el-equipo-revelacion\/","title":{"rendered":"Miguel \u00c1lvarez: &#8220;Nos visita el equipo revelaci\u00f3n&#8221;"},"content":{"protected":false,"blocks":[{"type":"heading","level":2,"text":"El Villarreal B y el Albacete se miden en La Cer\u00e1mica este s\u00e1bado a las 14.00h"},{"type":"paragraph","text":"L\u2019entrenador del Villarreal B, Miguel \u00c1lvarez, va compar\u00e9ixer en la roda de premsa pr\u00e8via al partit contra l\u2019Albacete BP, corresponent a la jornada 37 de LaLiga SmartBank, que tindr\u00e0 lloc aquest dissabte 22 d\u2019abril a les 14.00 hores en l\u2019Estadi de la Cer\u00e0mica."},{"type":"paragraph","text":"Aquestes s\u00f3n les declaracions de Miguel \u00c1lvarez davant tan exigent test:"},{"type":"paragraph","text":"Com arriba l\u2019equip"},{"type":"paragraph","text":"\u201c\u00c9s un partit important. L\u2019equip est\u00e0 molt b\u00e9. Espere a un equip molt competitiu, per\u00f2 m\u00e9s complicat, perqu\u00e8 ve l\u2019equip revelaci\u00f3 de segona ara mateix. Cal competir-ho a un gran nivell per a estar prop de guanyar\u201d."},{"type":"paragraph","text":"Xicotets detalls"},{"type":"paragraph","text":"\u201cEstem intentant que no succe\u00efsquen coses que ens han ocorregut. Estem amb gent jove i apareixen m\u00e9s vegades. Els equips s\u00f3n molt experts, et porten els partits a on volen i et desesperen. Les ratxes van i venen. Ning\u00fa ens pinta la cara, que aix\u00f2 \u00e9s l\u2019important. Estem competint\u201d."},{"type":"paragraph","text":"Queden sis finals"},{"type":"paragraph","text":"\u201cEstem intentant que els xics s\u2019adapten a aquesta categoria a jugar amb molta gent. En Primera RFEF no es despla\u00e7ava tant la gent i ara passa m\u00e9s. Juguem en el nostre camp, per\u00f2 amb la seua gent. Cal acostumar-se a aix\u00f2 i acceptar-ho. Ens queden rivals com el Levante UD. Aix\u00f2 ha de ser una motivaci\u00f3 per als xics, amb molta gent en les graderies, que en altres categories amb els camps buits\u201d."},{"type":"paragraph","text":"Rodri Alonso torna a casa"},{"type":"paragraph","text":"\u201cAc\u00ed quan va marxar havia jugat nou partits. Crec que el que es va fer en el seu moment estava ben fet, perqu\u00e8 venia Ramon Terrats, amb una projecci\u00f3 brutal, per\u00f2 s\u2019ha anat al primer equip. Rodri no est\u00e0 jugant el que el club pensava, al contrari que ha passat amb altres jugadors que s\u2019han anat cedits com Espigares, Gelardo o Lanchi\u201d."},{"type":"paragraph","text":"Per a veure la roda de premsa completa, punxa en el v\u00eddeo."},{"type":"video","kind":"iframe","url":"https:\/\/www.youtube.com\/embed\/_4osr8XFMqU?feature=oembed","poster":""}],"structured":{"summary":{"text":"El Villarreal B y el Albacete se miden en La Cer\u00e1mica este s\u00e1bado a las 14.00h L\u2019entrenador del Villarreal B, Miguel \u00c1lvarez, va compar\u00e9ixer en la roda de premsa pr\u00e8via al partit contra l\u2019Albacete BP, corresponent a la jornada 37 de LaLiga SmartBank, que tindr\u00e0 lloc aquest dissabte 22 d\u2019abril a les 14.00 hores en l\u2019Estadi de la Cer\u00e0mica. Aquestes s\u00f3n les declaracions de Miguel \u00c1lvarez davant tan exigent test: Com arriba l\u2019equip \u201c\u00c9s un partit important. L\u2019equip est\u00e0 molt b\u00e9. Espere a un equip molt competitiu, per\u00f2 m\u00e9s complicat, perqu\u00e8 ve l\u2019equip revelaci\u00f3 de segona ara mateix. Cal competir-ho a un gran nivell per a estar prop de guanyar\u201d. Xicotets detalls \u201cEstem intentant que no succe\u00efsquen coses que ens han ocorregut. Estem amb gent jove i apareixen m\u00e9s vegades. Els equips s\u00f3n molt experts, et porten els partits a on volen i et desesperen. Les ratxes van i venen. Ning\u00fa ens pinta la cara, que aix\u00f2 \u00e9s l\u2019important. Estem competint\u201d. Queden sis finals \u201cEstem intentant que els xics s\u2019adapten a aquesta categoria a jugar amb molta gent. En Primera RFEF no es despla\u00e7ava tant la gent i ara passa m\u00e9s. Juguem en el nostre camp, per\u00f2 amb la seua gent. Cal acostumar-se a aix\u00f2 i acceptar-ho. Ens queden rivals com el Levante UD. Aix\u00f2 ha de ser una motivaci\u00f3 per als xics, amb molta gent en les graderies, que en altres categories amb els camps buits\u201d. Rodri Alonso torna a casa \u201cAc\u00ed quan va marxar havia jugat nou partits. Crec que el que es va fer en el seu moment estava ben fet, perqu\u00e8 venia Ramon Terrats, amb una projecci\u00f3 brutal, per\u00f2 s\u2019ha anat al primer equip. Rodri no est\u00e0 jugant el que el club pensava, al contrari que ha passat amb altres jugadors que s\u2019han anat cedits com Espigares, Gelardo o Lanchi\u201d. Per a veure la roda de premsa completa, punxa en el v\u00eddeo.","headings":[{"type":"heading","level":2,"text":"El Villarreal B y el Albacete se miden en La Cer\u00e1mica este s\u00e1bado a las 14.00h"}],"buttons":[],"images":[],"counts":{"blocks":13,"headings":1,"texts":11,"buttons":0,"images":0}},"sections":[{"id":"section-1","title":"El Villarreal B y el Albacete se miden en La Cer\u00e1mica este s\u00e1bado a las 14.00h","text":"El Villarreal B y el Albacete se miden en La Cer\u00e1mica este s\u00e1bado a las 14.00h L\u2019entrenador del Villarreal B, Miguel \u00c1lvarez, va compar\u00e9ixer en la roda de premsa pr\u00e8via al partit contra l\u2019Albacete BP, corresponent a la jornada 37 de LaLiga SmartBank, que tindr\u00e0 lloc aquest dissabte 22 d\u2019abril a les 14.00 hores en l\u2019Estadi de la Cer\u00e0mica. Aquestes s\u00f3n les declaracions de Miguel \u00c1lvarez davant tan exigent test: Com arriba l\u2019equip \u201c\u00c9s un partit important. L\u2019equip est\u00e0 molt b\u00e9. Espere a un equip molt competitiu, per\u00f2 m\u00e9s complicat, perqu\u00e8 ve l\u2019equip revelaci\u00f3 de segona ara mateix. Cal competir-ho a un gran nivell per a estar prop de guanyar\u201d. Xicotets detalls \u201cEstem intentant que no succe\u00efsquen coses que ens han ocorregut. Estem amb gent jove i apareixen m\u00e9s vegades. Els equips s\u00f3n molt experts, et porten els partits a on volen i et desesperen. Les ratxes van i venen. Ning\u00fa ens pinta la cara, que aix\u00f2 \u00e9s l\u2019important. Estem competint\u201d. Queden sis finals \u201cEstem intentant que els xics s\u2019adapten a aquesta categoria a jugar amb molta gent. En Primera RFEF no es despla\u00e7ava tant la gent i ara passa m\u00e9s. Juguem en el nostre camp, per\u00f2 amb la seua gent. Cal acostumar-se a aix\u00f2 i acceptar-ho. Ens queden rivals com el Levante UD. Aix\u00f2 ha de ser una motivaci\u00f3 per als xics, amb molta gent en les graderies, que en altres categories amb els camps buits\u201d. Rodri Alonso torna a casa \u201cAc\u00ed quan va marxar havia jugat nou partits. Crec que el que es va fer en el seu moment estava ben fet, perqu\u00e8 venia Ramon Terrats, amb una projecci\u00f3 brutal, per\u00f2 s\u2019ha anat al primer equip. Rodri no est\u00e0 jugant el que el club pensava, al contrari que ha passat amb altres jugadors que s\u2019han anat cedits com Espigares, Gelardo o Lanchi\u201d. Per a veure la roda de premsa completa, punxa en el v\u00eddeo.","headings":[{"type":"heading","level":2,"text":"El Villarreal B y el Albacete se miden en La Cer\u00e1mica este s\u00e1bado a las 14.00h"}],"texts":[{"type":"paragraph","text":"L\u2019entrenador del Villarreal B, Miguel \u00c1lvarez, va compar\u00e9ixer en la roda de premsa pr\u00e8via al partit contra l\u2019Albacete BP, corresponent a la jornada 37 de LaLiga SmartBank, que tindr\u00e0 lloc aquest dissabte 22 d\u2019abril a les 14.00 hores en l\u2019Estadi de la Cer\u00e0mica."},{"type":"paragraph","text":"Aquestes s\u00f3n les declaracions de Miguel \u00c1lvarez davant tan exigent test:"},{"type":"paragraph","text":"Com arriba l\u2019equip"},{"type":"paragraph","text":"\u201c\u00c9s un partit important. L\u2019equip est\u00e0 molt b\u00e9. Espere a un equip molt competitiu, per\u00f2 m\u00e9s complicat, perqu\u00e8 ve l\u2019equip revelaci\u00f3 de segona ara mateix. Cal competir-ho a un gran nivell per a estar prop de guanyar\u201d."},{"type":"paragraph","text":"Xicotets detalls"},{"type":"paragraph","text":"\u201cEstem intentant que no succe\u00efsquen coses que ens han ocorregut. Estem amb gent jove i apareixen m\u00e9s vegades. Els equips s\u00f3n molt experts, et porten els partits a on volen i et desesperen. Les ratxes van i venen. Ning\u00fa ens pinta la cara, que aix\u00f2 \u00e9s l\u2019important. Estem competint\u201d."},{"type":"paragraph","text":"Queden sis finals"},{"type":"paragraph","text":"\u201cEstem intentant que els xics s\u2019adapten a aquesta categoria a jugar amb molta gent. En Primera RFEF no es despla\u00e7ava tant la gent i ara passa m\u00e9s. Juguem en el nostre camp, per\u00f2 amb la seua gent. Cal acostumar-se a aix\u00f2 i acceptar-ho. Ens queden rivals com el Levante UD. Aix\u00f2 ha de ser una motivaci\u00f3 per als xics, amb molta gent en les graderies, que en altres categories amb els camps buits\u201d."},{"type":"paragraph","text":"Rodri Alonso torna a casa"},{"type":"paragraph","text":"\u201cAc\u00ed quan va marxar havia jugat nou partits. Crec que el que es va fer en el seu moment estava ben fet, perqu\u00e8 venia Ramon Terrats, amb una projecci\u00f3 brutal, per\u00f2 s\u2019ha anat al primer equip. Rodri no est\u00e0 jugant el que el club pensava, al contrari que ha passat amb altres jugadors que s\u2019han anat cedits com Espigares, Gelardo o Lanchi\u201d."},{"type":"paragraph","text":"Per a veure la roda de premsa completa, punxa en el v\u00eddeo."}],"buttons":[],"images":[],"widgets":[],"blocks":[{"type":"heading","level":2,"text":"El Villarreal B y el Albacete se miden en La Cer\u00e1mica este s\u00e1bado a las 14.00h"},{"type":"paragraph","text":"L\u2019entrenador del Villarreal B, Miguel \u00c1lvarez, va compar\u00e9ixer en la roda de premsa pr\u00e8via al partit contra l\u2019Albacete BP, corresponent a la jornada 37 de LaLiga SmartBank, que tindr\u00e0 lloc aquest dissabte 22 d\u2019abril a les 14.00 hores en l\u2019Estadi de la Cer\u00e0mica."},{"type":"paragraph","text":"Aquestes s\u00f3n les declaracions de Miguel \u00c1lvarez davant tan exigent test:"},{"type":"paragraph","text":"Com arriba l\u2019equip"},{"type":"paragraph","text":"\u201c\u00c9s un partit important. L\u2019equip est\u00e0 molt b\u00e9. Espere a un equip molt competitiu, per\u00f2 m\u00e9s complicat, perqu\u00e8 ve l\u2019equip revelaci\u00f3 de segona ara mateix. Cal competir-ho a un gran nivell per a estar prop de guanyar\u201d."},{"type":"paragraph","text":"Xicotets detalls"},{"type":"paragraph","text":"\u201cEstem intentant que no succe\u00efsquen coses que ens han ocorregut. Estem amb gent jove i apareixen m\u00e9s vegades. Els equips s\u00f3n molt experts, et porten els partits a on volen i et desesperen. Les ratxes van i venen. Ning\u00fa ens pinta la cara, que aix\u00f2 \u00e9s l\u2019important. Estem competint\u201d."},{"type":"paragraph","text":"Queden sis finals"},{"type":"paragraph","text":"\u201cEstem intentant que els xics s\u2019adapten a aquesta categoria a jugar amb molta gent. En Primera RFEF no es despla\u00e7ava tant la gent i ara passa m\u00e9s. Juguem en el nostre camp, per\u00f2 amb la seua gent. Cal acostumar-se a aix\u00f2 i acceptar-ho. Ens queden rivals com el Levante UD. Aix\u00f2 ha de ser una motivaci\u00f3 per als xics, amb molta gent en les graderies, que en altres categories amb els camps buits\u201d."},{"type":"paragraph","text":"Rodri Alonso torna a casa"},{"type":"paragraph","text":"\u201cAc\u00ed quan va marxar havia jugat nou partits. Crec que el que es va fer en el seu moment estava ben fet, perqu\u00e8 venia Ramon Terrats, amb una projecci\u00f3 brutal, per\u00f2 s\u2019ha anat al primer equip. Rodri no est\u00e0 jugant el que el club pensava, al contrari que ha passat amb altres jugadors que s\u2019han anat cedits com Espigares, Gelardo o Lanchi\u201d."},{"type":"paragraph","text":"Per a veure la roda de premsa completa, punxa en el v\u00eddeo."},{"type":"video","kind":"iframe","url":"https:\/\/www.youtube.com\/embed\/_4osr8XFMqU?feature=oembed","poster":""}]}],"hero":{"id":"section-1","title":"El Villarreal B y el Albacete se miden en La Cer\u00e1mica este s\u00e1bado a las 14.00h","text":"El Villarreal B y el Albacete se miden en La Cer\u00e1mica este s\u00e1bado a las 14.00h L\u2019entrenador del Villarreal B, Miguel \u00c1lvarez, va compar\u00e9ixer en la roda de premsa pr\u00e8via al partit contra l\u2019Albacete BP, corresponent a la jornada 37 de LaLiga SmartBank, que tindr\u00e0 lloc aquest dissabte 22 d\u2019abril a les 14.00 hores en l\u2019Estadi de la Cer\u00e0mica. Aquestes s\u00f3n les declaracions de Miguel \u00c1lvarez davant tan exigent test: Com arriba l\u2019equip \u201c\u00c9s un partit important. L\u2019equip est\u00e0 molt b\u00e9. Espere a un equip molt competitiu, per\u00f2 m\u00e9s complicat, perqu\u00e8 ve l\u2019equip revelaci\u00f3 de segona ara mateix. Cal competir-ho a un gran nivell per a estar prop de guanyar\u201d. Xicotets detalls \u201cEstem intentant que no succe\u00efsquen coses que ens han ocorregut. Estem amb gent jove i apareixen m\u00e9s vegades. Els equips s\u00f3n molt experts, et porten els partits a on volen i et desesperen. Les ratxes van i venen. Ning\u00fa ens pinta la cara, que aix\u00f2 \u00e9s l\u2019important. Estem competint\u201d. Queden sis finals \u201cEstem intentant que els xics s\u2019adapten a aquesta categoria a jugar amb molta gent. En Primera RFEF no es despla\u00e7ava tant la gent i ara passa m\u00e9s. Juguem en el nostre camp, per\u00f2 amb la seua gent. Cal acostumar-se a aix\u00f2 i acceptar-ho. Ens queden rivals com el Levante UD. Aix\u00f2 ha de ser una motivaci\u00f3 per als xics, amb molta gent en les graderies, que en altres categories amb els camps buits\u201d. Rodri Alonso torna a casa \u201cAc\u00ed quan va marxar havia jugat nou partits. Crec que el que es va fer en el seu moment estava ben fet, perqu\u00e8 venia Ramon Terrats, amb una projecci\u00f3 brutal, per\u00f2 s\u2019ha anat al primer equip. Rodri no est\u00e0 jugant el que el club pensava, al contrari que ha passat amb altres jugadors que s\u2019han anat cedits com Espigares, Gelardo o Lanchi\u201d. Per a veure la roda de premsa completa, punxa en el v\u00eddeo.","headings":[{"type":"heading","level":2,"text":"El Villarreal B y el Albacete se miden en La Cer\u00e1mica este s\u00e1bado a las 14.00h"}],"texts":[{"type":"paragraph","text":"L\u2019entrenador del Villarreal B, Miguel \u00c1lvarez, va compar\u00e9ixer en la roda de premsa pr\u00e8via al partit contra l\u2019Albacete BP, corresponent a la jornada 37 de LaLiga SmartBank, que tindr\u00e0 lloc aquest dissabte 22 d\u2019abril a les 14.00 hores en l\u2019Estadi de la Cer\u00e0mica."},{"type":"paragraph","text":"Aquestes s\u00f3n les declaracions de Miguel \u00c1lvarez davant tan exigent test:"},{"type":"paragraph","text":"Com arriba l\u2019equip"},{"type":"paragraph","text":"\u201c\u00c9s un partit important. L\u2019equip est\u00e0 molt b\u00e9. Espere a un equip molt competitiu, per\u00f2 m\u00e9s complicat, perqu\u00e8 ve l\u2019equip revelaci\u00f3 de segona ara mateix. Cal competir-ho a un gran nivell per a estar prop de guanyar\u201d."},{"type":"paragraph","text":"Xicotets detalls"},{"type":"paragraph","text":"\u201cEstem intentant que no succe\u00efsquen coses que ens han ocorregut. Estem amb gent jove i apareixen m\u00e9s vegades. Els equips s\u00f3n molt experts, et porten els partits a on volen i et desesperen. Les ratxes van i venen. Ning\u00fa ens pinta la cara, que aix\u00f2 \u00e9s l\u2019important. Estem competint\u201d."},{"type":"paragraph","text":"Queden sis finals"},{"type":"paragraph","text":"\u201cEstem intentant que els xics s\u2019adapten a aquesta categoria a jugar amb molta gent. En Primera RFEF no es despla\u00e7ava tant la gent i ara passa m\u00e9s. Juguem en el nostre camp, per\u00f2 amb la seua gent. Cal acostumar-se a aix\u00f2 i acceptar-ho. Ens queden rivals com el Levante UD. Aix\u00f2 ha de ser una motivaci\u00f3 per als xics, amb molta gent en les graderies, que en altres categories amb els camps buits\u201d."},{"type":"paragraph","text":"Rodri Alonso torna a casa"},{"type":"paragraph","text":"\u201cAc\u00ed quan va marxar havia jugat nou partits. Crec que el que es va fer en el seu moment estava ben fet, perqu\u00e8 venia Ramon Terrats, amb una projecci\u00f3 brutal, per\u00f2 s\u2019ha anat al primer equip. Rodri no est\u00e0 jugant el que el club pensava, al contrari que ha passat amb altres jugadors que s\u2019han anat cedits com Espigares, Gelardo o Lanchi\u201d."},{"type":"paragraph","text":"Per a veure la roda de premsa completa, punxa en el v\u00eddeo."}],"buttons":[],"images":[],"widgets":[],"blocks":[{"type":"heading","level":2,"text":"El Villarreal B y el Albacete se miden en La Cer\u00e1mica este s\u00e1bado a las 14.00h"},{"type":"paragraph","text":"L\u2019entrenador del Villarreal B, Miguel \u00c1lvarez, va compar\u00e9ixer en la roda de premsa pr\u00e8via al partit contra l\u2019Albacete BP, corresponent a la jornada 37 de LaLiga SmartBank, que tindr\u00e0 lloc aquest dissabte 22 d\u2019abril a les 14.00 hores en l\u2019Estadi de la Cer\u00e0mica."},{"type":"paragraph","text":"Aquestes s\u00f3n les declaracions de Miguel \u00c1lvarez davant tan exigent test:"},{"type":"paragraph","text":"Com arriba l\u2019equip"},{"type":"paragraph","text":"\u201c\u00c9s un partit important. L\u2019equip est\u00e0 molt b\u00e9. Espere a un equip molt competitiu, per\u00f2 m\u00e9s complicat, perqu\u00e8 ve l\u2019equip revelaci\u00f3 de segona ara mateix. Cal competir-ho a un gran nivell per a estar prop de guanyar\u201d."},{"type":"paragraph","text":"Xicotets detalls"},{"type":"paragraph","text":"\u201cEstem intentant que no succe\u00efsquen coses que ens han ocorregut. Estem amb gent jove i apareixen m\u00e9s vegades. Els equips s\u00f3n molt experts, et porten els partits a on volen i et desesperen. Les ratxes van i venen. Ning\u00fa ens pinta la cara, que aix\u00f2 \u00e9s l\u2019important. Estem competint\u201d."},{"type":"paragraph","text":"Queden sis finals"},{"type":"paragraph","text":"\u201cEstem intentant que els xics s\u2019adapten a aquesta categoria a jugar amb molta gent. En Primera RFEF no es despla\u00e7ava tant la gent i ara passa m\u00e9s. Juguem en el nostre camp, per\u00f2 amb la seua gent. Cal acostumar-se a aix\u00f2 i acceptar-ho. Ens queden rivals com el Levante UD. Aix\u00f2 ha de ser una motivaci\u00f3 per als xics, amb molta gent en les graderies, que en altres categories amb els camps buits\u201d."},{"type":"paragraph","text":"Rodri Alonso torna a casa"},{"type":"paragraph","text":"\u201cAc\u00ed quan va marxar havia jugat nou partits. Crec que el que es va fer en el seu moment estava ben fet, perqu\u00e8 venia Ramon Terrats, amb una projecci\u00f3 brutal, per\u00f2 s\u2019ha anat al primer equip. Rodri no est\u00e0 jugant el que el club pensava, al contrari que ha passat amb altres jugadors que s\u2019han anat cedits com Espigares, Gelardo o Lanchi\u201d."},{"type":"paragraph","text":"Per a veure la roda de premsa completa, punxa en el v\u00eddeo."},{"type":"video","kind":"iframe","url":"https:\/\/www.youtube.com\/embed\/_4osr8XFMqU?feature=oembed","poster":""}]}},"sections":[{"id":"section-1","title":"El Villarreal B y el Albacete se miden en La Cer\u00e1mica este s\u00e1bado a las 14.00h","text":"El Villarreal B y el Albacete se miden en La Cer\u00e1mica este s\u00e1bado a las 14.00h L\u2019entrenador del Villarreal B, Miguel \u00c1lvarez, va compar\u00e9ixer en la roda de premsa pr\u00e8via al partit contra l\u2019Albacete BP, corresponent a la jornada 37 de LaLiga SmartBank, que tindr\u00e0 lloc aquest dissabte 22 d\u2019abril a les 14.00 hores en l\u2019Estadi de la Cer\u00e0mica. Aquestes s\u00f3n les declaracions de Miguel \u00c1lvarez davant tan exigent test: Com arriba l\u2019equip \u201c\u00c9s un partit important. L\u2019equip est\u00e0 molt b\u00e9. Espere a un equip molt competitiu, per\u00f2 m\u00e9s complicat, perqu\u00e8 ve l\u2019equip revelaci\u00f3 de segona ara mateix. Cal competir-ho a un gran nivell per a estar prop de guanyar\u201d. Xicotets detalls \u201cEstem intentant que no succe\u00efsquen coses que ens han ocorregut. Estem amb gent jove i apareixen m\u00e9s vegades. Els equips s\u00f3n molt experts, et porten els partits a on volen i et desesperen. Les ratxes van i venen. Ning\u00fa ens pinta la cara, que aix\u00f2 \u00e9s l\u2019important. Estem competint\u201d. Queden sis finals \u201cEstem intentant que els xics s\u2019adapten a aquesta categoria a jugar amb molta gent. En Primera RFEF no es despla\u00e7ava tant la gent i ara passa m\u00e9s. Juguem en el nostre camp, per\u00f2 amb la seua gent. Cal acostumar-se a aix\u00f2 i acceptar-ho. Ens queden rivals com el Levante UD. Aix\u00f2 ha de ser una motivaci\u00f3 per als xics, amb molta gent en les graderies, que en altres categories amb els camps buits\u201d. Rodri Alonso torna a casa \u201cAc\u00ed quan va marxar havia jugat nou partits. Crec que el que es va fer en el seu moment estava ben fet, perqu\u00e8 venia Ramon Terrats, amb una projecci\u00f3 brutal, per\u00f2 s\u2019ha anat al primer equip. Rodri no est\u00e0 jugant el que el club pensava, al contrari que ha passat amb altres jugadors que s\u2019han anat cedits com Espigares, Gelardo o Lanchi\u201d. Per a veure la roda de premsa completa, punxa en el v\u00eddeo.","url":"","background_image":"","images":[],"videos":[{"type":"video","kind":"iframe","url":"https:\/\/www.youtube.com\/embed\/_4osr8XFMqU?feature=oembed","poster":""}],"links":[]}]},"excerpt":{"rendered":"El Villarreal B y el Albacete se miden en La Cer\u00e1mica este s\u00e1bado a las 14.00h","protected":false},"author":1,"featured_media":262725,"comment_status":"closed","ping_status":"closed","sticky":false,"template":"","format":"standard","meta":{"_acf_changed":false,"footnotes":""},"categories":[13803],"tags":[14058,10325,717,9270,13241,14339,9680,716,9205,9627,9203],"acf":null,"lang":"val","translations":{"es":262695,"val":262731,"en":262773},"essential_grid":{"has_grid":false},"formatted_date":"April 21, 2023","modified_date":"April 21, 2023","permalink":"https:\/\/villarrealcf.es\/val\/miguel-alvarez-nos-visita-el-equipo-revelacion\/","reading_time":2,"featured_media_data":{"id":262725,"title":"miguel","caption":"","alt_text":"","description":"","mime_type":"image\/jpeg","source_url":"https:\/\/villarrealcf.es\/wp-content\/uploads\/2023\/04\/miguel-2.jpg","sizes":{"thumbnail":{"url":"https:\/\/villarrealcf.es\/wp-content\/uploads\/2023\/04\/miguel-2-1920x1080.jpg","width":1920,"height":1080},"medium":{"url":"https:\/\/villarrealcf.es\/wp-content\/uploads\/2023\/04\/miguel-2-1920x1080.jpg","width":1920,"height":1080},"medium_large":{"url":"https:\/\/villarrealcf.es\/wp-content\/uploads\/2023\/04\/miguel-2-768x432.jpg","width":768,"height":432},"large":{"url":"https:\/\/villarrealcf.es\/wp-content\/uploads\/2023\/04\/miguel-2-1920x1080.jpg","width":788,"height":443},"1536x1536":{"url":"https:\/\/villarrealcf.es\/wp-content\/uploads\/2023\/04\/miguel-2-1536x864.jpg","width":1536,"height":864},"2048x2048":{"url":"https:\/\/villarrealcf.es\/wp-content\/uploads\/2023\/04\/miguel-2-2048x1152.jpg","width":2048,"height":1152},"tp-image-grid":{"url":"https:\/\/villarrealcf.es\/wp-content\/uploads\/2023\/04\/miguel-2-700x700.jpg","width":700,"height":700},"size-bunyad-medium":{"url":"https:\/\/villarrealcf.es\/wp-content\/uploads\/2023\/04\/miguel-2-1920x1080.jpg","width":1920,"height":1080},"sportspress-crop-medium":{"url":"https:\/\/villarrealcf.es\/wp-content\/uploads\/2023\/04\/miguel-2-300x300.jpg","width":300,"height":300},"sportspress-fit-medium":{"url":"https:\/\/villarrealcf.es\/wp-content\/uploads\/2023\/04\/miguel-2-300x169.jpg","width":300,"height":169},"sportspress-fit-icon":{"url":"https:\/\/villarrealcf.es\/wp-content\/uploads\/2023\/04\/miguel-2-128x72.jpg","width":128,"height":72},"sportspress-fit-mini":{"url":"https:\/\/villarrealcf.es\/wp-content\/uploads\/2023\/04\/miguel-2-32x18.jpg","width":32,"height":18},"bunyad-small":{"url":"https:\/\/villarrealcf.es\/wp-content\/uploads\/2023\/04\/miguel-2-150x84.jpg","width":150,"height":84},"bunyad-medium":{"url":"https:\/\/villarrealcf.es\/wp-content\/uploads\/2023\/04\/miguel-2-450x253.jpg","width":450,"height":253},"bunyad-full":{"url":"https:\/\/villarrealcf.es\/wp-content\/uploads\/2023\/04\/miguel-2-1200x675.jpg","width":1200,"height":675},"bunyad-viewport":{"url":"https:\/\/villarrealcf.es\/wp-content\/uploads\/2023\/04\/miguel-2-2048x1152.jpg","width":2048,"height":1152},"bunyad-768":{"url":"https:\/\/villarrealcf.es\/wp-content\/uploads\/2023\/04\/miguel-2-768x432.jpg","width":768,"height":432},"full":{"url":"https:\/\/villarrealcf.es\/wp-content\/uploads\/2023\/04\/miguel-2.jpg","width":2362,"height":1329}}},"author_data":{"id":"1","name":"root_envidea","first_name":"Villarreal CF","last_name":"","description":"","avatar_url":"https:\/\/secure.gravatar.com\/avatar\/48f95f42a3ccc324f3a3458e4b9e6fb070b083e99d388e170c1afb061fa99b63?s=96&d=mm&r=g","acf":null},"taxonomies_data":{"category":[{"id":13803,"name":"Futbol base","slug":"futbol-base-val-2","acf":null}],"post_tag":[{"id":14058,"name":"Albacete BP","slug":"albacete-bp-val","acf":null},{"id":10325,"name":"Cantera Grogueta","slug":"cantera-grogueta-val","acf":null},{"id":717,"name":"Football","slug":"football-d34","acf":null},{"id":9270,"name":"Futbol","slug":"futbol-val","acf":null},{"id":13241,"name":"LaLiga Smartbank","slug":"laliga-smartbank-val","acf":null},{"id":14339,"name":"Miguel Alvarez","slug":"miguel-alvarez-3-val","acf":null},{"id":9680,"name":"Rueda de prensa","slug":"rueda-de-prensa-val","acf":null},{"id":716,"name":"Soccer","slug":"soccer-d105","acf":null},{"id":9205,"name":"Submarino","slug":"submarino-val","acf":null},{"id":9627,"name":"Submarino Amarillo","slug":"submarino-amarillo-val","acf":null},{"id":9203,"name":"Villarreal CF","slug":"villarreal-cf-val","acf":null}],"translation_priority":[{"id":735,"name":"Optional","slug":"optional-val","acf":null}]},"seo_full":{"native":{"title":"Miguel \u00c1lvarez: &#8220;Nos visita el equipo revelaci\u00f3n&#8221; - Web Oficial del Villarreal CF","description":"El Villarreal B y el Albacete se miden en La Cer\u00e1mica este s\u00e1bado a las 14.00h","canonical":"https:\/\/villarrealcf.es\/val\/miguel-alvarez-nos-visita-el-equipo-revelacion\/"}},"_links":{"self":[{"href":"https:\/\/villarrealcf.es\/val\/wp-json\/wp\/v2\/posts\/262731","targetHints":{"allow":["GET"]}}],"collection":[{"href":"https:\/\/villarrealcf.es\/val\/wp-json\/wp\/v2\/posts"}],"about":[{"href":"https:\/\/villarrealcf.es\/val\/wp-json\/wp\/v2\/types\/post"}],"author":[{"embeddable":true,"href":"https:\/\/villarrealcf.es\/val\/wp-json\/wp\/v2\/users\/1"}],"replies":[{"embeddable":true,"href":"https:\/\/villarrealcf.es\/val\/wp-json\/wp\/v2\/comments?post=262731"}],"version-history":[{"count":0,"href":"https:\/\/villarrealcf.es\/val\/wp-json\/wp\/v2\/posts\/262731\/revisions"}],"wp:featuredmedia":[{"embeddable":true,"href":"https:\/\/villarrealcf.es\/val\/wp-json\/wp\/v2\/media\/262725"}],"wp:attachment":[{"href":"https:\/\/villarrealcf.es\/val\/wp-json\/wp\/v2\/media?parent=262731"}],"wp:term":[{"taxonomy":"category","embeddable":true,"href":"https:\/\/villarrealcf.es\/val\/wp-json\/wp\/v2\/categories?post=262731"},{"taxonomy":"post_tag","embeddable":true,"href":"https:\/\/villarrealcf.es\/val\/wp-json\/wp\/v2\/tags?post=262731"}],"curies":[{"name":"wp","href":"https:\/\/api.w.org\/{rel}","templated":true}]}}