{"id":262727,"date":"2023-04-21T13:33:27","date_gmt":"2023-04-21T11:33:27","guid":{"rendered":"https:\/\/villarrealcf.es\/\/el-sevilla-esta-inspirado-y-con-confianza\/"},"modified":"2023-04-21T13:44:24","modified_gmt":"2023-04-21T11:44:24","slug":"el-sevilla-esta-inspirat-i-amb-confianca","status":"publish","type":"post","link":"https:\/\/villarrealcf.es\/val\/el-sevilla-esta-inspirat-i-amb-confianca\/","title":{"rendered":"\u201cEl Sevilla est\u00e0 inspirat i amb confian\u00e7a\u201d"},"content":{"protected":false,"blocks":[{"type":"heading","level":2,"text":"L\u2019entrenador del Villarreal advoca per tindre control i pausa davant un conjunt sevill\u00e0 molt poder\u00f3s f\u00edsicament (diumenge, 21.00h)"},{"type":"paragraph","text":"L\u2019entrenador del Villarreal, Quique Seti\u00e9n, ha comparegut davant els mitjans de comunicaci\u00f3 per a analitzar l\u2019actualitat del conjunt groc, que s\u2019enfrontar\u00e0 aquest diumenge, a les 21.00 hores, al Sevilla FC en l\u2019Estadio Ram\u00f3n S\u00e1nchez-Pizju\u00e1n."},{"type":"video","kind":"iframe","url":"https:\/\/www.youtube.com\/embed\/IQupiXGgNiE?feature=oembed","poster":""},{"type":"paragraph","text":"En la seua compareixen\u00e7a, el t\u00e8cnic c\u00e0ntabre ha subratllat que ser\u00e0 un partit molt complicat davant un rival en estat de gr\u00e0cia: \u201cEst\u00e0 inspirat i ser\u00e0 molt dif\u00edcil. Han trobat un cam\u00ed diferent amb Mendilibar, amb el qual estan oferint una versi\u00f3 molt positiva que es reflecteix en l\u2019estat d\u2019\u00e0nim i en els resultats de l\u2019equip\u201d."},{"type":"paragraph","text":"El Submar\u00ed s\u2019enfronta al Sevilla en un moment fant\u00e0stic per als sevillans: \u201cInflueix l\u2019estat d\u2019\u00e0nim despr\u00e9s del triomf davant el Manchester United. El Sevilla ha viscut moments complicats aquesta temporada, per\u00f2 ara est\u00e0 en un gran moment. T\u00e9 molta fortalesa mental. \u00c9s un equip molt f\u00edsic i que t\u00e9 molta qualitat. Fa les coses molt b\u00e9 i li trauen molt rendiment\u201d."},{"type":"paragraph","text":"Pese a l\u2019estat d\u2019euf\u00f2ria regnant en Nervi\u00f3n, el Villarreal anir\u00e0 pel triomf: \u201cSempre eixim a guanyar els partits. Aix\u00f2 no canviar\u00e0. Intentarem fer el nostre partit, veure on podem fer-los mal, buscarem com superar-los. Sabem de la seua fortalesa i intentarem contrarestar les seues armes. Intentarem fer-ho tan b\u00e9 com siga possible per a sumar punts i lluitar per entrar a Europa aquesta temporada\u201d."},{"type":"paragraph","text":"Aix\u00ed mateix, Seti\u00e9n recorda que hi haur\u00e0 molts moments en el Sevilla-Villarreal: \u201cHi ha molts moments dins d\u2019un partit. Ni sempre ni mai cal fer el mateix. S\u00f3n ells els que trien en el camp segons la situaci\u00f3. La proposta passa per tindre la pilota perqu\u00e8 volem tindre el control del partit. Nosaltres tenim pautes establides i un ordre, per\u00f2 s\u00f3n els jugadors els que prenen decisions dins d\u2019aqueixa estructura\u201d."},{"type":"paragraph","text":"Finalment, l\u2019entrenador groc ha advocat per mantindre el control amb la pilota per a superar al Sevilla: \u201c\u00c9s un equip molt fort f\u00edsicament. Tenen alternatives quant a situacions de perill. Costa molt controlar-les i ens comprometran en molts moments. Despr\u00e9s cal veure qu\u00e8 som capa\u00e7os de fer amb pilota. Si tenim pausa i tranquil\u00b7litat, podrem fer-li mal al Sevilla\u201d."}],"structured":{"summary":{"text":"L\u2019entrenador del Villarreal advoca per tindre control i pausa davant un conjunt sevill\u00e0 molt poder\u00f3s f\u00edsicament (diumenge, 21.00h) L\u2019entrenador del Villarreal, Quique Seti\u00e9n, ha comparegut davant els mitjans de comunicaci\u00f3 per a analitzar l\u2019actualitat del conjunt groc, que s\u2019enfrontar\u00e0 aquest diumenge, a les 21.00 hores, al Sevilla FC en l\u2019Estadio Ram\u00f3n S\u00e1nchez-Pizju\u00e1n. En la seua compareixen\u00e7a, el t\u00e8cnic c\u00e0ntabre ha subratllat que ser\u00e0 un partit molt complicat davant un rival en estat de gr\u00e0cia: \u201cEst\u00e0 inspirat i ser\u00e0 molt dif\u00edcil. Han trobat un cam\u00ed diferent amb Mendilibar, amb el qual estan oferint una versi\u00f3 molt positiva que es reflecteix en l\u2019estat d\u2019\u00e0nim i en els resultats de l\u2019equip\u201d. El Submar\u00ed s\u2019enfronta al Sevilla en un moment fant\u00e0stic per als sevillans: \u201cInflueix l\u2019estat d\u2019\u00e0nim despr\u00e9s del triomf davant el Manchester United. El Sevilla ha viscut moments complicats aquesta temporada, per\u00f2 ara est\u00e0 en un gran moment. T\u00e9 molta fortalesa mental. \u00c9s un equip molt f\u00edsic i que t\u00e9 molta qualitat. Fa les coses molt b\u00e9 i li trauen molt rendiment\u201d. Pese a l\u2019estat d\u2019euf\u00f2ria regnant en Nervi\u00f3n, el Villarreal anir\u00e0 pel triomf: \u201cSempre eixim a guanyar els partits. Aix\u00f2 no canviar\u00e0. Intentarem fer el nostre partit, veure on podem fer-los mal, buscarem com superar-los. Sabem de la seua fortalesa i intentarem contrarestar les seues armes. Intentarem fer-ho tan b\u00e9 com siga possible per a sumar punts i lluitar per entrar a Europa aquesta temporada\u201d. Aix\u00ed mateix, Seti\u00e9n recorda que hi haur\u00e0 molts moments en el Sevilla-Villarreal: \u201cHi ha molts moments dins d\u2019un partit. Ni sempre ni mai cal fer el mateix. S\u00f3n ells els que trien en el camp segons la situaci\u00f3. La proposta passa per tindre la pilota perqu\u00e8 volem tindre el control del partit. Nosaltres tenim pautes establides i un ordre, per\u00f2 s\u00f3n els jugadors els que prenen decisions dins d\u2019aqueixa estructura\u201d. Finalment, l\u2019entrenador groc ha advocat per mantindre el control amb la pilota per a superar al Sevilla: \u201c\u00c9s un equip molt fort f\u00edsicament. Tenen alternatives quant a situacions de perill. Costa molt controlar-les i ens comprometran en molts moments. Despr\u00e9s cal veure qu\u00e8 som capa\u00e7os de fer amb pilota. Si tenim pausa i tranquil\u00b7litat, podrem fer-li mal al Sevilla\u201d.","headings":[{"type":"heading","level":2,"text":"L\u2019entrenador del Villarreal advoca per tindre control i pausa davant un conjunt sevill\u00e0 molt poder\u00f3s f\u00edsicament (diumenge, 21.00h)"}],"buttons":[],"images":[],"counts":{"blocks":8,"headings":1,"texts":6,"buttons":0,"images":0}},"sections":[{"id":"section-1","title":"L\u2019entrenador del Villarreal advoca per tindre control i pausa davant un conjunt sevill\u00e0 molt poder\u00f3s f\u00edsicament (diumenge, 21.00h)","text":"L\u2019entrenador del Villarreal advoca per tindre control i pausa davant un conjunt sevill\u00e0 molt poder\u00f3s f\u00edsicament (diumenge, 21.00h) L\u2019entrenador del Villarreal, Quique Seti\u00e9n, ha comparegut davant els mitjans de comunicaci\u00f3 per a analitzar l\u2019actualitat del conjunt groc, que s\u2019enfrontar\u00e0 aquest diumenge, a les 21.00 hores, al Sevilla FC en l\u2019Estadio Ram\u00f3n S\u00e1nchez-Pizju\u00e1n. En la seua compareixen\u00e7a, el t\u00e8cnic c\u00e0ntabre ha subratllat que ser\u00e0 un partit molt complicat davant un rival en estat de gr\u00e0cia: \u201cEst\u00e0 inspirat i ser\u00e0 molt dif\u00edcil. Han trobat un cam\u00ed diferent amb Mendilibar, amb el qual estan oferint una versi\u00f3 molt positiva que es reflecteix en l\u2019estat d\u2019\u00e0nim i en els resultats de l\u2019equip\u201d. El Submar\u00ed s\u2019enfronta al Sevilla en un moment fant\u00e0stic per als sevillans: \u201cInflueix l\u2019estat d\u2019\u00e0nim despr\u00e9s del triomf davant el Manchester United. El Sevilla ha viscut moments complicats aquesta temporada, per\u00f2 ara est\u00e0 en un gran moment. T\u00e9 molta fortalesa mental. \u00c9s un equip molt f\u00edsic i que t\u00e9 molta qualitat. Fa les coses molt b\u00e9 i li trauen molt rendiment\u201d. Pese a l\u2019estat d\u2019euf\u00f2ria regnant en Nervi\u00f3n, el Villarreal anir\u00e0 pel triomf: \u201cSempre eixim a guanyar els partits. Aix\u00f2 no canviar\u00e0. Intentarem fer el nostre partit, veure on podem fer-los mal, buscarem com superar-los. Sabem de la seua fortalesa i intentarem contrarestar les seues armes. Intentarem fer-ho tan b\u00e9 com siga possible per a sumar punts i lluitar per entrar a Europa aquesta temporada\u201d. Aix\u00ed mateix, Seti\u00e9n recorda que hi haur\u00e0 molts moments en el Sevilla-Villarreal: \u201cHi ha molts moments dins d\u2019un partit. Ni sempre ni mai cal fer el mateix. S\u00f3n ells els que trien en el camp segons la situaci\u00f3. La proposta passa per tindre la pilota perqu\u00e8 volem tindre el control del partit. Nosaltres tenim pautes establides i un ordre, per\u00f2 s\u00f3n els jugadors els que prenen decisions dins d\u2019aqueixa estructura\u201d. Finalment, l\u2019entrenador groc ha advocat per mantindre el control amb la pilota per a superar al Sevilla: \u201c\u00c9s un equip molt fort f\u00edsicament. Tenen alternatives quant a situacions de perill. Costa molt controlar-les i ens comprometran en molts moments. Despr\u00e9s cal veure qu\u00e8 som capa\u00e7os de fer amb pilota. Si tenim pausa i tranquil\u00b7litat, podrem fer-li mal al Sevilla\u201d.","headings":[{"type":"heading","level":2,"text":"L\u2019entrenador del Villarreal advoca per tindre control i pausa davant un conjunt sevill\u00e0 molt poder\u00f3s f\u00edsicament (diumenge, 21.00h)"}],"texts":[{"type":"paragraph","text":"L\u2019entrenador del Villarreal, Quique Seti\u00e9n, ha comparegut davant els mitjans de comunicaci\u00f3 per a analitzar l\u2019actualitat del conjunt groc, que s\u2019enfrontar\u00e0 aquest diumenge, a les 21.00 hores, al Sevilla FC en l\u2019Estadio Ram\u00f3n S\u00e1nchez-Pizju\u00e1n."},{"type":"paragraph","text":"En la seua compareixen\u00e7a, el t\u00e8cnic c\u00e0ntabre ha subratllat que ser\u00e0 un partit molt complicat davant un rival en estat de gr\u00e0cia: \u201cEst\u00e0 inspirat i ser\u00e0 molt dif\u00edcil. Han trobat un cam\u00ed diferent amb Mendilibar, amb el qual estan oferint una versi\u00f3 molt positiva que es reflecteix en l\u2019estat d\u2019\u00e0nim i en els resultats de l\u2019equip\u201d."},{"type":"paragraph","text":"El Submar\u00ed s\u2019enfronta al Sevilla en un moment fant\u00e0stic per als sevillans: \u201cInflueix l\u2019estat d\u2019\u00e0nim despr\u00e9s del triomf davant el Manchester United. El Sevilla ha viscut moments complicats aquesta temporada, per\u00f2 ara est\u00e0 en un gran moment. T\u00e9 molta fortalesa mental. \u00c9s un equip molt f\u00edsic i que t\u00e9 molta qualitat. Fa les coses molt b\u00e9 i li trauen molt rendiment\u201d."},{"type":"paragraph","text":"Pese a l\u2019estat d\u2019euf\u00f2ria regnant en Nervi\u00f3n, el Villarreal anir\u00e0 pel triomf: \u201cSempre eixim a guanyar els partits. Aix\u00f2 no canviar\u00e0. Intentarem fer el nostre partit, veure on podem fer-los mal, buscarem com superar-los. Sabem de la seua fortalesa i intentarem contrarestar les seues armes. Intentarem fer-ho tan b\u00e9 com siga possible per a sumar punts i lluitar per entrar a Europa aquesta temporada\u201d."},{"type":"paragraph","text":"Aix\u00ed mateix, Seti\u00e9n recorda que hi haur\u00e0 molts moments en el Sevilla-Villarreal: \u201cHi ha molts moments dins d\u2019un partit. Ni sempre ni mai cal fer el mateix. S\u00f3n ells els que trien en el camp segons la situaci\u00f3. La proposta passa per tindre la pilota perqu\u00e8 volem tindre el control del partit. Nosaltres tenim pautes establides i un ordre, per\u00f2 s\u00f3n els jugadors els que prenen decisions dins d\u2019aqueixa estructura\u201d."},{"type":"paragraph","text":"Finalment, l\u2019entrenador groc ha advocat per mantindre el control amb la pilota per a superar al Sevilla: \u201c\u00c9s un equip molt fort f\u00edsicament. Tenen alternatives quant a situacions de perill. Costa molt controlar-les i ens comprometran en molts moments. Despr\u00e9s cal veure qu\u00e8 som capa\u00e7os de fer amb pilota. Si tenim pausa i tranquil\u00b7litat, podrem fer-li mal al Sevilla\u201d."}],"buttons":[],"images":[],"widgets":[],"blocks":[{"type":"heading","level":2,"text":"L\u2019entrenador del Villarreal advoca per tindre control i pausa davant un conjunt sevill\u00e0 molt poder\u00f3s f\u00edsicament (diumenge, 21.00h)"},{"type":"paragraph","text":"L\u2019entrenador del Villarreal, Quique Seti\u00e9n, ha comparegut davant els mitjans de comunicaci\u00f3 per a analitzar l\u2019actualitat del conjunt groc, que s\u2019enfrontar\u00e0 aquest diumenge, a les 21.00 hores, al Sevilla FC en l\u2019Estadio Ram\u00f3n S\u00e1nchez-Pizju\u00e1n."},{"type":"video","kind":"iframe","url":"https:\/\/www.youtube.com\/embed\/IQupiXGgNiE?feature=oembed","poster":""},{"type":"paragraph","text":"En la seua compareixen\u00e7a, el t\u00e8cnic c\u00e0ntabre ha subratllat que ser\u00e0 un partit molt complicat davant un rival en estat de gr\u00e0cia: \u201cEst\u00e0 inspirat i ser\u00e0 molt dif\u00edcil. Han trobat un cam\u00ed diferent amb Mendilibar, amb el qual estan oferint una versi\u00f3 molt positiva que es reflecteix en l\u2019estat d\u2019\u00e0nim i en els resultats de l\u2019equip\u201d."},{"type":"paragraph","text":"El Submar\u00ed s\u2019enfronta al Sevilla en un moment fant\u00e0stic per als sevillans: \u201cInflueix l\u2019estat d\u2019\u00e0nim despr\u00e9s del triomf davant el Manchester United. El Sevilla ha viscut moments complicats aquesta temporada, per\u00f2 ara est\u00e0 en un gran moment. T\u00e9 molta fortalesa mental. \u00c9s un equip molt f\u00edsic i que t\u00e9 molta qualitat. Fa les coses molt b\u00e9 i li trauen molt rendiment\u201d."},{"type":"paragraph","text":"Pese a l\u2019estat d\u2019euf\u00f2ria regnant en Nervi\u00f3n, el Villarreal anir\u00e0 pel triomf: \u201cSempre eixim a guanyar els partits. Aix\u00f2 no canviar\u00e0. Intentarem fer el nostre partit, veure on podem fer-los mal, buscarem com superar-los. Sabem de la seua fortalesa i intentarem contrarestar les seues armes. Intentarem fer-ho tan b\u00e9 com siga possible per a sumar punts i lluitar per entrar a Europa aquesta temporada\u201d."},{"type":"paragraph","text":"Aix\u00ed mateix, Seti\u00e9n recorda que hi haur\u00e0 molts moments en el Sevilla-Villarreal: \u201cHi ha molts moments dins d\u2019un partit. Ni sempre ni mai cal fer el mateix. S\u00f3n ells els que trien en el camp segons la situaci\u00f3. La proposta passa per tindre la pilota perqu\u00e8 volem tindre el control del partit. Nosaltres tenim pautes establides i un ordre, per\u00f2 s\u00f3n els jugadors els que prenen decisions dins d\u2019aqueixa estructura\u201d."},{"type":"paragraph","text":"Finalment, l\u2019entrenador groc ha advocat per mantindre el control amb la pilota per a superar al Sevilla: \u201c\u00c9s un equip molt fort f\u00edsicament. Tenen alternatives quant a situacions de perill. Costa molt controlar-les i ens comprometran en molts moments. Despr\u00e9s cal veure qu\u00e8 som capa\u00e7os de fer amb pilota. Si tenim pausa i tranquil\u00b7litat, podrem fer-li mal al Sevilla\u201d."}]}],"hero":{"id":"section-1","title":"L\u2019entrenador del Villarreal advoca per tindre control i pausa davant un conjunt sevill\u00e0 molt poder\u00f3s f\u00edsicament (diumenge, 21.00h)","text":"L\u2019entrenador del Villarreal advoca per tindre control i pausa davant un conjunt sevill\u00e0 molt poder\u00f3s f\u00edsicament (diumenge, 21.00h) L\u2019entrenador del Villarreal, Quique Seti\u00e9n, ha comparegut davant els mitjans de comunicaci\u00f3 per a analitzar l\u2019actualitat del conjunt groc, que s\u2019enfrontar\u00e0 aquest diumenge, a les 21.00 hores, al Sevilla FC en l\u2019Estadio Ram\u00f3n S\u00e1nchez-Pizju\u00e1n. En la seua compareixen\u00e7a, el t\u00e8cnic c\u00e0ntabre ha subratllat que ser\u00e0 un partit molt complicat davant un rival en estat de gr\u00e0cia: \u201cEst\u00e0 inspirat i ser\u00e0 molt dif\u00edcil. Han trobat un cam\u00ed diferent amb Mendilibar, amb el qual estan oferint una versi\u00f3 molt positiva que es reflecteix en l\u2019estat d\u2019\u00e0nim i en els resultats de l\u2019equip\u201d. El Submar\u00ed s\u2019enfronta al Sevilla en un moment fant\u00e0stic per als sevillans: \u201cInflueix l\u2019estat d\u2019\u00e0nim despr\u00e9s del triomf davant el Manchester United. El Sevilla ha viscut moments complicats aquesta temporada, per\u00f2 ara est\u00e0 en un gran moment. T\u00e9 molta fortalesa mental. \u00c9s un equip molt f\u00edsic i que t\u00e9 molta qualitat. Fa les coses molt b\u00e9 i li trauen molt rendiment\u201d. Pese a l\u2019estat d\u2019euf\u00f2ria regnant en Nervi\u00f3n, el Villarreal anir\u00e0 pel triomf: \u201cSempre eixim a guanyar els partits. Aix\u00f2 no canviar\u00e0. Intentarem fer el nostre partit, veure on podem fer-los mal, buscarem com superar-los. Sabem de la seua fortalesa i intentarem contrarestar les seues armes. Intentarem fer-ho tan b\u00e9 com siga possible per a sumar punts i lluitar per entrar a Europa aquesta temporada\u201d. Aix\u00ed mateix, Seti\u00e9n recorda que hi haur\u00e0 molts moments en el Sevilla-Villarreal: \u201cHi ha molts moments dins d\u2019un partit. Ni sempre ni mai cal fer el mateix. S\u00f3n ells els que trien en el camp segons la situaci\u00f3. La proposta passa per tindre la pilota perqu\u00e8 volem tindre el control del partit. Nosaltres tenim pautes establides i un ordre, per\u00f2 s\u00f3n els jugadors els que prenen decisions dins d\u2019aqueixa estructura\u201d. Finalment, l\u2019entrenador groc ha advocat per mantindre el control amb la pilota per a superar al Sevilla: \u201c\u00c9s un equip molt fort f\u00edsicament. Tenen alternatives quant a situacions de perill. Costa molt controlar-les i ens comprometran en molts moments. Despr\u00e9s cal veure qu\u00e8 som capa\u00e7os de fer amb pilota. Si tenim pausa i tranquil\u00b7litat, podrem fer-li mal al Sevilla\u201d.","headings":[{"type":"heading","level":2,"text":"L\u2019entrenador del Villarreal advoca per tindre control i pausa davant un conjunt sevill\u00e0 molt poder\u00f3s f\u00edsicament (diumenge, 21.00h)"}],"texts":[{"type":"paragraph","text":"L\u2019entrenador del Villarreal, Quique Seti\u00e9n, ha comparegut davant els mitjans de comunicaci\u00f3 per a analitzar l\u2019actualitat del conjunt groc, que s\u2019enfrontar\u00e0 aquest diumenge, a les 21.00 hores, al Sevilla FC en l\u2019Estadio Ram\u00f3n S\u00e1nchez-Pizju\u00e1n."},{"type":"paragraph","text":"En la seua compareixen\u00e7a, el t\u00e8cnic c\u00e0ntabre ha subratllat que ser\u00e0 un partit molt complicat davant un rival en estat de gr\u00e0cia: \u201cEst\u00e0 inspirat i ser\u00e0 molt dif\u00edcil. Han trobat un cam\u00ed diferent amb Mendilibar, amb el qual estan oferint una versi\u00f3 molt positiva que es reflecteix en l\u2019estat d\u2019\u00e0nim i en els resultats de l\u2019equip\u201d."},{"type":"paragraph","text":"El Submar\u00ed s\u2019enfronta al Sevilla en un moment fant\u00e0stic per als sevillans: \u201cInflueix l\u2019estat d\u2019\u00e0nim despr\u00e9s del triomf davant el Manchester United. El Sevilla ha viscut moments complicats aquesta temporada, per\u00f2 ara est\u00e0 en un gran moment. T\u00e9 molta fortalesa mental. \u00c9s un equip molt f\u00edsic i que t\u00e9 molta qualitat. Fa les coses molt b\u00e9 i li trauen molt rendiment\u201d."},{"type":"paragraph","text":"Pese a l\u2019estat d\u2019euf\u00f2ria regnant en Nervi\u00f3n, el Villarreal anir\u00e0 pel triomf: \u201cSempre eixim a guanyar els partits. Aix\u00f2 no canviar\u00e0. Intentarem fer el nostre partit, veure on podem fer-los mal, buscarem com superar-los. Sabem de la seua fortalesa i intentarem contrarestar les seues armes. Intentarem fer-ho tan b\u00e9 com siga possible per a sumar punts i lluitar per entrar a Europa aquesta temporada\u201d."},{"type":"paragraph","text":"Aix\u00ed mateix, Seti\u00e9n recorda que hi haur\u00e0 molts moments en el Sevilla-Villarreal: \u201cHi ha molts moments dins d\u2019un partit. Ni sempre ni mai cal fer el mateix. S\u00f3n ells els que trien en el camp segons la situaci\u00f3. La proposta passa per tindre la pilota perqu\u00e8 volem tindre el control del partit. Nosaltres tenim pautes establides i un ordre, per\u00f2 s\u00f3n els jugadors els que prenen decisions dins d\u2019aqueixa estructura\u201d."},{"type":"paragraph","text":"Finalment, l\u2019entrenador groc ha advocat per mantindre el control amb la pilota per a superar al Sevilla: \u201c\u00c9s un equip molt fort f\u00edsicament. Tenen alternatives quant a situacions de perill. Costa molt controlar-les i ens comprometran en molts moments. Despr\u00e9s cal veure qu\u00e8 som capa\u00e7os de fer amb pilota. Si tenim pausa i tranquil\u00b7litat, podrem fer-li mal al Sevilla\u201d."}],"buttons":[],"images":[],"widgets":[],"blocks":[{"type":"heading","level":2,"text":"L\u2019entrenador del Villarreal advoca per tindre control i pausa davant un conjunt sevill\u00e0 molt poder\u00f3s f\u00edsicament (diumenge, 21.00h)"},{"type":"paragraph","text":"L\u2019entrenador del Villarreal, Quique Seti\u00e9n, ha comparegut davant els mitjans de comunicaci\u00f3 per a analitzar l\u2019actualitat del conjunt groc, que s\u2019enfrontar\u00e0 aquest diumenge, a les 21.00 hores, al Sevilla FC en l\u2019Estadio Ram\u00f3n S\u00e1nchez-Pizju\u00e1n."},{"type":"video","kind":"iframe","url":"https:\/\/www.youtube.com\/embed\/IQupiXGgNiE?feature=oembed","poster":""},{"type":"paragraph","text":"En la seua compareixen\u00e7a, el t\u00e8cnic c\u00e0ntabre ha subratllat que ser\u00e0 un partit molt complicat davant un rival en estat de gr\u00e0cia: \u201cEst\u00e0 inspirat i ser\u00e0 molt dif\u00edcil. Han trobat un cam\u00ed diferent amb Mendilibar, amb el qual estan oferint una versi\u00f3 molt positiva que es reflecteix en l\u2019estat d\u2019\u00e0nim i en els resultats de l\u2019equip\u201d."},{"type":"paragraph","text":"El Submar\u00ed s\u2019enfronta al Sevilla en un moment fant\u00e0stic per als sevillans: \u201cInflueix l\u2019estat d\u2019\u00e0nim despr\u00e9s del triomf davant el Manchester United. El Sevilla ha viscut moments complicats aquesta temporada, per\u00f2 ara est\u00e0 en un gran moment. T\u00e9 molta fortalesa mental. \u00c9s un equip molt f\u00edsic i que t\u00e9 molta qualitat. Fa les coses molt b\u00e9 i li trauen molt rendiment\u201d."},{"type":"paragraph","text":"Pese a l\u2019estat d\u2019euf\u00f2ria regnant en Nervi\u00f3n, el Villarreal anir\u00e0 pel triomf: \u201cSempre eixim a guanyar els partits. Aix\u00f2 no canviar\u00e0. Intentarem fer el nostre partit, veure on podem fer-los mal, buscarem com superar-los. Sabem de la seua fortalesa i intentarem contrarestar les seues armes. Intentarem fer-ho tan b\u00e9 com siga possible per a sumar punts i lluitar per entrar a Europa aquesta temporada\u201d."},{"type":"paragraph","text":"Aix\u00ed mateix, Seti\u00e9n recorda que hi haur\u00e0 molts moments en el Sevilla-Villarreal: \u201cHi ha molts moments dins d\u2019un partit. Ni sempre ni mai cal fer el mateix. S\u00f3n ells els que trien en el camp segons la situaci\u00f3. La proposta passa per tindre la pilota perqu\u00e8 volem tindre el control del partit. Nosaltres tenim pautes establides i un ordre, per\u00f2 s\u00f3n els jugadors els que prenen decisions dins d\u2019aqueixa estructura\u201d."},{"type":"paragraph","text":"Finalment, l\u2019entrenador groc ha advocat per mantindre el control amb la pilota per a superar al Sevilla: \u201c\u00c9s un equip molt fort f\u00edsicament. Tenen alternatives quant a situacions de perill. Costa molt controlar-les i ens comprometran en molts moments. Despr\u00e9s cal veure qu\u00e8 som capa\u00e7os de fer amb pilota. Si tenim pausa i tranquil\u00b7litat, podrem fer-li mal al Sevilla\u201d."}]}},"sections":[{"id":"section-1","title":"L\u2019entrenador del Villarreal advoca per tindre control i pausa davant un conjunt sevill\u00e0 molt poder\u00f3s f\u00edsicament (diumenge, 21.00h)","text":"L\u2019entrenador del Villarreal advoca per tindre control i pausa davant un conjunt sevill\u00e0 molt poder\u00f3s f\u00edsicament (diumenge, 21.00h) L\u2019entrenador del Villarreal, Quique Seti\u00e9n, ha comparegut davant els mitjans de comunicaci\u00f3 per a analitzar l\u2019actualitat del conjunt groc, que s\u2019enfrontar\u00e0 aquest diumenge, a les 21.00 hores, al Sevilla FC en l\u2019Estadio Ram\u00f3n S\u00e1nchez-Pizju\u00e1n. En la seua compareixen\u00e7a, el t\u00e8cnic c\u00e0ntabre ha subratllat que ser\u00e0 un partit molt complicat davant un rival en estat de gr\u00e0cia: \u201cEst\u00e0 inspirat i ser\u00e0 molt dif\u00edcil. Han trobat un cam\u00ed diferent amb Mendilibar, amb el qual estan oferint una versi\u00f3 molt positiva que es reflecteix en l\u2019estat d\u2019\u00e0nim i en els resultats de l\u2019equip\u201d. El Submar\u00ed s\u2019enfronta al Sevilla en un moment fant\u00e0stic per als sevillans: \u201cInflueix l\u2019estat d\u2019\u00e0nim despr\u00e9s del triomf davant el Manchester United. El Sevilla ha viscut moments complicats aquesta temporada, per\u00f2 ara est\u00e0 en un gran moment. T\u00e9 molta fortalesa mental. \u00c9s un equip molt f\u00edsic i que t\u00e9 molta qualitat. Fa les coses molt b\u00e9 i li trauen molt rendiment\u201d. Pese a l\u2019estat d\u2019euf\u00f2ria regnant en Nervi\u00f3n, el Villarreal anir\u00e0 pel triomf: \u201cSempre eixim a guanyar els partits. Aix\u00f2 no canviar\u00e0. Intentarem fer el nostre partit, veure on podem fer-los mal, buscarem com superar-los. Sabem de la seua fortalesa i intentarem contrarestar les seues armes. Intentarem fer-ho tan b\u00e9 com siga possible per a sumar punts i lluitar per entrar a Europa aquesta temporada\u201d. Aix\u00ed mateix, Seti\u00e9n recorda que hi haur\u00e0 molts moments en el Sevilla-Villarreal: \u201cHi ha molts moments dins d\u2019un partit. Ni sempre ni mai cal fer el mateix. S\u00f3n ells els que trien en el camp segons la situaci\u00f3. La proposta passa per tindre la pilota perqu\u00e8 volem tindre el control del partit. Nosaltres tenim pautes establides i un ordre, per\u00f2 s\u00f3n els jugadors els que prenen decisions dins d\u2019aqueixa estructura\u201d. Finalment, l\u2019entrenador groc ha advocat per mantindre el control amb la pilota per a superar al Sevilla: \u201c\u00c9s un equip molt fort f\u00edsicament. Tenen alternatives quant a situacions de perill. Costa molt controlar-les i ens comprometran en molts moments. Despr\u00e9s cal veure qu\u00e8 som capa\u00e7os de fer amb pilota. Si tenim pausa i tranquil\u00b7litat, podrem fer-li mal al Sevilla\u201d.","url":"","background_image":"","images":[],"videos":[{"type":"video","kind":"iframe","url":"https:\/\/www.youtube.com\/embed\/IQupiXGgNiE?feature=oembed","poster":""}],"links":[]}]},"excerpt":{"rendered":"L&#8217;entrenador del Villarreal advoca per tindre control i pausa davant un conjunt sevill\u00e0 molt poder\u00f3s f\u00edsicament (diumenge, 21.00h)","protected":false},"author":25,"featured_media":262713,"comment_status":"closed","ping_status":"closed","sticky":false,"template":"","format":"standard","meta":{"_acf_changed":false,"footnotes":""},"categories":[13493],"tags":[9841,717,9270,9721,9278,13861,9680,9837,716,9205,9627,9256,9203],"acf":null,"lang":"val","translations":{"es":262705,"val":262727,"en":262775},"essential_grid":{"has_grid":false},"formatted_date":"April 21, 2023","modified_date":"April 21, 2023","permalink":"https:\/\/villarrealcf.es\/val\/el-sevilla-esta-inspirat-i-amb-confianca\/","reading_time":2,"featured_media_data":{"id":262713,"title":"QUIQUE SETIEN","caption":"QUIQUE SETIEN","alt_text":"","description":"","mime_type":"image\/jpeg","source_url":"https:\/\/villarrealcf.es\/wp-content\/uploads\/2023\/04\/setien-3.jpg","sizes":{"thumbnail":{"url":"https:\/\/villarrealcf.es\/wp-content\/uploads\/2023\/04\/setien-3-1920x1080.jpg","width":1920,"height":1080},"medium":{"url":"https:\/\/villarrealcf.es\/wp-content\/uploads\/2023\/04\/setien-3-1920x1080.jpg","width":1920,"height":1080},"medium_large":{"url":"https:\/\/villarrealcf.es\/wp-content\/uploads\/2023\/04\/setien-3-768x432.jpg","width":768,"height":432},"large":{"url":"https:\/\/villarrealcf.es\/wp-content\/uploads\/2023\/04\/setien-3-1920x1080.jpg","width":788,"height":443},"1536x1536":{"url":"https:\/\/villarrealcf.es\/wp-content\/uploads\/2023\/04\/setien-3-1536x864.jpg","width":1536,"height":864},"2048x2048":{"url":"https:\/\/villarrealcf.es\/wp-content\/uploads\/2023\/04\/setien-3.jpg","width":1920,"height":1080},"tp-image-grid":{"url":"https:\/\/villarrealcf.es\/wp-content\/uploads\/2023\/04\/setien-3-700x700.jpg","width":700,"height":700},"size-bunyad-medium":{"url":"https:\/\/villarrealcf.es\/wp-content\/uploads\/2023\/04\/setien-3-1920x1080.jpg","width":1920,"height":1080},"sportspress-crop-medium":{"url":"https:\/\/villarrealcf.es\/wp-content\/uploads\/2023\/04\/setien-3-300x300.jpg","width":300,"height":300},"sportspress-fit-medium":{"url":"https:\/\/villarrealcf.es\/wp-content\/uploads\/2023\/04\/setien-3-300x169.jpg","width":300,"height":169},"sportspress-fit-icon":{"url":"https:\/\/villarrealcf.es\/wp-content\/uploads\/2023\/04\/setien-3-128x72.jpg","width":128,"height":72},"sportspress-fit-mini":{"url":"https:\/\/villarrealcf.es\/wp-content\/uploads\/2023\/04\/setien-3-32x18.jpg","width":32,"height":18},"bunyad-small":{"url":"https:\/\/villarrealcf.es\/wp-content\/uploads\/2023\/04\/setien-3-150x84.jpg","width":150,"height":84},"bunyad-medium":{"url":"https:\/\/villarrealcf.es\/wp-content\/uploads\/2023\/04\/setien-3-450x253.jpg","width":450,"height":253},"bunyad-full":{"url":"https:\/\/villarrealcf.es\/wp-content\/uploads\/2023\/04\/setien-3-1200x675.jpg","width":1200,"height":675},"bunyad-viewport":{"url":"https:\/\/villarrealcf.es\/wp-content\/uploads\/2023\/04\/setien-3.jpg","width":1920,"height":1080},"bunyad-768":{"url":"https:\/\/villarrealcf.es\/wp-content\/uploads\/2023\/04\/setien-3-768x432.jpg","width":768,"height":432},"full":{"url":"https:\/\/villarrealcf.es\/wp-content\/uploads\/2023\/04\/setien-3.jpg","width":1920,"height":1080}}},"author_data":{"id":"25","name":"Javier Ayuso","first_name":"Javier","last_name":"Ayuso","description":"","avatar_url":"https:\/\/secure.gravatar.com\/avatar\/fcf8894be45988fcce5bbff0efe1790d2a7f4ba57e2c7c898f5068154e696495?s=96&d=mm&r=g","acf":null},"taxonomies_data":{"category":[{"id":13493,"name":"Primer equip","slug":"primer-equip","acf":null}],"post_tag":[{"id":9841,"name":"Estadio Ram\u00f3n S\u00e1nchez Pizju\u00e1n","slug":"estadio-ramon-sanchez-pizjuan-val","acf":null},{"id":717,"name":"Football","slug":"football-d34","acf":null},{"id":9270,"name":"Futbol","slug":"futbol-val","acf":null},{"id":9721,"name":"Jornada 30","slug":"jornada-30-val","acf":null},{"id":9278,"name":"primera division","slug":"primera-division-val","acf":null},{"id":13861,"name":"Quique Seti\u00e9n","slug":"quique-setien-3-val","acf":null},{"id":9680,"name":"Rueda de prensa","slug":"rueda-de-prensa-val","acf":null},{"id":9837,"name":"Sevilla FC","slug":"sevilla-fc-val","acf":null},{"id":716,"name":"Soccer","slug":"soccer-d105","acf":null},{"id":9205,"name":"Submarino","slug":"submarino-val","acf":null},{"id":9627,"name":"Submarino Amarillo","slug":"submarino-amarillo-val","acf":null},{"id":9256,"name":"Villarreal","slug":"villarreal-val","acf":null},{"id":9203,"name":"Villarreal CF","slug":"villarreal-cf-val","acf":null}],"translation_priority":[{"id":735,"name":"Optional","slug":"optional-val","acf":null}]},"seo_full":{"native":{"title":"\u201cEl Sevilla est\u00e0 inspirat i amb confian\u00e7a\u201d - Web Oficial del Villarreal CF","description":"L'entrenador del Villarreal advoca per tindre control i pausa davant un conjunt sevill\u00e0 molt poder\u00f3s f\u00edsicament (diumenge, 21.00h)","canonical":"https:\/\/villarrealcf.es\/val\/el-sevilla-esta-inspirat-i-amb-confianca\/"}},"_links":{"self":[{"href":"https:\/\/villarrealcf.es\/val\/wp-json\/wp\/v2\/posts\/262727","targetHints":{"allow":["GET"]}}],"collection":[{"href":"https:\/\/villarrealcf.es\/val\/wp-json\/wp\/v2\/posts"}],"about":[{"href":"https:\/\/villarrealcf.es\/val\/wp-json\/wp\/v2\/types\/post"}],"author":[{"embeddable":true,"href":"https:\/\/villarrealcf.es\/val\/wp-json\/wp\/v2\/users\/25"}],"replies":[{"embeddable":true,"href":"https:\/\/villarrealcf.es\/val\/wp-json\/wp\/v2\/comments?post=262727"}],"version-history":[{"count":0,"href":"https:\/\/villarrealcf.es\/val\/wp-json\/wp\/v2\/posts\/262727\/revisions"}],"wp:featuredmedia":[{"embeddable":true,"href":"https:\/\/villarrealcf.es\/val\/wp-json\/wp\/v2\/media\/262713"}],"wp:attachment":[{"href":"https:\/\/villarrealcf.es\/val\/wp-json\/wp\/v2\/media?parent=262727"}],"wp:term":[{"taxonomy":"category","embeddable":true,"href":"https:\/\/villarrealcf.es\/val\/wp-json\/wp\/v2\/categories?post=262727"},{"taxonomy":"post_tag","embeddable":true,"href":"https:\/\/villarrealcf.es\/val\/wp-json\/wp\/v2\/tags?post=262727"}],"curies":[{"name":"wp","href":"https:\/\/api.w.org\/{rel}","templated":true}]}}