{"id":262492,"date":"2023-04-20T12:22:22","date_gmt":"2023-04-20T10:22:22","guid":{"rendered":"https:\/\/villarrealcf.es\/\/el-villarreal-se-suma-a-la-lucha-de-marta-y-maria\/"},"modified":"2023-04-20T12:39:00","modified_gmt":"2023-04-20T10:39:00","slug":"el-villarreal-se-suma-a-la-lluita-de-marta-i-maria","status":"publish","type":"post","link":"https:\/\/villarrealcf.es\/val\/el-villarreal-se-suma-a-la-lluita-de-marta-i-maria\/","title":{"rendered":"El Villarreal se suma a la lluita de Marta i Mar\u00eda"},"content":{"protected":false,"blocks":[{"type":"heading","level":2,"text":"El club impulsa el repte de les xicotetes germanes castellonenques, l\u2019esperan\u00e7a de vida de les quals dep\u00e9n d\u2019un medicament anomenat Miglustat"},{"type":"paragraph","text":"El Villarreal CF se suma a la lluita de Marta i Mar\u00eda, dues xicotetes germanes castellonenques que pateixen la malaltia de Batten CLN6, una patologia gen\u00e8tica, neurogenerativa i sense cura. Les xicotetes Marta i Mar\u00eda han visitat aquest dijous la Ciudad Deportiva Jos\u00e9 Manuel Llaneza per a con\u00e9ixer als jugadors del Villarreal CF i rebre una samarreta signada per la plantilla, que formar\u00e0 part d\u2019una rifa per a recaptar fons. El club impulsar\u00e0 aquesta campanya, amplificant la seua visibilitat a trav\u00e9s de la iniciativa d\u2019Endavant Solidaritat."},{"type":"paragraph","text":"Desgraciadament, l\u2019esperan\u00e7a i la qualitat de vida de les xicotetes ara dep\u00e9n d\u2019un medicament anomenat Miglustat, el cost del qual \u00e9s de 5.909 euros al mes per cadascuna de les pacients. La sanitat p\u00fablica ha accedit a finan\u00e7ar aquest cost\u00f3s tractament per a Mar\u00eda. En canvi, a Marta no se li ha concedit per presentar un estat de la malaltia m\u00e9s avan\u00e7at, sent m\u00e9s dif\u00edcil avaluar el grau d\u2019efectivitat d\u2019aquest medicament."},{"type":"paragraph","text":"Malgrat la negativa de l\u2019administraci\u00f3 p\u00fablica, els seus pediatres recomanen, que s\u2019inicie tamb\u00e9 el tractament amb la xicoteta Marta, l\u2019esperan\u00e7a i la qualitat de vida de la qual ara dep\u00e9n d\u2019aix\u00f2. Davant aquesta delicada situaci\u00f3, l\u2019Associaci\u00f3 Marta i Mar\u00eda CLN6 centren tots els seus esfor\u00e7os a recaptar fons per a costejar el tractament de Marta durant 12 mesos."},{"type":"paragraph","text":"La meta, aconseguir 70.908 euros que permeten sufragar el Miglustat durant un any, amb l\u2019esperan\u00e7a que la Sanitat P\u00fablica puga valorar, novament, el finan\u00e7ament del tractament tamb\u00e9 per a Marta."},{"type":"paragraph","text":"Amb el prop\u00f2sit d\u2019aconseguir la recaptaci\u00f3 necess\u00e0ria, l\u2019Associaci\u00f3 Marta i Mar\u00eda CLN6 ha organitzat una gran festa amb tallers, mercat ambulant, berenar solidari i actuacions musicals, a m\u00e9s d\u2019una gran rifa en la qual participaran diferents clubs esportius i altres entitats. Aquest esdeveniment solidari se celebrar\u00e0 al Parc Carmen Albert de Castell\u00f3, situat en la zona de l\u2019UJI, el 2 de juny a partir de les 17.00 hores."},{"type":"paragraph","text":"Col\u00b7labora amb el Repte Miglustat!"},{"type":"paragraph","text":"El Villarreal CF anima a la seua afici\u00f3 i a la societat castellonenca a col\u00b7laborar i donar perqu\u00e8 Marta i Mar\u00eda aconseguisquen el Repte Miglustat."},{"type":"paragraph","text":"Pots col\u00b7laborar de les seg\u00fcents formes:"},{"type":"paragraph","text":"1.- Amb un ingr\u00e9s o transfer\u00e8ncia puntual o peri\u00f2dica al nostre compte:"},{"type":"list","style":"ul","items":["Entitat: Banco Santander","Titular: ASOCIACI\u00d3N MARTA Y MAR\u00cdA CLN6","Compte: ES28 0049 4898 99 2416 183 956"]},{"type":"paragraph","text":"2. Fent-te soci per una xicoteta quota peri\u00f2dica: https:\/\/martaymariacln6.com\/hazte-socio\/"},{"type":"paragraph","text":"3. Proposant qualsevol activitat o esdeveniment que ajude a la recaptaci\u00f3 de fons: contacta amb l\u2019associaci\u00f3 a trav\u00e9s del mail info@martaymariacln6.com"},{"type":"link","url":"https:\/\/martaymariacln6.com\/reto-miglustat\/#","text":"coneix m\u00e9s","target":"_blank"},{"type":"paragraph","text":"Difon la campanya!"},{"type":"paragraph","text":"A m\u00e9s de col\u00b7laborar amb una donaci\u00f3, pots ajudar a les xicotetes Marta i Mar\u00eda difonent el seu repte perqu\u00e8 cada vegada m\u00e9s persones coneguen la lluita d\u2019aquestes germanes castellonenques:"},{"type":"list","style":"ul","items":["Twitter: https:\/\/twitter.com\/MartayMariaCLN6\/status\/1629393378889564160","Instagram: https:\/\/www.instagram.com\/p\/CpFBaT4ITuX\/","Facebook: https:\/\/fb.watch\/iVxfX5j6wI\/"]}],"structured":{"summary":{"text":"El club impulsa el repte de les xicotetes germanes castellonenques, l\u2019esperan\u00e7a de vida de les quals dep\u00e9n d\u2019un medicament anomenat Miglustat El Villarreal CF se suma a la lluita de Marta i Mar\u00eda, dues xicotetes germanes castellonenques que pateixen la malaltia de Batten CLN6, una patologia gen\u00e8tica, neurogenerativa i sense cura. Les xicotetes Marta i Mar\u00eda han visitat aquest dijous la Ciudad Deportiva Jos\u00e9 Manuel Llaneza per a con\u00e9ixer als jugadors del Villarreal CF i rebre una samarreta signada per la plantilla, que formar\u00e0 part d\u2019una rifa per a recaptar fons. El club impulsar\u00e0 aquesta campanya, amplificant la seua visibilitat a trav\u00e9s de la iniciativa d\u2019Endavant Solidaritat. Desgraciadament, l\u2019esperan\u00e7a i la qualitat de vida de les xicotetes ara dep\u00e9n d\u2019un medicament anomenat Miglustat, el cost del qual \u00e9s de 5.909 euros al mes per cadascuna de les pacients. La sanitat p\u00fablica ha accedit a finan\u00e7ar aquest cost\u00f3s tractament per a Mar\u00eda. En canvi, a Marta no se li ha concedit per presentar un estat de la malaltia m\u00e9s avan\u00e7at, sent m\u00e9s dif\u00edcil avaluar el grau d\u2019efectivitat d\u2019aquest medicament. Malgrat la negativa de l\u2019administraci\u00f3 p\u00fablica, els seus pediatres recomanen, que s\u2019inicie tamb\u00e9 el tractament amb la xicoteta Marta, l\u2019esperan\u00e7a i la qualitat de vida de la qual ara dep\u00e9n d\u2019aix\u00f2. Davant aquesta delicada situaci\u00f3, l\u2019Associaci\u00f3 Marta i Mar\u00eda CLN6 centren tots els seus esfor\u00e7os a recaptar fons per a costejar el tractament de Marta durant 12 mesos. La meta, aconseguir 70.908 euros que permeten sufragar el Miglustat durant un any, amb l\u2019esperan\u00e7a que la Sanitat P\u00fablica puga valorar, novament, el finan\u00e7ament del tractament tamb\u00e9 per a Marta. Amb el prop\u00f2sit d\u2019aconseguir la recaptaci\u00f3 necess\u00e0ria, l\u2019Associaci\u00f3 Marta i Mar\u00eda CLN6 ha organitzat una gran festa amb tallers, mercat ambulant, berenar solidari i actuacions musicals, a m\u00e9s d\u2019una gran rifa en la qual participaran diferents clubs esportius i altres entitats. Aquest esdeveniment solidari se celebrar\u00e0 al Parc Carmen Albert de Castell\u00f3, situat en la zona de l\u2019UJI, el 2 de juny a partir de les 17.00 hores. Col\u00b7labora amb el Repte Miglustat! El Villarreal CF anima a la seua afici\u00f3 i a la societat castellonenca a col\u00b7laborar i donar perqu\u00e8 Marta i Mar\u00eda aconseguisquen el Repte Miglustat. Pots col\u00b7laborar de les seg\u00fcents formes: 1.- Amb un ingr\u00e9s o transfer\u00e8ncia puntual o peri\u00f2dica al nostre compte: Entitat: Banco Santander Titular: ASOCIACI\u00d3N MARTA Y MAR\u00cdA CLN6 Compte: ES28 0049 4898 99 2416 183 956 2. Fent-te soci per una xicoteta quota peri\u00f2dica: https:\/\/martaymariacln6.com\/hazte-socio\/ 3. Proposant qualsevol activitat o esdeveniment que ajude a la recaptaci\u00f3 de fons: contacta amb l\u2019associaci\u00f3 a trav\u00e9s del mail info@martaymariacln6.com coneix m\u00e9s Difon la campanya! A m\u00e9s de col\u00b7laborar amb una donaci\u00f3, pots ajudar a les xicotetes Marta i Mar\u00eda difonent el seu repte perqu\u00e8 cada vegada m\u00e9s persones coneguen la lluita d\u2019aquestes germanes castellonenques: Twitter: https:\/\/twitter.com\/MartayMariaCLN6\/status\/1629393378889564160 Instagram: https:\/\/www.instagram.com\/p\/CpFBaT4ITuX\/ Facebook: https:\/\/fb.watch\/iVxfX5j6wI\/","headings":[{"type":"heading","level":2,"text":"El club impulsa el repte de les xicotetes germanes castellonenques, l\u2019esperan\u00e7a de vida de les quals dep\u00e9n d\u2019un medicament anomenat Miglustat"}],"buttons":[],"images":[],"counts":{"blocks":17,"headings":1,"texts":13,"buttons":0,"images":0}},"sections":[{"id":"section-1","title":"El club impulsa el repte de les xicotetes germanes castellonenques, l\u2019esperan\u00e7a de vida de les quals dep\u00e9n d\u2019un medicament anomenat Miglustat","text":"El club impulsa el repte de les xicotetes germanes castellonenques, l\u2019esperan\u00e7a de vida de les quals dep\u00e9n d\u2019un medicament anomenat Miglustat El Villarreal CF se suma a la lluita de Marta i Mar\u00eda, dues xicotetes germanes castellonenques que pateixen la malaltia de Batten CLN6, una patologia gen\u00e8tica, neurogenerativa i sense cura. Les xicotetes Marta i Mar\u00eda han visitat aquest dijous la Ciudad Deportiva Jos\u00e9 Manuel Llaneza per a con\u00e9ixer als jugadors del Villarreal CF i rebre una samarreta signada per la plantilla, que formar\u00e0 part d\u2019una rifa per a recaptar fons. El club impulsar\u00e0 aquesta campanya, amplificant la seua visibilitat a trav\u00e9s de la iniciativa d\u2019Endavant Solidaritat. Desgraciadament, l\u2019esperan\u00e7a i la qualitat de vida de les xicotetes ara dep\u00e9n d\u2019un medicament anomenat Miglustat, el cost del qual \u00e9s de 5.909 euros al mes per cadascuna de les pacients. La sanitat p\u00fablica ha accedit a finan\u00e7ar aquest cost\u00f3s tractament per a Mar\u00eda. En canvi, a Marta no se li ha concedit per presentar un estat de la malaltia m\u00e9s avan\u00e7at, sent m\u00e9s dif\u00edcil avaluar el grau d\u2019efectivitat d\u2019aquest medicament. Malgrat la negativa de l\u2019administraci\u00f3 p\u00fablica, els seus pediatres recomanen, que s\u2019inicie tamb\u00e9 el tractament amb la xicoteta Marta, l\u2019esperan\u00e7a i la qualitat de vida de la qual ara dep\u00e9n d\u2019aix\u00f2. Davant aquesta delicada situaci\u00f3, l\u2019Associaci\u00f3 Marta i Mar\u00eda CLN6 centren tots els seus esfor\u00e7os a recaptar fons per a costejar el tractament de Marta durant 12 mesos. La meta, aconseguir 70.908 euros que permeten sufragar el Miglustat durant un any, amb l\u2019esperan\u00e7a que la Sanitat P\u00fablica puga valorar, novament, el finan\u00e7ament del tractament tamb\u00e9 per a Marta. Amb el prop\u00f2sit d\u2019aconseguir la recaptaci\u00f3 necess\u00e0ria, l\u2019Associaci\u00f3 Marta i Mar\u00eda CLN6 ha organitzat una gran festa amb tallers, mercat ambulant, berenar solidari i actuacions musicals, a m\u00e9s d\u2019una gran rifa en la qual participaran diferents clubs esportius i altres entitats. Aquest esdeveniment solidari se celebrar\u00e0 al Parc Carmen Albert de Castell\u00f3, situat en la zona de l\u2019UJI, el 2 de juny a partir de les 17.00 hores. Col\u00b7labora amb el Repte Miglustat! El Villarreal CF anima a la seua afici\u00f3 i a la societat castellonenca a col\u00b7laborar i donar perqu\u00e8 Marta i Mar\u00eda aconseguisquen el Repte Miglustat. Pots col\u00b7laborar de les seg\u00fcents formes: 1.- Amb un ingr\u00e9s o transfer\u00e8ncia puntual o peri\u00f2dica al nostre compte: 2. Fent-te soci per una xicoteta quota peri\u00f2dica: https:\/\/martaymariacln6.com\/hazte-socio\/ 3. Proposant qualsevol activitat o esdeveniment que ajude a la recaptaci\u00f3 de fons: contacta amb l\u2019associaci\u00f3 a trav\u00e9s del mail info@martaymariacln6.com Difon la campanya! A m\u00e9s de col\u00b7laborar amb una donaci\u00f3, pots ajudar a les xicotetes Marta i Mar\u00eda difonent el seu repte perqu\u00e8 cada vegada m\u00e9s persones coneguen la lluita d\u2019aquestes germanes castellonenques:","headings":[{"type":"heading","level":2,"text":"El club impulsa el repte de les xicotetes germanes castellonenques, l\u2019esperan\u00e7a de vida de les quals dep\u00e9n d\u2019un medicament anomenat Miglustat"}],"texts":[{"type":"paragraph","text":"El Villarreal CF se suma a la lluita de Marta i Mar\u00eda, dues xicotetes germanes castellonenques que pateixen la malaltia de Batten CLN6, una patologia gen\u00e8tica, neurogenerativa i sense cura. Les xicotetes Marta i Mar\u00eda han visitat aquest dijous la Ciudad Deportiva Jos\u00e9 Manuel Llaneza per a con\u00e9ixer als jugadors del Villarreal CF i rebre una samarreta signada per la plantilla, que formar\u00e0 part d\u2019una rifa per a recaptar fons. El club impulsar\u00e0 aquesta campanya, amplificant la seua visibilitat a trav\u00e9s de la iniciativa d\u2019Endavant Solidaritat."},{"type":"paragraph","text":"Desgraciadament, l\u2019esperan\u00e7a i la qualitat de vida de les xicotetes ara dep\u00e9n d\u2019un medicament anomenat Miglustat, el cost del qual \u00e9s de 5.909 euros al mes per cadascuna de les pacients. La sanitat p\u00fablica ha accedit a finan\u00e7ar aquest cost\u00f3s tractament per a Mar\u00eda. En canvi, a Marta no se li ha concedit per presentar un estat de la malaltia m\u00e9s avan\u00e7at, sent m\u00e9s dif\u00edcil avaluar el grau d\u2019efectivitat d\u2019aquest medicament."},{"type":"paragraph","text":"Malgrat la negativa de l\u2019administraci\u00f3 p\u00fablica, els seus pediatres recomanen, que s\u2019inicie tamb\u00e9 el tractament amb la xicoteta Marta, l\u2019esperan\u00e7a i la qualitat de vida de la qual ara dep\u00e9n d\u2019aix\u00f2. Davant aquesta delicada situaci\u00f3, l\u2019Associaci\u00f3 Marta i Mar\u00eda CLN6 centren tots els seus esfor\u00e7os a recaptar fons per a costejar el tractament de Marta durant 12 mesos."},{"type":"paragraph","text":"La meta, aconseguir 70.908 euros que permeten sufragar el Miglustat durant un any, amb l\u2019esperan\u00e7a que la Sanitat P\u00fablica puga valorar, novament, el finan\u00e7ament del tractament tamb\u00e9 per a Marta."},{"type":"paragraph","text":"Amb el prop\u00f2sit d\u2019aconseguir la recaptaci\u00f3 necess\u00e0ria, l\u2019Associaci\u00f3 Marta i Mar\u00eda CLN6 ha organitzat una gran festa amb tallers, mercat ambulant, berenar solidari i actuacions musicals, a m\u00e9s d\u2019una gran rifa en la qual participaran diferents clubs esportius i altres entitats. Aquest esdeveniment solidari se celebrar\u00e0 al Parc Carmen Albert de Castell\u00f3, situat en la zona de l\u2019UJI, el 2 de juny a partir de les 17.00 hores."},{"type":"paragraph","text":"Col\u00b7labora amb el Repte Miglustat!"},{"type":"paragraph","text":"El Villarreal CF anima a la seua afici\u00f3 i a la societat castellonenca a col\u00b7laborar i donar perqu\u00e8 Marta i Mar\u00eda aconseguisquen el Repte Miglustat."},{"type":"paragraph","text":"Pots col\u00b7laborar de les seg\u00fcents formes:"},{"type":"paragraph","text":"1.- Amb un ingr\u00e9s o transfer\u00e8ncia puntual o peri\u00f2dica al nostre compte:"},{"type":"paragraph","text":"2. Fent-te soci per una xicoteta quota peri\u00f2dica: https:\/\/martaymariacln6.com\/hazte-socio\/"},{"type":"paragraph","text":"3. Proposant qualsevol activitat o esdeveniment que ajude a la recaptaci\u00f3 de fons: contacta amb l\u2019associaci\u00f3 a trav\u00e9s del mail info@martaymariacln6.com"},{"type":"paragraph","text":"Difon la campanya!"},{"type":"paragraph","text":"A m\u00e9s de col\u00b7laborar amb una donaci\u00f3, pots ajudar a les xicotetes Marta i Mar\u00eda difonent el seu repte perqu\u00e8 cada vegada m\u00e9s persones coneguen la lluita d\u2019aquestes germanes castellonenques:"}],"buttons":[],"images":[],"widgets":[],"blocks":[{"type":"heading","level":2,"text":"El club impulsa el repte de les xicotetes germanes castellonenques, l\u2019esperan\u00e7a de vida de les quals dep\u00e9n d\u2019un medicament anomenat Miglustat"},{"type":"paragraph","text":"El Villarreal CF se suma a la lluita de Marta i Mar\u00eda, dues xicotetes germanes castellonenques que pateixen la malaltia de Batten CLN6, una patologia gen\u00e8tica, neurogenerativa i sense cura. Les xicotetes Marta i Mar\u00eda han visitat aquest dijous la Ciudad Deportiva Jos\u00e9 Manuel Llaneza per a con\u00e9ixer als jugadors del Villarreal CF i rebre una samarreta signada per la plantilla, que formar\u00e0 part d\u2019una rifa per a recaptar fons. El club impulsar\u00e0 aquesta campanya, amplificant la seua visibilitat a trav\u00e9s de la iniciativa d\u2019Endavant Solidaritat."},{"type":"paragraph","text":"Desgraciadament, l\u2019esperan\u00e7a i la qualitat de vida de les xicotetes ara dep\u00e9n d\u2019un medicament anomenat Miglustat, el cost del qual \u00e9s de 5.909 euros al mes per cadascuna de les pacients. La sanitat p\u00fablica ha accedit a finan\u00e7ar aquest cost\u00f3s tractament per a Mar\u00eda. En canvi, a Marta no se li ha concedit per presentar un estat de la malaltia m\u00e9s avan\u00e7at, sent m\u00e9s dif\u00edcil avaluar el grau d\u2019efectivitat d\u2019aquest medicament."},{"type":"paragraph","text":"Malgrat la negativa de l\u2019administraci\u00f3 p\u00fablica, els seus pediatres recomanen, que s\u2019inicie tamb\u00e9 el tractament amb la xicoteta Marta, l\u2019esperan\u00e7a i la qualitat de vida de la qual ara dep\u00e9n d\u2019aix\u00f2. Davant aquesta delicada situaci\u00f3, l\u2019Associaci\u00f3 Marta i Mar\u00eda CLN6 centren tots els seus esfor\u00e7os a recaptar fons per a costejar el tractament de Marta durant 12 mesos."},{"type":"paragraph","text":"La meta, aconseguir 70.908 euros que permeten sufragar el Miglustat durant un any, amb l\u2019esperan\u00e7a que la Sanitat P\u00fablica puga valorar, novament, el finan\u00e7ament del tractament tamb\u00e9 per a Marta."},{"type":"paragraph","text":"Amb el prop\u00f2sit d\u2019aconseguir la recaptaci\u00f3 necess\u00e0ria, l\u2019Associaci\u00f3 Marta i Mar\u00eda CLN6 ha organitzat una gran festa amb tallers, mercat ambulant, berenar solidari i actuacions musicals, a m\u00e9s d\u2019una gran rifa en la qual participaran diferents clubs esportius i altres entitats. Aquest esdeveniment solidari se celebrar\u00e0 al Parc Carmen Albert de Castell\u00f3, situat en la zona de l\u2019UJI, el 2 de juny a partir de les 17.00 hores."},{"type":"paragraph","text":"Col\u00b7labora amb el Repte Miglustat!"},{"type":"paragraph","text":"El Villarreal CF anima a la seua afici\u00f3 i a la societat castellonenca a col\u00b7laborar i donar perqu\u00e8 Marta i Mar\u00eda aconseguisquen el Repte Miglustat."},{"type":"paragraph","text":"Pots col\u00b7laborar de les seg\u00fcents formes:"},{"type":"paragraph","text":"1.- Amb un ingr\u00e9s o transfer\u00e8ncia puntual o peri\u00f2dica al nostre compte:"},{"type":"list","style":"ul","items":["Entitat: Banco Santander","Titular: ASOCIACI\u00d3N MARTA Y MAR\u00cdA CLN6","Compte: ES28 0049 4898 99 2416 183 956"]},{"type":"paragraph","text":"2. Fent-te soci per una xicoteta quota peri\u00f2dica: https:\/\/martaymariacln6.com\/hazte-socio\/"},{"type":"paragraph","text":"3. Proposant qualsevol activitat o esdeveniment que ajude a la recaptaci\u00f3 de fons: contacta amb l\u2019associaci\u00f3 a trav\u00e9s del mail info@martaymariacln6.com"},{"type":"link","url":"https:\/\/martaymariacln6.com\/reto-miglustat\/#","text":"coneix m\u00e9s","target":"_blank"},{"type":"paragraph","text":"Difon la campanya!"},{"type":"paragraph","text":"A m\u00e9s de col\u00b7laborar amb una donaci\u00f3, pots ajudar a les xicotetes Marta i Mar\u00eda difonent el seu repte perqu\u00e8 cada vegada m\u00e9s persones coneguen la lluita d\u2019aquestes germanes castellonenques:"},{"type":"list","style":"ul","items":["Twitter: https:\/\/twitter.com\/MartayMariaCLN6\/status\/1629393378889564160","Instagram: https:\/\/www.instagram.com\/p\/CpFBaT4ITuX\/","Facebook: https:\/\/fb.watch\/iVxfX5j6wI\/"]}]}],"hero":{"id":"section-1","title":"El club impulsa el repte de les xicotetes germanes castellonenques, l\u2019esperan\u00e7a de vida de les quals dep\u00e9n d\u2019un medicament anomenat Miglustat","text":"El club impulsa el repte de les xicotetes germanes castellonenques, l\u2019esperan\u00e7a de vida de les quals dep\u00e9n d\u2019un medicament anomenat Miglustat El Villarreal CF se suma a la lluita de Marta i Mar\u00eda, dues xicotetes germanes castellonenques que pateixen la malaltia de Batten CLN6, una patologia gen\u00e8tica, neurogenerativa i sense cura. Les xicotetes Marta i Mar\u00eda han visitat aquest dijous la Ciudad Deportiva Jos\u00e9 Manuel Llaneza per a con\u00e9ixer als jugadors del Villarreal CF i rebre una samarreta signada per la plantilla, que formar\u00e0 part d\u2019una rifa per a recaptar fons. El club impulsar\u00e0 aquesta campanya, amplificant la seua visibilitat a trav\u00e9s de la iniciativa d\u2019Endavant Solidaritat. Desgraciadament, l\u2019esperan\u00e7a i la qualitat de vida de les xicotetes ara dep\u00e9n d\u2019un medicament anomenat Miglustat, el cost del qual \u00e9s de 5.909 euros al mes per cadascuna de les pacients. La sanitat p\u00fablica ha accedit a finan\u00e7ar aquest cost\u00f3s tractament per a Mar\u00eda. En canvi, a Marta no se li ha concedit per presentar un estat de la malaltia m\u00e9s avan\u00e7at, sent m\u00e9s dif\u00edcil avaluar el grau d\u2019efectivitat d\u2019aquest medicament. Malgrat la negativa de l\u2019administraci\u00f3 p\u00fablica, els seus pediatres recomanen, que s\u2019inicie tamb\u00e9 el tractament amb la xicoteta Marta, l\u2019esperan\u00e7a i la qualitat de vida de la qual ara dep\u00e9n d\u2019aix\u00f2. Davant aquesta delicada situaci\u00f3, l\u2019Associaci\u00f3 Marta i Mar\u00eda CLN6 centren tots els seus esfor\u00e7os a recaptar fons per a costejar el tractament de Marta durant 12 mesos. La meta, aconseguir 70.908 euros que permeten sufragar el Miglustat durant un any, amb l\u2019esperan\u00e7a que la Sanitat P\u00fablica puga valorar, novament, el finan\u00e7ament del tractament tamb\u00e9 per a Marta. Amb el prop\u00f2sit d\u2019aconseguir la recaptaci\u00f3 necess\u00e0ria, l\u2019Associaci\u00f3 Marta i Mar\u00eda CLN6 ha organitzat una gran festa amb tallers, mercat ambulant, berenar solidari i actuacions musicals, a m\u00e9s d\u2019una gran rifa en la qual participaran diferents clubs esportius i altres entitats. Aquest esdeveniment solidari se celebrar\u00e0 al Parc Carmen Albert de Castell\u00f3, situat en la zona de l\u2019UJI, el 2 de juny a partir de les 17.00 hores. Col\u00b7labora amb el Repte Miglustat! El Villarreal CF anima a la seua afici\u00f3 i a la societat castellonenca a col\u00b7laborar i donar perqu\u00e8 Marta i Mar\u00eda aconseguisquen el Repte Miglustat. Pots col\u00b7laborar de les seg\u00fcents formes: 1.- Amb un ingr\u00e9s o transfer\u00e8ncia puntual o peri\u00f2dica al nostre compte: 2. Fent-te soci per una xicoteta quota peri\u00f2dica: https:\/\/martaymariacln6.com\/hazte-socio\/ 3. Proposant qualsevol activitat o esdeveniment que ajude a la recaptaci\u00f3 de fons: contacta amb l\u2019associaci\u00f3 a trav\u00e9s del mail info@martaymariacln6.com Difon la campanya! A m\u00e9s de col\u00b7laborar amb una donaci\u00f3, pots ajudar a les xicotetes Marta i Mar\u00eda difonent el seu repte perqu\u00e8 cada vegada m\u00e9s persones coneguen la lluita d\u2019aquestes germanes castellonenques:","headings":[{"type":"heading","level":2,"text":"El club impulsa el repte de les xicotetes germanes castellonenques, l\u2019esperan\u00e7a de vida de les quals dep\u00e9n d\u2019un medicament anomenat Miglustat"}],"texts":[{"type":"paragraph","text":"El Villarreal CF se suma a la lluita de Marta i Mar\u00eda, dues xicotetes germanes castellonenques que pateixen la malaltia de Batten CLN6, una patologia gen\u00e8tica, neurogenerativa i sense cura. Les xicotetes Marta i Mar\u00eda han visitat aquest dijous la Ciudad Deportiva Jos\u00e9 Manuel Llaneza per a con\u00e9ixer als jugadors del Villarreal CF i rebre una samarreta signada per la plantilla, que formar\u00e0 part d\u2019una rifa per a recaptar fons. El club impulsar\u00e0 aquesta campanya, amplificant la seua visibilitat a trav\u00e9s de la iniciativa d\u2019Endavant Solidaritat."},{"type":"paragraph","text":"Desgraciadament, l\u2019esperan\u00e7a i la qualitat de vida de les xicotetes ara dep\u00e9n d\u2019un medicament anomenat Miglustat, el cost del qual \u00e9s de 5.909 euros al mes per cadascuna de les pacients. La sanitat p\u00fablica ha accedit a finan\u00e7ar aquest cost\u00f3s tractament per a Mar\u00eda. En canvi, a Marta no se li ha concedit per presentar un estat de la malaltia m\u00e9s avan\u00e7at, sent m\u00e9s dif\u00edcil avaluar el grau d\u2019efectivitat d\u2019aquest medicament."},{"type":"paragraph","text":"Malgrat la negativa de l\u2019administraci\u00f3 p\u00fablica, els seus pediatres recomanen, que s\u2019inicie tamb\u00e9 el tractament amb la xicoteta Marta, l\u2019esperan\u00e7a i la qualitat de vida de la qual ara dep\u00e9n d\u2019aix\u00f2. Davant aquesta delicada situaci\u00f3, l\u2019Associaci\u00f3 Marta i Mar\u00eda CLN6 centren tots els seus esfor\u00e7os a recaptar fons per a costejar el tractament de Marta durant 12 mesos."},{"type":"paragraph","text":"La meta, aconseguir 70.908 euros que permeten sufragar el Miglustat durant un any, amb l\u2019esperan\u00e7a que la Sanitat P\u00fablica puga valorar, novament, el finan\u00e7ament del tractament tamb\u00e9 per a Marta."},{"type":"paragraph","text":"Amb el prop\u00f2sit d\u2019aconseguir la recaptaci\u00f3 necess\u00e0ria, l\u2019Associaci\u00f3 Marta i Mar\u00eda CLN6 ha organitzat una gran festa amb tallers, mercat ambulant, berenar solidari i actuacions musicals, a m\u00e9s d\u2019una gran rifa en la qual participaran diferents clubs esportius i altres entitats. Aquest esdeveniment solidari se celebrar\u00e0 al Parc Carmen Albert de Castell\u00f3, situat en la zona de l\u2019UJI, el 2 de juny a partir de les 17.00 hores."},{"type":"paragraph","text":"Col\u00b7labora amb el Repte Miglustat!"},{"type":"paragraph","text":"El Villarreal CF anima a la seua afici\u00f3 i a la societat castellonenca a col\u00b7laborar i donar perqu\u00e8 Marta i Mar\u00eda aconseguisquen el Repte Miglustat."},{"type":"paragraph","text":"Pots col\u00b7laborar de les seg\u00fcents formes:"},{"type":"paragraph","text":"1.- Amb un ingr\u00e9s o transfer\u00e8ncia puntual o peri\u00f2dica al nostre compte:"},{"type":"paragraph","text":"2. Fent-te soci per una xicoteta quota peri\u00f2dica: https:\/\/martaymariacln6.com\/hazte-socio\/"},{"type":"paragraph","text":"3. Proposant qualsevol activitat o esdeveniment que ajude a la recaptaci\u00f3 de fons: contacta amb l\u2019associaci\u00f3 a trav\u00e9s del mail info@martaymariacln6.com"},{"type":"paragraph","text":"Difon la campanya!"},{"type":"paragraph","text":"A m\u00e9s de col\u00b7laborar amb una donaci\u00f3, pots ajudar a les xicotetes Marta i Mar\u00eda difonent el seu repte perqu\u00e8 cada vegada m\u00e9s persones coneguen la lluita d\u2019aquestes germanes castellonenques:"}],"buttons":[],"images":[],"widgets":[],"blocks":[{"type":"heading","level":2,"text":"El club impulsa el repte de les xicotetes germanes castellonenques, l\u2019esperan\u00e7a de vida de les quals dep\u00e9n d\u2019un medicament anomenat Miglustat"},{"type":"paragraph","text":"El Villarreal CF se suma a la lluita de Marta i Mar\u00eda, dues xicotetes germanes castellonenques que pateixen la malaltia de Batten CLN6, una patologia gen\u00e8tica, neurogenerativa i sense cura. Les xicotetes Marta i Mar\u00eda han visitat aquest dijous la Ciudad Deportiva Jos\u00e9 Manuel Llaneza per a con\u00e9ixer als jugadors del Villarreal CF i rebre una samarreta signada per la plantilla, que formar\u00e0 part d\u2019una rifa per a recaptar fons. El club impulsar\u00e0 aquesta campanya, amplificant la seua visibilitat a trav\u00e9s de la iniciativa d\u2019Endavant Solidaritat."},{"type":"paragraph","text":"Desgraciadament, l\u2019esperan\u00e7a i la qualitat de vida de les xicotetes ara dep\u00e9n d\u2019un medicament anomenat Miglustat, el cost del qual \u00e9s de 5.909 euros al mes per cadascuna de les pacients. La sanitat p\u00fablica ha accedit a finan\u00e7ar aquest cost\u00f3s tractament per a Mar\u00eda. En canvi, a Marta no se li ha concedit per presentar un estat de la malaltia m\u00e9s avan\u00e7at, sent m\u00e9s dif\u00edcil avaluar el grau d\u2019efectivitat d\u2019aquest medicament."},{"type":"paragraph","text":"Malgrat la negativa de l\u2019administraci\u00f3 p\u00fablica, els seus pediatres recomanen, que s\u2019inicie tamb\u00e9 el tractament amb la xicoteta Marta, l\u2019esperan\u00e7a i la qualitat de vida de la qual ara dep\u00e9n d\u2019aix\u00f2. Davant aquesta delicada situaci\u00f3, l\u2019Associaci\u00f3 Marta i Mar\u00eda CLN6 centren tots els seus esfor\u00e7os a recaptar fons per a costejar el tractament de Marta durant 12 mesos."},{"type":"paragraph","text":"La meta, aconseguir 70.908 euros que permeten sufragar el Miglustat durant un any, amb l\u2019esperan\u00e7a que la Sanitat P\u00fablica puga valorar, novament, el finan\u00e7ament del tractament tamb\u00e9 per a Marta."},{"type":"paragraph","text":"Amb el prop\u00f2sit d\u2019aconseguir la recaptaci\u00f3 necess\u00e0ria, l\u2019Associaci\u00f3 Marta i Mar\u00eda CLN6 ha organitzat una gran festa amb tallers, mercat ambulant, berenar solidari i actuacions musicals, a m\u00e9s d\u2019una gran rifa en la qual participaran diferents clubs esportius i altres entitats. Aquest esdeveniment solidari se celebrar\u00e0 al Parc Carmen Albert de Castell\u00f3, situat en la zona de l\u2019UJI, el 2 de juny a partir de les 17.00 hores."},{"type":"paragraph","text":"Col\u00b7labora amb el Repte Miglustat!"},{"type":"paragraph","text":"El Villarreal CF anima a la seua afici\u00f3 i a la societat castellonenca a col\u00b7laborar i donar perqu\u00e8 Marta i Mar\u00eda aconseguisquen el Repte Miglustat."},{"type":"paragraph","text":"Pots col\u00b7laborar de les seg\u00fcents formes:"},{"type":"paragraph","text":"1.- Amb un ingr\u00e9s o transfer\u00e8ncia puntual o peri\u00f2dica al nostre compte:"},{"type":"list","style":"ul","items":["Entitat: Banco Santander","Titular: ASOCIACI\u00d3N MARTA Y MAR\u00cdA CLN6","Compte: ES28 0049 4898 99 2416 183 956"]},{"type":"paragraph","text":"2. Fent-te soci per una xicoteta quota peri\u00f2dica: https:\/\/martaymariacln6.com\/hazte-socio\/"},{"type":"paragraph","text":"3. Proposant qualsevol activitat o esdeveniment que ajude a la recaptaci\u00f3 de fons: contacta amb l\u2019associaci\u00f3 a trav\u00e9s del mail info@martaymariacln6.com"},{"type":"link","url":"https:\/\/martaymariacln6.com\/reto-miglustat\/#","text":"coneix m\u00e9s","target":"_blank"},{"type":"paragraph","text":"Difon la campanya!"},{"type":"paragraph","text":"A m\u00e9s de col\u00b7laborar amb una donaci\u00f3, pots ajudar a les xicotetes Marta i Mar\u00eda difonent el seu repte perqu\u00e8 cada vegada m\u00e9s persones coneguen la lluita d\u2019aquestes germanes castellonenques:"},{"type":"list","style":"ul","items":["Twitter: https:\/\/twitter.com\/MartayMariaCLN6\/status\/1629393378889564160","Instagram: https:\/\/www.instagram.com\/p\/CpFBaT4ITuX\/","Facebook: https:\/\/fb.watch\/iVxfX5j6wI\/"]}]}},"sections":[{"id":"section-1","title":"El club impulsa el repte de les xicotetes germanes castellonenques, l\u2019esperan\u00e7a de vida de les quals dep\u00e9n d\u2019un medicament anomenat Miglustat","text":"El club impulsa el repte de les xicotetes germanes castellonenques, l\u2019esperan\u00e7a de vida de les quals dep\u00e9n d\u2019un medicament anomenat Miglustat El Villarreal CF se suma a la lluita de Marta i Mar\u00eda, dues xicotetes germanes castellonenques que pateixen la malaltia de Batten CLN6, una patologia gen\u00e8tica, neurogenerativa i sense cura. Les xicotetes Marta i Mar\u00eda han visitat aquest dijous la Ciudad Deportiva Jos\u00e9 Manuel Llaneza per a con\u00e9ixer als jugadors del Villarreal CF i rebre una samarreta signada per la plantilla, que formar\u00e0 part d\u2019una rifa per a recaptar fons. El club impulsar\u00e0 aquesta campanya, amplificant la seua visibilitat a trav\u00e9s de la iniciativa d\u2019Endavant Solidaritat. Desgraciadament, l\u2019esperan\u00e7a i la qualitat de vida de les xicotetes ara dep\u00e9n d\u2019un medicament anomenat Miglustat, el cost del qual \u00e9s de 5.909 euros al mes per cadascuna de les pacients. La sanitat p\u00fablica ha accedit a finan\u00e7ar aquest cost\u00f3s tractament per a Mar\u00eda. En canvi, a Marta no se li ha concedit per presentar un estat de la malaltia m\u00e9s avan\u00e7at, sent m\u00e9s dif\u00edcil avaluar el grau d\u2019efectivitat d\u2019aquest medicament. Malgrat la negativa de l\u2019administraci\u00f3 p\u00fablica, els seus pediatres recomanen, que s\u2019inicie tamb\u00e9 el tractament amb la xicoteta Marta, l\u2019esperan\u00e7a i la qualitat de vida de la qual ara dep\u00e9n d\u2019aix\u00f2. Davant aquesta delicada situaci\u00f3, l\u2019Associaci\u00f3 Marta i Mar\u00eda CLN6 centren tots els seus esfor\u00e7os a recaptar fons per a costejar el tractament de Marta durant 12 mesos. La meta, aconseguir 70.908 euros que permeten sufragar el Miglustat durant un any, amb l\u2019esperan\u00e7a que la Sanitat P\u00fablica puga valorar, novament, el finan\u00e7ament del tractament tamb\u00e9 per a Marta. Amb el prop\u00f2sit d\u2019aconseguir la recaptaci\u00f3 necess\u00e0ria, l\u2019Associaci\u00f3 Marta i Mar\u00eda CLN6 ha organitzat una gran festa amb tallers, mercat ambulant, berenar solidari i actuacions musicals, a m\u00e9s d\u2019una gran rifa en la qual participaran diferents clubs esportius i altres entitats. Aquest esdeveniment solidari se celebrar\u00e0 al Parc Carmen Albert de Castell\u00f3, situat en la zona de l\u2019UJI, el 2 de juny a partir de les 17.00 hores. Col\u00b7labora amb el Repte Miglustat! El Villarreal CF anima a la seua afici\u00f3 i a la societat castellonenca a col\u00b7laborar i donar perqu\u00e8 Marta i Mar\u00eda aconseguisquen el Repte Miglustat. Pots col\u00b7laborar de les seg\u00fcents formes: 1.- Amb un ingr\u00e9s o transfer\u00e8ncia puntual o peri\u00f2dica al nostre compte: 2. Fent-te soci per una xicoteta quota peri\u00f2dica: https:\/\/martaymariacln6.com\/hazte-socio\/ 3. Proposant qualsevol activitat o esdeveniment que ajude a la recaptaci\u00f3 de fons: contacta amb l\u2019associaci\u00f3 a trav\u00e9s del mail info@martaymariacln6.com Difon la campanya! A m\u00e9s de col\u00b7laborar amb una donaci\u00f3, pots ajudar a les xicotetes Marta i Mar\u00eda difonent el seu repte perqu\u00e8 cada vegada m\u00e9s persones coneguen la lluita d\u2019aquestes germanes castellonenques:","url":"https:\/\/martaymariacln6.com\/reto-miglustat\/#","background_image":"","images":[],"videos":[],"links":[{"type":"link","url":"https:\/\/martaymariacln6.com\/reto-miglustat\/#","text":"coneix m\u00e9s","target":"_blank"}]}]},"excerpt":{"rendered":"El club impulsa el reto de las peque\u00f1as hermanas castellonenses, cuya esperanza de vida depende de un medicamento llamado Miglustat","protected":false},"author":25,"featured_media":262488,"comment_status":"closed","ping_status":"closed","sticky":false,"template":"","format":"standard","meta":{"_acf_changed":false,"footnotes":""},"categories":[13509],"tags":[9242,9244,717,9270,716,9205,9627,9203],"acf":null,"lang":"val","translations":{"es":262485,"val":262492,"en":262739},"essential_grid":{"has_grid":false},"formatted_date":"April 20, 2023","modified_date":"April 20, 2023","permalink":"https:\/\/villarrealcf.es\/val\/el-villarreal-se-suma-a-la-lluita-de-marta-i-maria\/","reading_time":3,"featured_media_data":{"id":262488,"title":"firmacamisetas","caption":"","alt_text":"","description":"","mime_type":"image\/jpeg","source_url":"https:\/\/villarrealcf.es\/wp-content\/uploads\/2023\/04\/firmacamisetas.jpg","sizes":{"thumbnail":{"url":"https:\/\/villarrealcf.es\/wp-content\/uploads\/2023\/04\/firmacamisetas-1920x1080.jpg","width":1920,"height":1080},"medium":{"url":"https:\/\/villarrealcf.es\/wp-content\/uploads\/2023\/04\/firmacamisetas-1920x1080.jpg","width":1920,"height":1080},"medium_large":{"url":"https:\/\/villarrealcf.es\/wp-content\/uploads\/2023\/04\/firmacamisetas-768x432.jpg","width":768,"height":432},"large":{"url":"https:\/\/villarrealcf.es\/wp-content\/uploads\/2023\/04\/firmacamisetas-1920x1080.jpg","width":788,"height":443},"1536x1536":{"url":"https:\/\/villarrealcf.es\/wp-content\/uploads\/2023\/04\/firmacamisetas-1536x864.jpg","width":1536,"height":864},"2048x2048":{"url":"https:\/\/villarrealcf.es\/wp-content\/uploads\/2023\/04\/firmacamisetas.jpg","width":1920,"height":1080},"tp-image-grid":{"url":"https:\/\/villarrealcf.es\/wp-content\/uploads\/2023\/04\/firmacamisetas-700x700.jpg","width":700,"height":700},"size-bunyad-medium":{"url":"https:\/\/villarrealcf.es\/wp-content\/uploads\/2023\/04\/firmacamisetas-1920x1080.jpg","width":1920,"height":1080},"sportspress-crop-medium":{"url":"https:\/\/villarrealcf.es\/wp-content\/uploads\/2023\/04\/firmacamisetas-300x300.jpg","width":300,"height":300},"sportspress-fit-medium":{"url":"https:\/\/villarrealcf.es\/wp-content\/uploads\/2023\/04\/firmacamisetas-300x169.jpg","width":300,"height":169},"sportspress-fit-icon":{"url":"https:\/\/villarrealcf.es\/wp-content\/uploads\/2023\/04\/firmacamisetas-128x72.jpg","width":128,"height":72},"sportspress-fit-mini":{"url":"https:\/\/villarrealcf.es\/wp-content\/uploads\/2023\/04\/firmacamisetas-32x18.jpg","width":32,"height":18},"bunyad-small":{"url":"https:\/\/villarrealcf.es\/wp-content\/uploads\/2023\/04\/firmacamisetas-150x84.jpg","width":150,"height":84},"bunyad-medium":{"url":"https:\/\/villarrealcf.es\/wp-content\/uploads\/2023\/04\/firmacamisetas-450x253.jpg","width":450,"height":253},"bunyad-full":{"url":"https:\/\/villarrealcf.es\/wp-content\/uploads\/2023\/04\/firmacamisetas-1200x675.jpg","width":1200,"height":675},"bunyad-viewport":{"url":"https:\/\/villarrealcf.es\/wp-content\/uploads\/2023\/04\/firmacamisetas.jpg","width":1920,"height":1080},"bunyad-768":{"url":"https:\/\/villarrealcf.es\/wp-content\/uploads\/2023\/04\/firmacamisetas-768x432.jpg","width":768,"height":432},"full":{"url":"https:\/\/villarrealcf.es\/wp-content\/uploads\/2023\/04\/firmacamisetas.jpg","width":1920,"height":1080}}},"author_data":{"id":"25","name":"Javier Ayuso","first_name":"Javier","last_name":"Ayuso","description":"","avatar_url":"https:\/\/secure.gravatar.com\/avatar\/fcf8894be45988fcce5bbff0efe1790d2a7f4ba57e2c7c898f5068154e696495?s=96&d=mm&r=g","acf":null},"taxonomies_data":{"category":[{"id":13509,"name":"Endavant","slug":"endavant-val","acf":null}],"post_tag":[{"id":9242,"name":"Endavant","slug":"endavant-val-2","acf":null},{"id":9244,"name":"Endavant Solidaritat","slug":"endavant-solidaritat-val-2","acf":null},{"id":717,"name":"Football","slug":"football-d34","acf":null},{"id":9270,"name":"Futbol","slug":"futbol-val","acf":null},{"id":716,"name":"Soccer","slug":"soccer-d105","acf":null},{"id":9205,"name":"Submarino","slug":"submarino-val","acf":null},{"id":9627,"name":"Submarino Amarillo","slug":"submarino-amarillo-val","acf":null},{"id":9203,"name":"Villarreal CF","slug":"villarreal-cf-val","acf":null}],"translation_priority":[{"id":735,"name":"Optional","slug":"optional-val","acf":null}]},"seo_full":{"native":{"title":"El Villarreal se suma a la lluita de Marta i Mar\u00eda - Web Oficial del Villarreal CF","description":"El club impulsa el reto de las peque\u00f1as hermanas castellonenses, cuya esperanza de vida depende de un medicamento llamado Miglustat","canonical":"https:\/\/villarrealcf.es\/val\/el-villarreal-se-suma-a-la-lluita-de-marta-i-maria\/"}},"_links":{"self":[{"href":"https:\/\/villarrealcf.es\/val\/wp-json\/wp\/v2\/posts\/262492","targetHints":{"allow":["GET"]}}],"collection":[{"href":"https:\/\/villarrealcf.es\/val\/wp-json\/wp\/v2\/posts"}],"about":[{"href":"https:\/\/villarrealcf.es\/val\/wp-json\/wp\/v2\/types\/post"}],"author":[{"embeddable":true,"href":"https:\/\/villarrealcf.es\/val\/wp-json\/wp\/v2\/users\/25"}],"replies":[{"embeddable":true,"href":"https:\/\/villarrealcf.es\/val\/wp-json\/wp\/v2\/comments?post=262492"}],"version-history":[{"count":0,"href":"https:\/\/villarrealcf.es\/val\/wp-json\/wp\/v2\/posts\/262492\/revisions"}],"wp:featuredmedia":[{"embeddable":true,"href":"https:\/\/villarrealcf.es\/val\/wp-json\/wp\/v2\/media\/262488"}],"wp:attachment":[{"href":"https:\/\/villarrealcf.es\/val\/wp-json\/wp\/v2\/media?parent=262492"}],"wp:term":[{"taxonomy":"category","embeddable":true,"href":"https:\/\/villarrealcf.es\/val\/wp-json\/wp\/v2\/categories?post=262492"},{"taxonomy":"post_tag","embeddable":true,"href":"https:\/\/villarrealcf.es\/val\/wp-json\/wp\/v2\/tags?post=262492"}],"curies":[{"name":"wp","href":"https:\/\/api.w.org\/{rel}","templated":true}]}}