{"id":262356,"date":"2023-04-21T12:06:00","date_gmt":"2023-04-21T10:06:00","guid":{"rendered":"https:\/\/villarrealcf.es\/\/262346\/"},"modified":"2023-04-21T16:20:44","modified_gmt":"2023-04-21T14:20:44","slug":"sorprendre-un-sevilla-imponent-i-de-celebracio","status":"publish","type":"post","link":"https:\/\/villarrealcf.es\/val\/sorprendre-un-sevilla-imponent-i-de-celebracio\/","title":{"rendered":"Sorprendre un Sevilla imponent i de celebraci\u00f3"},"content":{"protected":false,"blocks":[{"type":"heading","level":2,"text":"El Villarreal buscar\u00e0 la vict\u00f2ria aquest diumenge en el Ram\u00f3n S\u00e1nchez-Pizju\u00e1n (21.00h)"},{"type":"paragraph","text":"El Villarreal CF s\u2019enfronta al Sevilla FC aquest diumenge, a partir de les 21.00 hores, en l\u2019Estadio Ram\u00f3n S\u00e1nchez-Pizju\u00e1n, en el partit corresponent a la jornada 30 de LaLiga 2022\/23. El Submar\u00ed arriba a la cita despr\u00e9s d\u2019entropessar a casa davant el Real Valladolid (1-2), per la qual cosa intentar\u00e0 redre\u00e7ar novament el rumb i tornar a la senda de la vict\u00f2ria."},{"type":"video","kind":"iframe","url":"https:\/\/www.youtube.com\/embed\/r7kjUrfI6vU?feature=oembed","poster":""},{"type":"paragraph","text":"El conjunt de Quique Seti\u00e9n aspira a mantindre\u2019s en la pugna pels llocs europeus. Actualment, el Villarreal CF es troba en la 6\u00e9 posici\u00f3 amb 47 punts, a tan sols un del Real Betis que ostenta la 5\u00e9 posici\u00f3 i a quatre de la Real Sociedad, que marca els llocs de Champions League. Els groguets volen continuar mirant cap amunt. Abans de la derrota del passat cap de setmana, el Submar\u00ed arribava llan\u00e7at sumant cinc vict\u00f2ries i un empat en els \u00faltims sis enfrontaments."},{"type":"paragraph","text":"Davant es troba l\u2019equip nervionense, que arriba en la tretzena posici\u00f3, i ja lluny de les posicions de descens, despr\u00e9s d\u2019haver sumat 7 dels \u00faltims 9 punts possibles."},{"type":"paragraph","text":"Per part seua, el Sevilla FC arriba euf\u00f2ric a la cita despr\u00e9s de golejar al Manchester United (3-0) en els quarts de final de la UEFA Europa League i segellar la classificaci\u00f3 a la seg\u00fcent ronda de la segona competici\u00f3 continental. En LaLiga, la din\u00e0mica tamb\u00e9 \u00e9s molt notable. Els sevillans han ven\u00e7ut davant el Valencia CF (0-2), empatat davant el RC Celta a casa (2-2) i sumat un triomf davant el C\u00e1diz CF en l\u2019Estadio Nuevo Mirandilla (0-2)."},{"type":"paragraph","text":"Els precedents entre tots dos equips han estat molt igualats en els \u00faltims temps: dues vict\u00f2ries per al Submar\u00ed, tres empats i dues vict\u00f2ries per al conjunt de Nervi\u00f3n. L\u2019\u00faltim partit entre groguets i sevillistes va acabar en empat en el Ciutat de Val\u00e8ncia (1-1), on el conjunt groc va igualar per mediaci\u00f3 d\u2019\u00c1lex Baena."},{"type":"video","kind":"iframe","url":"https:\/\/widgets.besoccerapps.com\/scripts\/widgets?type=streak&teams=1102,2716&flag=escudo&season=2023&match=49607&style=villarreal","poster":""}],"structured":{"summary":{"text":"El Villarreal buscar\u00e0 la vict\u00f2ria aquest diumenge en el Ram\u00f3n S\u00e1nchez-Pizju\u00e1n (21.00h) El Villarreal CF s\u2019enfronta al Sevilla FC aquest diumenge, a partir de les 21.00 hores, en l\u2019Estadio Ram\u00f3n S\u00e1nchez-Pizju\u00e1n, en el partit corresponent a la jornada 30 de LaLiga 2022\/23. El Submar\u00ed arriba a la cita despr\u00e9s d\u2019entropessar a casa davant el Real Valladolid (1-2), per la qual cosa intentar\u00e0 redre\u00e7ar novament el rumb i tornar a la senda de la vict\u00f2ria. La pr\u00e8via del #SevillaFCVillarreal El conjunt de Quique Seti\u00e9n aspira a mantindre\u2019s en la pugna pels llocs europeus. Actualment, el Villarreal CF es troba en la 6\u00e9 posici\u00f3 amb 47 punts, a tan sols un del Real Betis que ostenta la 5\u00e9 posici\u00f3 i a quatre de la Real Sociedad, que marca els llocs de Champions League. Els groguets volen continuar mirant cap amunt. Abans de la derrota del passat cap de setmana, el Submar\u00ed arribava llan\u00e7at sumant cinc vict\u00f2ries i un empat en els \u00faltims sis enfrontaments. Davant es troba l\u2019equip nervionense, que arriba en la tretzena posici\u00f3, i ja lluny de les posicions de descens, despr\u00e9s d\u2019haver sumat 7 dels \u00faltims 9 punts possibles. Per part seua, el Sevilla FC arriba euf\u00f2ric a la cita despr\u00e9s de golejar al Manchester United (3-0) en els quarts de final de la UEFA Europa League i segellar la classificaci\u00f3 a la seg\u00fcent ronda de la segona competici\u00f3 continental. En LaLiga, la din\u00e0mica tamb\u00e9 \u00e9s molt notable. Els sevillans han ven\u00e7ut davant el Valencia CF (0-2), empatat davant el RC Celta a casa (2-2) i sumat un triomf davant el C\u00e1diz CF en l\u2019Estadio Nuevo Mirandilla (0-2). Els precedents entre tots dos equips han estat molt igualats en els \u00faltims temps: dues vict\u00f2ries per al Submar\u00ed, tres empats i dues vict\u00f2ries per al conjunt de Nervi\u00f3n. L\u2019\u00faltim partit entre groguets i sevillistes va acabar en empat en el Ciutat de Val\u00e8ncia (1-1), on el conjunt groc va igualar per mediaci\u00f3 d\u2019\u00c1lex Baena.","headings":[{"type":"heading","level":2,"text":"El Villarreal buscar\u00e0 la vict\u00f2ria aquest diumenge en el Ram\u00f3n S\u00e1nchez-Pizju\u00e1n (21.00h)"}],"buttons":[],"images":[],"counts":{"blocks":8,"headings":1,"texts":5,"buttons":0,"images":0}},"sections":[{"id":"section-1","title":"El Villarreal buscar\u00e0 la vict\u00f2ria aquest diumenge en el Ram\u00f3n S\u00e1nchez-Pizju\u00e1n (21.00h)","text":"El Villarreal buscar\u00e0 la vict\u00f2ria aquest diumenge en el Ram\u00f3n S\u00e1nchez-Pizju\u00e1n (21.00h) El Villarreal CF s\u2019enfronta al Sevilla FC aquest diumenge, a partir de les 21.00 hores, en l\u2019Estadio Ram\u00f3n S\u00e1nchez-Pizju\u00e1n, en el partit corresponent a la jornada 30 de LaLiga 2022\/23. El Submar\u00ed arriba a la cita despr\u00e9s d\u2019entropessar a casa davant el Real Valladolid (1-2), per la qual cosa intentar\u00e0 redre\u00e7ar novament el rumb i tornar a la senda de la vict\u00f2ria. El conjunt de Quique Seti\u00e9n aspira a mantindre\u2019s en la pugna pels llocs europeus. Actualment, el Villarreal CF es troba en la 6\u00e9 posici\u00f3 amb 47 punts, a tan sols un del Real Betis que ostenta la 5\u00e9 posici\u00f3 i a quatre de la Real Sociedad, que marca els llocs de Champions League. Els groguets volen continuar mirant cap amunt. Abans de la derrota del passat cap de setmana, el Submar\u00ed arribava llan\u00e7at sumant cinc vict\u00f2ries i un empat en els \u00faltims sis enfrontaments. Davant es troba l\u2019equip nervionense, que arriba en la tretzena posici\u00f3, i ja lluny de les posicions de descens, despr\u00e9s d\u2019haver sumat 7 dels \u00faltims 9 punts possibles. Per part seua, el Sevilla FC arriba euf\u00f2ric a la cita despr\u00e9s de golejar al Manchester United (3-0) en els quarts de final de la UEFA Europa League i segellar la classificaci\u00f3 a la seg\u00fcent ronda de la segona competici\u00f3 continental. En LaLiga, la din\u00e0mica tamb\u00e9 \u00e9s molt notable. Els sevillans han ven\u00e7ut davant el Valencia CF (0-2), empatat davant el RC Celta a casa (2-2) i sumat un triomf davant el C\u00e1diz CF en l\u2019Estadio Nuevo Mirandilla (0-2). Els precedents entre tots dos equips han estat molt igualats en els \u00faltims temps: dues vict\u00f2ries per al Submar\u00ed, tres empats i dues vict\u00f2ries per al conjunt de Nervi\u00f3n. L\u2019\u00faltim partit entre groguets i sevillistes va acabar en empat en el Ciutat de Val\u00e8ncia (1-1), on el conjunt groc va igualar per mediaci\u00f3 d\u2019\u00c1lex Baena.","headings":[{"type":"heading","level":2,"text":"El Villarreal buscar\u00e0 la vict\u00f2ria aquest diumenge en el Ram\u00f3n S\u00e1nchez-Pizju\u00e1n (21.00h)"}],"texts":[{"type":"paragraph","text":"El Villarreal CF s\u2019enfronta al Sevilla FC aquest diumenge, a partir de les 21.00 hores, en l\u2019Estadio Ram\u00f3n S\u00e1nchez-Pizju\u00e1n, en el partit corresponent a la jornada 30 de LaLiga 2022\/23. El Submar\u00ed arriba a la cita despr\u00e9s d\u2019entropessar a casa davant el Real Valladolid (1-2), per la qual cosa intentar\u00e0 redre\u00e7ar novament el rumb i tornar a la senda de la vict\u00f2ria."},{"type":"paragraph","text":"El conjunt de Quique Seti\u00e9n aspira a mantindre\u2019s en la pugna pels llocs europeus. Actualment, el Villarreal CF es troba en la 6\u00e9 posici\u00f3 amb 47 punts, a tan sols un del Real Betis que ostenta la 5\u00e9 posici\u00f3 i a quatre de la Real Sociedad, que marca els llocs de Champions League. Els groguets volen continuar mirant cap amunt. Abans de la derrota del passat cap de setmana, el Submar\u00ed arribava llan\u00e7at sumant cinc vict\u00f2ries i un empat en els \u00faltims sis enfrontaments."},{"type":"paragraph","text":"Davant es troba l\u2019equip nervionense, que arriba en la tretzena posici\u00f3, i ja lluny de les posicions de descens, despr\u00e9s d\u2019haver sumat 7 dels \u00faltims 9 punts possibles."},{"type":"paragraph","text":"Per part seua, el Sevilla FC arriba euf\u00f2ric a la cita despr\u00e9s de golejar al Manchester United (3-0) en els quarts de final de la UEFA Europa League i segellar la classificaci\u00f3 a la seg\u00fcent ronda de la segona competici\u00f3 continental. En LaLiga, la din\u00e0mica tamb\u00e9 \u00e9s molt notable. Els sevillans han ven\u00e7ut davant el Valencia CF (0-2), empatat davant el RC Celta a casa (2-2) i sumat un triomf davant el C\u00e1diz CF en l\u2019Estadio Nuevo Mirandilla (0-2)."},{"type":"paragraph","text":"Els precedents entre tots dos equips han estat molt igualats en els \u00faltims temps: dues vict\u00f2ries per al Submar\u00ed, tres empats i dues vict\u00f2ries per al conjunt de Nervi\u00f3n. L\u2019\u00faltim partit entre groguets i sevillistes va acabar en empat en el Ciutat de Val\u00e8ncia (1-1), on el conjunt groc va igualar per mediaci\u00f3 d\u2019\u00c1lex Baena."}],"buttons":[],"images":[],"widgets":[],"blocks":[{"type":"heading","level":2,"text":"El Villarreal buscar\u00e0 la vict\u00f2ria aquest diumenge en el Ram\u00f3n S\u00e1nchez-Pizju\u00e1n (21.00h)"},{"type":"paragraph","text":"El Villarreal CF s\u2019enfronta al Sevilla FC aquest diumenge, a partir de les 21.00 hores, en l\u2019Estadio Ram\u00f3n S\u00e1nchez-Pizju\u00e1n, en el partit corresponent a la jornada 30 de LaLiga 2022\/23. El Submar\u00ed arriba a la cita despr\u00e9s d\u2019entropessar a casa davant el Real Valladolid (1-2), per la qual cosa intentar\u00e0 redre\u00e7ar novament el rumb i tornar a la senda de la vict\u00f2ria."},{"type":"video","kind":"iframe","url":"https:\/\/www.youtube.com\/embed\/r7kjUrfI6vU?feature=oembed","poster":""},{"type":"paragraph","text":"El conjunt de Quique Seti\u00e9n aspira a mantindre\u2019s en la pugna pels llocs europeus. Actualment, el Villarreal CF es troba en la 6\u00e9 posici\u00f3 amb 47 punts, a tan sols un del Real Betis que ostenta la 5\u00e9 posici\u00f3 i a quatre de la Real Sociedad, que marca els llocs de Champions League. Els groguets volen continuar mirant cap amunt. Abans de la derrota del passat cap de setmana, el Submar\u00ed arribava llan\u00e7at sumant cinc vict\u00f2ries i un empat en els \u00faltims sis enfrontaments."},{"type":"paragraph","text":"Davant es troba l\u2019equip nervionense, que arriba en la tretzena posici\u00f3, i ja lluny de les posicions de descens, despr\u00e9s d\u2019haver sumat 7 dels \u00faltims 9 punts possibles."},{"type":"paragraph","text":"Per part seua, el Sevilla FC arriba euf\u00f2ric a la cita despr\u00e9s de golejar al Manchester United (3-0) en els quarts de final de la UEFA Europa League i segellar la classificaci\u00f3 a la seg\u00fcent ronda de la segona competici\u00f3 continental. En LaLiga, la din\u00e0mica tamb\u00e9 \u00e9s molt notable. Els sevillans han ven\u00e7ut davant el Valencia CF (0-2), empatat davant el RC Celta a casa (2-2) i sumat un triomf davant el C\u00e1diz CF en l\u2019Estadio Nuevo Mirandilla (0-2)."},{"type":"paragraph","text":"Els precedents entre tots dos equips han estat molt igualats en els \u00faltims temps: dues vict\u00f2ries per al Submar\u00ed, tres empats i dues vict\u00f2ries per al conjunt de Nervi\u00f3n. L\u2019\u00faltim partit entre groguets i sevillistes va acabar en empat en el Ciutat de Val\u00e8ncia (1-1), on el conjunt groc va igualar per mediaci\u00f3 d\u2019\u00c1lex Baena."},{"type":"video","kind":"iframe","url":"https:\/\/widgets.besoccerapps.com\/scripts\/widgets?type=streak&teams=1102,2716&flag=escudo&season=2023&match=49607&style=villarreal","poster":""}]}],"hero":{"id":"section-1","title":"El Villarreal buscar\u00e0 la vict\u00f2ria aquest diumenge en el Ram\u00f3n S\u00e1nchez-Pizju\u00e1n (21.00h)","text":"El Villarreal buscar\u00e0 la vict\u00f2ria aquest diumenge en el Ram\u00f3n S\u00e1nchez-Pizju\u00e1n (21.00h) El Villarreal CF s\u2019enfronta al Sevilla FC aquest diumenge, a partir de les 21.00 hores, en l\u2019Estadio Ram\u00f3n S\u00e1nchez-Pizju\u00e1n, en el partit corresponent a la jornada 30 de LaLiga 2022\/23. El Submar\u00ed arriba a la cita despr\u00e9s d\u2019entropessar a casa davant el Real Valladolid (1-2), per la qual cosa intentar\u00e0 redre\u00e7ar novament el rumb i tornar a la senda de la vict\u00f2ria. El conjunt de Quique Seti\u00e9n aspira a mantindre\u2019s en la pugna pels llocs europeus. Actualment, el Villarreal CF es troba en la 6\u00e9 posici\u00f3 amb 47 punts, a tan sols un del Real Betis que ostenta la 5\u00e9 posici\u00f3 i a quatre de la Real Sociedad, que marca els llocs de Champions League. Els groguets volen continuar mirant cap amunt. Abans de la derrota del passat cap de setmana, el Submar\u00ed arribava llan\u00e7at sumant cinc vict\u00f2ries i un empat en els \u00faltims sis enfrontaments. Davant es troba l\u2019equip nervionense, que arriba en la tretzena posici\u00f3, i ja lluny de les posicions de descens, despr\u00e9s d\u2019haver sumat 7 dels \u00faltims 9 punts possibles. Per part seua, el Sevilla FC arriba euf\u00f2ric a la cita despr\u00e9s de golejar al Manchester United (3-0) en els quarts de final de la UEFA Europa League i segellar la classificaci\u00f3 a la seg\u00fcent ronda de la segona competici\u00f3 continental. En LaLiga, la din\u00e0mica tamb\u00e9 \u00e9s molt notable. Els sevillans han ven\u00e7ut davant el Valencia CF (0-2), empatat davant el RC Celta a casa (2-2) i sumat un triomf davant el C\u00e1diz CF en l\u2019Estadio Nuevo Mirandilla (0-2). Els precedents entre tots dos equips han estat molt igualats en els \u00faltims temps: dues vict\u00f2ries per al Submar\u00ed, tres empats i dues vict\u00f2ries per al conjunt de Nervi\u00f3n. L\u2019\u00faltim partit entre groguets i sevillistes va acabar en empat en el Ciutat de Val\u00e8ncia (1-1), on el conjunt groc va igualar per mediaci\u00f3 d\u2019\u00c1lex Baena.","headings":[{"type":"heading","level":2,"text":"El Villarreal buscar\u00e0 la vict\u00f2ria aquest diumenge en el Ram\u00f3n S\u00e1nchez-Pizju\u00e1n (21.00h)"}],"texts":[{"type":"paragraph","text":"El Villarreal CF s\u2019enfronta al Sevilla FC aquest diumenge, a partir de les 21.00 hores, en l\u2019Estadio Ram\u00f3n S\u00e1nchez-Pizju\u00e1n, en el partit corresponent a la jornada 30 de LaLiga 2022\/23. El Submar\u00ed arriba a la cita despr\u00e9s d\u2019entropessar a casa davant el Real Valladolid (1-2), per la qual cosa intentar\u00e0 redre\u00e7ar novament el rumb i tornar a la senda de la vict\u00f2ria."},{"type":"paragraph","text":"El conjunt de Quique Seti\u00e9n aspira a mantindre\u2019s en la pugna pels llocs europeus. Actualment, el Villarreal CF es troba en la 6\u00e9 posici\u00f3 amb 47 punts, a tan sols un del Real Betis que ostenta la 5\u00e9 posici\u00f3 i a quatre de la Real Sociedad, que marca els llocs de Champions League. Els groguets volen continuar mirant cap amunt. Abans de la derrota del passat cap de setmana, el Submar\u00ed arribava llan\u00e7at sumant cinc vict\u00f2ries i un empat en els \u00faltims sis enfrontaments."},{"type":"paragraph","text":"Davant es troba l\u2019equip nervionense, que arriba en la tretzena posici\u00f3, i ja lluny de les posicions de descens, despr\u00e9s d\u2019haver sumat 7 dels \u00faltims 9 punts possibles."},{"type":"paragraph","text":"Per part seua, el Sevilla FC arriba euf\u00f2ric a la cita despr\u00e9s de golejar al Manchester United (3-0) en els quarts de final de la UEFA Europa League i segellar la classificaci\u00f3 a la seg\u00fcent ronda de la segona competici\u00f3 continental. En LaLiga, la din\u00e0mica tamb\u00e9 \u00e9s molt notable. Els sevillans han ven\u00e7ut davant el Valencia CF (0-2), empatat davant el RC Celta a casa (2-2) i sumat un triomf davant el C\u00e1diz CF en l\u2019Estadio Nuevo Mirandilla (0-2)."},{"type":"paragraph","text":"Els precedents entre tots dos equips han estat molt igualats en els \u00faltims temps: dues vict\u00f2ries per al Submar\u00ed, tres empats i dues vict\u00f2ries per al conjunt de Nervi\u00f3n. L\u2019\u00faltim partit entre groguets i sevillistes va acabar en empat en el Ciutat de Val\u00e8ncia (1-1), on el conjunt groc va igualar per mediaci\u00f3 d\u2019\u00c1lex Baena."}],"buttons":[],"images":[],"widgets":[],"blocks":[{"type":"heading","level":2,"text":"El Villarreal buscar\u00e0 la vict\u00f2ria aquest diumenge en el Ram\u00f3n S\u00e1nchez-Pizju\u00e1n (21.00h)"},{"type":"paragraph","text":"El Villarreal CF s\u2019enfronta al Sevilla FC aquest diumenge, a partir de les 21.00 hores, en l\u2019Estadio Ram\u00f3n S\u00e1nchez-Pizju\u00e1n, en el partit corresponent a la jornada 30 de LaLiga 2022\/23. El Submar\u00ed arriba a la cita despr\u00e9s d\u2019entropessar a casa davant el Real Valladolid (1-2), per la qual cosa intentar\u00e0 redre\u00e7ar novament el rumb i tornar a la senda de la vict\u00f2ria."},{"type":"video","kind":"iframe","url":"https:\/\/www.youtube.com\/embed\/r7kjUrfI6vU?feature=oembed","poster":""},{"type":"paragraph","text":"El conjunt de Quique Seti\u00e9n aspira a mantindre\u2019s en la pugna pels llocs europeus. Actualment, el Villarreal CF es troba en la 6\u00e9 posici\u00f3 amb 47 punts, a tan sols un del Real Betis que ostenta la 5\u00e9 posici\u00f3 i a quatre de la Real Sociedad, que marca els llocs de Champions League. Els groguets volen continuar mirant cap amunt. Abans de la derrota del passat cap de setmana, el Submar\u00ed arribava llan\u00e7at sumant cinc vict\u00f2ries i un empat en els \u00faltims sis enfrontaments."},{"type":"paragraph","text":"Davant es troba l\u2019equip nervionense, que arriba en la tretzena posici\u00f3, i ja lluny de les posicions de descens, despr\u00e9s d\u2019haver sumat 7 dels \u00faltims 9 punts possibles."},{"type":"paragraph","text":"Per part seua, el Sevilla FC arriba euf\u00f2ric a la cita despr\u00e9s de golejar al Manchester United (3-0) en els quarts de final de la UEFA Europa League i segellar la classificaci\u00f3 a la seg\u00fcent ronda de la segona competici\u00f3 continental. En LaLiga, la din\u00e0mica tamb\u00e9 \u00e9s molt notable. Els sevillans han ven\u00e7ut davant el Valencia CF (0-2), empatat davant el RC Celta a casa (2-2) i sumat un triomf davant el C\u00e1diz CF en l\u2019Estadio Nuevo Mirandilla (0-2)."},{"type":"paragraph","text":"Els precedents entre tots dos equips han estat molt igualats en els \u00faltims temps: dues vict\u00f2ries per al Submar\u00ed, tres empats i dues vict\u00f2ries per al conjunt de Nervi\u00f3n. L\u2019\u00faltim partit entre groguets i sevillistes va acabar en empat en el Ciutat de Val\u00e8ncia (1-1), on el conjunt groc va igualar per mediaci\u00f3 d\u2019\u00c1lex Baena."},{"type":"video","kind":"iframe","url":"https:\/\/widgets.besoccerapps.com\/scripts\/widgets?type=streak&teams=1102,2716&flag=escudo&season=2023&match=49607&style=villarreal","poster":""}]}},"sections":[{"id":"section-1","title":"El Villarreal buscar\u00e0 la vict\u00f2ria aquest diumenge en el Ram\u00f3n S\u00e1nchez-Pizju\u00e1n (21.00h)","text":"El Villarreal buscar\u00e0 la vict\u00f2ria aquest diumenge en el Ram\u00f3n S\u00e1nchez-Pizju\u00e1n (21.00h) El Villarreal CF s\u2019enfronta al Sevilla FC aquest diumenge, a partir de les 21.00 hores, en l\u2019Estadio Ram\u00f3n S\u00e1nchez-Pizju\u00e1n, en el partit corresponent a la jornada 30 de LaLiga 2022\/23. El Submar\u00ed arriba a la cita despr\u00e9s d\u2019entropessar a casa davant el Real Valladolid (1-2), per la qual cosa intentar\u00e0 redre\u00e7ar novament el rumb i tornar a la senda de la vict\u00f2ria. El conjunt de Quique Seti\u00e9n aspira a mantindre\u2019s en la pugna pels llocs europeus. Actualment, el Villarreal CF es troba en la 6\u00e9 posici\u00f3 amb 47 punts, a tan sols un del Real Betis que ostenta la 5\u00e9 posici\u00f3 i a quatre de la Real Sociedad, que marca els llocs de Champions League. Els groguets volen continuar mirant cap amunt. Abans de la derrota del passat cap de setmana, el Submar\u00ed arribava llan\u00e7at sumant cinc vict\u00f2ries i un empat en els \u00faltims sis enfrontaments. Davant es troba l\u2019equip nervionense, que arriba en la tretzena posici\u00f3, i ja lluny de les posicions de descens, despr\u00e9s d\u2019haver sumat 7 dels \u00faltims 9 punts possibles. Per part seua, el Sevilla FC arriba euf\u00f2ric a la cita despr\u00e9s de golejar al Manchester United (3-0) en els quarts de final de la UEFA Europa League i segellar la classificaci\u00f3 a la seg\u00fcent ronda de la segona competici\u00f3 continental. En LaLiga, la din\u00e0mica tamb\u00e9 \u00e9s molt notable. Els sevillans han ven\u00e7ut davant el Valencia CF (0-2), empatat davant el RC Celta a casa (2-2) i sumat un triomf davant el C\u00e1diz CF en l\u2019Estadio Nuevo Mirandilla (0-2). Els precedents entre tots dos equips han estat molt igualats en els \u00faltims temps: dues vict\u00f2ries per al Submar\u00ed, tres empats i dues vict\u00f2ries per al conjunt de Nervi\u00f3n. L\u2019\u00faltim partit entre groguets i sevillistes va acabar en empat en el Ciutat de Val\u00e8ncia (1-1), on el conjunt groc va igualar per mediaci\u00f3 d\u2019\u00c1lex Baena.","url":"","background_image":"","images":[],"videos":[{"type":"video","kind":"iframe","url":"https:\/\/www.youtube.com\/embed\/r7kjUrfI6vU?feature=oembed","poster":""},{"type":"video","kind":"iframe","url":"https:\/\/widgets.besoccerapps.com\/scripts\/widgets?type=streak&teams=1102,2716&flag=escudo&season=2023&match=49607&style=villarreal","poster":""}],"links":[]}]},"excerpt":{"rendered":"El Villarreal visitar\u00e1 este domingo el Ram\u00f3n S\u00e1nchez Pizju\u00e1n ","protected":false},"author":1,"featured_media":262680,"comment_status":"closed","ping_status":"closed","sticky":false,"template":"","format":"standard","meta":{"_acf_changed":false,"footnotes":""},"categories":[13493],"tags":[9841,717,9270,9721,11042,11136,13427,9278,9837,716,9205,9627,9203],"acf":null,"lang":"val","translations":{"es":262346,"val":262356,"en":262763},"essential_grid":{"has_grid":false},"formatted_date":"April 21, 2023","modified_date":"April 21, 2023","permalink":"https:\/\/villarrealcf.es\/val\/sorprendre-un-sevilla-imponent-i-de-celebracio\/","reading_time":2,"featured_media_data":{"id":262680,"title":"","caption":"","alt_text":"","description":"","mime_type":"image\/jpeg","source_url":"https:\/\/villarrealcf.es\/wp-content\/uploads\/2023\/04\/samu.jpg","sizes":{"thumbnail":{"url":"https:\/\/villarrealcf.es\/wp-content\/uploads\/2023\/04\/samu-1920x1080.jpg","width":1920,"height":1080},"medium":{"url":"https:\/\/villarrealcf.es\/wp-content\/uploads\/2023\/04\/samu-1920x1080.jpg","width":1920,"height":1080},"medium_large":{"url":"https:\/\/villarrealcf.es\/wp-content\/uploads\/2023\/04\/samu-768x432.jpg","width":768,"height":432},"large":{"url":"https:\/\/villarrealcf.es\/wp-content\/uploads\/2023\/04\/samu-1920x1080.jpg","width":788,"height":443},"1536x1536":{"url":"https:\/\/villarrealcf.es\/wp-content\/uploads\/2023\/04\/samu-1536x864.jpg","width":1536,"height":864},"2048x2048":{"url":"https:\/\/villarrealcf.es\/wp-content\/uploads\/2023\/04\/samu.jpg","width":1920,"height":1080},"tp-image-grid":{"url":"https:\/\/villarrealcf.es\/wp-content\/uploads\/2023\/04\/samu-700x700.jpg","width":700,"height":700},"size-bunyad-medium":{"url":"https:\/\/villarrealcf.es\/wp-content\/uploads\/2023\/04\/samu-1920x1080.jpg","width":1920,"height":1080},"sportspress-crop-medium":{"url":"https:\/\/villarrealcf.es\/wp-content\/uploads\/2023\/04\/samu-300x300.jpg","width":300,"height":300},"sportspress-fit-medium":{"url":"https:\/\/villarrealcf.es\/wp-content\/uploads\/2023\/04\/samu-300x169.jpg","width":300,"height":169},"sportspress-fit-icon":{"url":"https:\/\/villarrealcf.es\/wp-content\/uploads\/2023\/04\/samu-128x72.jpg","width":128,"height":72},"sportspress-fit-mini":{"url":"https:\/\/villarrealcf.es\/wp-content\/uploads\/2023\/04\/samu-32x18.jpg","width":32,"height":18},"bunyad-small":{"url":"https:\/\/villarrealcf.es\/wp-content\/uploads\/2023\/04\/samu-150x84.jpg","width":150,"height":84},"bunyad-medium":{"url":"https:\/\/villarrealcf.es\/wp-content\/uploads\/2023\/04\/samu-450x253.jpg","width":450,"height":253},"bunyad-full":{"url":"https:\/\/villarrealcf.es\/wp-content\/uploads\/2023\/04\/samu-1200x675.jpg","width":1200,"height":675},"bunyad-viewport":{"url":"https:\/\/villarrealcf.es\/wp-content\/uploads\/2023\/04\/samu.jpg","width":1920,"height":1080},"bunyad-768":{"url":"https:\/\/villarrealcf.es\/wp-content\/uploads\/2023\/04\/samu-768x432.jpg","width":768,"height":432},"full":{"url":"https:\/\/villarrealcf.es\/wp-content\/uploads\/2023\/04\/samu.jpg","width":1920,"height":1080}}},"author_data":{"id":"1","name":"root_envidea","first_name":"Villarreal CF","last_name":"","description":"","avatar_url":"https:\/\/secure.gravatar.com\/avatar\/48f95f42a3ccc324f3a3458e4b9e6fb070b083e99d388e170c1afb061fa99b63?s=96&d=mm&r=g","acf":null},"taxonomies_data":{"category":[{"id":13493,"name":"Primer equip","slug":"primer-equip","acf":null}],"post_tag":[{"id":9841,"name":"Estadio Ram\u00f3n S\u00e1nchez Pizju\u00e1n","slug":"estadio-ramon-sanchez-pizjuan-val","acf":null},{"id":717,"name":"Football","slug":"football-d34","acf":null},{"id":9270,"name":"Futbol","slug":"futbol-val","acf":null},{"id":9721,"name":"Jornada 30","slug":"jornada-30-val","acf":null},{"id":11042,"name":"LaLiga","slug":"laliga-val","acf":null},{"id":11136,"name":"LaLiga Santander","slug":"laliga-santander-val","acf":null},{"id":13427,"name":"Primer Equipo","slug":"primer-equipo-val","acf":null},{"id":9278,"name":"primera division","slug":"primera-division-val","acf":null},{"id":9837,"name":"Sevilla FC","slug":"sevilla-fc-val","acf":null},{"id":716,"name":"Soccer","slug":"soccer-d105","acf":null},{"id":9205,"name":"Submarino","slug":"submarino-val","acf":null},{"id":9627,"name":"Submarino Amarillo","slug":"submarino-amarillo-val","acf":null},{"id":9203,"name":"Villarreal CF","slug":"villarreal-cf-val","acf":null}],"translation_priority":[{"id":735,"name":"Optional","slug":"optional-val","acf":null}]},"seo_full":{"native":{"title":"Sorprendre un Sevilla imponent i de celebraci\u00f3 - Web Oficial del Villarreal CF","description":"El Villarreal visitar\u00e1 este domingo el Ram\u00f3n S\u00e1nchez Pizju\u00e1n ","canonical":"https:\/\/villarrealcf.es\/val\/sorprendre-un-sevilla-imponent-i-de-celebracio\/"}},"_links":{"self":[{"href":"https:\/\/villarrealcf.es\/val\/wp-json\/wp\/v2\/posts\/262356","targetHints":{"allow":["GET"]}}],"collection":[{"href":"https:\/\/villarrealcf.es\/val\/wp-json\/wp\/v2\/posts"}],"about":[{"href":"https:\/\/villarrealcf.es\/val\/wp-json\/wp\/v2\/types\/post"}],"author":[{"embeddable":true,"href":"https:\/\/villarrealcf.es\/val\/wp-json\/wp\/v2\/users\/1"}],"replies":[{"embeddable":true,"href":"https:\/\/villarrealcf.es\/val\/wp-json\/wp\/v2\/comments?post=262356"}],"version-history":[{"count":0,"href":"https:\/\/villarrealcf.es\/val\/wp-json\/wp\/v2\/posts\/262356\/revisions"}],"wp:featuredmedia":[{"embeddable":true,"href":"https:\/\/villarrealcf.es\/val\/wp-json\/wp\/v2\/media\/262680"}],"wp:attachment":[{"href":"https:\/\/villarrealcf.es\/val\/wp-json\/wp\/v2\/media?parent=262356"}],"wp:term":[{"taxonomy":"category","embeddable":true,"href":"https:\/\/villarrealcf.es\/val\/wp-json\/wp\/v2\/categories?post=262356"},{"taxonomy":"post_tag","embeddable":true,"href":"https:\/\/villarrealcf.es\/val\/wp-json\/wp\/v2\/tags?post=262356"}],"curies":[{"name":"wp","href":"https:\/\/api.w.org\/{rel}","templated":true}]}}