{"id":262235,"date":"2023-04-17T17:36:14","date_gmt":"2023-04-17T15:36:14","guid":{"rendered":"https:\/\/villarrealcf.es\/\/la-copa-endavant-brilla-en-la-vall-duixo\/"},"modified":"2023-04-17T18:05:40","modified_gmt":"2023-04-17T16:05:40","slug":"la-copa-endavant-brilla-a-la-vall-duixo","status":"publish","type":"post","link":"https:\/\/villarrealcf.es\/val\/la-copa-endavant-brilla-a-la-vall-duixo\/","title":{"rendered":"La Copa Endavant llueix a la Vall d&#8217;Uix\u00f3"},"content":{"protected":false,"blocks":[{"type":"heading","level":2,"text":"Un total de 220 participants van gaudir del torneig impulsat pel Villarreal CF en una jornada festiva per a la localitat"},{"type":"paragraph","text":"La Vall d\u2019Uix\u00f3 va gaudir d\u2019una jornada inoblidable gr\u00e0cies a la Copa Endavant 3\u00d73. La localitat de la Plana Baixa va albergar aquest dilluns 17 d\u2019abril, festiu local en honor a Sant Vicent, el torneig impulsat pel Villarreal CF per a celebrar el centenari del club en els diferents municipis de la prov\u00edncia de Castell\u00f3."},{"type":"paragraph","text":"M\u00e9s de 220 jugadors i 63 equips es van veure les cares per a gaudir d\u2019un dels esdeveniments esportius m\u00e9s divertits de la nostra prov\u00edncia. Els participants, xiquets i xiquetes amb edats compreses entre els 6 i els 12 anys, que es van citar en el CEIP L\u2019Assumpci\u00f3 de la Vall d\u2019Uix\u00f3 per a competir i passar-ho en gran de la m\u00e0 del Villarreal."},{"type":"paragraph","text":"Els guanyadors van ser La Vall en la categoria Groc i Els Hat-trick en la categoria Blau, que van segellar la seua passe a la gran final, que se celebrar\u00e0 el 10 de juny sobre la gespa de l\u2019Estadio de la Cer\u00e1mica. A m\u00e9s, tots els jugadors van rebre una samarreta grogueta especial per a disputar el torneig, aix\u00ed com una motxilla amb un pack de benvinguda."},{"type":"paragraph","text":"A m\u00e9s dels partits, el Villarreal CF va portar a la Vall d\u2019Uix\u00f3 una gran varietat de jocs, inflables i activitats per a garantir la diversi\u00f3 dels m\u00e9s xicotets. Per si no fos prou, el trofeu de la UEFA Europa League, collit en 2021 davant el Manchester United a Gdansk (Pol\u00f2nia) tamb\u00e9 va viatjar a la localitat perqu\u00e8 els aficionats es fotografiaren amb ella. El llegendari exfutbolista i ambaixador del club, Marcos Senna, tamb\u00e9 va visitar el municipi."},{"type":"paragraph","text":"Aquest especial torneig, a m\u00e9s de la Vall d\u2019Uix\u00f3, s\u2019ha celebrat ja a Segorbe, Almassora, Benic\u00e0ssim i Nules."}],"structured":{"summary":{"text":"Un total de 220 participants van gaudir del torneig impulsat pel Villarreal CF en una jornada festiva per a la localitat La Vall d\u2019Uix\u00f3 va gaudir d\u2019una jornada inoblidable gr\u00e0cies a la Copa Endavant 3\u00d73. La localitat de la Plana Baixa va albergar aquest dilluns 17 d\u2019abril, festiu local en honor a Sant Vicent, el torneig impulsat pel Villarreal CF per a celebrar el centenari del club en els diferents municipis de la prov\u00edncia de Castell\u00f3. M\u00e9s de 220 jugadors i 63 equips es van veure les cares per a gaudir d\u2019un dels esdeveniments esportius m\u00e9s divertits de la nostra prov\u00edncia. Els participants, xiquets i xiquetes amb edats compreses entre els 6 i els 12 anys, que es van citar en el CEIP L\u2019Assumpci\u00f3 de la Vall d\u2019Uix\u00f3 per a competir i passar-ho en gran de la m\u00e0 del Villarreal. Els guanyadors van ser La Vall en la categoria Groc i Els Hat-trick en la categoria Blau, que van segellar la seua passe a la gran final, que se celebrar\u00e0 el 10 de juny sobre la gespa de l\u2019Estadio de la Cer\u00e1mica. A m\u00e9s, tots els jugadors van rebre una samarreta grogueta especial per a disputar el torneig, aix\u00ed com una motxilla amb un pack de benvinguda. A m\u00e9s dels partits, el Villarreal CF va portar a la Vall d\u2019Uix\u00f3 una gran varietat de jocs, inflables i activitats per a garantir la diversi\u00f3 dels m\u00e9s xicotets. Per si no fos prou, el trofeu de la UEFA Europa League, collit en 2021 davant el Manchester United a Gdansk (Pol\u00f2nia) tamb\u00e9 va viatjar a la localitat perqu\u00e8 els aficionats es fotografiaren amb ella. El llegendari exfutbolista i ambaixador del club, Marcos Senna, tamb\u00e9 va visitar el municipi. Aquest especial torneig, a m\u00e9s de la Vall d\u2019Uix\u00f3, s\u2019ha celebrat ja a Segorbe, Almassora, Benic\u00e0ssim i Nules.","headings":[{"type":"heading","level":2,"text":"Un total de 220 participants van gaudir del torneig impulsat pel Villarreal CF en una jornada festiva per a la localitat"}],"buttons":[],"images":[],"counts":{"blocks":6,"headings":1,"texts":5,"buttons":0,"images":0}},"sections":[{"id":"section-1","title":"Un total de 220 participants van gaudir del torneig impulsat pel Villarreal CF en una jornada festiva per a la localitat","text":"Un total de 220 participants van gaudir del torneig impulsat pel Villarreal CF en una jornada festiva per a la localitat La Vall d\u2019Uix\u00f3 va gaudir d\u2019una jornada inoblidable gr\u00e0cies a la Copa Endavant 3\u00d73. La localitat de la Plana Baixa va albergar aquest dilluns 17 d\u2019abril, festiu local en honor a Sant Vicent, el torneig impulsat pel Villarreal CF per a celebrar el centenari del club en els diferents municipis de la prov\u00edncia de Castell\u00f3. M\u00e9s de 220 jugadors i 63 equips es van veure les cares per a gaudir d\u2019un dels esdeveniments esportius m\u00e9s divertits de la nostra prov\u00edncia. Els participants, xiquets i xiquetes amb edats compreses entre els 6 i els 12 anys, que es van citar en el CEIP L\u2019Assumpci\u00f3 de la Vall d\u2019Uix\u00f3 per a competir i passar-ho en gran de la m\u00e0 del Villarreal. Els guanyadors van ser La Vall en la categoria Groc i Els Hat-trick en la categoria Blau, que van segellar la seua passe a la gran final, que se celebrar\u00e0 el 10 de juny sobre la gespa de l\u2019Estadio de la Cer\u00e1mica. A m\u00e9s, tots els jugadors van rebre una samarreta grogueta especial per a disputar el torneig, aix\u00ed com una motxilla amb un pack de benvinguda. A m\u00e9s dels partits, el Villarreal CF va portar a la Vall d\u2019Uix\u00f3 una gran varietat de jocs, inflables i activitats per a garantir la diversi\u00f3 dels m\u00e9s xicotets. Per si no fos prou, el trofeu de la UEFA Europa League, collit en 2021 davant el Manchester United a Gdansk (Pol\u00f2nia) tamb\u00e9 va viatjar a la localitat perqu\u00e8 els aficionats es fotografiaren amb ella. El llegendari exfutbolista i ambaixador del club, Marcos Senna, tamb\u00e9 va visitar el municipi. Aquest especial torneig, a m\u00e9s de la Vall d\u2019Uix\u00f3, s\u2019ha celebrat ja a Segorbe, Almassora, Benic\u00e0ssim i Nules.","headings":[{"type":"heading","level":2,"text":"Un total de 220 participants van gaudir del torneig impulsat pel Villarreal CF en una jornada festiva per a la localitat"}],"texts":[{"type":"paragraph","text":"La Vall d\u2019Uix\u00f3 va gaudir d\u2019una jornada inoblidable gr\u00e0cies a la Copa Endavant 3\u00d73. La localitat de la Plana Baixa va albergar aquest dilluns 17 d\u2019abril, festiu local en honor a Sant Vicent, el torneig impulsat pel Villarreal CF per a celebrar el centenari del club en els diferents municipis de la prov\u00edncia de Castell\u00f3."},{"type":"paragraph","text":"M\u00e9s de 220 jugadors i 63 equips es van veure les cares per a gaudir d\u2019un dels esdeveniments esportius m\u00e9s divertits de la nostra prov\u00edncia. Els participants, xiquets i xiquetes amb edats compreses entre els 6 i els 12 anys, que es van citar en el CEIP L\u2019Assumpci\u00f3 de la Vall d\u2019Uix\u00f3 per a competir i passar-ho en gran de la m\u00e0 del Villarreal."},{"type":"paragraph","text":"Els guanyadors van ser La Vall en la categoria Groc i Els Hat-trick en la categoria Blau, que van segellar la seua passe a la gran final, que se celebrar\u00e0 el 10 de juny sobre la gespa de l\u2019Estadio de la Cer\u00e1mica. A m\u00e9s, tots els jugadors van rebre una samarreta grogueta especial per a disputar el torneig, aix\u00ed com una motxilla amb un pack de benvinguda."},{"type":"paragraph","text":"A m\u00e9s dels partits, el Villarreal CF va portar a la Vall d\u2019Uix\u00f3 una gran varietat de jocs, inflables i activitats per a garantir la diversi\u00f3 dels m\u00e9s xicotets. Per si no fos prou, el trofeu de la UEFA Europa League, collit en 2021 davant el Manchester United a Gdansk (Pol\u00f2nia) tamb\u00e9 va viatjar a la localitat perqu\u00e8 els aficionats es fotografiaren amb ella. El llegendari exfutbolista i ambaixador del club, Marcos Senna, tamb\u00e9 va visitar el municipi."},{"type":"paragraph","text":"Aquest especial torneig, a m\u00e9s de la Vall d\u2019Uix\u00f3, s\u2019ha celebrat ja a Segorbe, Almassora, Benic\u00e0ssim i Nules."}],"buttons":[],"images":[],"widgets":[],"blocks":[{"type":"heading","level":2,"text":"Un total de 220 participants van gaudir del torneig impulsat pel Villarreal CF en una jornada festiva per a la localitat"},{"type":"paragraph","text":"La Vall d\u2019Uix\u00f3 va gaudir d\u2019una jornada inoblidable gr\u00e0cies a la Copa Endavant 3\u00d73. La localitat de la Plana Baixa va albergar aquest dilluns 17 d\u2019abril, festiu local en honor a Sant Vicent, el torneig impulsat pel Villarreal CF per a celebrar el centenari del club en els diferents municipis de la prov\u00edncia de Castell\u00f3."},{"type":"paragraph","text":"M\u00e9s de 220 jugadors i 63 equips es van veure les cares per a gaudir d\u2019un dels esdeveniments esportius m\u00e9s divertits de la nostra prov\u00edncia. Els participants, xiquets i xiquetes amb edats compreses entre els 6 i els 12 anys, que es van citar en el CEIP L\u2019Assumpci\u00f3 de la Vall d\u2019Uix\u00f3 per a competir i passar-ho en gran de la m\u00e0 del Villarreal."},{"type":"paragraph","text":"Els guanyadors van ser La Vall en la categoria Groc i Els Hat-trick en la categoria Blau, que van segellar la seua passe a la gran final, que se celebrar\u00e0 el 10 de juny sobre la gespa de l\u2019Estadio de la Cer\u00e1mica. A m\u00e9s, tots els jugadors van rebre una samarreta grogueta especial per a disputar el torneig, aix\u00ed com una motxilla amb un pack de benvinguda."},{"type":"paragraph","text":"A m\u00e9s dels partits, el Villarreal CF va portar a la Vall d\u2019Uix\u00f3 una gran varietat de jocs, inflables i activitats per a garantir la diversi\u00f3 dels m\u00e9s xicotets. Per si no fos prou, el trofeu de la UEFA Europa League, collit en 2021 davant el Manchester United a Gdansk (Pol\u00f2nia) tamb\u00e9 va viatjar a la localitat perqu\u00e8 els aficionats es fotografiaren amb ella. El llegendari exfutbolista i ambaixador del club, Marcos Senna, tamb\u00e9 va visitar el municipi."},{"type":"paragraph","text":"Aquest especial torneig, a m\u00e9s de la Vall d\u2019Uix\u00f3, s\u2019ha celebrat ja a Segorbe, Almassora, Benic\u00e0ssim i Nules."}]}],"hero":{"id":"section-1","title":"Un total de 220 participants van gaudir del torneig impulsat pel Villarreal CF en una jornada festiva per a la localitat","text":"Un total de 220 participants van gaudir del torneig impulsat pel Villarreal CF en una jornada festiva per a la localitat La Vall d\u2019Uix\u00f3 va gaudir d\u2019una jornada inoblidable gr\u00e0cies a la Copa Endavant 3\u00d73. La localitat de la Plana Baixa va albergar aquest dilluns 17 d\u2019abril, festiu local en honor a Sant Vicent, el torneig impulsat pel Villarreal CF per a celebrar el centenari del club en els diferents municipis de la prov\u00edncia de Castell\u00f3. M\u00e9s de 220 jugadors i 63 equips es van veure les cares per a gaudir d\u2019un dels esdeveniments esportius m\u00e9s divertits de la nostra prov\u00edncia. Els participants, xiquets i xiquetes amb edats compreses entre els 6 i els 12 anys, que es van citar en el CEIP L\u2019Assumpci\u00f3 de la Vall d\u2019Uix\u00f3 per a competir i passar-ho en gran de la m\u00e0 del Villarreal. Els guanyadors van ser La Vall en la categoria Groc i Els Hat-trick en la categoria Blau, que van segellar la seua passe a la gran final, que se celebrar\u00e0 el 10 de juny sobre la gespa de l\u2019Estadio de la Cer\u00e1mica. A m\u00e9s, tots els jugadors van rebre una samarreta grogueta especial per a disputar el torneig, aix\u00ed com una motxilla amb un pack de benvinguda. A m\u00e9s dels partits, el Villarreal CF va portar a la Vall d\u2019Uix\u00f3 una gran varietat de jocs, inflables i activitats per a garantir la diversi\u00f3 dels m\u00e9s xicotets. Per si no fos prou, el trofeu de la UEFA Europa League, collit en 2021 davant el Manchester United a Gdansk (Pol\u00f2nia) tamb\u00e9 va viatjar a la localitat perqu\u00e8 els aficionats es fotografiaren amb ella. El llegendari exfutbolista i ambaixador del club, Marcos Senna, tamb\u00e9 va visitar el municipi. Aquest especial torneig, a m\u00e9s de la Vall d\u2019Uix\u00f3, s\u2019ha celebrat ja a Segorbe, Almassora, Benic\u00e0ssim i Nules.","headings":[{"type":"heading","level":2,"text":"Un total de 220 participants van gaudir del torneig impulsat pel Villarreal CF en una jornada festiva per a la localitat"}],"texts":[{"type":"paragraph","text":"La Vall d\u2019Uix\u00f3 va gaudir d\u2019una jornada inoblidable gr\u00e0cies a la Copa Endavant 3\u00d73. La localitat de la Plana Baixa va albergar aquest dilluns 17 d\u2019abril, festiu local en honor a Sant Vicent, el torneig impulsat pel Villarreal CF per a celebrar el centenari del club en els diferents municipis de la prov\u00edncia de Castell\u00f3."},{"type":"paragraph","text":"M\u00e9s de 220 jugadors i 63 equips es van veure les cares per a gaudir d\u2019un dels esdeveniments esportius m\u00e9s divertits de la nostra prov\u00edncia. Els participants, xiquets i xiquetes amb edats compreses entre els 6 i els 12 anys, que es van citar en el CEIP L\u2019Assumpci\u00f3 de la Vall d\u2019Uix\u00f3 per a competir i passar-ho en gran de la m\u00e0 del Villarreal."},{"type":"paragraph","text":"Els guanyadors van ser La Vall en la categoria Groc i Els Hat-trick en la categoria Blau, que van segellar la seua passe a la gran final, que se celebrar\u00e0 el 10 de juny sobre la gespa de l\u2019Estadio de la Cer\u00e1mica. A m\u00e9s, tots els jugadors van rebre una samarreta grogueta especial per a disputar el torneig, aix\u00ed com una motxilla amb un pack de benvinguda."},{"type":"paragraph","text":"A m\u00e9s dels partits, el Villarreal CF va portar a la Vall d\u2019Uix\u00f3 una gran varietat de jocs, inflables i activitats per a garantir la diversi\u00f3 dels m\u00e9s xicotets. Per si no fos prou, el trofeu de la UEFA Europa League, collit en 2021 davant el Manchester United a Gdansk (Pol\u00f2nia) tamb\u00e9 va viatjar a la localitat perqu\u00e8 els aficionats es fotografiaren amb ella. El llegendari exfutbolista i ambaixador del club, Marcos Senna, tamb\u00e9 va visitar el municipi."},{"type":"paragraph","text":"Aquest especial torneig, a m\u00e9s de la Vall d\u2019Uix\u00f3, s\u2019ha celebrat ja a Segorbe, Almassora, Benic\u00e0ssim i Nules."}],"buttons":[],"images":[],"widgets":[],"blocks":[{"type":"heading","level":2,"text":"Un total de 220 participants van gaudir del torneig impulsat pel Villarreal CF en una jornada festiva per a la localitat"},{"type":"paragraph","text":"La Vall d\u2019Uix\u00f3 va gaudir d\u2019una jornada inoblidable gr\u00e0cies a la Copa Endavant 3\u00d73. La localitat de la Plana Baixa va albergar aquest dilluns 17 d\u2019abril, festiu local en honor a Sant Vicent, el torneig impulsat pel Villarreal CF per a celebrar el centenari del club en els diferents municipis de la prov\u00edncia de Castell\u00f3."},{"type":"paragraph","text":"M\u00e9s de 220 jugadors i 63 equips es van veure les cares per a gaudir d\u2019un dels esdeveniments esportius m\u00e9s divertits de la nostra prov\u00edncia. Els participants, xiquets i xiquetes amb edats compreses entre els 6 i els 12 anys, que es van citar en el CEIP L\u2019Assumpci\u00f3 de la Vall d\u2019Uix\u00f3 per a competir i passar-ho en gran de la m\u00e0 del Villarreal."},{"type":"paragraph","text":"Els guanyadors van ser La Vall en la categoria Groc i Els Hat-trick en la categoria Blau, que van segellar la seua passe a la gran final, que se celebrar\u00e0 el 10 de juny sobre la gespa de l\u2019Estadio de la Cer\u00e1mica. A m\u00e9s, tots els jugadors van rebre una samarreta grogueta especial per a disputar el torneig, aix\u00ed com una motxilla amb un pack de benvinguda."},{"type":"paragraph","text":"A m\u00e9s dels partits, el Villarreal CF va portar a la Vall d\u2019Uix\u00f3 una gran varietat de jocs, inflables i activitats per a garantir la diversi\u00f3 dels m\u00e9s xicotets. Per si no fos prou, el trofeu de la UEFA Europa League, collit en 2021 davant el Manchester United a Gdansk (Pol\u00f2nia) tamb\u00e9 va viatjar a la localitat perqu\u00e8 els aficionats es fotografiaren amb ella. El llegendari exfutbolista i ambaixador del club, Marcos Senna, tamb\u00e9 va visitar el municipi."},{"type":"paragraph","text":"Aquest especial torneig, a m\u00e9s de la Vall d\u2019Uix\u00f3, s\u2019ha celebrat ja a Segorbe, Almassora, Benic\u00e0ssim i Nules."}]}},"sections":[{"id":"section-1","title":"Un total de 220 participants van gaudir del torneig impulsat pel Villarreal CF en una jornada festiva per a la localitat","text":"Un total de 220 participants van gaudir del torneig impulsat pel Villarreal CF en una jornada festiva per a la localitat La Vall d\u2019Uix\u00f3 va gaudir d\u2019una jornada inoblidable gr\u00e0cies a la Copa Endavant 3\u00d73. La localitat de la Plana Baixa va albergar aquest dilluns 17 d\u2019abril, festiu local en honor a Sant Vicent, el torneig impulsat pel Villarreal CF per a celebrar el centenari del club en els diferents municipis de la prov\u00edncia de Castell\u00f3. M\u00e9s de 220 jugadors i 63 equips es van veure les cares per a gaudir d\u2019un dels esdeveniments esportius m\u00e9s divertits de la nostra prov\u00edncia. Els participants, xiquets i xiquetes amb edats compreses entre els 6 i els 12 anys, que es van citar en el CEIP L\u2019Assumpci\u00f3 de la Vall d\u2019Uix\u00f3 per a competir i passar-ho en gran de la m\u00e0 del Villarreal. Els guanyadors van ser La Vall en la categoria Groc i Els Hat-trick en la categoria Blau, que van segellar la seua passe a la gran final, que se celebrar\u00e0 el 10 de juny sobre la gespa de l\u2019Estadio de la Cer\u00e1mica. A m\u00e9s, tots els jugadors van rebre una samarreta grogueta especial per a disputar el torneig, aix\u00ed com una motxilla amb un pack de benvinguda. A m\u00e9s dels partits, el Villarreal CF va portar a la Vall d\u2019Uix\u00f3 una gran varietat de jocs, inflables i activitats per a garantir la diversi\u00f3 dels m\u00e9s xicotets. Per si no fos prou, el trofeu de la UEFA Europa League, collit en 2021 davant el Manchester United a Gdansk (Pol\u00f2nia) tamb\u00e9 va viatjar a la localitat perqu\u00e8 els aficionats es fotografiaren amb ella. El llegendari exfutbolista i ambaixador del club, Marcos Senna, tamb\u00e9 va visitar el municipi. Aquest especial torneig, a m\u00e9s de la Vall d\u2019Uix\u00f3, s\u2019ha celebrat ja a Segorbe, Almassora, Benic\u00e0ssim i Nules.","url":"","background_image":"","images":[],"videos":[],"links":[]}]},"excerpt":{"rendered":"Un total de 220 participants van gaudir del torneig impulsat pel Villarreal CF en una jornada festiva per a la localitat","protected":false},"author":25,"featured_media":262220,"comment_status":"closed","ping_status":"closed","sticky":false,"template":"","format":"standard","meta":{"_acf_changed":false,"footnotes":""},"categories":[13803],"tags":[9366,10325,9664,14109,9242,9287,717,9270,9227,10370,716,9205,9627,14076,9203],"acf":null,"lang":"val","translations":{"es":262185,"en":262229,"val":262235},"essential_grid":{"has_grid":false},"formatted_date":"April 17, 2023","modified_date":"April 17, 2023","permalink":"https:\/\/villarrealcf.es\/val\/la-copa-endavant-brilla-a-la-vall-duixo\/","reading_time":2,"featured_media_data":{"id":262220,"title":"WhatsApp Image 2023-04-17 at 17.29.59","caption":"","alt_text":"","description":"","mime_type":"image\/jpeg","source_url":"https:\/\/villarrealcf.es\/wp-content\/uploads\/2023\/04\/WhatsApp-Image-2023-04-17-at-17.29.59.jpg","sizes":{"thumbnail":{"url":"https:\/\/villarrealcf.es\/wp-content\/uploads\/2023\/04\/WhatsApp-Image-2023-04-17-at-17.29.59-1920x1080.jpg","width":1920,"height":1080},"medium":{"url":"https:\/\/villarrealcf.es\/wp-content\/uploads\/2023\/04\/WhatsApp-Image-2023-04-17-at-17.29.59-1920x1080.jpg","width":1920,"height":1080},"medium_large":{"url":"https:\/\/villarrealcf.es\/wp-content\/uploads\/2023\/04\/WhatsApp-Image-2023-04-17-at-17.29.59-768x432.jpg","width":768,"height":432},"large":{"url":"https:\/\/villarrealcf.es\/wp-content\/uploads\/2023\/04\/WhatsApp-Image-2023-04-17-at-17.29.59-1920x1080.jpg","width":788,"height":443},"1536x1536":{"url":"https:\/\/villarrealcf.es\/wp-content\/uploads\/2023\/04\/WhatsApp-Image-2023-04-17-at-17.29.59-1536x864.jpg","width":1536,"height":864},"2048x2048":{"url":"https:\/\/villarrealcf.es\/wp-content\/uploads\/2023\/04\/WhatsApp-Image-2023-04-17-at-17.29.59.jpg","width":1920,"height":1080},"tp-image-grid":{"url":"https:\/\/villarrealcf.es\/wp-content\/uploads\/2023\/04\/WhatsApp-Image-2023-04-17-at-17.29.59-700x700.jpg","width":700,"height":700},"size-bunyad-medium":{"url":"https:\/\/villarrealcf.es\/wp-content\/uploads\/2023\/04\/WhatsApp-Image-2023-04-17-at-17.29.59-1920x1080.jpg","width":1920,"height":1080},"sportspress-crop-medium":{"url":"https:\/\/villarrealcf.es\/wp-content\/uploads\/2023\/04\/WhatsApp-Image-2023-04-17-at-17.29.59-300x300.jpg","width":300,"height":300},"sportspress-fit-medium":{"url":"https:\/\/villarrealcf.es\/wp-content\/uploads\/2023\/04\/WhatsApp-Image-2023-04-17-at-17.29.59-300x169.jpg","width":300,"height":169},"sportspress-fit-icon":{"url":"https:\/\/villarrealcf.es\/wp-content\/uploads\/2023\/04\/WhatsApp-Image-2023-04-17-at-17.29.59-128x72.jpg","width":128,"height":72},"sportspress-fit-mini":{"url":"https:\/\/villarrealcf.es\/wp-content\/uploads\/2023\/04\/WhatsApp-Image-2023-04-17-at-17.29.59-32x18.jpg","width":32,"height":18},"bunyad-small":{"url":"https:\/\/villarrealcf.es\/wp-content\/uploads\/2023\/04\/WhatsApp-Image-2023-04-17-at-17.29.59-150x84.jpg","width":150,"height":84},"bunyad-medium":{"url":"https:\/\/villarrealcf.es\/wp-content\/uploads\/2023\/04\/WhatsApp-Image-2023-04-17-at-17.29.59-450x253.jpg","width":450,"height":253},"bunyad-full":{"url":"https:\/\/villarrealcf.es\/wp-content\/uploads\/2023\/04\/WhatsApp-Image-2023-04-17-at-17.29.59-1200x675.jpg","width":1200,"height":675},"bunyad-viewport":{"url":"https:\/\/villarrealcf.es\/wp-content\/uploads\/2023\/04\/WhatsApp-Image-2023-04-17-at-17.29.59.jpg","width":1920,"height":1080},"bunyad-768":{"url":"https:\/\/villarrealcf.es\/wp-content\/uploads\/2023\/04\/WhatsApp-Image-2023-04-17-at-17.29.59-768x432.jpg","width":768,"height":432},"full":{"url":"https:\/\/villarrealcf.es\/wp-content\/uploads\/2023\/04\/WhatsApp-Image-2023-04-17-at-17.29.59.jpg","width":1920,"height":1080}}},"author_data":{"id":"25","name":"Javier Ayuso","first_name":"Javier","last_name":"Ayuso","description":"","avatar_url":"https:\/\/secure.gravatar.com\/avatar\/fcf8894be45988fcce5bbff0efe1790d2a7f4ba57e2c7c898f5068154e696495?s=96&d=mm&r=g","acf":null},"taxonomies_data":{"category":[{"id":13803,"name":"Futbol base","slug":"futbol-base-val-2","acf":null}],"post_tag":[{"id":9366,"name":"Cantera","slug":"cantera-val","acf":null},{"id":10325,"name":"Cantera Grogueta","slug":"cantera-grogueta-val","acf":null},{"id":9664,"name":"Centenari Groguet","slug":"centenari-groguet-val","acf":null},{"id":14109,"name":"Copa Endavant 3&#215;3","slug":"copa-endavant-3x3-val","acf":null},{"id":9242,"name":"Endavant","slug":"endavant-val-2","acf":null},{"id":9287,"name":"Endavant Club Groguet","slug":"endavant-club-groguet-val-2","acf":null},{"id":717,"name":"Football","slug":"football-d34","acf":null},{"id":9270,"name":"Futbol","slug":"futbol-val","acf":null},{"id":9227,"name":"F\u00fatbol Base","slug":"futbol-base-val","acf":null},{"id":10370,"name":"La Vall d&#8217;Uix\u00f3","slug":"la-vall-duixo-val","acf":null},{"id":716,"name":"Soccer","slug":"soccer-d105","acf":null},{"id":9205,"name":"Submarino","slug":"submarino-val","acf":null},{"id":9627,"name":"Submarino Amarillo","slug":"submarino-amarillo-val","acf":null},{"id":14076,"name":"Tour Centenario Groguet","slug":"tour-centenario-groguet-val","acf":null},{"id":9203,"name":"Villarreal CF","slug":"villarreal-cf-val","acf":null}],"translation_priority":[{"id":735,"name":"Optional","slug":"optional-val","acf":null}]},"seo_full":{"native":{"title":"La Copa Endavant llueix a la Vall d&#8217;Uix\u00f3 - Web Oficial del Villarreal CF","description":"Un total de 220 participants van gaudir del torneig impulsat pel Villarreal CF en una jornada festiva per a la localitat","canonical":"https:\/\/villarrealcf.es\/val\/la-copa-endavant-brilla-a-la-vall-duixo\/"}},"_links":{"self":[{"href":"https:\/\/villarrealcf.es\/val\/wp-json\/wp\/v2\/posts\/262235","targetHints":{"allow":["GET"]}}],"collection":[{"href":"https:\/\/villarrealcf.es\/val\/wp-json\/wp\/v2\/posts"}],"about":[{"href":"https:\/\/villarrealcf.es\/val\/wp-json\/wp\/v2\/types\/post"}],"author":[{"embeddable":true,"href":"https:\/\/villarrealcf.es\/val\/wp-json\/wp\/v2\/users\/25"}],"replies":[{"embeddable":true,"href":"https:\/\/villarrealcf.es\/val\/wp-json\/wp\/v2\/comments?post=262235"}],"version-history":[{"count":0,"href":"https:\/\/villarrealcf.es\/val\/wp-json\/wp\/v2\/posts\/262235\/revisions"}],"wp:featuredmedia":[{"embeddable":true,"href":"https:\/\/villarrealcf.es\/val\/wp-json\/wp\/v2\/media\/262220"}],"wp:attachment":[{"href":"https:\/\/villarrealcf.es\/val\/wp-json\/wp\/v2\/media?parent=262235"}],"wp:term":[{"taxonomy":"category","embeddable":true,"href":"https:\/\/villarrealcf.es\/val\/wp-json\/wp\/v2\/categories?post=262235"},{"taxonomy":"post_tag","embeddable":true,"href":"https:\/\/villarrealcf.es\/val\/wp-json\/wp\/v2\/tags?post=262235"}],"curies":[{"name":"wp","href":"https:\/\/api.w.org\/{rel}","templated":true}]}}