{"id":262203,"date":"2023-04-19T09:57:00","date_gmt":"2023-04-19T07:57:00","guid":{"rendered":"https:\/\/villarrealcf.es\/\/el-juvenil-a-real-murcia-cf-en-directo-2\/"},"modified":"2023-04-19T10:50:15","modified_gmt":"2023-04-19T08:50:15","slug":"el-juvenil-a-cf-inter-san-jose-en-directe","status":"publish","type":"post","link":"https:\/\/villarrealcf.es\/val\/el-juvenil-a-cf-inter-san-jose-en-directe\/","title":{"rendered":"El Juvenil A- CF Inter San Jos\u00e9, en directe!"},"content":{"protected":false,"blocks":[{"type":"heading","level":2,"text":"El partit de Divisi\u00f3 d\u2019Honor es podr\u00e0 seguir en directe en Villarreal TV (dissabte, 12.00h)"},{"type":"paragraph","text":"Partid\u00e0s aquest cap de setmana en Villarreal TV! Els aficionats del Villarreal CF podran seguir en directe el partit que enfronta al Juvenil A i al CF Inter San Jos\u00e9 en el Mini Estadi de la Ciutat Esportiva Jos\u00e9 Manuel Llaneza (dissabte, 12.00 hores)."},{"type":"paragraph","text":"El partit, corresponent a la jornada 28 de la Divisi\u00f3 d\u2019Honor Juvenil, comptar\u00e0 amb la narraci\u00f3 i els comentaris dels reporters de Villarreal TV i es podr\u00e0 veure en els perfils oficials del club en xarxes socials (YouTube, Twitch, Instagram, Twitter i Facebook)."},{"type":"paragraph","text":"A per la sisenaa vict\u00f2ria consecutiva"},{"type":"paragraph","text":"El conjunt de David Cifuentes est\u00e0 imparable i porta cinc vict\u00f2ries consecutives, cosa que li fa estar tercer amb 64 punts, a tan sols dos punts de l\u2019Atl\u00e9tico Madrile\u00f1o que marca la segona pla\u00e7a. En l\u2019\u00faltim partit l\u2019equip groc va aconseguir una grand\u00edssima vict\u00f2ria a domicili davant el Levante UD (1-2)."}],"structured":{"summary":{"text":"El partit de Divisi\u00f3 d\u2019Honor es podr\u00e0 seguir en directe en Villarreal TV (dissabte, 12.00h) Partid\u00e0s aquest cap de setmana en Villarreal TV! Els aficionats del Villarreal CF podran seguir en directe el partit que enfronta al Juvenil A i al CF Inter San Jos\u00e9 en el Mini Estadi de la Ciutat Esportiva Jos\u00e9 Manuel Llaneza (dissabte, 12.00 hores). El partit, corresponent a la jornada 28 de la Divisi\u00f3 d\u2019Honor Juvenil, comptar\u00e0 amb la narraci\u00f3 i els comentaris dels reporters de Villarreal TV i es podr\u00e0 veure en els perfils oficials del club en xarxes socials (YouTube, Twitch, Instagram, Twitter i Facebook). A per la sisenaa vict\u00f2ria consecutiva El conjunt de David Cifuentes est\u00e0 imparable i porta cinc vict\u00f2ries consecutives, cosa que li fa estar tercer amb 64 punts, a tan sols dos punts de l\u2019Atl\u00e9tico Madrile\u00f1o que marca la segona pla\u00e7a. En l\u2019\u00faltim partit l\u2019equip groc va aconseguir una grand\u00edssima vict\u00f2ria a domicili davant el Levante UD (1-2).","headings":[{"type":"heading","level":2,"text":"El partit de Divisi\u00f3 d\u2019Honor es podr\u00e0 seguir en directe en Villarreal TV (dissabte, 12.00h)"}],"buttons":[],"images":[],"counts":{"blocks":5,"headings":1,"texts":4,"buttons":0,"images":0}},"sections":[{"id":"section-1","title":"El partit de Divisi\u00f3 d\u2019Honor es podr\u00e0 seguir en directe en Villarreal TV (dissabte, 12.00h)","text":"El partit de Divisi\u00f3 d\u2019Honor es podr\u00e0 seguir en directe en Villarreal TV (dissabte, 12.00h) Partid\u00e0s aquest cap de setmana en Villarreal TV! Els aficionats del Villarreal CF podran seguir en directe el partit que enfronta al Juvenil A i al CF Inter San Jos\u00e9 en el Mini Estadi de la Ciutat Esportiva Jos\u00e9 Manuel Llaneza (dissabte, 12.00 hores). El partit, corresponent a la jornada 28 de la Divisi\u00f3 d\u2019Honor Juvenil, comptar\u00e0 amb la narraci\u00f3 i els comentaris dels reporters de Villarreal TV i es podr\u00e0 veure en els perfils oficials del club en xarxes socials (YouTube, Twitch, Instagram, Twitter i Facebook). A per la sisenaa vict\u00f2ria consecutiva El conjunt de David Cifuentes est\u00e0 imparable i porta cinc vict\u00f2ries consecutives, cosa que li fa estar tercer amb 64 punts, a tan sols dos punts de l\u2019Atl\u00e9tico Madrile\u00f1o que marca la segona pla\u00e7a. En l\u2019\u00faltim partit l\u2019equip groc va aconseguir una grand\u00edssima vict\u00f2ria a domicili davant el Levante UD (1-2).","headings":[{"type":"heading","level":2,"text":"El partit de Divisi\u00f3 d\u2019Honor es podr\u00e0 seguir en directe en Villarreal TV (dissabte, 12.00h)"}],"texts":[{"type":"paragraph","text":"Partid\u00e0s aquest cap de setmana en Villarreal TV! Els aficionats del Villarreal CF podran seguir en directe el partit que enfronta al Juvenil A i al CF Inter San Jos\u00e9 en el Mini Estadi de la Ciutat Esportiva Jos\u00e9 Manuel Llaneza (dissabte, 12.00 hores)."},{"type":"paragraph","text":"El partit, corresponent a la jornada 28 de la Divisi\u00f3 d\u2019Honor Juvenil, comptar\u00e0 amb la narraci\u00f3 i els comentaris dels reporters de Villarreal TV i es podr\u00e0 veure en els perfils oficials del club en xarxes socials (YouTube, Twitch, Instagram, Twitter i Facebook)."},{"type":"paragraph","text":"A per la sisenaa vict\u00f2ria consecutiva"},{"type":"paragraph","text":"El conjunt de David Cifuentes est\u00e0 imparable i porta cinc vict\u00f2ries consecutives, cosa que li fa estar tercer amb 64 punts, a tan sols dos punts de l\u2019Atl\u00e9tico Madrile\u00f1o que marca la segona pla\u00e7a. En l\u2019\u00faltim partit l\u2019equip groc va aconseguir una grand\u00edssima vict\u00f2ria a domicili davant el Levante UD (1-2)."}],"buttons":[],"images":[],"widgets":[],"blocks":[{"type":"heading","level":2,"text":"El partit de Divisi\u00f3 d\u2019Honor es podr\u00e0 seguir en directe en Villarreal TV (dissabte, 12.00h)"},{"type":"paragraph","text":"Partid\u00e0s aquest cap de setmana en Villarreal TV! Els aficionats del Villarreal CF podran seguir en directe el partit que enfronta al Juvenil A i al CF Inter San Jos\u00e9 en el Mini Estadi de la Ciutat Esportiva Jos\u00e9 Manuel Llaneza (dissabte, 12.00 hores)."},{"type":"paragraph","text":"El partit, corresponent a la jornada 28 de la Divisi\u00f3 d\u2019Honor Juvenil, comptar\u00e0 amb la narraci\u00f3 i els comentaris dels reporters de Villarreal TV i es podr\u00e0 veure en els perfils oficials del club en xarxes socials (YouTube, Twitch, Instagram, Twitter i Facebook)."},{"type":"paragraph","text":"A per la sisenaa vict\u00f2ria consecutiva"},{"type":"paragraph","text":"El conjunt de David Cifuentes est\u00e0 imparable i porta cinc vict\u00f2ries consecutives, cosa que li fa estar tercer amb 64 punts, a tan sols dos punts de l\u2019Atl\u00e9tico Madrile\u00f1o que marca la segona pla\u00e7a. En l\u2019\u00faltim partit l\u2019equip groc va aconseguir una grand\u00edssima vict\u00f2ria a domicili davant el Levante UD (1-2)."}]}],"hero":{"id":"section-1","title":"El partit de Divisi\u00f3 d\u2019Honor es podr\u00e0 seguir en directe en Villarreal TV (dissabte, 12.00h)","text":"El partit de Divisi\u00f3 d\u2019Honor es podr\u00e0 seguir en directe en Villarreal TV (dissabte, 12.00h) Partid\u00e0s aquest cap de setmana en Villarreal TV! Els aficionats del Villarreal CF podran seguir en directe el partit que enfronta al Juvenil A i al CF Inter San Jos\u00e9 en el Mini Estadi de la Ciutat Esportiva Jos\u00e9 Manuel Llaneza (dissabte, 12.00 hores). El partit, corresponent a la jornada 28 de la Divisi\u00f3 d\u2019Honor Juvenil, comptar\u00e0 amb la narraci\u00f3 i els comentaris dels reporters de Villarreal TV i es podr\u00e0 veure en els perfils oficials del club en xarxes socials (YouTube, Twitch, Instagram, Twitter i Facebook). A per la sisenaa vict\u00f2ria consecutiva El conjunt de David Cifuentes est\u00e0 imparable i porta cinc vict\u00f2ries consecutives, cosa que li fa estar tercer amb 64 punts, a tan sols dos punts de l\u2019Atl\u00e9tico Madrile\u00f1o que marca la segona pla\u00e7a. En l\u2019\u00faltim partit l\u2019equip groc va aconseguir una grand\u00edssima vict\u00f2ria a domicili davant el Levante UD (1-2).","headings":[{"type":"heading","level":2,"text":"El partit de Divisi\u00f3 d\u2019Honor es podr\u00e0 seguir en directe en Villarreal TV (dissabte, 12.00h)"}],"texts":[{"type":"paragraph","text":"Partid\u00e0s aquest cap de setmana en Villarreal TV! Els aficionats del Villarreal CF podran seguir en directe el partit que enfronta al Juvenil A i al CF Inter San Jos\u00e9 en el Mini Estadi de la Ciutat Esportiva Jos\u00e9 Manuel Llaneza (dissabte, 12.00 hores)."},{"type":"paragraph","text":"El partit, corresponent a la jornada 28 de la Divisi\u00f3 d\u2019Honor Juvenil, comptar\u00e0 amb la narraci\u00f3 i els comentaris dels reporters de Villarreal TV i es podr\u00e0 veure en els perfils oficials del club en xarxes socials (YouTube, Twitch, Instagram, Twitter i Facebook)."},{"type":"paragraph","text":"A per la sisenaa vict\u00f2ria consecutiva"},{"type":"paragraph","text":"El conjunt de David Cifuentes est\u00e0 imparable i porta cinc vict\u00f2ries consecutives, cosa que li fa estar tercer amb 64 punts, a tan sols dos punts de l\u2019Atl\u00e9tico Madrile\u00f1o que marca la segona pla\u00e7a. En l\u2019\u00faltim partit l\u2019equip groc va aconseguir una grand\u00edssima vict\u00f2ria a domicili davant el Levante UD (1-2)."}],"buttons":[],"images":[],"widgets":[],"blocks":[{"type":"heading","level":2,"text":"El partit de Divisi\u00f3 d\u2019Honor es podr\u00e0 seguir en directe en Villarreal TV (dissabte, 12.00h)"},{"type":"paragraph","text":"Partid\u00e0s aquest cap de setmana en Villarreal TV! Els aficionats del Villarreal CF podran seguir en directe el partit que enfronta al Juvenil A i al CF Inter San Jos\u00e9 en el Mini Estadi de la Ciutat Esportiva Jos\u00e9 Manuel Llaneza (dissabte, 12.00 hores)."},{"type":"paragraph","text":"El partit, corresponent a la jornada 28 de la Divisi\u00f3 d\u2019Honor Juvenil, comptar\u00e0 amb la narraci\u00f3 i els comentaris dels reporters de Villarreal TV i es podr\u00e0 veure en els perfils oficials del club en xarxes socials (YouTube, Twitch, Instagram, Twitter i Facebook)."},{"type":"paragraph","text":"A per la sisenaa vict\u00f2ria consecutiva"},{"type":"paragraph","text":"El conjunt de David Cifuentes est\u00e0 imparable i porta cinc vict\u00f2ries consecutives, cosa que li fa estar tercer amb 64 punts, a tan sols dos punts de l\u2019Atl\u00e9tico Madrile\u00f1o que marca la segona pla\u00e7a. En l\u2019\u00faltim partit l\u2019equip groc va aconseguir una grand\u00edssima vict\u00f2ria a domicili davant el Levante UD (1-2)."}]}},"sections":[{"id":"section-1","title":"El partit de Divisi\u00f3 d\u2019Honor es podr\u00e0 seguir en directe en Villarreal TV (dissabte, 12.00h)","text":"El partit de Divisi\u00f3 d\u2019Honor es podr\u00e0 seguir en directe en Villarreal TV (dissabte, 12.00h) Partid\u00e0s aquest cap de setmana en Villarreal TV! Els aficionats del Villarreal CF podran seguir en directe el partit que enfronta al Juvenil A i al CF Inter San Jos\u00e9 en el Mini Estadi de la Ciutat Esportiva Jos\u00e9 Manuel Llaneza (dissabte, 12.00 hores). El partit, corresponent a la jornada 28 de la Divisi\u00f3 d\u2019Honor Juvenil, comptar\u00e0 amb la narraci\u00f3 i els comentaris dels reporters de Villarreal TV i es podr\u00e0 veure en els perfils oficials del club en xarxes socials (YouTube, Twitch, Instagram, Twitter i Facebook). A per la sisenaa vict\u00f2ria consecutiva El conjunt de David Cifuentes est\u00e0 imparable i porta cinc vict\u00f2ries consecutives, cosa que li fa estar tercer amb 64 punts, a tan sols dos punts de l\u2019Atl\u00e9tico Madrile\u00f1o que marca la segona pla\u00e7a. En l\u2019\u00faltim partit l\u2019equip groc va aconseguir una grand\u00edssima vict\u00f2ria a domicili davant el Levante UD (1-2).","url":"","background_image":"","images":[],"videos":[],"links":[]}]},"excerpt":{"rendered":"El partit de Divisi\u00f3 d&#8217;Honor es podr\u00e0 seguir en directe en Villarreal TV (dissabte, 12.00h)","protected":false},"author":1,"featured_media":262201,"comment_status":"closed","ping_status":"closed","sticky":false,"template":"","format":"standard","meta":{"_acf_changed":false,"footnotes":""},"categories":[13803],"tags":[10325,9538,717,9270,14398,9370,9278,716,9205,9627,9203,9424,9725],"acf":null,"lang":"val","translations":{"es":262197,"val":262203,"en":262281},"essential_grid":{"has_grid":false},"formatted_date":"April 19, 2023","modified_date":"April 19, 2023","permalink":"https:\/\/villarrealcf.es\/val\/el-juvenil-a-cf-inter-san-jose-en-directe\/","reading_time":1,"featured_media_data":{"id":262201,"title":"20221113-VillarrealCF-JuvenilA-ValenciaCF-003","caption":"","alt_text":"","description":"","mime_type":"image\/jpeg","source_url":"https:\/\/villarrealcf.es\/wp-content\/uploads\/2023\/04\/20221113-VillarrealCF-JuvenilA-ValenciaCF-003.jpg","sizes":{"thumbnail":{"url":"https:\/\/villarrealcf.es\/wp-content\/uploads\/2023\/04\/20221113-VillarrealCF-JuvenilA-ValenciaCF-003.jpg","width":1920,"height":1079},"medium":{"url":"https:\/\/villarrealcf.es\/wp-content\/uploads\/2023\/04\/20221113-VillarrealCF-JuvenilA-ValenciaCF-003.jpg","width":1920,"height":1079},"medium_large":{"url":"https:\/\/villarrealcf.es\/wp-content\/uploads\/2023\/04\/20221113-VillarrealCF-JuvenilA-ValenciaCF-003-768x432.jpg","width":768,"height":432},"large":{"url":"https:\/\/villarrealcf.es\/wp-content\/uploads\/2023\/04\/20221113-VillarrealCF-JuvenilA-ValenciaCF-003.jpg","width":788,"height":443},"1536x1536":{"url":"https:\/\/villarrealcf.es\/wp-content\/uploads\/2023\/04\/20221113-VillarrealCF-JuvenilA-ValenciaCF-003-1536x863.jpg","width":1536,"height":863},"2048x2048":{"url":"https:\/\/villarrealcf.es\/wp-content\/uploads\/2023\/04\/20221113-VillarrealCF-JuvenilA-ValenciaCF-003.jpg","width":1920,"height":1079},"tp-image-grid":{"url":"https:\/\/villarrealcf.es\/wp-content\/uploads\/2023\/04\/20221113-VillarrealCF-JuvenilA-ValenciaCF-003-700x700.jpg","width":700,"height":700},"size-bunyad-medium":{"url":"https:\/\/villarrealcf.es\/wp-content\/uploads\/2023\/04\/20221113-VillarrealCF-JuvenilA-ValenciaCF-003.jpg","width":1920,"height":1079},"sportspress-crop-medium":{"url":"https:\/\/villarrealcf.es\/wp-content\/uploads\/2023\/04\/20221113-VillarrealCF-JuvenilA-ValenciaCF-003-300x300.jpg","width":300,"height":300},"sportspress-fit-medium":{"url":"https:\/\/villarrealcf.es\/wp-content\/uploads\/2023\/04\/20221113-VillarrealCF-JuvenilA-ValenciaCF-003-300x169.jpg","width":300,"height":169},"sportspress-fit-icon":{"url":"https:\/\/villarrealcf.es\/wp-content\/uploads\/2023\/04\/20221113-VillarrealCF-JuvenilA-ValenciaCF-003-128x72.jpg","width":128,"height":72},"sportspress-fit-mini":{"url":"https:\/\/villarrealcf.es\/wp-content\/uploads\/2023\/04\/20221113-VillarrealCF-JuvenilA-ValenciaCF-003-32x18.jpg","width":32,"height":18},"bunyad-small":{"url":"https:\/\/villarrealcf.es\/wp-content\/uploads\/2023\/04\/20221113-VillarrealCF-JuvenilA-ValenciaCF-003-150x84.jpg","width":150,"height":84},"bunyad-medium":{"url":"https:\/\/villarrealcf.es\/wp-content\/uploads\/2023\/04\/20221113-VillarrealCF-JuvenilA-ValenciaCF-003-450x253.jpg","width":450,"height":253},"bunyad-full":{"url":"https:\/\/villarrealcf.es\/wp-content\/uploads\/2023\/04\/20221113-VillarrealCF-JuvenilA-ValenciaCF-003-1200x674.jpg","width":1200,"height":674},"bunyad-viewport":{"url":"https:\/\/villarrealcf.es\/wp-content\/uploads\/2023\/04\/20221113-VillarrealCF-JuvenilA-ValenciaCF-003.jpg","width":1920,"height":1079},"bunyad-768":{"url":"https:\/\/villarrealcf.es\/wp-content\/uploads\/2023\/04\/20221113-VillarrealCF-JuvenilA-ValenciaCF-003-768x432.jpg","width":768,"height":432},"full":{"url":"https:\/\/villarrealcf.es\/wp-content\/uploads\/2023\/04\/20221113-VillarrealCF-JuvenilA-ValenciaCF-003.jpg","width":1920,"height":1079}}},"author_data":{"id":"1","name":"root_envidea","first_name":"Villarreal CF","last_name":"","description":"","avatar_url":"https:\/\/secure.gravatar.com\/avatar\/48f95f42a3ccc324f3a3458e4b9e6fb070b083e99d388e170c1afb061fa99b63?s=96&d=mm&r=g","acf":null},"taxonomies_data":{"category":[{"id":13803,"name":"Futbol base","slug":"futbol-base-val-2","acf":null}],"post_tag":[{"id":10325,"name":"Cantera Grogueta","slug":"cantera-grogueta-val","acf":null},{"id":9538,"name":"Divisi\u00f3n de Honor","slug":"division-de-honor-val","acf":null},{"id":717,"name":"Football","slug":"football-d34","acf":null},{"id":9270,"name":"Futbol","slug":"futbol-val","acf":null},{"id":14398,"name":"Inter San Jose","slug":"inter-san-jose-val","acf":null},{"id":9370,"name":"Juvenil A","slug":"juvenil-a-val","acf":null},{"id":9278,"name":"primera division","slug":"primera-division-val","acf":null},{"id":716,"name":"Soccer","slug":"soccer-d105","acf":null},{"id":9205,"name":"Submarino","slug":"submarino-val","acf":null},{"id":9627,"name":"Submarino Amarillo","slug":"submarino-amarillo-val","acf":null},{"id":9203,"name":"Villarreal CF","slug":"villarreal-cf-val","acf":null},{"id":9424,"name":"Villarreal CF Live","slug":"villarreal-cf-live-val","acf":null},{"id":9725,"name":"Villarreal CF TV","slug":"villarreal-cf-tv-val","acf":null}],"translation_priority":[{"id":735,"name":"Optional","slug":"optional-val","acf":null}]},"seo_full":{"native":{"title":"El Juvenil A- CF Inter San Jos\u00e9, en directe! - Web Oficial del Villarreal CF","description":"El partit de Divisi\u00f3 d'Honor es podr\u00e0 seguir en directe en Villarreal TV (dissabte, 12.00h)","canonical":"https:\/\/villarrealcf.es\/val\/el-juvenil-a-cf-inter-san-jose-en-directe\/"}},"_links":{"self":[{"href":"https:\/\/villarrealcf.es\/val\/wp-json\/wp\/v2\/posts\/262203","targetHints":{"allow":["GET"]}}],"collection":[{"href":"https:\/\/villarrealcf.es\/val\/wp-json\/wp\/v2\/posts"}],"about":[{"href":"https:\/\/villarrealcf.es\/val\/wp-json\/wp\/v2\/types\/post"}],"author":[{"embeddable":true,"href":"https:\/\/villarrealcf.es\/val\/wp-json\/wp\/v2\/users\/1"}],"replies":[{"embeddable":true,"href":"https:\/\/villarrealcf.es\/val\/wp-json\/wp\/v2\/comments?post=262203"}],"version-history":[{"count":0,"href":"https:\/\/villarrealcf.es\/val\/wp-json\/wp\/v2\/posts\/262203\/revisions"}],"wp:featuredmedia":[{"embeddable":true,"href":"https:\/\/villarrealcf.es\/val\/wp-json\/wp\/v2\/media\/262201"}],"wp:attachment":[{"href":"https:\/\/villarrealcf.es\/val\/wp-json\/wp\/v2\/media?parent=262203"}],"wp:term":[{"taxonomy":"category","embeddable":true,"href":"https:\/\/villarrealcf.es\/val\/wp-json\/wp\/v2\/categories?post=262203"},{"taxonomy":"post_tag","embeddable":true,"href":"https:\/\/villarrealcf.es\/val\/wp-json\/wp\/v2\/tags?post=262203"}],"curies":[{"name":"wp","href":"https:\/\/api.w.org\/{rel}","templated":true}]}}