{"id":261292,"date":"2023-04-11T10:13:00","date_gmt":"2023-04-11T08:13:00","guid":{"rendered":"https:\/\/villarrealcf.es\/\/el-campus-de-pascua-arranca-en-la-ciudad-deportiva\/"},"modified":"2023-04-11T15:49:49","modified_gmt":"2023-04-11T13:49:49","slug":"el-campus-de-pasqua-comenca-a-la-ciutat-esportiva","status":"publish","type":"post","link":"https:\/\/villarrealcf.es\/val\/el-campus-de-pasqua-comenca-a-la-ciutat-esportiva\/","title":{"rendered":"El Campus de Pasqua comen\u00e7a a la Ciutat Esportiva"},"content":{"protected":false,"blocks":[{"type":"heading","level":2,"text":"M\u00e9s de 60 participants ja gaudeixen del futbol en les instal\u00b7lacions del Villarreal"},{"type":"paragraph","text":"Comen\u00e7a el Campus de Pasqua! M\u00e9s de 60 participants gaudeixen des d\u2019aquest dimarts del futbol en els camps de la Ciutat Esportiva Jos\u00e9 Manuel Llaneza. Aquest divertit esdeveniment, que congrega a xiquets i xiquetes d\u2019entre 4 i 17 anys, tindr\u00e0 lloc tots els matins, de 9.00 a 14.00 hores, fins al divendres 14 d\u2019abril."},{"type":"paragraph","text":"Les joves estreles ja han comen\u00e7at a divertir-se practicant el seu esport favorit, mentre incideixen en la millora de la seua destresa futbol\u00edstica i entrenar sota les directrius dels t\u00e8cnics de la Cantera Grogueta. Aix\u00ed mateix, incideixen en aspectes formatius, el desenvolupament motriu i coordinatiu, exercicis de psicomotricitat, treball espec\u00edfic per a porters i activitats d\u2019estimulaci\u00f3 de treball en equip i cooperaci\u00f3."}],"structured":{"summary":{"text":"M\u00e9s de 60 participants ja gaudeixen del futbol en les instal\u00b7lacions del Villarreal Comen\u00e7a el Campus de Pasqua! M\u00e9s de 60 participants gaudeixen des d\u2019aquest dimarts del futbol en els camps de la Ciutat Esportiva Jos\u00e9 Manuel Llaneza. Aquest divertit esdeveniment, que congrega a xiquets i xiquetes d\u2019entre 4 i 17 anys, tindr\u00e0 lloc tots els matins, de 9.00 a 14.00 hores, fins al divendres 14 d\u2019abril. Les joves estreles ja han comen\u00e7at a divertir-se practicant el seu esport favorit, mentre incideixen en la millora de la seua destresa futbol\u00edstica i entrenar sota les directrius dels t\u00e8cnics de la Cantera Grogueta. Aix\u00ed mateix, incideixen en aspectes formatius, el desenvolupament motriu i coordinatiu, exercicis de psicomotricitat, treball espec\u00edfic per a porters i activitats d\u2019estimulaci\u00f3 de treball en equip i cooperaci\u00f3.","headings":[{"type":"heading","level":2,"text":"M\u00e9s de 60 participants ja gaudeixen del futbol en les instal\u00b7lacions del Villarreal"}],"buttons":[],"images":[],"counts":{"blocks":3,"headings":1,"texts":2,"buttons":0,"images":0}},"sections":[{"id":"section-1","title":"M\u00e9s de 60 participants ja gaudeixen del futbol en les instal\u00b7lacions del Villarreal","text":"M\u00e9s de 60 participants ja gaudeixen del futbol en les instal\u00b7lacions del Villarreal Comen\u00e7a el Campus de Pasqua! M\u00e9s de 60 participants gaudeixen des d\u2019aquest dimarts del futbol en els camps de la Ciutat Esportiva Jos\u00e9 Manuel Llaneza. Aquest divertit esdeveniment, que congrega a xiquets i xiquetes d\u2019entre 4 i 17 anys, tindr\u00e0 lloc tots els matins, de 9.00 a 14.00 hores, fins al divendres 14 d\u2019abril. Les joves estreles ja han comen\u00e7at a divertir-se practicant el seu esport favorit, mentre incideixen en la millora de la seua destresa futbol\u00edstica i entrenar sota les directrius dels t\u00e8cnics de la Cantera Grogueta. Aix\u00ed mateix, incideixen en aspectes formatius, el desenvolupament motriu i coordinatiu, exercicis de psicomotricitat, treball espec\u00edfic per a porters i activitats d\u2019estimulaci\u00f3 de treball en equip i cooperaci\u00f3.","headings":[{"type":"heading","level":2,"text":"M\u00e9s de 60 participants ja gaudeixen del futbol en les instal\u00b7lacions del Villarreal"}],"texts":[{"type":"paragraph","text":"Comen\u00e7a el Campus de Pasqua! M\u00e9s de 60 participants gaudeixen des d\u2019aquest dimarts del futbol en els camps de la Ciutat Esportiva Jos\u00e9 Manuel Llaneza. Aquest divertit esdeveniment, que congrega a xiquets i xiquetes d\u2019entre 4 i 17 anys, tindr\u00e0 lloc tots els matins, de 9.00 a 14.00 hores, fins al divendres 14 d\u2019abril."},{"type":"paragraph","text":"Les joves estreles ja han comen\u00e7at a divertir-se practicant el seu esport favorit, mentre incideixen en la millora de la seua destresa futbol\u00edstica i entrenar sota les directrius dels t\u00e8cnics de la Cantera Grogueta. Aix\u00ed mateix, incideixen en aspectes formatius, el desenvolupament motriu i coordinatiu, exercicis de psicomotricitat, treball espec\u00edfic per a porters i activitats d\u2019estimulaci\u00f3 de treball en equip i cooperaci\u00f3."}],"buttons":[],"images":[],"widgets":[],"blocks":[{"type":"heading","level":2,"text":"M\u00e9s de 60 participants ja gaudeixen del futbol en les instal\u00b7lacions del Villarreal"},{"type":"paragraph","text":"Comen\u00e7a el Campus de Pasqua! M\u00e9s de 60 participants gaudeixen des d\u2019aquest dimarts del futbol en els camps de la Ciutat Esportiva Jos\u00e9 Manuel Llaneza. Aquest divertit esdeveniment, que congrega a xiquets i xiquetes d\u2019entre 4 i 17 anys, tindr\u00e0 lloc tots els matins, de 9.00 a 14.00 hores, fins al divendres 14 d\u2019abril."},{"type":"paragraph","text":"Les joves estreles ja han comen\u00e7at a divertir-se practicant el seu esport favorit, mentre incideixen en la millora de la seua destresa futbol\u00edstica i entrenar sota les directrius dels t\u00e8cnics de la Cantera Grogueta. Aix\u00ed mateix, incideixen en aspectes formatius, el desenvolupament motriu i coordinatiu, exercicis de psicomotricitat, treball espec\u00edfic per a porters i activitats d\u2019estimulaci\u00f3 de treball en equip i cooperaci\u00f3."}]}],"hero":{"id":"section-1","title":"M\u00e9s de 60 participants ja gaudeixen del futbol en les instal\u00b7lacions del Villarreal","text":"M\u00e9s de 60 participants ja gaudeixen del futbol en les instal\u00b7lacions del Villarreal Comen\u00e7a el Campus de Pasqua! M\u00e9s de 60 participants gaudeixen des d\u2019aquest dimarts del futbol en els camps de la Ciutat Esportiva Jos\u00e9 Manuel Llaneza. Aquest divertit esdeveniment, que congrega a xiquets i xiquetes d\u2019entre 4 i 17 anys, tindr\u00e0 lloc tots els matins, de 9.00 a 14.00 hores, fins al divendres 14 d\u2019abril. Les joves estreles ja han comen\u00e7at a divertir-se practicant el seu esport favorit, mentre incideixen en la millora de la seua destresa futbol\u00edstica i entrenar sota les directrius dels t\u00e8cnics de la Cantera Grogueta. Aix\u00ed mateix, incideixen en aspectes formatius, el desenvolupament motriu i coordinatiu, exercicis de psicomotricitat, treball espec\u00edfic per a porters i activitats d\u2019estimulaci\u00f3 de treball en equip i cooperaci\u00f3.","headings":[{"type":"heading","level":2,"text":"M\u00e9s de 60 participants ja gaudeixen del futbol en les instal\u00b7lacions del Villarreal"}],"texts":[{"type":"paragraph","text":"Comen\u00e7a el Campus de Pasqua! M\u00e9s de 60 participants gaudeixen des d\u2019aquest dimarts del futbol en els camps de la Ciutat Esportiva Jos\u00e9 Manuel Llaneza. Aquest divertit esdeveniment, que congrega a xiquets i xiquetes d\u2019entre 4 i 17 anys, tindr\u00e0 lloc tots els matins, de 9.00 a 14.00 hores, fins al divendres 14 d\u2019abril."},{"type":"paragraph","text":"Les joves estreles ja han comen\u00e7at a divertir-se practicant el seu esport favorit, mentre incideixen en la millora de la seua destresa futbol\u00edstica i entrenar sota les directrius dels t\u00e8cnics de la Cantera Grogueta. Aix\u00ed mateix, incideixen en aspectes formatius, el desenvolupament motriu i coordinatiu, exercicis de psicomotricitat, treball espec\u00edfic per a porters i activitats d\u2019estimulaci\u00f3 de treball en equip i cooperaci\u00f3."}],"buttons":[],"images":[],"widgets":[],"blocks":[{"type":"heading","level":2,"text":"M\u00e9s de 60 participants ja gaudeixen del futbol en les instal\u00b7lacions del Villarreal"},{"type":"paragraph","text":"Comen\u00e7a el Campus de Pasqua! M\u00e9s de 60 participants gaudeixen des d\u2019aquest dimarts del futbol en els camps de la Ciutat Esportiva Jos\u00e9 Manuel Llaneza. Aquest divertit esdeveniment, que congrega a xiquets i xiquetes d\u2019entre 4 i 17 anys, tindr\u00e0 lloc tots els matins, de 9.00 a 14.00 hores, fins al divendres 14 d\u2019abril."},{"type":"paragraph","text":"Les joves estreles ja han comen\u00e7at a divertir-se practicant el seu esport favorit, mentre incideixen en la millora de la seua destresa futbol\u00edstica i entrenar sota les directrius dels t\u00e8cnics de la Cantera Grogueta. Aix\u00ed mateix, incideixen en aspectes formatius, el desenvolupament motriu i coordinatiu, exercicis de psicomotricitat, treball espec\u00edfic per a porters i activitats d\u2019estimulaci\u00f3 de treball en equip i cooperaci\u00f3."}]}},"sections":[{"id":"section-1","title":"M\u00e9s de 60 participants ja gaudeixen del futbol en les instal\u00b7lacions del Villarreal","text":"M\u00e9s de 60 participants ja gaudeixen del futbol en les instal\u00b7lacions del Villarreal Comen\u00e7a el Campus de Pasqua! M\u00e9s de 60 participants gaudeixen des d\u2019aquest dimarts del futbol en els camps de la Ciutat Esportiva Jos\u00e9 Manuel Llaneza. Aquest divertit esdeveniment, que congrega a xiquets i xiquetes d\u2019entre 4 i 17 anys, tindr\u00e0 lloc tots els matins, de 9.00 a 14.00 hores, fins al divendres 14 d\u2019abril. Les joves estreles ja han comen\u00e7at a divertir-se practicant el seu esport favorit, mentre incideixen en la millora de la seua destresa futbol\u00edstica i entrenar sota les directrius dels t\u00e8cnics de la Cantera Grogueta. Aix\u00ed mateix, incideixen en aspectes formatius, el desenvolupament motriu i coordinatiu, exercicis de psicomotricitat, treball espec\u00edfic per a porters i activitats d\u2019estimulaci\u00f3 de treball en equip i cooperaci\u00f3.","url":"","background_image":"","images":[],"videos":[],"links":[]}]},"excerpt":{"rendered":"M\u00e9s de 60 participants ja gaudeixen del futbol en les instal\u00b7lacions del Villarreal","protected":false},"author":25,"featured_media":261289,"comment_status":"closed","ping_status":"closed","sticky":false,"template":"","format":"standard","meta":{"_acf_changed":false,"footnotes":""},"categories":[13803],"tags":[9366,10325,717,9270,9227,716,9205,9627,9203],"acf":null,"lang":"val","translations":{"es":261243,"val":261292,"en":261307},"essential_grid":{"has_grid":false},"formatted_date":"April 11, 2023","modified_date":"April 11, 2023","permalink":"https:\/\/villarrealcf.es\/val\/el-campus-de-pasqua-comenca-a-la-ciutat-esportiva\/","reading_time":1,"featured_media_data":{"id":261289,"title":"yce","caption":"","alt_text":"","description":"","mime_type":"image\/jpeg","source_url":"https:\/\/villarrealcf.es\/wp-content\/uploads\/2023\/04\/yce.jpg","sizes":{"thumbnail":{"url":"https:\/\/villarrealcf.es\/wp-content\/uploads\/2023\/04\/yce-1920x1080.jpg","width":1920,"height":1080},"medium":{"url":"https:\/\/villarrealcf.es\/wp-content\/uploads\/2023\/04\/yce-1920x1080.jpg","width":1920,"height":1080},"medium_large":{"url":"https:\/\/villarrealcf.es\/wp-content\/uploads\/2023\/04\/yce-768x432.jpg","width":768,"height":432},"large":{"url":"https:\/\/villarrealcf.es\/wp-content\/uploads\/2023\/04\/yce-1920x1080.jpg","width":788,"height":443},"1536x1536":{"url":"https:\/\/villarrealcf.es\/wp-content\/uploads\/2023\/04\/yce-1536x864.jpg","width":1536,"height":864},"2048x2048":{"url":"https:\/\/villarrealcf.es\/wp-content\/uploads\/2023\/04\/yce.jpg","width":1920,"height":1080},"tp-image-grid":{"url":"https:\/\/villarrealcf.es\/wp-content\/uploads\/2023\/04\/yce-700x700.jpg","width":700,"height":700},"size-bunyad-medium":{"url":"https:\/\/villarrealcf.es\/wp-content\/uploads\/2023\/04\/yce-1920x1080.jpg","width":1920,"height":1080},"sportspress-crop-medium":{"url":"https:\/\/villarrealcf.es\/wp-content\/uploads\/2023\/04\/yce-300x300.jpg","width":300,"height":300},"sportspress-fit-medium":{"url":"https:\/\/villarrealcf.es\/wp-content\/uploads\/2023\/04\/yce-300x169.jpg","width":300,"height":169},"sportspress-fit-icon":{"url":"https:\/\/villarrealcf.es\/wp-content\/uploads\/2023\/04\/yce-128x72.jpg","width":128,"height":72},"sportspress-fit-mini":{"url":"https:\/\/villarrealcf.es\/wp-content\/uploads\/2023\/04\/yce-32x18.jpg","width":32,"height":18},"bunyad-small":{"url":"https:\/\/villarrealcf.es\/wp-content\/uploads\/2023\/04\/yce-150x84.jpg","width":150,"height":84},"bunyad-medium":{"url":"https:\/\/villarrealcf.es\/wp-content\/uploads\/2023\/04\/yce-450x253.jpg","width":450,"height":253},"bunyad-full":{"url":"https:\/\/villarrealcf.es\/wp-content\/uploads\/2023\/04\/yce-1200x675.jpg","width":1200,"height":675},"bunyad-viewport":{"url":"https:\/\/villarrealcf.es\/wp-content\/uploads\/2023\/04\/yce.jpg","width":1920,"height":1080},"bunyad-768":{"url":"https:\/\/villarrealcf.es\/wp-content\/uploads\/2023\/04\/yce-768x432.jpg","width":768,"height":432},"full":{"url":"https:\/\/villarrealcf.es\/wp-content\/uploads\/2023\/04\/yce.jpg","width":1920,"height":1080}}},"author_data":{"id":"25","name":"Javier Ayuso","first_name":"Javier","last_name":"Ayuso","description":"","avatar_url":"https:\/\/secure.gravatar.com\/avatar\/fcf8894be45988fcce5bbff0efe1790d2a7f4ba57e2c7c898f5068154e696495?s=96&d=mm&r=g","acf":null},"taxonomies_data":{"category":[{"id":13803,"name":"Futbol base","slug":"futbol-base-val-2","acf":null}],"post_tag":[{"id":9366,"name":"Cantera","slug":"cantera-val","acf":null},{"id":10325,"name":"Cantera Grogueta","slug":"cantera-grogueta-val","acf":null},{"id":717,"name":"Football","slug":"football-d34","acf":null},{"id":9270,"name":"Futbol","slug":"futbol-val","acf":null},{"id":9227,"name":"F\u00fatbol Base","slug":"futbol-base-val","acf":null},{"id":716,"name":"Soccer","slug":"soccer-d105","acf":null},{"id":9205,"name":"Submarino","slug":"submarino-val","acf":null},{"id":9627,"name":"Submarino Amarillo","slug":"submarino-amarillo-val","acf":null},{"id":9203,"name":"Villarreal CF","slug":"villarreal-cf-val","acf":null}],"translation_priority":[{"id":735,"name":"Optional","slug":"optional-val","acf":null}]},"seo_full":{"native":{"title":"El Campus de Pasqua comen\u00e7a a la Ciutat Esportiva - Web Oficial del Villarreal CF","description":"M\u00e9s de 60 participants ja gaudeixen del futbol en les instal\u00b7lacions del Villarreal","canonical":"https:\/\/villarrealcf.es\/val\/el-campus-de-pasqua-comenca-a-la-ciutat-esportiva\/"}},"_links":{"self":[{"href":"https:\/\/villarrealcf.es\/val\/wp-json\/wp\/v2\/posts\/261292","targetHints":{"allow":["GET"]}}],"collection":[{"href":"https:\/\/villarrealcf.es\/val\/wp-json\/wp\/v2\/posts"}],"about":[{"href":"https:\/\/villarrealcf.es\/val\/wp-json\/wp\/v2\/types\/post"}],"author":[{"embeddable":true,"href":"https:\/\/villarrealcf.es\/val\/wp-json\/wp\/v2\/users\/25"}],"replies":[{"embeddable":true,"href":"https:\/\/villarrealcf.es\/val\/wp-json\/wp\/v2\/comments?post=261292"}],"version-history":[{"count":0,"href":"https:\/\/villarrealcf.es\/val\/wp-json\/wp\/v2\/posts\/261292\/revisions"}],"wp:featuredmedia":[{"embeddable":true,"href":"https:\/\/villarrealcf.es\/val\/wp-json\/wp\/v2\/media\/261289"}],"wp:attachment":[{"href":"https:\/\/villarrealcf.es\/val\/wp-json\/wp\/v2\/media?parent=261292"}],"wp:term":[{"taxonomy":"category","embeddable":true,"href":"https:\/\/villarrealcf.es\/val\/wp-json\/wp\/v2\/categories?post=261292"},{"taxonomy":"post_tag","embeddable":true,"href":"https:\/\/villarrealcf.es\/val\/wp-json\/wp\/v2\/tags?post=261292"}],"curies":[{"name":"wp","href":"https:\/\/api.w.org\/{rel}","templated":true}]}}