{"id":260538,"date":"2023-04-04T10:38:43","date_gmt":"2023-04-04T08:38:43","guid":{"rendered":"https:\/\/villarrealcf.es\/\/horario-villarreal-b-albacete-bp\/"},"modified":"2023-04-04T11:09:07","modified_gmt":"2023-04-04T09:09:07","slug":"horari-confirmat-per-al-villarreal-b-albacete-bp","status":"publish","type":"post","link":"https:\/\/villarrealcf.es\/val\/horari-confirmat-per-al-villarreal-b-albacete-bp\/","title":{"rendered":"Horari confirmat per al Villarreal B-Albacete BP"},"content":{"protected":false,"blocks":[{"type":"heading","level":2,"text":"El Mini Submar\u00ed s\u2019enfrontar\u00e0 al quadre manxec el dissabte 22 d\u2019abril a les 14.00 h en La Cer\u00e1mica"},{"type":"paragraph","text":"LaLiga ha donat a con\u00e9ixer els horaris de la jornada 37 de LaLiga SmartBank 2022\/23. El Villarreal B s\u2019enfrontar\u00e0 a l\u2019Albacete Balompi\u00e9 el dissabte 22 d\u2019abril, a partir de les 14.00 hores, en l\u2019Estadio de la Cer\u00e1mica."},{"type":"paragraph","text":"El partit es podr\u00e0 seguir en directe a trav\u00e9s de LaLigaSmartbankTV #VillarrealBAlbaceteBP."}],"structured":{"summary":{"text":"El Mini Submar\u00ed s\u2019enfrontar\u00e0 al quadre manxec el dissabte 22 d\u2019abril a les 14.00 h en La Cer\u00e1mica LaLiga ha donat a con\u00e9ixer els horaris de la jornada 37 de LaLiga SmartBank 2022\/23. El Villarreal B s\u2019enfrontar\u00e0 a l\u2019Albacete Balompi\u00e9 el dissabte 22 d\u2019abril, a partir de les 14.00 hores, en l\u2019Estadio de la Cer\u00e1mica. El partit es podr\u00e0 seguir en directe a trav\u00e9s de LaLigaSmartbankTV #VillarrealBAlbaceteBP.","headings":[{"type":"heading","level":2,"text":"El Mini Submar\u00ed s\u2019enfrontar\u00e0 al quadre manxec el dissabte 22 d\u2019abril a les 14.00 h en La Cer\u00e1mica"}],"buttons":[],"images":[],"counts":{"blocks":3,"headings":1,"texts":2,"buttons":0,"images":0}},"sections":[{"id":"section-1","title":"El Mini Submar\u00ed s\u2019enfrontar\u00e0 al quadre manxec el dissabte 22 d\u2019abril a les 14.00 h en La Cer\u00e1mica","text":"El Mini Submar\u00ed s\u2019enfrontar\u00e0 al quadre manxec el dissabte 22 d\u2019abril a les 14.00 h en La Cer\u00e1mica LaLiga ha donat a con\u00e9ixer els horaris de la jornada 37 de LaLiga SmartBank 2022\/23. El Villarreal B s\u2019enfrontar\u00e0 a l\u2019Albacete Balompi\u00e9 el dissabte 22 d\u2019abril, a partir de les 14.00 hores, en l\u2019Estadio de la Cer\u00e1mica. El partit es podr\u00e0 seguir en directe a trav\u00e9s de LaLigaSmartbankTV #VillarrealBAlbaceteBP.","headings":[{"type":"heading","level":2,"text":"El Mini Submar\u00ed s\u2019enfrontar\u00e0 al quadre manxec el dissabte 22 d\u2019abril a les 14.00 h en La Cer\u00e1mica"}],"texts":[{"type":"paragraph","text":"LaLiga ha donat a con\u00e9ixer els horaris de la jornada 37 de LaLiga SmartBank 2022\/23. El Villarreal B s\u2019enfrontar\u00e0 a l\u2019Albacete Balompi\u00e9 el dissabte 22 d\u2019abril, a partir de les 14.00 hores, en l\u2019Estadio de la Cer\u00e1mica."},{"type":"paragraph","text":"El partit es podr\u00e0 seguir en directe a trav\u00e9s de LaLigaSmartbankTV #VillarrealBAlbaceteBP."}],"buttons":[],"images":[],"widgets":[],"blocks":[{"type":"heading","level":2,"text":"El Mini Submar\u00ed s\u2019enfrontar\u00e0 al quadre manxec el dissabte 22 d\u2019abril a les 14.00 h en La Cer\u00e1mica"},{"type":"paragraph","text":"LaLiga ha donat a con\u00e9ixer els horaris de la jornada 37 de LaLiga SmartBank 2022\/23. El Villarreal B s\u2019enfrontar\u00e0 a l\u2019Albacete Balompi\u00e9 el dissabte 22 d\u2019abril, a partir de les 14.00 hores, en l\u2019Estadio de la Cer\u00e1mica."},{"type":"paragraph","text":"El partit es podr\u00e0 seguir en directe a trav\u00e9s de LaLigaSmartbankTV #VillarrealBAlbaceteBP."}]}],"hero":{"id":"section-1","title":"El Mini Submar\u00ed s\u2019enfrontar\u00e0 al quadre manxec el dissabte 22 d\u2019abril a les 14.00 h en La Cer\u00e1mica","text":"El Mini Submar\u00ed s\u2019enfrontar\u00e0 al quadre manxec el dissabte 22 d\u2019abril a les 14.00 h en La Cer\u00e1mica LaLiga ha donat a con\u00e9ixer els horaris de la jornada 37 de LaLiga SmartBank 2022\/23. El Villarreal B s\u2019enfrontar\u00e0 a l\u2019Albacete Balompi\u00e9 el dissabte 22 d\u2019abril, a partir de les 14.00 hores, en l\u2019Estadio de la Cer\u00e1mica. El partit es podr\u00e0 seguir en directe a trav\u00e9s de LaLigaSmartbankTV #VillarrealBAlbaceteBP.","headings":[{"type":"heading","level":2,"text":"El Mini Submar\u00ed s\u2019enfrontar\u00e0 al quadre manxec el dissabte 22 d\u2019abril a les 14.00 h en La Cer\u00e1mica"}],"texts":[{"type":"paragraph","text":"LaLiga ha donat a con\u00e9ixer els horaris de la jornada 37 de LaLiga SmartBank 2022\/23. El Villarreal B s\u2019enfrontar\u00e0 a l\u2019Albacete Balompi\u00e9 el dissabte 22 d\u2019abril, a partir de les 14.00 hores, en l\u2019Estadio de la Cer\u00e1mica."},{"type":"paragraph","text":"El partit es podr\u00e0 seguir en directe a trav\u00e9s de LaLigaSmartbankTV #VillarrealBAlbaceteBP."}],"buttons":[],"images":[],"widgets":[],"blocks":[{"type":"heading","level":2,"text":"El Mini Submar\u00ed s\u2019enfrontar\u00e0 al quadre manxec el dissabte 22 d\u2019abril a les 14.00 h en La Cer\u00e1mica"},{"type":"paragraph","text":"LaLiga ha donat a con\u00e9ixer els horaris de la jornada 37 de LaLiga SmartBank 2022\/23. El Villarreal B s\u2019enfrontar\u00e0 a l\u2019Albacete Balompi\u00e9 el dissabte 22 d\u2019abril, a partir de les 14.00 hores, en l\u2019Estadio de la Cer\u00e1mica."},{"type":"paragraph","text":"El partit es podr\u00e0 seguir en directe a trav\u00e9s de LaLigaSmartbankTV #VillarrealBAlbaceteBP."}]}},"sections":[{"id":"section-1","title":"El Mini Submar\u00ed s\u2019enfrontar\u00e0 al quadre manxec el dissabte 22 d\u2019abril a les 14.00 h en La Cer\u00e1mica","text":"El Mini Submar\u00ed s\u2019enfrontar\u00e0 al quadre manxec el dissabte 22 d\u2019abril a les 14.00 h en La Cer\u00e1mica LaLiga ha donat a con\u00e9ixer els horaris de la jornada 37 de LaLiga SmartBank 2022\/23. El Villarreal B s\u2019enfrontar\u00e0 a l\u2019Albacete Balompi\u00e9 el dissabte 22 d\u2019abril, a partir de les 14.00 hores, en l\u2019Estadio de la Cer\u00e1mica. El partit es podr\u00e0 seguir en directe a trav\u00e9s de LaLigaSmartbankTV #VillarrealBAlbaceteBP.","url":"","background_image":"","images":[],"videos":[],"links":[]}]},"excerpt":{"rendered":"El Mini Submar\u00ed s&#8217;enfrontar\u00e0 al quadre manxec el dissabte 22 d&#8217;abril a les\u00a014.00\u202fh\u00a0en La\u00a0Cer\u00e1mica.","protected":false},"author":1,"featured_media":260531,"comment_status":"closed","ping_status":"closed","sticky":false,"template":"","format":"standard","meta":{"_acf_changed":false,"footnotes":""},"categories":[13803],"tags":[14058,10325,11429,9270,9910,13241,716,9205,9627,10634,9203],"acf":null,"lang":"val","translations":{"es":260527,"val":260538,"en":260597},"essential_grid":{"has_grid":false},"formatted_date":"April 4, 2023","modified_date":"April 4, 2023","permalink":"https:\/\/villarrealcf.es\/val\/horari-confirmat-per-al-villarreal-b-albacete-bp\/","reading_time":1,"featured_media_data":{"id":260531,"title":"635ef84692b95658984375","caption":"","alt_text":"","description":"","mime_type":"image\/jpeg","source_url":"https:\/\/villarrealcf.es\/wp-content\/uploads\/2023\/04\/635ef84692b95658984375.jpg","sizes":{"thumbnail":{"url":"https:\/\/villarrealcf.es\/wp-content\/uploads\/2023\/04\/635ef84692b95658984375-1920x1080.jpg","width":1920,"height":1080},"medium":{"url":"https:\/\/villarrealcf.es\/wp-content\/uploads\/2023\/04\/635ef84692b95658984375-1920x1080.jpg","width":1920,"height":1080},"medium_large":{"url":"https:\/\/villarrealcf.es\/wp-content\/uploads\/2023\/04\/635ef84692b95658984375-768x432.jpg","width":768,"height":432},"large":{"url":"https:\/\/villarrealcf.es\/wp-content\/uploads\/2023\/04\/635ef84692b95658984375-1920x1080.jpg","width":788,"height":443},"1536x1536":{"url":"https:\/\/villarrealcf.es\/wp-content\/uploads\/2023\/04\/635ef84692b95658984375-1536x864.jpg","width":1536,"height":864},"2048x2048":{"url":"https:\/\/villarrealcf.es\/wp-content\/uploads\/2023\/04\/635ef84692b95658984375.jpg","width":1920,"height":1080},"tp-image-grid":{"url":"https:\/\/villarrealcf.es\/wp-content\/uploads\/2023\/04\/635ef84692b95658984375-700x700.jpg","width":700,"height":700},"size-bunyad-medium":{"url":"https:\/\/villarrealcf.es\/wp-content\/uploads\/2023\/04\/635ef84692b95658984375-1920x1080.jpg","width":1920,"height":1080},"sportspress-crop-medium":{"url":"https:\/\/villarrealcf.es\/wp-content\/uploads\/2023\/04\/635ef84692b95658984375-300x300.jpg","width":300,"height":300},"sportspress-fit-medium":{"url":"https:\/\/villarrealcf.es\/wp-content\/uploads\/2023\/04\/635ef84692b95658984375-300x169.jpg","width":300,"height":169},"sportspress-fit-icon":{"url":"https:\/\/villarrealcf.es\/wp-content\/uploads\/2023\/04\/635ef84692b95658984375-128x72.jpg","width":128,"height":72},"sportspress-fit-mini":{"url":"https:\/\/villarrealcf.es\/wp-content\/uploads\/2023\/04\/635ef84692b95658984375-32x18.jpg","width":32,"height":18},"bunyad-small":{"url":"https:\/\/villarrealcf.es\/wp-content\/uploads\/2023\/04\/635ef84692b95658984375-150x84.jpg","width":150,"height":84},"bunyad-medium":{"url":"https:\/\/villarrealcf.es\/wp-content\/uploads\/2023\/04\/635ef84692b95658984375-450x253.jpg","width":450,"height":253},"bunyad-full":{"url":"https:\/\/villarrealcf.es\/wp-content\/uploads\/2023\/04\/635ef84692b95658984375-1200x675.jpg","width":1200,"height":675},"bunyad-viewport":{"url":"https:\/\/villarrealcf.es\/wp-content\/uploads\/2023\/04\/635ef84692b95658984375.jpg","width":1920,"height":1080},"bunyad-768":{"url":"https:\/\/villarrealcf.es\/wp-content\/uploads\/2023\/04\/635ef84692b95658984375-768x432.jpg","width":768,"height":432},"full":{"url":"https:\/\/villarrealcf.es\/wp-content\/uploads\/2023\/04\/635ef84692b95658984375.jpg","width":1920,"height":1080}}},"author_data":{"id":"1","name":"root_envidea","first_name":"Villarreal CF","last_name":"","description":"","avatar_url":"https:\/\/secure.gravatar.com\/avatar\/48f95f42a3ccc324f3a3458e4b9e6fb070b083e99d388e170c1afb061fa99b63?s=96&d=mm&r=g","acf":null},"taxonomies_data":{"category":[{"id":13803,"name":"Futbol base","slug":"futbol-base-val-2","acf":null}],"post_tag":[{"id":14058,"name":"Albacete BP","slug":"albacete-bp-val","acf":null},{"id":10325,"name":"Cantera Grogueta","slug":"cantera-grogueta-val","acf":null},{"id":11429,"name":"Estadio de la Cer\u00e1mica","slug":"estadio-de-la-ceramica-val","acf":null},{"id":9270,"name":"Futbol","slug":"futbol-val","acf":null},{"id":9910,"name":"Jornada 37","slug":"jornada-37-val","acf":null},{"id":13241,"name":"LaLiga Smartbank","slug":"laliga-smartbank-val","acf":null},{"id":716,"name":"Soccer","slug":"soccer-d105","acf":null},{"id":9205,"name":"Submarino","slug":"submarino-val","acf":null},{"id":9627,"name":"Submarino Amarillo","slug":"submarino-amarillo-val","acf":null},{"id":10634,"name":"Villarreal B","slug":"villarreal-b-val","acf":null},{"id":9203,"name":"Villarreal CF","slug":"villarreal-cf-val","acf":null}],"translation_priority":[{"id":735,"name":"Optional","slug":"optional-val","acf":null}]},"seo_full":{"native":{"title":"Horari confirmat per al Villarreal B-Albacete BP - Web Oficial del Villarreal CF","description":"El Mini Submar\u00ed s'enfrontar\u00e0 al quadre manxec el dissabte 22 d'abril a les\u00a014.00\u202fh\u00a0en La\u00a0Cer\u00e1mica.","canonical":"https:\/\/villarrealcf.es\/val\/horari-confirmat-per-al-villarreal-b-albacete-bp\/"}},"_links":{"self":[{"href":"https:\/\/villarrealcf.es\/val\/wp-json\/wp\/v2\/posts\/260538","targetHints":{"allow":["GET"]}}],"collection":[{"href":"https:\/\/villarrealcf.es\/val\/wp-json\/wp\/v2\/posts"}],"about":[{"href":"https:\/\/villarrealcf.es\/val\/wp-json\/wp\/v2\/types\/post"}],"author":[{"embeddable":true,"href":"https:\/\/villarrealcf.es\/val\/wp-json\/wp\/v2\/users\/1"}],"replies":[{"embeddable":true,"href":"https:\/\/villarrealcf.es\/val\/wp-json\/wp\/v2\/comments?post=260538"}],"version-history":[{"count":0,"href":"https:\/\/villarrealcf.es\/val\/wp-json\/wp\/v2\/posts\/260538\/revisions"}],"wp:featuredmedia":[{"embeddable":true,"href":"https:\/\/villarrealcf.es\/val\/wp-json\/wp\/v2\/media\/260531"}],"wp:attachment":[{"href":"https:\/\/villarrealcf.es\/val\/wp-json\/wp\/v2\/media?parent=260538"}],"wp:term":[{"taxonomy":"category","embeddable":true,"href":"https:\/\/villarrealcf.es\/val\/wp-json\/wp\/v2\/categories?post=260538"},{"taxonomy":"post_tag","embeddable":true,"href":"https:\/\/villarrealcf.es\/val\/wp-json\/wp\/v2\/tags?post=260538"}],"curies":[{"name":"wp","href":"https:\/\/api.w.org\/{rel}","templated":true}]}}