{"id":260457,"date":"2023-04-03T15:50:51","date_gmt":"2023-04-03T13:50:51","guid":{"rendered":"https:\/\/villarrealcf.es\/\/conoce-a-fondo-el-estadio-de-la-ceramica\/"},"modified":"2023-04-03T15:56:36","modified_gmt":"2023-04-03T13:56:36","slug":"coneix-a-fons-lestadio-de-la-ceramica","status":"publish","type":"post","link":"https:\/\/villarrealcf.es\/val\/coneix-a-fons-lestadio-de-la-ceramica\/","title":{"rendered":"Coneix a fons l&#8217;Estadio de la Cer\u00e1mica"},"content":{"protected":false,"blocks":[{"type":"heading","level":2,"text":"Els aficionats ja poden gaudir dels espais m\u00e9s exclusius del remodelat camp del Villarreal CF"},{"type":"paragraph","text":"El Villarreal CF ha habilitat novament les visites guiades a l\u2019Estadio de la Cer\u00e1mica. Despr\u00e9s de sotmetre\u2019s a una impressionant reforma que est\u00e0 arribant a la seua fi, la llar del Submar\u00ed ha tornat a obrir les seues portes perqu\u00e8 els aficionats gaudisquen dels seus llocs m\u00e9s emblem\u00e0tics i exclusius."},{"type":"paragraph","text":"Quan es pot visitar?"},{"type":"list","style":"ul","items":["Dimarts, dijous i divendres, en horari de 9.00 a 14.00 hores i 15.00 a 17.00 hores","No es realitzen visites els dies de partit, previs o posteriors a aquests"]},{"type":"paragraph","text":"Zones de la visita guiada"},{"type":"paragraph","text":"Fins que finalitzen per complet les obres, els aficionats podran visitar els vestuaris, la sala de premsa, el t\u00fanel de vestuaris i la zona de banquetes, sobre el terreny de joc de l\u2019Estadio de la Cer\u00e1mica."},{"type":"paragraph","text":"*La resta de zones exclusives s\u2019habilitaran per a la visita una vegada concloguen de manera definitiva les obres en l\u2019Estadio de la Cer\u00e1mica."},{"type":"paragraph","text":"Duraci\u00f3 de la visita"},{"type":"paragraph","text":"La visita constar\u00e0 d\u2019una duraci\u00f3 aproximada d\u2019una hora."},{"type":"paragraph","text":"M\u00e0xim de persones per visita"},{"type":"paragraph","text":"La visita guiada est\u00e0 limitada a un m\u00e0xim de 60 persones per visita."},{"type":"paragraph","text":"Reservar la visita a l\u2019Estadio de la Cer\u00e1mica"},{"type":"paragraph","text":"Per a m\u00e9s informaci\u00f3 i poder reservar l\u2019activitat, els seguidors han de posar-se en contacte amb el Villarreal CF a trav\u00e9s de la seg\u00fcent adre\u00e7a de correu electr\u00f2nic: groguet@villarrealcf.es"},{"type":"paragraph","text":"Preu: Baix consulta a trav\u00e9s de groguet@villarrealcf.es"}],"structured":{"summary":{"text":"Els aficionats ja poden gaudir dels espais m\u00e9s exclusius del remodelat camp del Villarreal CF El Villarreal CF ha habilitat novament les visites guiades a l\u2019Estadio de la Cer\u00e1mica. Despr\u00e9s de sotmetre\u2019s a una impressionant reforma que est\u00e0 arribant a la seua fi, la llar del Submar\u00ed ha tornat a obrir les seues portes perqu\u00e8 els aficionats gaudisquen dels seus llocs m\u00e9s emblem\u00e0tics i exclusius. Quan es pot visitar? Dimarts, dijous i divendres, en horari de 9.00 a 14.00 hores i 15.00 a 17.00 hores No es realitzen visites els dies de partit, previs o posteriors a aquests Zones de la visita guiada Fins que finalitzen per complet les obres, els aficionats podran visitar els vestuaris, la sala de premsa, el t\u00fanel de vestuaris i la zona de banquetes, sobre el terreny de joc de l\u2019Estadio de la Cer\u00e1mica. *La resta de zones exclusives s\u2019habilitaran per a la visita una vegada concloguen de manera definitiva les obres en l\u2019Estadio de la Cer\u00e1mica. Duraci\u00f3 de la visita La visita constar\u00e0 d\u2019una duraci\u00f3 aproximada d\u2019una hora. M\u00e0xim de persones per visita La visita guiada est\u00e0 limitada a un m\u00e0xim de 60 persones per visita. Reservar la visita a l\u2019Estadio de la Cer\u00e1mica Per a m\u00e9s informaci\u00f3 i poder reservar l\u2019activitat, els seguidors han de posar-se en contacte amb el Villarreal CF a trav\u00e9s de la seg\u00fcent adre\u00e7a de correu electr\u00f2nic: groguet@villarrealcf.es Preu: Baix consulta a trav\u00e9s de groguet@villarrealcf.es","headings":[{"type":"heading","level":2,"text":"Els aficionats ja poden gaudir dels espais m\u00e9s exclusius del remodelat camp del Villarreal CF"}],"buttons":[],"images":[],"counts":{"blocks":14,"headings":1,"texts":12,"buttons":0,"images":0}},"sections":[{"id":"section-1","title":"Els aficionats ja poden gaudir dels espais m\u00e9s exclusius del remodelat camp del Villarreal CF","text":"Els aficionats ja poden gaudir dels espais m\u00e9s exclusius del remodelat camp del Villarreal CF El Villarreal CF ha habilitat novament les visites guiades a l\u2019Estadio de la Cer\u00e1mica. Despr\u00e9s de sotmetre\u2019s a una impressionant reforma que est\u00e0 arribant a la seua fi, la llar del Submar\u00ed ha tornat a obrir les seues portes perqu\u00e8 els aficionats gaudisquen dels seus llocs m\u00e9s emblem\u00e0tics i exclusius. Quan es pot visitar? Zones de la visita guiada Fins que finalitzen per complet les obres, els aficionats podran visitar els vestuaris, la sala de premsa, el t\u00fanel de vestuaris i la zona de banquetes, sobre el terreny de joc de l\u2019Estadio de la Cer\u00e1mica. *La resta de zones exclusives s\u2019habilitaran per a la visita una vegada concloguen de manera definitiva les obres en l\u2019Estadio de la Cer\u00e1mica. Duraci\u00f3 de la visita La visita constar\u00e0 d\u2019una duraci\u00f3 aproximada d\u2019una hora. M\u00e0xim de persones per visita La visita guiada est\u00e0 limitada a un m\u00e0xim de 60 persones per visita. Reservar la visita a l\u2019Estadio de la Cer\u00e1mica Per a m\u00e9s informaci\u00f3 i poder reservar l\u2019activitat, els seguidors han de posar-se en contacte amb el Villarreal CF a trav\u00e9s de la seg\u00fcent adre\u00e7a de correu electr\u00f2nic: groguet@villarrealcf.es Preu: Baix consulta a trav\u00e9s de groguet@villarrealcf.es","headings":[{"type":"heading","level":2,"text":"Els aficionats ja poden gaudir dels espais m\u00e9s exclusius del remodelat camp del Villarreal CF"}],"texts":[{"type":"paragraph","text":"El Villarreal CF ha habilitat novament les visites guiades a l\u2019Estadio de la Cer\u00e1mica. Despr\u00e9s de sotmetre\u2019s a una impressionant reforma que est\u00e0 arribant a la seua fi, la llar del Submar\u00ed ha tornat a obrir les seues portes perqu\u00e8 els aficionats gaudisquen dels seus llocs m\u00e9s emblem\u00e0tics i exclusius."},{"type":"paragraph","text":"Quan es pot visitar?"},{"type":"paragraph","text":"Zones de la visita guiada"},{"type":"paragraph","text":"Fins que finalitzen per complet les obres, els aficionats podran visitar els vestuaris, la sala de premsa, el t\u00fanel de vestuaris i la zona de banquetes, sobre el terreny de joc de l\u2019Estadio de la Cer\u00e1mica."},{"type":"paragraph","text":"*La resta de zones exclusives s\u2019habilitaran per a la visita una vegada concloguen de manera definitiva les obres en l\u2019Estadio de la Cer\u00e1mica."},{"type":"paragraph","text":"Duraci\u00f3 de la visita"},{"type":"paragraph","text":"La visita constar\u00e0 d\u2019una duraci\u00f3 aproximada d\u2019una hora."},{"type":"paragraph","text":"M\u00e0xim de persones per visita"},{"type":"paragraph","text":"La visita guiada est\u00e0 limitada a un m\u00e0xim de 60 persones per visita."},{"type":"paragraph","text":"Reservar la visita a l\u2019Estadio de la Cer\u00e1mica"},{"type":"paragraph","text":"Per a m\u00e9s informaci\u00f3 i poder reservar l\u2019activitat, els seguidors han de posar-se en contacte amb el Villarreal CF a trav\u00e9s de la seg\u00fcent adre\u00e7a de correu electr\u00f2nic: groguet@villarrealcf.es"},{"type":"paragraph","text":"Preu: Baix consulta a trav\u00e9s de groguet@villarrealcf.es"}],"buttons":[],"images":[],"widgets":[],"blocks":[{"type":"heading","level":2,"text":"Els aficionats ja poden gaudir dels espais m\u00e9s exclusius del remodelat camp del Villarreal CF"},{"type":"paragraph","text":"El Villarreal CF ha habilitat novament les visites guiades a l\u2019Estadio de la Cer\u00e1mica. Despr\u00e9s de sotmetre\u2019s a una impressionant reforma que est\u00e0 arribant a la seua fi, la llar del Submar\u00ed ha tornat a obrir les seues portes perqu\u00e8 els aficionats gaudisquen dels seus llocs m\u00e9s emblem\u00e0tics i exclusius."},{"type":"paragraph","text":"Quan es pot visitar?"},{"type":"list","style":"ul","items":["Dimarts, dijous i divendres, en horari de 9.00 a 14.00 hores i 15.00 a 17.00 hores","No es realitzen visites els dies de partit, previs o posteriors a aquests"]},{"type":"paragraph","text":"Zones de la visita guiada"},{"type":"paragraph","text":"Fins que finalitzen per complet les obres, els aficionats podran visitar els vestuaris, la sala de premsa, el t\u00fanel de vestuaris i la zona de banquetes, sobre el terreny de joc de l\u2019Estadio de la Cer\u00e1mica."},{"type":"paragraph","text":"*La resta de zones exclusives s\u2019habilitaran per a la visita una vegada concloguen de manera definitiva les obres en l\u2019Estadio de la Cer\u00e1mica."},{"type":"paragraph","text":"Duraci\u00f3 de la visita"},{"type":"paragraph","text":"La visita constar\u00e0 d\u2019una duraci\u00f3 aproximada d\u2019una hora."},{"type":"paragraph","text":"M\u00e0xim de persones per visita"},{"type":"paragraph","text":"La visita guiada est\u00e0 limitada a un m\u00e0xim de 60 persones per visita."},{"type":"paragraph","text":"Reservar la visita a l\u2019Estadio de la Cer\u00e1mica"},{"type":"paragraph","text":"Per a m\u00e9s informaci\u00f3 i poder reservar l\u2019activitat, els seguidors han de posar-se en contacte amb el Villarreal CF a trav\u00e9s de la seg\u00fcent adre\u00e7a de correu electr\u00f2nic: groguet@villarrealcf.es"},{"type":"paragraph","text":"Preu: Baix consulta a trav\u00e9s de groguet@villarrealcf.es"}]}],"hero":{"id":"section-1","title":"Els aficionats ja poden gaudir dels espais m\u00e9s exclusius del remodelat camp del Villarreal CF","text":"Els aficionats ja poden gaudir dels espais m\u00e9s exclusius del remodelat camp del Villarreal CF El Villarreal CF ha habilitat novament les visites guiades a l\u2019Estadio de la Cer\u00e1mica. Despr\u00e9s de sotmetre\u2019s a una impressionant reforma que est\u00e0 arribant a la seua fi, la llar del Submar\u00ed ha tornat a obrir les seues portes perqu\u00e8 els aficionats gaudisquen dels seus llocs m\u00e9s emblem\u00e0tics i exclusius. Quan es pot visitar? Zones de la visita guiada Fins que finalitzen per complet les obres, els aficionats podran visitar els vestuaris, la sala de premsa, el t\u00fanel de vestuaris i la zona de banquetes, sobre el terreny de joc de l\u2019Estadio de la Cer\u00e1mica. *La resta de zones exclusives s\u2019habilitaran per a la visita una vegada concloguen de manera definitiva les obres en l\u2019Estadio de la Cer\u00e1mica. Duraci\u00f3 de la visita La visita constar\u00e0 d\u2019una duraci\u00f3 aproximada d\u2019una hora. M\u00e0xim de persones per visita La visita guiada est\u00e0 limitada a un m\u00e0xim de 60 persones per visita. Reservar la visita a l\u2019Estadio de la Cer\u00e1mica Per a m\u00e9s informaci\u00f3 i poder reservar l\u2019activitat, els seguidors han de posar-se en contacte amb el Villarreal CF a trav\u00e9s de la seg\u00fcent adre\u00e7a de correu electr\u00f2nic: groguet@villarrealcf.es Preu: Baix consulta a trav\u00e9s de groguet@villarrealcf.es","headings":[{"type":"heading","level":2,"text":"Els aficionats ja poden gaudir dels espais m\u00e9s exclusius del remodelat camp del Villarreal CF"}],"texts":[{"type":"paragraph","text":"El Villarreal CF ha habilitat novament les visites guiades a l\u2019Estadio de la Cer\u00e1mica. Despr\u00e9s de sotmetre\u2019s a una impressionant reforma que est\u00e0 arribant a la seua fi, la llar del Submar\u00ed ha tornat a obrir les seues portes perqu\u00e8 els aficionats gaudisquen dels seus llocs m\u00e9s emblem\u00e0tics i exclusius."},{"type":"paragraph","text":"Quan es pot visitar?"},{"type":"paragraph","text":"Zones de la visita guiada"},{"type":"paragraph","text":"Fins que finalitzen per complet les obres, els aficionats podran visitar els vestuaris, la sala de premsa, el t\u00fanel de vestuaris i la zona de banquetes, sobre el terreny de joc de l\u2019Estadio de la Cer\u00e1mica."},{"type":"paragraph","text":"*La resta de zones exclusives s\u2019habilitaran per a la visita una vegada concloguen de manera definitiva les obres en l\u2019Estadio de la Cer\u00e1mica."},{"type":"paragraph","text":"Duraci\u00f3 de la visita"},{"type":"paragraph","text":"La visita constar\u00e0 d\u2019una duraci\u00f3 aproximada d\u2019una hora."},{"type":"paragraph","text":"M\u00e0xim de persones per visita"},{"type":"paragraph","text":"La visita guiada est\u00e0 limitada a un m\u00e0xim de 60 persones per visita."},{"type":"paragraph","text":"Reservar la visita a l\u2019Estadio de la Cer\u00e1mica"},{"type":"paragraph","text":"Per a m\u00e9s informaci\u00f3 i poder reservar l\u2019activitat, els seguidors han de posar-se en contacte amb el Villarreal CF a trav\u00e9s de la seg\u00fcent adre\u00e7a de correu electr\u00f2nic: groguet@villarrealcf.es"},{"type":"paragraph","text":"Preu: Baix consulta a trav\u00e9s de groguet@villarrealcf.es"}],"buttons":[],"images":[],"widgets":[],"blocks":[{"type":"heading","level":2,"text":"Els aficionats ja poden gaudir dels espais m\u00e9s exclusius del remodelat camp del Villarreal CF"},{"type":"paragraph","text":"El Villarreal CF ha habilitat novament les visites guiades a l\u2019Estadio de la Cer\u00e1mica. Despr\u00e9s de sotmetre\u2019s a una impressionant reforma que est\u00e0 arribant a la seua fi, la llar del Submar\u00ed ha tornat a obrir les seues portes perqu\u00e8 els aficionats gaudisquen dels seus llocs m\u00e9s emblem\u00e0tics i exclusius."},{"type":"paragraph","text":"Quan es pot visitar?"},{"type":"list","style":"ul","items":["Dimarts, dijous i divendres, en horari de 9.00 a 14.00 hores i 15.00 a 17.00 hores","No es realitzen visites els dies de partit, previs o posteriors a aquests"]},{"type":"paragraph","text":"Zones de la visita guiada"},{"type":"paragraph","text":"Fins que finalitzen per complet les obres, els aficionats podran visitar els vestuaris, la sala de premsa, el t\u00fanel de vestuaris i la zona de banquetes, sobre el terreny de joc de l\u2019Estadio de la Cer\u00e1mica."},{"type":"paragraph","text":"*La resta de zones exclusives s\u2019habilitaran per a la visita una vegada concloguen de manera definitiva les obres en l\u2019Estadio de la Cer\u00e1mica."},{"type":"paragraph","text":"Duraci\u00f3 de la visita"},{"type":"paragraph","text":"La visita constar\u00e0 d\u2019una duraci\u00f3 aproximada d\u2019una hora."},{"type":"paragraph","text":"M\u00e0xim de persones per visita"},{"type":"paragraph","text":"La visita guiada est\u00e0 limitada a un m\u00e0xim de 60 persones per visita."},{"type":"paragraph","text":"Reservar la visita a l\u2019Estadio de la Cer\u00e1mica"},{"type":"paragraph","text":"Per a m\u00e9s informaci\u00f3 i poder reservar l\u2019activitat, els seguidors han de posar-se en contacte amb el Villarreal CF a trav\u00e9s de la seg\u00fcent adre\u00e7a de correu electr\u00f2nic: groguet@villarrealcf.es"},{"type":"paragraph","text":"Preu: Baix consulta a trav\u00e9s de groguet@villarrealcf.es"}]}},"sections":[{"id":"section-1","title":"Els aficionats ja poden gaudir dels espais m\u00e9s exclusius del remodelat camp del Villarreal CF","text":"Els aficionats ja poden gaudir dels espais m\u00e9s exclusius del remodelat camp del Villarreal CF El Villarreal CF ha habilitat novament les visites guiades a l\u2019Estadio de la Cer\u00e1mica. Despr\u00e9s de sotmetre\u2019s a una impressionant reforma que est\u00e0 arribant a la seua fi, la llar del Submar\u00ed ha tornat a obrir les seues portes perqu\u00e8 els aficionats gaudisquen dels seus llocs m\u00e9s emblem\u00e0tics i exclusius. Quan es pot visitar? Zones de la visita guiada Fins que finalitzen per complet les obres, els aficionats podran visitar els vestuaris, la sala de premsa, el t\u00fanel de vestuaris i la zona de banquetes, sobre el terreny de joc de l\u2019Estadio de la Cer\u00e1mica. *La resta de zones exclusives s\u2019habilitaran per a la visita una vegada concloguen de manera definitiva les obres en l\u2019Estadio de la Cer\u00e1mica. Duraci\u00f3 de la visita La visita constar\u00e0 d\u2019una duraci\u00f3 aproximada d\u2019una hora. M\u00e0xim de persones per visita La visita guiada est\u00e0 limitada a un m\u00e0xim de 60 persones per visita. Reservar la visita a l\u2019Estadio de la Cer\u00e1mica Per a m\u00e9s informaci\u00f3 i poder reservar l\u2019activitat, els seguidors han de posar-se en contacte amb el Villarreal CF a trav\u00e9s de la seg\u00fcent adre\u00e7a de correu electr\u00f2nic: groguet@villarrealcf.es Preu: Baix consulta a trav\u00e9s de groguet@villarrealcf.es","url":"","background_image":"","images":[],"videos":[],"links":[]}]},"excerpt":{"rendered":"Els aficionats ja poden gaudir dels espais m\u00e9s exclusius del remodelat camp del Villarreal CF","protected":false},"author":25,"featured_media":260454,"comment_status":"closed","ping_status":"closed","sticky":false,"template":"","format":"standard","meta":{"_acf_changed":false,"footnotes":""},"categories":[13484,16370],"tags":[11429,717,9270,716,9205,9627,9203],"acf":null,"lang":"val","translations":{"es":260438,"val":260457,"en":260483},"essential_grid":{"has_grid":false},"formatted_date":"April 3, 2023","modified_date":"April 3, 2023","permalink":"https:\/\/villarrealcf.es\/val\/coneix-a-fons-lestadio-de-la-ceramica\/","reading_time":2,"featured_media_data":{"id":260454,"title":"vilareal","caption":"","alt_text":"","description":"","mime_type":"image\/jpeg","source_url":"https:\/\/villarrealcf.es\/wp-content\/uploads\/2023\/04\/vilareal.jpg","sizes":{"thumbnail":{"url":"https:\/\/villarrealcf.es\/wp-content\/uploads\/2023\/04\/vilareal-1920x1080.jpg","width":1920,"height":1080},"medium":{"url":"https:\/\/villarrealcf.es\/wp-content\/uploads\/2023\/04\/vilareal-1920x1080.jpg","width":1920,"height":1080},"medium_large":{"url":"https:\/\/villarrealcf.es\/wp-content\/uploads\/2023\/04\/vilareal-768x432.jpg","width":768,"height":432},"large":{"url":"https:\/\/villarrealcf.es\/wp-content\/uploads\/2023\/04\/vilareal-1920x1080.jpg","width":788,"height":443},"1536x1536":{"url":"https:\/\/villarrealcf.es\/wp-content\/uploads\/2023\/04\/vilareal-1536x864.jpg","width":1536,"height":864},"2048x2048":{"url":"https:\/\/villarrealcf.es\/wp-content\/uploads\/2023\/04\/vilareal.jpg","width":1920,"height":1080},"tp-image-grid":{"url":"https:\/\/villarrealcf.es\/wp-content\/uploads\/2023\/04\/vilareal-700x700.jpg","width":700,"height":700},"size-bunyad-medium":{"url":"https:\/\/villarrealcf.es\/wp-content\/uploads\/2023\/04\/vilareal-1920x1080.jpg","width":1920,"height":1080},"sportspress-crop-medium":{"url":"https:\/\/villarrealcf.es\/wp-content\/uploads\/2023\/04\/vilareal-300x300.jpg","width":300,"height":300},"sportspress-fit-medium":{"url":"https:\/\/villarrealcf.es\/wp-content\/uploads\/2023\/04\/vilareal-300x169.jpg","width":300,"height":169},"sportspress-fit-icon":{"url":"https:\/\/villarrealcf.es\/wp-content\/uploads\/2023\/04\/vilareal-128x72.jpg","width":128,"height":72},"sportspress-fit-mini":{"url":"https:\/\/villarrealcf.es\/wp-content\/uploads\/2023\/04\/vilareal-32x18.jpg","width":32,"height":18},"bunyad-small":{"url":"https:\/\/villarrealcf.es\/wp-content\/uploads\/2023\/04\/vilareal-150x84.jpg","width":150,"height":84},"bunyad-medium":{"url":"https:\/\/villarrealcf.es\/wp-content\/uploads\/2023\/04\/vilareal-450x253.jpg","width":450,"height":253},"bunyad-full":{"url":"https:\/\/villarrealcf.es\/wp-content\/uploads\/2023\/04\/vilareal-1200x675.jpg","width":1200,"height":675},"bunyad-viewport":{"url":"https:\/\/villarrealcf.es\/wp-content\/uploads\/2023\/04\/vilareal.jpg","width":1920,"height":1080},"bunyad-768":{"url":"https:\/\/villarrealcf.es\/wp-content\/uploads\/2023\/04\/vilareal-768x432.jpg","width":768,"height":432},"full":{"url":"https:\/\/villarrealcf.es\/wp-content\/uploads\/2023\/04\/vilareal.jpg","width":1920,"height":1080}}},"author_data":{"id":"25","name":"Javier Ayuso","first_name":"Javier","last_name":"Ayuso","description":"","avatar_url":"https:\/\/secure.gravatar.com\/avatar\/fcf8894be45988fcce5bbff0efe1790d2a7f4ba57e2c7c898f5068154e696495?s=96&d=mm&r=g","acf":null},"taxonomies_data":{"category":[{"id":13484,"name":"Club","slug":"club","acf":null},{"id":16370,"name":"Estadio de la Cer\u00e1mica","slug":"estadio-de-la-ceramica-val","acf":null}],"post_tag":[{"id":11429,"name":"Estadio de la Cer\u00e1mica","slug":"estadio-de-la-ceramica-val","acf":null},{"id":717,"name":"Football","slug":"football-d34","acf":null},{"id":9270,"name":"Futbol","slug":"futbol-val","acf":null},{"id":716,"name":"Soccer","slug":"soccer-d105","acf":null},{"id":9205,"name":"Submarino","slug":"submarino-val","acf":null},{"id":9627,"name":"Submarino Amarillo","slug":"submarino-amarillo-val","acf":null},{"id":9203,"name":"Villarreal CF","slug":"villarreal-cf-val","acf":null}],"translation_priority":[{"id":735,"name":"Optional","slug":"optional-val","acf":null}]},"seo_full":{"native":{"title":"Coneix a fons l&#8217;Estadio de la Cer\u00e1mica - Web Oficial del Villarreal CF","description":"Els aficionats ja poden gaudir dels espais m\u00e9s exclusius del remodelat camp del Villarreal CF","canonical":"https:\/\/villarrealcf.es\/val\/coneix-a-fons-lestadio-de-la-ceramica\/"}},"_links":{"self":[{"href":"https:\/\/villarrealcf.es\/val\/wp-json\/wp\/v2\/posts\/260457","targetHints":{"allow":["GET"]}}],"collection":[{"href":"https:\/\/villarrealcf.es\/val\/wp-json\/wp\/v2\/posts"}],"about":[{"href":"https:\/\/villarrealcf.es\/val\/wp-json\/wp\/v2\/types\/post"}],"author":[{"embeddable":true,"href":"https:\/\/villarrealcf.es\/val\/wp-json\/wp\/v2\/users\/25"}],"replies":[{"embeddable":true,"href":"https:\/\/villarrealcf.es\/val\/wp-json\/wp\/v2\/comments?post=260457"}],"version-history":[{"count":0,"href":"https:\/\/villarrealcf.es\/val\/wp-json\/wp\/v2\/posts\/260457\/revisions"}],"wp:featuredmedia":[{"embeddable":true,"href":"https:\/\/villarrealcf.es\/val\/wp-json\/wp\/v2\/media\/260454"}],"wp:attachment":[{"href":"https:\/\/villarrealcf.es\/val\/wp-json\/wp\/v2\/media?parent=260457"}],"wp:term":[{"taxonomy":"category","embeddable":true,"href":"https:\/\/villarrealcf.es\/val\/wp-json\/wp\/v2\/categories?post=260457"},{"taxonomy":"post_tag","embeddable":true,"href":"https:\/\/villarrealcf.es\/val\/wp-json\/wp\/v2\/tags?post=260457"}],"curies":[{"name":"wp","href":"https:\/\/api.w.org\/{rel}","templated":true}]}}