{"id":259829,"date":"2023-03-30T15:24:47","date_gmt":"2023-03-30T13:24:47","guid":{"rendered":"https:\/\/villarrealcf.es\/\/miguel-alvarez-el-tenerife-es-muy-fuerte-en-su-casa\/"},"modified":"2023-03-30T16:28:02","modified_gmt":"2023-03-30T14:28:02","slug":"miguel-alvarez-el-tenerife-es-muy-fuerte-en-su-casa","status":"publish","type":"post","link":"https:\/\/villarrealcf.es\/val\/miguel-alvarez-el-tenerife-es-muy-fuerte-en-su-casa\/","title":{"rendered":"Miguel \u00c1lvarez: &#8220;El Tenerife \u00e9s molt fort a la seua casa&#8221;"},"content":{"protected":false,"blocks":[{"type":"heading","level":2,"text":"El Villarreal B visita l\u2019Heliodoro Rodr\u00edguez L\u00f3pez aquest dissabte a les 18.30h"},{"type":"paragraph","text":"L\u2019entrenador del Villarreal B, Miguel \u00c1lvarez, va compar\u00e9ixer en la roda de premsa pr\u00e8via al partit contra el CD Tenerife, corresponent a la jornada 34 de LaLiga SmartBank, que tindr\u00e0 lloc aquest dissabte 1 d\u2019abril a les 18.30 hores en l\u2019Heliodoro Rodr\u00edguez L\u00f3pez."},{"type":"paragraph","text":"Aquestes s\u00f3n les declaracions del t\u00e8cnic groguet:"},{"type":"paragraph","text":"Com arriba l\u2019equip"},{"type":"paragraph","text":"\u201cMolt b\u00e9. Molt contents. Estem en bona l\u00ednia de resultats i sensacions. Estem amb ganes que arribe el dissabte per a competir una altra vegada\u201d"},{"type":"paragraph","text":"Quin partit s\u2019espera"},{"type":"paragraph","text":"\u201c\u00c9s un equip que est\u00e0 com nosaltres. Tot est\u00e0 molt comprimit. Espere un partit molt complicat, com sempre, perqu\u00e8 el Tenerife \u00e9s un equip totalment diferent a casa, amb un joc directe que et porta a la bogeria, un joc a pilota parada amb molt de perill i en les transicions. Segur que fora de casa han merescut m\u00e9s punts dels que porten, per\u00f2 on \u00e9s m\u00e9s fort \u00e9s a casa, nom\u00e9s cal veure el partit contra Las Palmas. Hem de treballar perqu\u00e8 no aparega aqueixa intensitat que tenen\u201d."},{"type":"paragraph","text":"Les claus"},{"type":"paragraph","text":"\u201c\u00c9s un equip que juga b\u00e9 en atac posicional, per\u00f2 s\u00f3n molt bons en joc directe perqu\u00e8 et porten a un quatre contra quatre o cinc contra cinc i en les segones jugades. Les transicions s\u00f3n brutals i els davanters ataquen els espais molt b\u00e9. Tenen a dalt a gent amb experi\u00e8ncia en Primera, com Enric Gallego o Waldo. Cal combatre\u2019ls tenint personalitat. Ixen pr\u00e0cticament amb 1-0 per la seua afici\u00f3 i hem de tindre personalitat per a jugar en aquests camps. Hem de fer el nostre futbol. Des del cos t\u00e8cnic estem contents perqu\u00e8 creuen en ells juguem a casa o fora i juguen amb tranquil\u00b7litat\u201d."},{"type":"paragraph","text":"Mes de mar\u00e7 m\u00e0gic"},{"type":"paragraph","text":"\u201cEn el futbol val el hui, no l\u2019ahir. Tenim un despla\u00e7ament preci\u00f3s a Tenerife en un camp amb un ambient incre\u00efble. Competim amb un magn\u00edfic equip que ens exigir\u00e0 molt com ja ens va fer ac\u00ed a casa, que es van posar 0-2 i aconseguim empatar\u201d."},{"type":"paragraph","text":"Volta d\u2019\u00cdker de la selecci\u00f3"},{"type":"paragraph","text":"\u201cEstem contents per tindre a tots, per\u00f2 si haguera de jugar Gianni tamb\u00e9 ho estar\u00edem\u201d."},{"type":"paragraph","text":"Per a veure la roda de premsa completa, punxa en el v\u00eddeo."},{"type":"video","kind":"iframe","url":"https:\/\/www.youtube.com\/embed\/M2HDi8iSYoU?feature=oembed","poster":""}],"structured":{"summary":{"text":"El Villarreal B visita l\u2019Heliodoro Rodr\u00edguez L\u00f3pez aquest dissabte a les 18.30h L\u2019entrenador del Villarreal B, Miguel \u00c1lvarez, va compar\u00e9ixer en la roda de premsa pr\u00e8via al partit contra el CD Tenerife, corresponent a la jornada 34 de LaLiga SmartBank, que tindr\u00e0 lloc aquest dissabte 1 d\u2019abril a les 18.30 hores en l\u2019Heliodoro Rodr\u00edguez L\u00f3pez. Aquestes s\u00f3n les declaracions del t\u00e8cnic groguet: Com arriba l\u2019equip \u201cMolt b\u00e9. Molt contents. Estem en bona l\u00ednia de resultats i sensacions. Estem amb ganes que arribe el dissabte per a competir una altra vegada\u201d Quin partit s\u2019espera \u201c\u00c9s un equip que est\u00e0 com nosaltres. Tot est\u00e0 molt comprimit. Espere un partit molt complicat, com sempre, perqu\u00e8 el Tenerife \u00e9s un equip totalment diferent a casa, amb un joc directe que et porta a la bogeria, un joc a pilota parada amb molt de perill i en les transicions. Segur que fora de casa han merescut m\u00e9s punts dels que porten, per\u00f2 on \u00e9s m\u00e9s fort \u00e9s a casa, nom\u00e9s cal veure el partit contra Las Palmas. Hem de treballar perqu\u00e8 no aparega aqueixa intensitat que tenen\u201d. Les claus \u201c\u00c9s un equip que juga b\u00e9 en atac posicional, per\u00f2 s\u00f3n molt bons en joc directe perqu\u00e8 et porten a un quatre contra quatre o cinc contra cinc i en les segones jugades. Les transicions s\u00f3n brutals i els davanters ataquen els espais molt b\u00e9. Tenen a dalt a gent amb experi\u00e8ncia en Primera, com Enric Gallego o Waldo. Cal combatre\u2019ls tenint personalitat. Ixen pr\u00e0cticament amb 1-0 per la seua afici\u00f3 i hem de tindre personalitat per a jugar en aquests camps. Hem de fer el nostre futbol. Des del cos t\u00e8cnic estem contents perqu\u00e8 creuen en ells juguem a casa o fora i juguen amb tranquil\u00b7litat\u201d. Mes de mar\u00e7 m\u00e0gic \u201cEn el futbol val el hui, no l\u2019ahir. Tenim un despla\u00e7ament preci\u00f3s a Tenerife en un camp amb un ambient incre\u00efble. Competim amb un magn\u00edfic equip que ens exigir\u00e0 molt com ja ens va fer ac\u00ed a casa, que es van posar 0-2 i aconseguim empatar\u201d. Volta d\u2019\u00cdker de la selecci\u00f3 \u201cEstem contents per tindre a tots, per\u00f2 si haguera de jugar Gianni tamb\u00e9 ho estar\u00edem\u201d. Per a veure la roda de premsa completa, punxa en el v\u00eddeo.","headings":[{"type":"heading","level":2,"text":"El Villarreal B visita l\u2019Heliodoro Rodr\u00edguez L\u00f3pez aquest dissabte a les 18.30h"}],"buttons":[],"images":[],"counts":{"blocks":15,"headings":1,"texts":13,"buttons":0,"images":0}},"sections":[{"id":"section-1","title":"El Villarreal B visita l\u2019Heliodoro Rodr\u00edguez L\u00f3pez aquest dissabte a les 18.30h","text":"El Villarreal B visita l\u2019Heliodoro Rodr\u00edguez L\u00f3pez aquest dissabte a les 18.30h L\u2019entrenador del Villarreal B, Miguel \u00c1lvarez, va compar\u00e9ixer en la roda de premsa pr\u00e8via al partit contra el CD Tenerife, corresponent a la jornada 34 de LaLiga SmartBank, que tindr\u00e0 lloc aquest dissabte 1 d\u2019abril a les 18.30 hores en l\u2019Heliodoro Rodr\u00edguez L\u00f3pez. Aquestes s\u00f3n les declaracions del t\u00e8cnic groguet: Com arriba l\u2019equip \u201cMolt b\u00e9. Molt contents. Estem en bona l\u00ednia de resultats i sensacions. Estem amb ganes que arribe el dissabte per a competir una altra vegada\u201d Quin partit s\u2019espera \u201c\u00c9s un equip que est\u00e0 com nosaltres. Tot est\u00e0 molt comprimit. Espere un partit molt complicat, com sempre, perqu\u00e8 el Tenerife \u00e9s un equip totalment diferent a casa, amb un joc directe que et porta a la bogeria, un joc a pilota parada amb molt de perill i en les transicions. Segur que fora de casa han merescut m\u00e9s punts dels que porten, per\u00f2 on \u00e9s m\u00e9s fort \u00e9s a casa, nom\u00e9s cal veure el partit contra Las Palmas. Hem de treballar perqu\u00e8 no aparega aqueixa intensitat que tenen\u201d. Les claus \u201c\u00c9s un equip que juga b\u00e9 en atac posicional, per\u00f2 s\u00f3n molt bons en joc directe perqu\u00e8 et porten a un quatre contra quatre o cinc contra cinc i en les segones jugades. Les transicions s\u00f3n brutals i els davanters ataquen els espais molt b\u00e9. Tenen a dalt a gent amb experi\u00e8ncia en Primera, com Enric Gallego o Waldo. Cal combatre\u2019ls tenint personalitat. Ixen pr\u00e0cticament amb 1-0 per la seua afici\u00f3 i hem de tindre personalitat per a jugar en aquests camps. Hem de fer el nostre futbol. Des del cos t\u00e8cnic estem contents perqu\u00e8 creuen en ells juguem a casa o fora i juguen amb tranquil\u00b7litat\u201d. Mes de mar\u00e7 m\u00e0gic \u201cEn el futbol val el hui, no l\u2019ahir. Tenim un despla\u00e7ament preci\u00f3s a Tenerife en un camp amb un ambient incre\u00efble. Competim amb un magn\u00edfic equip que ens exigir\u00e0 molt com ja ens va fer ac\u00ed a casa, que es van posar 0-2 i aconseguim empatar\u201d. Volta d\u2019\u00cdker de la selecci\u00f3 \u201cEstem contents per tindre a tots, per\u00f2 si haguera de jugar Gianni tamb\u00e9 ho estar\u00edem\u201d. Per a veure la roda de premsa completa, punxa en el v\u00eddeo.","headings":[{"type":"heading","level":2,"text":"El Villarreal B visita l\u2019Heliodoro Rodr\u00edguez L\u00f3pez aquest dissabte a les 18.30h"}],"texts":[{"type":"paragraph","text":"L\u2019entrenador del Villarreal B, Miguel \u00c1lvarez, va compar\u00e9ixer en la roda de premsa pr\u00e8via al partit contra el CD Tenerife, corresponent a la jornada 34 de LaLiga SmartBank, que tindr\u00e0 lloc aquest dissabte 1 d\u2019abril a les 18.30 hores en l\u2019Heliodoro Rodr\u00edguez L\u00f3pez."},{"type":"paragraph","text":"Aquestes s\u00f3n les declaracions del t\u00e8cnic groguet:"},{"type":"paragraph","text":"Com arriba l\u2019equip"},{"type":"paragraph","text":"\u201cMolt b\u00e9. Molt contents. Estem en bona l\u00ednia de resultats i sensacions. Estem amb ganes que arribe el dissabte per a competir una altra vegada\u201d"},{"type":"paragraph","text":"Quin partit s\u2019espera"},{"type":"paragraph","text":"\u201c\u00c9s un equip que est\u00e0 com nosaltres. Tot est\u00e0 molt comprimit. Espere un partit molt complicat, com sempre, perqu\u00e8 el Tenerife \u00e9s un equip totalment diferent a casa, amb un joc directe que et porta a la bogeria, un joc a pilota parada amb molt de perill i en les transicions. Segur que fora de casa han merescut m\u00e9s punts dels que porten, per\u00f2 on \u00e9s m\u00e9s fort \u00e9s a casa, nom\u00e9s cal veure el partit contra Las Palmas. Hem de treballar perqu\u00e8 no aparega aqueixa intensitat que tenen\u201d."},{"type":"paragraph","text":"Les claus"},{"type":"paragraph","text":"\u201c\u00c9s un equip que juga b\u00e9 en atac posicional, per\u00f2 s\u00f3n molt bons en joc directe perqu\u00e8 et porten a un quatre contra quatre o cinc contra cinc i en les segones jugades. Les transicions s\u00f3n brutals i els davanters ataquen els espais molt b\u00e9. Tenen a dalt a gent amb experi\u00e8ncia en Primera, com Enric Gallego o Waldo. Cal combatre\u2019ls tenint personalitat. Ixen pr\u00e0cticament amb 1-0 per la seua afici\u00f3 i hem de tindre personalitat per a jugar en aquests camps. Hem de fer el nostre futbol. Des del cos t\u00e8cnic estem contents perqu\u00e8 creuen en ells juguem a casa o fora i juguen amb tranquil\u00b7litat\u201d."},{"type":"paragraph","text":"Mes de mar\u00e7 m\u00e0gic"},{"type":"paragraph","text":"\u201cEn el futbol val el hui, no l\u2019ahir. Tenim un despla\u00e7ament preci\u00f3s a Tenerife en un camp amb un ambient incre\u00efble. Competim amb un magn\u00edfic equip que ens exigir\u00e0 molt com ja ens va fer ac\u00ed a casa, que es van posar 0-2 i aconseguim empatar\u201d."},{"type":"paragraph","text":"Volta d\u2019\u00cdker de la selecci\u00f3"},{"type":"paragraph","text":"\u201cEstem contents per tindre a tots, per\u00f2 si haguera de jugar Gianni tamb\u00e9 ho estar\u00edem\u201d."},{"type":"paragraph","text":"Per a veure la roda de premsa completa, punxa en el v\u00eddeo."}],"buttons":[],"images":[],"widgets":[],"blocks":[{"type":"heading","level":2,"text":"El Villarreal B visita l\u2019Heliodoro Rodr\u00edguez L\u00f3pez aquest dissabte a les 18.30h"},{"type":"paragraph","text":"L\u2019entrenador del Villarreal B, Miguel \u00c1lvarez, va compar\u00e9ixer en la roda de premsa pr\u00e8via al partit contra el CD Tenerife, corresponent a la jornada 34 de LaLiga SmartBank, que tindr\u00e0 lloc aquest dissabte 1 d\u2019abril a les 18.30 hores en l\u2019Heliodoro Rodr\u00edguez L\u00f3pez."},{"type":"paragraph","text":"Aquestes s\u00f3n les declaracions del t\u00e8cnic groguet:"},{"type":"paragraph","text":"Com arriba l\u2019equip"},{"type":"paragraph","text":"\u201cMolt b\u00e9. Molt contents. Estem en bona l\u00ednia de resultats i sensacions. Estem amb ganes que arribe el dissabte per a competir una altra vegada\u201d"},{"type":"paragraph","text":"Quin partit s\u2019espera"},{"type":"paragraph","text":"\u201c\u00c9s un equip que est\u00e0 com nosaltres. Tot est\u00e0 molt comprimit. Espere un partit molt complicat, com sempre, perqu\u00e8 el Tenerife \u00e9s un equip totalment diferent a casa, amb un joc directe que et porta a la bogeria, un joc a pilota parada amb molt de perill i en les transicions. Segur que fora de casa han merescut m\u00e9s punts dels que porten, per\u00f2 on \u00e9s m\u00e9s fort \u00e9s a casa, nom\u00e9s cal veure el partit contra Las Palmas. Hem de treballar perqu\u00e8 no aparega aqueixa intensitat que tenen\u201d."},{"type":"paragraph","text":"Les claus"},{"type":"paragraph","text":"\u201c\u00c9s un equip que juga b\u00e9 en atac posicional, per\u00f2 s\u00f3n molt bons en joc directe perqu\u00e8 et porten a un quatre contra quatre o cinc contra cinc i en les segones jugades. Les transicions s\u00f3n brutals i els davanters ataquen els espais molt b\u00e9. Tenen a dalt a gent amb experi\u00e8ncia en Primera, com Enric Gallego o Waldo. Cal combatre\u2019ls tenint personalitat. Ixen pr\u00e0cticament amb 1-0 per la seua afici\u00f3 i hem de tindre personalitat per a jugar en aquests camps. Hem de fer el nostre futbol. Des del cos t\u00e8cnic estem contents perqu\u00e8 creuen en ells juguem a casa o fora i juguen amb tranquil\u00b7litat\u201d."},{"type":"paragraph","text":"Mes de mar\u00e7 m\u00e0gic"},{"type":"paragraph","text":"\u201cEn el futbol val el hui, no l\u2019ahir. Tenim un despla\u00e7ament preci\u00f3s a Tenerife en un camp amb un ambient incre\u00efble. Competim amb un magn\u00edfic equip que ens exigir\u00e0 molt com ja ens va fer ac\u00ed a casa, que es van posar 0-2 i aconseguim empatar\u201d."},{"type":"paragraph","text":"Volta d\u2019\u00cdker de la selecci\u00f3"},{"type":"paragraph","text":"\u201cEstem contents per tindre a tots, per\u00f2 si haguera de jugar Gianni tamb\u00e9 ho estar\u00edem\u201d."},{"type":"paragraph","text":"Per a veure la roda de premsa completa, punxa en el v\u00eddeo."},{"type":"video","kind":"iframe","url":"https:\/\/www.youtube.com\/embed\/M2HDi8iSYoU?feature=oembed","poster":""}]}],"hero":{"id":"section-1","title":"El Villarreal B visita l\u2019Heliodoro Rodr\u00edguez L\u00f3pez aquest dissabte a les 18.30h","text":"El Villarreal B visita l\u2019Heliodoro Rodr\u00edguez L\u00f3pez aquest dissabte a les 18.30h L\u2019entrenador del Villarreal B, Miguel \u00c1lvarez, va compar\u00e9ixer en la roda de premsa pr\u00e8via al partit contra el CD Tenerife, corresponent a la jornada 34 de LaLiga SmartBank, que tindr\u00e0 lloc aquest dissabte 1 d\u2019abril a les 18.30 hores en l\u2019Heliodoro Rodr\u00edguez L\u00f3pez. Aquestes s\u00f3n les declaracions del t\u00e8cnic groguet: Com arriba l\u2019equip \u201cMolt b\u00e9. Molt contents. Estem en bona l\u00ednia de resultats i sensacions. Estem amb ganes que arribe el dissabte per a competir una altra vegada\u201d Quin partit s\u2019espera \u201c\u00c9s un equip que est\u00e0 com nosaltres. Tot est\u00e0 molt comprimit. Espere un partit molt complicat, com sempre, perqu\u00e8 el Tenerife \u00e9s un equip totalment diferent a casa, amb un joc directe que et porta a la bogeria, un joc a pilota parada amb molt de perill i en les transicions. Segur que fora de casa han merescut m\u00e9s punts dels que porten, per\u00f2 on \u00e9s m\u00e9s fort \u00e9s a casa, nom\u00e9s cal veure el partit contra Las Palmas. Hem de treballar perqu\u00e8 no aparega aqueixa intensitat que tenen\u201d. Les claus \u201c\u00c9s un equip que juga b\u00e9 en atac posicional, per\u00f2 s\u00f3n molt bons en joc directe perqu\u00e8 et porten a un quatre contra quatre o cinc contra cinc i en les segones jugades. Les transicions s\u00f3n brutals i els davanters ataquen els espais molt b\u00e9. Tenen a dalt a gent amb experi\u00e8ncia en Primera, com Enric Gallego o Waldo. Cal combatre\u2019ls tenint personalitat. Ixen pr\u00e0cticament amb 1-0 per la seua afici\u00f3 i hem de tindre personalitat per a jugar en aquests camps. Hem de fer el nostre futbol. Des del cos t\u00e8cnic estem contents perqu\u00e8 creuen en ells juguem a casa o fora i juguen amb tranquil\u00b7litat\u201d. Mes de mar\u00e7 m\u00e0gic \u201cEn el futbol val el hui, no l\u2019ahir. Tenim un despla\u00e7ament preci\u00f3s a Tenerife en un camp amb un ambient incre\u00efble. Competim amb un magn\u00edfic equip que ens exigir\u00e0 molt com ja ens va fer ac\u00ed a casa, que es van posar 0-2 i aconseguim empatar\u201d. Volta d\u2019\u00cdker de la selecci\u00f3 \u201cEstem contents per tindre a tots, per\u00f2 si haguera de jugar Gianni tamb\u00e9 ho estar\u00edem\u201d. Per a veure la roda de premsa completa, punxa en el v\u00eddeo.","headings":[{"type":"heading","level":2,"text":"El Villarreal B visita l\u2019Heliodoro Rodr\u00edguez L\u00f3pez aquest dissabte a les 18.30h"}],"texts":[{"type":"paragraph","text":"L\u2019entrenador del Villarreal B, Miguel \u00c1lvarez, va compar\u00e9ixer en la roda de premsa pr\u00e8via al partit contra el CD Tenerife, corresponent a la jornada 34 de LaLiga SmartBank, que tindr\u00e0 lloc aquest dissabte 1 d\u2019abril a les 18.30 hores en l\u2019Heliodoro Rodr\u00edguez L\u00f3pez."},{"type":"paragraph","text":"Aquestes s\u00f3n les declaracions del t\u00e8cnic groguet:"},{"type":"paragraph","text":"Com arriba l\u2019equip"},{"type":"paragraph","text":"\u201cMolt b\u00e9. Molt contents. Estem en bona l\u00ednia de resultats i sensacions. Estem amb ganes que arribe el dissabte per a competir una altra vegada\u201d"},{"type":"paragraph","text":"Quin partit s\u2019espera"},{"type":"paragraph","text":"\u201c\u00c9s un equip que est\u00e0 com nosaltres. Tot est\u00e0 molt comprimit. Espere un partit molt complicat, com sempre, perqu\u00e8 el Tenerife \u00e9s un equip totalment diferent a casa, amb un joc directe que et porta a la bogeria, un joc a pilota parada amb molt de perill i en les transicions. Segur que fora de casa han merescut m\u00e9s punts dels que porten, per\u00f2 on \u00e9s m\u00e9s fort \u00e9s a casa, nom\u00e9s cal veure el partit contra Las Palmas. Hem de treballar perqu\u00e8 no aparega aqueixa intensitat que tenen\u201d."},{"type":"paragraph","text":"Les claus"},{"type":"paragraph","text":"\u201c\u00c9s un equip que juga b\u00e9 en atac posicional, per\u00f2 s\u00f3n molt bons en joc directe perqu\u00e8 et porten a un quatre contra quatre o cinc contra cinc i en les segones jugades. Les transicions s\u00f3n brutals i els davanters ataquen els espais molt b\u00e9. Tenen a dalt a gent amb experi\u00e8ncia en Primera, com Enric Gallego o Waldo. Cal combatre\u2019ls tenint personalitat. Ixen pr\u00e0cticament amb 1-0 per la seua afici\u00f3 i hem de tindre personalitat per a jugar en aquests camps. Hem de fer el nostre futbol. Des del cos t\u00e8cnic estem contents perqu\u00e8 creuen en ells juguem a casa o fora i juguen amb tranquil\u00b7litat\u201d."},{"type":"paragraph","text":"Mes de mar\u00e7 m\u00e0gic"},{"type":"paragraph","text":"\u201cEn el futbol val el hui, no l\u2019ahir. Tenim un despla\u00e7ament preci\u00f3s a Tenerife en un camp amb un ambient incre\u00efble. Competim amb un magn\u00edfic equip que ens exigir\u00e0 molt com ja ens va fer ac\u00ed a casa, que es van posar 0-2 i aconseguim empatar\u201d."},{"type":"paragraph","text":"Volta d\u2019\u00cdker de la selecci\u00f3"},{"type":"paragraph","text":"\u201cEstem contents per tindre a tots, per\u00f2 si haguera de jugar Gianni tamb\u00e9 ho estar\u00edem\u201d."},{"type":"paragraph","text":"Per a veure la roda de premsa completa, punxa en el v\u00eddeo."}],"buttons":[],"images":[],"widgets":[],"blocks":[{"type":"heading","level":2,"text":"El Villarreal B visita l\u2019Heliodoro Rodr\u00edguez L\u00f3pez aquest dissabte a les 18.30h"},{"type":"paragraph","text":"L\u2019entrenador del Villarreal B, Miguel \u00c1lvarez, va compar\u00e9ixer en la roda de premsa pr\u00e8via al partit contra el CD Tenerife, corresponent a la jornada 34 de LaLiga SmartBank, que tindr\u00e0 lloc aquest dissabte 1 d\u2019abril a les 18.30 hores en l\u2019Heliodoro Rodr\u00edguez L\u00f3pez."},{"type":"paragraph","text":"Aquestes s\u00f3n les declaracions del t\u00e8cnic groguet:"},{"type":"paragraph","text":"Com arriba l\u2019equip"},{"type":"paragraph","text":"\u201cMolt b\u00e9. Molt contents. Estem en bona l\u00ednia de resultats i sensacions. Estem amb ganes que arribe el dissabte per a competir una altra vegada\u201d"},{"type":"paragraph","text":"Quin partit s\u2019espera"},{"type":"paragraph","text":"\u201c\u00c9s un equip que est\u00e0 com nosaltres. Tot est\u00e0 molt comprimit. Espere un partit molt complicat, com sempre, perqu\u00e8 el Tenerife \u00e9s un equip totalment diferent a casa, amb un joc directe que et porta a la bogeria, un joc a pilota parada amb molt de perill i en les transicions. Segur que fora de casa han merescut m\u00e9s punts dels que porten, per\u00f2 on \u00e9s m\u00e9s fort \u00e9s a casa, nom\u00e9s cal veure el partit contra Las Palmas. Hem de treballar perqu\u00e8 no aparega aqueixa intensitat que tenen\u201d."},{"type":"paragraph","text":"Les claus"},{"type":"paragraph","text":"\u201c\u00c9s un equip que juga b\u00e9 en atac posicional, per\u00f2 s\u00f3n molt bons en joc directe perqu\u00e8 et porten a un quatre contra quatre o cinc contra cinc i en les segones jugades. Les transicions s\u00f3n brutals i els davanters ataquen els espais molt b\u00e9. Tenen a dalt a gent amb experi\u00e8ncia en Primera, com Enric Gallego o Waldo. Cal combatre\u2019ls tenint personalitat. Ixen pr\u00e0cticament amb 1-0 per la seua afici\u00f3 i hem de tindre personalitat per a jugar en aquests camps. Hem de fer el nostre futbol. Des del cos t\u00e8cnic estem contents perqu\u00e8 creuen en ells juguem a casa o fora i juguen amb tranquil\u00b7litat\u201d."},{"type":"paragraph","text":"Mes de mar\u00e7 m\u00e0gic"},{"type":"paragraph","text":"\u201cEn el futbol val el hui, no l\u2019ahir. Tenim un despla\u00e7ament preci\u00f3s a Tenerife en un camp amb un ambient incre\u00efble. Competim amb un magn\u00edfic equip que ens exigir\u00e0 molt com ja ens va fer ac\u00ed a casa, que es van posar 0-2 i aconseguim empatar\u201d."},{"type":"paragraph","text":"Volta d\u2019\u00cdker de la selecci\u00f3"},{"type":"paragraph","text":"\u201cEstem contents per tindre a tots, per\u00f2 si haguera de jugar Gianni tamb\u00e9 ho estar\u00edem\u201d."},{"type":"paragraph","text":"Per a veure la roda de premsa completa, punxa en el v\u00eddeo."},{"type":"video","kind":"iframe","url":"https:\/\/www.youtube.com\/embed\/M2HDi8iSYoU?feature=oembed","poster":""}]}},"sections":[{"id":"section-1","title":"El Villarreal B visita l\u2019Heliodoro Rodr\u00edguez L\u00f3pez aquest dissabte a les 18.30h","text":"El Villarreal B visita l\u2019Heliodoro Rodr\u00edguez L\u00f3pez aquest dissabte a les 18.30h L\u2019entrenador del Villarreal B, Miguel \u00c1lvarez, va compar\u00e9ixer en la roda de premsa pr\u00e8via al partit contra el CD Tenerife, corresponent a la jornada 34 de LaLiga SmartBank, que tindr\u00e0 lloc aquest dissabte 1 d\u2019abril a les 18.30 hores en l\u2019Heliodoro Rodr\u00edguez L\u00f3pez. Aquestes s\u00f3n les declaracions del t\u00e8cnic groguet: Com arriba l\u2019equip \u201cMolt b\u00e9. Molt contents. Estem en bona l\u00ednia de resultats i sensacions. Estem amb ganes que arribe el dissabte per a competir una altra vegada\u201d Quin partit s\u2019espera \u201c\u00c9s un equip que est\u00e0 com nosaltres. Tot est\u00e0 molt comprimit. Espere un partit molt complicat, com sempre, perqu\u00e8 el Tenerife \u00e9s un equip totalment diferent a casa, amb un joc directe que et porta a la bogeria, un joc a pilota parada amb molt de perill i en les transicions. Segur que fora de casa han merescut m\u00e9s punts dels que porten, per\u00f2 on \u00e9s m\u00e9s fort \u00e9s a casa, nom\u00e9s cal veure el partit contra Las Palmas. Hem de treballar perqu\u00e8 no aparega aqueixa intensitat que tenen\u201d. Les claus \u201c\u00c9s un equip que juga b\u00e9 en atac posicional, per\u00f2 s\u00f3n molt bons en joc directe perqu\u00e8 et porten a un quatre contra quatre o cinc contra cinc i en les segones jugades. Les transicions s\u00f3n brutals i els davanters ataquen els espais molt b\u00e9. Tenen a dalt a gent amb experi\u00e8ncia en Primera, com Enric Gallego o Waldo. Cal combatre\u2019ls tenint personalitat. Ixen pr\u00e0cticament amb 1-0 per la seua afici\u00f3 i hem de tindre personalitat per a jugar en aquests camps. Hem de fer el nostre futbol. Des del cos t\u00e8cnic estem contents perqu\u00e8 creuen en ells juguem a casa o fora i juguen amb tranquil\u00b7litat\u201d. Mes de mar\u00e7 m\u00e0gic \u201cEn el futbol val el hui, no l\u2019ahir. Tenim un despla\u00e7ament preci\u00f3s a Tenerife en un camp amb un ambient incre\u00efble. Competim amb un magn\u00edfic equip que ens exigir\u00e0 molt com ja ens va fer ac\u00ed a casa, que es van posar 0-2 i aconseguim empatar\u201d. Volta d\u2019\u00cdker de la selecci\u00f3 \u201cEstem contents per tindre a tots, per\u00f2 si haguera de jugar Gianni tamb\u00e9 ho estar\u00edem\u201d. Per a veure la roda de premsa completa, punxa en el v\u00eddeo.","url":"","background_image":"","images":[],"videos":[{"type":"video","kind":"iframe","url":"https:\/\/www.youtube.com\/embed\/M2HDi8iSYoU?feature=oembed","poster":""}],"links":[]}]},"excerpt":{"rendered":"El Villarreal B visita el Heliodoro Rodr\u00edguez L\u00f3pez este s\u00e1bado a las 18.30h","protected":false},"author":1,"featured_media":259793,"comment_status":"closed","ping_status":"closed","sticky":false,"template":"","format":"standard","meta":{"_acf_changed":false,"footnotes":""},"categories":[13803],"tags":[10325,13836,9270,13241,14339,9680,716,9205,9627,9203],"acf":null,"lang":"val","translations":{"es":259790,"en":259823,"val":259829},"essential_grid":{"has_grid":false},"formatted_date":"March 30, 2023","modified_date":"March 30, 2023","permalink":"https:\/\/villarrealcf.es\/val\/miguel-alvarez-el-tenerife-es-muy-fuerte-en-su-casa\/","reading_time":3,"featured_media_data":{"id":259793,"title":"NOTICIA RDP MIGUEL","caption":"","alt_text":"","description":"","mime_type":"image\/jpeg","source_url":"https:\/\/villarrealcf.es\/wp-content\/uploads\/2023\/03\/NOTICIA-RDP-MIGUEL.jpg","sizes":{"thumbnail":{"url":"https:\/\/villarrealcf.es\/wp-content\/uploads\/2023\/03\/NOTICIA-RDP-MIGUEL-1920x1080.jpg","width":1920,"height":1080},"medium":{"url":"https:\/\/villarrealcf.es\/wp-content\/uploads\/2023\/03\/NOTICIA-RDP-MIGUEL-1920x1080.jpg","width":1920,"height":1080},"medium_large":{"url":"https:\/\/villarrealcf.es\/wp-content\/uploads\/2023\/03\/NOTICIA-RDP-MIGUEL-768x432.jpg","width":768,"height":432},"large":{"url":"https:\/\/villarrealcf.es\/wp-content\/uploads\/2023\/03\/NOTICIA-RDP-MIGUEL-1920x1080.jpg","width":788,"height":443},"1536x1536":{"url":"https:\/\/villarrealcf.es\/wp-content\/uploads\/2023\/03\/NOTICIA-RDP-MIGUEL-1536x864.jpg","width":1536,"height":864},"2048x2048":{"url":"https:\/\/villarrealcf.es\/wp-content\/uploads\/2023\/03\/NOTICIA-RDP-MIGUEL-2048x1152.jpg","width":2048,"height":1152},"tp-image-grid":{"url":"https:\/\/villarrealcf.es\/wp-content\/uploads\/2023\/03\/NOTICIA-RDP-MIGUEL-700x700.jpg","width":700,"height":700},"size-bunyad-medium":{"url":"https:\/\/villarrealcf.es\/wp-content\/uploads\/2023\/03\/NOTICIA-RDP-MIGUEL-1920x1080.jpg","width":1920,"height":1080},"sportspress-crop-medium":{"url":"https:\/\/villarrealcf.es\/wp-content\/uploads\/2023\/03\/NOTICIA-RDP-MIGUEL-300x300.jpg","width":300,"height":300},"sportspress-fit-medium":{"url":"https:\/\/villarrealcf.es\/wp-content\/uploads\/2023\/03\/NOTICIA-RDP-MIGUEL-300x169.jpg","width":300,"height":169},"sportspress-fit-icon":{"url":"https:\/\/villarrealcf.es\/wp-content\/uploads\/2023\/03\/NOTICIA-RDP-MIGUEL-128x72.jpg","width":128,"height":72},"sportspress-fit-mini":{"url":"https:\/\/villarrealcf.es\/wp-content\/uploads\/2023\/03\/NOTICIA-RDP-MIGUEL-32x18.jpg","width":32,"height":18},"bunyad-small":{"url":"https:\/\/villarrealcf.es\/wp-content\/uploads\/2023\/03\/NOTICIA-RDP-MIGUEL-150x84.jpg","width":150,"height":84},"bunyad-medium":{"url":"https:\/\/villarrealcf.es\/wp-content\/uploads\/2023\/03\/NOTICIA-RDP-MIGUEL-450x253.jpg","width":450,"height":253},"bunyad-full":{"url":"https:\/\/villarrealcf.es\/wp-content\/uploads\/2023\/03\/NOTICIA-RDP-MIGUEL-1200x675.jpg","width":1200,"height":675},"bunyad-viewport":{"url":"https:\/\/villarrealcf.es\/wp-content\/uploads\/2023\/03\/NOTICIA-RDP-MIGUEL-2048x1152.jpg","width":2048,"height":1152},"bunyad-768":{"url":"https:\/\/villarrealcf.es\/wp-content\/uploads\/2023\/03\/NOTICIA-RDP-MIGUEL-768x432.jpg","width":768,"height":432},"full":{"url":"https:\/\/villarrealcf.es\/wp-content\/uploads\/2023\/03\/NOTICIA-RDP-MIGUEL.jpg","width":2362,"height":1329}}},"author_data":{"id":"1","name":"root_envidea","first_name":"Villarreal CF","last_name":"","description":"","avatar_url":"https:\/\/secure.gravatar.com\/avatar\/48f95f42a3ccc324f3a3458e4b9e6fb070b083e99d388e170c1afb061fa99b63?s=96&d=mm&r=g","acf":null},"taxonomies_data":{"category":[{"id":13803,"name":"Futbol base","slug":"futbol-base-val-2","acf":null}],"post_tag":[{"id":10325,"name":"Cantera Grogueta","slug":"cantera-grogueta-val","acf":null},{"id":13836,"name":"CD Tenerife","slug":"cd-tenerife-2-val","acf":null},{"id":9270,"name":"Futbol","slug":"futbol-val","acf":null},{"id":13241,"name":"LaLiga Smartbank","slug":"laliga-smartbank-val","acf":null},{"id":14339,"name":"Miguel Alvarez","slug":"miguel-alvarez-3-val","acf":null},{"id":9680,"name":"Rueda de prensa","slug":"rueda-de-prensa-val","acf":null},{"id":716,"name":"Soccer","slug":"soccer-d105","acf":null},{"id":9205,"name":"Submarino","slug":"submarino-val","acf":null},{"id":9627,"name":"Submarino Amarillo","slug":"submarino-amarillo-val","acf":null},{"id":9203,"name":"Villarreal CF","slug":"villarreal-cf-val","acf":null}],"translation_priority":[{"id":735,"name":"Optional","slug":"optional-val","acf":null}]},"seo_full":{"native":{"title":"Miguel \u00c1lvarez: &#8220;El Tenerife \u00e9s molt fort a la seua casa&#8221; - Web Oficial del Villarreal CF","description":"El Villarreal B visita el Heliodoro Rodr\u00edguez L\u00f3pez este s\u00e1bado a las 18.30h","canonical":"https:\/\/villarrealcf.es\/val\/miguel-alvarez-el-tenerife-es-muy-fuerte-en-su-casa\/"}},"_links":{"self":[{"href":"https:\/\/villarrealcf.es\/val\/wp-json\/wp\/v2\/posts\/259829","targetHints":{"allow":["GET"]}}],"collection":[{"href":"https:\/\/villarrealcf.es\/val\/wp-json\/wp\/v2\/posts"}],"about":[{"href":"https:\/\/villarrealcf.es\/val\/wp-json\/wp\/v2\/types\/post"}],"author":[{"embeddable":true,"href":"https:\/\/villarrealcf.es\/val\/wp-json\/wp\/v2\/users\/1"}],"replies":[{"embeddable":true,"href":"https:\/\/villarrealcf.es\/val\/wp-json\/wp\/v2\/comments?post=259829"}],"version-history":[{"count":0,"href":"https:\/\/villarrealcf.es\/val\/wp-json\/wp\/v2\/posts\/259829\/revisions"}],"wp:featuredmedia":[{"embeddable":true,"href":"https:\/\/villarrealcf.es\/val\/wp-json\/wp\/v2\/media\/259793"}],"wp:attachment":[{"href":"https:\/\/villarrealcf.es\/val\/wp-json\/wp\/v2\/media?parent=259829"}],"wp:term":[{"taxonomy":"category","embeddable":true,"href":"https:\/\/villarrealcf.es\/val\/wp-json\/wp\/v2\/categories?post=259829"},{"taxonomy":"post_tag","embeddable":true,"href":"https:\/\/villarrealcf.es\/val\/wp-json\/wp\/v2\/tags?post=259829"}],"curies":[{"name":"wp","href":"https:\/\/api.w.org\/{rel}","templated":true}]}}