{"id":259178,"date":"2023-03-28T12:59:12","date_gmt":"2023-03-28T10:59:12","guid":{"rendered":"https:\/\/villarrealcf.es\/\/si-sheila-marca-el-villarreal-sonrie\/"},"modified":"2023-03-28T13:27:05","modified_gmt":"2023-03-28T11:27:05","slug":"si-sheila-marca-el-villarreal-somriu","status":"publish","type":"post","link":"https:\/\/villarrealcf.es\/val\/si-sheila-marca-el-villarreal-somriu\/","title":{"rendered":"Si Sheila marca, el Villarreal somriu"},"content":{"protected":false,"blocks":[{"type":"heading","level":2,"text":"Els 10 gols de la davantera valenciana es tradueixen directament en punts per a l\u2019equip de Sara Monforte"},{"type":"paragraph","text":"Si Sheila marca, el Villarreal somriu i suma punts en la Finetwork Lliga F. La davantera valenciana \u00e9s la dona gol del Submar\u00ed. Porta 10 gols aquesta temporada i \u00e9s la gran golejadora del conjunt groguet."},{"type":"paragraph","text":"La desena de tants aconseguits per l\u2019artillera de la Pobla de Farnals es tradueixen directament en punts per al Villarreal Femen\u00ed. Sempre que celebra un gol, el Submar\u00ed s\u2019emporta un valu\u00f3s bot\u00ed."},{"type":"paragraph","text":"Es va estrenar en gran aquesta temporada amb un doblet en la contundent vict\u00f2ria grogueta davant el Deportivo Alav\u00e9s (0-4). Posteriorment, en la jornada 7, va igualar el derbi davant el Valencia per a sumar un punt vital (1-1). El seu idil\u00b7li amb el gol va continuar dues jornades despr\u00e9s obrint el marcador en el triomf davant el Madrid CFF (1-2)."},{"type":"image","url":"https:\/\/villarrealcf.es\/\/wp-content\/uploads\/2023\/03\/639db0d1be109898246101-1620x1080.jpg","alt":"","width":1620,"height":1080,"srcset":"https:\/\/villarrealcf.es\/wp-content\/uploads\/2023\/03\/639db0d1be109898246101-1620x1080.jpg 1620w, https:\/\/villarrealcf.es\/\/wp-content\/uploads\/2023\/03\/639db0d1be109898246101-1620x1080.jpg 1920w, https:\/\/villarrealcf.es\/wp-content\/uploads\/2023\/03\/639db0d1be109898246101-1536x1024.jpg 1536w, https:\/\/villarrealcf.es\/wp-content\/uploads\/2023\/03\/639db0d1be109898246101-2048x1365.jpg 2048w, https:\/\/villarrealcf.es\/\/wp-content\/uploads\/2023\/03\/639db0d1be109898246101-1620x1080.jpg 1920w, https:\/\/villarrealcf.es\/\/wp-content\/uploads\/2023\/03\/639db0d1be109898246101-1620x1080.jpg 1920w, https:\/\/villarrealcf.es\/wp-content\/uploads\/2023\/03\/639db0d1be109898246101-32x21.jpg 32w, https:\/\/villarrealcf.es\/wp-content\/uploads\/2023\/03\/639db0d1be109898246101-150x100.jpg 150w, https:\/\/villarrealcf.es\/\/wp-content\/uploads\/2023\/03\/639db0d1be109898246101-1620x1080.jpg 1920w, https:\/\/villarrealcf.es\/wp-content\/uploads\/2023\/03\/639db0d1be109898246101-1200x800.jpg 1200w","sizes":"auto, (max-width: 1620px) 100vw, 1620px"},{"type":"paragraph","text":"Molt m\u00e9s recents queda la providencial diana de Sheila davant del Deportivo Alav\u00e9s a casa (1-0), que tamb\u00e9 va significar la vict\u00f2ria per la m\u00ednima. I en aquest mes de mar\u00e7, va obrir la llanda amb un gol de penal en el triomf front l\u2019Alhama CF (3-1)."},{"type":"paragraph","text":"Per si no fos prou. un fant\u00e0stic doblet davant el Levante Las Planas (2-2), un gol davant l\u2019Atleti (2-2) i un altre aquesta setmana un gol per a igualar el xoc enfront del Real Betis (1-1) tamb\u00e9 li van donar ales -i punts- al Submar\u00ed."}],"structured":{"summary":{"text":"Els 10 gols de la davantera valenciana es tradueixen directament en punts per a l\u2019equip de Sara Monforte Si Sheila marca, el Villarreal somriu i suma punts en la Finetwork Lliga F. La davantera valenciana \u00e9s la dona gol del Submar\u00ed. Porta 10 gols aquesta temporada i \u00e9s la gran golejadora del conjunt groguet. La desena de tants aconseguits per l\u2019artillera de la Pobla de Farnals es tradueixen directament en punts per al Villarreal Femen\u00ed. Sempre que celebra un gol, el Submar\u00ed s\u2019emporta un valu\u00f3s bot\u00ed. Es va estrenar en gran aquesta temporada amb un doblet en la contundent vict\u00f2ria grogueta davant el Deportivo Alav\u00e9s (0-4). Posteriorment, en la jornada 7, va igualar el derbi davant el Valencia per a sumar un punt vital (1-1). El seu idil\u00b7li amb el gol va continuar dues jornades despr\u00e9s obrint el marcador en el triomf davant el Madrid CFF (1-2). Molt m\u00e9s recents queda la providencial diana de Sheila davant del Deportivo Alav\u00e9s a casa (1-0), que tamb\u00e9 va significar la vict\u00f2ria per la m\u00ednima. I en aquest mes de mar\u00e7, va obrir la llanda amb un gol de penal en el triomf front l\u2019Alhama CF (3-1). Per si no fos prou. un fant\u00e0stic doblet davant el Levante Las Planas (2-2), un gol davant l\u2019Atleti (2-2) i un altre aquesta setmana un gol per a igualar el xoc enfront del Real Betis (1-1) tamb\u00e9 li van donar ales -i punts- al Submar\u00ed.","headings":[{"type":"heading","level":2,"text":"Els 10 gols de la davantera valenciana es tradueixen directament en punts per a l\u2019equip de Sara Monforte"}],"buttons":[],"images":[{"type":"image","url":"https:\/\/villarrealcf.es\/\/wp-content\/uploads\/2023\/03\/639db0d1be109898246101-1620x1080.jpg","alt":"","width":1620,"height":1080,"srcset":"https:\/\/villarrealcf.es\/wp-content\/uploads\/2023\/03\/639db0d1be109898246101-1620x1080.jpg 1620w, https:\/\/villarrealcf.es\/\/wp-content\/uploads\/2023\/03\/639db0d1be109898246101-1620x1080.jpg 1920w, https:\/\/villarrealcf.es\/wp-content\/uploads\/2023\/03\/639db0d1be109898246101-1536x1024.jpg 1536w, https:\/\/villarrealcf.es\/wp-content\/uploads\/2023\/03\/639db0d1be109898246101-2048x1365.jpg 2048w, https:\/\/villarrealcf.es\/\/wp-content\/uploads\/2023\/03\/639db0d1be109898246101-1620x1080.jpg 1920w, https:\/\/villarrealcf.es\/\/wp-content\/uploads\/2023\/03\/639db0d1be109898246101-1620x1080.jpg 1920w, https:\/\/villarrealcf.es\/wp-content\/uploads\/2023\/03\/639db0d1be109898246101-32x21.jpg 32w, https:\/\/villarrealcf.es\/wp-content\/uploads\/2023\/03\/639db0d1be109898246101-150x100.jpg 150w, https:\/\/villarrealcf.es\/\/wp-content\/uploads\/2023\/03\/639db0d1be109898246101-1620x1080.jpg 1920w, https:\/\/villarrealcf.es\/wp-content\/uploads\/2023\/03\/639db0d1be109898246101-1200x800.jpg 1200w","sizes":"auto, (max-width: 1620px) 100vw, 1620px"}],"counts":{"blocks":7,"headings":1,"texts":5,"buttons":0,"images":1}},"sections":[{"id":"section-1","title":"Els 10 gols de la davantera valenciana es tradueixen directament en punts per a l\u2019equip de Sara Monforte","text":"Els 10 gols de la davantera valenciana es tradueixen directament en punts per a l\u2019equip de Sara Monforte Si Sheila marca, el Villarreal somriu i suma punts en la Finetwork Lliga F. La davantera valenciana \u00e9s la dona gol del Submar\u00ed. Porta 10 gols aquesta temporada i \u00e9s la gran golejadora del conjunt groguet. La desena de tants aconseguits per l\u2019artillera de la Pobla de Farnals es tradueixen directament en punts per al Villarreal Femen\u00ed. Sempre que celebra un gol, el Submar\u00ed s\u2019emporta un valu\u00f3s bot\u00ed. Es va estrenar en gran aquesta temporada amb un doblet en la contundent vict\u00f2ria grogueta davant el Deportivo Alav\u00e9s (0-4). Posteriorment, en la jornada 7, va igualar el derbi davant el Valencia per a sumar un punt vital (1-1). El seu idil\u00b7li amb el gol va continuar dues jornades despr\u00e9s obrint el marcador en el triomf davant el Madrid CFF (1-2). Molt m\u00e9s recents queda la providencial diana de Sheila davant del Deportivo Alav\u00e9s a casa (1-0), que tamb\u00e9 va significar la vict\u00f2ria per la m\u00ednima. I en aquest mes de mar\u00e7, va obrir la llanda amb un gol de penal en el triomf front l\u2019Alhama CF (3-1). Per si no fos prou. un fant\u00e0stic doblet davant el Levante Las Planas (2-2), un gol davant l\u2019Atleti (2-2) i un altre aquesta setmana un gol per a igualar el xoc enfront del Real Betis (1-1) tamb\u00e9 li van donar ales -i punts- al Submar\u00ed.","headings":[{"type":"heading","level":2,"text":"Els 10 gols de la davantera valenciana es tradueixen directament en punts per a l\u2019equip de Sara Monforte"}],"texts":[{"type":"paragraph","text":"Si Sheila marca, el Villarreal somriu i suma punts en la Finetwork Lliga F. La davantera valenciana \u00e9s la dona gol del Submar\u00ed. Porta 10 gols aquesta temporada i \u00e9s la gran golejadora del conjunt groguet."},{"type":"paragraph","text":"La desena de tants aconseguits per l\u2019artillera de la Pobla de Farnals es tradueixen directament en punts per al Villarreal Femen\u00ed. Sempre que celebra un gol, el Submar\u00ed s\u2019emporta un valu\u00f3s bot\u00ed."},{"type":"paragraph","text":"Es va estrenar en gran aquesta temporada amb un doblet en la contundent vict\u00f2ria grogueta davant el Deportivo Alav\u00e9s (0-4). Posteriorment, en la jornada 7, va igualar el derbi davant el Valencia per a sumar un punt vital (1-1). El seu idil\u00b7li amb el gol va continuar dues jornades despr\u00e9s obrint el marcador en el triomf davant el Madrid CFF (1-2)."},{"type":"paragraph","text":"Molt m\u00e9s recents queda la providencial diana de Sheila davant del Deportivo Alav\u00e9s a casa (1-0), que tamb\u00e9 va significar la vict\u00f2ria per la m\u00ednima. I en aquest mes de mar\u00e7, va obrir la llanda amb un gol de penal en el triomf front l\u2019Alhama CF (3-1)."},{"type":"paragraph","text":"Per si no fos prou. un fant\u00e0stic doblet davant el Levante Las Planas (2-2), un gol davant l\u2019Atleti (2-2) i un altre aquesta setmana un gol per a igualar el xoc enfront del Real Betis (1-1) tamb\u00e9 li van donar ales -i punts- al Submar\u00ed."}],"buttons":[],"images":[{"type":"image","url":"https:\/\/villarrealcf.es\/\/wp-content\/uploads\/2023\/03\/639db0d1be109898246101-1620x1080.jpg","alt":"","width":1620,"height":1080,"srcset":"https:\/\/villarrealcf.es\/wp-content\/uploads\/2023\/03\/639db0d1be109898246101-1620x1080.jpg 1620w, https:\/\/villarrealcf.es\/\/wp-content\/uploads\/2023\/03\/639db0d1be109898246101-1620x1080.jpg 1920w, https:\/\/villarrealcf.es\/wp-content\/uploads\/2023\/03\/639db0d1be109898246101-1536x1024.jpg 1536w, https:\/\/villarrealcf.es\/wp-content\/uploads\/2023\/03\/639db0d1be109898246101-2048x1365.jpg 2048w, https:\/\/villarrealcf.es\/\/wp-content\/uploads\/2023\/03\/639db0d1be109898246101-1620x1080.jpg 1920w, https:\/\/villarrealcf.es\/\/wp-content\/uploads\/2023\/03\/639db0d1be109898246101-1620x1080.jpg 1920w, https:\/\/villarrealcf.es\/wp-content\/uploads\/2023\/03\/639db0d1be109898246101-32x21.jpg 32w, https:\/\/villarrealcf.es\/wp-content\/uploads\/2023\/03\/639db0d1be109898246101-150x100.jpg 150w, https:\/\/villarrealcf.es\/\/wp-content\/uploads\/2023\/03\/639db0d1be109898246101-1620x1080.jpg 1920w, https:\/\/villarrealcf.es\/wp-content\/uploads\/2023\/03\/639db0d1be109898246101-1200x800.jpg 1200w","sizes":"auto, (max-width: 1620px) 100vw, 1620px"}],"widgets":[],"blocks":[{"type":"heading","level":2,"text":"Els 10 gols de la davantera valenciana es tradueixen directament en punts per a l\u2019equip de Sara Monforte"},{"type":"paragraph","text":"Si Sheila marca, el Villarreal somriu i suma punts en la Finetwork Lliga F. La davantera valenciana \u00e9s la dona gol del Submar\u00ed. Porta 10 gols aquesta temporada i \u00e9s la gran golejadora del conjunt groguet."},{"type":"paragraph","text":"La desena de tants aconseguits per l\u2019artillera de la Pobla de Farnals es tradueixen directament en punts per al Villarreal Femen\u00ed. Sempre que celebra un gol, el Submar\u00ed s\u2019emporta un valu\u00f3s bot\u00ed."},{"type":"paragraph","text":"Es va estrenar en gran aquesta temporada amb un doblet en la contundent vict\u00f2ria grogueta davant el Deportivo Alav\u00e9s (0-4). Posteriorment, en la jornada 7, va igualar el derbi davant el Valencia per a sumar un punt vital (1-1). El seu idil\u00b7li amb el gol va continuar dues jornades despr\u00e9s obrint el marcador en el triomf davant el Madrid CFF (1-2)."},{"type":"image","url":"https:\/\/villarrealcf.es\/\/wp-content\/uploads\/2023\/03\/639db0d1be109898246101-1620x1080.jpg","alt":"","width":1620,"height":1080,"srcset":"https:\/\/villarrealcf.es\/wp-content\/uploads\/2023\/03\/639db0d1be109898246101-1620x1080.jpg 1620w, https:\/\/villarrealcf.es\/\/wp-content\/uploads\/2023\/03\/639db0d1be109898246101-1620x1080.jpg 1920w, https:\/\/villarrealcf.es\/wp-content\/uploads\/2023\/03\/639db0d1be109898246101-1536x1024.jpg 1536w, https:\/\/villarrealcf.es\/wp-content\/uploads\/2023\/03\/639db0d1be109898246101-2048x1365.jpg 2048w, https:\/\/villarrealcf.es\/\/wp-content\/uploads\/2023\/03\/639db0d1be109898246101-1620x1080.jpg 1920w, https:\/\/villarrealcf.es\/\/wp-content\/uploads\/2023\/03\/639db0d1be109898246101-1620x1080.jpg 1920w, https:\/\/villarrealcf.es\/wp-content\/uploads\/2023\/03\/639db0d1be109898246101-32x21.jpg 32w, https:\/\/villarrealcf.es\/wp-content\/uploads\/2023\/03\/639db0d1be109898246101-150x100.jpg 150w, https:\/\/villarrealcf.es\/\/wp-content\/uploads\/2023\/03\/639db0d1be109898246101-1620x1080.jpg 1920w, https:\/\/villarrealcf.es\/wp-content\/uploads\/2023\/03\/639db0d1be109898246101-1200x800.jpg 1200w","sizes":"auto, (max-width: 1620px) 100vw, 1620px"},{"type":"paragraph","text":"Molt m\u00e9s recents queda la providencial diana de Sheila davant del Deportivo Alav\u00e9s a casa (1-0), que tamb\u00e9 va significar la vict\u00f2ria per la m\u00ednima. I en aquest mes de mar\u00e7, va obrir la llanda amb un gol de penal en el triomf front l\u2019Alhama CF (3-1)."},{"type":"paragraph","text":"Per si no fos prou. un fant\u00e0stic doblet davant el Levante Las Planas (2-2), un gol davant l\u2019Atleti (2-2) i un altre aquesta setmana un gol per a igualar el xoc enfront del Real Betis (1-1) tamb\u00e9 li van donar ales -i punts- al Submar\u00ed."}]}],"hero":{"id":"section-1","title":"Els 10 gols de la davantera valenciana es tradueixen directament en punts per a l\u2019equip de Sara Monforte","text":"Els 10 gols de la davantera valenciana es tradueixen directament en punts per a l\u2019equip de Sara Monforte Si Sheila marca, el Villarreal somriu i suma punts en la Finetwork Lliga F. La davantera valenciana \u00e9s la dona gol del Submar\u00ed. Porta 10 gols aquesta temporada i \u00e9s la gran golejadora del conjunt groguet. La desena de tants aconseguits per l\u2019artillera de la Pobla de Farnals es tradueixen directament en punts per al Villarreal Femen\u00ed. Sempre que celebra un gol, el Submar\u00ed s\u2019emporta un valu\u00f3s bot\u00ed. Es va estrenar en gran aquesta temporada amb un doblet en la contundent vict\u00f2ria grogueta davant el Deportivo Alav\u00e9s (0-4). Posteriorment, en la jornada 7, va igualar el derbi davant el Valencia per a sumar un punt vital (1-1). El seu idil\u00b7li amb el gol va continuar dues jornades despr\u00e9s obrint el marcador en el triomf davant el Madrid CFF (1-2). Molt m\u00e9s recents queda la providencial diana de Sheila davant del Deportivo Alav\u00e9s a casa (1-0), que tamb\u00e9 va significar la vict\u00f2ria per la m\u00ednima. I en aquest mes de mar\u00e7, va obrir la llanda amb un gol de penal en el triomf front l\u2019Alhama CF (3-1). Per si no fos prou. un fant\u00e0stic doblet davant el Levante Las Planas (2-2), un gol davant l\u2019Atleti (2-2) i un altre aquesta setmana un gol per a igualar el xoc enfront del Real Betis (1-1) tamb\u00e9 li van donar ales -i punts- al Submar\u00ed.","headings":[{"type":"heading","level":2,"text":"Els 10 gols de la davantera valenciana es tradueixen directament en punts per a l\u2019equip de Sara Monforte"}],"texts":[{"type":"paragraph","text":"Si Sheila marca, el Villarreal somriu i suma punts en la Finetwork Lliga F. La davantera valenciana \u00e9s la dona gol del Submar\u00ed. Porta 10 gols aquesta temporada i \u00e9s la gran golejadora del conjunt groguet."},{"type":"paragraph","text":"La desena de tants aconseguits per l\u2019artillera de la Pobla de Farnals es tradueixen directament en punts per al Villarreal Femen\u00ed. Sempre que celebra un gol, el Submar\u00ed s\u2019emporta un valu\u00f3s bot\u00ed."},{"type":"paragraph","text":"Es va estrenar en gran aquesta temporada amb un doblet en la contundent vict\u00f2ria grogueta davant el Deportivo Alav\u00e9s (0-4). Posteriorment, en la jornada 7, va igualar el derbi davant el Valencia per a sumar un punt vital (1-1). El seu idil\u00b7li amb el gol va continuar dues jornades despr\u00e9s obrint el marcador en el triomf davant el Madrid CFF (1-2)."},{"type":"paragraph","text":"Molt m\u00e9s recents queda la providencial diana de Sheila davant del Deportivo Alav\u00e9s a casa (1-0), que tamb\u00e9 va significar la vict\u00f2ria per la m\u00ednima. I en aquest mes de mar\u00e7, va obrir la llanda amb un gol de penal en el triomf front l\u2019Alhama CF (3-1)."},{"type":"paragraph","text":"Per si no fos prou. un fant\u00e0stic doblet davant el Levante Las Planas (2-2), un gol davant l\u2019Atleti (2-2) i un altre aquesta setmana un gol per a igualar el xoc enfront del Real Betis (1-1) tamb\u00e9 li van donar ales -i punts- al Submar\u00ed."}],"buttons":[],"images":[{"type":"image","url":"https:\/\/villarrealcf.es\/\/wp-content\/uploads\/2023\/03\/639db0d1be109898246101-1620x1080.jpg","alt":"","width":1620,"height":1080,"srcset":"https:\/\/villarrealcf.es\/wp-content\/uploads\/2023\/03\/639db0d1be109898246101-1620x1080.jpg 1620w, https:\/\/villarrealcf.es\/\/wp-content\/uploads\/2023\/03\/639db0d1be109898246101-1620x1080.jpg 1920w, https:\/\/villarrealcf.es\/wp-content\/uploads\/2023\/03\/639db0d1be109898246101-1536x1024.jpg 1536w, https:\/\/villarrealcf.es\/wp-content\/uploads\/2023\/03\/639db0d1be109898246101-2048x1365.jpg 2048w, https:\/\/villarrealcf.es\/\/wp-content\/uploads\/2023\/03\/639db0d1be109898246101-1620x1080.jpg 1920w, https:\/\/villarrealcf.es\/\/wp-content\/uploads\/2023\/03\/639db0d1be109898246101-1620x1080.jpg 1920w, https:\/\/villarrealcf.es\/wp-content\/uploads\/2023\/03\/639db0d1be109898246101-32x21.jpg 32w, https:\/\/villarrealcf.es\/wp-content\/uploads\/2023\/03\/639db0d1be109898246101-150x100.jpg 150w, https:\/\/villarrealcf.es\/\/wp-content\/uploads\/2023\/03\/639db0d1be109898246101-1620x1080.jpg 1920w, https:\/\/villarrealcf.es\/wp-content\/uploads\/2023\/03\/639db0d1be109898246101-1200x800.jpg 1200w","sizes":"auto, (max-width: 1620px) 100vw, 1620px"}],"widgets":[],"blocks":[{"type":"heading","level":2,"text":"Els 10 gols de la davantera valenciana es tradueixen directament en punts per a l\u2019equip de Sara Monforte"},{"type":"paragraph","text":"Si Sheila marca, el Villarreal somriu i suma punts en la Finetwork Lliga F. La davantera valenciana \u00e9s la dona gol del Submar\u00ed. Porta 10 gols aquesta temporada i \u00e9s la gran golejadora del conjunt groguet."},{"type":"paragraph","text":"La desena de tants aconseguits per l\u2019artillera de la Pobla de Farnals es tradueixen directament en punts per al Villarreal Femen\u00ed. Sempre que celebra un gol, el Submar\u00ed s\u2019emporta un valu\u00f3s bot\u00ed."},{"type":"paragraph","text":"Es va estrenar en gran aquesta temporada amb un doblet en la contundent vict\u00f2ria grogueta davant el Deportivo Alav\u00e9s (0-4). Posteriorment, en la jornada 7, va igualar el derbi davant el Valencia per a sumar un punt vital (1-1). El seu idil\u00b7li amb el gol va continuar dues jornades despr\u00e9s obrint el marcador en el triomf davant el Madrid CFF (1-2)."},{"type":"image","url":"https:\/\/villarrealcf.es\/\/wp-content\/uploads\/2023\/03\/639db0d1be109898246101-1620x1080.jpg","alt":"","width":1620,"height":1080,"srcset":"https:\/\/villarrealcf.es\/wp-content\/uploads\/2023\/03\/639db0d1be109898246101-1620x1080.jpg 1620w, https:\/\/villarrealcf.es\/\/wp-content\/uploads\/2023\/03\/639db0d1be109898246101-1620x1080.jpg 1920w, https:\/\/villarrealcf.es\/wp-content\/uploads\/2023\/03\/639db0d1be109898246101-1536x1024.jpg 1536w, https:\/\/villarrealcf.es\/wp-content\/uploads\/2023\/03\/639db0d1be109898246101-2048x1365.jpg 2048w, https:\/\/villarrealcf.es\/\/wp-content\/uploads\/2023\/03\/639db0d1be109898246101-1620x1080.jpg 1920w, https:\/\/villarrealcf.es\/\/wp-content\/uploads\/2023\/03\/639db0d1be109898246101-1620x1080.jpg 1920w, https:\/\/villarrealcf.es\/wp-content\/uploads\/2023\/03\/639db0d1be109898246101-32x21.jpg 32w, https:\/\/villarrealcf.es\/wp-content\/uploads\/2023\/03\/639db0d1be109898246101-150x100.jpg 150w, https:\/\/villarrealcf.es\/\/wp-content\/uploads\/2023\/03\/639db0d1be109898246101-1620x1080.jpg 1920w, https:\/\/villarrealcf.es\/wp-content\/uploads\/2023\/03\/639db0d1be109898246101-1200x800.jpg 1200w","sizes":"auto, (max-width: 1620px) 100vw, 1620px"},{"type":"paragraph","text":"Molt m\u00e9s recents queda la providencial diana de Sheila davant del Deportivo Alav\u00e9s a casa (1-0), que tamb\u00e9 va significar la vict\u00f2ria per la m\u00ednima. I en aquest mes de mar\u00e7, va obrir la llanda amb un gol de penal en el triomf front l\u2019Alhama CF (3-1)."},{"type":"paragraph","text":"Per si no fos prou. un fant\u00e0stic doblet davant el Levante Las Planas (2-2), un gol davant l\u2019Atleti (2-2) i un altre aquesta setmana un gol per a igualar el xoc enfront del Real Betis (1-1) tamb\u00e9 li van donar ales -i punts- al Submar\u00ed."}]}},"sections":[{"id":"section-1","title":"Els 10 gols de la davantera valenciana es tradueixen directament en punts per a l\u2019equip de Sara Monforte","text":"Els 10 gols de la davantera valenciana es tradueixen directament en punts per a l\u2019equip de Sara Monforte Si Sheila marca, el Villarreal somriu i suma punts en la Finetwork Lliga F. La davantera valenciana \u00e9s la dona gol del Submar\u00ed. Porta 10 gols aquesta temporada i \u00e9s la gran golejadora del conjunt groguet. La desena de tants aconseguits per l\u2019artillera de la Pobla de Farnals es tradueixen directament en punts per al Villarreal Femen\u00ed. Sempre que celebra un gol, el Submar\u00ed s\u2019emporta un valu\u00f3s bot\u00ed. Es va estrenar en gran aquesta temporada amb un doblet en la contundent vict\u00f2ria grogueta davant el Deportivo Alav\u00e9s (0-4). Posteriorment, en la jornada 7, va igualar el derbi davant el Valencia per a sumar un punt vital (1-1). El seu idil\u00b7li amb el gol va continuar dues jornades despr\u00e9s obrint el marcador en el triomf davant el Madrid CFF (1-2). Molt m\u00e9s recents queda la providencial diana de Sheila davant del Deportivo Alav\u00e9s a casa (1-0), que tamb\u00e9 va significar la vict\u00f2ria per la m\u00ednima. I en aquest mes de mar\u00e7, va obrir la llanda amb un gol de penal en el triomf front l\u2019Alhama CF (3-1). Per si no fos prou. un fant\u00e0stic doblet davant el Levante Las Planas (2-2), un gol davant l\u2019Atleti (2-2) i un altre aquesta setmana un gol per a igualar el xoc enfront del Real Betis (1-1) tamb\u00e9 li van donar ales -i punts- al Submar\u00ed.","url":"","background_image":"","images":[{"type":"image","url":"https:\/\/villarrealcf.es\/\/wp-content\/uploads\/2023\/03\/639db0d1be109898246101-1620x1080.jpg","alt":"","width":1620,"height":1080,"srcset":"https:\/\/villarrealcf.es\/wp-content\/uploads\/2023\/03\/639db0d1be109898246101-1620x1080.jpg 1620w, https:\/\/villarrealcf.es\/\/wp-content\/uploads\/2023\/03\/639db0d1be109898246101-1620x1080.jpg 1920w, https:\/\/villarrealcf.es\/wp-content\/uploads\/2023\/03\/639db0d1be109898246101-1536x1024.jpg 1536w, https:\/\/villarrealcf.es\/wp-content\/uploads\/2023\/03\/639db0d1be109898246101-2048x1365.jpg 2048w, https:\/\/villarrealcf.es\/\/wp-content\/uploads\/2023\/03\/639db0d1be109898246101-1620x1080.jpg 1920w, https:\/\/villarrealcf.es\/\/wp-content\/uploads\/2023\/03\/639db0d1be109898246101-1620x1080.jpg 1920w, https:\/\/villarrealcf.es\/wp-content\/uploads\/2023\/03\/639db0d1be109898246101-32x21.jpg 32w, https:\/\/villarrealcf.es\/wp-content\/uploads\/2023\/03\/639db0d1be109898246101-150x100.jpg 150w, https:\/\/villarrealcf.es\/\/wp-content\/uploads\/2023\/03\/639db0d1be109898246101-1620x1080.jpg 1920w, https:\/\/villarrealcf.es\/wp-content\/uploads\/2023\/03\/639db0d1be109898246101-1200x800.jpg 1200w","sizes":"auto, (max-width: 1620px) 100vw, 1620px"}],"videos":[],"links":[]}]},"excerpt":{"rendered":"Els 10 gols de la davantera valenciana es tradueixen directament en punts per a l&#8217;equip de Sara Monforte","protected":false},"author":25,"featured_media":259165,"comment_status":"closed","ping_status":"closed","sticky":false,"template":"","format":"standard","meta":{"_acf_changed":false,"footnotes":""},"categories":[13785],"tags":[717,9270,9684,14327,716,9205,9627,9203,12685],"acf":null,"lang":"val","translations":{"es":259162,"val":259178,"en":259200},"essential_grid":{"has_grid":false},"formatted_date":"March 28, 2023","modified_date":"March 28, 2023","permalink":"https:\/\/villarrealcf.es\/val\/si-sheila-marca-el-villarreal-somriu\/","reading_time":2,"featured_media_data":{"id":259165,"title":"sheila","caption":"","alt_text":"","description":"","mime_type":"image\/jpeg","source_url":"https:\/\/villarrealcf.es\/wp-content\/uploads\/2023\/03\/sheila.jpg","sizes":{"thumbnail":{"url":"https:\/\/villarrealcf.es\/wp-content\/uploads\/2023\/03\/sheila-1920x1080.jpg","width":1920,"height":1080},"medium":{"url":"https:\/\/villarrealcf.es\/wp-content\/uploads\/2023\/03\/sheila-1920x1080.jpg","width":1920,"height":1080},"medium_large":{"url":"https:\/\/villarrealcf.es\/wp-content\/uploads\/2023\/03\/sheila-768x432.jpg","width":768,"height":432},"large":{"url":"https:\/\/villarrealcf.es\/wp-content\/uploads\/2023\/03\/sheila-1920x1080.jpg","width":788,"height":443},"1536x1536":{"url":"https:\/\/villarrealcf.es\/wp-content\/uploads\/2023\/03\/sheila-1536x864.jpg","width":1536,"height":864},"2048x2048":{"url":"https:\/\/villarrealcf.es\/wp-content\/uploads\/2023\/03\/sheila.jpg","width":1920,"height":1080},"tp-image-grid":{"url":"https:\/\/villarrealcf.es\/wp-content\/uploads\/2023\/03\/sheila-700x700.jpg","width":700,"height":700},"size-bunyad-medium":{"url":"https:\/\/villarrealcf.es\/wp-content\/uploads\/2023\/03\/sheila-1920x1080.jpg","width":1920,"height":1080},"sportspress-crop-medium":{"url":"https:\/\/villarrealcf.es\/wp-content\/uploads\/2023\/03\/sheila-300x300.jpg","width":300,"height":300},"sportspress-fit-medium":{"url":"https:\/\/villarrealcf.es\/wp-content\/uploads\/2023\/03\/sheila-300x169.jpg","width":300,"height":169},"sportspress-fit-icon":{"url":"https:\/\/villarrealcf.es\/wp-content\/uploads\/2023\/03\/sheila-128x72.jpg","width":128,"height":72},"sportspress-fit-mini":{"url":"https:\/\/villarrealcf.es\/wp-content\/uploads\/2023\/03\/sheila-32x18.jpg","width":32,"height":18},"bunyad-small":{"url":"https:\/\/villarrealcf.es\/wp-content\/uploads\/2023\/03\/sheila-150x84.jpg","width":150,"height":84},"bunyad-medium":{"url":"https:\/\/villarrealcf.es\/wp-content\/uploads\/2023\/03\/sheila-450x253.jpg","width":450,"height":253},"bunyad-full":{"url":"https:\/\/villarrealcf.es\/wp-content\/uploads\/2023\/03\/sheila-1200x675.jpg","width":1200,"height":675},"bunyad-viewport":{"url":"https:\/\/villarrealcf.es\/wp-content\/uploads\/2023\/03\/sheila.jpg","width":1920,"height":1080},"bunyad-768":{"url":"https:\/\/villarrealcf.es\/wp-content\/uploads\/2023\/03\/sheila-768x432.jpg","width":768,"height":432},"full":{"url":"https:\/\/villarrealcf.es\/wp-content\/uploads\/2023\/03\/sheila.jpg","width":1920,"height":1080}}},"author_data":{"id":"25","name":"Javier Ayuso","first_name":"Javier","last_name":"Ayuso","description":"","avatar_url":"https:\/\/secure.gravatar.com\/avatar\/fcf8894be45988fcce5bbff0efe1790d2a7f4ba57e2c7c898f5068154e696495?s=96&d=mm&r=g","acf":null},"taxonomies_data":{"category":[{"id":13785,"name":"Futbol Femen\u00ed","slug":"futbol-femenino-val","acf":null}],"post_tag":[{"id":717,"name":"Football","slug":"football-d34","acf":null},{"id":9270,"name":"Futbol","slug":"futbol-val","acf":null},{"id":9684,"name":"F\u00fatbol Femenino","slug":"futbol-femenino-val-2","acf":null},{"id":14327,"name":"Sheila Guijarro","slug":"sheila-guijarro-2-val","acf":null},{"id":716,"name":"Soccer","slug":"soccer-d105","acf":null},{"id":9205,"name":"Submarino","slug":"submarino-val","acf":null},{"id":9627,"name":"Submarino Amarillo","slug":"submarino-amarillo-val","acf":null},{"id":9203,"name":"Villarreal CF","slug":"villarreal-cf-val","acf":null},{"id":12685,"name":"Villarreal Femenino","slug":"villarreal-femenino-val","acf":null}],"translation_priority":[{"id":735,"name":"Optional","slug":"optional-val","acf":null}]},"seo_full":{"native":{"title":"Si Sheila marca, el Villarreal somriu - Web Oficial del Villarreal CF","description":"Els 10 gols de la davantera valenciana es tradueixen directament en punts per a l'equip de Sara Monforte","canonical":"https:\/\/villarrealcf.es\/val\/si-sheila-marca-el-villarreal-somriu\/"}},"_links":{"self":[{"href":"https:\/\/villarrealcf.es\/val\/wp-json\/wp\/v2\/posts\/259178","targetHints":{"allow":["GET"]}}],"collection":[{"href":"https:\/\/villarrealcf.es\/val\/wp-json\/wp\/v2\/posts"}],"about":[{"href":"https:\/\/villarrealcf.es\/val\/wp-json\/wp\/v2\/types\/post"}],"author":[{"embeddable":true,"href":"https:\/\/villarrealcf.es\/val\/wp-json\/wp\/v2\/users\/25"}],"replies":[{"embeddable":true,"href":"https:\/\/villarrealcf.es\/val\/wp-json\/wp\/v2\/comments?post=259178"}],"version-history":[{"count":0,"href":"https:\/\/villarrealcf.es\/val\/wp-json\/wp\/v2\/posts\/259178\/revisions"}],"wp:featuredmedia":[{"embeddable":true,"href":"https:\/\/villarrealcf.es\/val\/wp-json\/wp\/v2\/media\/259165"}],"wp:attachment":[{"href":"https:\/\/villarrealcf.es\/val\/wp-json\/wp\/v2\/media?parent=259178"}],"wp:term":[{"taxonomy":"category","embeddable":true,"href":"https:\/\/villarrealcf.es\/val\/wp-json\/wp\/v2\/categories?post=259178"},{"taxonomy":"post_tag","embeddable":true,"href":"https:\/\/villarrealcf.es\/val\/wp-json\/wp\/v2\/tags?post=259178"}],"curies":[{"name":"wp","href":"https:\/\/api.w.org\/{rel}","templated":true}]}}