{"id":258086,"date":"2023-03-22T10:40:00","date_gmt":"2023-03-22T09:40:00","guid":{"rendered":"https:\/\/villarrealcf.es\/\/horarios-de-la-cantera-grogueta-40\/"},"modified":"2023-03-22T12:45:03","modified_gmt":"2023-03-22T11:45:03","slug":"horaris-de-la-cantera-grogueta-6","status":"publish","type":"post","link":"https:\/\/villarrealcf.es\/val\/horaris-de-la-cantera-grogueta-6\/","title":{"rendered":"Horaris de la Cantera Grogueta"},"content":{"protected":false,"blocks":[{"type":"heading","level":2,"text":"Un total de 17 equips del Villarreal jugaran a casa aquest cap de setmana"},{"type":"paragraph","text":"El Villarreal CF ja coneix els horaris dels partits que jugaran els equips de la Cantera Grogueta aquest cap de setmana. Un total de 17 equips disputaran a casa en la present jornada. El matx m\u00e9s destacat \u00e9s el del Villarreal B davant la SD Huesca, que se celebrar\u00e0 el diumenge, a les 18.30 hores, en l\u2019Estadio de la Cer\u00e1mica."},{"type":"paragraph","text":"A continuaci\u00f3, es poden consultar tots els horaris de la jornada en la Cantera Grogueta:"},{"type":"image","url":"https:\/\/villarrealcf.es\/\/wp-content\/uploads\/2023\/03\/220323horarios-1034x1080.jpg","alt":"","width":1034,"height":1080,"srcset":"https:\/\/villarrealcf.es\/wp-content\/uploads\/2023\/03\/220323horarios-1034x1080.jpg 1034w, https:\/\/villarrealcf.es\/\/wp-content\/uploads\/2023\/03\/220323horarios-1034x1080.jpg 1920w, https:\/\/villarrealcf.es\/wp-content\/uploads\/2023\/03\/220323horarios-287x300.jpg 287w, https:\/\/villarrealcf.es\/wp-content\/uploads\/2023\/03\/220323horarios-123x128.jpg 123w, https:\/\/villarrealcf.es\/wp-content\/uploads\/2023\/03\/220323horarios-32x32.jpg 32w, https:\/\/villarrealcf.es\/wp-content\/uploads\/2023\/03\/220323horarios-150x157.jpg 150w, https:\/\/villarrealcf.es\/\/wp-content\/uploads\/2023\/03\/220323horarios-1034x1080.jpg 1920w, https:\/\/villarrealcf.es\/wp-content\/uploads\/2023\/03\/220323horarios-1200x1253.jpg 1200w, https:\/\/villarrealcf.es\/wp-content\/uploads\/2023\/03\/220323horarios.jpg 1446w, https:\/\/villarrealcf.es\/\/wp-content\/uploads\/2023\/03\/220323horarios-1034x1080.jpg 1920w, https:\/\/villarrealcf.es\/\/wp-content\/uploads\/2023\/03\/220323horarios-1034x1080.jpg 1920w","sizes":"auto, (max-width: 1034px) 100vw, 1034px"}],"structured":{"summary":{"text":"Un total de 17 equips del Villarreal jugaran a casa aquest cap de setmana El Villarreal CF ja coneix els horaris dels partits que jugaran els equips de la Cantera Grogueta aquest cap de setmana. Un total de 17 equips disputaran a casa en la present jornada. El matx m\u00e9s destacat \u00e9s el del Villarreal B davant la SD Huesca, que se celebrar\u00e0 el diumenge, a les 18.30 hores, en l\u2019Estadio de la Cer\u00e1mica. A continuaci\u00f3, es poden consultar tots els horaris de la jornada en la Cantera Grogueta:","headings":[{"type":"heading","level":2,"text":"Un total de 17 equips del Villarreal jugaran a casa aquest cap de setmana"}],"buttons":[],"images":[{"type":"image","url":"https:\/\/villarrealcf.es\/\/wp-content\/uploads\/2023\/03\/220323horarios-1034x1080.jpg","alt":"","width":1034,"height":1080,"srcset":"https:\/\/villarrealcf.es\/wp-content\/uploads\/2023\/03\/220323horarios-1034x1080.jpg 1034w, https:\/\/villarrealcf.es\/\/wp-content\/uploads\/2023\/03\/220323horarios-1034x1080.jpg 1920w, https:\/\/villarrealcf.es\/wp-content\/uploads\/2023\/03\/220323horarios-287x300.jpg 287w, https:\/\/villarrealcf.es\/wp-content\/uploads\/2023\/03\/220323horarios-123x128.jpg 123w, https:\/\/villarrealcf.es\/wp-content\/uploads\/2023\/03\/220323horarios-32x32.jpg 32w, https:\/\/villarrealcf.es\/wp-content\/uploads\/2023\/03\/220323horarios-150x157.jpg 150w, https:\/\/villarrealcf.es\/\/wp-content\/uploads\/2023\/03\/220323horarios-1034x1080.jpg 1920w, https:\/\/villarrealcf.es\/wp-content\/uploads\/2023\/03\/220323horarios-1200x1253.jpg 1200w, https:\/\/villarrealcf.es\/wp-content\/uploads\/2023\/03\/220323horarios.jpg 1446w, https:\/\/villarrealcf.es\/\/wp-content\/uploads\/2023\/03\/220323horarios-1034x1080.jpg 1920w, https:\/\/villarrealcf.es\/\/wp-content\/uploads\/2023\/03\/220323horarios-1034x1080.jpg 1920w","sizes":"auto, (max-width: 1034px) 100vw, 1034px"}],"counts":{"blocks":4,"headings":1,"texts":2,"buttons":0,"images":1}},"sections":[{"id":"section-1","title":"Un total de 17 equips del Villarreal jugaran a casa aquest cap de setmana","text":"Un total de 17 equips del Villarreal jugaran a casa aquest cap de setmana El Villarreal CF ja coneix els horaris dels partits que jugaran els equips de la Cantera Grogueta aquest cap de setmana. Un total de 17 equips disputaran a casa en la present jornada. El matx m\u00e9s destacat \u00e9s el del Villarreal B davant la SD Huesca, que se celebrar\u00e0 el diumenge, a les 18.30 hores, en l\u2019Estadio de la Cer\u00e1mica. A continuaci\u00f3, es poden consultar tots els horaris de la jornada en la Cantera Grogueta:","headings":[{"type":"heading","level":2,"text":"Un total de 17 equips del Villarreal jugaran a casa aquest cap de setmana"}],"texts":[{"type":"paragraph","text":"El Villarreal CF ja coneix els horaris dels partits que jugaran els equips de la Cantera Grogueta aquest cap de setmana. Un total de 17 equips disputaran a casa en la present jornada. El matx m\u00e9s destacat \u00e9s el del Villarreal B davant la SD Huesca, que se celebrar\u00e0 el diumenge, a les 18.30 hores, en l\u2019Estadio de la Cer\u00e1mica."},{"type":"paragraph","text":"A continuaci\u00f3, es poden consultar tots els horaris de la jornada en la Cantera Grogueta:"}],"buttons":[],"images":[{"type":"image","url":"https:\/\/villarrealcf.es\/\/wp-content\/uploads\/2023\/03\/220323horarios-1034x1080.jpg","alt":"","width":1034,"height":1080,"srcset":"https:\/\/villarrealcf.es\/wp-content\/uploads\/2023\/03\/220323horarios-1034x1080.jpg 1034w, https:\/\/villarrealcf.es\/\/wp-content\/uploads\/2023\/03\/220323horarios-1034x1080.jpg 1920w, https:\/\/villarrealcf.es\/wp-content\/uploads\/2023\/03\/220323horarios-287x300.jpg 287w, https:\/\/villarrealcf.es\/wp-content\/uploads\/2023\/03\/220323horarios-123x128.jpg 123w, https:\/\/villarrealcf.es\/wp-content\/uploads\/2023\/03\/220323horarios-32x32.jpg 32w, https:\/\/villarrealcf.es\/wp-content\/uploads\/2023\/03\/220323horarios-150x157.jpg 150w, https:\/\/villarrealcf.es\/\/wp-content\/uploads\/2023\/03\/220323horarios-1034x1080.jpg 1920w, https:\/\/villarrealcf.es\/wp-content\/uploads\/2023\/03\/220323horarios-1200x1253.jpg 1200w, https:\/\/villarrealcf.es\/wp-content\/uploads\/2023\/03\/220323horarios.jpg 1446w, https:\/\/villarrealcf.es\/\/wp-content\/uploads\/2023\/03\/220323horarios-1034x1080.jpg 1920w, https:\/\/villarrealcf.es\/\/wp-content\/uploads\/2023\/03\/220323horarios-1034x1080.jpg 1920w","sizes":"auto, (max-width: 1034px) 100vw, 1034px"}],"widgets":[],"blocks":[{"type":"heading","level":2,"text":"Un total de 17 equips del Villarreal jugaran a casa aquest cap de setmana"},{"type":"paragraph","text":"El Villarreal CF ja coneix els horaris dels partits que jugaran els equips de la Cantera Grogueta aquest cap de setmana. Un total de 17 equips disputaran a casa en la present jornada. El matx m\u00e9s destacat \u00e9s el del Villarreal B davant la SD Huesca, que se celebrar\u00e0 el diumenge, a les 18.30 hores, en l\u2019Estadio de la Cer\u00e1mica."},{"type":"paragraph","text":"A continuaci\u00f3, es poden consultar tots els horaris de la jornada en la Cantera Grogueta:"},{"type":"image","url":"https:\/\/villarrealcf.es\/\/wp-content\/uploads\/2023\/03\/220323horarios-1034x1080.jpg","alt":"","width":1034,"height":1080,"srcset":"https:\/\/villarrealcf.es\/wp-content\/uploads\/2023\/03\/220323horarios-1034x1080.jpg 1034w, https:\/\/villarrealcf.es\/\/wp-content\/uploads\/2023\/03\/220323horarios-1034x1080.jpg 1920w, https:\/\/villarrealcf.es\/wp-content\/uploads\/2023\/03\/220323horarios-287x300.jpg 287w, https:\/\/villarrealcf.es\/wp-content\/uploads\/2023\/03\/220323horarios-123x128.jpg 123w, https:\/\/villarrealcf.es\/wp-content\/uploads\/2023\/03\/220323horarios-32x32.jpg 32w, https:\/\/villarrealcf.es\/wp-content\/uploads\/2023\/03\/220323horarios-150x157.jpg 150w, https:\/\/villarrealcf.es\/\/wp-content\/uploads\/2023\/03\/220323horarios-1034x1080.jpg 1920w, https:\/\/villarrealcf.es\/wp-content\/uploads\/2023\/03\/220323horarios-1200x1253.jpg 1200w, https:\/\/villarrealcf.es\/wp-content\/uploads\/2023\/03\/220323horarios.jpg 1446w, https:\/\/villarrealcf.es\/\/wp-content\/uploads\/2023\/03\/220323horarios-1034x1080.jpg 1920w, https:\/\/villarrealcf.es\/\/wp-content\/uploads\/2023\/03\/220323horarios-1034x1080.jpg 1920w","sizes":"auto, (max-width: 1034px) 100vw, 1034px"}]}],"hero":{"id":"section-1","title":"Un total de 17 equips del Villarreal jugaran a casa aquest cap de setmana","text":"Un total de 17 equips del Villarreal jugaran a casa aquest cap de setmana El Villarreal CF ja coneix els horaris dels partits que jugaran els equips de la Cantera Grogueta aquest cap de setmana. Un total de 17 equips disputaran a casa en la present jornada. El matx m\u00e9s destacat \u00e9s el del Villarreal B davant la SD Huesca, que se celebrar\u00e0 el diumenge, a les 18.30 hores, en l\u2019Estadio de la Cer\u00e1mica. A continuaci\u00f3, es poden consultar tots els horaris de la jornada en la Cantera Grogueta:","headings":[{"type":"heading","level":2,"text":"Un total de 17 equips del Villarreal jugaran a casa aquest cap de setmana"}],"texts":[{"type":"paragraph","text":"El Villarreal CF ja coneix els horaris dels partits que jugaran els equips de la Cantera Grogueta aquest cap de setmana. Un total de 17 equips disputaran a casa en la present jornada. El matx m\u00e9s destacat \u00e9s el del Villarreal B davant la SD Huesca, que se celebrar\u00e0 el diumenge, a les 18.30 hores, en l\u2019Estadio de la Cer\u00e1mica."},{"type":"paragraph","text":"A continuaci\u00f3, es poden consultar tots els horaris de la jornada en la Cantera Grogueta:"}],"buttons":[],"images":[{"type":"image","url":"https:\/\/villarrealcf.es\/\/wp-content\/uploads\/2023\/03\/220323horarios-1034x1080.jpg","alt":"","width":1034,"height":1080,"srcset":"https:\/\/villarrealcf.es\/wp-content\/uploads\/2023\/03\/220323horarios-1034x1080.jpg 1034w, https:\/\/villarrealcf.es\/\/wp-content\/uploads\/2023\/03\/220323horarios-1034x1080.jpg 1920w, https:\/\/villarrealcf.es\/wp-content\/uploads\/2023\/03\/220323horarios-287x300.jpg 287w, https:\/\/villarrealcf.es\/wp-content\/uploads\/2023\/03\/220323horarios-123x128.jpg 123w, https:\/\/villarrealcf.es\/wp-content\/uploads\/2023\/03\/220323horarios-32x32.jpg 32w, https:\/\/villarrealcf.es\/wp-content\/uploads\/2023\/03\/220323horarios-150x157.jpg 150w, https:\/\/villarrealcf.es\/\/wp-content\/uploads\/2023\/03\/220323horarios-1034x1080.jpg 1920w, https:\/\/villarrealcf.es\/wp-content\/uploads\/2023\/03\/220323horarios-1200x1253.jpg 1200w, https:\/\/villarrealcf.es\/wp-content\/uploads\/2023\/03\/220323horarios.jpg 1446w, https:\/\/villarrealcf.es\/\/wp-content\/uploads\/2023\/03\/220323horarios-1034x1080.jpg 1920w, https:\/\/villarrealcf.es\/\/wp-content\/uploads\/2023\/03\/220323horarios-1034x1080.jpg 1920w","sizes":"auto, (max-width: 1034px) 100vw, 1034px"}],"widgets":[],"blocks":[{"type":"heading","level":2,"text":"Un total de 17 equips del Villarreal jugaran a casa aquest cap de setmana"},{"type":"paragraph","text":"El Villarreal CF ja coneix els horaris dels partits que jugaran els equips de la Cantera Grogueta aquest cap de setmana. Un total de 17 equips disputaran a casa en la present jornada. El matx m\u00e9s destacat \u00e9s el del Villarreal B davant la SD Huesca, que se celebrar\u00e0 el diumenge, a les 18.30 hores, en l\u2019Estadio de la Cer\u00e1mica."},{"type":"paragraph","text":"A continuaci\u00f3, es poden consultar tots els horaris de la jornada en la Cantera Grogueta:"},{"type":"image","url":"https:\/\/villarrealcf.es\/\/wp-content\/uploads\/2023\/03\/220323horarios-1034x1080.jpg","alt":"","width":1034,"height":1080,"srcset":"https:\/\/villarrealcf.es\/wp-content\/uploads\/2023\/03\/220323horarios-1034x1080.jpg 1034w, https:\/\/villarrealcf.es\/\/wp-content\/uploads\/2023\/03\/220323horarios-1034x1080.jpg 1920w, https:\/\/villarrealcf.es\/wp-content\/uploads\/2023\/03\/220323horarios-287x300.jpg 287w, https:\/\/villarrealcf.es\/wp-content\/uploads\/2023\/03\/220323horarios-123x128.jpg 123w, https:\/\/villarrealcf.es\/wp-content\/uploads\/2023\/03\/220323horarios-32x32.jpg 32w, https:\/\/villarrealcf.es\/wp-content\/uploads\/2023\/03\/220323horarios-150x157.jpg 150w, https:\/\/villarrealcf.es\/\/wp-content\/uploads\/2023\/03\/220323horarios-1034x1080.jpg 1920w, https:\/\/villarrealcf.es\/wp-content\/uploads\/2023\/03\/220323horarios-1200x1253.jpg 1200w, https:\/\/villarrealcf.es\/wp-content\/uploads\/2023\/03\/220323horarios.jpg 1446w, https:\/\/villarrealcf.es\/\/wp-content\/uploads\/2023\/03\/220323horarios-1034x1080.jpg 1920w, https:\/\/villarrealcf.es\/\/wp-content\/uploads\/2023\/03\/220323horarios-1034x1080.jpg 1920w","sizes":"auto, (max-width: 1034px) 100vw, 1034px"}]}},"sections":[{"id":"section-1","title":"Un total de 17 equips del Villarreal jugaran a casa aquest cap de setmana","text":"Un total de 17 equips del Villarreal jugaran a casa aquest cap de setmana El Villarreal CF ja coneix els horaris dels partits que jugaran els equips de la Cantera Grogueta aquest cap de setmana. Un total de 17 equips disputaran a casa en la present jornada. El matx m\u00e9s destacat \u00e9s el del Villarreal B davant la SD Huesca, que se celebrar\u00e0 el diumenge, a les 18.30 hores, en l\u2019Estadio de la Cer\u00e1mica. A continuaci\u00f3, es poden consultar tots els horaris de la jornada en la Cantera Grogueta:","url":"","background_image":"","images":[{"type":"image","url":"https:\/\/villarrealcf.es\/\/wp-content\/uploads\/2023\/03\/220323horarios-1034x1080.jpg","alt":"","width":1034,"height":1080,"srcset":"https:\/\/villarrealcf.es\/wp-content\/uploads\/2023\/03\/220323horarios-1034x1080.jpg 1034w, https:\/\/villarrealcf.es\/\/wp-content\/uploads\/2023\/03\/220323horarios-1034x1080.jpg 1920w, https:\/\/villarrealcf.es\/wp-content\/uploads\/2023\/03\/220323horarios-287x300.jpg 287w, https:\/\/villarrealcf.es\/wp-content\/uploads\/2023\/03\/220323horarios-123x128.jpg 123w, https:\/\/villarrealcf.es\/wp-content\/uploads\/2023\/03\/220323horarios-32x32.jpg 32w, https:\/\/villarrealcf.es\/wp-content\/uploads\/2023\/03\/220323horarios-150x157.jpg 150w, https:\/\/villarrealcf.es\/\/wp-content\/uploads\/2023\/03\/220323horarios-1034x1080.jpg 1920w, https:\/\/villarrealcf.es\/wp-content\/uploads\/2023\/03\/220323horarios-1200x1253.jpg 1200w, https:\/\/villarrealcf.es\/wp-content\/uploads\/2023\/03\/220323horarios.jpg 1446w, https:\/\/villarrealcf.es\/\/wp-content\/uploads\/2023\/03\/220323horarios-1034x1080.jpg 1920w, https:\/\/villarrealcf.es\/\/wp-content\/uploads\/2023\/03\/220323horarios-1034x1080.jpg 1920w","sizes":"auto, (max-width: 1034px) 100vw, 1034px"}],"videos":[],"links":[]}]},"excerpt":{"rendered":"Un total de 17 equips del Villarreal jugaran a casa aquest cap de setmana","protected":false},"author":25,"featured_media":258084,"comment_status":"closed","ping_status":"closed","sticky":false,"template":"","format":"standard","meta":{"_acf_changed":false,"footnotes":""},"categories":[13803],"tags":[9366,10325,717,9270,9227,9298,716,9205,9627,9203],"acf":null,"lang":"val","translations":{"es":258078,"val":258086,"en":258142},"essential_grid":{"has_grid":false},"formatted_date":"March 22, 2023","modified_date":"March 22, 2023","permalink":"https:\/\/villarrealcf.es\/val\/horaris-de-la-cantera-grogueta-6\/","reading_time":1,"featured_media_data":{"id":258084,"title":"vilavila","caption":"","alt_text":"","description":"","mime_type":"image\/jpeg","source_url":"https:\/\/villarrealcf.es\/wp-content\/uploads\/2023\/03\/vilavila-1.jpg","sizes":{"thumbnail":{"url":"https:\/\/villarrealcf.es\/wp-content\/uploads\/2023\/03\/vilavila-1-1920x1080.jpg","width":1920,"height":1080},"medium":{"url":"https:\/\/villarrealcf.es\/wp-content\/uploads\/2023\/03\/vilavila-1-1920x1080.jpg","width":1920,"height":1080},"medium_large":{"url":"https:\/\/villarrealcf.es\/wp-content\/uploads\/2023\/03\/vilavila-1-768x432.jpg","width":768,"height":432},"large":{"url":"https:\/\/villarrealcf.es\/wp-content\/uploads\/2023\/03\/vilavila-1-1920x1080.jpg","width":788,"height":443},"1536x1536":{"url":"https:\/\/villarrealcf.es\/wp-content\/uploads\/2023\/03\/vilavila-1-1536x864.jpg","width":1536,"height":864},"2048x2048":{"url":"https:\/\/villarrealcf.es\/wp-content\/uploads\/2023\/03\/vilavila-1.jpg","width":1920,"height":1080},"tp-image-grid":{"url":"https:\/\/villarrealcf.es\/wp-content\/uploads\/2023\/03\/vilavila-1-700x700.jpg","width":700,"height":700},"size-bunyad-medium":{"url":"https:\/\/villarrealcf.es\/wp-content\/uploads\/2023\/03\/vilavila-1-1920x1080.jpg","width":1920,"height":1080},"sportspress-crop-medium":{"url":"https:\/\/villarrealcf.es\/wp-content\/uploads\/2023\/03\/vilavila-1-300x300.jpg","width":300,"height":300},"sportspress-fit-medium":{"url":"https:\/\/villarrealcf.es\/wp-content\/uploads\/2023\/03\/vilavila-1-300x169.jpg","width":300,"height":169},"sportspress-fit-icon":{"url":"https:\/\/villarrealcf.es\/wp-content\/uploads\/2023\/03\/vilavila-1-128x72.jpg","width":128,"height":72},"sportspress-fit-mini":{"url":"https:\/\/villarrealcf.es\/wp-content\/uploads\/2023\/03\/vilavila-1-32x18.jpg","width":32,"height":18},"bunyad-small":{"url":"https:\/\/villarrealcf.es\/wp-content\/uploads\/2023\/03\/vilavila-1-150x84.jpg","width":150,"height":84},"bunyad-medium":{"url":"https:\/\/villarrealcf.es\/wp-content\/uploads\/2023\/03\/vilavila-1-450x253.jpg","width":450,"height":253},"bunyad-full":{"url":"https:\/\/villarrealcf.es\/wp-content\/uploads\/2023\/03\/vilavila-1-1200x675.jpg","width":1200,"height":675},"bunyad-viewport":{"url":"https:\/\/villarrealcf.es\/wp-content\/uploads\/2023\/03\/vilavila-1.jpg","width":1920,"height":1080},"bunyad-768":{"url":"https:\/\/villarrealcf.es\/wp-content\/uploads\/2023\/03\/vilavila-1-768x432.jpg","width":768,"height":432},"full":{"url":"https:\/\/villarrealcf.es\/wp-content\/uploads\/2023\/03\/vilavila-1.jpg","width":1920,"height":1080}}},"author_data":{"id":"25","name":"Javier Ayuso","first_name":"Javier","last_name":"Ayuso","description":"","avatar_url":"https:\/\/secure.gravatar.com\/avatar\/fcf8894be45988fcce5bbff0efe1790d2a7f4ba57e2c7c898f5068154e696495?s=96&d=mm&r=g","acf":null},"taxonomies_data":{"category":[{"id":13803,"name":"Futbol base","slug":"futbol-base-val-2","acf":null}],"post_tag":[{"id":9366,"name":"Cantera","slug":"cantera-val","acf":null},{"id":10325,"name":"Cantera Grogueta","slug":"cantera-grogueta-val","acf":null},{"id":717,"name":"Football","slug":"football-d34","acf":null},{"id":9270,"name":"Futbol","slug":"futbol-val","acf":null},{"id":9227,"name":"F\u00fatbol Base","slug":"futbol-base-val","acf":null},{"id":9298,"name":"Horarios","slug":"horarios-val","acf":null},{"id":716,"name":"Soccer","slug":"soccer-d105","acf":null},{"id":9205,"name":"Submarino","slug":"submarino-val","acf":null},{"id":9627,"name":"Submarino Amarillo","slug":"submarino-amarillo-val","acf":null},{"id":9203,"name":"Villarreal CF","slug":"villarreal-cf-val","acf":null}],"translation_priority":[{"id":735,"name":"Optional","slug":"optional-val","acf":null}]},"seo_full":{"native":{"title":"Horaris de la Cantera Grogueta - Web Oficial del Villarreal CF","description":"Un total de 17 equips del Villarreal jugaran a casa aquest cap de setmana","canonical":"https:\/\/villarrealcf.es\/val\/horaris-de-la-cantera-grogueta-6\/"}},"_links":{"self":[{"href":"https:\/\/villarrealcf.es\/val\/wp-json\/wp\/v2\/posts\/258086","targetHints":{"allow":["GET"]}}],"collection":[{"href":"https:\/\/villarrealcf.es\/val\/wp-json\/wp\/v2\/posts"}],"about":[{"href":"https:\/\/villarrealcf.es\/val\/wp-json\/wp\/v2\/types\/post"}],"author":[{"embeddable":true,"href":"https:\/\/villarrealcf.es\/val\/wp-json\/wp\/v2\/users\/25"}],"replies":[{"embeddable":true,"href":"https:\/\/villarrealcf.es\/val\/wp-json\/wp\/v2\/comments?post=258086"}],"version-history":[{"count":0,"href":"https:\/\/villarrealcf.es\/val\/wp-json\/wp\/v2\/posts\/258086\/revisions"}],"wp:featuredmedia":[{"embeddable":true,"href":"https:\/\/villarrealcf.es\/val\/wp-json\/wp\/v2\/media\/258084"}],"wp:attachment":[{"href":"https:\/\/villarrealcf.es\/val\/wp-json\/wp\/v2\/media?parent=258086"}],"wp:term":[{"taxonomy":"category","embeddable":true,"href":"https:\/\/villarrealcf.es\/val\/wp-json\/wp\/v2\/categories?post=258086"},{"taxonomy":"post_tag","embeddable":true,"href":"https:\/\/villarrealcf.es\/val\/wp-json\/wp\/v2\/tags?post=258086"}],"curies":[{"name":"wp","href":"https:\/\/api.w.org\/{rel}","templated":true}]}}