{"id":257893,"date":"2023-03-21T13:35:50","date_gmt":"2023-03-21T12:35:50","guid":{"rendered":"https:\/\/villarrealcf.es\/\/informacion-destacada-para-el-partido-de-las-leyendas\/"},"modified":"2023-03-21T13:51:10","modified_gmt":"2023-03-21T12:51:10","slug":"informacio-destacada-per-a-el-partido-de-las-leyendas","status":"publish","type":"post","link":"https:\/\/villarrealcf.es\/val\/informacio-destacada-per-a-el-partido-de-las-leyendas\/","title":{"rendered":"Informaci\u00f3 destacada per a El Partido de las Leyendas"},"content":{"protected":false,"blocks":[{"type":"heading","level":2,"text":"L\u2019esdeveniment avan\u00e7a el seu horari i comen\u00e7ar\u00e0 a les 17.15 hores amb diferents homenatges a exjugadors"},{"type":"paragraph","text":"El Partido de las Leyendas avan\u00e7a el seu horari previst i comen\u00e7ar\u00e0 finalment a les 17.15 hores amb una pr\u00e8via especial i plena de sorpreses, en la qual es retr\u00e0 homenatge als exfutbolistes del Villarreal CF de les diferents \u00e8poques. El club prega als aficionats assistents que acudisquen amb antelaci\u00f3 a l\u2019esdeveniment."},{"type":"paragraph","text":"A continuaci\u00f3, els horaris establits per a aquest esdeveniment s\u00f3n els seg\u00fcents:"},{"type":"list","style":"ul","items":["Obertura de portes de l\u2019Estadio de la Cer\u00e1mica: 16.15 hores","Homenatge a exfutbolistes i llegendes del Villarreal CF: 17.15 hores","Inici de El Partido de las Leyendas: 18.00 hores"]},{"type":"paragraph","text":"Exfutbolistes confirmats del Villarreal CF per El Partido de las Leyendas: Bruno Soriano, Marcos Senna, Juan Rom\u00e1n Riquelme, Diego Forl\u00e1n, Giuseppe Rossi, Robert Pires, Gonzalo Rodr\u00edguez, Juanpi Sor\u00edn, Rub\u00e9n Gracia Cani, Andr\u00e9s Palop, Mariano Barbosa, Mois\u00e9s Garc\u00eda, Antonio Guayre, V\u00edctor Fern\u00e1ndez, Igor Tasevski, H\u00e9ctor Font i Xisco Nadal."},{"type":"paragraph","text":"\u00daltimes entrades a la venda de El Partido de las Leyendas"},{"type":"paragraph","text":"Els aficionats encara poden comprar les \u00faltimes entrades a la venda de El Partido de las Leyendas. Els preus de les localitats s\u00f3n 10 (tribuna i tribuna preferent) i 5 euros (fons)."},{"type":"paragraph","text":"Terminis i punts de venda"},{"type":"list","style":"ul","items":["Online","Tenda del Centre: de dimarts a divendres, de 10.00 a 20.00 hores"]},{"type":"paragraph","text":"Participa en el sorteig d\u2019una trobada exclusiva amb les llegendes!"},{"type":"paragraph","text":"El Villarreal CF ha activat un sorteig per a participar en una trobada exclusiva amb els exjugadors m\u00e9s emblem\u00e0tics del club despr\u00e9s de la disputa de El Partido de las Leyendas."},{"type":"paragraph","text":"Per a participar, els aficionats hauran de pujar una fotografia en Twitter vestint la samarreta del centenari del Villarreal i usant en etiqueta #CentenariGroguet. Cal destacar que per a gaudir de l\u2019experi\u00e8ncia has de disposar de l\u2019entrada al Partit de les Llegendes. El sorteig finalitzar\u00e0 aquest dijous 23 de mar\u00e7, a les 20.00 hores."}],"structured":{"summary":{"text":"L\u2019esdeveniment avan\u00e7a el seu horari i comen\u00e7ar\u00e0 a les 17.15 hores amb diferents homenatges a exjugadors El Partido de las Leyendas avan\u00e7a el seu horari previst i comen\u00e7ar\u00e0 finalment a les 17.15 hores amb una pr\u00e8via especial i plena de sorpreses, en la qual es retr\u00e0 homenatge als exfutbolistes del Villarreal CF de les diferents \u00e8poques. El club prega als aficionats assistents que acudisquen amb antelaci\u00f3 a l\u2019esdeveniment. A continuaci\u00f3, els horaris establits per a aquest esdeveniment s\u00f3n els seg\u00fcents: Obertura de portes de l\u2019Estadio de la Cer\u00e1mica: 16.15 hores Homenatge a exfutbolistes i llegendes del Villarreal CF: 17.15 hores Inici de El Partido de las Leyendas: 18.00 hores Exfutbolistes confirmats del Villarreal CF per El Partido de las Leyendas: Bruno Soriano, Marcos Senna, Juan Rom\u00e1n Riquelme, Diego Forl\u00e1n, Giuseppe Rossi, Robert Pires, Gonzalo Rodr\u00edguez, Juanpi Sor\u00edn, Rub\u00e9n Gracia Cani, Andr\u00e9s Palop, Mariano Barbosa, Mois\u00e9s Garc\u00eda, Antonio Guayre, V\u00edctor Fern\u00e1ndez, Igor Tasevski, H\u00e9ctor Font i Xisco Nadal. \u00daltimes entrades a la venda de El Partido de las Leyendas Els aficionats encara poden comprar les \u00faltimes entrades a la venda de El Partido de las Leyendas. Els preus de les localitats s\u00f3n 10 (tribuna i tribuna preferent) i 5 euros (fons). Terminis i punts de venda Online Tenda del Centre: de dimarts a divendres, de 10.00 a 20.00 hores Participa en el sorteig d\u2019una trobada exclusiva amb les llegendes! El Villarreal CF ha activat un sorteig per a participar en una trobada exclusiva amb els exjugadors m\u00e9s emblem\u00e0tics del club despr\u00e9s de la disputa de El Partido de las Leyendas. Per a participar, els aficionats hauran de pujar una fotografia en Twitter vestint la samarreta del centenari del Villarreal i usant en etiqueta #CentenariGroguet. Cal destacar que per a gaudir de l\u2019experi\u00e8ncia has de disposar de l\u2019entrada al Partit de les Llegendes. El sorteig finalitzar\u00e0 aquest dijous 23 de mar\u00e7, a les 20.00 hores.","headings":[{"type":"heading","level":2,"text":"L\u2019esdeveniment avan\u00e7a el seu horari i comen\u00e7ar\u00e0 a les 17.15 hores amb diferents homenatges a exjugadors"}],"buttons":[],"images":[],"counts":{"blocks":12,"headings":1,"texts":9,"buttons":0,"images":0}},"sections":[{"id":"section-1","title":"L\u2019esdeveniment avan\u00e7a el seu horari i comen\u00e7ar\u00e0 a les 17.15 hores amb diferents homenatges a exjugadors","text":"L\u2019esdeveniment avan\u00e7a el seu horari i comen\u00e7ar\u00e0 a les 17.15 hores amb diferents homenatges a exjugadors El Partido de las Leyendas avan\u00e7a el seu horari previst i comen\u00e7ar\u00e0 finalment a les 17.15 hores amb una pr\u00e8via especial i plena de sorpreses, en la qual es retr\u00e0 homenatge als exfutbolistes del Villarreal CF de les diferents \u00e8poques. El club prega als aficionats assistents que acudisquen amb antelaci\u00f3 a l\u2019esdeveniment. A continuaci\u00f3, els horaris establits per a aquest esdeveniment s\u00f3n els seg\u00fcents: Exfutbolistes confirmats del Villarreal CF per El Partido de las Leyendas: Bruno Soriano, Marcos Senna, Juan Rom\u00e1n Riquelme, Diego Forl\u00e1n, Giuseppe Rossi, Robert Pires, Gonzalo Rodr\u00edguez, Juanpi Sor\u00edn, Rub\u00e9n Gracia Cani, Andr\u00e9s Palop, Mariano Barbosa, Mois\u00e9s Garc\u00eda, Antonio Guayre, V\u00edctor Fern\u00e1ndez, Igor Tasevski, H\u00e9ctor Font i Xisco Nadal. \u00daltimes entrades a la venda de El Partido de las Leyendas Els aficionats encara poden comprar les \u00faltimes entrades a la venda de El Partido de las Leyendas. Els preus de les localitats s\u00f3n 10 (tribuna i tribuna preferent) i 5 euros (fons). Terminis i punts de venda Participa en el sorteig d\u2019una trobada exclusiva amb les llegendes! El Villarreal CF ha activat un sorteig per a participar en una trobada exclusiva amb els exjugadors m\u00e9s emblem\u00e0tics del club despr\u00e9s de la disputa de El Partido de las Leyendas. Per a participar, els aficionats hauran de pujar una fotografia en Twitter vestint la samarreta del centenari del Villarreal i usant en etiqueta #CentenariGroguet. Cal destacar que per a gaudir de l\u2019experi\u00e8ncia has de disposar de l\u2019entrada al Partit de les Llegendes. El sorteig finalitzar\u00e0 aquest dijous 23 de mar\u00e7, a les 20.00 hores.","headings":[{"type":"heading","level":2,"text":"L\u2019esdeveniment avan\u00e7a el seu horari i comen\u00e7ar\u00e0 a les 17.15 hores amb diferents homenatges a exjugadors"}],"texts":[{"type":"paragraph","text":"El Partido de las Leyendas avan\u00e7a el seu horari previst i comen\u00e7ar\u00e0 finalment a les 17.15 hores amb una pr\u00e8via especial i plena de sorpreses, en la qual es retr\u00e0 homenatge als exfutbolistes del Villarreal CF de les diferents \u00e8poques. El club prega als aficionats assistents que acudisquen amb antelaci\u00f3 a l\u2019esdeveniment."},{"type":"paragraph","text":"A continuaci\u00f3, els horaris establits per a aquest esdeveniment s\u00f3n els seg\u00fcents:"},{"type":"paragraph","text":"Exfutbolistes confirmats del Villarreal CF per El Partido de las Leyendas: Bruno Soriano, Marcos Senna, Juan Rom\u00e1n Riquelme, Diego Forl\u00e1n, Giuseppe Rossi, Robert Pires, Gonzalo Rodr\u00edguez, Juanpi Sor\u00edn, Rub\u00e9n Gracia Cani, Andr\u00e9s Palop, Mariano Barbosa, Mois\u00e9s Garc\u00eda, Antonio Guayre, V\u00edctor Fern\u00e1ndez, Igor Tasevski, H\u00e9ctor Font i Xisco Nadal."},{"type":"paragraph","text":"\u00daltimes entrades a la venda de El Partido de las Leyendas"},{"type":"paragraph","text":"Els aficionats encara poden comprar les \u00faltimes entrades a la venda de El Partido de las Leyendas. Els preus de les localitats s\u00f3n 10 (tribuna i tribuna preferent) i 5 euros (fons)."},{"type":"paragraph","text":"Terminis i punts de venda"},{"type":"paragraph","text":"Participa en el sorteig d\u2019una trobada exclusiva amb les llegendes!"},{"type":"paragraph","text":"El Villarreal CF ha activat un sorteig per a participar en una trobada exclusiva amb els exjugadors m\u00e9s emblem\u00e0tics del club despr\u00e9s de la disputa de El Partido de las Leyendas."},{"type":"paragraph","text":"Per a participar, els aficionats hauran de pujar una fotografia en Twitter vestint la samarreta del centenari del Villarreal i usant en etiqueta #CentenariGroguet. Cal destacar que per a gaudir de l\u2019experi\u00e8ncia has de disposar de l\u2019entrada al Partit de les Llegendes. El sorteig finalitzar\u00e0 aquest dijous 23 de mar\u00e7, a les 20.00 hores."}],"buttons":[],"images":[],"widgets":[],"blocks":[{"type":"heading","level":2,"text":"L\u2019esdeveniment avan\u00e7a el seu horari i comen\u00e7ar\u00e0 a les 17.15 hores amb diferents homenatges a exjugadors"},{"type":"paragraph","text":"El Partido de las Leyendas avan\u00e7a el seu horari previst i comen\u00e7ar\u00e0 finalment a les 17.15 hores amb una pr\u00e8via especial i plena de sorpreses, en la qual es retr\u00e0 homenatge als exfutbolistes del Villarreal CF de les diferents \u00e8poques. El club prega als aficionats assistents que acudisquen amb antelaci\u00f3 a l\u2019esdeveniment."},{"type":"paragraph","text":"A continuaci\u00f3, els horaris establits per a aquest esdeveniment s\u00f3n els seg\u00fcents:"},{"type":"list","style":"ul","items":["Obertura de portes de l\u2019Estadio de la Cer\u00e1mica: 16.15 hores","Homenatge a exfutbolistes i llegendes del Villarreal CF: 17.15 hores","Inici de El Partido de las Leyendas: 18.00 hores"]},{"type":"paragraph","text":"Exfutbolistes confirmats del Villarreal CF per El Partido de las Leyendas: Bruno Soriano, Marcos Senna, Juan Rom\u00e1n Riquelme, Diego Forl\u00e1n, Giuseppe Rossi, Robert Pires, Gonzalo Rodr\u00edguez, Juanpi Sor\u00edn, Rub\u00e9n Gracia Cani, Andr\u00e9s Palop, Mariano Barbosa, Mois\u00e9s Garc\u00eda, Antonio Guayre, V\u00edctor Fern\u00e1ndez, Igor Tasevski, H\u00e9ctor Font i Xisco Nadal."},{"type":"paragraph","text":"\u00daltimes entrades a la venda de El Partido de las Leyendas"},{"type":"paragraph","text":"Els aficionats encara poden comprar les \u00faltimes entrades a la venda de El Partido de las Leyendas. Els preus de les localitats s\u00f3n 10 (tribuna i tribuna preferent) i 5 euros (fons)."},{"type":"paragraph","text":"Terminis i punts de venda"},{"type":"list","style":"ul","items":["Online","Tenda del Centre: de dimarts a divendres, de 10.00 a 20.00 hores"]},{"type":"paragraph","text":"Participa en el sorteig d\u2019una trobada exclusiva amb les llegendes!"},{"type":"paragraph","text":"El Villarreal CF ha activat un sorteig per a participar en una trobada exclusiva amb els exjugadors m\u00e9s emblem\u00e0tics del club despr\u00e9s de la disputa de El Partido de las Leyendas."},{"type":"paragraph","text":"Per a participar, els aficionats hauran de pujar una fotografia en Twitter vestint la samarreta del centenari del Villarreal i usant en etiqueta #CentenariGroguet. Cal destacar que per a gaudir de l\u2019experi\u00e8ncia has de disposar de l\u2019entrada al Partit de les Llegendes. El sorteig finalitzar\u00e0 aquest dijous 23 de mar\u00e7, a les 20.00 hores."}]}],"hero":{"id":"section-1","title":"L\u2019esdeveniment avan\u00e7a el seu horari i comen\u00e7ar\u00e0 a les 17.15 hores amb diferents homenatges a exjugadors","text":"L\u2019esdeveniment avan\u00e7a el seu horari i comen\u00e7ar\u00e0 a les 17.15 hores amb diferents homenatges a exjugadors El Partido de las Leyendas avan\u00e7a el seu horari previst i comen\u00e7ar\u00e0 finalment a les 17.15 hores amb una pr\u00e8via especial i plena de sorpreses, en la qual es retr\u00e0 homenatge als exfutbolistes del Villarreal CF de les diferents \u00e8poques. El club prega als aficionats assistents que acudisquen amb antelaci\u00f3 a l\u2019esdeveniment. A continuaci\u00f3, els horaris establits per a aquest esdeveniment s\u00f3n els seg\u00fcents: Exfutbolistes confirmats del Villarreal CF per El Partido de las Leyendas: Bruno Soriano, Marcos Senna, Juan Rom\u00e1n Riquelme, Diego Forl\u00e1n, Giuseppe Rossi, Robert Pires, Gonzalo Rodr\u00edguez, Juanpi Sor\u00edn, Rub\u00e9n Gracia Cani, Andr\u00e9s Palop, Mariano Barbosa, Mois\u00e9s Garc\u00eda, Antonio Guayre, V\u00edctor Fern\u00e1ndez, Igor Tasevski, H\u00e9ctor Font i Xisco Nadal. \u00daltimes entrades a la venda de El Partido de las Leyendas Els aficionats encara poden comprar les \u00faltimes entrades a la venda de El Partido de las Leyendas. Els preus de les localitats s\u00f3n 10 (tribuna i tribuna preferent) i 5 euros (fons). Terminis i punts de venda Participa en el sorteig d\u2019una trobada exclusiva amb les llegendes! El Villarreal CF ha activat un sorteig per a participar en una trobada exclusiva amb els exjugadors m\u00e9s emblem\u00e0tics del club despr\u00e9s de la disputa de El Partido de las Leyendas. Per a participar, els aficionats hauran de pujar una fotografia en Twitter vestint la samarreta del centenari del Villarreal i usant en etiqueta #CentenariGroguet. Cal destacar que per a gaudir de l\u2019experi\u00e8ncia has de disposar de l\u2019entrada al Partit de les Llegendes. El sorteig finalitzar\u00e0 aquest dijous 23 de mar\u00e7, a les 20.00 hores.","headings":[{"type":"heading","level":2,"text":"L\u2019esdeveniment avan\u00e7a el seu horari i comen\u00e7ar\u00e0 a les 17.15 hores amb diferents homenatges a exjugadors"}],"texts":[{"type":"paragraph","text":"El Partido de las Leyendas avan\u00e7a el seu horari previst i comen\u00e7ar\u00e0 finalment a les 17.15 hores amb una pr\u00e8via especial i plena de sorpreses, en la qual es retr\u00e0 homenatge als exfutbolistes del Villarreal CF de les diferents \u00e8poques. El club prega als aficionats assistents que acudisquen amb antelaci\u00f3 a l\u2019esdeveniment."},{"type":"paragraph","text":"A continuaci\u00f3, els horaris establits per a aquest esdeveniment s\u00f3n els seg\u00fcents:"},{"type":"paragraph","text":"Exfutbolistes confirmats del Villarreal CF per El Partido de las Leyendas: Bruno Soriano, Marcos Senna, Juan Rom\u00e1n Riquelme, Diego Forl\u00e1n, Giuseppe Rossi, Robert Pires, Gonzalo Rodr\u00edguez, Juanpi Sor\u00edn, Rub\u00e9n Gracia Cani, Andr\u00e9s Palop, Mariano Barbosa, Mois\u00e9s Garc\u00eda, Antonio Guayre, V\u00edctor Fern\u00e1ndez, Igor Tasevski, H\u00e9ctor Font i Xisco Nadal."},{"type":"paragraph","text":"\u00daltimes entrades a la venda de El Partido de las Leyendas"},{"type":"paragraph","text":"Els aficionats encara poden comprar les \u00faltimes entrades a la venda de El Partido de las Leyendas. Els preus de les localitats s\u00f3n 10 (tribuna i tribuna preferent) i 5 euros (fons)."},{"type":"paragraph","text":"Terminis i punts de venda"},{"type":"paragraph","text":"Participa en el sorteig d\u2019una trobada exclusiva amb les llegendes!"},{"type":"paragraph","text":"El Villarreal CF ha activat un sorteig per a participar en una trobada exclusiva amb els exjugadors m\u00e9s emblem\u00e0tics del club despr\u00e9s de la disputa de El Partido de las Leyendas."},{"type":"paragraph","text":"Per a participar, els aficionats hauran de pujar una fotografia en Twitter vestint la samarreta del centenari del Villarreal i usant en etiqueta #CentenariGroguet. Cal destacar que per a gaudir de l\u2019experi\u00e8ncia has de disposar de l\u2019entrada al Partit de les Llegendes. El sorteig finalitzar\u00e0 aquest dijous 23 de mar\u00e7, a les 20.00 hores."}],"buttons":[],"images":[],"widgets":[],"blocks":[{"type":"heading","level":2,"text":"L\u2019esdeveniment avan\u00e7a el seu horari i comen\u00e7ar\u00e0 a les 17.15 hores amb diferents homenatges a exjugadors"},{"type":"paragraph","text":"El Partido de las Leyendas avan\u00e7a el seu horari previst i comen\u00e7ar\u00e0 finalment a les 17.15 hores amb una pr\u00e8via especial i plena de sorpreses, en la qual es retr\u00e0 homenatge als exfutbolistes del Villarreal CF de les diferents \u00e8poques. El club prega als aficionats assistents que acudisquen amb antelaci\u00f3 a l\u2019esdeveniment."},{"type":"paragraph","text":"A continuaci\u00f3, els horaris establits per a aquest esdeveniment s\u00f3n els seg\u00fcents:"},{"type":"list","style":"ul","items":["Obertura de portes de l\u2019Estadio de la Cer\u00e1mica: 16.15 hores","Homenatge a exfutbolistes i llegendes del Villarreal CF: 17.15 hores","Inici de El Partido de las Leyendas: 18.00 hores"]},{"type":"paragraph","text":"Exfutbolistes confirmats del Villarreal CF per El Partido de las Leyendas: Bruno Soriano, Marcos Senna, Juan Rom\u00e1n Riquelme, Diego Forl\u00e1n, Giuseppe Rossi, Robert Pires, Gonzalo Rodr\u00edguez, Juanpi Sor\u00edn, Rub\u00e9n Gracia Cani, Andr\u00e9s Palop, Mariano Barbosa, Mois\u00e9s Garc\u00eda, Antonio Guayre, V\u00edctor Fern\u00e1ndez, Igor Tasevski, H\u00e9ctor Font i Xisco Nadal."},{"type":"paragraph","text":"\u00daltimes entrades a la venda de El Partido de las Leyendas"},{"type":"paragraph","text":"Els aficionats encara poden comprar les \u00faltimes entrades a la venda de El Partido de las Leyendas. Els preus de les localitats s\u00f3n 10 (tribuna i tribuna preferent) i 5 euros (fons)."},{"type":"paragraph","text":"Terminis i punts de venda"},{"type":"list","style":"ul","items":["Online","Tenda del Centre: de dimarts a divendres, de 10.00 a 20.00 hores"]},{"type":"paragraph","text":"Participa en el sorteig d\u2019una trobada exclusiva amb les llegendes!"},{"type":"paragraph","text":"El Villarreal CF ha activat un sorteig per a participar en una trobada exclusiva amb els exjugadors m\u00e9s emblem\u00e0tics del club despr\u00e9s de la disputa de El Partido de las Leyendas."},{"type":"paragraph","text":"Per a participar, els aficionats hauran de pujar una fotografia en Twitter vestint la samarreta del centenari del Villarreal i usant en etiqueta #CentenariGroguet. Cal destacar que per a gaudir de l\u2019experi\u00e8ncia has de disposar de l\u2019entrada al Partit de les Llegendes. El sorteig finalitzar\u00e0 aquest dijous 23 de mar\u00e7, a les 20.00 hores."}]}},"sections":[{"id":"section-1","title":"L\u2019esdeveniment avan\u00e7a el seu horari i comen\u00e7ar\u00e0 a les 17.15 hores amb diferents homenatges a exjugadors","text":"L\u2019esdeveniment avan\u00e7a el seu horari i comen\u00e7ar\u00e0 a les 17.15 hores amb diferents homenatges a exjugadors El Partido de las Leyendas avan\u00e7a el seu horari previst i comen\u00e7ar\u00e0 finalment a les 17.15 hores amb una pr\u00e8via especial i plena de sorpreses, en la qual es retr\u00e0 homenatge als exfutbolistes del Villarreal CF de les diferents \u00e8poques. El club prega als aficionats assistents que acudisquen amb antelaci\u00f3 a l\u2019esdeveniment. A continuaci\u00f3, els horaris establits per a aquest esdeveniment s\u00f3n els seg\u00fcents: Exfutbolistes confirmats del Villarreal CF per El Partido de las Leyendas: Bruno Soriano, Marcos Senna, Juan Rom\u00e1n Riquelme, Diego Forl\u00e1n, Giuseppe Rossi, Robert Pires, Gonzalo Rodr\u00edguez, Juanpi Sor\u00edn, Rub\u00e9n Gracia Cani, Andr\u00e9s Palop, Mariano Barbosa, Mois\u00e9s Garc\u00eda, Antonio Guayre, V\u00edctor Fern\u00e1ndez, Igor Tasevski, H\u00e9ctor Font i Xisco Nadal. \u00daltimes entrades a la venda de El Partido de las Leyendas Els aficionats encara poden comprar les \u00faltimes entrades a la venda de El Partido de las Leyendas. Els preus de les localitats s\u00f3n 10 (tribuna i tribuna preferent) i 5 euros (fons). Terminis i punts de venda Participa en el sorteig d\u2019una trobada exclusiva amb les llegendes! El Villarreal CF ha activat un sorteig per a participar en una trobada exclusiva amb els exjugadors m\u00e9s emblem\u00e0tics del club despr\u00e9s de la disputa de El Partido de las Leyendas. Per a participar, els aficionats hauran de pujar una fotografia en Twitter vestint la samarreta del centenari del Villarreal i usant en etiqueta #CentenariGroguet. Cal destacar que per a gaudir de l\u2019experi\u00e8ncia has de disposar de l\u2019entrada al Partit de les Llegendes. El sorteig finalitzar\u00e0 aquest dijous 23 de mar\u00e7, a les 20.00 hores.","url":"","background_image":"","images":[],"videos":[],"links":[]}]},"excerpt":{"rendered":"L&#8217;esdeveniment avan\u00e7a el seu horari i comen\u00e7ar\u00e0 a les 17.15 hores amb diferents homenatges a exjugadors","protected":false},"author":25,"featured_media":257884,"comment_status":"closed","ping_status":"closed","sticky":false,"template":"","format":"standard","meta":{"_acf_changed":false,"footnotes":""},"categories":[13484],"tags":[9664,14245,11429,717,9270,716,9205,9627,9203],"acf":null,"lang":"val","translations":{"es":257870,"val":257893,"en":257973},"essential_grid":{"has_grid":false},"formatted_date":"March 21, 2023","modified_date":"March 21, 2023","permalink":"https:\/\/villarrealcf.es\/val\/informacio-destacada-per-a-el-partido-de-las-leyendas\/","reading_time":2,"featured_media_data":{"id":257884,"title":"fotocen","caption":"","alt_text":"","description":"","mime_type":"image\/jpeg","source_url":"https:\/\/villarrealcf.es\/wp-content\/uploads\/2023\/03\/fotocen.jpg","sizes":{"thumbnail":{"url":"https:\/\/villarrealcf.es\/wp-content\/uploads\/2023\/03\/fotocen-1920x1080.jpg","width":1920,"height":1080},"medium":{"url":"https:\/\/villarrealcf.es\/wp-content\/uploads\/2023\/03\/fotocen-1920x1080.jpg","width":1920,"height":1080},"medium_large":{"url":"https:\/\/villarrealcf.es\/wp-content\/uploads\/2023\/03\/fotocen-768x432.jpg","width":768,"height":432},"large":{"url":"https:\/\/villarrealcf.es\/wp-content\/uploads\/2023\/03\/fotocen-1920x1080.jpg","width":788,"height":443},"1536x1536":{"url":"https:\/\/villarrealcf.es\/wp-content\/uploads\/2023\/03\/fotocen-1536x864.jpg","width":1536,"height":864},"2048x2048":{"url":"https:\/\/villarrealcf.es\/wp-content\/uploads\/2023\/03\/fotocen.jpg","width":1920,"height":1080},"tp-image-grid":{"url":"https:\/\/villarrealcf.es\/wp-content\/uploads\/2023\/03\/fotocen-700x700.jpg","width":700,"height":700},"size-bunyad-medium":{"url":"https:\/\/villarrealcf.es\/wp-content\/uploads\/2023\/03\/fotocen-1920x1080.jpg","width":1920,"height":1080},"sportspress-crop-medium":{"url":"https:\/\/villarrealcf.es\/wp-content\/uploads\/2023\/03\/fotocen-300x300.jpg","width":300,"height":300},"sportspress-fit-medium":{"url":"https:\/\/villarrealcf.es\/wp-content\/uploads\/2023\/03\/fotocen-300x169.jpg","width":300,"height":169},"sportspress-fit-icon":{"url":"https:\/\/villarrealcf.es\/wp-content\/uploads\/2023\/03\/fotocen-128x72.jpg","width":128,"height":72},"sportspress-fit-mini":{"url":"https:\/\/villarrealcf.es\/wp-content\/uploads\/2023\/03\/fotocen-32x18.jpg","width":32,"height":18},"bunyad-small":{"url":"https:\/\/villarrealcf.es\/wp-content\/uploads\/2023\/03\/fotocen-150x84.jpg","width":150,"height":84},"bunyad-medium":{"url":"https:\/\/villarrealcf.es\/wp-content\/uploads\/2023\/03\/fotocen-450x253.jpg","width":450,"height":253},"bunyad-full":{"url":"https:\/\/villarrealcf.es\/wp-content\/uploads\/2023\/03\/fotocen-1200x675.jpg","width":1200,"height":675},"bunyad-viewport":{"url":"https:\/\/villarrealcf.es\/wp-content\/uploads\/2023\/03\/fotocen.jpg","width":1920,"height":1080},"bunyad-768":{"url":"https:\/\/villarrealcf.es\/wp-content\/uploads\/2023\/03\/fotocen-768x432.jpg","width":768,"height":432},"full":{"url":"https:\/\/villarrealcf.es\/wp-content\/uploads\/2023\/03\/fotocen.jpg","width":1920,"height":1080}}},"author_data":{"id":"25","name":"Javier Ayuso","first_name":"Javier","last_name":"Ayuso","description":"","avatar_url":"https:\/\/secure.gravatar.com\/avatar\/fcf8894be45988fcce5bbff0efe1790d2a7f4ba57e2c7c898f5068154e696495?s=96&d=mm&r=g","acf":null},"taxonomies_data":{"category":[{"id":13484,"name":"Club","slug":"club","acf":null}],"post_tag":[{"id":9664,"name":"Centenari Groguet","slug":"centenari-groguet-val","acf":null},{"id":14245,"name":"El Partido de las Leyendas","slug":"el-partido-de-las-leyendas-val","acf":null},{"id":11429,"name":"Estadio de la Cer\u00e1mica","slug":"estadio-de-la-ceramica-val","acf":null},{"id":717,"name":"Football","slug":"football-d34","acf":null},{"id":9270,"name":"Futbol","slug":"futbol-val","acf":null},{"id":716,"name":"Soccer","slug":"soccer-d105","acf":null},{"id":9205,"name":"Submarino","slug":"submarino-val","acf":null},{"id":9627,"name":"Submarino Amarillo","slug":"submarino-amarillo-val","acf":null},{"id":9203,"name":"Villarreal CF","slug":"villarreal-cf-val","acf":null}],"translation_priority":[{"id":735,"name":"Optional","slug":"optional-val","acf":null}]},"seo_full":{"native":{"title":"Informaci\u00f3 destacada per a El Partido de las Leyendas - Web Oficial del Villarreal CF","description":"L'esdeveniment avan\u00e7a el seu horari i comen\u00e7ar\u00e0 a les 17.15 hores amb diferents homenatges a exjugadors","canonical":"https:\/\/villarrealcf.es\/val\/informacio-destacada-per-a-el-partido-de-las-leyendas\/"}},"_links":{"self":[{"href":"https:\/\/villarrealcf.es\/val\/wp-json\/wp\/v2\/posts\/257893","targetHints":{"allow":["GET"]}}],"collection":[{"href":"https:\/\/villarrealcf.es\/val\/wp-json\/wp\/v2\/posts"}],"about":[{"href":"https:\/\/villarrealcf.es\/val\/wp-json\/wp\/v2\/types\/post"}],"author":[{"embeddable":true,"href":"https:\/\/villarrealcf.es\/val\/wp-json\/wp\/v2\/users\/25"}],"replies":[{"embeddable":true,"href":"https:\/\/villarrealcf.es\/val\/wp-json\/wp\/v2\/comments?post=257893"}],"version-history":[{"count":0,"href":"https:\/\/villarrealcf.es\/val\/wp-json\/wp\/v2\/posts\/257893\/revisions"}],"wp:featuredmedia":[{"embeddable":true,"href":"https:\/\/villarrealcf.es\/val\/wp-json\/wp\/v2\/media\/257884"}],"wp:attachment":[{"href":"https:\/\/villarrealcf.es\/val\/wp-json\/wp\/v2\/media?parent=257893"}],"wp:term":[{"taxonomy":"category","embeddable":true,"href":"https:\/\/villarrealcf.es\/val\/wp-json\/wp\/v2\/categories?post=257893"},{"taxonomy":"post_tag","embeddable":true,"href":"https:\/\/villarrealcf.es\/val\/wp-json\/wp\/v2\/tags?post=257893"}],"curies":[{"name":"wp","href":"https:\/\/api.w.org\/{rel}","templated":true}]}}