{"id":257235,"date":"2023-03-17T10:42:28","date_gmt":"2023-03-17T09:42:28","guid":{"rendered":"https:\/\/villarrealcf.es\/\/ultimos-dias-para-apuntarse-a-la-copa-endavant-en-benicassim\/"},"modified":"2023-03-17T10:47:21","modified_gmt":"2023-03-17T09:47:21","slug":"ultims-dies-per-a-apuntar-se-a-la-copa-endavant-a-benicassim","status":"publish","type":"post","link":"https:\/\/villarrealcf.es\/val\/ultims-dies-per-a-apuntar-se-a-la-copa-endavant-a-benicassim\/","title":{"rendered":"\u00daltims dies per a apuntar-se a la Copa Endavant a Benic\u00e0ssim!"},"content":{"protected":false,"blocks":[{"type":"heading","level":2,"text":"El torneig provincial es disputar\u00e0 el dimecres 22 de mar\u00e7 en el Camp Municipal Torre de Sant Vicente"},{"type":"paragraph","text":"Tercera parada per a la Copa Endavant del Tour Centenari Groguet. Benic\u00e0ssim albergara aquest divertit esdeveniment dimecres que ve 22 de mar\u00e7 en el Camp Municipal Torre Sant Vicente. Els joves de la localitat de la Plana Alta disposen dels \u00faltims dies per a formar el seu equip i participar en aquest especial certamen."},{"type":"paragraph","text":"Com en la resta de seus, aquest torneig mixt estar\u00e0 conformat per equips que compten amb entre tres i quatre jugadors i es dividir\u00e0 en dues categories: Blau (per a nascuts en 2014, 2015, i 2016) i Groc (per als nascuts en 2011, 2012 i 2013). Els participants rebran un pack de benvinguda i els guanyadors de cada seu rebran una medalla i tindran l\u2019oportunitat de jugar la gran final."},{"type":"paragraph","text":"Els partits se celebraran aqueixa mateixa vesprada, de 18.00 a 20.00 hores i el termini per a apuntar-se es mantindr\u00e0 actiu fins al diumenge 19 de mar\u00e7. Com a gran al\u00b7licient, a m\u00e9s del torneig, el Villarreal portar\u00e0 la UEFA Europa League, aconseguida en 2021."},{"type":"heading","level":2,"text":"Participa en Benic\u00e0ssim!"},{"type":"paragraph","text":"Els joves talents de la localitat ja poden inscriure\u2019s per a participar en el torneig, que es disputar\u00e0 el dimecres 22 de mar\u00e7"},{"type":"link","url":"https:\/\/villarrealcf.es\/\/val\/centenario\/tour-centenari-groguet\/","text":"inscriure\u2019s","target":"_blank"}],"structured":{"summary":{"text":"El torneig provincial es disputar\u00e0 el dimecres 22 de mar\u00e7 en el Camp Municipal Torre de Sant Vicente Tercera parada per a la Copa Endavant del Tour Centenari Groguet. Benic\u00e0ssim albergara aquest divertit esdeveniment dimecres que ve 22 de mar\u00e7 en el Camp Municipal Torre Sant Vicente. Els joves de la localitat de la Plana Alta disposen dels \u00faltims dies per a formar el seu equip i participar en aquest especial certamen. Com en la resta de seus, aquest torneig mixt estar\u00e0 conformat per equips que compten amb entre tres i quatre jugadors i es dividir\u00e0 en dues categories: Blau (per a nascuts en 2014, 2015, i 2016) i Groc (per als nascuts en 2011, 2012 i 2013). Els participants rebran un pack de benvinguda i els guanyadors de cada seu rebran una medalla i tindran l\u2019oportunitat de jugar la gran final. Els partits se celebraran aqueixa mateixa vesprada, de 18.00 a 20.00 hores i el termini per a apuntar-se es mantindr\u00e0 actiu fins al diumenge 19 de mar\u00e7. Com a gran al\u00b7licient, a m\u00e9s del torneig, el Villarreal portar\u00e0 la UEFA Europa League, aconseguida en 2021. Participa en Benic\u00e0ssim! Els joves talents de la localitat ja poden inscriure\u2019s per a participar en el torneig, que es disputar\u00e0 el dimecres 22 de mar\u00e7 inscriure\u2019s","headings":[{"type":"heading","level":2,"text":"El torneig provincial es disputar\u00e0 el dimecres 22 de mar\u00e7 en el Camp Municipal Torre de Sant Vicente"},{"type":"heading","level":2,"text":"Participa en Benic\u00e0ssim!"}],"buttons":[],"images":[],"counts":{"blocks":7,"headings":2,"texts":4,"buttons":0,"images":0}},"sections":[{"id":"section-1","title":"El torneig provincial es disputar\u00e0 el dimecres 22 de mar\u00e7 en el Camp Municipal Torre de Sant Vicente","text":"El torneig provincial es disputar\u00e0 el dimecres 22 de mar\u00e7 en el Camp Municipal Torre de Sant Vicente Tercera parada per a la Copa Endavant del Tour Centenari Groguet. Benic\u00e0ssim albergara aquest divertit esdeveniment dimecres que ve 22 de mar\u00e7 en el Camp Municipal Torre Sant Vicente. Els joves de la localitat de la Plana Alta disposen dels \u00faltims dies per a formar el seu equip i participar en aquest especial certamen. Com en la resta de seus, aquest torneig mixt estar\u00e0 conformat per equips que compten amb entre tres i quatre jugadors i es dividir\u00e0 en dues categories: Blau (per a nascuts en 2014, 2015, i 2016) i Groc (per als nascuts en 2011, 2012 i 2013). Els participants rebran un pack de benvinguda i els guanyadors de cada seu rebran una medalla i tindran l\u2019oportunitat de jugar la gran final. Els partits se celebraran aqueixa mateixa vesprada, de 18.00 a 20.00 hores i el termini per a apuntar-se es mantindr\u00e0 actiu fins al diumenge 19 de mar\u00e7. Com a gran al\u00b7licient, a m\u00e9s del torneig, el Villarreal portar\u00e0 la UEFA Europa League, aconseguida en 2021.","headings":[{"type":"heading","level":2,"text":"El torneig provincial es disputar\u00e0 el dimecres 22 de mar\u00e7 en el Camp Municipal Torre de Sant Vicente"}],"texts":[{"type":"paragraph","text":"Tercera parada per a la Copa Endavant del Tour Centenari Groguet. Benic\u00e0ssim albergara aquest divertit esdeveniment dimecres que ve 22 de mar\u00e7 en el Camp Municipal Torre Sant Vicente. Els joves de la localitat de la Plana Alta disposen dels \u00faltims dies per a formar el seu equip i participar en aquest especial certamen."},{"type":"paragraph","text":"Com en la resta de seus, aquest torneig mixt estar\u00e0 conformat per equips que compten amb entre tres i quatre jugadors i es dividir\u00e0 en dues categories: Blau (per a nascuts en 2014, 2015, i 2016) i Groc (per als nascuts en 2011, 2012 i 2013). Els participants rebran un pack de benvinguda i els guanyadors de cada seu rebran una medalla i tindran l\u2019oportunitat de jugar la gran final."},{"type":"paragraph","text":"Els partits se celebraran aqueixa mateixa vesprada, de 18.00 a 20.00 hores i el termini per a apuntar-se es mantindr\u00e0 actiu fins al diumenge 19 de mar\u00e7. Com a gran al\u00b7licient, a m\u00e9s del torneig, el Villarreal portar\u00e0 la UEFA Europa League, aconseguida en 2021."}],"buttons":[],"images":[],"widgets":[],"blocks":[{"type":"heading","level":2,"text":"El torneig provincial es disputar\u00e0 el dimecres 22 de mar\u00e7 en el Camp Municipal Torre de Sant Vicente"},{"type":"paragraph","text":"Tercera parada per a la Copa Endavant del Tour Centenari Groguet. Benic\u00e0ssim albergara aquest divertit esdeveniment dimecres que ve 22 de mar\u00e7 en el Camp Municipal Torre Sant Vicente. Els joves de la localitat de la Plana Alta disposen dels \u00faltims dies per a formar el seu equip i participar en aquest especial certamen."},{"type":"paragraph","text":"Com en la resta de seus, aquest torneig mixt estar\u00e0 conformat per equips que compten amb entre tres i quatre jugadors i es dividir\u00e0 en dues categories: Blau (per a nascuts en 2014, 2015, i 2016) i Groc (per als nascuts en 2011, 2012 i 2013). Els participants rebran un pack de benvinguda i els guanyadors de cada seu rebran una medalla i tindran l\u2019oportunitat de jugar la gran final."},{"type":"paragraph","text":"Els partits se celebraran aqueixa mateixa vesprada, de 18.00 a 20.00 hores i el termini per a apuntar-se es mantindr\u00e0 actiu fins al diumenge 19 de mar\u00e7. Com a gran al\u00b7licient, a m\u00e9s del torneig, el Villarreal portar\u00e0 la UEFA Europa League, aconseguida en 2021."}]},{"id":"section-2","title":"Participa en Benic\u00e0ssim!","text":"Participa en Benic\u00e0ssim! Els joves talents de la localitat ja poden inscriure\u2019s per a participar en el torneig, que es disputar\u00e0 el dimecres 22 de mar\u00e7","headings":[{"type":"heading","level":2,"text":"Participa en Benic\u00e0ssim!"}],"texts":[{"type":"paragraph","text":"Els joves talents de la localitat ja poden inscriure\u2019s per a participar en el torneig, que es disputar\u00e0 el dimecres 22 de mar\u00e7"}],"buttons":[],"images":[],"widgets":[],"blocks":[{"type":"heading","level":2,"text":"Participa en Benic\u00e0ssim!"},{"type":"paragraph","text":"Els joves talents de la localitat ja poden inscriure\u2019s per a participar en el torneig, que es disputar\u00e0 el dimecres 22 de mar\u00e7"},{"type":"link","url":"https:\/\/villarrealcf.es\/\/val\/centenario\/tour-centenari-groguet\/","text":"inscriure\u2019s","target":"_blank"}]}],"hero":{"id":"section-1","title":"El torneig provincial es disputar\u00e0 el dimecres 22 de mar\u00e7 en el Camp Municipal Torre de Sant Vicente","text":"El torneig provincial es disputar\u00e0 el dimecres 22 de mar\u00e7 en el Camp Municipal Torre de Sant Vicente Tercera parada per a la Copa Endavant del Tour Centenari Groguet. Benic\u00e0ssim albergara aquest divertit esdeveniment dimecres que ve 22 de mar\u00e7 en el Camp Municipal Torre Sant Vicente. Els joves de la localitat de la Plana Alta disposen dels \u00faltims dies per a formar el seu equip i participar en aquest especial certamen. Com en la resta de seus, aquest torneig mixt estar\u00e0 conformat per equips que compten amb entre tres i quatre jugadors i es dividir\u00e0 en dues categories: Blau (per a nascuts en 2014, 2015, i 2016) i Groc (per als nascuts en 2011, 2012 i 2013). Els participants rebran un pack de benvinguda i els guanyadors de cada seu rebran una medalla i tindran l\u2019oportunitat de jugar la gran final. Els partits se celebraran aqueixa mateixa vesprada, de 18.00 a 20.00 hores i el termini per a apuntar-se es mantindr\u00e0 actiu fins al diumenge 19 de mar\u00e7. Com a gran al\u00b7licient, a m\u00e9s del torneig, el Villarreal portar\u00e0 la UEFA Europa League, aconseguida en 2021.","headings":[{"type":"heading","level":2,"text":"El torneig provincial es disputar\u00e0 el dimecres 22 de mar\u00e7 en el Camp Municipal Torre de Sant Vicente"}],"texts":[{"type":"paragraph","text":"Tercera parada per a la Copa Endavant del Tour Centenari Groguet. Benic\u00e0ssim albergara aquest divertit esdeveniment dimecres que ve 22 de mar\u00e7 en el Camp Municipal Torre Sant Vicente. Els joves de la localitat de la Plana Alta disposen dels \u00faltims dies per a formar el seu equip i participar en aquest especial certamen."},{"type":"paragraph","text":"Com en la resta de seus, aquest torneig mixt estar\u00e0 conformat per equips que compten amb entre tres i quatre jugadors i es dividir\u00e0 en dues categories: Blau (per a nascuts en 2014, 2015, i 2016) i Groc (per als nascuts en 2011, 2012 i 2013). Els participants rebran un pack de benvinguda i els guanyadors de cada seu rebran una medalla i tindran l\u2019oportunitat de jugar la gran final."},{"type":"paragraph","text":"Els partits se celebraran aqueixa mateixa vesprada, de 18.00 a 20.00 hores i el termini per a apuntar-se es mantindr\u00e0 actiu fins al diumenge 19 de mar\u00e7. Com a gran al\u00b7licient, a m\u00e9s del torneig, el Villarreal portar\u00e0 la UEFA Europa League, aconseguida en 2021."}],"buttons":[],"images":[],"widgets":[],"blocks":[{"type":"heading","level":2,"text":"El torneig provincial es disputar\u00e0 el dimecres 22 de mar\u00e7 en el Camp Municipal Torre de Sant Vicente"},{"type":"paragraph","text":"Tercera parada per a la Copa Endavant del Tour Centenari Groguet. Benic\u00e0ssim albergara aquest divertit esdeveniment dimecres que ve 22 de mar\u00e7 en el Camp Municipal Torre Sant Vicente. Els joves de la localitat de la Plana Alta disposen dels \u00faltims dies per a formar el seu equip i participar en aquest especial certamen."},{"type":"paragraph","text":"Com en la resta de seus, aquest torneig mixt estar\u00e0 conformat per equips que compten amb entre tres i quatre jugadors i es dividir\u00e0 en dues categories: Blau (per a nascuts en 2014, 2015, i 2016) i Groc (per als nascuts en 2011, 2012 i 2013). Els participants rebran un pack de benvinguda i els guanyadors de cada seu rebran una medalla i tindran l\u2019oportunitat de jugar la gran final."},{"type":"paragraph","text":"Els partits se celebraran aqueixa mateixa vesprada, de 18.00 a 20.00 hores i el termini per a apuntar-se es mantindr\u00e0 actiu fins al diumenge 19 de mar\u00e7. Com a gran al\u00b7licient, a m\u00e9s del torneig, el Villarreal portar\u00e0 la UEFA Europa League, aconseguida en 2021."}]}},"sections":[{"id":"section-1","title":"El torneig provincial es disputar\u00e0 el dimecres 22 de mar\u00e7 en el Camp Municipal Torre de Sant Vicente","text":"El torneig provincial es disputar\u00e0 el dimecres 22 de mar\u00e7 en el Camp Municipal Torre de Sant Vicente Tercera parada per a la Copa Endavant del Tour Centenari Groguet. Benic\u00e0ssim albergara aquest divertit esdeveniment dimecres que ve 22 de mar\u00e7 en el Camp Municipal Torre Sant Vicente. Els joves de la localitat de la Plana Alta disposen dels \u00faltims dies per a formar el seu equip i participar en aquest especial certamen. Com en la resta de seus, aquest torneig mixt estar\u00e0 conformat per equips que compten amb entre tres i quatre jugadors i es dividir\u00e0 en dues categories: Blau (per a nascuts en 2014, 2015, i 2016) i Groc (per als nascuts en 2011, 2012 i 2013). Els participants rebran un pack de benvinguda i els guanyadors de cada seu rebran una medalla i tindran l\u2019oportunitat de jugar la gran final. Els partits se celebraran aqueixa mateixa vesprada, de 18.00 a 20.00 hores i el termini per a apuntar-se es mantindr\u00e0 actiu fins al diumenge 19 de mar\u00e7. Com a gran al\u00b7licient, a m\u00e9s del torneig, el Villarreal portar\u00e0 la UEFA Europa League, aconseguida en 2021.","url":"","background_image":"","images":[],"videos":[],"links":[]},{"id":"section-2","title":"Participa en Benic\u00e0ssim!","text":"Participa en Benic\u00e0ssim! Els joves talents de la localitat ja poden inscriure\u2019s per a participar en el torneig, que es disputar\u00e0 el dimecres 22 de mar\u00e7","url":"https:\/\/villarrealcf.es\/\/val\/centenario\/tour-centenari-groguet\/","background_image":"","images":[],"videos":[],"links":[{"type":"link","url":"https:\/\/villarrealcf.es\/\/val\/centenario\/tour-centenari-groguet\/","text":"inscriure\u2019s","target":"_blank"}]}]},"excerpt":{"rendered":"El torneig provincial es disputar\u00e0 el dimecres 22 de mar\u00e7 en el Camp Municipal Torre de Sant Vicent","protected":false},"author":25,"featured_media":257231,"comment_status":"closed","ping_status":"closed","sticky":false,"template":"","format":"standard","meta":{"_acf_changed":false,"footnotes":""},"categories":[13509],"tags":[9366,10325,9664,9242,9287,717,9270,9227,716,9205,9627,14076,9203],"acf":null,"lang":"val","translations":{"es":257225,"val":257235,"en":257466},"essential_grid":{"has_grid":false},"formatted_date":"March 17, 2023","modified_date":"March 17, 2023","permalink":"https:\/\/villarrealcf.es\/val\/ultims-dies-per-a-apuntar-se-a-la-copa-endavant-a-benicassim\/","reading_time":2,"featured_media_data":{"id":257231,"title":"BENI","caption":"","alt_text":"","description":"","mime_type":"image\/jpeg","source_url":"https:\/\/villarrealcf.es\/wp-content\/uploads\/2023\/03\/BENI.jpg","sizes":{"thumbnail":{"url":"https:\/\/villarrealcf.es\/wp-content\/uploads\/2023\/03\/BENI-1920x1080.jpg","width":1920,"height":1080},"medium":{"url":"https:\/\/villarrealcf.es\/wp-content\/uploads\/2023\/03\/BENI-1920x1080.jpg","width":1920,"height":1080},"medium_large":{"url":"https:\/\/villarrealcf.es\/wp-content\/uploads\/2023\/03\/BENI-768x432.jpg","width":768,"height":432},"large":{"url":"https:\/\/villarrealcf.es\/wp-content\/uploads\/2023\/03\/BENI-1920x1080.jpg","width":788,"height":443},"1536x1536":{"url":"https:\/\/villarrealcf.es\/wp-content\/uploads\/2023\/03\/BENI-1536x864.jpg","width":1536,"height":864},"2048x2048":{"url":"https:\/\/villarrealcf.es\/wp-content\/uploads\/2023\/03\/BENI.jpg","width":1920,"height":1080},"tp-image-grid":{"url":"https:\/\/villarrealcf.es\/wp-content\/uploads\/2023\/03\/BENI-700x700.jpg","width":700,"height":700},"size-bunyad-medium":{"url":"https:\/\/villarrealcf.es\/wp-content\/uploads\/2023\/03\/BENI-1920x1080.jpg","width":1920,"height":1080},"sportspress-crop-medium":{"url":"https:\/\/villarrealcf.es\/wp-content\/uploads\/2023\/03\/BENI-300x300.jpg","width":300,"height":300},"sportspress-fit-medium":{"url":"https:\/\/villarrealcf.es\/wp-content\/uploads\/2023\/03\/BENI-300x169.jpg","width":300,"height":169},"sportspress-fit-icon":{"url":"https:\/\/villarrealcf.es\/wp-content\/uploads\/2023\/03\/BENI-128x72.jpg","width":128,"height":72},"sportspress-fit-mini":{"url":"https:\/\/villarrealcf.es\/wp-content\/uploads\/2023\/03\/BENI-32x18.jpg","width":32,"height":18},"bunyad-small":{"url":"https:\/\/villarrealcf.es\/wp-content\/uploads\/2023\/03\/BENI-150x84.jpg","width":150,"height":84},"bunyad-medium":{"url":"https:\/\/villarrealcf.es\/wp-content\/uploads\/2023\/03\/BENI-450x253.jpg","width":450,"height":253},"bunyad-full":{"url":"https:\/\/villarrealcf.es\/wp-content\/uploads\/2023\/03\/BENI-1200x675.jpg","width":1200,"height":675},"bunyad-viewport":{"url":"https:\/\/villarrealcf.es\/wp-content\/uploads\/2023\/03\/BENI.jpg","width":1920,"height":1080},"bunyad-768":{"url":"https:\/\/villarrealcf.es\/wp-content\/uploads\/2023\/03\/BENI-768x432.jpg","width":768,"height":432},"full":{"url":"https:\/\/villarrealcf.es\/wp-content\/uploads\/2023\/03\/BENI.jpg","width":1920,"height":1080}}},"author_data":{"id":"25","name":"Javier Ayuso","first_name":"Javier","last_name":"Ayuso","description":"","avatar_url":"https:\/\/secure.gravatar.com\/avatar\/fcf8894be45988fcce5bbff0efe1790d2a7f4ba57e2c7c898f5068154e696495?s=96&d=mm&r=g","acf":null},"taxonomies_data":{"category":[{"id":13509,"name":"Endavant","slug":"endavant-val","acf":null}],"post_tag":[{"id":9366,"name":"Cantera","slug":"cantera-val","acf":null},{"id":10325,"name":"Cantera Grogueta","slug":"cantera-grogueta-val","acf":null},{"id":9664,"name":"Centenari Groguet","slug":"centenari-groguet-val","acf":null},{"id":9242,"name":"Endavant","slug":"endavant-val-2","acf":null},{"id":9287,"name":"Endavant Club Groguet","slug":"endavant-club-groguet-val-2","acf":null},{"id":717,"name":"Football","slug":"football-d34","acf":null},{"id":9270,"name":"Futbol","slug":"futbol-val","acf":null},{"id":9227,"name":"F\u00fatbol Base","slug":"futbol-base-val","acf":null},{"id":716,"name":"Soccer","slug":"soccer-d105","acf":null},{"id":9205,"name":"Submarino","slug":"submarino-val","acf":null},{"id":9627,"name":"Submarino Amarillo","slug":"submarino-amarillo-val","acf":null},{"id":14076,"name":"Tour Centenario Groguet","slug":"tour-centenario-groguet-val","acf":null},{"id":9203,"name":"Villarreal CF","slug":"villarreal-cf-val","acf":null}],"translation_priority":[{"id":735,"name":"Optional","slug":"optional-val","acf":null}]},"seo_full":{"native":{"title":"\u00daltims dies per a apuntar-se a la Copa Endavant a Benic\u00e0ssim! - Web Oficial del Villarreal CF","description":"El torneig provincial es disputar\u00e0 el dimecres 22 de mar\u00e7 en el Camp Municipal Torre de Sant Vicent","canonical":"https:\/\/villarrealcf.es\/val\/ultims-dies-per-a-apuntar-se-a-la-copa-endavant-a-benicassim\/"}},"_links":{"self":[{"href":"https:\/\/villarrealcf.es\/val\/wp-json\/wp\/v2\/posts\/257235","targetHints":{"allow":["GET"]}}],"collection":[{"href":"https:\/\/villarrealcf.es\/val\/wp-json\/wp\/v2\/posts"}],"about":[{"href":"https:\/\/villarrealcf.es\/val\/wp-json\/wp\/v2\/types\/post"}],"author":[{"embeddable":true,"href":"https:\/\/villarrealcf.es\/val\/wp-json\/wp\/v2\/users\/25"}],"replies":[{"embeddable":true,"href":"https:\/\/villarrealcf.es\/val\/wp-json\/wp\/v2\/comments?post=257235"}],"version-history":[{"count":0,"href":"https:\/\/villarrealcf.es\/val\/wp-json\/wp\/v2\/posts\/257235\/revisions"}],"wp:featuredmedia":[{"embeddable":true,"href":"https:\/\/villarrealcf.es\/val\/wp-json\/wp\/v2\/media\/257231"}],"wp:attachment":[{"href":"https:\/\/villarrealcf.es\/val\/wp-json\/wp\/v2\/media?parent=257235"}],"wp:term":[{"taxonomy":"category","embeddable":true,"href":"https:\/\/villarrealcf.es\/val\/wp-json\/wp\/v2\/categories?post=257235"},{"taxonomy":"post_tag","embeddable":true,"href":"https:\/\/villarrealcf.es\/val\/wp-json\/wp\/v2\/tags?post=257235"}],"curies":[{"name":"wp","href":"https:\/\/api.w.org\/{rel}","templated":true}]}}