{"id":256739,"date":"2023-03-13T11:02:25","date_gmt":"2023-03-13T10:02:25","guid":{"rendered":"https:\/\/villarrealcf.es\/\/iniguez-y-lozano-a-punto-de-entrar-en-el-podio-historico-del-villarreal-b\/"},"modified":"2023-03-13T12:13:39","modified_gmt":"2023-03-13T11:13:39","slug":"iniguez-i-lozano-a-punt-dentrar-en-el-podi-historic-del-villarreal-b","status":"publish","type":"post","link":"https:\/\/villarrealcf.es\/val\/iniguez-i-lozano-a-punt-dentrar-en-el-podi-historic-del-villarreal-b\/","title":{"rendered":"I\u00f1iguez i Lozano, a punt d&#8217;entrar en el podi hist\u00f2ric del Villarreal B"},"content":{"protected":false,"blocks":[{"type":"heading","level":2,"text":"Kiko Olivas, Marcos Gull\u00f3n i Juan Carlos lideren la llista de futbolistes amb m\u00e9s participacions en el Mini Submar\u00ed"},{"type":"paragraph","text":"Pablo I\u00f1iguez i Sergio Lozano ja s\u00f3n hist\u00f2ria viva del Villarreal B, acumulant 113 i 110 partits amb el filial groc respectivament. Ara, estan molt prop d\u2019acr\u00e9ixer la seua figura en la Cantera Grogueta, podent ficar-se en el podi hist\u00f2ric de m\u00e9s participacions en el Mini Submar\u00ed. Kiko Olives (146), Marcos Gull\u00f3n (127) i Juan Carlos (119) lideren aquest r\u00e0nquing de jugadors del Villarreal B. Els tres van arribar a debutar amb el primer equip en nombroses ocasions."},{"type":"paragraph","text":"Olives va jugar un total de 12 partits defensant l\u2019el\u00e0stica groga en el primer equip durant les temporades 09\/10 i 10\/11. El seu debut no va poder ser m\u00e9s dol\u00e7. El Submar\u00ed es va imposar al NAC Breda holand\u00e9s per 6-1 en la volta del play-off per a accedir a la Copa de la UEFA i el canterano va anotar el sis\u00e9 punt per a tancar la golejada grogueta."},{"type":"paragraph","text":"En el cas de Gull\u00f3n, se li va poder veure un total de sis vegades amb el primer equip. El seu debut es va produir en Copa del Rey davant el Puertollano, per\u00f2 va arribar a debutar en la Copa de la UEFA contra el Napoli en el vell Madrigal i en Champions League enfront del Manchester City a Anglaterra. Per part seua, Juan Carlos s\u00ed que va tindre una traject\u00f2ria m\u00e9s dilatada amb el m\u00e0xim equip groc acumulant un total de 57 partits, cinc d\u2019ells en competicions europees, despr\u00e9s de debutar contra l\u2019Almeria en la campanya 07\/08."},{"type":"paragraph","text":"I\u00f1iguez, la fidelitat feta central"},{"type":"paragraph","text":"Pablo I\u00f1iguez va ser i \u00e9s una de les joies de la Pedrera Grogueta. El central valenci\u00e0 es va enganxar al primer equip en la temporada 12\/13 en Segona Divisi\u00f3, disputant un total de set partits en la categoria de plata, en la qual continua competint al m\u00e9s alt nivell. El seu debut en Primera defensant l\u2019escut groguet li va arribar amb tan sols 19 anys i es va produir en la primera jornada de la seg\u00fcent campanya. El Submar\u00ed va v\u00e9ncer per 2-3 a la UD Almer\u00eda amb el defensor groc com a titular i jugant els 90 minuts."},{"type":"paragraph","text":"Les lesions li van apartar d\u2019afermar-se en la c\u00faspide grogueta i va eixir a diversos equips del futbol nacional abans de tornar a la seua casa per a continuar fent hist\u00f2ria i ajudar a ascendir al filial a LaLiga SmartBank. Ara, I\u00f1iguez continua gaudint i donant la seua millor versi\u00f3 als ordes de Miguel \u00c1lvarez, mantenint al Mini Submar\u00ed en la zona de mitja taula."},{"type":"paragraph","text":"Lozano, de la resid\u00e8ncia al futbol professional"},{"type":"paragraph","text":"Sergio Lozano porta 12 anys en la Cantera Grogueta des que arribara a la resid\u00e8ncia de Miralcamp en etapa Infantil. En aqueixa resid\u00e8ncia dels somnis va complir el seu i va triomfar en tots els camps de la Ciutat Esportiva Jos\u00e9 Manuel Llaneza fins a fer-ho en el Mini Estadi i, posteriorment, en La Cer\u00e0mica. Des de la seua arribada, nom\u00e9s ha vestit l\u2019el\u00e0stica groga, excepte la seua mitja temporada de cessi\u00f3 en l\u2019FC Cartagena."},{"type":"paragraph","text":"Amb tan sols 18 anys, va poder jugar el seu primer partit en competici\u00f3 continental davant el Maccabi Tel Aviv en la temporada 17\/18. M\u00e9s tard, li va arribar la seua oportunitat en Copa del Rey davant el Comillas CF. El mag d\u2019Alzira ha deixat diversos centellejos de la seua qualitat enguany en LaLiga SmartBank, competici\u00f3 en la qual ja suma cinc gols de groc."},{"type":"paragraph","text":"Altres hist\u00f2rics del filial"},{"type":"paragraph","text":"Altres jugadors de l\u2019actual plantilla del Vila-real B que estan a punt d\u2019arribar al centenar de partits en el filial i se situen prop del top 10 s\u00f3n Diego Collado (12\u00e9), Migue Leal (13\u00e9), Dani Tasende (14\u00e9), Carlo Adriano (20\u00e9) o Dela (24\u00e9)."},{"type":"paragraph","text":"Gerard Bordas, Aitor Fern\u00e1ndez, Matilla, Felipe, Mario Gonz\u00e1lez, Ram\u00f3n Bueno i Mario Gaspar tanquen el top 15 juntament amb els futbolistes ja esmentats. Sens dubte, tots ells s\u00f3n jugadors recordats de la pedrera millor posicionada del pa\u00eds, havent ajudat al seu desenvolupament en diferents \u00e8poques de la hist\u00f2ria recent del futbol base groc."}],"structured":{"summary":{"text":"Kiko Olivas, Marcos Gull\u00f3n i Juan Carlos lideren la llista de futbolistes amb m\u00e9s participacions en el Mini Submar\u00ed Pablo I\u00f1iguez i Sergio Lozano ja s\u00f3n hist\u00f2ria viva del Villarreal B, acumulant 113 i 110 partits amb el filial groc respectivament. Ara, estan molt prop d\u2019acr\u00e9ixer la seua figura en la Cantera Grogueta, podent ficar-se en el podi hist\u00f2ric de m\u00e9s participacions en el Mini Submar\u00ed. Kiko Olives (146), Marcos Gull\u00f3n (127) i Juan Carlos (119) lideren aquest r\u00e0nquing de jugadors del Villarreal B. Els tres van arribar a debutar amb el primer equip en nombroses ocasions. Olives va jugar un total de 12 partits defensant l\u2019el\u00e0stica groga en el primer equip durant les temporades 09\/10 i 10\/11. El seu debut no va poder ser m\u00e9s dol\u00e7. El Submar\u00ed es va imposar al NAC Breda holand\u00e9s per 6-1 en la volta del play-off per a accedir a la Copa de la UEFA i el canterano va anotar el sis\u00e9 punt per a tancar la golejada grogueta. En el cas de Gull\u00f3n, se li va poder veure un total de sis vegades amb el primer equip. El seu debut es va produir en Copa del Rey davant el Puertollano, per\u00f2 va arribar a debutar en la Copa de la UEFA contra el Napoli en el vell Madrigal i en Champions League enfront del Manchester City a Anglaterra. Per part seua, Juan Carlos s\u00ed que va tindre una traject\u00f2ria m\u00e9s dilatada amb el m\u00e0xim equip groc acumulant un total de 57 partits, cinc d\u2019ells en competicions europees, despr\u00e9s de debutar contra l\u2019Almeria en la campanya 07\/08. I\u00f1iguez, la fidelitat feta central Pablo I\u00f1iguez va ser i \u00e9s una de les joies de la Pedrera Grogueta. El central valenci\u00e0 es va enganxar al primer equip en la temporada 12\/13 en Segona Divisi\u00f3, disputant un total de set partits en la categoria de plata, en la qual continua competint al m\u00e9s alt nivell. El seu debut en Primera defensant l\u2019escut groguet li va arribar amb tan sols 19 anys i es va produir en la primera jornada de la seg\u00fcent campanya. El Submar\u00ed va v\u00e9ncer per 2-3 a la UD Almer\u00eda amb el defensor groc com a titular i jugant els 90 minuts. Les lesions li van apartar d\u2019afermar-se en la c\u00faspide grogueta i va eixir a diversos equips del futbol nacional abans de tornar a la seua casa per a continuar fent hist\u00f2ria i ajudar a ascendir al filial a LaLiga SmartBank. Ara, I\u00f1iguez continua gaudint i donant la seua millor versi\u00f3 als ordes de Miguel \u00c1lvarez, mantenint al Mini Submar\u00ed en la zona de mitja taula. Lozano, de la resid\u00e8ncia al futbol professional Sergio Lozano porta 12 anys en la Cantera Grogueta des que arribara a la resid\u00e8ncia de Miralcamp en etapa Infantil. En aqueixa resid\u00e8ncia dels somnis va complir el seu i va triomfar en tots els camps de la Ciutat Esportiva Jos\u00e9 Manuel Llaneza fins a fer-ho en el Mini Estadi i, posteriorment, en La Cer\u00e0mica. Des de la seua arribada, nom\u00e9s ha vestit l\u2019el\u00e0stica groga, excepte la seua mitja temporada de cessi\u00f3 en l\u2019FC Cartagena. Amb tan sols 18 anys, va poder jugar el seu primer partit en competici\u00f3 continental davant el Maccabi Tel Aviv en la temporada 17\/18. M\u00e9s tard, li va arribar la seua oportunitat en Copa del Rey davant el Comillas CF. El mag d\u2019Alzira ha deixat diversos centellejos de la seua qualitat enguany en LaLiga SmartBank, competici\u00f3 en la qual ja suma cinc gols de groc. Altres hist\u00f2rics del filial Altres jugadors de l\u2019actual plantilla del Vila-real B que estan a punt d\u2019arribar al centenar de partits en el filial i se situen prop del top 10 s\u00f3n Diego Collado (12\u00e9), Migue Leal (13\u00e9), Dani Tasende (14\u00e9), Carlo Adriano (20\u00e9) o Dela (24\u00e9). Gerard Bordas, Aitor Fern\u00e1ndez, Matilla, Felipe, Mario Gonz\u00e1lez, Ram\u00f3n Bueno i Mario Gaspar tanquen el top 15 juntament amb els futbolistes ja esmentats. Sens dubte, tots ells s\u00f3n jugadors recordats de la pedrera millor posicionada del pa\u00eds, havent ajudat al seu desenvolupament en diferents \u00e8poques de la hist\u00f2ria recent del futbol base groc.","headings":[{"type":"heading","level":2,"text":"Kiko Olivas, Marcos Gull\u00f3n i Juan Carlos lideren la llista de futbolistes amb m\u00e9s participacions en el Mini Submar\u00ed"}],"buttons":[],"images":[],"counts":{"blocks":13,"headings":1,"texts":12,"buttons":0,"images":0}},"sections":[{"id":"section-1","title":"Kiko Olivas, Marcos Gull\u00f3n i Juan Carlos lideren la llista de futbolistes amb m\u00e9s participacions en el Mini Submar\u00ed","text":"Kiko Olivas, Marcos Gull\u00f3n i Juan Carlos lideren la llista de futbolistes amb m\u00e9s participacions en el Mini Submar\u00ed Pablo I\u00f1iguez i Sergio Lozano ja s\u00f3n hist\u00f2ria viva del Villarreal B, acumulant 113 i 110 partits amb el filial groc respectivament. Ara, estan molt prop d\u2019acr\u00e9ixer la seua figura en la Cantera Grogueta, podent ficar-se en el podi hist\u00f2ric de m\u00e9s participacions en el Mini Submar\u00ed. Kiko Olives (146), Marcos Gull\u00f3n (127) i Juan Carlos (119) lideren aquest r\u00e0nquing de jugadors del Villarreal B. Els tres van arribar a debutar amb el primer equip en nombroses ocasions. Olives va jugar un total de 12 partits defensant l\u2019el\u00e0stica groga en el primer equip durant les temporades 09\/10 i 10\/11. El seu debut no va poder ser m\u00e9s dol\u00e7. El Submar\u00ed es va imposar al NAC Breda holand\u00e9s per 6-1 en la volta del play-off per a accedir a la Copa de la UEFA i el canterano va anotar el sis\u00e9 punt per a tancar la golejada grogueta. En el cas de Gull\u00f3n, se li va poder veure un total de sis vegades amb el primer equip. El seu debut es va produir en Copa del Rey davant el Puertollano, per\u00f2 va arribar a debutar en la Copa de la UEFA contra el Napoli en el vell Madrigal i en Champions League enfront del Manchester City a Anglaterra. Per part seua, Juan Carlos s\u00ed que va tindre una traject\u00f2ria m\u00e9s dilatada amb el m\u00e0xim equip groc acumulant un total de 57 partits, cinc d\u2019ells en competicions europees, despr\u00e9s de debutar contra l\u2019Almeria en la campanya 07\/08. I\u00f1iguez, la fidelitat feta central Pablo I\u00f1iguez va ser i \u00e9s una de les joies de la Pedrera Grogueta. El central valenci\u00e0 es va enganxar al primer equip en la temporada 12\/13 en Segona Divisi\u00f3, disputant un total de set partits en la categoria de plata, en la qual continua competint al m\u00e9s alt nivell. El seu debut en Primera defensant l\u2019escut groguet li va arribar amb tan sols 19 anys i es va produir en la primera jornada de la seg\u00fcent campanya. El Submar\u00ed va v\u00e9ncer per 2-3 a la UD Almer\u00eda amb el defensor groc com a titular i jugant els 90 minuts. Les lesions li van apartar d\u2019afermar-se en la c\u00faspide grogueta i va eixir a diversos equips del futbol nacional abans de tornar a la seua casa per a continuar fent hist\u00f2ria i ajudar a ascendir al filial a LaLiga SmartBank. Ara, I\u00f1iguez continua gaudint i donant la seua millor versi\u00f3 als ordes de Miguel \u00c1lvarez, mantenint al Mini Submar\u00ed en la zona de mitja taula. Lozano, de la resid\u00e8ncia al futbol professional Sergio Lozano porta 12 anys en la Cantera Grogueta des que arribara a la resid\u00e8ncia de Miralcamp en etapa Infantil. En aqueixa resid\u00e8ncia dels somnis va complir el seu i va triomfar en tots els camps de la Ciutat Esportiva Jos\u00e9 Manuel Llaneza fins a fer-ho en el Mini Estadi i, posteriorment, en La Cer\u00e0mica. Des de la seua arribada, nom\u00e9s ha vestit l\u2019el\u00e0stica groga, excepte la seua mitja temporada de cessi\u00f3 en l\u2019FC Cartagena. Amb tan sols 18 anys, va poder jugar el seu primer partit en competici\u00f3 continental davant el Maccabi Tel Aviv en la temporada 17\/18. M\u00e9s tard, li va arribar la seua oportunitat en Copa del Rey davant el Comillas CF. El mag d\u2019Alzira ha deixat diversos centellejos de la seua qualitat enguany en LaLiga SmartBank, competici\u00f3 en la qual ja suma cinc gols de groc. Altres hist\u00f2rics del filial Altres jugadors de l\u2019actual plantilla del Vila-real B que estan a punt d\u2019arribar al centenar de partits en el filial i se situen prop del top 10 s\u00f3n Diego Collado (12\u00e9), Migue Leal (13\u00e9), Dani Tasende (14\u00e9), Carlo Adriano (20\u00e9) o Dela (24\u00e9). Gerard Bordas, Aitor Fern\u00e1ndez, Matilla, Felipe, Mario Gonz\u00e1lez, Ram\u00f3n Bueno i Mario Gaspar tanquen el top 15 juntament amb els futbolistes ja esmentats. Sens dubte, tots ells s\u00f3n jugadors recordats de la pedrera millor posicionada del pa\u00eds, havent ajudat al seu desenvolupament en diferents \u00e8poques de la hist\u00f2ria recent del futbol base groc.","headings":[{"type":"heading","level":2,"text":"Kiko Olivas, Marcos Gull\u00f3n i Juan Carlos lideren la llista de futbolistes amb m\u00e9s participacions en el Mini Submar\u00ed"}],"texts":[{"type":"paragraph","text":"Pablo I\u00f1iguez i Sergio Lozano ja s\u00f3n hist\u00f2ria viva del Villarreal B, acumulant 113 i 110 partits amb el filial groc respectivament. Ara, estan molt prop d\u2019acr\u00e9ixer la seua figura en la Cantera Grogueta, podent ficar-se en el podi hist\u00f2ric de m\u00e9s participacions en el Mini Submar\u00ed. Kiko Olives (146), Marcos Gull\u00f3n (127) i Juan Carlos (119) lideren aquest r\u00e0nquing de jugadors del Villarreal B. Els tres van arribar a debutar amb el primer equip en nombroses ocasions."},{"type":"paragraph","text":"Olives va jugar un total de 12 partits defensant l\u2019el\u00e0stica groga en el primer equip durant les temporades 09\/10 i 10\/11. El seu debut no va poder ser m\u00e9s dol\u00e7. El Submar\u00ed es va imposar al NAC Breda holand\u00e9s per 6-1 en la volta del play-off per a accedir a la Copa de la UEFA i el canterano va anotar el sis\u00e9 punt per a tancar la golejada grogueta."},{"type":"paragraph","text":"En el cas de Gull\u00f3n, se li va poder veure un total de sis vegades amb el primer equip. El seu debut es va produir en Copa del Rey davant el Puertollano, per\u00f2 va arribar a debutar en la Copa de la UEFA contra el Napoli en el vell Madrigal i en Champions League enfront del Manchester City a Anglaterra. Per part seua, Juan Carlos s\u00ed que va tindre una traject\u00f2ria m\u00e9s dilatada amb el m\u00e0xim equip groc acumulant un total de 57 partits, cinc d\u2019ells en competicions europees, despr\u00e9s de debutar contra l\u2019Almeria en la campanya 07\/08."},{"type":"paragraph","text":"I\u00f1iguez, la fidelitat feta central"},{"type":"paragraph","text":"Pablo I\u00f1iguez va ser i \u00e9s una de les joies de la Pedrera Grogueta. El central valenci\u00e0 es va enganxar al primer equip en la temporada 12\/13 en Segona Divisi\u00f3, disputant un total de set partits en la categoria de plata, en la qual continua competint al m\u00e9s alt nivell. El seu debut en Primera defensant l\u2019escut groguet li va arribar amb tan sols 19 anys i es va produir en la primera jornada de la seg\u00fcent campanya. El Submar\u00ed va v\u00e9ncer per 2-3 a la UD Almer\u00eda amb el defensor groc com a titular i jugant els 90 minuts."},{"type":"paragraph","text":"Les lesions li van apartar d\u2019afermar-se en la c\u00faspide grogueta i va eixir a diversos equips del futbol nacional abans de tornar a la seua casa per a continuar fent hist\u00f2ria i ajudar a ascendir al filial a LaLiga SmartBank. Ara, I\u00f1iguez continua gaudint i donant la seua millor versi\u00f3 als ordes de Miguel \u00c1lvarez, mantenint al Mini Submar\u00ed en la zona de mitja taula."},{"type":"paragraph","text":"Lozano, de la resid\u00e8ncia al futbol professional"},{"type":"paragraph","text":"Sergio Lozano porta 12 anys en la Cantera Grogueta des que arribara a la resid\u00e8ncia de Miralcamp en etapa Infantil. En aqueixa resid\u00e8ncia dels somnis va complir el seu i va triomfar en tots els camps de la Ciutat Esportiva Jos\u00e9 Manuel Llaneza fins a fer-ho en el Mini Estadi i, posteriorment, en La Cer\u00e0mica. Des de la seua arribada, nom\u00e9s ha vestit l\u2019el\u00e0stica groga, excepte la seua mitja temporada de cessi\u00f3 en l\u2019FC Cartagena."},{"type":"paragraph","text":"Amb tan sols 18 anys, va poder jugar el seu primer partit en competici\u00f3 continental davant el Maccabi Tel Aviv en la temporada 17\/18. M\u00e9s tard, li va arribar la seua oportunitat en Copa del Rey davant el Comillas CF. El mag d\u2019Alzira ha deixat diversos centellejos de la seua qualitat enguany en LaLiga SmartBank, competici\u00f3 en la qual ja suma cinc gols de groc."},{"type":"paragraph","text":"Altres hist\u00f2rics del filial"},{"type":"paragraph","text":"Altres jugadors de l\u2019actual plantilla del Vila-real B que estan a punt d\u2019arribar al centenar de partits en el filial i se situen prop del top 10 s\u00f3n Diego Collado (12\u00e9), Migue Leal (13\u00e9), Dani Tasende (14\u00e9), Carlo Adriano (20\u00e9) o Dela (24\u00e9)."},{"type":"paragraph","text":"Gerard Bordas, Aitor Fern\u00e1ndez, Matilla, Felipe, Mario Gonz\u00e1lez, Ram\u00f3n Bueno i Mario Gaspar tanquen el top 15 juntament amb els futbolistes ja esmentats. Sens dubte, tots ells s\u00f3n jugadors recordats de la pedrera millor posicionada del pa\u00eds, havent ajudat al seu desenvolupament en diferents \u00e8poques de la hist\u00f2ria recent del futbol base groc."}],"buttons":[],"images":[],"widgets":[],"blocks":[{"type":"heading","level":2,"text":"Kiko Olivas, Marcos Gull\u00f3n i Juan Carlos lideren la llista de futbolistes amb m\u00e9s participacions en el Mini Submar\u00ed"},{"type":"paragraph","text":"Pablo I\u00f1iguez i Sergio Lozano ja s\u00f3n hist\u00f2ria viva del Villarreal B, acumulant 113 i 110 partits amb el filial groc respectivament. Ara, estan molt prop d\u2019acr\u00e9ixer la seua figura en la Cantera Grogueta, podent ficar-se en el podi hist\u00f2ric de m\u00e9s participacions en el Mini Submar\u00ed. Kiko Olives (146), Marcos Gull\u00f3n (127) i Juan Carlos (119) lideren aquest r\u00e0nquing de jugadors del Villarreal B. Els tres van arribar a debutar amb el primer equip en nombroses ocasions."},{"type":"paragraph","text":"Olives va jugar un total de 12 partits defensant l\u2019el\u00e0stica groga en el primer equip durant les temporades 09\/10 i 10\/11. El seu debut no va poder ser m\u00e9s dol\u00e7. El Submar\u00ed es va imposar al NAC Breda holand\u00e9s per 6-1 en la volta del play-off per a accedir a la Copa de la UEFA i el canterano va anotar el sis\u00e9 punt per a tancar la golejada grogueta."},{"type":"paragraph","text":"En el cas de Gull\u00f3n, se li va poder veure un total de sis vegades amb el primer equip. El seu debut es va produir en Copa del Rey davant el Puertollano, per\u00f2 va arribar a debutar en la Copa de la UEFA contra el Napoli en el vell Madrigal i en Champions League enfront del Manchester City a Anglaterra. Per part seua, Juan Carlos s\u00ed que va tindre una traject\u00f2ria m\u00e9s dilatada amb el m\u00e0xim equip groc acumulant un total de 57 partits, cinc d\u2019ells en competicions europees, despr\u00e9s de debutar contra l\u2019Almeria en la campanya 07\/08."},{"type":"paragraph","text":"I\u00f1iguez, la fidelitat feta central"},{"type":"paragraph","text":"Pablo I\u00f1iguez va ser i \u00e9s una de les joies de la Pedrera Grogueta. El central valenci\u00e0 es va enganxar al primer equip en la temporada 12\/13 en Segona Divisi\u00f3, disputant un total de set partits en la categoria de plata, en la qual continua competint al m\u00e9s alt nivell. El seu debut en Primera defensant l\u2019escut groguet li va arribar amb tan sols 19 anys i es va produir en la primera jornada de la seg\u00fcent campanya. El Submar\u00ed va v\u00e9ncer per 2-3 a la UD Almer\u00eda amb el defensor groc com a titular i jugant els 90 minuts."},{"type":"paragraph","text":"Les lesions li van apartar d\u2019afermar-se en la c\u00faspide grogueta i va eixir a diversos equips del futbol nacional abans de tornar a la seua casa per a continuar fent hist\u00f2ria i ajudar a ascendir al filial a LaLiga SmartBank. Ara, I\u00f1iguez continua gaudint i donant la seua millor versi\u00f3 als ordes de Miguel \u00c1lvarez, mantenint al Mini Submar\u00ed en la zona de mitja taula."},{"type":"paragraph","text":"Lozano, de la resid\u00e8ncia al futbol professional"},{"type":"paragraph","text":"Sergio Lozano porta 12 anys en la Cantera Grogueta des que arribara a la resid\u00e8ncia de Miralcamp en etapa Infantil. En aqueixa resid\u00e8ncia dels somnis va complir el seu i va triomfar en tots els camps de la Ciutat Esportiva Jos\u00e9 Manuel Llaneza fins a fer-ho en el Mini Estadi i, posteriorment, en La Cer\u00e0mica. Des de la seua arribada, nom\u00e9s ha vestit l\u2019el\u00e0stica groga, excepte la seua mitja temporada de cessi\u00f3 en l\u2019FC Cartagena."},{"type":"paragraph","text":"Amb tan sols 18 anys, va poder jugar el seu primer partit en competici\u00f3 continental davant el Maccabi Tel Aviv en la temporada 17\/18. M\u00e9s tard, li va arribar la seua oportunitat en Copa del Rey davant el Comillas CF. El mag d\u2019Alzira ha deixat diversos centellejos de la seua qualitat enguany en LaLiga SmartBank, competici\u00f3 en la qual ja suma cinc gols de groc."},{"type":"paragraph","text":"Altres hist\u00f2rics del filial"},{"type":"paragraph","text":"Altres jugadors de l\u2019actual plantilla del Vila-real B que estan a punt d\u2019arribar al centenar de partits en el filial i se situen prop del top 10 s\u00f3n Diego Collado (12\u00e9), Migue Leal (13\u00e9), Dani Tasende (14\u00e9), Carlo Adriano (20\u00e9) o Dela (24\u00e9)."},{"type":"paragraph","text":"Gerard Bordas, Aitor Fern\u00e1ndez, Matilla, Felipe, Mario Gonz\u00e1lez, Ram\u00f3n Bueno i Mario Gaspar tanquen el top 15 juntament amb els futbolistes ja esmentats. Sens dubte, tots ells s\u00f3n jugadors recordats de la pedrera millor posicionada del pa\u00eds, havent ajudat al seu desenvolupament en diferents \u00e8poques de la hist\u00f2ria recent del futbol base groc."}]}],"hero":{"id":"section-1","title":"Kiko Olivas, Marcos Gull\u00f3n i Juan Carlos lideren la llista de futbolistes amb m\u00e9s participacions en el Mini Submar\u00ed","text":"Kiko Olivas, Marcos Gull\u00f3n i Juan Carlos lideren la llista de futbolistes amb m\u00e9s participacions en el Mini Submar\u00ed Pablo I\u00f1iguez i Sergio Lozano ja s\u00f3n hist\u00f2ria viva del Villarreal B, acumulant 113 i 110 partits amb el filial groc respectivament. Ara, estan molt prop d\u2019acr\u00e9ixer la seua figura en la Cantera Grogueta, podent ficar-se en el podi hist\u00f2ric de m\u00e9s participacions en el Mini Submar\u00ed. Kiko Olives (146), Marcos Gull\u00f3n (127) i Juan Carlos (119) lideren aquest r\u00e0nquing de jugadors del Villarreal B. Els tres van arribar a debutar amb el primer equip en nombroses ocasions. Olives va jugar un total de 12 partits defensant l\u2019el\u00e0stica groga en el primer equip durant les temporades 09\/10 i 10\/11. El seu debut no va poder ser m\u00e9s dol\u00e7. El Submar\u00ed es va imposar al NAC Breda holand\u00e9s per 6-1 en la volta del play-off per a accedir a la Copa de la UEFA i el canterano va anotar el sis\u00e9 punt per a tancar la golejada grogueta. En el cas de Gull\u00f3n, se li va poder veure un total de sis vegades amb el primer equip. El seu debut es va produir en Copa del Rey davant el Puertollano, per\u00f2 va arribar a debutar en la Copa de la UEFA contra el Napoli en el vell Madrigal i en Champions League enfront del Manchester City a Anglaterra. Per part seua, Juan Carlos s\u00ed que va tindre una traject\u00f2ria m\u00e9s dilatada amb el m\u00e0xim equip groc acumulant un total de 57 partits, cinc d\u2019ells en competicions europees, despr\u00e9s de debutar contra l\u2019Almeria en la campanya 07\/08. I\u00f1iguez, la fidelitat feta central Pablo I\u00f1iguez va ser i \u00e9s una de les joies de la Pedrera Grogueta. El central valenci\u00e0 es va enganxar al primer equip en la temporada 12\/13 en Segona Divisi\u00f3, disputant un total de set partits en la categoria de plata, en la qual continua competint al m\u00e9s alt nivell. El seu debut en Primera defensant l\u2019escut groguet li va arribar amb tan sols 19 anys i es va produir en la primera jornada de la seg\u00fcent campanya. El Submar\u00ed va v\u00e9ncer per 2-3 a la UD Almer\u00eda amb el defensor groc com a titular i jugant els 90 minuts. Les lesions li van apartar d\u2019afermar-se en la c\u00faspide grogueta i va eixir a diversos equips del futbol nacional abans de tornar a la seua casa per a continuar fent hist\u00f2ria i ajudar a ascendir al filial a LaLiga SmartBank. Ara, I\u00f1iguez continua gaudint i donant la seua millor versi\u00f3 als ordes de Miguel \u00c1lvarez, mantenint al Mini Submar\u00ed en la zona de mitja taula. Lozano, de la resid\u00e8ncia al futbol professional Sergio Lozano porta 12 anys en la Cantera Grogueta des que arribara a la resid\u00e8ncia de Miralcamp en etapa Infantil. En aqueixa resid\u00e8ncia dels somnis va complir el seu i va triomfar en tots els camps de la Ciutat Esportiva Jos\u00e9 Manuel Llaneza fins a fer-ho en el Mini Estadi i, posteriorment, en La Cer\u00e0mica. Des de la seua arribada, nom\u00e9s ha vestit l\u2019el\u00e0stica groga, excepte la seua mitja temporada de cessi\u00f3 en l\u2019FC Cartagena. Amb tan sols 18 anys, va poder jugar el seu primer partit en competici\u00f3 continental davant el Maccabi Tel Aviv en la temporada 17\/18. M\u00e9s tard, li va arribar la seua oportunitat en Copa del Rey davant el Comillas CF. El mag d\u2019Alzira ha deixat diversos centellejos de la seua qualitat enguany en LaLiga SmartBank, competici\u00f3 en la qual ja suma cinc gols de groc. Altres hist\u00f2rics del filial Altres jugadors de l\u2019actual plantilla del Vila-real B que estan a punt d\u2019arribar al centenar de partits en el filial i se situen prop del top 10 s\u00f3n Diego Collado (12\u00e9), Migue Leal (13\u00e9), Dani Tasende (14\u00e9), Carlo Adriano (20\u00e9) o Dela (24\u00e9). Gerard Bordas, Aitor Fern\u00e1ndez, Matilla, Felipe, Mario Gonz\u00e1lez, Ram\u00f3n Bueno i Mario Gaspar tanquen el top 15 juntament amb els futbolistes ja esmentats. Sens dubte, tots ells s\u00f3n jugadors recordats de la pedrera millor posicionada del pa\u00eds, havent ajudat al seu desenvolupament en diferents \u00e8poques de la hist\u00f2ria recent del futbol base groc.","headings":[{"type":"heading","level":2,"text":"Kiko Olivas, Marcos Gull\u00f3n i Juan Carlos lideren la llista de futbolistes amb m\u00e9s participacions en el Mini Submar\u00ed"}],"texts":[{"type":"paragraph","text":"Pablo I\u00f1iguez i Sergio Lozano ja s\u00f3n hist\u00f2ria viva del Villarreal B, acumulant 113 i 110 partits amb el filial groc respectivament. Ara, estan molt prop d\u2019acr\u00e9ixer la seua figura en la Cantera Grogueta, podent ficar-se en el podi hist\u00f2ric de m\u00e9s participacions en el Mini Submar\u00ed. Kiko Olives (146), Marcos Gull\u00f3n (127) i Juan Carlos (119) lideren aquest r\u00e0nquing de jugadors del Villarreal B. Els tres van arribar a debutar amb el primer equip en nombroses ocasions."},{"type":"paragraph","text":"Olives va jugar un total de 12 partits defensant l\u2019el\u00e0stica groga en el primer equip durant les temporades 09\/10 i 10\/11. El seu debut no va poder ser m\u00e9s dol\u00e7. El Submar\u00ed es va imposar al NAC Breda holand\u00e9s per 6-1 en la volta del play-off per a accedir a la Copa de la UEFA i el canterano va anotar el sis\u00e9 punt per a tancar la golejada grogueta."},{"type":"paragraph","text":"En el cas de Gull\u00f3n, se li va poder veure un total de sis vegades amb el primer equip. El seu debut es va produir en Copa del Rey davant el Puertollano, per\u00f2 va arribar a debutar en la Copa de la UEFA contra el Napoli en el vell Madrigal i en Champions League enfront del Manchester City a Anglaterra. Per part seua, Juan Carlos s\u00ed que va tindre una traject\u00f2ria m\u00e9s dilatada amb el m\u00e0xim equip groc acumulant un total de 57 partits, cinc d\u2019ells en competicions europees, despr\u00e9s de debutar contra l\u2019Almeria en la campanya 07\/08."},{"type":"paragraph","text":"I\u00f1iguez, la fidelitat feta central"},{"type":"paragraph","text":"Pablo I\u00f1iguez va ser i \u00e9s una de les joies de la Pedrera Grogueta. El central valenci\u00e0 es va enganxar al primer equip en la temporada 12\/13 en Segona Divisi\u00f3, disputant un total de set partits en la categoria de plata, en la qual continua competint al m\u00e9s alt nivell. El seu debut en Primera defensant l\u2019escut groguet li va arribar amb tan sols 19 anys i es va produir en la primera jornada de la seg\u00fcent campanya. El Submar\u00ed va v\u00e9ncer per 2-3 a la UD Almer\u00eda amb el defensor groc com a titular i jugant els 90 minuts."},{"type":"paragraph","text":"Les lesions li van apartar d\u2019afermar-se en la c\u00faspide grogueta i va eixir a diversos equips del futbol nacional abans de tornar a la seua casa per a continuar fent hist\u00f2ria i ajudar a ascendir al filial a LaLiga SmartBank. Ara, I\u00f1iguez continua gaudint i donant la seua millor versi\u00f3 als ordes de Miguel \u00c1lvarez, mantenint al Mini Submar\u00ed en la zona de mitja taula."},{"type":"paragraph","text":"Lozano, de la resid\u00e8ncia al futbol professional"},{"type":"paragraph","text":"Sergio Lozano porta 12 anys en la Cantera Grogueta des que arribara a la resid\u00e8ncia de Miralcamp en etapa Infantil. En aqueixa resid\u00e8ncia dels somnis va complir el seu i va triomfar en tots els camps de la Ciutat Esportiva Jos\u00e9 Manuel Llaneza fins a fer-ho en el Mini Estadi i, posteriorment, en La Cer\u00e0mica. Des de la seua arribada, nom\u00e9s ha vestit l\u2019el\u00e0stica groga, excepte la seua mitja temporada de cessi\u00f3 en l\u2019FC Cartagena."},{"type":"paragraph","text":"Amb tan sols 18 anys, va poder jugar el seu primer partit en competici\u00f3 continental davant el Maccabi Tel Aviv en la temporada 17\/18. M\u00e9s tard, li va arribar la seua oportunitat en Copa del Rey davant el Comillas CF. El mag d\u2019Alzira ha deixat diversos centellejos de la seua qualitat enguany en LaLiga SmartBank, competici\u00f3 en la qual ja suma cinc gols de groc."},{"type":"paragraph","text":"Altres hist\u00f2rics del filial"},{"type":"paragraph","text":"Altres jugadors de l\u2019actual plantilla del Vila-real B que estan a punt d\u2019arribar al centenar de partits en el filial i se situen prop del top 10 s\u00f3n Diego Collado (12\u00e9), Migue Leal (13\u00e9), Dani Tasende (14\u00e9), Carlo Adriano (20\u00e9) o Dela (24\u00e9)."},{"type":"paragraph","text":"Gerard Bordas, Aitor Fern\u00e1ndez, Matilla, Felipe, Mario Gonz\u00e1lez, Ram\u00f3n Bueno i Mario Gaspar tanquen el top 15 juntament amb els futbolistes ja esmentats. Sens dubte, tots ells s\u00f3n jugadors recordats de la pedrera millor posicionada del pa\u00eds, havent ajudat al seu desenvolupament en diferents \u00e8poques de la hist\u00f2ria recent del futbol base groc."}],"buttons":[],"images":[],"widgets":[],"blocks":[{"type":"heading","level":2,"text":"Kiko Olivas, Marcos Gull\u00f3n i Juan Carlos lideren la llista de futbolistes amb m\u00e9s participacions en el Mini Submar\u00ed"},{"type":"paragraph","text":"Pablo I\u00f1iguez i Sergio Lozano ja s\u00f3n hist\u00f2ria viva del Villarreal B, acumulant 113 i 110 partits amb el filial groc respectivament. Ara, estan molt prop d\u2019acr\u00e9ixer la seua figura en la Cantera Grogueta, podent ficar-se en el podi hist\u00f2ric de m\u00e9s participacions en el Mini Submar\u00ed. Kiko Olives (146), Marcos Gull\u00f3n (127) i Juan Carlos (119) lideren aquest r\u00e0nquing de jugadors del Villarreal B. Els tres van arribar a debutar amb el primer equip en nombroses ocasions."},{"type":"paragraph","text":"Olives va jugar un total de 12 partits defensant l\u2019el\u00e0stica groga en el primer equip durant les temporades 09\/10 i 10\/11. El seu debut no va poder ser m\u00e9s dol\u00e7. El Submar\u00ed es va imposar al NAC Breda holand\u00e9s per 6-1 en la volta del play-off per a accedir a la Copa de la UEFA i el canterano va anotar el sis\u00e9 punt per a tancar la golejada grogueta."},{"type":"paragraph","text":"En el cas de Gull\u00f3n, se li va poder veure un total de sis vegades amb el primer equip. El seu debut es va produir en Copa del Rey davant el Puertollano, per\u00f2 va arribar a debutar en la Copa de la UEFA contra el Napoli en el vell Madrigal i en Champions League enfront del Manchester City a Anglaterra. Per part seua, Juan Carlos s\u00ed que va tindre una traject\u00f2ria m\u00e9s dilatada amb el m\u00e0xim equip groc acumulant un total de 57 partits, cinc d\u2019ells en competicions europees, despr\u00e9s de debutar contra l\u2019Almeria en la campanya 07\/08."},{"type":"paragraph","text":"I\u00f1iguez, la fidelitat feta central"},{"type":"paragraph","text":"Pablo I\u00f1iguez va ser i \u00e9s una de les joies de la Pedrera Grogueta. El central valenci\u00e0 es va enganxar al primer equip en la temporada 12\/13 en Segona Divisi\u00f3, disputant un total de set partits en la categoria de plata, en la qual continua competint al m\u00e9s alt nivell. El seu debut en Primera defensant l\u2019escut groguet li va arribar amb tan sols 19 anys i es va produir en la primera jornada de la seg\u00fcent campanya. El Submar\u00ed va v\u00e9ncer per 2-3 a la UD Almer\u00eda amb el defensor groc com a titular i jugant els 90 minuts."},{"type":"paragraph","text":"Les lesions li van apartar d\u2019afermar-se en la c\u00faspide grogueta i va eixir a diversos equips del futbol nacional abans de tornar a la seua casa per a continuar fent hist\u00f2ria i ajudar a ascendir al filial a LaLiga SmartBank. Ara, I\u00f1iguez continua gaudint i donant la seua millor versi\u00f3 als ordes de Miguel \u00c1lvarez, mantenint al Mini Submar\u00ed en la zona de mitja taula."},{"type":"paragraph","text":"Lozano, de la resid\u00e8ncia al futbol professional"},{"type":"paragraph","text":"Sergio Lozano porta 12 anys en la Cantera Grogueta des que arribara a la resid\u00e8ncia de Miralcamp en etapa Infantil. En aqueixa resid\u00e8ncia dels somnis va complir el seu i va triomfar en tots els camps de la Ciutat Esportiva Jos\u00e9 Manuel Llaneza fins a fer-ho en el Mini Estadi i, posteriorment, en La Cer\u00e0mica. Des de la seua arribada, nom\u00e9s ha vestit l\u2019el\u00e0stica groga, excepte la seua mitja temporada de cessi\u00f3 en l\u2019FC Cartagena."},{"type":"paragraph","text":"Amb tan sols 18 anys, va poder jugar el seu primer partit en competici\u00f3 continental davant el Maccabi Tel Aviv en la temporada 17\/18. M\u00e9s tard, li va arribar la seua oportunitat en Copa del Rey davant el Comillas CF. El mag d\u2019Alzira ha deixat diversos centellejos de la seua qualitat enguany en LaLiga SmartBank, competici\u00f3 en la qual ja suma cinc gols de groc."},{"type":"paragraph","text":"Altres hist\u00f2rics del filial"},{"type":"paragraph","text":"Altres jugadors de l\u2019actual plantilla del Vila-real B que estan a punt d\u2019arribar al centenar de partits en el filial i se situen prop del top 10 s\u00f3n Diego Collado (12\u00e9), Migue Leal (13\u00e9), Dani Tasende (14\u00e9), Carlo Adriano (20\u00e9) o Dela (24\u00e9)."},{"type":"paragraph","text":"Gerard Bordas, Aitor Fern\u00e1ndez, Matilla, Felipe, Mario Gonz\u00e1lez, Ram\u00f3n Bueno i Mario Gaspar tanquen el top 15 juntament amb els futbolistes ja esmentats. Sens dubte, tots ells s\u00f3n jugadors recordats de la pedrera millor posicionada del pa\u00eds, havent ajudat al seu desenvolupament en diferents \u00e8poques de la hist\u00f2ria recent del futbol base groc."}]}},"sections":[{"id":"section-1","title":"Kiko Olivas, Marcos Gull\u00f3n i Juan Carlos lideren la llista de futbolistes amb m\u00e9s participacions en el Mini Submar\u00ed","text":"Kiko Olivas, Marcos Gull\u00f3n i Juan Carlos lideren la llista de futbolistes amb m\u00e9s participacions en el Mini Submar\u00ed Pablo I\u00f1iguez i Sergio Lozano ja s\u00f3n hist\u00f2ria viva del Villarreal B, acumulant 113 i 110 partits amb el filial groc respectivament. Ara, estan molt prop d\u2019acr\u00e9ixer la seua figura en la Cantera Grogueta, podent ficar-se en el podi hist\u00f2ric de m\u00e9s participacions en el Mini Submar\u00ed. Kiko Olives (146), Marcos Gull\u00f3n (127) i Juan Carlos (119) lideren aquest r\u00e0nquing de jugadors del Villarreal B. Els tres van arribar a debutar amb el primer equip en nombroses ocasions. Olives va jugar un total de 12 partits defensant l\u2019el\u00e0stica groga en el primer equip durant les temporades 09\/10 i 10\/11. El seu debut no va poder ser m\u00e9s dol\u00e7. El Submar\u00ed es va imposar al NAC Breda holand\u00e9s per 6-1 en la volta del play-off per a accedir a la Copa de la UEFA i el canterano va anotar el sis\u00e9 punt per a tancar la golejada grogueta. En el cas de Gull\u00f3n, se li va poder veure un total de sis vegades amb el primer equip. El seu debut es va produir en Copa del Rey davant el Puertollano, per\u00f2 va arribar a debutar en la Copa de la UEFA contra el Napoli en el vell Madrigal i en Champions League enfront del Manchester City a Anglaterra. Per part seua, Juan Carlos s\u00ed que va tindre una traject\u00f2ria m\u00e9s dilatada amb el m\u00e0xim equip groc acumulant un total de 57 partits, cinc d\u2019ells en competicions europees, despr\u00e9s de debutar contra l\u2019Almeria en la campanya 07\/08. I\u00f1iguez, la fidelitat feta central Pablo I\u00f1iguez va ser i \u00e9s una de les joies de la Pedrera Grogueta. El central valenci\u00e0 es va enganxar al primer equip en la temporada 12\/13 en Segona Divisi\u00f3, disputant un total de set partits en la categoria de plata, en la qual continua competint al m\u00e9s alt nivell. El seu debut en Primera defensant l\u2019escut groguet li va arribar amb tan sols 19 anys i es va produir en la primera jornada de la seg\u00fcent campanya. El Submar\u00ed va v\u00e9ncer per 2-3 a la UD Almer\u00eda amb el defensor groc com a titular i jugant els 90 minuts. Les lesions li van apartar d\u2019afermar-se en la c\u00faspide grogueta i va eixir a diversos equips del futbol nacional abans de tornar a la seua casa per a continuar fent hist\u00f2ria i ajudar a ascendir al filial a LaLiga SmartBank. Ara, I\u00f1iguez continua gaudint i donant la seua millor versi\u00f3 als ordes de Miguel \u00c1lvarez, mantenint al Mini Submar\u00ed en la zona de mitja taula. Lozano, de la resid\u00e8ncia al futbol professional Sergio Lozano porta 12 anys en la Cantera Grogueta des que arribara a la resid\u00e8ncia de Miralcamp en etapa Infantil. En aqueixa resid\u00e8ncia dels somnis va complir el seu i va triomfar en tots els camps de la Ciutat Esportiva Jos\u00e9 Manuel Llaneza fins a fer-ho en el Mini Estadi i, posteriorment, en La Cer\u00e0mica. Des de la seua arribada, nom\u00e9s ha vestit l\u2019el\u00e0stica groga, excepte la seua mitja temporada de cessi\u00f3 en l\u2019FC Cartagena. Amb tan sols 18 anys, va poder jugar el seu primer partit en competici\u00f3 continental davant el Maccabi Tel Aviv en la temporada 17\/18. M\u00e9s tard, li va arribar la seua oportunitat en Copa del Rey davant el Comillas CF. El mag d\u2019Alzira ha deixat diversos centellejos de la seua qualitat enguany en LaLiga SmartBank, competici\u00f3 en la qual ja suma cinc gols de groc. Altres hist\u00f2rics del filial Altres jugadors de l\u2019actual plantilla del Vila-real B que estan a punt d\u2019arribar al centenar de partits en el filial i se situen prop del top 10 s\u00f3n Diego Collado (12\u00e9), Migue Leal (13\u00e9), Dani Tasende (14\u00e9), Carlo Adriano (20\u00e9) o Dela (24\u00e9). Gerard Bordas, Aitor Fern\u00e1ndez, Matilla, Felipe, Mario Gonz\u00e1lez, Ram\u00f3n Bueno i Mario Gaspar tanquen el top 15 juntament amb els futbolistes ja esmentats. Sens dubte, tots ells s\u00f3n jugadors recordats de la pedrera millor posicionada del pa\u00eds, havent ajudat al seu desenvolupament en diferents \u00e8poques de la hist\u00f2ria recent del futbol base groc.","url":"","background_image":"","images":[],"videos":[],"links":[]}]},"excerpt":{"rendered":"Kiko Olivas, Marcos Gull\u00f3n i Juan Carlos lideren la llista de futbolistes amb m\u00e9s participacions en el Mini Submar\u00ed","protected":false},"author":1,"featured_media":256735,"comment_status":"closed","ping_status":"closed","sticky":false,"template":"","format":"standard","meta":{"_acf_changed":false,"footnotes":""},"categories":[13803],"tags":[9270,9227,14270,14271,716,9205,9627,9203],"acf":null,"lang":"val","translations":{"es":256732,"val":256739,"en":256743},"essential_grid":{"has_grid":false},"formatted_date":"March 13, 2023","modified_date":"March 13, 2023","permalink":"https:\/\/villarrealcf.es\/val\/iniguez-i-lozano-a-punt-dentrar-en-el-podi-historic-del-villarreal-b\/","reading_time":4,"featured_media_data":{"id":256735,"title":"pablo loza","caption":"","alt_text":"","description":"","mime_type":"image\/jpeg","source_url":"https:\/\/villarrealcf.es\/wp-content\/uploads\/2023\/03\/pablo-loza.jpg","sizes":{"thumbnail":{"url":"https:\/\/villarrealcf.es\/wp-content\/uploads\/2023\/03\/pablo-loza.jpg","width":1600,"height":900},"medium":{"url":"https:\/\/villarrealcf.es\/wp-content\/uploads\/2023\/03\/pablo-loza.jpg","width":1600,"height":900},"medium_large":{"url":"https:\/\/villarrealcf.es\/wp-content\/uploads\/2023\/03\/pablo-loza-768x432.jpg","width":768,"height":432},"large":{"url":"https:\/\/villarrealcf.es\/wp-content\/uploads\/2023\/03\/pablo-loza.jpg","width":788,"height":443},"1536x1536":{"url":"https:\/\/villarrealcf.es\/wp-content\/uploads\/2023\/03\/pablo-loza-1536x864.jpg","width":1536,"height":864},"2048x2048":{"url":"https:\/\/villarrealcf.es\/wp-content\/uploads\/2023\/03\/pablo-loza.jpg","width":1600,"height":900},"tp-image-grid":{"url":"https:\/\/villarrealcf.es\/wp-content\/uploads\/2023\/03\/pablo-loza-700x700.jpg","width":700,"height":700},"size-bunyad-medium":{"url":"https:\/\/villarrealcf.es\/wp-content\/uploads\/2023\/03\/pablo-loza.jpg","width":1600,"height":900},"sportspress-crop-medium":{"url":"https:\/\/villarrealcf.es\/wp-content\/uploads\/2023\/03\/pablo-loza-300x300.jpg","width":300,"height":300},"sportspress-fit-medium":{"url":"https:\/\/villarrealcf.es\/wp-content\/uploads\/2023\/03\/pablo-loza-300x169.jpg","width":300,"height":169},"sportspress-fit-icon":{"url":"https:\/\/villarrealcf.es\/wp-content\/uploads\/2023\/03\/pablo-loza-128x72.jpg","width":128,"height":72},"sportspress-fit-mini":{"url":"https:\/\/villarrealcf.es\/wp-content\/uploads\/2023\/03\/pablo-loza-32x18.jpg","width":32,"height":18},"bunyad-small":{"url":"https:\/\/villarrealcf.es\/wp-content\/uploads\/2023\/03\/pablo-loza-150x84.jpg","width":150,"height":84},"bunyad-medium":{"url":"https:\/\/villarrealcf.es\/wp-content\/uploads\/2023\/03\/pablo-loza-450x253.jpg","width":450,"height":253},"bunyad-full":{"url":"https:\/\/villarrealcf.es\/wp-content\/uploads\/2023\/03\/pablo-loza-1200x675.jpg","width":1200,"height":675},"bunyad-viewport":{"url":"https:\/\/villarrealcf.es\/wp-content\/uploads\/2023\/03\/pablo-loza.jpg","width":1600,"height":900},"bunyad-768":{"url":"https:\/\/villarrealcf.es\/wp-content\/uploads\/2023\/03\/pablo-loza-768x432.jpg","width":768,"height":432},"full":{"url":"https:\/\/villarrealcf.es\/wp-content\/uploads\/2023\/03\/pablo-loza.jpg","width":1600,"height":900}}},"author_data":{"id":"1","name":"root_envidea","first_name":"Villarreal CF","last_name":"","description":"","avatar_url":"https:\/\/secure.gravatar.com\/avatar\/48f95f42a3ccc324f3a3458e4b9e6fb070b083e99d388e170c1afb061fa99b63?s=96&d=mm&r=g","acf":null},"taxonomies_data":{"category":[{"id":13803,"name":"Futbol base","slug":"futbol-base-val-2","acf":null}],"post_tag":[{"id":9270,"name":"Futbol","slug":"futbol-val","acf":null},{"id":9227,"name":"F\u00fatbol Base","slug":"futbol-base-val","acf":null},{"id":14270,"name":"Pablo I\u00f1iguez","slug":"pablo-iniguez-3-val","acf":null},{"id":14271,"name":"Sergio Lozano","slug":"sergio-lozano-2-val","acf":null},{"id":716,"name":"Soccer","slug":"soccer-d105","acf":null},{"id":9205,"name":"Submarino","slug":"submarino-val","acf":null},{"id":9627,"name":"Submarino Amarillo","slug":"submarino-amarillo-val","acf":null},{"id":9203,"name":"Villarreal CF","slug":"villarreal-cf-val","acf":null}],"translation_priority":[{"id":735,"name":"Optional","slug":"optional-val","acf":null}]},"seo_full":{"native":{"title":"I\u00f1iguez i Lozano, a punt d&#8217;entrar en el podi hist\u00f2ric del Villarreal B - Web Oficial del Villarreal CF","description":"Kiko Olivas, Marcos Gull\u00f3n i Juan Carlos lideren la llista de futbolistes amb m\u00e9s participacions en el Mini Submar\u00ed","canonical":"https:\/\/villarrealcf.es\/val\/iniguez-i-lozano-a-punt-dentrar-en-el-podi-historic-del-villarreal-b\/"}},"_links":{"self":[{"href":"https:\/\/villarrealcf.es\/val\/wp-json\/wp\/v2\/posts\/256739","targetHints":{"allow":["GET"]}}],"collection":[{"href":"https:\/\/villarrealcf.es\/val\/wp-json\/wp\/v2\/posts"}],"about":[{"href":"https:\/\/villarrealcf.es\/val\/wp-json\/wp\/v2\/types\/post"}],"author":[{"embeddable":true,"href":"https:\/\/villarrealcf.es\/val\/wp-json\/wp\/v2\/users\/1"}],"replies":[{"embeddable":true,"href":"https:\/\/villarrealcf.es\/val\/wp-json\/wp\/v2\/comments?post=256739"}],"version-history":[{"count":0,"href":"https:\/\/villarrealcf.es\/val\/wp-json\/wp\/v2\/posts\/256739\/revisions"}],"wp:featuredmedia":[{"embeddable":true,"href":"https:\/\/villarrealcf.es\/val\/wp-json\/wp\/v2\/media\/256735"}],"wp:attachment":[{"href":"https:\/\/villarrealcf.es\/val\/wp-json\/wp\/v2\/media?parent=256739"}],"wp:term":[{"taxonomy":"category","embeddable":true,"href":"https:\/\/villarrealcf.es\/val\/wp-json\/wp\/v2\/categories?post=256739"},{"taxonomy":"post_tag","embeddable":true,"href":"https:\/\/villarrealcf.es\/val\/wp-json\/wp\/v2\/tags?post=256739"}],"curies":[{"name":"wp","href":"https:\/\/api.w.org\/{rel}","templated":true}]}}