{"id":256050,"date":"2023-03-08T19:10:00","date_gmt":"2023-03-08T18:10:00","guid":{"rendered":"https:\/\/villarrealcf.es\/\/queremos-disfrutar-de-la-conference-league\/"},"modified":"2023-03-08T20:17:53","modified_gmt":"2023-03-08T19:17:53","slug":"volem-gaudir-de-la-conference-league","status":"publish","type":"post","link":"https:\/\/villarrealcf.es\/val\/volem-gaudir-de-la-conference-league\/","title":{"rendered":"\u201cVolem gaudir de la Conference League\u201d"},"content":{"protected":false,"blocks":[{"type":"heading","level":2,"text":"Dani Parejo augura un partit d\u2019anada molt competitiu i intens davant l\u2019Anderlecht"},{"type":"paragraph","text":"El futbolista del Villarreal Dani Parejo ha comparegut amb Quique Seti\u00e9n en la roda de premsa pr\u00e8via al partit davant el RSC Anderlecht, corresponent al matx d\u2019anada dels huitens de final de la UEFA Europa Conference League, que es jugar\u00e0 aquest dijous, a les 18.45 hores en el Anderlecht Stadium."},{"type":"paragraph","text":"Amb confian\u00e7a abans de la Conference"},{"type":"paragraph","text":"\u201cArribem amb bones sensacions. Venim d\u2019una vict\u00f2ria a casa davant el Getafe, amb remuntada inclosa, i un altre guanyant fora de casa despr\u00e9s de molt de temps davant l\u2019Almeria, que \u00e9s el tercer m\u00e9s millor local de LaLiga i on vam fer les coses molt b\u00e9. Sabem que Europa \u00e9s una altra hist\u00f2ria i s\u00f3n sempre partits especials. Espere que fem bon partit i traguem un resultat positiu\u201d."},{"type":"paragraph","text":"Pel triomf a B\u00e8lgica"},{"type":"paragraph","text":"\u201cNo valen els gols en camp contrari i volem guanyar el partit d\u2019anada. Sabem que hi ha un partit de tornada i poden passar moltes coses, per\u00f2 dem\u00e0 l\u2019equip ha d\u2019eixir per un bon resultat\u201d."},{"type":"paragraph","text":"Una lluita per la possessi\u00f3"},{"type":"paragraph","text":"\u201c\u00c9s un equip que no est\u00e0 on vol estar en lliga. Pot tindre moltes ganes a Europa. Sabem que \u00e9s un conjunt al qual li agrada combinar. Crec que ser\u00e0 un partit competitiu i intens i veurem a veure qui pot ensenyorir-se de la pilota\u201d."},{"type":"paragraph","text":"Un idil\u00b7li europeu que prolongar en la Conference"},{"type":"paragraph","text":"\u201cEuropa ens fa gaudir. Portem dos anys gaudint molt\u2026 arribant a semifinals de la Champions i guanyant l\u2019Europa League. Ara ens toca la Conference, una competici\u00f3 nova, que ens il\u00b7lusiona. El Villarreal sempre vol guanyar a Europa\u201d."}],"structured":{"summary":{"text":"Dani Parejo augura un partit d\u2019anada molt competitiu i intens davant l\u2019Anderlecht El futbolista del Villarreal Dani Parejo ha comparegut amb Quique Seti\u00e9n en la roda de premsa pr\u00e8via al partit davant el RSC Anderlecht, corresponent al matx d\u2019anada dels huitens de final de la UEFA Europa Conference League, que es jugar\u00e0 aquest dijous, a les 18.45 hores en el Anderlecht Stadium. Amb confian\u00e7a abans de la Conference \u201cArribem amb bones sensacions. Venim d\u2019una vict\u00f2ria a casa davant el Getafe, amb remuntada inclosa, i un altre guanyant fora de casa despr\u00e9s de molt de temps davant l\u2019Almeria, que \u00e9s el tercer m\u00e9s millor local de LaLiga i on vam fer les coses molt b\u00e9. Sabem que Europa \u00e9s una altra hist\u00f2ria i s\u00f3n sempre partits especials. Espere que fem bon partit i traguem un resultat positiu\u201d. Pel triomf a B\u00e8lgica \u201cNo valen els gols en camp contrari i volem guanyar el partit d\u2019anada. Sabem que hi ha un partit de tornada i poden passar moltes coses, per\u00f2 dem\u00e0 l\u2019equip ha d\u2019eixir per un bon resultat\u201d. Una lluita per la possessi\u00f3 \u201c\u00c9s un equip que no est\u00e0 on vol estar en lliga. Pot tindre moltes ganes a Europa. Sabem que \u00e9s un conjunt al qual li agrada combinar. Crec que ser\u00e0 un partit competitiu i intens i veurem a veure qui pot ensenyorir-se de la pilota\u201d. Un idil\u00b7li europeu que prolongar en la Conference \u201cEuropa ens fa gaudir. Portem dos anys gaudint molt\u2026 arribant a semifinals de la Champions i guanyant l\u2019Europa League. Ara ens toca la Conference, una competici\u00f3 nova, que ens il\u00b7lusiona. El Villarreal sempre vol guanyar a Europa\u201d.","headings":[{"type":"heading","level":2,"text":"Dani Parejo augura un partit d\u2019anada molt competitiu i intens davant l\u2019Anderlecht"}],"buttons":[],"images":[],"counts":{"blocks":10,"headings":1,"texts":9,"buttons":0,"images":0}},"sections":[{"id":"section-1","title":"Dani Parejo augura un partit d\u2019anada molt competitiu i intens davant l\u2019Anderlecht","text":"Dani Parejo augura un partit d\u2019anada molt competitiu i intens davant l\u2019Anderlecht El futbolista del Villarreal Dani Parejo ha comparegut amb Quique Seti\u00e9n en la roda de premsa pr\u00e8via al partit davant el RSC Anderlecht, corresponent al matx d\u2019anada dels huitens de final de la UEFA Europa Conference League, que es jugar\u00e0 aquest dijous, a les 18.45 hores en el Anderlecht Stadium. Amb confian\u00e7a abans de la Conference \u201cArribem amb bones sensacions. Venim d\u2019una vict\u00f2ria a casa davant el Getafe, amb remuntada inclosa, i un altre guanyant fora de casa despr\u00e9s de molt de temps davant l\u2019Almeria, que \u00e9s el tercer m\u00e9s millor local de LaLiga i on vam fer les coses molt b\u00e9. Sabem que Europa \u00e9s una altra hist\u00f2ria i s\u00f3n sempre partits especials. Espere que fem bon partit i traguem un resultat positiu\u201d. Pel triomf a B\u00e8lgica \u201cNo valen els gols en camp contrari i volem guanyar el partit d\u2019anada. Sabem que hi ha un partit de tornada i poden passar moltes coses, per\u00f2 dem\u00e0 l\u2019equip ha d\u2019eixir per un bon resultat\u201d. Una lluita per la possessi\u00f3 \u201c\u00c9s un equip que no est\u00e0 on vol estar en lliga. Pot tindre moltes ganes a Europa. Sabem que \u00e9s un conjunt al qual li agrada combinar. Crec que ser\u00e0 un partit competitiu i intens i veurem a veure qui pot ensenyorir-se de la pilota\u201d. Un idil\u00b7li europeu que prolongar en la Conference \u201cEuropa ens fa gaudir. Portem dos anys gaudint molt\u2026 arribant a semifinals de la Champions i guanyant l\u2019Europa League. Ara ens toca la Conference, una competici\u00f3 nova, que ens il\u00b7lusiona. El Villarreal sempre vol guanyar a Europa\u201d.","headings":[{"type":"heading","level":2,"text":"Dani Parejo augura un partit d\u2019anada molt competitiu i intens davant l\u2019Anderlecht"}],"texts":[{"type":"paragraph","text":"El futbolista del Villarreal Dani Parejo ha comparegut amb Quique Seti\u00e9n en la roda de premsa pr\u00e8via al partit davant el RSC Anderlecht, corresponent al matx d\u2019anada dels huitens de final de la UEFA Europa Conference League, que es jugar\u00e0 aquest dijous, a les 18.45 hores en el Anderlecht Stadium."},{"type":"paragraph","text":"Amb confian\u00e7a abans de la Conference"},{"type":"paragraph","text":"\u201cArribem amb bones sensacions. Venim d\u2019una vict\u00f2ria a casa davant el Getafe, amb remuntada inclosa, i un altre guanyant fora de casa despr\u00e9s de molt de temps davant l\u2019Almeria, que \u00e9s el tercer m\u00e9s millor local de LaLiga i on vam fer les coses molt b\u00e9. Sabem que Europa \u00e9s una altra hist\u00f2ria i s\u00f3n sempre partits especials. Espere que fem bon partit i traguem un resultat positiu\u201d."},{"type":"paragraph","text":"Pel triomf a B\u00e8lgica"},{"type":"paragraph","text":"\u201cNo valen els gols en camp contrari i volem guanyar el partit d\u2019anada. Sabem que hi ha un partit de tornada i poden passar moltes coses, per\u00f2 dem\u00e0 l\u2019equip ha d\u2019eixir per un bon resultat\u201d."},{"type":"paragraph","text":"Una lluita per la possessi\u00f3"},{"type":"paragraph","text":"\u201c\u00c9s un equip que no est\u00e0 on vol estar en lliga. Pot tindre moltes ganes a Europa. Sabem que \u00e9s un conjunt al qual li agrada combinar. Crec que ser\u00e0 un partit competitiu i intens i veurem a veure qui pot ensenyorir-se de la pilota\u201d."},{"type":"paragraph","text":"Un idil\u00b7li europeu que prolongar en la Conference"},{"type":"paragraph","text":"\u201cEuropa ens fa gaudir. Portem dos anys gaudint molt\u2026 arribant a semifinals de la Champions i guanyant l\u2019Europa League. Ara ens toca la Conference, una competici\u00f3 nova, que ens il\u00b7lusiona. El Villarreal sempre vol guanyar a Europa\u201d."}],"buttons":[],"images":[],"widgets":[],"blocks":[{"type":"heading","level":2,"text":"Dani Parejo augura un partit d\u2019anada molt competitiu i intens davant l\u2019Anderlecht"},{"type":"paragraph","text":"El futbolista del Villarreal Dani Parejo ha comparegut amb Quique Seti\u00e9n en la roda de premsa pr\u00e8via al partit davant el RSC Anderlecht, corresponent al matx d\u2019anada dels huitens de final de la UEFA Europa Conference League, que es jugar\u00e0 aquest dijous, a les 18.45 hores en el Anderlecht Stadium."},{"type":"paragraph","text":"Amb confian\u00e7a abans de la Conference"},{"type":"paragraph","text":"\u201cArribem amb bones sensacions. Venim d\u2019una vict\u00f2ria a casa davant el Getafe, amb remuntada inclosa, i un altre guanyant fora de casa despr\u00e9s de molt de temps davant l\u2019Almeria, que \u00e9s el tercer m\u00e9s millor local de LaLiga i on vam fer les coses molt b\u00e9. Sabem que Europa \u00e9s una altra hist\u00f2ria i s\u00f3n sempre partits especials. Espere que fem bon partit i traguem un resultat positiu\u201d."},{"type":"paragraph","text":"Pel triomf a B\u00e8lgica"},{"type":"paragraph","text":"\u201cNo valen els gols en camp contrari i volem guanyar el partit d\u2019anada. Sabem que hi ha un partit de tornada i poden passar moltes coses, per\u00f2 dem\u00e0 l\u2019equip ha d\u2019eixir per un bon resultat\u201d."},{"type":"paragraph","text":"Una lluita per la possessi\u00f3"},{"type":"paragraph","text":"\u201c\u00c9s un equip que no est\u00e0 on vol estar en lliga. Pot tindre moltes ganes a Europa. Sabem que \u00e9s un conjunt al qual li agrada combinar. Crec que ser\u00e0 un partit competitiu i intens i veurem a veure qui pot ensenyorir-se de la pilota\u201d."},{"type":"paragraph","text":"Un idil\u00b7li europeu que prolongar en la Conference"},{"type":"paragraph","text":"\u201cEuropa ens fa gaudir. Portem dos anys gaudint molt\u2026 arribant a semifinals de la Champions i guanyant l\u2019Europa League. Ara ens toca la Conference, una competici\u00f3 nova, que ens il\u00b7lusiona. El Villarreal sempre vol guanyar a Europa\u201d."}]}],"hero":{"id":"section-1","title":"Dani Parejo augura un partit d\u2019anada molt competitiu i intens davant l\u2019Anderlecht","text":"Dani Parejo augura un partit d\u2019anada molt competitiu i intens davant l\u2019Anderlecht El futbolista del Villarreal Dani Parejo ha comparegut amb Quique Seti\u00e9n en la roda de premsa pr\u00e8via al partit davant el RSC Anderlecht, corresponent al matx d\u2019anada dels huitens de final de la UEFA Europa Conference League, que es jugar\u00e0 aquest dijous, a les 18.45 hores en el Anderlecht Stadium. Amb confian\u00e7a abans de la Conference \u201cArribem amb bones sensacions. Venim d\u2019una vict\u00f2ria a casa davant el Getafe, amb remuntada inclosa, i un altre guanyant fora de casa despr\u00e9s de molt de temps davant l\u2019Almeria, que \u00e9s el tercer m\u00e9s millor local de LaLiga i on vam fer les coses molt b\u00e9. Sabem que Europa \u00e9s una altra hist\u00f2ria i s\u00f3n sempre partits especials. Espere que fem bon partit i traguem un resultat positiu\u201d. Pel triomf a B\u00e8lgica \u201cNo valen els gols en camp contrari i volem guanyar el partit d\u2019anada. Sabem que hi ha un partit de tornada i poden passar moltes coses, per\u00f2 dem\u00e0 l\u2019equip ha d\u2019eixir per un bon resultat\u201d. Una lluita per la possessi\u00f3 \u201c\u00c9s un equip que no est\u00e0 on vol estar en lliga. Pot tindre moltes ganes a Europa. Sabem que \u00e9s un conjunt al qual li agrada combinar. Crec que ser\u00e0 un partit competitiu i intens i veurem a veure qui pot ensenyorir-se de la pilota\u201d. Un idil\u00b7li europeu que prolongar en la Conference \u201cEuropa ens fa gaudir. Portem dos anys gaudint molt\u2026 arribant a semifinals de la Champions i guanyant l\u2019Europa League. Ara ens toca la Conference, una competici\u00f3 nova, que ens il\u00b7lusiona. El Villarreal sempre vol guanyar a Europa\u201d.","headings":[{"type":"heading","level":2,"text":"Dani Parejo augura un partit d\u2019anada molt competitiu i intens davant l\u2019Anderlecht"}],"texts":[{"type":"paragraph","text":"El futbolista del Villarreal Dani Parejo ha comparegut amb Quique Seti\u00e9n en la roda de premsa pr\u00e8via al partit davant el RSC Anderlecht, corresponent al matx d\u2019anada dels huitens de final de la UEFA Europa Conference League, que es jugar\u00e0 aquest dijous, a les 18.45 hores en el Anderlecht Stadium."},{"type":"paragraph","text":"Amb confian\u00e7a abans de la Conference"},{"type":"paragraph","text":"\u201cArribem amb bones sensacions. Venim d\u2019una vict\u00f2ria a casa davant el Getafe, amb remuntada inclosa, i un altre guanyant fora de casa despr\u00e9s de molt de temps davant l\u2019Almeria, que \u00e9s el tercer m\u00e9s millor local de LaLiga i on vam fer les coses molt b\u00e9. Sabem que Europa \u00e9s una altra hist\u00f2ria i s\u00f3n sempre partits especials. Espere que fem bon partit i traguem un resultat positiu\u201d."},{"type":"paragraph","text":"Pel triomf a B\u00e8lgica"},{"type":"paragraph","text":"\u201cNo valen els gols en camp contrari i volem guanyar el partit d\u2019anada. Sabem que hi ha un partit de tornada i poden passar moltes coses, per\u00f2 dem\u00e0 l\u2019equip ha d\u2019eixir per un bon resultat\u201d."},{"type":"paragraph","text":"Una lluita per la possessi\u00f3"},{"type":"paragraph","text":"\u201c\u00c9s un equip que no est\u00e0 on vol estar en lliga. Pot tindre moltes ganes a Europa. Sabem que \u00e9s un conjunt al qual li agrada combinar. Crec que ser\u00e0 un partit competitiu i intens i veurem a veure qui pot ensenyorir-se de la pilota\u201d."},{"type":"paragraph","text":"Un idil\u00b7li europeu que prolongar en la Conference"},{"type":"paragraph","text":"\u201cEuropa ens fa gaudir. Portem dos anys gaudint molt\u2026 arribant a semifinals de la Champions i guanyant l\u2019Europa League. Ara ens toca la Conference, una competici\u00f3 nova, que ens il\u00b7lusiona. El Villarreal sempre vol guanyar a Europa\u201d."}],"buttons":[],"images":[],"widgets":[],"blocks":[{"type":"heading","level":2,"text":"Dani Parejo augura un partit d\u2019anada molt competitiu i intens davant l\u2019Anderlecht"},{"type":"paragraph","text":"El futbolista del Villarreal Dani Parejo ha comparegut amb Quique Seti\u00e9n en la roda de premsa pr\u00e8via al partit davant el RSC Anderlecht, corresponent al matx d\u2019anada dels huitens de final de la UEFA Europa Conference League, que es jugar\u00e0 aquest dijous, a les 18.45 hores en el Anderlecht Stadium."},{"type":"paragraph","text":"Amb confian\u00e7a abans de la Conference"},{"type":"paragraph","text":"\u201cArribem amb bones sensacions. Venim d\u2019una vict\u00f2ria a casa davant el Getafe, amb remuntada inclosa, i un altre guanyant fora de casa despr\u00e9s de molt de temps davant l\u2019Almeria, que \u00e9s el tercer m\u00e9s millor local de LaLiga i on vam fer les coses molt b\u00e9. Sabem que Europa \u00e9s una altra hist\u00f2ria i s\u00f3n sempre partits especials. Espere que fem bon partit i traguem un resultat positiu\u201d."},{"type":"paragraph","text":"Pel triomf a B\u00e8lgica"},{"type":"paragraph","text":"\u201cNo valen els gols en camp contrari i volem guanyar el partit d\u2019anada. Sabem que hi ha un partit de tornada i poden passar moltes coses, per\u00f2 dem\u00e0 l\u2019equip ha d\u2019eixir per un bon resultat\u201d."},{"type":"paragraph","text":"Una lluita per la possessi\u00f3"},{"type":"paragraph","text":"\u201c\u00c9s un equip que no est\u00e0 on vol estar en lliga. Pot tindre moltes ganes a Europa. Sabem que \u00e9s un conjunt al qual li agrada combinar. Crec que ser\u00e0 un partit competitiu i intens i veurem a veure qui pot ensenyorir-se de la pilota\u201d."},{"type":"paragraph","text":"Un idil\u00b7li europeu que prolongar en la Conference"},{"type":"paragraph","text":"\u201cEuropa ens fa gaudir. Portem dos anys gaudint molt\u2026 arribant a semifinals de la Champions i guanyant l\u2019Europa League. Ara ens toca la Conference, una competici\u00f3 nova, que ens il\u00b7lusiona. El Villarreal sempre vol guanyar a Europa\u201d."}]}},"sections":[{"id":"section-1","title":"Dani Parejo augura un partit d\u2019anada molt competitiu i intens davant l\u2019Anderlecht","text":"Dani Parejo augura un partit d\u2019anada molt competitiu i intens davant l\u2019Anderlecht El futbolista del Villarreal Dani Parejo ha comparegut amb Quique Seti\u00e9n en la roda de premsa pr\u00e8via al partit davant el RSC Anderlecht, corresponent al matx d\u2019anada dels huitens de final de la UEFA Europa Conference League, que es jugar\u00e0 aquest dijous, a les 18.45 hores en el Anderlecht Stadium. Amb confian\u00e7a abans de la Conference \u201cArribem amb bones sensacions. Venim d\u2019una vict\u00f2ria a casa davant el Getafe, amb remuntada inclosa, i un altre guanyant fora de casa despr\u00e9s de molt de temps davant l\u2019Almeria, que \u00e9s el tercer m\u00e9s millor local de LaLiga i on vam fer les coses molt b\u00e9. Sabem que Europa \u00e9s una altra hist\u00f2ria i s\u00f3n sempre partits especials. Espere que fem bon partit i traguem un resultat positiu\u201d. Pel triomf a B\u00e8lgica \u201cNo valen els gols en camp contrari i volem guanyar el partit d\u2019anada. Sabem que hi ha un partit de tornada i poden passar moltes coses, per\u00f2 dem\u00e0 l\u2019equip ha d\u2019eixir per un bon resultat\u201d. Una lluita per la possessi\u00f3 \u201c\u00c9s un equip que no est\u00e0 on vol estar en lliga. Pot tindre moltes ganes a Europa. Sabem que \u00e9s un conjunt al qual li agrada combinar. Crec que ser\u00e0 un partit competitiu i intens i veurem a veure qui pot ensenyorir-se de la pilota\u201d. Un idil\u00b7li europeu que prolongar en la Conference \u201cEuropa ens fa gaudir. Portem dos anys gaudint molt\u2026 arribant a semifinals de la Champions i guanyant l\u2019Europa League. Ara ens toca la Conference, una competici\u00f3 nova, que ens il\u00b7lusiona. El Villarreal sempre vol guanyar a Europa\u201d.","url":"","background_image":"","images":[],"videos":[],"links":[]}]},"excerpt":{"rendered":"Dani Parejo augura un partit d&#8217;anada molt competitiu i intens davant l&#8217;Anderlecht","protected":false},"author":25,"featured_media":256048,"comment_status":"closed","ping_status":"closed","sticky":false,"template":"","format":"standard","meta":{"_acf_changed":false,"footnotes":""},"categories":[13493],"tags":[12489,717,9270,14237,716,9205,9627,14206,9203],"acf":null,"lang":"val","translations":{"es":256045,"val":256050,"en":256054},"essential_grid":{"has_grid":false},"formatted_date":"March 8, 2023","modified_date":"March 8, 2023","permalink":"https:\/\/villarrealcf.es\/val\/volem-gaudir-de-la-conference-league\/","reading_time":2,"featured_media_data":{"id":256048,"title":"parejo","caption":"","alt_text":"","description":"","mime_type":"image\/jpeg","source_url":"https:\/\/villarrealcf.es\/wp-content\/uploads\/2023\/03\/parejo.jpg","sizes":{"thumbnail":{"url":"https:\/\/villarrealcf.es\/wp-content\/uploads\/2023\/03\/parejo-1920x1080.jpg","width":1920,"height":1080},"medium":{"url":"https:\/\/villarrealcf.es\/wp-content\/uploads\/2023\/03\/parejo-1920x1080.jpg","width":1920,"height":1080},"medium_large":{"url":"https:\/\/villarrealcf.es\/wp-content\/uploads\/2023\/03\/parejo-768x432.jpg","width":768,"height":432},"large":{"url":"https:\/\/villarrealcf.es\/wp-content\/uploads\/2023\/03\/parejo-1920x1080.jpg","width":788,"height":443},"1536x1536":{"url":"https:\/\/villarrealcf.es\/wp-content\/uploads\/2023\/03\/parejo-1536x864.jpg","width":1536,"height":864},"2048x2048":{"url":"https:\/\/villarrealcf.es\/wp-content\/uploads\/2023\/03\/parejo.jpg","width":1920,"height":1080},"tp-image-grid":{"url":"https:\/\/villarrealcf.es\/wp-content\/uploads\/2023\/03\/parejo-700x700.jpg","width":700,"height":700},"size-bunyad-medium":{"url":"https:\/\/villarrealcf.es\/wp-content\/uploads\/2023\/03\/parejo-1920x1080.jpg","width":1920,"height":1080},"sportspress-crop-medium":{"url":"https:\/\/villarrealcf.es\/wp-content\/uploads\/2023\/03\/parejo-300x300.jpg","width":300,"height":300},"sportspress-fit-medium":{"url":"https:\/\/villarrealcf.es\/wp-content\/uploads\/2023\/03\/parejo-300x169.jpg","width":300,"height":169},"sportspress-fit-icon":{"url":"https:\/\/villarrealcf.es\/wp-content\/uploads\/2023\/03\/parejo-128x72.jpg","width":128,"height":72},"sportspress-fit-mini":{"url":"https:\/\/villarrealcf.es\/wp-content\/uploads\/2023\/03\/parejo-32x18.jpg","width":32,"height":18},"bunyad-small":{"url":"https:\/\/villarrealcf.es\/wp-content\/uploads\/2023\/03\/parejo-150x84.jpg","width":150,"height":84},"bunyad-medium":{"url":"https:\/\/villarrealcf.es\/wp-content\/uploads\/2023\/03\/parejo-450x253.jpg","width":450,"height":253},"bunyad-full":{"url":"https:\/\/villarrealcf.es\/wp-content\/uploads\/2023\/03\/parejo-1200x675.jpg","width":1200,"height":675},"bunyad-viewport":{"url":"https:\/\/villarrealcf.es\/wp-content\/uploads\/2023\/03\/parejo.jpg","width":1920,"height":1080},"bunyad-768":{"url":"https:\/\/villarrealcf.es\/wp-content\/uploads\/2023\/03\/parejo-768x432.jpg","width":768,"height":432},"full":{"url":"https:\/\/villarrealcf.es\/wp-content\/uploads\/2023\/03\/parejo.jpg","width":1920,"height":1080}}},"author_data":{"id":"25","name":"Javier Ayuso","first_name":"Javier","last_name":"Ayuso","description":"","avatar_url":"https:\/\/secure.gravatar.com\/avatar\/fcf8894be45988fcce5bbff0efe1790d2a7f4ba57e2c7c898f5068154e696495?s=96&d=mm&r=g","acf":null},"taxonomies_data":{"category":[{"id":13493,"name":"Primer equip","slug":"primer-equip","acf":null}],"post_tag":[{"id":12489,"name":"Dani Parejo","slug":"dani-parejo-val","acf":null},{"id":717,"name":"Football","slug":"football-d34","acf":null},{"id":9270,"name":"Futbol","slug":"futbol-val","acf":null},{"id":14237,"name":"RSC Anderlecht","slug":"rsc-anderlecht-val","acf":null},{"id":716,"name":"Soccer","slug":"soccer-d105","acf":null},{"id":9205,"name":"Submarino","slug":"submarino-val","acf":null},{"id":9627,"name":"Submarino Amarillo","slug":"submarino-amarillo-val","acf":null},{"id":14206,"name":"UEFA Conference League","slug":"uefa-conference-league-2-val","acf":null},{"id":9203,"name":"Villarreal CF","slug":"villarreal-cf-val","acf":null}],"translation_priority":[{"id":735,"name":"Optional","slug":"optional-val","acf":null}]},"seo_full":{"native":{"title":"\u201cVolem gaudir de la Conference League\u201d - Web Oficial del Villarreal CF","description":"Dani Parejo augura un partit d'anada molt competitiu i intens davant l'Anderlecht","canonical":"https:\/\/villarrealcf.es\/val\/volem-gaudir-de-la-conference-league\/"}},"_links":{"self":[{"href":"https:\/\/villarrealcf.es\/val\/wp-json\/wp\/v2\/posts\/256050","targetHints":{"allow":["GET"]}}],"collection":[{"href":"https:\/\/villarrealcf.es\/val\/wp-json\/wp\/v2\/posts"}],"about":[{"href":"https:\/\/villarrealcf.es\/val\/wp-json\/wp\/v2\/types\/post"}],"author":[{"embeddable":true,"href":"https:\/\/villarrealcf.es\/val\/wp-json\/wp\/v2\/users\/25"}],"replies":[{"embeddable":true,"href":"https:\/\/villarrealcf.es\/val\/wp-json\/wp\/v2\/comments?post=256050"}],"version-history":[{"count":0,"href":"https:\/\/villarrealcf.es\/val\/wp-json\/wp\/v2\/posts\/256050\/revisions"}],"wp:featuredmedia":[{"embeddable":true,"href":"https:\/\/villarrealcf.es\/val\/wp-json\/wp\/v2\/media\/256048"}],"wp:attachment":[{"href":"https:\/\/villarrealcf.es\/val\/wp-json\/wp\/v2\/media?parent=256050"}],"wp:term":[{"taxonomy":"category","embeddable":true,"href":"https:\/\/villarrealcf.es\/val\/wp-json\/wp\/v2\/categories?post=256050"},{"taxonomy":"post_tag","embeddable":true,"href":"https:\/\/villarrealcf.es\/val\/wp-json\/wp\/v2\/tags?post=256050"}],"curies":[{"name":"wp","href":"https:\/\/api.w.org\/{rel}","templated":true}]}}