{"id":254930,"date":"2023-03-01T12:23:38","date_gmt":"2023-03-01T11:23:38","guid":{"rendered":"https:\/\/villarrealcf.es\/\/el-debreceni-vsc-llega-a-miralcamp\/"},"modified":"2023-03-01T12:26:48","modified_gmt":"2023-03-01T11:26:48","slug":"el-debreceni-vsc-arriba-a-miralcamp","status":"publish","type":"post","link":"https:\/\/villarrealcf.es\/val\/el-debreceni-vsc-arriba-a-miralcamp\/","title":{"rendered":"El Debreceni VSC arriba a Miralcamp"},"content":{"protected":false,"blocks":[{"type":"heading","level":2,"text":"El Villarreal CF rep l\u2019especial visita del club hongar\u00e9s, al qual li uneix un acord de consultoria professional"},{"type":"paragraph","text":"El Villarreal CF va rebre el mes de febrer passat l\u2019especial visita del Debreceni VSC. L\u2019equip hongar\u00e9s, amb el qual el Submar\u00ed mant\u00e9 un acord de consultoria professional, va visitar les instal\u00b7lacions esportives de l\u2019entitat, representat per una delegaci\u00f3 conformada per dos entrenadors i dos jugadors procedents del conjunt de Debrecen."},{"type":"paragraph","text":"Els t\u00e8cnics van viure una immersi\u00f3 completa amb el cos t\u00e8cnic dels cadets del Villarreal, es van reunir amb el responsable de captaci\u00f3 de futbol base i amb l\u2019equip de psic\u00f2legs. Per a finalitzar aquesta enriquidora experi\u00e8ncia, van compartir les seues impressions amb el director de metodologia del Submar\u00ed Groc."},{"type":"paragraph","text":"Mentre els entrenadors van con\u00e9ixer profundament la manera de treballar del Villarreal, els jugadors hongaresos Zalan (2005) i Mark (2008) es van exercitar i van poder disputar partits amistosos amb els millors equips de la seua categoria de la Pedrera Grogueta."},{"type":"paragraph","text":"Per a culminar l\u2019experi\u00e8ncia a Vila-real, la delegaci\u00f3 del Debreceni VSC va gaudir del partit del Villarreal CF davant l\u2019FC Barcelona en el renovat Estadi de la Cer\u00e0mica."},{"type":"paragraph","text":"El Villarreal, comprom\u00e9s amb el creixement esportiu del DVSC"},{"type":"paragraph","text":"El Villarreal CF mant\u00e9 un acord de col\u00b7laboraci\u00f3 amb el Debreceni Vasutas Sport Club d\u2019Hongria. A trav\u00e9s d\u2019aquesta cooperaci\u00f3, que t\u00e9 una duraci\u00f3 de tres anys, el Submar\u00ed posar\u00e0 la seua metodologia al servei de l\u2019acad\u00e8mia de l\u2019equip hongar\u00e9s per al desenvolupament dels seus joves talents. A m\u00e9s, fruit d\u2019aquest acord, tres entrenadors del futbol base del Villarreal, Pablo Alberola, Carlos Ib\u00e1\u00f1ez i \u00c1lex Vi\u00f1a, s\u2019han instal\u00b7lat en Debrecen per a centrar els seus esfor\u00e7os en el creixement de la pedrera del DVSC fins a final de la present campanya."},{"type":"image","url":"https:\/\/villarrealcf.es\/\/wp-content\/uploads\/2023\/03\/IMG-20230227-WA0002-810x1080.jpg","alt":"","width":810,"height":1080,"srcset":"https:\/\/villarrealcf.es\/wp-content\/uploads\/2023\/03\/IMG-20230227-WA0002-810x1080.jpg 810w, https:\/\/villarrealcf.es\/\/wp-content\/uploads\/2023\/03\/IMG-20230227-WA0002-810x1080.jpg 1920w, https:\/\/villarrealcf.es\/wp-content\/uploads\/2023\/03\/IMG-20230227-WA0002-1152x1536.jpg 1152w, https:\/\/villarrealcf.es\/wp-content\/uploads\/2023\/03\/IMG-20230227-WA0002-225x300.jpg 225w, https:\/\/villarrealcf.es\/wp-content\/uploads\/2023\/03\/IMG-20230227-WA0002-96x128.jpg 96w, https:\/\/villarrealcf.es\/wp-content\/uploads\/2023\/03\/IMG-20230227-WA0002-24x32.jpg 24w, https:\/\/villarrealcf.es\/wp-content\/uploads\/2023\/03\/IMG-20230227-WA0002-150x200.jpg 150w, https:\/\/villarrealcf.es\/\/wp-content\/uploads\/2023\/03\/IMG-20230227-WA0002-810x1080.jpg 1920w, https:\/\/villarrealcf.es\/wp-content\/uploads\/2023\/03\/IMG-20230227-WA0002.jpg 1200w, https:\/\/villarrealcf.es\/\/wp-content\/uploads\/2023\/03\/IMG-20230227-WA0002-810x1080.jpg 1920w, https:\/\/villarrealcf.es\/\/wp-content\/uploads\/2023\/03\/IMG-20230227-WA0002-810x1080.jpg 1920w","sizes":"auto, (max-width: 810px) 100vw, 810px"},{"type":"image","url":"https:\/\/villarrealcf.es\/\/wp-content\/uploads\/2023\/03\/IMG_3543-608x1080.jpg","alt":"","width":608,"height":1080,"srcset":"https:\/\/villarrealcf.es\/wp-content\/uploads\/2023\/03\/IMG_3543-608x1080.jpg 608w, https:\/\/villarrealcf.es\/\/wp-content\/uploads\/2023\/03\/IMG_3543-608x1080.jpg 1920w, https:\/\/villarrealcf.es\/wp-content\/uploads\/2023\/03\/IMG_3543-864x1536.jpg 864w, https:\/\/villarrealcf.es\/wp-content\/uploads\/2023\/03\/IMG_3543-1152x2048.jpg 1152w, https:\/\/villarrealcf.es\/wp-content\/uploads\/2023\/03\/IMG_3543-169x300.jpg 169w, https:\/\/villarrealcf.es\/wp-content\/uploads\/2023\/03\/IMG_3543-72x128.jpg 72w, https:\/\/villarrealcf.es\/wp-content\/uploads\/2023\/03\/IMG_3543-18x32.jpg 18w, https:\/\/villarrealcf.es\/wp-content\/uploads\/2023\/03\/IMG_3543-150x267.jpg 150w, https:\/\/villarrealcf.es\/\/wp-content\/uploads\/2023\/03\/IMG_3543-608x1080.jpg 1920w, https:\/\/villarrealcf.es\/wp-content\/uploads\/2023\/03\/IMG_3543-1200x2133.jpg 1200w, https:\/\/villarrealcf.es\/wp-content\/uploads\/2023\/03\/IMG_3543-scaled.jpg 1440w, https:\/\/villarrealcf.es\/\/wp-content\/uploads\/2023\/03\/IMG_3543-608x1080.jpg 1920w, https:\/\/villarrealcf.es\/\/wp-content\/uploads\/2023\/03\/IMG_3543-608x1080.jpg 1920w","sizes":"auto, (max-width: 608px) 100vw, 608px"},{"type":"image","url":"https:\/\/villarrealcf.es\/\/wp-content\/uploads\/2023\/03\/20230209_124508-1440x1080.jpg","alt":"","width":1440,"height":1080,"srcset":"https:\/\/villarrealcf.es\/wp-content\/uploads\/2023\/03\/20230209_124508-1440x1080.jpg 1440w, https:\/\/villarrealcf.es\/\/wp-content\/uploads\/2023\/03\/20230209_124508-1440x1080.jpg 1920w, https:\/\/villarrealcf.es\/wp-content\/uploads\/2023\/03\/20230209_124508-1536x1152.jpg 1536w, https:\/\/villarrealcf.es\/wp-content\/uploads\/2023\/03\/20230209_124508-2048x1536.jpg 2048w, https:\/\/villarrealcf.es\/\/wp-content\/uploads\/2023\/03\/20230209_124508-1440x1080.jpg 1920w, https:\/\/villarrealcf.es\/\/wp-content\/uploads\/2023\/03\/20230209_124508-1440x1080.jpg 1920w, https:\/\/villarrealcf.es\/wp-content\/uploads\/2023\/03\/20230209_124508-32x24.jpg 32w, https:\/\/villarrealcf.es\/wp-content\/uploads\/2023\/03\/20230209_124508-150x113.jpg 150w, https:\/\/villarrealcf.es\/\/wp-content\/uploads\/2023\/03\/20230209_124508-1440x1080.jpg 1920w, https:\/\/villarrealcf.es\/wp-content\/uploads\/2023\/03\/20230209_124508-1200x900.jpg 1200w","sizes":"auto, (max-width: 1440px) 100vw, 1440px"},{"type":"image","url":"https:\/\/villarrealcf.es\/\/wp-content\/uploads\/2023\/03\/20230209_121258-810x1080.jpg","alt":"","width":810,"height":1080,"srcset":"https:\/\/villarrealcf.es\/wp-content\/uploads\/2023\/03\/20230209_121258-810x1080.jpg 810w, https:\/\/villarrealcf.es\/\/wp-content\/uploads\/2023\/03\/20230209_121258-810x1080.jpg 1920w, https:\/\/villarrealcf.es\/wp-content\/uploads\/2023\/03\/20230209_121258-1152x1536.jpg 1152w, https:\/\/villarrealcf.es\/wp-content\/uploads\/2023\/03\/20230209_121258-1536x2048.jpg 1536w, https:\/\/villarrealcf.es\/wp-content\/uploads\/2023\/03\/20230209_121258-225x300.jpg 225w, https:\/\/villarrealcf.es\/wp-content\/uploads\/2023\/03\/20230209_121258-96x128.jpg 96w, https:\/\/villarrealcf.es\/wp-content\/uploads\/2023\/03\/20230209_121258-24x32.jpg 24w, https:\/\/villarrealcf.es\/wp-content\/uploads\/2023\/03\/20230209_121258-150x200.jpg 150w, https:\/\/villarrealcf.es\/\/wp-content\/uploads\/2023\/03\/20230209_121258-810x1080.jpg 1920w, https:\/\/villarrealcf.es\/wp-content\/uploads\/2023\/03\/20230209_121258-1200x1600.jpg 1200w, https:\/\/villarrealcf.es\/wp-content\/uploads\/2023\/03\/20230209_121258-scaled.jpg 1920w, https:\/\/villarrealcf.es\/\/wp-content\/uploads\/2023\/03\/20230209_121258-810x1080.jpg 1920w, https:\/\/villarrealcf.es\/\/wp-content\/uploads\/2023\/03\/20230209_121258-810x1080.jpg 1920w","sizes":"auto, (max-width: 810px) 100vw, 810px"},{"type":"image","url":"https:\/\/villarrealcf.es\/\/wp-content\/uploads\/2023\/03\/20230209_124000-1440x1080.jpg","alt":"","width":1440,"height":1080,"srcset":"https:\/\/villarrealcf.es\/wp-content\/uploads\/2023\/03\/20230209_124000-1440x1080.jpg 1440w, https:\/\/villarrealcf.es\/\/wp-content\/uploads\/2023\/03\/20230209_124000-1440x1080.jpg 1920w, https:\/\/villarrealcf.es\/wp-content\/uploads\/2023\/03\/20230209_124000-1536x1152.jpg 1536w, https:\/\/villarrealcf.es\/wp-content\/uploads\/2023\/03\/20230209_124000-2048x1536.jpg 2048w, https:\/\/villarrealcf.es\/\/wp-content\/uploads\/2023\/03\/20230209_124000-1440x1080.jpg 1920w, https:\/\/villarrealcf.es\/\/wp-content\/uploads\/2023\/03\/20230209_124000-1440x1080.jpg 1920w, https:\/\/villarrealcf.es\/wp-content\/uploads\/2023\/03\/20230209_124000-32x24.jpg 32w, https:\/\/villarrealcf.es\/wp-content\/uploads\/2023\/03\/20230209_124000-150x113.jpg 150w, https:\/\/villarrealcf.es\/\/wp-content\/uploads\/2023\/03\/20230209_124000-1440x1080.jpg 1920w, https:\/\/villarrealcf.es\/wp-content\/uploads\/2023\/03\/20230209_124000-1200x900.jpg 1200w","sizes":"auto, (max-width: 1440px) 100vw, 1440px"}],"structured":{"summary":{"text":"El Villarreal CF rep l\u2019especial visita del club hongar\u00e9s, al qual li uneix un acord de consultoria professional El Villarreal CF va rebre el mes de febrer passat l\u2019especial visita del Debreceni VSC. L\u2019equip hongar\u00e9s, amb el qual el Submar\u00ed mant\u00e9 un acord de consultoria professional, va visitar les instal\u00b7lacions esportives de l\u2019entitat, representat per una delegaci\u00f3 conformada per dos entrenadors i dos jugadors procedents del conjunt de Debrecen. Els t\u00e8cnics van viure una immersi\u00f3 completa amb el cos t\u00e8cnic dels cadets del Villarreal, es van reunir amb el responsable de captaci\u00f3 de futbol base i amb l\u2019equip de psic\u00f2legs. Per a finalitzar aquesta enriquidora experi\u00e8ncia, van compartir les seues impressions amb el director de metodologia del Submar\u00ed Groc. Mentre els entrenadors van con\u00e9ixer profundament la manera de treballar del Villarreal, els jugadors hongaresos Zalan (2005) i Mark (2008) es van exercitar i van poder disputar partits amistosos amb els millors equips de la seua categoria de la Pedrera Grogueta. Per a culminar l\u2019experi\u00e8ncia a Vila-real, la delegaci\u00f3 del Debreceni VSC va gaudir del partit del Villarreal CF davant l\u2019FC Barcelona en el renovat Estadi de la Cer\u00e0mica. El Villarreal, comprom\u00e9s amb el creixement esportiu del DVSC El Villarreal CF mant\u00e9 un acord de col\u00b7laboraci\u00f3 amb el Debreceni Vasutas Sport Club d\u2019Hongria. A trav\u00e9s d\u2019aquesta cooperaci\u00f3, que t\u00e9 una duraci\u00f3 de tres anys, el Submar\u00ed posar\u00e0 la seua metodologia al servei de l\u2019acad\u00e8mia de l\u2019equip hongar\u00e9s per al desenvolupament dels seus joves talents. A m\u00e9s, fruit d\u2019aquest acord, tres entrenadors del futbol base del Villarreal, Pablo Alberola, Carlos Ib\u00e1\u00f1ez i \u00c1lex Vi\u00f1a, s\u2019han instal\u00b7lat en Debrecen per a centrar els seus esfor\u00e7os en el creixement de la pedrera del DVSC fins a final de la present campanya.","headings":[{"type":"heading","level":2,"text":"El Villarreal CF rep l\u2019especial visita del club hongar\u00e9s, al qual li uneix un acord de consultoria professional"}],"buttons":[],"images":[{"type":"image","url":"https:\/\/villarrealcf.es\/\/wp-content\/uploads\/2023\/03\/IMG-20230227-WA0002-810x1080.jpg","alt":"","width":810,"height":1080,"srcset":"https:\/\/villarrealcf.es\/wp-content\/uploads\/2023\/03\/IMG-20230227-WA0002-810x1080.jpg 810w, https:\/\/villarrealcf.es\/\/wp-content\/uploads\/2023\/03\/IMG-20230227-WA0002-810x1080.jpg 1920w, https:\/\/villarrealcf.es\/wp-content\/uploads\/2023\/03\/IMG-20230227-WA0002-1152x1536.jpg 1152w, https:\/\/villarrealcf.es\/wp-content\/uploads\/2023\/03\/IMG-20230227-WA0002-225x300.jpg 225w, https:\/\/villarrealcf.es\/wp-content\/uploads\/2023\/03\/IMG-20230227-WA0002-96x128.jpg 96w, https:\/\/villarrealcf.es\/wp-content\/uploads\/2023\/03\/IMG-20230227-WA0002-24x32.jpg 24w, https:\/\/villarrealcf.es\/wp-content\/uploads\/2023\/03\/IMG-20230227-WA0002-150x200.jpg 150w, https:\/\/villarrealcf.es\/\/wp-content\/uploads\/2023\/03\/IMG-20230227-WA0002-810x1080.jpg 1920w, https:\/\/villarrealcf.es\/wp-content\/uploads\/2023\/03\/IMG-20230227-WA0002.jpg 1200w, https:\/\/villarrealcf.es\/\/wp-content\/uploads\/2023\/03\/IMG-20230227-WA0002-810x1080.jpg 1920w, https:\/\/villarrealcf.es\/\/wp-content\/uploads\/2023\/03\/IMG-20230227-WA0002-810x1080.jpg 1920w","sizes":"auto, (max-width: 810px) 100vw, 810px"},{"type":"image","url":"https:\/\/villarrealcf.es\/\/wp-content\/uploads\/2023\/03\/IMG_3543-608x1080.jpg","alt":"","width":608,"height":1080,"srcset":"https:\/\/villarrealcf.es\/wp-content\/uploads\/2023\/03\/IMG_3543-608x1080.jpg 608w, https:\/\/villarrealcf.es\/\/wp-content\/uploads\/2023\/03\/IMG_3543-608x1080.jpg 1920w, https:\/\/villarrealcf.es\/wp-content\/uploads\/2023\/03\/IMG_3543-864x1536.jpg 864w, https:\/\/villarrealcf.es\/wp-content\/uploads\/2023\/03\/IMG_3543-1152x2048.jpg 1152w, https:\/\/villarrealcf.es\/wp-content\/uploads\/2023\/03\/IMG_3543-169x300.jpg 169w, https:\/\/villarrealcf.es\/wp-content\/uploads\/2023\/03\/IMG_3543-72x128.jpg 72w, https:\/\/villarrealcf.es\/wp-content\/uploads\/2023\/03\/IMG_3543-18x32.jpg 18w, https:\/\/villarrealcf.es\/wp-content\/uploads\/2023\/03\/IMG_3543-150x267.jpg 150w, https:\/\/villarrealcf.es\/\/wp-content\/uploads\/2023\/03\/IMG_3543-608x1080.jpg 1920w, https:\/\/villarrealcf.es\/wp-content\/uploads\/2023\/03\/IMG_3543-1200x2133.jpg 1200w, https:\/\/villarrealcf.es\/wp-content\/uploads\/2023\/03\/IMG_3543-scaled.jpg 1440w, https:\/\/villarrealcf.es\/\/wp-content\/uploads\/2023\/03\/IMG_3543-608x1080.jpg 1920w, https:\/\/villarrealcf.es\/\/wp-content\/uploads\/2023\/03\/IMG_3543-608x1080.jpg 1920w","sizes":"auto, (max-width: 608px) 100vw, 608px"},{"type":"image","url":"https:\/\/villarrealcf.es\/\/wp-content\/uploads\/2023\/03\/20230209_124508-1440x1080.jpg","alt":"","width":1440,"height":1080,"srcset":"https:\/\/villarrealcf.es\/wp-content\/uploads\/2023\/03\/20230209_124508-1440x1080.jpg 1440w, https:\/\/villarrealcf.es\/\/wp-content\/uploads\/2023\/03\/20230209_124508-1440x1080.jpg 1920w, https:\/\/villarrealcf.es\/wp-content\/uploads\/2023\/03\/20230209_124508-1536x1152.jpg 1536w, https:\/\/villarrealcf.es\/wp-content\/uploads\/2023\/03\/20230209_124508-2048x1536.jpg 2048w, https:\/\/villarrealcf.es\/\/wp-content\/uploads\/2023\/03\/20230209_124508-1440x1080.jpg 1920w, https:\/\/villarrealcf.es\/\/wp-content\/uploads\/2023\/03\/20230209_124508-1440x1080.jpg 1920w, https:\/\/villarrealcf.es\/wp-content\/uploads\/2023\/03\/20230209_124508-32x24.jpg 32w, https:\/\/villarrealcf.es\/wp-content\/uploads\/2023\/03\/20230209_124508-150x113.jpg 150w, https:\/\/villarrealcf.es\/\/wp-content\/uploads\/2023\/03\/20230209_124508-1440x1080.jpg 1920w, https:\/\/villarrealcf.es\/wp-content\/uploads\/2023\/03\/20230209_124508-1200x900.jpg 1200w","sizes":"auto, (max-width: 1440px) 100vw, 1440px"},{"type":"image","url":"https:\/\/villarrealcf.es\/\/wp-content\/uploads\/2023\/03\/20230209_121258-810x1080.jpg","alt":"","width":810,"height":1080,"srcset":"https:\/\/villarrealcf.es\/wp-content\/uploads\/2023\/03\/20230209_121258-810x1080.jpg 810w, https:\/\/villarrealcf.es\/\/wp-content\/uploads\/2023\/03\/20230209_121258-810x1080.jpg 1920w, https:\/\/villarrealcf.es\/wp-content\/uploads\/2023\/03\/20230209_121258-1152x1536.jpg 1152w, https:\/\/villarrealcf.es\/wp-content\/uploads\/2023\/03\/20230209_121258-1536x2048.jpg 1536w, https:\/\/villarrealcf.es\/wp-content\/uploads\/2023\/03\/20230209_121258-225x300.jpg 225w, https:\/\/villarrealcf.es\/wp-content\/uploads\/2023\/03\/20230209_121258-96x128.jpg 96w, https:\/\/villarrealcf.es\/wp-content\/uploads\/2023\/03\/20230209_121258-24x32.jpg 24w, https:\/\/villarrealcf.es\/wp-content\/uploads\/2023\/03\/20230209_121258-150x200.jpg 150w, https:\/\/villarrealcf.es\/\/wp-content\/uploads\/2023\/03\/20230209_121258-810x1080.jpg 1920w, https:\/\/villarrealcf.es\/wp-content\/uploads\/2023\/03\/20230209_121258-1200x1600.jpg 1200w, https:\/\/villarrealcf.es\/wp-content\/uploads\/2023\/03\/20230209_121258-scaled.jpg 1920w, https:\/\/villarrealcf.es\/\/wp-content\/uploads\/2023\/03\/20230209_121258-810x1080.jpg 1920w, https:\/\/villarrealcf.es\/\/wp-content\/uploads\/2023\/03\/20230209_121258-810x1080.jpg 1920w","sizes":"auto, (max-width: 810px) 100vw, 810px"},{"type":"image","url":"https:\/\/villarrealcf.es\/\/wp-content\/uploads\/2023\/03\/20230209_124000-1440x1080.jpg","alt":"","width":1440,"height":1080,"srcset":"https:\/\/villarrealcf.es\/wp-content\/uploads\/2023\/03\/20230209_124000-1440x1080.jpg 1440w, https:\/\/villarrealcf.es\/\/wp-content\/uploads\/2023\/03\/20230209_124000-1440x1080.jpg 1920w, https:\/\/villarrealcf.es\/wp-content\/uploads\/2023\/03\/20230209_124000-1536x1152.jpg 1536w, https:\/\/villarrealcf.es\/wp-content\/uploads\/2023\/03\/20230209_124000-2048x1536.jpg 2048w, https:\/\/villarrealcf.es\/\/wp-content\/uploads\/2023\/03\/20230209_124000-1440x1080.jpg 1920w, https:\/\/villarrealcf.es\/\/wp-content\/uploads\/2023\/03\/20230209_124000-1440x1080.jpg 1920w, https:\/\/villarrealcf.es\/wp-content\/uploads\/2023\/03\/20230209_124000-32x24.jpg 32w, https:\/\/villarrealcf.es\/wp-content\/uploads\/2023\/03\/20230209_124000-150x113.jpg 150w, https:\/\/villarrealcf.es\/\/wp-content\/uploads\/2023\/03\/20230209_124000-1440x1080.jpg 1920w, https:\/\/villarrealcf.es\/wp-content\/uploads\/2023\/03\/20230209_124000-1200x900.jpg 1200w","sizes":"auto, (max-width: 1440px) 100vw, 1440px"}],"counts":{"blocks":12,"headings":1,"texts":6,"buttons":0,"images":5}},"sections":[{"id":"section-1","title":"El Villarreal CF rep l\u2019especial visita del club hongar\u00e9s, al qual li uneix un acord de consultoria professional","text":"El Villarreal CF rep l\u2019especial visita del club hongar\u00e9s, al qual li uneix un acord de consultoria professional El Villarreal CF va rebre el mes de febrer passat l\u2019especial visita del Debreceni VSC. L\u2019equip hongar\u00e9s, amb el qual el Submar\u00ed mant\u00e9 un acord de consultoria professional, va visitar les instal\u00b7lacions esportives de l\u2019entitat, representat per una delegaci\u00f3 conformada per dos entrenadors i dos jugadors procedents del conjunt de Debrecen. Els t\u00e8cnics van viure una immersi\u00f3 completa amb el cos t\u00e8cnic dels cadets del Villarreal, es van reunir amb el responsable de captaci\u00f3 de futbol base i amb l\u2019equip de psic\u00f2legs. Per a finalitzar aquesta enriquidora experi\u00e8ncia, van compartir les seues impressions amb el director de metodologia del Submar\u00ed Groc. Mentre els entrenadors van con\u00e9ixer profundament la manera de treballar del Villarreal, els jugadors hongaresos Zalan (2005) i Mark (2008) es van exercitar i van poder disputar partits amistosos amb els millors equips de la seua categoria de la Pedrera Grogueta. Per a culminar l\u2019experi\u00e8ncia a Vila-real, la delegaci\u00f3 del Debreceni VSC va gaudir del partit del Villarreal CF davant l\u2019FC Barcelona en el renovat Estadi de la Cer\u00e0mica. El Villarreal, comprom\u00e9s amb el creixement esportiu del DVSC El Villarreal CF mant\u00e9 un acord de col\u00b7laboraci\u00f3 amb el Debreceni Vasutas Sport Club d\u2019Hongria. A trav\u00e9s d\u2019aquesta cooperaci\u00f3, que t\u00e9 una duraci\u00f3 de tres anys, el Submar\u00ed posar\u00e0 la seua metodologia al servei de l\u2019acad\u00e8mia de l\u2019equip hongar\u00e9s per al desenvolupament dels seus joves talents. A m\u00e9s, fruit d\u2019aquest acord, tres entrenadors del futbol base del Villarreal, Pablo Alberola, Carlos Ib\u00e1\u00f1ez i \u00c1lex Vi\u00f1a, s\u2019han instal\u00b7lat en Debrecen per a centrar els seus esfor\u00e7os en el creixement de la pedrera del DVSC fins a final de la present campanya.","headings":[{"type":"heading","level":2,"text":"El Villarreal CF rep l\u2019especial visita del club hongar\u00e9s, al qual li uneix un acord de consultoria professional"}],"texts":[{"type":"paragraph","text":"El Villarreal CF va rebre el mes de febrer passat l\u2019especial visita del Debreceni VSC. L\u2019equip hongar\u00e9s, amb el qual el Submar\u00ed mant\u00e9 un acord de consultoria professional, va visitar les instal\u00b7lacions esportives de l\u2019entitat, representat per una delegaci\u00f3 conformada per dos entrenadors i dos jugadors procedents del conjunt de Debrecen."},{"type":"paragraph","text":"Els t\u00e8cnics van viure una immersi\u00f3 completa amb el cos t\u00e8cnic dels cadets del Villarreal, es van reunir amb el responsable de captaci\u00f3 de futbol base i amb l\u2019equip de psic\u00f2legs. Per a finalitzar aquesta enriquidora experi\u00e8ncia, van compartir les seues impressions amb el director de metodologia del Submar\u00ed Groc."},{"type":"paragraph","text":"Mentre els entrenadors van con\u00e9ixer profundament la manera de treballar del Villarreal, els jugadors hongaresos Zalan (2005) i Mark (2008) es van exercitar i van poder disputar partits amistosos amb els millors equips de la seua categoria de la Pedrera Grogueta."},{"type":"paragraph","text":"Per a culminar l\u2019experi\u00e8ncia a Vila-real, la delegaci\u00f3 del Debreceni VSC va gaudir del partit del Villarreal CF davant l\u2019FC Barcelona en el renovat Estadi de la Cer\u00e0mica."},{"type":"paragraph","text":"El Villarreal, comprom\u00e9s amb el creixement esportiu del DVSC"},{"type":"paragraph","text":"El Villarreal CF mant\u00e9 un acord de col\u00b7laboraci\u00f3 amb el Debreceni Vasutas Sport Club d\u2019Hongria. A trav\u00e9s d\u2019aquesta cooperaci\u00f3, que t\u00e9 una duraci\u00f3 de tres anys, el Submar\u00ed posar\u00e0 la seua metodologia al servei de l\u2019acad\u00e8mia de l\u2019equip hongar\u00e9s per al desenvolupament dels seus joves talents. A m\u00e9s, fruit d\u2019aquest acord, tres entrenadors del futbol base del Villarreal, Pablo Alberola, Carlos Ib\u00e1\u00f1ez i \u00c1lex Vi\u00f1a, s\u2019han instal\u00b7lat en Debrecen per a centrar els seus esfor\u00e7os en el creixement de la pedrera del DVSC fins a final de la present campanya."}],"buttons":[],"images":[{"type":"image","url":"https:\/\/villarrealcf.es\/\/wp-content\/uploads\/2023\/03\/IMG-20230227-WA0002-810x1080.jpg","alt":"","width":810,"height":1080,"srcset":"https:\/\/villarrealcf.es\/wp-content\/uploads\/2023\/03\/IMG-20230227-WA0002-810x1080.jpg 810w, https:\/\/villarrealcf.es\/\/wp-content\/uploads\/2023\/03\/IMG-20230227-WA0002-810x1080.jpg 1920w, https:\/\/villarrealcf.es\/wp-content\/uploads\/2023\/03\/IMG-20230227-WA0002-1152x1536.jpg 1152w, https:\/\/villarrealcf.es\/wp-content\/uploads\/2023\/03\/IMG-20230227-WA0002-225x300.jpg 225w, https:\/\/villarrealcf.es\/wp-content\/uploads\/2023\/03\/IMG-20230227-WA0002-96x128.jpg 96w, https:\/\/villarrealcf.es\/wp-content\/uploads\/2023\/03\/IMG-20230227-WA0002-24x32.jpg 24w, https:\/\/villarrealcf.es\/wp-content\/uploads\/2023\/03\/IMG-20230227-WA0002-150x200.jpg 150w, https:\/\/villarrealcf.es\/\/wp-content\/uploads\/2023\/03\/IMG-20230227-WA0002-810x1080.jpg 1920w, https:\/\/villarrealcf.es\/wp-content\/uploads\/2023\/03\/IMG-20230227-WA0002.jpg 1200w, https:\/\/villarrealcf.es\/\/wp-content\/uploads\/2023\/03\/IMG-20230227-WA0002-810x1080.jpg 1920w, https:\/\/villarrealcf.es\/\/wp-content\/uploads\/2023\/03\/IMG-20230227-WA0002-810x1080.jpg 1920w","sizes":"auto, (max-width: 810px) 100vw, 810px"},{"type":"image","url":"https:\/\/villarrealcf.es\/\/wp-content\/uploads\/2023\/03\/IMG_3543-608x1080.jpg","alt":"","width":608,"height":1080,"srcset":"https:\/\/villarrealcf.es\/wp-content\/uploads\/2023\/03\/IMG_3543-608x1080.jpg 608w, https:\/\/villarrealcf.es\/\/wp-content\/uploads\/2023\/03\/IMG_3543-608x1080.jpg 1920w, https:\/\/villarrealcf.es\/wp-content\/uploads\/2023\/03\/IMG_3543-864x1536.jpg 864w, https:\/\/villarrealcf.es\/wp-content\/uploads\/2023\/03\/IMG_3543-1152x2048.jpg 1152w, https:\/\/villarrealcf.es\/wp-content\/uploads\/2023\/03\/IMG_3543-169x300.jpg 169w, https:\/\/villarrealcf.es\/wp-content\/uploads\/2023\/03\/IMG_3543-72x128.jpg 72w, https:\/\/villarrealcf.es\/wp-content\/uploads\/2023\/03\/IMG_3543-18x32.jpg 18w, https:\/\/villarrealcf.es\/wp-content\/uploads\/2023\/03\/IMG_3543-150x267.jpg 150w, https:\/\/villarrealcf.es\/\/wp-content\/uploads\/2023\/03\/IMG_3543-608x1080.jpg 1920w, https:\/\/villarrealcf.es\/wp-content\/uploads\/2023\/03\/IMG_3543-1200x2133.jpg 1200w, https:\/\/villarrealcf.es\/wp-content\/uploads\/2023\/03\/IMG_3543-scaled.jpg 1440w, https:\/\/villarrealcf.es\/\/wp-content\/uploads\/2023\/03\/IMG_3543-608x1080.jpg 1920w, https:\/\/villarrealcf.es\/\/wp-content\/uploads\/2023\/03\/IMG_3543-608x1080.jpg 1920w","sizes":"auto, (max-width: 608px) 100vw, 608px"},{"type":"image","url":"https:\/\/villarrealcf.es\/\/wp-content\/uploads\/2023\/03\/20230209_124508-1440x1080.jpg","alt":"","width":1440,"height":1080,"srcset":"https:\/\/villarrealcf.es\/wp-content\/uploads\/2023\/03\/20230209_124508-1440x1080.jpg 1440w, https:\/\/villarrealcf.es\/\/wp-content\/uploads\/2023\/03\/20230209_124508-1440x1080.jpg 1920w, https:\/\/villarrealcf.es\/wp-content\/uploads\/2023\/03\/20230209_124508-1536x1152.jpg 1536w, https:\/\/villarrealcf.es\/wp-content\/uploads\/2023\/03\/20230209_124508-2048x1536.jpg 2048w, https:\/\/villarrealcf.es\/\/wp-content\/uploads\/2023\/03\/20230209_124508-1440x1080.jpg 1920w, https:\/\/villarrealcf.es\/\/wp-content\/uploads\/2023\/03\/20230209_124508-1440x1080.jpg 1920w, https:\/\/villarrealcf.es\/wp-content\/uploads\/2023\/03\/20230209_124508-32x24.jpg 32w, https:\/\/villarrealcf.es\/wp-content\/uploads\/2023\/03\/20230209_124508-150x113.jpg 150w, https:\/\/villarrealcf.es\/\/wp-content\/uploads\/2023\/03\/20230209_124508-1440x1080.jpg 1920w, https:\/\/villarrealcf.es\/wp-content\/uploads\/2023\/03\/20230209_124508-1200x900.jpg 1200w","sizes":"auto, (max-width: 1440px) 100vw, 1440px"},{"type":"image","url":"https:\/\/villarrealcf.es\/\/wp-content\/uploads\/2023\/03\/20230209_121258-810x1080.jpg","alt":"","width":810,"height":1080,"srcset":"https:\/\/villarrealcf.es\/wp-content\/uploads\/2023\/03\/20230209_121258-810x1080.jpg 810w, https:\/\/villarrealcf.es\/\/wp-content\/uploads\/2023\/03\/20230209_121258-810x1080.jpg 1920w, https:\/\/villarrealcf.es\/wp-content\/uploads\/2023\/03\/20230209_121258-1152x1536.jpg 1152w, https:\/\/villarrealcf.es\/wp-content\/uploads\/2023\/03\/20230209_121258-1536x2048.jpg 1536w, https:\/\/villarrealcf.es\/wp-content\/uploads\/2023\/03\/20230209_121258-225x300.jpg 225w, https:\/\/villarrealcf.es\/wp-content\/uploads\/2023\/03\/20230209_121258-96x128.jpg 96w, https:\/\/villarrealcf.es\/wp-content\/uploads\/2023\/03\/20230209_121258-24x32.jpg 24w, https:\/\/villarrealcf.es\/wp-content\/uploads\/2023\/03\/20230209_121258-150x200.jpg 150w, https:\/\/villarrealcf.es\/\/wp-content\/uploads\/2023\/03\/20230209_121258-810x1080.jpg 1920w, https:\/\/villarrealcf.es\/wp-content\/uploads\/2023\/03\/20230209_121258-1200x1600.jpg 1200w, https:\/\/villarrealcf.es\/wp-content\/uploads\/2023\/03\/20230209_121258-scaled.jpg 1920w, https:\/\/villarrealcf.es\/\/wp-content\/uploads\/2023\/03\/20230209_121258-810x1080.jpg 1920w, https:\/\/villarrealcf.es\/\/wp-content\/uploads\/2023\/03\/20230209_121258-810x1080.jpg 1920w","sizes":"auto, (max-width: 810px) 100vw, 810px"},{"type":"image","url":"https:\/\/villarrealcf.es\/\/wp-content\/uploads\/2023\/03\/20230209_124000-1440x1080.jpg","alt":"","width":1440,"height":1080,"srcset":"https:\/\/villarrealcf.es\/wp-content\/uploads\/2023\/03\/20230209_124000-1440x1080.jpg 1440w, https:\/\/villarrealcf.es\/\/wp-content\/uploads\/2023\/03\/20230209_124000-1440x1080.jpg 1920w, https:\/\/villarrealcf.es\/wp-content\/uploads\/2023\/03\/20230209_124000-1536x1152.jpg 1536w, https:\/\/villarrealcf.es\/wp-content\/uploads\/2023\/03\/20230209_124000-2048x1536.jpg 2048w, https:\/\/villarrealcf.es\/\/wp-content\/uploads\/2023\/03\/20230209_124000-1440x1080.jpg 1920w, https:\/\/villarrealcf.es\/\/wp-content\/uploads\/2023\/03\/20230209_124000-1440x1080.jpg 1920w, https:\/\/villarrealcf.es\/wp-content\/uploads\/2023\/03\/20230209_124000-32x24.jpg 32w, https:\/\/villarrealcf.es\/wp-content\/uploads\/2023\/03\/20230209_124000-150x113.jpg 150w, https:\/\/villarrealcf.es\/\/wp-content\/uploads\/2023\/03\/20230209_124000-1440x1080.jpg 1920w, https:\/\/villarrealcf.es\/wp-content\/uploads\/2023\/03\/20230209_124000-1200x900.jpg 1200w","sizes":"auto, (max-width: 1440px) 100vw, 1440px"}],"widgets":[],"blocks":[{"type":"heading","level":2,"text":"El Villarreal CF rep l\u2019especial visita del club hongar\u00e9s, al qual li uneix un acord de consultoria professional"},{"type":"paragraph","text":"El Villarreal CF va rebre el mes de febrer passat l\u2019especial visita del Debreceni VSC. L\u2019equip hongar\u00e9s, amb el qual el Submar\u00ed mant\u00e9 un acord de consultoria professional, va visitar les instal\u00b7lacions esportives de l\u2019entitat, representat per una delegaci\u00f3 conformada per dos entrenadors i dos jugadors procedents del conjunt de Debrecen."},{"type":"paragraph","text":"Els t\u00e8cnics van viure una immersi\u00f3 completa amb el cos t\u00e8cnic dels cadets del Villarreal, es van reunir amb el responsable de captaci\u00f3 de futbol base i amb l\u2019equip de psic\u00f2legs. Per a finalitzar aquesta enriquidora experi\u00e8ncia, van compartir les seues impressions amb el director de metodologia del Submar\u00ed Groc."},{"type":"paragraph","text":"Mentre els entrenadors van con\u00e9ixer profundament la manera de treballar del Villarreal, els jugadors hongaresos Zalan (2005) i Mark (2008) es van exercitar i van poder disputar partits amistosos amb els millors equips de la seua categoria de la Pedrera Grogueta."},{"type":"paragraph","text":"Per a culminar l\u2019experi\u00e8ncia a Vila-real, la delegaci\u00f3 del Debreceni VSC va gaudir del partit del Villarreal CF davant l\u2019FC Barcelona en el renovat Estadi de la Cer\u00e0mica."},{"type":"paragraph","text":"El Villarreal, comprom\u00e9s amb el creixement esportiu del DVSC"},{"type":"paragraph","text":"El Villarreal CF mant\u00e9 un acord de col\u00b7laboraci\u00f3 amb el Debreceni Vasutas Sport Club d\u2019Hongria. A trav\u00e9s d\u2019aquesta cooperaci\u00f3, que t\u00e9 una duraci\u00f3 de tres anys, el Submar\u00ed posar\u00e0 la seua metodologia al servei de l\u2019acad\u00e8mia de l\u2019equip hongar\u00e9s per al desenvolupament dels seus joves talents. A m\u00e9s, fruit d\u2019aquest acord, tres entrenadors del futbol base del Villarreal, Pablo Alberola, Carlos Ib\u00e1\u00f1ez i \u00c1lex Vi\u00f1a, s\u2019han instal\u00b7lat en Debrecen per a centrar els seus esfor\u00e7os en el creixement de la pedrera del DVSC fins a final de la present campanya."},{"type":"image","url":"https:\/\/villarrealcf.es\/\/wp-content\/uploads\/2023\/03\/IMG-20230227-WA0002-810x1080.jpg","alt":"","width":810,"height":1080,"srcset":"https:\/\/villarrealcf.es\/wp-content\/uploads\/2023\/03\/IMG-20230227-WA0002-810x1080.jpg 810w, https:\/\/villarrealcf.es\/\/wp-content\/uploads\/2023\/03\/IMG-20230227-WA0002-810x1080.jpg 1920w, https:\/\/villarrealcf.es\/wp-content\/uploads\/2023\/03\/IMG-20230227-WA0002-1152x1536.jpg 1152w, https:\/\/villarrealcf.es\/wp-content\/uploads\/2023\/03\/IMG-20230227-WA0002-225x300.jpg 225w, https:\/\/villarrealcf.es\/wp-content\/uploads\/2023\/03\/IMG-20230227-WA0002-96x128.jpg 96w, https:\/\/villarrealcf.es\/wp-content\/uploads\/2023\/03\/IMG-20230227-WA0002-24x32.jpg 24w, https:\/\/villarrealcf.es\/wp-content\/uploads\/2023\/03\/IMG-20230227-WA0002-150x200.jpg 150w, https:\/\/villarrealcf.es\/\/wp-content\/uploads\/2023\/03\/IMG-20230227-WA0002-810x1080.jpg 1920w, https:\/\/villarrealcf.es\/wp-content\/uploads\/2023\/03\/IMG-20230227-WA0002.jpg 1200w, https:\/\/villarrealcf.es\/\/wp-content\/uploads\/2023\/03\/IMG-20230227-WA0002-810x1080.jpg 1920w, https:\/\/villarrealcf.es\/\/wp-content\/uploads\/2023\/03\/IMG-20230227-WA0002-810x1080.jpg 1920w","sizes":"auto, (max-width: 810px) 100vw, 810px"},{"type":"image","url":"https:\/\/villarrealcf.es\/\/wp-content\/uploads\/2023\/03\/IMG_3543-608x1080.jpg","alt":"","width":608,"height":1080,"srcset":"https:\/\/villarrealcf.es\/wp-content\/uploads\/2023\/03\/IMG_3543-608x1080.jpg 608w, https:\/\/villarrealcf.es\/\/wp-content\/uploads\/2023\/03\/IMG_3543-608x1080.jpg 1920w, https:\/\/villarrealcf.es\/wp-content\/uploads\/2023\/03\/IMG_3543-864x1536.jpg 864w, https:\/\/villarrealcf.es\/wp-content\/uploads\/2023\/03\/IMG_3543-1152x2048.jpg 1152w, https:\/\/villarrealcf.es\/wp-content\/uploads\/2023\/03\/IMG_3543-169x300.jpg 169w, https:\/\/villarrealcf.es\/wp-content\/uploads\/2023\/03\/IMG_3543-72x128.jpg 72w, https:\/\/villarrealcf.es\/wp-content\/uploads\/2023\/03\/IMG_3543-18x32.jpg 18w, https:\/\/villarrealcf.es\/wp-content\/uploads\/2023\/03\/IMG_3543-150x267.jpg 150w, https:\/\/villarrealcf.es\/\/wp-content\/uploads\/2023\/03\/IMG_3543-608x1080.jpg 1920w, https:\/\/villarrealcf.es\/wp-content\/uploads\/2023\/03\/IMG_3543-1200x2133.jpg 1200w, https:\/\/villarrealcf.es\/wp-content\/uploads\/2023\/03\/IMG_3543-scaled.jpg 1440w, https:\/\/villarrealcf.es\/\/wp-content\/uploads\/2023\/03\/IMG_3543-608x1080.jpg 1920w, https:\/\/villarrealcf.es\/\/wp-content\/uploads\/2023\/03\/IMG_3543-608x1080.jpg 1920w","sizes":"auto, (max-width: 608px) 100vw, 608px"},{"type":"image","url":"https:\/\/villarrealcf.es\/\/wp-content\/uploads\/2023\/03\/20230209_124508-1440x1080.jpg","alt":"","width":1440,"height":1080,"srcset":"https:\/\/villarrealcf.es\/wp-content\/uploads\/2023\/03\/20230209_124508-1440x1080.jpg 1440w, https:\/\/villarrealcf.es\/\/wp-content\/uploads\/2023\/03\/20230209_124508-1440x1080.jpg 1920w, https:\/\/villarrealcf.es\/wp-content\/uploads\/2023\/03\/20230209_124508-1536x1152.jpg 1536w, https:\/\/villarrealcf.es\/wp-content\/uploads\/2023\/03\/20230209_124508-2048x1536.jpg 2048w, https:\/\/villarrealcf.es\/\/wp-content\/uploads\/2023\/03\/20230209_124508-1440x1080.jpg 1920w, https:\/\/villarrealcf.es\/\/wp-content\/uploads\/2023\/03\/20230209_124508-1440x1080.jpg 1920w, https:\/\/villarrealcf.es\/wp-content\/uploads\/2023\/03\/20230209_124508-32x24.jpg 32w, https:\/\/villarrealcf.es\/wp-content\/uploads\/2023\/03\/20230209_124508-150x113.jpg 150w, https:\/\/villarrealcf.es\/\/wp-content\/uploads\/2023\/03\/20230209_124508-1440x1080.jpg 1920w, https:\/\/villarrealcf.es\/wp-content\/uploads\/2023\/03\/20230209_124508-1200x900.jpg 1200w","sizes":"auto, (max-width: 1440px) 100vw, 1440px"},{"type":"image","url":"https:\/\/villarrealcf.es\/\/wp-content\/uploads\/2023\/03\/20230209_121258-810x1080.jpg","alt":"","width":810,"height":1080,"srcset":"https:\/\/villarrealcf.es\/wp-content\/uploads\/2023\/03\/20230209_121258-810x1080.jpg 810w, https:\/\/villarrealcf.es\/\/wp-content\/uploads\/2023\/03\/20230209_121258-810x1080.jpg 1920w, https:\/\/villarrealcf.es\/wp-content\/uploads\/2023\/03\/20230209_121258-1152x1536.jpg 1152w, https:\/\/villarrealcf.es\/wp-content\/uploads\/2023\/03\/20230209_121258-1536x2048.jpg 1536w, https:\/\/villarrealcf.es\/wp-content\/uploads\/2023\/03\/20230209_121258-225x300.jpg 225w, https:\/\/villarrealcf.es\/wp-content\/uploads\/2023\/03\/20230209_121258-96x128.jpg 96w, https:\/\/villarrealcf.es\/wp-content\/uploads\/2023\/03\/20230209_121258-24x32.jpg 24w, https:\/\/villarrealcf.es\/wp-content\/uploads\/2023\/03\/20230209_121258-150x200.jpg 150w, https:\/\/villarrealcf.es\/\/wp-content\/uploads\/2023\/03\/20230209_121258-810x1080.jpg 1920w, https:\/\/villarrealcf.es\/wp-content\/uploads\/2023\/03\/20230209_121258-1200x1600.jpg 1200w, https:\/\/villarrealcf.es\/wp-content\/uploads\/2023\/03\/20230209_121258-scaled.jpg 1920w, https:\/\/villarrealcf.es\/\/wp-content\/uploads\/2023\/03\/20230209_121258-810x1080.jpg 1920w, https:\/\/villarrealcf.es\/\/wp-content\/uploads\/2023\/03\/20230209_121258-810x1080.jpg 1920w","sizes":"auto, (max-width: 810px) 100vw, 810px"},{"type":"image","url":"https:\/\/villarrealcf.es\/\/wp-content\/uploads\/2023\/03\/20230209_124000-1440x1080.jpg","alt":"","width":1440,"height":1080,"srcset":"https:\/\/villarrealcf.es\/wp-content\/uploads\/2023\/03\/20230209_124000-1440x1080.jpg 1440w, https:\/\/villarrealcf.es\/\/wp-content\/uploads\/2023\/03\/20230209_124000-1440x1080.jpg 1920w, https:\/\/villarrealcf.es\/wp-content\/uploads\/2023\/03\/20230209_124000-1536x1152.jpg 1536w, https:\/\/villarrealcf.es\/wp-content\/uploads\/2023\/03\/20230209_124000-2048x1536.jpg 2048w, https:\/\/villarrealcf.es\/\/wp-content\/uploads\/2023\/03\/20230209_124000-1440x1080.jpg 1920w, https:\/\/villarrealcf.es\/\/wp-content\/uploads\/2023\/03\/20230209_124000-1440x1080.jpg 1920w, https:\/\/villarrealcf.es\/wp-content\/uploads\/2023\/03\/20230209_124000-32x24.jpg 32w, https:\/\/villarrealcf.es\/wp-content\/uploads\/2023\/03\/20230209_124000-150x113.jpg 150w, https:\/\/villarrealcf.es\/\/wp-content\/uploads\/2023\/03\/20230209_124000-1440x1080.jpg 1920w, https:\/\/villarrealcf.es\/wp-content\/uploads\/2023\/03\/20230209_124000-1200x900.jpg 1200w","sizes":"auto, (max-width: 1440px) 100vw, 1440px"}]}],"hero":{"id":"section-1","title":"El Villarreal CF rep l\u2019especial visita del club hongar\u00e9s, al qual li uneix un acord de consultoria professional","text":"El Villarreal CF rep l\u2019especial visita del club hongar\u00e9s, al qual li uneix un acord de consultoria professional El Villarreal CF va rebre el mes de febrer passat l\u2019especial visita del Debreceni VSC. L\u2019equip hongar\u00e9s, amb el qual el Submar\u00ed mant\u00e9 un acord de consultoria professional, va visitar les instal\u00b7lacions esportives de l\u2019entitat, representat per una delegaci\u00f3 conformada per dos entrenadors i dos jugadors procedents del conjunt de Debrecen. Els t\u00e8cnics van viure una immersi\u00f3 completa amb el cos t\u00e8cnic dels cadets del Villarreal, es van reunir amb el responsable de captaci\u00f3 de futbol base i amb l\u2019equip de psic\u00f2legs. Per a finalitzar aquesta enriquidora experi\u00e8ncia, van compartir les seues impressions amb el director de metodologia del Submar\u00ed Groc. Mentre els entrenadors van con\u00e9ixer profundament la manera de treballar del Villarreal, els jugadors hongaresos Zalan (2005) i Mark (2008) es van exercitar i van poder disputar partits amistosos amb els millors equips de la seua categoria de la Pedrera Grogueta. Per a culminar l\u2019experi\u00e8ncia a Vila-real, la delegaci\u00f3 del Debreceni VSC va gaudir del partit del Villarreal CF davant l\u2019FC Barcelona en el renovat Estadi de la Cer\u00e0mica. El Villarreal, comprom\u00e9s amb el creixement esportiu del DVSC El Villarreal CF mant\u00e9 un acord de col\u00b7laboraci\u00f3 amb el Debreceni Vasutas Sport Club d\u2019Hongria. A trav\u00e9s d\u2019aquesta cooperaci\u00f3, que t\u00e9 una duraci\u00f3 de tres anys, el Submar\u00ed posar\u00e0 la seua metodologia al servei de l\u2019acad\u00e8mia de l\u2019equip hongar\u00e9s per al desenvolupament dels seus joves talents. A m\u00e9s, fruit d\u2019aquest acord, tres entrenadors del futbol base del Villarreal, Pablo Alberola, Carlos Ib\u00e1\u00f1ez i \u00c1lex Vi\u00f1a, s\u2019han instal\u00b7lat en Debrecen per a centrar els seus esfor\u00e7os en el creixement de la pedrera del DVSC fins a final de la present campanya.","headings":[{"type":"heading","level":2,"text":"El Villarreal CF rep l\u2019especial visita del club hongar\u00e9s, al qual li uneix un acord de consultoria professional"}],"texts":[{"type":"paragraph","text":"El Villarreal CF va rebre el mes de febrer passat l\u2019especial visita del Debreceni VSC. L\u2019equip hongar\u00e9s, amb el qual el Submar\u00ed mant\u00e9 un acord de consultoria professional, va visitar les instal\u00b7lacions esportives de l\u2019entitat, representat per una delegaci\u00f3 conformada per dos entrenadors i dos jugadors procedents del conjunt de Debrecen."},{"type":"paragraph","text":"Els t\u00e8cnics van viure una immersi\u00f3 completa amb el cos t\u00e8cnic dels cadets del Villarreal, es van reunir amb el responsable de captaci\u00f3 de futbol base i amb l\u2019equip de psic\u00f2legs. Per a finalitzar aquesta enriquidora experi\u00e8ncia, van compartir les seues impressions amb el director de metodologia del Submar\u00ed Groc."},{"type":"paragraph","text":"Mentre els entrenadors van con\u00e9ixer profundament la manera de treballar del Villarreal, els jugadors hongaresos Zalan (2005) i Mark (2008) es van exercitar i van poder disputar partits amistosos amb els millors equips de la seua categoria de la Pedrera Grogueta."},{"type":"paragraph","text":"Per a culminar l\u2019experi\u00e8ncia a Vila-real, la delegaci\u00f3 del Debreceni VSC va gaudir del partit del Villarreal CF davant l\u2019FC Barcelona en el renovat Estadi de la Cer\u00e0mica."},{"type":"paragraph","text":"El Villarreal, comprom\u00e9s amb el creixement esportiu del DVSC"},{"type":"paragraph","text":"El Villarreal CF mant\u00e9 un acord de col\u00b7laboraci\u00f3 amb el Debreceni Vasutas Sport Club d\u2019Hongria. A trav\u00e9s d\u2019aquesta cooperaci\u00f3, que t\u00e9 una duraci\u00f3 de tres anys, el Submar\u00ed posar\u00e0 la seua metodologia al servei de l\u2019acad\u00e8mia de l\u2019equip hongar\u00e9s per al desenvolupament dels seus joves talents. A m\u00e9s, fruit d\u2019aquest acord, tres entrenadors del futbol base del Villarreal, Pablo Alberola, Carlos Ib\u00e1\u00f1ez i \u00c1lex Vi\u00f1a, s\u2019han instal\u00b7lat en Debrecen per a centrar els seus esfor\u00e7os en el creixement de la pedrera del DVSC fins a final de la present campanya."}],"buttons":[],"images":[{"type":"image","url":"https:\/\/villarrealcf.es\/\/wp-content\/uploads\/2023\/03\/IMG-20230227-WA0002-810x1080.jpg","alt":"","width":810,"height":1080,"srcset":"https:\/\/villarrealcf.es\/wp-content\/uploads\/2023\/03\/IMG-20230227-WA0002-810x1080.jpg 810w, https:\/\/villarrealcf.es\/\/wp-content\/uploads\/2023\/03\/IMG-20230227-WA0002-810x1080.jpg 1920w, https:\/\/villarrealcf.es\/wp-content\/uploads\/2023\/03\/IMG-20230227-WA0002-1152x1536.jpg 1152w, https:\/\/villarrealcf.es\/wp-content\/uploads\/2023\/03\/IMG-20230227-WA0002-225x300.jpg 225w, https:\/\/villarrealcf.es\/wp-content\/uploads\/2023\/03\/IMG-20230227-WA0002-96x128.jpg 96w, https:\/\/villarrealcf.es\/wp-content\/uploads\/2023\/03\/IMG-20230227-WA0002-24x32.jpg 24w, https:\/\/villarrealcf.es\/wp-content\/uploads\/2023\/03\/IMG-20230227-WA0002-150x200.jpg 150w, https:\/\/villarrealcf.es\/\/wp-content\/uploads\/2023\/03\/IMG-20230227-WA0002-810x1080.jpg 1920w, https:\/\/villarrealcf.es\/wp-content\/uploads\/2023\/03\/IMG-20230227-WA0002.jpg 1200w, https:\/\/villarrealcf.es\/\/wp-content\/uploads\/2023\/03\/IMG-20230227-WA0002-810x1080.jpg 1920w, https:\/\/villarrealcf.es\/\/wp-content\/uploads\/2023\/03\/IMG-20230227-WA0002-810x1080.jpg 1920w","sizes":"auto, (max-width: 810px) 100vw, 810px"},{"type":"image","url":"https:\/\/villarrealcf.es\/\/wp-content\/uploads\/2023\/03\/IMG_3543-608x1080.jpg","alt":"","width":608,"height":1080,"srcset":"https:\/\/villarrealcf.es\/wp-content\/uploads\/2023\/03\/IMG_3543-608x1080.jpg 608w, https:\/\/villarrealcf.es\/\/wp-content\/uploads\/2023\/03\/IMG_3543-608x1080.jpg 1920w, https:\/\/villarrealcf.es\/wp-content\/uploads\/2023\/03\/IMG_3543-864x1536.jpg 864w, https:\/\/villarrealcf.es\/wp-content\/uploads\/2023\/03\/IMG_3543-1152x2048.jpg 1152w, https:\/\/villarrealcf.es\/wp-content\/uploads\/2023\/03\/IMG_3543-169x300.jpg 169w, https:\/\/villarrealcf.es\/wp-content\/uploads\/2023\/03\/IMG_3543-72x128.jpg 72w, https:\/\/villarrealcf.es\/wp-content\/uploads\/2023\/03\/IMG_3543-18x32.jpg 18w, https:\/\/villarrealcf.es\/wp-content\/uploads\/2023\/03\/IMG_3543-150x267.jpg 150w, https:\/\/villarrealcf.es\/\/wp-content\/uploads\/2023\/03\/IMG_3543-608x1080.jpg 1920w, https:\/\/villarrealcf.es\/wp-content\/uploads\/2023\/03\/IMG_3543-1200x2133.jpg 1200w, https:\/\/villarrealcf.es\/wp-content\/uploads\/2023\/03\/IMG_3543-scaled.jpg 1440w, https:\/\/villarrealcf.es\/\/wp-content\/uploads\/2023\/03\/IMG_3543-608x1080.jpg 1920w, https:\/\/villarrealcf.es\/\/wp-content\/uploads\/2023\/03\/IMG_3543-608x1080.jpg 1920w","sizes":"auto, (max-width: 608px) 100vw, 608px"},{"type":"image","url":"https:\/\/villarrealcf.es\/\/wp-content\/uploads\/2023\/03\/20230209_124508-1440x1080.jpg","alt":"","width":1440,"height":1080,"srcset":"https:\/\/villarrealcf.es\/wp-content\/uploads\/2023\/03\/20230209_124508-1440x1080.jpg 1440w, https:\/\/villarrealcf.es\/\/wp-content\/uploads\/2023\/03\/20230209_124508-1440x1080.jpg 1920w, https:\/\/villarrealcf.es\/wp-content\/uploads\/2023\/03\/20230209_124508-1536x1152.jpg 1536w, https:\/\/villarrealcf.es\/wp-content\/uploads\/2023\/03\/20230209_124508-2048x1536.jpg 2048w, https:\/\/villarrealcf.es\/\/wp-content\/uploads\/2023\/03\/20230209_124508-1440x1080.jpg 1920w, https:\/\/villarrealcf.es\/\/wp-content\/uploads\/2023\/03\/20230209_124508-1440x1080.jpg 1920w, https:\/\/villarrealcf.es\/wp-content\/uploads\/2023\/03\/20230209_124508-32x24.jpg 32w, https:\/\/villarrealcf.es\/wp-content\/uploads\/2023\/03\/20230209_124508-150x113.jpg 150w, https:\/\/villarrealcf.es\/\/wp-content\/uploads\/2023\/03\/20230209_124508-1440x1080.jpg 1920w, https:\/\/villarrealcf.es\/wp-content\/uploads\/2023\/03\/20230209_124508-1200x900.jpg 1200w","sizes":"auto, (max-width: 1440px) 100vw, 1440px"},{"type":"image","url":"https:\/\/villarrealcf.es\/\/wp-content\/uploads\/2023\/03\/20230209_121258-810x1080.jpg","alt":"","width":810,"height":1080,"srcset":"https:\/\/villarrealcf.es\/wp-content\/uploads\/2023\/03\/20230209_121258-810x1080.jpg 810w, https:\/\/villarrealcf.es\/\/wp-content\/uploads\/2023\/03\/20230209_121258-810x1080.jpg 1920w, https:\/\/villarrealcf.es\/wp-content\/uploads\/2023\/03\/20230209_121258-1152x1536.jpg 1152w, https:\/\/villarrealcf.es\/wp-content\/uploads\/2023\/03\/20230209_121258-1536x2048.jpg 1536w, https:\/\/villarrealcf.es\/wp-content\/uploads\/2023\/03\/20230209_121258-225x300.jpg 225w, https:\/\/villarrealcf.es\/wp-content\/uploads\/2023\/03\/20230209_121258-96x128.jpg 96w, https:\/\/villarrealcf.es\/wp-content\/uploads\/2023\/03\/20230209_121258-24x32.jpg 24w, https:\/\/villarrealcf.es\/wp-content\/uploads\/2023\/03\/20230209_121258-150x200.jpg 150w, https:\/\/villarrealcf.es\/\/wp-content\/uploads\/2023\/03\/20230209_121258-810x1080.jpg 1920w, https:\/\/villarrealcf.es\/wp-content\/uploads\/2023\/03\/20230209_121258-1200x1600.jpg 1200w, https:\/\/villarrealcf.es\/wp-content\/uploads\/2023\/03\/20230209_121258-scaled.jpg 1920w, https:\/\/villarrealcf.es\/\/wp-content\/uploads\/2023\/03\/20230209_121258-810x1080.jpg 1920w, https:\/\/villarrealcf.es\/\/wp-content\/uploads\/2023\/03\/20230209_121258-810x1080.jpg 1920w","sizes":"auto, (max-width: 810px) 100vw, 810px"},{"type":"image","url":"https:\/\/villarrealcf.es\/\/wp-content\/uploads\/2023\/03\/20230209_124000-1440x1080.jpg","alt":"","width":1440,"height":1080,"srcset":"https:\/\/villarrealcf.es\/wp-content\/uploads\/2023\/03\/20230209_124000-1440x1080.jpg 1440w, https:\/\/villarrealcf.es\/\/wp-content\/uploads\/2023\/03\/20230209_124000-1440x1080.jpg 1920w, https:\/\/villarrealcf.es\/wp-content\/uploads\/2023\/03\/20230209_124000-1536x1152.jpg 1536w, https:\/\/villarrealcf.es\/wp-content\/uploads\/2023\/03\/20230209_124000-2048x1536.jpg 2048w, https:\/\/villarrealcf.es\/\/wp-content\/uploads\/2023\/03\/20230209_124000-1440x1080.jpg 1920w, https:\/\/villarrealcf.es\/\/wp-content\/uploads\/2023\/03\/20230209_124000-1440x1080.jpg 1920w, https:\/\/villarrealcf.es\/wp-content\/uploads\/2023\/03\/20230209_124000-32x24.jpg 32w, https:\/\/villarrealcf.es\/wp-content\/uploads\/2023\/03\/20230209_124000-150x113.jpg 150w, https:\/\/villarrealcf.es\/\/wp-content\/uploads\/2023\/03\/20230209_124000-1440x1080.jpg 1920w, https:\/\/villarrealcf.es\/wp-content\/uploads\/2023\/03\/20230209_124000-1200x900.jpg 1200w","sizes":"auto, (max-width: 1440px) 100vw, 1440px"}],"widgets":[],"blocks":[{"type":"heading","level":2,"text":"El Villarreal CF rep l\u2019especial visita del club hongar\u00e9s, al qual li uneix un acord de consultoria professional"},{"type":"paragraph","text":"El Villarreal CF va rebre el mes de febrer passat l\u2019especial visita del Debreceni VSC. L\u2019equip hongar\u00e9s, amb el qual el Submar\u00ed mant\u00e9 un acord de consultoria professional, va visitar les instal\u00b7lacions esportives de l\u2019entitat, representat per una delegaci\u00f3 conformada per dos entrenadors i dos jugadors procedents del conjunt de Debrecen."},{"type":"paragraph","text":"Els t\u00e8cnics van viure una immersi\u00f3 completa amb el cos t\u00e8cnic dels cadets del Villarreal, es van reunir amb el responsable de captaci\u00f3 de futbol base i amb l\u2019equip de psic\u00f2legs. Per a finalitzar aquesta enriquidora experi\u00e8ncia, van compartir les seues impressions amb el director de metodologia del Submar\u00ed Groc."},{"type":"paragraph","text":"Mentre els entrenadors van con\u00e9ixer profundament la manera de treballar del Villarreal, els jugadors hongaresos Zalan (2005) i Mark (2008) es van exercitar i van poder disputar partits amistosos amb els millors equips de la seua categoria de la Pedrera Grogueta."},{"type":"paragraph","text":"Per a culminar l\u2019experi\u00e8ncia a Vila-real, la delegaci\u00f3 del Debreceni VSC va gaudir del partit del Villarreal CF davant l\u2019FC Barcelona en el renovat Estadi de la Cer\u00e0mica."},{"type":"paragraph","text":"El Villarreal, comprom\u00e9s amb el creixement esportiu del DVSC"},{"type":"paragraph","text":"El Villarreal CF mant\u00e9 un acord de col\u00b7laboraci\u00f3 amb el Debreceni Vasutas Sport Club d\u2019Hongria. A trav\u00e9s d\u2019aquesta cooperaci\u00f3, que t\u00e9 una duraci\u00f3 de tres anys, el Submar\u00ed posar\u00e0 la seua metodologia al servei de l\u2019acad\u00e8mia de l\u2019equip hongar\u00e9s per al desenvolupament dels seus joves talents. A m\u00e9s, fruit d\u2019aquest acord, tres entrenadors del futbol base del Villarreal, Pablo Alberola, Carlos Ib\u00e1\u00f1ez i \u00c1lex Vi\u00f1a, s\u2019han instal\u00b7lat en Debrecen per a centrar els seus esfor\u00e7os en el creixement de la pedrera del DVSC fins a final de la present campanya."},{"type":"image","url":"https:\/\/villarrealcf.es\/\/wp-content\/uploads\/2023\/03\/IMG-20230227-WA0002-810x1080.jpg","alt":"","width":810,"height":1080,"srcset":"https:\/\/villarrealcf.es\/wp-content\/uploads\/2023\/03\/IMG-20230227-WA0002-810x1080.jpg 810w, https:\/\/villarrealcf.es\/\/wp-content\/uploads\/2023\/03\/IMG-20230227-WA0002-810x1080.jpg 1920w, https:\/\/villarrealcf.es\/wp-content\/uploads\/2023\/03\/IMG-20230227-WA0002-1152x1536.jpg 1152w, https:\/\/villarrealcf.es\/wp-content\/uploads\/2023\/03\/IMG-20230227-WA0002-225x300.jpg 225w, https:\/\/villarrealcf.es\/wp-content\/uploads\/2023\/03\/IMG-20230227-WA0002-96x128.jpg 96w, https:\/\/villarrealcf.es\/wp-content\/uploads\/2023\/03\/IMG-20230227-WA0002-24x32.jpg 24w, https:\/\/villarrealcf.es\/wp-content\/uploads\/2023\/03\/IMG-20230227-WA0002-150x200.jpg 150w, https:\/\/villarrealcf.es\/\/wp-content\/uploads\/2023\/03\/IMG-20230227-WA0002-810x1080.jpg 1920w, https:\/\/villarrealcf.es\/wp-content\/uploads\/2023\/03\/IMG-20230227-WA0002.jpg 1200w, https:\/\/villarrealcf.es\/\/wp-content\/uploads\/2023\/03\/IMG-20230227-WA0002-810x1080.jpg 1920w, https:\/\/villarrealcf.es\/\/wp-content\/uploads\/2023\/03\/IMG-20230227-WA0002-810x1080.jpg 1920w","sizes":"auto, (max-width: 810px) 100vw, 810px"},{"type":"image","url":"https:\/\/villarrealcf.es\/\/wp-content\/uploads\/2023\/03\/IMG_3543-608x1080.jpg","alt":"","width":608,"height":1080,"srcset":"https:\/\/villarrealcf.es\/wp-content\/uploads\/2023\/03\/IMG_3543-608x1080.jpg 608w, https:\/\/villarrealcf.es\/\/wp-content\/uploads\/2023\/03\/IMG_3543-608x1080.jpg 1920w, https:\/\/villarrealcf.es\/wp-content\/uploads\/2023\/03\/IMG_3543-864x1536.jpg 864w, https:\/\/villarrealcf.es\/wp-content\/uploads\/2023\/03\/IMG_3543-1152x2048.jpg 1152w, https:\/\/villarrealcf.es\/wp-content\/uploads\/2023\/03\/IMG_3543-169x300.jpg 169w, https:\/\/villarrealcf.es\/wp-content\/uploads\/2023\/03\/IMG_3543-72x128.jpg 72w, https:\/\/villarrealcf.es\/wp-content\/uploads\/2023\/03\/IMG_3543-18x32.jpg 18w, https:\/\/villarrealcf.es\/wp-content\/uploads\/2023\/03\/IMG_3543-150x267.jpg 150w, https:\/\/villarrealcf.es\/\/wp-content\/uploads\/2023\/03\/IMG_3543-608x1080.jpg 1920w, https:\/\/villarrealcf.es\/wp-content\/uploads\/2023\/03\/IMG_3543-1200x2133.jpg 1200w, https:\/\/villarrealcf.es\/wp-content\/uploads\/2023\/03\/IMG_3543-scaled.jpg 1440w, https:\/\/villarrealcf.es\/\/wp-content\/uploads\/2023\/03\/IMG_3543-608x1080.jpg 1920w, https:\/\/villarrealcf.es\/\/wp-content\/uploads\/2023\/03\/IMG_3543-608x1080.jpg 1920w","sizes":"auto, (max-width: 608px) 100vw, 608px"},{"type":"image","url":"https:\/\/villarrealcf.es\/\/wp-content\/uploads\/2023\/03\/20230209_124508-1440x1080.jpg","alt":"","width":1440,"height":1080,"srcset":"https:\/\/villarrealcf.es\/wp-content\/uploads\/2023\/03\/20230209_124508-1440x1080.jpg 1440w, https:\/\/villarrealcf.es\/\/wp-content\/uploads\/2023\/03\/20230209_124508-1440x1080.jpg 1920w, https:\/\/villarrealcf.es\/wp-content\/uploads\/2023\/03\/20230209_124508-1536x1152.jpg 1536w, https:\/\/villarrealcf.es\/wp-content\/uploads\/2023\/03\/20230209_124508-2048x1536.jpg 2048w, https:\/\/villarrealcf.es\/\/wp-content\/uploads\/2023\/03\/20230209_124508-1440x1080.jpg 1920w, https:\/\/villarrealcf.es\/\/wp-content\/uploads\/2023\/03\/20230209_124508-1440x1080.jpg 1920w, https:\/\/villarrealcf.es\/wp-content\/uploads\/2023\/03\/20230209_124508-32x24.jpg 32w, https:\/\/villarrealcf.es\/wp-content\/uploads\/2023\/03\/20230209_124508-150x113.jpg 150w, https:\/\/villarrealcf.es\/\/wp-content\/uploads\/2023\/03\/20230209_124508-1440x1080.jpg 1920w, https:\/\/villarrealcf.es\/wp-content\/uploads\/2023\/03\/20230209_124508-1200x900.jpg 1200w","sizes":"auto, (max-width: 1440px) 100vw, 1440px"},{"type":"image","url":"https:\/\/villarrealcf.es\/\/wp-content\/uploads\/2023\/03\/20230209_121258-810x1080.jpg","alt":"","width":810,"height":1080,"srcset":"https:\/\/villarrealcf.es\/wp-content\/uploads\/2023\/03\/20230209_121258-810x1080.jpg 810w, https:\/\/villarrealcf.es\/\/wp-content\/uploads\/2023\/03\/20230209_121258-810x1080.jpg 1920w, https:\/\/villarrealcf.es\/wp-content\/uploads\/2023\/03\/20230209_121258-1152x1536.jpg 1152w, https:\/\/villarrealcf.es\/wp-content\/uploads\/2023\/03\/20230209_121258-1536x2048.jpg 1536w, https:\/\/villarrealcf.es\/wp-content\/uploads\/2023\/03\/20230209_121258-225x300.jpg 225w, https:\/\/villarrealcf.es\/wp-content\/uploads\/2023\/03\/20230209_121258-96x128.jpg 96w, https:\/\/villarrealcf.es\/wp-content\/uploads\/2023\/03\/20230209_121258-24x32.jpg 24w, https:\/\/villarrealcf.es\/wp-content\/uploads\/2023\/03\/20230209_121258-150x200.jpg 150w, https:\/\/villarrealcf.es\/\/wp-content\/uploads\/2023\/03\/20230209_121258-810x1080.jpg 1920w, https:\/\/villarrealcf.es\/wp-content\/uploads\/2023\/03\/20230209_121258-1200x1600.jpg 1200w, https:\/\/villarrealcf.es\/wp-content\/uploads\/2023\/03\/20230209_121258-scaled.jpg 1920w, https:\/\/villarrealcf.es\/\/wp-content\/uploads\/2023\/03\/20230209_121258-810x1080.jpg 1920w, https:\/\/villarrealcf.es\/\/wp-content\/uploads\/2023\/03\/20230209_121258-810x1080.jpg 1920w","sizes":"auto, (max-width: 810px) 100vw, 810px"},{"type":"image","url":"https:\/\/villarrealcf.es\/\/wp-content\/uploads\/2023\/03\/20230209_124000-1440x1080.jpg","alt":"","width":1440,"height":1080,"srcset":"https:\/\/villarrealcf.es\/wp-content\/uploads\/2023\/03\/20230209_124000-1440x1080.jpg 1440w, https:\/\/villarrealcf.es\/\/wp-content\/uploads\/2023\/03\/20230209_124000-1440x1080.jpg 1920w, https:\/\/villarrealcf.es\/wp-content\/uploads\/2023\/03\/20230209_124000-1536x1152.jpg 1536w, https:\/\/villarrealcf.es\/wp-content\/uploads\/2023\/03\/20230209_124000-2048x1536.jpg 2048w, https:\/\/villarrealcf.es\/\/wp-content\/uploads\/2023\/03\/20230209_124000-1440x1080.jpg 1920w, https:\/\/villarrealcf.es\/\/wp-content\/uploads\/2023\/03\/20230209_124000-1440x1080.jpg 1920w, https:\/\/villarrealcf.es\/wp-content\/uploads\/2023\/03\/20230209_124000-32x24.jpg 32w, https:\/\/villarrealcf.es\/wp-content\/uploads\/2023\/03\/20230209_124000-150x113.jpg 150w, https:\/\/villarrealcf.es\/\/wp-content\/uploads\/2023\/03\/20230209_124000-1440x1080.jpg 1920w, https:\/\/villarrealcf.es\/wp-content\/uploads\/2023\/03\/20230209_124000-1200x900.jpg 1200w","sizes":"auto, (max-width: 1440px) 100vw, 1440px"}]}},"sections":[{"id":"section-1","title":"El Villarreal CF rep l\u2019especial visita del club hongar\u00e9s, al qual li uneix un acord de consultoria professional","text":"El Villarreal CF rep l\u2019especial visita del club hongar\u00e9s, al qual li uneix un acord de consultoria professional El Villarreal CF va rebre el mes de febrer passat l\u2019especial visita del Debreceni VSC. L\u2019equip hongar\u00e9s, amb el qual el Submar\u00ed mant\u00e9 un acord de consultoria professional, va visitar les instal\u00b7lacions esportives de l\u2019entitat, representat per una delegaci\u00f3 conformada per dos entrenadors i dos jugadors procedents del conjunt de Debrecen. Els t\u00e8cnics van viure una immersi\u00f3 completa amb el cos t\u00e8cnic dels cadets del Villarreal, es van reunir amb el responsable de captaci\u00f3 de futbol base i amb l\u2019equip de psic\u00f2legs. Per a finalitzar aquesta enriquidora experi\u00e8ncia, van compartir les seues impressions amb el director de metodologia del Submar\u00ed Groc. Mentre els entrenadors van con\u00e9ixer profundament la manera de treballar del Villarreal, els jugadors hongaresos Zalan (2005) i Mark (2008) es van exercitar i van poder disputar partits amistosos amb els millors equips de la seua categoria de la Pedrera Grogueta. Per a culminar l\u2019experi\u00e8ncia a Vila-real, la delegaci\u00f3 del Debreceni VSC va gaudir del partit del Villarreal CF davant l\u2019FC Barcelona en el renovat Estadi de la Cer\u00e0mica. El Villarreal, comprom\u00e9s amb el creixement esportiu del DVSC El Villarreal CF mant\u00e9 un acord de col\u00b7laboraci\u00f3 amb el Debreceni Vasutas Sport Club d\u2019Hongria. A trav\u00e9s d\u2019aquesta cooperaci\u00f3, que t\u00e9 una duraci\u00f3 de tres anys, el Submar\u00ed posar\u00e0 la seua metodologia al servei de l\u2019acad\u00e8mia de l\u2019equip hongar\u00e9s per al desenvolupament dels seus joves talents. A m\u00e9s, fruit d\u2019aquest acord, tres entrenadors del futbol base del Villarreal, Pablo Alberola, Carlos Ib\u00e1\u00f1ez i \u00c1lex Vi\u00f1a, s\u2019han instal\u00b7lat en Debrecen per a centrar els seus esfor\u00e7os en el creixement de la pedrera del DVSC fins a final de la present campanya.","url":"","background_image":"","images":[{"type":"image","url":"https:\/\/villarrealcf.es\/\/wp-content\/uploads\/2023\/03\/IMG-20230227-WA0002-810x1080.jpg","alt":"","width":810,"height":1080,"srcset":"https:\/\/villarrealcf.es\/wp-content\/uploads\/2023\/03\/IMG-20230227-WA0002-810x1080.jpg 810w, https:\/\/villarrealcf.es\/\/wp-content\/uploads\/2023\/03\/IMG-20230227-WA0002-810x1080.jpg 1920w, https:\/\/villarrealcf.es\/wp-content\/uploads\/2023\/03\/IMG-20230227-WA0002-1152x1536.jpg 1152w, https:\/\/villarrealcf.es\/wp-content\/uploads\/2023\/03\/IMG-20230227-WA0002-225x300.jpg 225w, https:\/\/villarrealcf.es\/wp-content\/uploads\/2023\/03\/IMG-20230227-WA0002-96x128.jpg 96w, https:\/\/villarrealcf.es\/wp-content\/uploads\/2023\/03\/IMG-20230227-WA0002-24x32.jpg 24w, https:\/\/villarrealcf.es\/wp-content\/uploads\/2023\/03\/IMG-20230227-WA0002-150x200.jpg 150w, https:\/\/villarrealcf.es\/\/wp-content\/uploads\/2023\/03\/IMG-20230227-WA0002-810x1080.jpg 1920w, https:\/\/villarrealcf.es\/wp-content\/uploads\/2023\/03\/IMG-20230227-WA0002.jpg 1200w, https:\/\/villarrealcf.es\/\/wp-content\/uploads\/2023\/03\/IMG-20230227-WA0002-810x1080.jpg 1920w, https:\/\/villarrealcf.es\/\/wp-content\/uploads\/2023\/03\/IMG-20230227-WA0002-810x1080.jpg 1920w","sizes":"auto, (max-width: 810px) 100vw, 810px"},{"type":"image","url":"https:\/\/villarrealcf.es\/\/wp-content\/uploads\/2023\/03\/IMG_3543-608x1080.jpg","alt":"","width":608,"height":1080,"srcset":"https:\/\/villarrealcf.es\/wp-content\/uploads\/2023\/03\/IMG_3543-608x1080.jpg 608w, https:\/\/villarrealcf.es\/\/wp-content\/uploads\/2023\/03\/IMG_3543-608x1080.jpg 1920w, https:\/\/villarrealcf.es\/wp-content\/uploads\/2023\/03\/IMG_3543-864x1536.jpg 864w, https:\/\/villarrealcf.es\/wp-content\/uploads\/2023\/03\/IMG_3543-1152x2048.jpg 1152w, https:\/\/villarrealcf.es\/wp-content\/uploads\/2023\/03\/IMG_3543-169x300.jpg 169w, https:\/\/villarrealcf.es\/wp-content\/uploads\/2023\/03\/IMG_3543-72x128.jpg 72w, https:\/\/villarrealcf.es\/wp-content\/uploads\/2023\/03\/IMG_3543-18x32.jpg 18w, https:\/\/villarrealcf.es\/wp-content\/uploads\/2023\/03\/IMG_3543-150x267.jpg 150w, https:\/\/villarrealcf.es\/\/wp-content\/uploads\/2023\/03\/IMG_3543-608x1080.jpg 1920w, https:\/\/villarrealcf.es\/wp-content\/uploads\/2023\/03\/IMG_3543-1200x2133.jpg 1200w, https:\/\/villarrealcf.es\/wp-content\/uploads\/2023\/03\/IMG_3543-scaled.jpg 1440w, https:\/\/villarrealcf.es\/\/wp-content\/uploads\/2023\/03\/IMG_3543-608x1080.jpg 1920w, https:\/\/villarrealcf.es\/\/wp-content\/uploads\/2023\/03\/IMG_3543-608x1080.jpg 1920w","sizes":"auto, (max-width: 608px) 100vw, 608px"},{"type":"image","url":"https:\/\/villarrealcf.es\/\/wp-content\/uploads\/2023\/03\/20230209_124508-1440x1080.jpg","alt":"","width":1440,"height":1080,"srcset":"https:\/\/villarrealcf.es\/wp-content\/uploads\/2023\/03\/20230209_124508-1440x1080.jpg 1440w, https:\/\/villarrealcf.es\/\/wp-content\/uploads\/2023\/03\/20230209_124508-1440x1080.jpg 1920w, https:\/\/villarrealcf.es\/wp-content\/uploads\/2023\/03\/20230209_124508-1536x1152.jpg 1536w, https:\/\/villarrealcf.es\/wp-content\/uploads\/2023\/03\/20230209_124508-2048x1536.jpg 2048w, https:\/\/villarrealcf.es\/\/wp-content\/uploads\/2023\/03\/20230209_124508-1440x1080.jpg 1920w, https:\/\/villarrealcf.es\/\/wp-content\/uploads\/2023\/03\/20230209_124508-1440x1080.jpg 1920w, https:\/\/villarrealcf.es\/wp-content\/uploads\/2023\/03\/20230209_124508-32x24.jpg 32w, https:\/\/villarrealcf.es\/wp-content\/uploads\/2023\/03\/20230209_124508-150x113.jpg 150w, https:\/\/villarrealcf.es\/\/wp-content\/uploads\/2023\/03\/20230209_124508-1440x1080.jpg 1920w, https:\/\/villarrealcf.es\/wp-content\/uploads\/2023\/03\/20230209_124508-1200x900.jpg 1200w","sizes":"auto, (max-width: 1440px) 100vw, 1440px"},{"type":"image","url":"https:\/\/villarrealcf.es\/\/wp-content\/uploads\/2023\/03\/20230209_121258-810x1080.jpg","alt":"","width":810,"height":1080,"srcset":"https:\/\/villarrealcf.es\/wp-content\/uploads\/2023\/03\/20230209_121258-810x1080.jpg 810w, https:\/\/villarrealcf.es\/\/wp-content\/uploads\/2023\/03\/20230209_121258-810x1080.jpg 1920w, https:\/\/villarrealcf.es\/wp-content\/uploads\/2023\/03\/20230209_121258-1152x1536.jpg 1152w, https:\/\/villarrealcf.es\/wp-content\/uploads\/2023\/03\/20230209_121258-1536x2048.jpg 1536w, https:\/\/villarrealcf.es\/wp-content\/uploads\/2023\/03\/20230209_121258-225x300.jpg 225w, https:\/\/villarrealcf.es\/wp-content\/uploads\/2023\/03\/20230209_121258-96x128.jpg 96w, https:\/\/villarrealcf.es\/wp-content\/uploads\/2023\/03\/20230209_121258-24x32.jpg 24w, https:\/\/villarrealcf.es\/wp-content\/uploads\/2023\/03\/20230209_121258-150x200.jpg 150w, https:\/\/villarrealcf.es\/\/wp-content\/uploads\/2023\/03\/20230209_121258-810x1080.jpg 1920w, https:\/\/villarrealcf.es\/wp-content\/uploads\/2023\/03\/20230209_121258-1200x1600.jpg 1200w, https:\/\/villarrealcf.es\/wp-content\/uploads\/2023\/03\/20230209_121258-scaled.jpg 1920w, https:\/\/villarrealcf.es\/\/wp-content\/uploads\/2023\/03\/20230209_121258-810x1080.jpg 1920w, https:\/\/villarrealcf.es\/\/wp-content\/uploads\/2023\/03\/20230209_121258-810x1080.jpg 1920w","sizes":"auto, (max-width: 810px) 100vw, 810px"},{"type":"image","url":"https:\/\/villarrealcf.es\/\/wp-content\/uploads\/2023\/03\/20230209_124000-1440x1080.jpg","alt":"","width":1440,"height":1080,"srcset":"https:\/\/villarrealcf.es\/wp-content\/uploads\/2023\/03\/20230209_124000-1440x1080.jpg 1440w, https:\/\/villarrealcf.es\/\/wp-content\/uploads\/2023\/03\/20230209_124000-1440x1080.jpg 1920w, https:\/\/villarrealcf.es\/wp-content\/uploads\/2023\/03\/20230209_124000-1536x1152.jpg 1536w, https:\/\/villarrealcf.es\/wp-content\/uploads\/2023\/03\/20230209_124000-2048x1536.jpg 2048w, https:\/\/villarrealcf.es\/\/wp-content\/uploads\/2023\/03\/20230209_124000-1440x1080.jpg 1920w, https:\/\/villarrealcf.es\/\/wp-content\/uploads\/2023\/03\/20230209_124000-1440x1080.jpg 1920w, https:\/\/villarrealcf.es\/wp-content\/uploads\/2023\/03\/20230209_124000-32x24.jpg 32w, https:\/\/villarrealcf.es\/wp-content\/uploads\/2023\/03\/20230209_124000-150x113.jpg 150w, https:\/\/villarrealcf.es\/\/wp-content\/uploads\/2023\/03\/20230209_124000-1440x1080.jpg 1920w, https:\/\/villarrealcf.es\/wp-content\/uploads\/2023\/03\/20230209_124000-1200x900.jpg 1200w","sizes":"auto, (max-width: 1440px) 100vw, 1440px"}],"videos":[],"links":[]}]},"excerpt":{"rendered":"El Villarreal CF rep l&#8217;especial visita del club hongar\u00e9s, al qual li uneix un acord de consultoria professional","protected":false},"author":25,"featured_media":254907,"comment_status":"closed","ping_status":"closed","sticky":false,"template":"","format":"standard","meta":{"_acf_changed":false,"footnotes":""},"categories":[13803],"tags":[9366,10325,717,9270,9227,716,9205,9627,11921,9203],"acf":null,"lang":"val","translations":{"es":254895,"val":254930,"en":254935},"essential_grid":{"has_grid":false},"formatted_date":"March 1, 2023","modified_date":"March 1, 2023","permalink":"https:\/\/villarrealcf.es\/val\/el-debreceni-vsc-arriba-a-miralcamp\/","reading_time":2,"featured_media_data":{"id":254907,"title":"YER","caption":"","alt_text":"","description":"","mime_type":"image\/jpeg","source_url":"https:\/\/villarrealcf.es\/wp-content\/uploads\/2023\/03\/YER.jpg","sizes":{"thumbnail":{"url":"https:\/\/villarrealcf.es\/wp-content\/uploads\/2023\/03\/YER-1920x1080.jpg","width":1920,"height":1080},"medium":{"url":"https:\/\/villarrealcf.es\/wp-content\/uploads\/2023\/03\/YER-1920x1080.jpg","width":1920,"height":1080},"medium_large":{"url":"https:\/\/villarrealcf.es\/wp-content\/uploads\/2023\/03\/YER-768x432.jpg","width":768,"height":432},"large":{"url":"https:\/\/villarrealcf.es\/wp-content\/uploads\/2023\/03\/YER-1920x1080.jpg","width":788,"height":443},"1536x1536":{"url":"https:\/\/villarrealcf.es\/wp-content\/uploads\/2023\/03\/YER-1536x864.jpg","width":1536,"height":864},"2048x2048":{"url":"https:\/\/villarrealcf.es\/wp-content\/uploads\/2023\/03\/YER.jpg","width":1920,"height":1080},"tp-image-grid":{"url":"https:\/\/villarrealcf.es\/wp-content\/uploads\/2023\/03\/YER-700x700.jpg","width":700,"height":700},"size-bunyad-medium":{"url":"https:\/\/villarrealcf.es\/wp-content\/uploads\/2023\/03\/YER-1920x1080.jpg","width":1920,"height":1080},"sportspress-crop-medium":{"url":"https:\/\/villarrealcf.es\/wp-content\/uploads\/2023\/03\/YER-300x300.jpg","width":300,"height":300},"sportspress-fit-medium":{"url":"https:\/\/villarrealcf.es\/wp-content\/uploads\/2023\/03\/YER-300x169.jpg","width":300,"height":169},"sportspress-fit-icon":{"url":"https:\/\/villarrealcf.es\/wp-content\/uploads\/2023\/03\/YER-128x72.jpg","width":128,"height":72},"sportspress-fit-mini":{"url":"https:\/\/villarrealcf.es\/wp-content\/uploads\/2023\/03\/YER-32x18.jpg","width":32,"height":18},"bunyad-small":{"url":"https:\/\/villarrealcf.es\/wp-content\/uploads\/2023\/03\/YER-150x84.jpg","width":150,"height":84},"bunyad-medium":{"url":"https:\/\/villarrealcf.es\/wp-content\/uploads\/2023\/03\/YER-450x253.jpg","width":450,"height":253},"bunyad-full":{"url":"https:\/\/villarrealcf.es\/wp-content\/uploads\/2023\/03\/YER-1200x675.jpg","width":1200,"height":675},"bunyad-viewport":{"url":"https:\/\/villarrealcf.es\/wp-content\/uploads\/2023\/03\/YER.jpg","width":1920,"height":1080},"bunyad-768":{"url":"https:\/\/villarrealcf.es\/wp-content\/uploads\/2023\/03\/YER-768x432.jpg","width":768,"height":432},"full":{"url":"https:\/\/villarrealcf.es\/wp-content\/uploads\/2023\/03\/YER.jpg","width":1920,"height":1080}}},"author_data":{"id":"25","name":"Javier Ayuso","first_name":"Javier","last_name":"Ayuso","description":"","avatar_url":"https:\/\/secure.gravatar.com\/avatar\/fcf8894be45988fcce5bbff0efe1790d2a7f4ba57e2c7c898f5068154e696495?s=96&d=mm&r=g","acf":null},"taxonomies_data":{"category":[{"id":13803,"name":"Futbol base","slug":"futbol-base-val-2","acf":null}],"post_tag":[{"id":9366,"name":"Cantera","slug":"cantera-val","acf":null},{"id":10325,"name":"Cantera Grogueta","slug":"cantera-grogueta-val","acf":null},{"id":717,"name":"Football","slug":"football-d34","acf":null},{"id":9270,"name":"Futbol","slug":"futbol-val","acf":null},{"id":9227,"name":"F\u00fatbol Base","slug":"futbol-base-val","acf":null},{"id":716,"name":"Soccer","slug":"soccer-d105","acf":null},{"id":9205,"name":"Submarino","slug":"submarino-val","acf":null},{"id":9627,"name":"Submarino Amarillo","slug":"submarino-amarillo-val","acf":null},{"id":11921,"name":"Villarreal Academy","slug":"villarreal-academy-val","acf":null},{"id":9203,"name":"Villarreal CF","slug":"villarreal-cf-val","acf":null}],"translation_priority":[{"id":735,"name":"Optional","slug":"optional-val","acf":null}]},"seo_full":{"native":{"title":"El Debreceni VSC arriba a Miralcamp - Web Oficial del Villarreal CF","description":"El Villarreal CF rep l'especial visita del club hongar\u00e9s, al qual li uneix un acord de consultoria professional","canonical":"https:\/\/villarrealcf.es\/val\/el-debreceni-vsc-arriba-a-miralcamp\/"}},"_links":{"self":[{"href":"https:\/\/villarrealcf.es\/val\/wp-json\/wp\/v2\/posts\/254930","targetHints":{"allow":["GET"]}}],"collection":[{"href":"https:\/\/villarrealcf.es\/val\/wp-json\/wp\/v2\/posts"}],"about":[{"href":"https:\/\/villarrealcf.es\/val\/wp-json\/wp\/v2\/types\/post"}],"author":[{"embeddable":true,"href":"https:\/\/villarrealcf.es\/val\/wp-json\/wp\/v2\/users\/25"}],"replies":[{"embeddable":true,"href":"https:\/\/villarrealcf.es\/val\/wp-json\/wp\/v2\/comments?post=254930"}],"version-history":[{"count":0,"href":"https:\/\/villarrealcf.es\/val\/wp-json\/wp\/v2\/posts\/254930\/revisions"}],"wp:featuredmedia":[{"embeddable":true,"href":"https:\/\/villarrealcf.es\/val\/wp-json\/wp\/v2\/media\/254907"}],"wp:attachment":[{"href":"https:\/\/villarrealcf.es\/val\/wp-json\/wp\/v2\/media?parent=254930"}],"wp:term":[{"taxonomy":"category","embeddable":true,"href":"https:\/\/villarrealcf.es\/val\/wp-json\/wp\/v2\/categories?post=254930"},{"taxonomy":"post_tag","embeddable":true,"href":"https:\/\/villarrealcf.es\/val\/wp-json\/wp\/v2\/tags?post=254930"}],"curies":[{"name":"wp","href":"https:\/\/api.w.org\/{rel}","templated":true}]}}