{"id":253574,"date":"2023-02-24T12:15:01","date_gmt":"2023-02-24T11:15:01","guid":{"rendered":"https:\/\/villarrealcf.es\/\/juega-la-copa-endavant-en-almazora\/"},"modified":"2023-02-24T12:26:41","modified_gmt":"2023-02-24T11:26:41","slug":"juga-la-copa-endavant-a-almassora","status":"publish","type":"post","link":"https:\/\/villarrealcf.es\/val\/juga-la-copa-endavant-a-almassora\/","title":{"rendered":"Juga la Copa Endavant a Almassora!"},"content":{"protected":false,"blocks":[{"type":"heading","level":2,"text":"El torneig especial del #CentenariGroguet se celebrar\u00e0 el dissabte 4 de mar\u00e7 en la Pla\u00e7a Pere Cornell"},{"type":"paragraph","text":"La Copa Endavant 3\u00d73 arriba a Almassora! Els xicotets i xicotetes de la localitat poden inscriure\u2019s per a participar en aquest especial torneig que organitza el Villarreal CF per a celebrar el #CentenariGroguet amb tota la prov\u00edncia de Castell\u00f3."},{"type":"paragraph","text":"L\u2019esdeveniment es jugar\u00e0 el dissabte 4 de mar\u00e7, de 10.00 a 18.00 hores, en la Pla\u00e7a Pere Cornell (Plaza de l\u2019Ajuntament) d\u2019Almassora. Com en la resta de seus, aquest torneig mixt estar\u00e0 conformat per equips que compten amb entre tres i quatre jugadors i es dividir\u00e0 en dues categories: Blau (per a nascuts en 2014, 2015, i 2016) i Groc (per als nascuts en 2011, 2012 i 2013). Els participants rebran un pack de benvinguda i els guanyadors de cada seu rebran una medalla i tindran l\u2019oportunitat de jugar la gran final."},{"type":"paragraph","text":"A m\u00e9s de l\u2019emocionant torneig, el Villarreal ha preparat moltes sorpreses. La mascota del Submar\u00ed, Groguet, no es perdr\u00e0 aquesta important cita. Per si no fos prou, els participants i els seus familiars podran fer-se una fotografia amb la copa de la UEFA Europa League, que tamb\u00e9 presenciar\u00e0 aquesta divertida competici\u00f3. Inflables, jocs i activitats posaran el fermall al que ser\u00e0 una jornada inoblidable per als m\u00e9s xicotets de la fam\u00edlia."},{"type":"image","url":"https:\/\/villarrealcf.es\/\/wp-content\/uploads\/2023\/02\/VillarrealCF-RCDEspanyol-030.jpg","alt":"","width":1920,"height":1280,"srcset":"https:\/\/villarrealcf.es\/wp-content\/uploads\/2023\/02\/VillarrealCF-RCDEspanyol-030.jpg 1920w, https:\/\/villarrealcf.es\/wp-content\/uploads\/2023\/02\/VillarrealCF-RCDEspanyol-030-1620x1080.jpg 1620w, https:\/\/villarrealcf.es\/\/wp-content\/uploads\/2023\/02\/VillarrealCF-RCDEspanyol-030.jpg 1920w, https:\/\/villarrealcf.es\/wp-content\/uploads\/2023\/02\/VillarrealCF-RCDEspanyol-030-1536x1024.jpg 1536w, https:\/\/villarrealcf.es\/\/wp-content\/uploads\/2023\/02\/VillarrealCF-RCDEspanyol-030.jpg 1920w, https:\/\/villarrealcf.es\/\/wp-content\/uploads\/2023\/02\/VillarrealCF-RCDEspanyol-030.jpg 1920w, https:\/\/villarrealcf.es\/wp-content\/uploads\/2023\/02\/VillarrealCF-RCDEspanyol-030-32x21.jpg 32w, https:\/\/villarrealcf.es\/wp-content\/uploads\/2023\/02\/VillarrealCF-RCDEspanyol-030-150x100.jpg 150w, https:\/\/villarrealcf.es\/\/wp-content\/uploads\/2023\/02\/VillarrealCF-RCDEspanyol-030.jpg 1920w, https:\/\/villarrealcf.es\/wp-content\/uploads\/2023\/02\/VillarrealCF-RCDEspanyol-030-1200x800.jpg 1200w","sizes":"auto, (max-width: 1920px) 100vw, 1920px"},{"type":"paragraph","text":"Inscripci\u00f3 oberta de Almassora"},{"type":"heading","level":2,"text":"Apunta\u2019t ja!"},{"type":"link","url":"https:\/\/villarrealcf.es\/\/val\/centenario\/tour-centenari-groguet\/","text":"forma l\u2019equip","target":"_blank"}],"structured":{"summary":{"text":"El torneig especial del #CentenariGroguet se celebrar\u00e0 el dissabte 4 de mar\u00e7 en la Pla\u00e7a Pere Cornell La Copa Endavant 3\u00d73 arriba a Almassora! Els xicotets i xicotetes de la localitat poden inscriure\u2019s per a participar en aquest especial torneig que organitza el Villarreal CF per a celebrar el #CentenariGroguet amb tota la prov\u00edncia de Castell\u00f3. L\u2019esdeveniment es jugar\u00e0 el dissabte 4 de mar\u00e7, de 10.00 a 18.00 hores, en la Pla\u00e7a Pere Cornell (Plaza de l\u2019Ajuntament) d\u2019Almassora. Com en la resta de seus, aquest torneig mixt estar\u00e0 conformat per equips que compten amb entre tres i quatre jugadors i es dividir\u00e0 en dues categories: Blau (per a nascuts en 2014, 2015, i 2016) i Groc (per als nascuts en 2011, 2012 i 2013). Els participants rebran un pack de benvinguda i els guanyadors de cada seu rebran una medalla i tindran l\u2019oportunitat de jugar la gran final. A m\u00e9s de l\u2019emocionant torneig, el Villarreal ha preparat moltes sorpreses. La mascota del Submar\u00ed, Groguet, no es perdr\u00e0 aquesta important cita. Per si no fos prou, els participants i els seus familiars podran fer-se una fotografia amb la copa de la UEFA Europa League, que tamb\u00e9 presenciar\u00e0 aquesta divertida competici\u00f3. Inflables, jocs i activitats posaran el fermall al que ser\u00e0 una jornada inoblidable per als m\u00e9s xicotets de la fam\u00edlia. Inscripci\u00f3 oberta de Almassora Apunta\u2019t ja! forma l\u2019equip","headings":[{"type":"heading","level":2,"text":"El torneig especial del #CentenariGroguet se celebrar\u00e0 el dissabte 4 de mar\u00e7 en la Pla\u00e7a Pere Cornell"},{"type":"heading","level":2,"text":"Apunta\u2019t ja!"}],"buttons":[],"images":[{"type":"image","url":"https:\/\/villarrealcf.es\/\/wp-content\/uploads\/2023\/02\/VillarrealCF-RCDEspanyol-030.jpg","alt":"","width":1920,"height":1280,"srcset":"https:\/\/villarrealcf.es\/wp-content\/uploads\/2023\/02\/VillarrealCF-RCDEspanyol-030.jpg 1920w, https:\/\/villarrealcf.es\/wp-content\/uploads\/2023\/02\/VillarrealCF-RCDEspanyol-030-1620x1080.jpg 1620w, https:\/\/villarrealcf.es\/\/wp-content\/uploads\/2023\/02\/VillarrealCF-RCDEspanyol-030.jpg 1920w, https:\/\/villarrealcf.es\/wp-content\/uploads\/2023\/02\/VillarrealCF-RCDEspanyol-030-1536x1024.jpg 1536w, https:\/\/villarrealcf.es\/\/wp-content\/uploads\/2023\/02\/VillarrealCF-RCDEspanyol-030.jpg 1920w, https:\/\/villarrealcf.es\/\/wp-content\/uploads\/2023\/02\/VillarrealCF-RCDEspanyol-030.jpg 1920w, https:\/\/villarrealcf.es\/wp-content\/uploads\/2023\/02\/VillarrealCF-RCDEspanyol-030-32x21.jpg 32w, https:\/\/villarrealcf.es\/wp-content\/uploads\/2023\/02\/VillarrealCF-RCDEspanyol-030-150x100.jpg 150w, https:\/\/villarrealcf.es\/\/wp-content\/uploads\/2023\/02\/VillarrealCF-RCDEspanyol-030.jpg 1920w, https:\/\/villarrealcf.es\/wp-content\/uploads\/2023\/02\/VillarrealCF-RCDEspanyol-030-1200x800.jpg 1200w","sizes":"auto, (max-width: 1920px) 100vw, 1920px"}],"counts":{"blocks":8,"headings":2,"texts":4,"buttons":0,"images":1}},"sections":[{"id":"section-1","title":"El torneig especial del #CentenariGroguet se celebrar\u00e0 el dissabte 4 de mar\u00e7 en la Pla\u00e7a Pere Cornell","text":"El torneig especial del #CentenariGroguet se celebrar\u00e0 el dissabte 4 de mar\u00e7 en la Pla\u00e7a Pere Cornell La Copa Endavant 3\u00d73 arriba a Almassora! Els xicotets i xicotetes de la localitat poden inscriure\u2019s per a participar en aquest especial torneig que organitza el Villarreal CF per a celebrar el #CentenariGroguet amb tota la prov\u00edncia de Castell\u00f3. L\u2019esdeveniment es jugar\u00e0 el dissabte 4 de mar\u00e7, de 10.00 a 18.00 hores, en la Pla\u00e7a Pere Cornell (Plaza de l\u2019Ajuntament) d\u2019Almassora. Com en la resta de seus, aquest torneig mixt estar\u00e0 conformat per equips que compten amb entre tres i quatre jugadors i es dividir\u00e0 en dues categories: Blau (per a nascuts en 2014, 2015, i 2016) i Groc (per als nascuts en 2011, 2012 i 2013). Els participants rebran un pack de benvinguda i els guanyadors de cada seu rebran una medalla i tindran l\u2019oportunitat de jugar la gran final. A m\u00e9s de l\u2019emocionant torneig, el Villarreal ha preparat moltes sorpreses. La mascota del Submar\u00ed, Groguet, no es perdr\u00e0 aquesta important cita. Per si no fos prou, els participants i els seus familiars podran fer-se una fotografia amb la copa de la UEFA Europa League, que tamb\u00e9 presenciar\u00e0 aquesta divertida competici\u00f3. Inflables, jocs i activitats posaran el fermall al que ser\u00e0 una jornada inoblidable per als m\u00e9s xicotets de la fam\u00edlia. Inscripci\u00f3 oberta de Almassora","headings":[{"type":"heading","level":2,"text":"El torneig especial del #CentenariGroguet se celebrar\u00e0 el dissabte 4 de mar\u00e7 en la Pla\u00e7a Pere Cornell"}],"texts":[{"type":"paragraph","text":"La Copa Endavant 3\u00d73 arriba a Almassora! Els xicotets i xicotetes de la localitat poden inscriure\u2019s per a participar en aquest especial torneig que organitza el Villarreal CF per a celebrar el #CentenariGroguet amb tota la prov\u00edncia de Castell\u00f3."},{"type":"paragraph","text":"L\u2019esdeveniment es jugar\u00e0 el dissabte 4 de mar\u00e7, de 10.00 a 18.00 hores, en la Pla\u00e7a Pere Cornell (Plaza de l\u2019Ajuntament) d\u2019Almassora. Com en la resta de seus, aquest torneig mixt estar\u00e0 conformat per equips que compten amb entre tres i quatre jugadors i es dividir\u00e0 en dues categories: Blau (per a nascuts en 2014, 2015, i 2016) i Groc (per als nascuts en 2011, 2012 i 2013). Els participants rebran un pack de benvinguda i els guanyadors de cada seu rebran una medalla i tindran l\u2019oportunitat de jugar la gran final."},{"type":"paragraph","text":"A m\u00e9s de l\u2019emocionant torneig, el Villarreal ha preparat moltes sorpreses. La mascota del Submar\u00ed, Groguet, no es perdr\u00e0 aquesta important cita. Per si no fos prou, els participants i els seus familiars podran fer-se una fotografia amb la copa de la UEFA Europa League, que tamb\u00e9 presenciar\u00e0 aquesta divertida competici\u00f3. Inflables, jocs i activitats posaran el fermall al que ser\u00e0 una jornada inoblidable per als m\u00e9s xicotets de la fam\u00edlia."},{"type":"paragraph","text":"Inscripci\u00f3 oberta de Almassora"}],"buttons":[],"images":[{"type":"image","url":"https:\/\/villarrealcf.es\/\/wp-content\/uploads\/2023\/02\/VillarrealCF-RCDEspanyol-030.jpg","alt":"","width":1920,"height":1280,"srcset":"https:\/\/villarrealcf.es\/wp-content\/uploads\/2023\/02\/VillarrealCF-RCDEspanyol-030.jpg 1920w, https:\/\/villarrealcf.es\/wp-content\/uploads\/2023\/02\/VillarrealCF-RCDEspanyol-030-1620x1080.jpg 1620w, https:\/\/villarrealcf.es\/\/wp-content\/uploads\/2023\/02\/VillarrealCF-RCDEspanyol-030.jpg 1920w, https:\/\/villarrealcf.es\/wp-content\/uploads\/2023\/02\/VillarrealCF-RCDEspanyol-030-1536x1024.jpg 1536w, https:\/\/villarrealcf.es\/\/wp-content\/uploads\/2023\/02\/VillarrealCF-RCDEspanyol-030.jpg 1920w, https:\/\/villarrealcf.es\/\/wp-content\/uploads\/2023\/02\/VillarrealCF-RCDEspanyol-030.jpg 1920w, https:\/\/villarrealcf.es\/wp-content\/uploads\/2023\/02\/VillarrealCF-RCDEspanyol-030-32x21.jpg 32w, https:\/\/villarrealcf.es\/wp-content\/uploads\/2023\/02\/VillarrealCF-RCDEspanyol-030-150x100.jpg 150w, https:\/\/villarrealcf.es\/\/wp-content\/uploads\/2023\/02\/VillarrealCF-RCDEspanyol-030.jpg 1920w, https:\/\/villarrealcf.es\/wp-content\/uploads\/2023\/02\/VillarrealCF-RCDEspanyol-030-1200x800.jpg 1200w","sizes":"auto, (max-width: 1920px) 100vw, 1920px"}],"widgets":[],"blocks":[{"type":"heading","level":2,"text":"El torneig especial del #CentenariGroguet se celebrar\u00e0 el dissabte 4 de mar\u00e7 en la Pla\u00e7a Pere Cornell"},{"type":"paragraph","text":"La Copa Endavant 3\u00d73 arriba a Almassora! Els xicotets i xicotetes de la localitat poden inscriure\u2019s per a participar en aquest especial torneig que organitza el Villarreal CF per a celebrar el #CentenariGroguet amb tota la prov\u00edncia de Castell\u00f3."},{"type":"paragraph","text":"L\u2019esdeveniment es jugar\u00e0 el dissabte 4 de mar\u00e7, de 10.00 a 18.00 hores, en la Pla\u00e7a Pere Cornell (Plaza de l\u2019Ajuntament) d\u2019Almassora. Com en la resta de seus, aquest torneig mixt estar\u00e0 conformat per equips que compten amb entre tres i quatre jugadors i es dividir\u00e0 en dues categories: Blau (per a nascuts en 2014, 2015, i 2016) i Groc (per als nascuts en 2011, 2012 i 2013). Els participants rebran un pack de benvinguda i els guanyadors de cada seu rebran una medalla i tindran l\u2019oportunitat de jugar la gran final."},{"type":"paragraph","text":"A m\u00e9s de l\u2019emocionant torneig, el Villarreal ha preparat moltes sorpreses. La mascota del Submar\u00ed, Groguet, no es perdr\u00e0 aquesta important cita. Per si no fos prou, els participants i els seus familiars podran fer-se una fotografia amb la copa de la UEFA Europa League, que tamb\u00e9 presenciar\u00e0 aquesta divertida competici\u00f3. Inflables, jocs i activitats posaran el fermall al que ser\u00e0 una jornada inoblidable per als m\u00e9s xicotets de la fam\u00edlia."},{"type":"image","url":"https:\/\/villarrealcf.es\/\/wp-content\/uploads\/2023\/02\/VillarrealCF-RCDEspanyol-030.jpg","alt":"","width":1920,"height":1280,"srcset":"https:\/\/villarrealcf.es\/wp-content\/uploads\/2023\/02\/VillarrealCF-RCDEspanyol-030.jpg 1920w, https:\/\/villarrealcf.es\/wp-content\/uploads\/2023\/02\/VillarrealCF-RCDEspanyol-030-1620x1080.jpg 1620w, https:\/\/villarrealcf.es\/\/wp-content\/uploads\/2023\/02\/VillarrealCF-RCDEspanyol-030.jpg 1920w, https:\/\/villarrealcf.es\/wp-content\/uploads\/2023\/02\/VillarrealCF-RCDEspanyol-030-1536x1024.jpg 1536w, https:\/\/villarrealcf.es\/\/wp-content\/uploads\/2023\/02\/VillarrealCF-RCDEspanyol-030.jpg 1920w, https:\/\/villarrealcf.es\/\/wp-content\/uploads\/2023\/02\/VillarrealCF-RCDEspanyol-030.jpg 1920w, https:\/\/villarrealcf.es\/wp-content\/uploads\/2023\/02\/VillarrealCF-RCDEspanyol-030-32x21.jpg 32w, https:\/\/villarrealcf.es\/wp-content\/uploads\/2023\/02\/VillarrealCF-RCDEspanyol-030-150x100.jpg 150w, https:\/\/villarrealcf.es\/\/wp-content\/uploads\/2023\/02\/VillarrealCF-RCDEspanyol-030.jpg 1920w, https:\/\/villarrealcf.es\/wp-content\/uploads\/2023\/02\/VillarrealCF-RCDEspanyol-030-1200x800.jpg 1200w","sizes":"auto, (max-width: 1920px) 100vw, 1920px"},{"type":"paragraph","text":"Inscripci\u00f3 oberta de Almassora"}]},{"id":"section-2","title":"Apunta\u2019t ja!","text":"Apunta\u2019t ja!","headings":[{"type":"heading","level":2,"text":"Apunta\u2019t ja!"}],"texts":[],"buttons":[],"images":[],"widgets":[],"blocks":[{"type":"heading","level":2,"text":"Apunta\u2019t ja!"},{"type":"link","url":"https:\/\/villarrealcf.es\/\/val\/centenario\/tour-centenari-groguet\/","text":"forma l\u2019equip","target":"_blank"}]}],"hero":{"id":"section-1","title":"El torneig especial del #CentenariGroguet se celebrar\u00e0 el dissabte 4 de mar\u00e7 en la Pla\u00e7a Pere Cornell","text":"El torneig especial del #CentenariGroguet se celebrar\u00e0 el dissabte 4 de mar\u00e7 en la Pla\u00e7a Pere Cornell La Copa Endavant 3\u00d73 arriba a Almassora! Els xicotets i xicotetes de la localitat poden inscriure\u2019s per a participar en aquest especial torneig que organitza el Villarreal CF per a celebrar el #CentenariGroguet amb tota la prov\u00edncia de Castell\u00f3. L\u2019esdeveniment es jugar\u00e0 el dissabte 4 de mar\u00e7, de 10.00 a 18.00 hores, en la Pla\u00e7a Pere Cornell (Plaza de l\u2019Ajuntament) d\u2019Almassora. Com en la resta de seus, aquest torneig mixt estar\u00e0 conformat per equips que compten amb entre tres i quatre jugadors i es dividir\u00e0 en dues categories: Blau (per a nascuts en 2014, 2015, i 2016) i Groc (per als nascuts en 2011, 2012 i 2013). Els participants rebran un pack de benvinguda i els guanyadors de cada seu rebran una medalla i tindran l\u2019oportunitat de jugar la gran final. A m\u00e9s de l\u2019emocionant torneig, el Villarreal ha preparat moltes sorpreses. La mascota del Submar\u00ed, Groguet, no es perdr\u00e0 aquesta important cita. Per si no fos prou, els participants i els seus familiars podran fer-se una fotografia amb la copa de la UEFA Europa League, que tamb\u00e9 presenciar\u00e0 aquesta divertida competici\u00f3. Inflables, jocs i activitats posaran el fermall al que ser\u00e0 una jornada inoblidable per als m\u00e9s xicotets de la fam\u00edlia. Inscripci\u00f3 oberta de Almassora","headings":[{"type":"heading","level":2,"text":"El torneig especial del #CentenariGroguet se celebrar\u00e0 el dissabte 4 de mar\u00e7 en la Pla\u00e7a Pere Cornell"}],"texts":[{"type":"paragraph","text":"La Copa Endavant 3\u00d73 arriba a Almassora! Els xicotets i xicotetes de la localitat poden inscriure\u2019s per a participar en aquest especial torneig que organitza el Villarreal CF per a celebrar el #CentenariGroguet amb tota la prov\u00edncia de Castell\u00f3."},{"type":"paragraph","text":"L\u2019esdeveniment es jugar\u00e0 el dissabte 4 de mar\u00e7, de 10.00 a 18.00 hores, en la Pla\u00e7a Pere Cornell (Plaza de l\u2019Ajuntament) d\u2019Almassora. Com en la resta de seus, aquest torneig mixt estar\u00e0 conformat per equips que compten amb entre tres i quatre jugadors i es dividir\u00e0 en dues categories: Blau (per a nascuts en 2014, 2015, i 2016) i Groc (per als nascuts en 2011, 2012 i 2013). Els participants rebran un pack de benvinguda i els guanyadors de cada seu rebran una medalla i tindran l\u2019oportunitat de jugar la gran final."},{"type":"paragraph","text":"A m\u00e9s de l\u2019emocionant torneig, el Villarreal ha preparat moltes sorpreses. La mascota del Submar\u00ed, Groguet, no es perdr\u00e0 aquesta important cita. Per si no fos prou, els participants i els seus familiars podran fer-se una fotografia amb la copa de la UEFA Europa League, que tamb\u00e9 presenciar\u00e0 aquesta divertida competici\u00f3. Inflables, jocs i activitats posaran el fermall al que ser\u00e0 una jornada inoblidable per als m\u00e9s xicotets de la fam\u00edlia."},{"type":"paragraph","text":"Inscripci\u00f3 oberta de Almassora"}],"buttons":[],"images":[{"type":"image","url":"https:\/\/villarrealcf.es\/\/wp-content\/uploads\/2023\/02\/VillarrealCF-RCDEspanyol-030.jpg","alt":"","width":1920,"height":1280,"srcset":"https:\/\/villarrealcf.es\/wp-content\/uploads\/2023\/02\/VillarrealCF-RCDEspanyol-030.jpg 1920w, https:\/\/villarrealcf.es\/wp-content\/uploads\/2023\/02\/VillarrealCF-RCDEspanyol-030-1620x1080.jpg 1620w, https:\/\/villarrealcf.es\/\/wp-content\/uploads\/2023\/02\/VillarrealCF-RCDEspanyol-030.jpg 1920w, https:\/\/villarrealcf.es\/wp-content\/uploads\/2023\/02\/VillarrealCF-RCDEspanyol-030-1536x1024.jpg 1536w, https:\/\/villarrealcf.es\/\/wp-content\/uploads\/2023\/02\/VillarrealCF-RCDEspanyol-030.jpg 1920w, https:\/\/villarrealcf.es\/\/wp-content\/uploads\/2023\/02\/VillarrealCF-RCDEspanyol-030.jpg 1920w, https:\/\/villarrealcf.es\/wp-content\/uploads\/2023\/02\/VillarrealCF-RCDEspanyol-030-32x21.jpg 32w, https:\/\/villarrealcf.es\/wp-content\/uploads\/2023\/02\/VillarrealCF-RCDEspanyol-030-150x100.jpg 150w, https:\/\/villarrealcf.es\/\/wp-content\/uploads\/2023\/02\/VillarrealCF-RCDEspanyol-030.jpg 1920w, https:\/\/villarrealcf.es\/wp-content\/uploads\/2023\/02\/VillarrealCF-RCDEspanyol-030-1200x800.jpg 1200w","sizes":"auto, (max-width: 1920px) 100vw, 1920px"}],"widgets":[],"blocks":[{"type":"heading","level":2,"text":"El torneig especial del #CentenariGroguet se celebrar\u00e0 el dissabte 4 de mar\u00e7 en la Pla\u00e7a Pere Cornell"},{"type":"paragraph","text":"La Copa Endavant 3\u00d73 arriba a Almassora! Els xicotets i xicotetes de la localitat poden inscriure\u2019s per a participar en aquest especial torneig que organitza el Villarreal CF per a celebrar el #CentenariGroguet amb tota la prov\u00edncia de Castell\u00f3."},{"type":"paragraph","text":"L\u2019esdeveniment es jugar\u00e0 el dissabte 4 de mar\u00e7, de 10.00 a 18.00 hores, en la Pla\u00e7a Pere Cornell (Plaza de l\u2019Ajuntament) d\u2019Almassora. Com en la resta de seus, aquest torneig mixt estar\u00e0 conformat per equips que compten amb entre tres i quatre jugadors i es dividir\u00e0 en dues categories: Blau (per a nascuts en 2014, 2015, i 2016) i Groc (per als nascuts en 2011, 2012 i 2013). Els participants rebran un pack de benvinguda i els guanyadors de cada seu rebran una medalla i tindran l\u2019oportunitat de jugar la gran final."},{"type":"paragraph","text":"A m\u00e9s de l\u2019emocionant torneig, el Villarreal ha preparat moltes sorpreses. La mascota del Submar\u00ed, Groguet, no es perdr\u00e0 aquesta important cita. Per si no fos prou, els participants i els seus familiars podran fer-se una fotografia amb la copa de la UEFA Europa League, que tamb\u00e9 presenciar\u00e0 aquesta divertida competici\u00f3. Inflables, jocs i activitats posaran el fermall al que ser\u00e0 una jornada inoblidable per als m\u00e9s xicotets de la fam\u00edlia."},{"type":"image","url":"https:\/\/villarrealcf.es\/\/wp-content\/uploads\/2023\/02\/VillarrealCF-RCDEspanyol-030.jpg","alt":"","width":1920,"height":1280,"srcset":"https:\/\/villarrealcf.es\/wp-content\/uploads\/2023\/02\/VillarrealCF-RCDEspanyol-030.jpg 1920w, https:\/\/villarrealcf.es\/wp-content\/uploads\/2023\/02\/VillarrealCF-RCDEspanyol-030-1620x1080.jpg 1620w, https:\/\/villarrealcf.es\/\/wp-content\/uploads\/2023\/02\/VillarrealCF-RCDEspanyol-030.jpg 1920w, https:\/\/villarrealcf.es\/wp-content\/uploads\/2023\/02\/VillarrealCF-RCDEspanyol-030-1536x1024.jpg 1536w, https:\/\/villarrealcf.es\/\/wp-content\/uploads\/2023\/02\/VillarrealCF-RCDEspanyol-030.jpg 1920w, https:\/\/villarrealcf.es\/\/wp-content\/uploads\/2023\/02\/VillarrealCF-RCDEspanyol-030.jpg 1920w, https:\/\/villarrealcf.es\/wp-content\/uploads\/2023\/02\/VillarrealCF-RCDEspanyol-030-32x21.jpg 32w, https:\/\/villarrealcf.es\/wp-content\/uploads\/2023\/02\/VillarrealCF-RCDEspanyol-030-150x100.jpg 150w, https:\/\/villarrealcf.es\/\/wp-content\/uploads\/2023\/02\/VillarrealCF-RCDEspanyol-030.jpg 1920w, https:\/\/villarrealcf.es\/wp-content\/uploads\/2023\/02\/VillarrealCF-RCDEspanyol-030-1200x800.jpg 1200w","sizes":"auto, (max-width: 1920px) 100vw, 1920px"},{"type":"paragraph","text":"Inscripci\u00f3 oberta de Almassora"}]}},"sections":[{"id":"section-1","title":"El torneig especial del #CentenariGroguet se celebrar\u00e0 el dissabte 4 de mar\u00e7 en la Pla\u00e7a Pere Cornell","text":"El torneig especial del #CentenariGroguet se celebrar\u00e0 el dissabte 4 de mar\u00e7 en la Pla\u00e7a Pere Cornell La Copa Endavant 3\u00d73 arriba a Almassora! Els xicotets i xicotetes de la localitat poden inscriure\u2019s per a participar en aquest especial torneig que organitza el Villarreal CF per a celebrar el #CentenariGroguet amb tota la prov\u00edncia de Castell\u00f3. L\u2019esdeveniment es jugar\u00e0 el dissabte 4 de mar\u00e7, de 10.00 a 18.00 hores, en la Pla\u00e7a Pere Cornell (Plaza de l\u2019Ajuntament) d\u2019Almassora. Com en la resta de seus, aquest torneig mixt estar\u00e0 conformat per equips que compten amb entre tres i quatre jugadors i es dividir\u00e0 en dues categories: Blau (per a nascuts en 2014, 2015, i 2016) i Groc (per als nascuts en 2011, 2012 i 2013). Els participants rebran un pack de benvinguda i els guanyadors de cada seu rebran una medalla i tindran l\u2019oportunitat de jugar la gran final. A m\u00e9s de l\u2019emocionant torneig, el Villarreal ha preparat moltes sorpreses. La mascota del Submar\u00ed, Groguet, no es perdr\u00e0 aquesta important cita. Per si no fos prou, els participants i els seus familiars podran fer-se una fotografia amb la copa de la UEFA Europa League, que tamb\u00e9 presenciar\u00e0 aquesta divertida competici\u00f3. Inflables, jocs i activitats posaran el fermall al que ser\u00e0 una jornada inoblidable per als m\u00e9s xicotets de la fam\u00edlia. Inscripci\u00f3 oberta de Almassora","url":"","background_image":"","images":[{"type":"image","url":"https:\/\/villarrealcf.es\/\/wp-content\/uploads\/2023\/02\/VillarrealCF-RCDEspanyol-030.jpg","alt":"","width":1920,"height":1280,"srcset":"https:\/\/villarrealcf.es\/wp-content\/uploads\/2023\/02\/VillarrealCF-RCDEspanyol-030.jpg 1920w, https:\/\/villarrealcf.es\/wp-content\/uploads\/2023\/02\/VillarrealCF-RCDEspanyol-030-1620x1080.jpg 1620w, https:\/\/villarrealcf.es\/\/wp-content\/uploads\/2023\/02\/VillarrealCF-RCDEspanyol-030.jpg 1920w, https:\/\/villarrealcf.es\/wp-content\/uploads\/2023\/02\/VillarrealCF-RCDEspanyol-030-1536x1024.jpg 1536w, https:\/\/villarrealcf.es\/\/wp-content\/uploads\/2023\/02\/VillarrealCF-RCDEspanyol-030.jpg 1920w, https:\/\/villarrealcf.es\/\/wp-content\/uploads\/2023\/02\/VillarrealCF-RCDEspanyol-030.jpg 1920w, https:\/\/villarrealcf.es\/wp-content\/uploads\/2023\/02\/VillarrealCF-RCDEspanyol-030-32x21.jpg 32w, https:\/\/villarrealcf.es\/wp-content\/uploads\/2023\/02\/VillarrealCF-RCDEspanyol-030-150x100.jpg 150w, https:\/\/villarrealcf.es\/\/wp-content\/uploads\/2023\/02\/VillarrealCF-RCDEspanyol-030.jpg 1920w, https:\/\/villarrealcf.es\/wp-content\/uploads\/2023\/02\/VillarrealCF-RCDEspanyol-030-1200x800.jpg 1200w","sizes":"auto, (max-width: 1920px) 100vw, 1920px"}],"videos":[],"links":[]},{"id":"section-2","title":"Apunta\u2019t ja!","text":"Apunta\u2019t ja!","url":"https:\/\/villarrealcf.es\/\/val\/centenario\/tour-centenari-groguet\/","background_image":"","images":[],"videos":[],"links":[{"type":"link","url":"https:\/\/villarrealcf.es\/\/val\/centenario\/tour-centenari-groguet\/","text":"forma l\u2019equip","target":"_blank"}]}]},"excerpt":{"rendered":"El torneig especial del #CentenariGroguet se celebrar\u00e0 el dissabte 4 de mar\u00e7 en la Pla\u00e7a Pere Cornell","protected":false},"author":25,"featured_media":253562,"comment_status":"closed","ping_status":"closed","sticky":false,"template":"","format":"standard","meta":{"_acf_changed":false,"footnotes":""},"categories":[13509],"tags":[9664,14109,9242,9287,717,9270,716,9205,9627,14076,9203],"acf":null,"lang":"val","translations":{"es":253556,"val":253574,"en":253577},"essential_grid":{"has_grid":false},"formatted_date":"February 24, 2023","modified_date":"February 24, 2023","permalink":"https:\/\/villarrealcf.es\/val\/juga-la-copa-endavant-a-almassora\/","reading_time":2,"featured_media_data":{"id":253562,"title":"TORNEO 3X3\rFAN ZONE","caption":"TORNEO 3X3\rFAN ZONE","alt_text":"","description":"","mime_type":"image\/jpeg","source_url":"https:\/\/villarrealcf.es\/wp-content\/uploads\/2023\/02\/3x3-1.jpg","sizes":{"thumbnail":{"url":"https:\/\/villarrealcf.es\/wp-content\/uploads\/2023\/02\/3x3-1-1920x1080.jpg","width":1920,"height":1080},"medium":{"url":"https:\/\/villarrealcf.es\/wp-content\/uploads\/2023\/02\/3x3-1-1920x1080.jpg","width":1920,"height":1080},"medium_large":{"url":"https:\/\/villarrealcf.es\/wp-content\/uploads\/2023\/02\/3x3-1-768x432.jpg","width":768,"height":432},"large":{"url":"https:\/\/villarrealcf.es\/wp-content\/uploads\/2023\/02\/3x3-1-1920x1080.jpg","width":788,"height":443},"1536x1536":{"url":"https:\/\/villarrealcf.es\/wp-content\/uploads\/2023\/02\/3x3-1-1536x864.jpg","width":1536,"height":864},"2048x2048":{"url":"https:\/\/villarrealcf.es\/wp-content\/uploads\/2023\/02\/3x3-1.jpg","width":1920,"height":1080},"tp-image-grid":{"url":"https:\/\/villarrealcf.es\/wp-content\/uploads\/2023\/02\/3x3-1-700x700.jpg","width":700,"height":700},"size-bunyad-medium":{"url":"https:\/\/villarrealcf.es\/wp-content\/uploads\/2023\/02\/3x3-1-1920x1080.jpg","width":1920,"height":1080},"sportspress-crop-medium":{"url":"https:\/\/villarrealcf.es\/wp-content\/uploads\/2023\/02\/3x3-1-300x300.jpg","width":300,"height":300},"sportspress-fit-medium":{"url":"https:\/\/villarrealcf.es\/wp-content\/uploads\/2023\/02\/3x3-1-300x169.jpg","width":300,"height":169},"sportspress-fit-icon":{"url":"https:\/\/villarrealcf.es\/wp-content\/uploads\/2023\/02\/3x3-1-128x72.jpg","width":128,"height":72},"sportspress-fit-mini":{"url":"https:\/\/villarrealcf.es\/wp-content\/uploads\/2023\/02\/3x3-1-32x18.jpg","width":32,"height":18},"bunyad-small":{"url":"https:\/\/villarrealcf.es\/wp-content\/uploads\/2023\/02\/3x3-1-150x84.jpg","width":150,"height":84},"bunyad-medium":{"url":"https:\/\/villarrealcf.es\/wp-content\/uploads\/2023\/02\/3x3-1-450x253.jpg","width":450,"height":253},"bunyad-full":{"url":"https:\/\/villarrealcf.es\/wp-content\/uploads\/2023\/02\/3x3-1-1200x675.jpg","width":1200,"height":675},"bunyad-viewport":{"url":"https:\/\/villarrealcf.es\/wp-content\/uploads\/2023\/02\/3x3-1.jpg","width":1920,"height":1080},"bunyad-768":{"url":"https:\/\/villarrealcf.es\/wp-content\/uploads\/2023\/02\/3x3-1-768x432.jpg","width":768,"height":432},"full":{"url":"https:\/\/villarrealcf.es\/wp-content\/uploads\/2023\/02\/3x3-1.jpg","width":1920,"height":1080}}},"author_data":{"id":"25","name":"Javier Ayuso","first_name":"Javier","last_name":"Ayuso","description":"","avatar_url":"https:\/\/secure.gravatar.com\/avatar\/fcf8894be45988fcce5bbff0efe1790d2a7f4ba57e2c7c898f5068154e696495?s=96&d=mm&r=g","acf":null},"taxonomies_data":{"category":[{"id":13509,"name":"Endavant","slug":"endavant-val","acf":null}],"post_tag":[{"id":9664,"name":"Centenari Groguet","slug":"centenari-groguet-val","acf":null},{"id":14109,"name":"Copa Endavant 3&#215;3","slug":"copa-endavant-3x3-val","acf":null},{"id":9242,"name":"Endavant","slug":"endavant-val-2","acf":null},{"id":9287,"name":"Endavant Club Groguet","slug":"endavant-club-groguet-val-2","acf":null},{"id":717,"name":"Football","slug":"football-d34","acf":null},{"id":9270,"name":"Futbol","slug":"futbol-val","acf":null},{"id":716,"name":"Soccer","slug":"soccer-d105","acf":null},{"id":9205,"name":"Submarino","slug":"submarino-val","acf":null},{"id":9627,"name":"Submarino Amarillo","slug":"submarino-amarillo-val","acf":null},{"id":14076,"name":"Tour Centenario Groguet","slug":"tour-centenario-groguet-val","acf":null},{"id":9203,"name":"Villarreal CF","slug":"villarreal-cf-val","acf":null}],"translation_priority":[{"id":735,"name":"Optional","slug":"optional-val","acf":null}]},"seo_full":{"native":{"title":"Juga la Copa Endavant a Almassora! - Web Oficial del Villarreal CF","description":"El torneig especial del #CentenariGroguet se celebrar\u00e0 el dissabte 4 de mar\u00e7 en la Pla\u00e7a Pere Cornell","canonical":"https:\/\/villarrealcf.es\/val\/juga-la-copa-endavant-a-almassora\/"}},"_links":{"self":[{"href":"https:\/\/villarrealcf.es\/val\/wp-json\/wp\/v2\/posts\/253574","targetHints":{"allow":["GET"]}}],"collection":[{"href":"https:\/\/villarrealcf.es\/val\/wp-json\/wp\/v2\/posts"}],"about":[{"href":"https:\/\/villarrealcf.es\/val\/wp-json\/wp\/v2\/types\/post"}],"author":[{"embeddable":true,"href":"https:\/\/villarrealcf.es\/val\/wp-json\/wp\/v2\/users\/25"}],"replies":[{"embeddable":true,"href":"https:\/\/villarrealcf.es\/val\/wp-json\/wp\/v2\/comments?post=253574"}],"version-history":[{"count":0,"href":"https:\/\/villarrealcf.es\/val\/wp-json\/wp\/v2\/posts\/253574\/revisions"}],"wp:featuredmedia":[{"embeddable":true,"href":"https:\/\/villarrealcf.es\/val\/wp-json\/wp\/v2\/media\/253562"}],"wp:attachment":[{"href":"https:\/\/villarrealcf.es\/val\/wp-json\/wp\/v2\/media?parent=253574"}],"wp:term":[{"taxonomy":"category","embeddable":true,"href":"https:\/\/villarrealcf.es\/val\/wp-json\/wp\/v2\/categories?post=253574"},{"taxonomy":"post_tag","embeddable":true,"href":"https:\/\/villarrealcf.es\/val\/wp-json\/wp\/v2\/tags?post=253574"}],"curies":[{"name":"wp","href":"https:\/\/api.w.org\/{rel}","templated":true}]}}