{"id":252864,"date":"2023-02-21T16:22:23","date_gmt":"2023-02-21T15:22:23","guid":{"rendered":"https:\/\/villarrealcf.es\/\/sigue-en-directo-el-juvenil-a-elche\/"},"modified":"2023-02-21T17:38:52","modified_gmt":"2023-02-21T16:38:52","slug":"sigue-en-directo-el-juvenil-a-elche","status":"publish","type":"post","link":"https:\/\/villarrealcf.es\/val\/sigue-en-directo-el-juvenil-a-elche\/","title":{"rendered":"Segueix en directe el Juvenil A-Elche!"},"content":{"protected":false,"blocks":[{"type":"heading","level":2,"text":"Villarreal TV emetr\u00e0 aquest dissabte, a partir de les 16.00 hores, el partit entre groguets i il\u00b7licitans"},{"type":"paragraph","text":"Tenim partid\u00e0s aquest cap de setmana en Villarreal TV! El Villarreal CF emetr\u00e0 en directe el partit entre el Juvenil A i l\u2019Elche, corresponent a la jornada 22 de la Divisi\u00f3 d\u2019Honor Juvenil Grup VII. El partit podr\u00e0 veure\u2019s a trav\u00e9s de la web oficial i en els perfils del Submar\u00ed en xarxes socials (Facebook, YouTube, Instagram i Twitch)."},{"type":"paragraph","text":"La retransmissi\u00f3 del partit comen\u00e7ar\u00e0 deu minuts abans de l\u2019encontre, a les 15.50 hores, amb la millor pr\u00e8via i els comentaris de l\u2019equip de reporters de Villarreal TV."},{"type":"paragraph","text":"A per la tercera consecutiva en lliga!"},{"type":"paragraph","text":"El Juvenil A del Vilarreal rep al Elche CF aquest dissabte, a les 16.00 hores, en el Mini Estadi de la Ciutat Esportiva Jos\u00e9 Manuel Llaneza. El conjunt dirigit per David Cifuentes, que ostenta la tercera posici\u00f3 de lliga amb 49 punts, tractar\u00e0 d\u2019aconseguir la seua tercera vict\u00f2ria consecutiva en lliga, despr\u00e9s dels triomfs aconseguits enfront del CD Toledo (6-0) i Albacete (1-2). Segueix en directe el Juvenil A-Elche!"}],"structured":{"summary":{"text":"Villarreal TV emetr\u00e0 aquest dissabte, a partir de les 16.00 hores, el partit entre groguets i il\u00b7licitans Tenim partid\u00e0s aquest cap de setmana en Villarreal TV! El Villarreal CF emetr\u00e0 en directe el partit entre el Juvenil A i l\u2019Elche, corresponent a la jornada 22 de la Divisi\u00f3 d\u2019Honor Juvenil Grup VII. El partit podr\u00e0 veure\u2019s a trav\u00e9s de la web oficial i en els perfils del Submar\u00ed en xarxes socials (Facebook, YouTube, Instagram i Twitch). La retransmissi\u00f3 del partit comen\u00e7ar\u00e0 deu minuts abans de l\u2019encontre, a les 15.50 hores, amb la millor pr\u00e8via i els comentaris de l\u2019equip de reporters de Villarreal TV. A per la tercera consecutiva en lliga! El Juvenil A del Vilarreal rep al Elche CF aquest dissabte, a les 16.00 hores, en el Mini Estadi de la Ciutat Esportiva Jos\u00e9 Manuel Llaneza. El conjunt dirigit per David Cifuentes, que ostenta la tercera posici\u00f3 de lliga amb 49 punts, tractar\u00e0 d\u2019aconseguir la seua tercera vict\u00f2ria consecutiva en lliga, despr\u00e9s dels triomfs aconseguits enfront del CD Toledo (6-0) i Albacete (1-2). Segueix en directe el Juvenil A-Elche!","headings":[{"type":"heading","level":2,"text":"Villarreal TV emetr\u00e0 aquest dissabte, a partir de les 16.00 hores, el partit entre groguets i il\u00b7licitans"}],"buttons":[],"images":[],"counts":{"blocks":5,"headings":1,"texts":4,"buttons":0,"images":0}},"sections":[{"id":"section-1","title":"Villarreal TV emetr\u00e0 aquest dissabte, a partir de les 16.00 hores, el partit entre groguets i il\u00b7licitans","text":"Villarreal TV emetr\u00e0 aquest dissabte, a partir de les 16.00 hores, el partit entre groguets i il\u00b7licitans Tenim partid\u00e0s aquest cap de setmana en Villarreal TV! El Villarreal CF emetr\u00e0 en directe el partit entre el Juvenil A i l\u2019Elche, corresponent a la jornada 22 de la Divisi\u00f3 d\u2019Honor Juvenil Grup VII. El partit podr\u00e0 veure\u2019s a trav\u00e9s de la web oficial i en els perfils del Submar\u00ed en xarxes socials (Facebook, YouTube, Instagram i Twitch). La retransmissi\u00f3 del partit comen\u00e7ar\u00e0 deu minuts abans de l\u2019encontre, a les 15.50 hores, amb la millor pr\u00e8via i els comentaris de l\u2019equip de reporters de Villarreal TV. A per la tercera consecutiva en lliga! El Juvenil A del Vilarreal rep al Elche CF aquest dissabte, a les 16.00 hores, en el Mini Estadi de la Ciutat Esportiva Jos\u00e9 Manuel Llaneza. El conjunt dirigit per David Cifuentes, que ostenta la tercera posici\u00f3 de lliga amb 49 punts, tractar\u00e0 d\u2019aconseguir la seua tercera vict\u00f2ria consecutiva en lliga, despr\u00e9s dels triomfs aconseguits enfront del CD Toledo (6-0) i Albacete (1-2). Segueix en directe el Juvenil A-Elche!","headings":[{"type":"heading","level":2,"text":"Villarreal TV emetr\u00e0 aquest dissabte, a partir de les 16.00 hores, el partit entre groguets i il\u00b7licitans"}],"texts":[{"type":"paragraph","text":"Tenim partid\u00e0s aquest cap de setmana en Villarreal TV! El Villarreal CF emetr\u00e0 en directe el partit entre el Juvenil A i l\u2019Elche, corresponent a la jornada 22 de la Divisi\u00f3 d\u2019Honor Juvenil Grup VII. El partit podr\u00e0 veure\u2019s a trav\u00e9s de la web oficial i en els perfils del Submar\u00ed en xarxes socials (Facebook, YouTube, Instagram i Twitch)."},{"type":"paragraph","text":"La retransmissi\u00f3 del partit comen\u00e7ar\u00e0 deu minuts abans de l\u2019encontre, a les 15.50 hores, amb la millor pr\u00e8via i els comentaris de l\u2019equip de reporters de Villarreal TV."},{"type":"paragraph","text":"A per la tercera consecutiva en lliga!"},{"type":"paragraph","text":"El Juvenil A del Vilarreal rep al Elche CF aquest dissabte, a les 16.00 hores, en el Mini Estadi de la Ciutat Esportiva Jos\u00e9 Manuel Llaneza. El conjunt dirigit per David Cifuentes, que ostenta la tercera posici\u00f3 de lliga amb 49 punts, tractar\u00e0 d\u2019aconseguir la seua tercera vict\u00f2ria consecutiva en lliga, despr\u00e9s dels triomfs aconseguits enfront del CD Toledo (6-0) i Albacete (1-2). Segueix en directe el Juvenil A-Elche!"}],"buttons":[],"images":[],"widgets":[],"blocks":[{"type":"heading","level":2,"text":"Villarreal TV emetr\u00e0 aquest dissabte, a partir de les 16.00 hores, el partit entre groguets i il\u00b7licitans"},{"type":"paragraph","text":"Tenim partid\u00e0s aquest cap de setmana en Villarreal TV! El Villarreal CF emetr\u00e0 en directe el partit entre el Juvenil A i l\u2019Elche, corresponent a la jornada 22 de la Divisi\u00f3 d\u2019Honor Juvenil Grup VII. El partit podr\u00e0 veure\u2019s a trav\u00e9s de la web oficial i en els perfils del Submar\u00ed en xarxes socials (Facebook, YouTube, Instagram i Twitch)."},{"type":"paragraph","text":"La retransmissi\u00f3 del partit comen\u00e7ar\u00e0 deu minuts abans de l\u2019encontre, a les 15.50 hores, amb la millor pr\u00e8via i els comentaris de l\u2019equip de reporters de Villarreal TV."},{"type":"paragraph","text":"A per la tercera consecutiva en lliga!"},{"type":"paragraph","text":"El Juvenil A del Vilarreal rep al Elche CF aquest dissabte, a les 16.00 hores, en el Mini Estadi de la Ciutat Esportiva Jos\u00e9 Manuel Llaneza. El conjunt dirigit per David Cifuentes, que ostenta la tercera posici\u00f3 de lliga amb 49 punts, tractar\u00e0 d\u2019aconseguir la seua tercera vict\u00f2ria consecutiva en lliga, despr\u00e9s dels triomfs aconseguits enfront del CD Toledo (6-0) i Albacete (1-2). Segueix en directe el Juvenil A-Elche!"}]}],"hero":{"id":"section-1","title":"Villarreal TV emetr\u00e0 aquest dissabte, a partir de les 16.00 hores, el partit entre groguets i il\u00b7licitans","text":"Villarreal TV emetr\u00e0 aquest dissabte, a partir de les 16.00 hores, el partit entre groguets i il\u00b7licitans Tenim partid\u00e0s aquest cap de setmana en Villarreal TV! El Villarreal CF emetr\u00e0 en directe el partit entre el Juvenil A i l\u2019Elche, corresponent a la jornada 22 de la Divisi\u00f3 d\u2019Honor Juvenil Grup VII. El partit podr\u00e0 veure\u2019s a trav\u00e9s de la web oficial i en els perfils del Submar\u00ed en xarxes socials (Facebook, YouTube, Instagram i Twitch). La retransmissi\u00f3 del partit comen\u00e7ar\u00e0 deu minuts abans de l\u2019encontre, a les 15.50 hores, amb la millor pr\u00e8via i els comentaris de l\u2019equip de reporters de Villarreal TV. A per la tercera consecutiva en lliga! El Juvenil A del Vilarreal rep al Elche CF aquest dissabte, a les 16.00 hores, en el Mini Estadi de la Ciutat Esportiva Jos\u00e9 Manuel Llaneza. El conjunt dirigit per David Cifuentes, que ostenta la tercera posici\u00f3 de lliga amb 49 punts, tractar\u00e0 d\u2019aconseguir la seua tercera vict\u00f2ria consecutiva en lliga, despr\u00e9s dels triomfs aconseguits enfront del CD Toledo (6-0) i Albacete (1-2). Segueix en directe el Juvenil A-Elche!","headings":[{"type":"heading","level":2,"text":"Villarreal TV emetr\u00e0 aquest dissabte, a partir de les 16.00 hores, el partit entre groguets i il\u00b7licitans"}],"texts":[{"type":"paragraph","text":"Tenim partid\u00e0s aquest cap de setmana en Villarreal TV! El Villarreal CF emetr\u00e0 en directe el partit entre el Juvenil A i l\u2019Elche, corresponent a la jornada 22 de la Divisi\u00f3 d\u2019Honor Juvenil Grup VII. El partit podr\u00e0 veure\u2019s a trav\u00e9s de la web oficial i en els perfils del Submar\u00ed en xarxes socials (Facebook, YouTube, Instagram i Twitch)."},{"type":"paragraph","text":"La retransmissi\u00f3 del partit comen\u00e7ar\u00e0 deu minuts abans de l\u2019encontre, a les 15.50 hores, amb la millor pr\u00e8via i els comentaris de l\u2019equip de reporters de Villarreal TV."},{"type":"paragraph","text":"A per la tercera consecutiva en lliga!"},{"type":"paragraph","text":"El Juvenil A del Vilarreal rep al Elche CF aquest dissabte, a les 16.00 hores, en el Mini Estadi de la Ciutat Esportiva Jos\u00e9 Manuel Llaneza. El conjunt dirigit per David Cifuentes, que ostenta la tercera posici\u00f3 de lliga amb 49 punts, tractar\u00e0 d\u2019aconseguir la seua tercera vict\u00f2ria consecutiva en lliga, despr\u00e9s dels triomfs aconseguits enfront del CD Toledo (6-0) i Albacete (1-2). Segueix en directe el Juvenil A-Elche!"}],"buttons":[],"images":[],"widgets":[],"blocks":[{"type":"heading","level":2,"text":"Villarreal TV emetr\u00e0 aquest dissabte, a partir de les 16.00 hores, el partit entre groguets i il\u00b7licitans"},{"type":"paragraph","text":"Tenim partid\u00e0s aquest cap de setmana en Villarreal TV! El Villarreal CF emetr\u00e0 en directe el partit entre el Juvenil A i l\u2019Elche, corresponent a la jornada 22 de la Divisi\u00f3 d\u2019Honor Juvenil Grup VII. El partit podr\u00e0 veure\u2019s a trav\u00e9s de la web oficial i en els perfils del Submar\u00ed en xarxes socials (Facebook, YouTube, Instagram i Twitch)."},{"type":"paragraph","text":"La retransmissi\u00f3 del partit comen\u00e7ar\u00e0 deu minuts abans de l\u2019encontre, a les 15.50 hores, amb la millor pr\u00e8via i els comentaris de l\u2019equip de reporters de Villarreal TV."},{"type":"paragraph","text":"A per la tercera consecutiva en lliga!"},{"type":"paragraph","text":"El Juvenil A del Vilarreal rep al Elche CF aquest dissabte, a les 16.00 hores, en el Mini Estadi de la Ciutat Esportiva Jos\u00e9 Manuel Llaneza. El conjunt dirigit per David Cifuentes, que ostenta la tercera posici\u00f3 de lliga amb 49 punts, tractar\u00e0 d\u2019aconseguir la seua tercera vict\u00f2ria consecutiva en lliga, despr\u00e9s dels triomfs aconseguits enfront del CD Toledo (6-0) i Albacete (1-2). Segueix en directe el Juvenil A-Elche!"}]}},"sections":[{"id":"section-1","title":"Villarreal TV emetr\u00e0 aquest dissabte, a partir de les 16.00 hores, el partit entre groguets i il\u00b7licitans","text":"Villarreal TV emetr\u00e0 aquest dissabte, a partir de les 16.00 hores, el partit entre groguets i il\u00b7licitans Tenim partid\u00e0s aquest cap de setmana en Villarreal TV! El Villarreal CF emetr\u00e0 en directe el partit entre el Juvenil A i l\u2019Elche, corresponent a la jornada 22 de la Divisi\u00f3 d\u2019Honor Juvenil Grup VII. El partit podr\u00e0 veure\u2019s a trav\u00e9s de la web oficial i en els perfils del Submar\u00ed en xarxes socials (Facebook, YouTube, Instagram i Twitch). La retransmissi\u00f3 del partit comen\u00e7ar\u00e0 deu minuts abans de l\u2019encontre, a les 15.50 hores, amb la millor pr\u00e8via i els comentaris de l\u2019equip de reporters de Villarreal TV. A per la tercera consecutiva en lliga! El Juvenil A del Vilarreal rep al Elche CF aquest dissabte, a les 16.00 hores, en el Mini Estadi de la Ciutat Esportiva Jos\u00e9 Manuel Llaneza. El conjunt dirigit per David Cifuentes, que ostenta la tercera posici\u00f3 de lliga amb 49 punts, tractar\u00e0 d\u2019aconseguir la seua tercera vict\u00f2ria consecutiva en lliga, despr\u00e9s dels triomfs aconseguits enfront del CD Toledo (6-0) i Albacete (1-2). Segueix en directe el Juvenil A-Elche!","url":"","background_image":"","images":[],"videos":[],"links":[]}]},"excerpt":{"rendered":"Villarreal TV emitir\u00e1 este s\u00e1bado, a partir de las 16.00 horas, el partido del conjunto dirigido por David Cifuentes","protected":false},"author":1,"featured_media":252855,"comment_status":"closed","ping_status":"closed","sticky":false,"template":"","format":"standard","meta":{"_acf_changed":false,"footnotes":""},"categories":[13803],"tags":[10325,9538,5267,717,9270,9227,9370,9428,716,9627,9203],"acf":null,"lang":"val","translations":{"es":252844,"val":252864,"en":252973},"essential_grid":{"has_grid":false},"formatted_date":"February 21, 2023","modified_date":"February 21, 2023","permalink":"https:\/\/villarrealcf.es\/val\/sigue-en-directo-el-juvenil-a-elche\/","reading_time":1,"featured_media_data":{"id":252855,"title":"20230108-VillarrealJuvA-RCDEspanyol-00","caption":"","alt_text":"","description":"","mime_type":"image\/jpeg","source_url":"https:\/\/villarrealcf.es\/wp-content\/uploads\/2023\/02\/20230108-VillarrealJuvA-RCDEspanyol-00.jpg","sizes":{"thumbnail":{"url":"https:\/\/villarrealcf.es\/wp-content\/uploads\/2023\/02\/20230108-VillarrealJuvA-RCDEspanyol-00.jpg","width":1920,"height":1079},"medium":{"url":"https:\/\/villarrealcf.es\/wp-content\/uploads\/2023\/02\/20230108-VillarrealJuvA-RCDEspanyol-00.jpg","width":1920,"height":1079},"medium_large":{"url":"https:\/\/villarrealcf.es\/wp-content\/uploads\/2023\/02\/20230108-VillarrealJuvA-RCDEspanyol-00-768x432.jpg","width":768,"height":432},"large":{"url":"https:\/\/villarrealcf.es\/wp-content\/uploads\/2023\/02\/20230108-VillarrealJuvA-RCDEspanyol-00.jpg","width":788,"height":443},"1536x1536":{"url":"https:\/\/villarrealcf.es\/wp-content\/uploads\/2023\/02\/20230108-VillarrealJuvA-RCDEspanyol-00-1536x864.jpg","width":1536,"height":864},"2048x2048":{"url":"https:\/\/villarrealcf.es\/wp-content\/uploads\/2023\/02\/20230108-VillarrealJuvA-RCDEspanyol-00.jpg","width":1921,"height":1080},"tp-image-grid":{"url":"https:\/\/villarrealcf.es\/wp-content\/uploads\/2023\/02\/20230108-VillarrealJuvA-RCDEspanyol-00-700x700.jpg","width":700,"height":700},"size-bunyad-medium":{"url":"https:\/\/villarrealcf.es\/wp-content\/uploads\/2023\/02\/20230108-VillarrealJuvA-RCDEspanyol-00.jpg","width":1920,"height":1079},"sportspress-crop-medium":{"url":"https:\/\/villarrealcf.es\/wp-content\/uploads\/2023\/02\/20230108-VillarrealJuvA-RCDEspanyol-00-300x300.jpg","width":300,"height":300},"sportspress-fit-medium":{"url":"https:\/\/villarrealcf.es\/wp-content\/uploads\/2023\/02\/20230108-VillarrealJuvA-RCDEspanyol-00-300x169.jpg","width":300,"height":169},"sportspress-fit-icon":{"url":"https:\/\/villarrealcf.es\/wp-content\/uploads\/2023\/02\/20230108-VillarrealJuvA-RCDEspanyol-00-128x72.jpg","width":128,"height":72},"sportspress-fit-mini":{"url":"https:\/\/villarrealcf.es\/wp-content\/uploads\/2023\/02\/20230108-VillarrealJuvA-RCDEspanyol-00-32x18.jpg","width":32,"height":18},"bunyad-small":{"url":"https:\/\/villarrealcf.es\/wp-content\/uploads\/2023\/02\/20230108-VillarrealJuvA-RCDEspanyol-00-150x84.jpg","width":150,"height":84},"bunyad-medium":{"url":"https:\/\/villarrealcf.es\/wp-content\/uploads\/2023\/02\/20230108-VillarrealJuvA-RCDEspanyol-00-450x253.jpg","width":450,"height":253},"bunyad-full":{"url":"https:\/\/villarrealcf.es\/wp-content\/uploads\/2023\/02\/20230108-VillarrealJuvA-RCDEspanyol-00-1200x675.jpg","width":1200,"height":675},"bunyad-viewport":{"url":"https:\/\/villarrealcf.es\/wp-content\/uploads\/2023\/02\/20230108-VillarrealJuvA-RCDEspanyol-00.jpg","width":1921,"height":1080},"bunyad-768":{"url":"https:\/\/villarrealcf.es\/wp-content\/uploads\/2023\/02\/20230108-VillarrealJuvA-RCDEspanyol-00-768x432.jpg","width":768,"height":432},"full":{"url":"https:\/\/villarrealcf.es\/wp-content\/uploads\/2023\/02\/20230108-VillarrealJuvA-RCDEspanyol-00.jpg","width":1921,"height":1080}}},"author_data":{"id":"1","name":"root_envidea","first_name":"Villarreal CF","last_name":"","description":"","avatar_url":"https:\/\/secure.gravatar.com\/avatar\/48f95f42a3ccc324f3a3458e4b9e6fb070b083e99d388e170c1afb061fa99b63?s=96&d=mm&r=g","acf":null},"taxonomies_data":{"category":[{"id":13803,"name":"Futbol base","slug":"futbol-base-val-2","acf":null}],"post_tag":[{"id":10325,"name":"Cantera Grogueta","slug":"cantera-grogueta-val","acf":null},{"id":9538,"name":"Divisi\u00f3n de Honor","slug":"division-de-honor-val","acf":null},{"id":5267,"name":"Elche CF","slug":"elche-cf","acf":null},{"id":717,"name":"Football","slug":"football-d34","acf":null},{"id":9270,"name":"Futbol","slug":"futbol-val","acf":null},{"id":9227,"name":"F\u00fatbol Base","slug":"futbol-base-val","acf":null},{"id":9370,"name":"Juvenil A","slug":"juvenil-a-val","acf":null},{"id":9428,"name":"Mini Estadi","slug":"mini-estadi-val","acf":null},{"id":716,"name":"Soccer","slug":"soccer-d105","acf":null},{"id":9627,"name":"Submarino Amarillo","slug":"submarino-amarillo-val","acf":null},{"id":9203,"name":"Villarreal CF","slug":"villarreal-cf-val","acf":null}],"translation_priority":[{"id":735,"name":"Optional","slug":"optional-val","acf":null}]},"seo_full":{"native":{"title":"Segueix en directe el Juvenil A-Elche! - Web Oficial del Villarreal CF","description":"Villarreal TV emitir\u00e1 este s\u00e1bado, a partir de las 16.00 horas, el partido del conjunto dirigido por David Cifuentes","canonical":"https:\/\/villarrealcf.es\/val\/sigue-en-directo-el-juvenil-a-elche\/"}},"_links":{"self":[{"href":"https:\/\/villarrealcf.es\/val\/wp-json\/wp\/v2\/posts\/252864","targetHints":{"allow":["GET"]}}],"collection":[{"href":"https:\/\/villarrealcf.es\/val\/wp-json\/wp\/v2\/posts"}],"about":[{"href":"https:\/\/villarrealcf.es\/val\/wp-json\/wp\/v2\/types\/post"}],"author":[{"embeddable":true,"href":"https:\/\/villarrealcf.es\/val\/wp-json\/wp\/v2\/users\/1"}],"replies":[{"embeddable":true,"href":"https:\/\/villarrealcf.es\/val\/wp-json\/wp\/v2\/comments?post=252864"}],"version-history":[{"count":0,"href":"https:\/\/villarrealcf.es\/val\/wp-json\/wp\/v2\/posts\/252864\/revisions"}],"wp:featuredmedia":[{"embeddable":true,"href":"https:\/\/villarrealcf.es\/val\/wp-json\/wp\/v2\/media\/252855"}],"wp:attachment":[{"href":"https:\/\/villarrealcf.es\/val\/wp-json\/wp\/v2\/media?parent=252864"}],"wp:term":[{"taxonomy":"category","embeddable":true,"href":"https:\/\/villarrealcf.es\/val\/wp-json\/wp\/v2\/categories?post=252864"},{"taxonomy":"post_tag","embeddable":true,"href":"https:\/\/villarrealcf.es\/val\/wp-json\/wp\/v2\/tags?post=252864"}],"curies":[{"name":"wp","href":"https:\/\/api.w.org\/{rel}","templated":true}]}}