{"id":252388,"date":"2023-02-20T19:21:00","date_gmt":"2023-02-20T18:21:00","guid":{"rendered":"https:\/\/villarrealcf.es\/\/toda-la-informacion-del-partido-de-leyendas\/"},"modified":"2023-02-20T20:53:28","modified_gmt":"2023-02-20T19:53:28","slug":"tota-la-informacio-del-partido-de-las-leyendas","status":"publish","type":"post","link":"https:\/\/villarrealcf.es\/val\/tota-la-informacio-del-partido-de-las-leyendas\/","title":{"rendered":"Tota la informaci\u00f3 d&#8217;El Partido de las Leyendas"},"content":{"protected":false,"blocks":[{"type":"heading","level":2,"text":"Les entrades valdran 5 i 10\u20ac i eixiran a a la venda aquest dimarts 21 de febrer de manera en l\u00ednia solo per a abonats"},{"type":"paragraph","text":"El Villarreal ha donat a con\u00e9ixer tota la informaci\u00f3 relativa a El Partido de las Leyendas entre els mites de la hist\u00f2ria del Submar\u00ed i Leyendas Espa\u00f1a de la Selecci\u00f3 Nacional. El partit, que es disputar\u00e0 dissabte que ve 25 de mar\u00e7, en l\u2019Estadio de la Cer\u00e1mica ser\u00e0 un dels esdeveniments estrela del #CentenariGroguet."},{"type":"paragraph","text":"El partit ha sigut presentat aquest dilluns en un acte celebrat aquest dilluns en el Teatre Tagoba de Vila-real i ha comptat amb la participaci\u00f3 del president Fernando Roig, l\u2019alcalde Jos\u00e9 Benlloch, els exfutbolistes Marcos Senna, Bruno Soriano i Adriano Garc\u00eda, aix\u00ed com Fernando Giner, president de Leyendas Espa\u00f1a."},{"type":"paragraph","text":"Per a aquest dia tan important per al club, les llegendes Bruno Soriano i Marcos Senna ja han confirmat la seua pres\u00e8ncia i, en les pr\u00f2ximes setmanes, s\u2019aniran coneixent la resta de jugadors convocats en aquest combinat d\u2019estreles de la hist\u00f2ria del Villarreal a trav\u00e9s de les xarxes socials del club."},{"type":"paragraph","text":"Aix\u00ed mateix, en la pr\u00e8via del xoc, es realitzar\u00e0 un homenatge a tots els exjugadors del club, que eixiran al terreny de joc des del t\u00fanel de vestuaris per \u00e8poques i es faran una foto de fam\u00edlia que quedar\u00e0 per al record."},{"type":"paragraph","text":"I per si no fos prou, durant aquesta setmana s\u2019obrir\u00e0 una votaci\u00f3 perqu\u00e8 l\u2019afici\u00f3 grogueta puga votar el millor onze de la hist\u00f2ria del Villarreal i el millor gol de la hist\u00f2ria del club. Els resultats d\u2019aquestes votacions es donaran a con\u00e9ixer el dia del Partit de las Leyendas en l\u2019Estadio de la Cer\u00e1mica."},{"type":"paragraph","text":"Aquesta \u00e9s tota la informaci\u00f3 d\u2019El Partido de las Leyendas:"},{"type":"list","style":"ul","items":["El partit es disputar\u00e0 el dissabte 25 de mar\u00e7 a les 18.00 hores en l\u2019Estadio de la Cer\u00e1mica.","L\u2019homenatge als exjugadors del club comen\u00e7ar\u00e0 a les 17.30 hores, per la qual cosa es recomana als aficionats accedir a l\u2019estadi a partir de les 17.00 hores.","Les portes s\u2019obriran al p\u00fablic a partir de les 16.30 hores, una hora abans de l\u2019inici de l\u2019acte.","Els preus de les entrades s\u00f3n de 5\u20ac en els Fons i de 10\u20ac en Tribuna i Tribuna Preferent.","S\u2019obrir\u00e0 un primer termini de venda d\u2019entrades NOM\u00c9S PER A ABONATS del 21 de febrer al 9 de mar\u00e7. La VENDA D\u2019ENTRADES comen\u00e7ar\u00e0 de manera en l\u00ednia el mateix dimarts 21 de febrer i cada abonat podr\u00e0 adquirir l\u2019entrada del seu seient. En els pr\u00f2xims dies, tamb\u00e9 s\u2019obrir\u00e0 la venda presencial a la Tenda Oficial de la Pla\u00e7a Major.","S\u2019obrir\u00e0 un segon termini de venda lliure d\u2019entrades a partir del 10 de mar\u00e7 sol de manera presencial a la Tenda Oficial de la Pla\u00e7a Major."]},{"type":"link","url":"https:\/\/proticketing.com\/abonadosvillarreal\/es_ES\/login","text":"VENda D\u2019ENTRADeS","target":"_blank"}],"structured":{"summary":{"text":"Les entrades valdran 5 i 10\u20ac i eixiran a a la venda aquest dimarts 21 de febrer de manera en l\u00ednia solo per a abonats El Villarreal ha donat a con\u00e9ixer tota la informaci\u00f3 relativa a El Partido de las Leyendas entre els mites de la hist\u00f2ria del Submar\u00ed i Leyendas Espa\u00f1a de la Selecci\u00f3 Nacional. El partit, que es disputar\u00e0 dissabte que ve 25 de mar\u00e7, en l\u2019Estadio de la Cer\u00e1mica ser\u00e0 un dels esdeveniments estrela del #CentenariGroguet. El partit ha sigut presentat aquest dilluns en un acte celebrat aquest dilluns en el Teatre Tagoba de Vila-real i ha comptat amb la participaci\u00f3 del president Fernando Roig, l\u2019alcalde Jos\u00e9 Benlloch, els exfutbolistes Marcos Senna, Bruno Soriano i Adriano Garc\u00eda, aix\u00ed com Fernando Giner, president de Leyendas Espa\u00f1a. Per a aquest dia tan important per al club, les llegendes Bruno Soriano i Marcos Senna ja han confirmat la seua pres\u00e8ncia i, en les pr\u00f2ximes setmanes, s\u2019aniran coneixent la resta de jugadors convocats en aquest combinat d\u2019estreles de la hist\u00f2ria del Villarreal a trav\u00e9s de les xarxes socials del club. Aix\u00ed mateix, en la pr\u00e8via del xoc, es realitzar\u00e0 un homenatge a tots els exjugadors del club, que eixiran al terreny de joc des del t\u00fanel de vestuaris per \u00e8poques i es faran una foto de fam\u00edlia que quedar\u00e0 per al record. I per si no fos prou, durant aquesta setmana s\u2019obrir\u00e0 una votaci\u00f3 perqu\u00e8 l\u2019afici\u00f3 grogueta puga votar el millor onze de la hist\u00f2ria del Villarreal i el millor gol de la hist\u00f2ria del club. Els resultats d\u2019aquestes votacions es donaran a con\u00e9ixer el dia del Partit de las Leyendas en l\u2019Estadio de la Cer\u00e1mica. Aquesta \u00e9s tota la informaci\u00f3 d\u2019El Partido de las Leyendas: El partit es disputar\u00e0 el dissabte 25 de mar\u00e7 a les 18.00 hores en l\u2019Estadio de la Cer\u00e1mica. L\u2019homenatge als exjugadors del club comen\u00e7ar\u00e0 a les 17.30 hores, per la qual cosa es recomana als aficionats accedir a l\u2019estadi a partir de les 17.00 hores. Les portes s\u2019obriran al p\u00fablic a partir de les 16.30 hores, una hora abans de l\u2019inici de l\u2019acte. Els preus de les entrades s\u00f3n de 5\u20ac en els Fons i de 10\u20ac en Tribuna i Tribuna Preferent. S\u2019obrir\u00e0 un primer termini de venda d\u2019entrades NOM\u00c9S PER A ABONATS del 21 de febrer al 9 de mar\u00e7. La VENDA D\u2019ENTRADES comen\u00e7ar\u00e0 de manera en l\u00ednia el mateix dimarts 21 de febrer i cada abonat podr\u00e0 adquirir l\u2019entrada del seu seient. En els pr\u00f2xims dies, tamb\u00e9 s\u2019obrir\u00e0 la venda presencial a la Tenda Oficial de la Pla\u00e7a Major. S\u2019obrir\u00e0 un segon termini de venda lliure d\u2019entrades a partir del 10 de mar\u00e7 sol de manera presencial a la Tenda Oficial de la Pla\u00e7a Major. VENda D\u2019ENTRADeS","headings":[{"type":"heading","level":2,"text":"Les entrades valdran 5 i 10\u20ac i eixiran a a la venda aquest dimarts 21 de febrer de manera en l\u00ednia solo per a abonats"}],"buttons":[],"images":[],"counts":{"blocks":9,"headings":1,"texts":6,"buttons":0,"images":0}},"sections":[{"id":"section-1","title":"Les entrades valdran 5 i 10\u20ac i eixiran a a la venda aquest dimarts 21 de febrer de manera en l\u00ednia solo per a abonats","text":"Les entrades valdran 5 i 10\u20ac i eixiran a a la venda aquest dimarts 21 de febrer de manera en l\u00ednia solo per a abonats El Villarreal ha donat a con\u00e9ixer tota la informaci\u00f3 relativa a El Partido de las Leyendas entre els mites de la hist\u00f2ria del Submar\u00ed i Leyendas Espa\u00f1a de la Selecci\u00f3 Nacional. El partit, que es disputar\u00e0 dissabte que ve 25 de mar\u00e7, en l\u2019Estadio de la Cer\u00e1mica ser\u00e0 un dels esdeveniments estrela del #CentenariGroguet. El partit ha sigut presentat aquest dilluns en un acte celebrat aquest dilluns en el Teatre Tagoba de Vila-real i ha comptat amb la participaci\u00f3 del president Fernando Roig, l\u2019alcalde Jos\u00e9 Benlloch, els exfutbolistes Marcos Senna, Bruno Soriano i Adriano Garc\u00eda, aix\u00ed com Fernando Giner, president de Leyendas Espa\u00f1a. Per a aquest dia tan important per al club, les llegendes Bruno Soriano i Marcos Senna ja han confirmat la seua pres\u00e8ncia i, en les pr\u00f2ximes setmanes, s\u2019aniran coneixent la resta de jugadors convocats en aquest combinat d\u2019estreles de la hist\u00f2ria del Villarreal a trav\u00e9s de les xarxes socials del club. Aix\u00ed mateix, en la pr\u00e8via del xoc, es realitzar\u00e0 un homenatge a tots els exjugadors del club, que eixiran al terreny de joc des del t\u00fanel de vestuaris per \u00e8poques i es faran una foto de fam\u00edlia que quedar\u00e0 per al record. I per si no fos prou, durant aquesta setmana s\u2019obrir\u00e0 una votaci\u00f3 perqu\u00e8 l\u2019afici\u00f3 grogueta puga votar el millor onze de la hist\u00f2ria del Villarreal i el millor gol de la hist\u00f2ria del club. Els resultats d\u2019aquestes votacions es donaran a con\u00e9ixer el dia del Partit de las Leyendas en l\u2019Estadio de la Cer\u00e1mica. Aquesta \u00e9s tota la informaci\u00f3 d\u2019El Partido de las Leyendas:","headings":[{"type":"heading","level":2,"text":"Les entrades valdran 5 i 10\u20ac i eixiran a a la venda aquest dimarts 21 de febrer de manera en l\u00ednia solo per a abonats"}],"texts":[{"type":"paragraph","text":"El Villarreal ha donat a con\u00e9ixer tota la informaci\u00f3 relativa a El Partido de las Leyendas entre els mites de la hist\u00f2ria del Submar\u00ed i Leyendas Espa\u00f1a de la Selecci\u00f3 Nacional. El partit, que es disputar\u00e0 dissabte que ve 25 de mar\u00e7, en l\u2019Estadio de la Cer\u00e1mica ser\u00e0 un dels esdeveniments estrela del #CentenariGroguet."},{"type":"paragraph","text":"El partit ha sigut presentat aquest dilluns en un acte celebrat aquest dilluns en el Teatre Tagoba de Vila-real i ha comptat amb la participaci\u00f3 del president Fernando Roig, l\u2019alcalde Jos\u00e9 Benlloch, els exfutbolistes Marcos Senna, Bruno Soriano i Adriano Garc\u00eda, aix\u00ed com Fernando Giner, president de Leyendas Espa\u00f1a."},{"type":"paragraph","text":"Per a aquest dia tan important per al club, les llegendes Bruno Soriano i Marcos Senna ja han confirmat la seua pres\u00e8ncia i, en les pr\u00f2ximes setmanes, s\u2019aniran coneixent la resta de jugadors convocats en aquest combinat d\u2019estreles de la hist\u00f2ria del Villarreal a trav\u00e9s de les xarxes socials del club."},{"type":"paragraph","text":"Aix\u00ed mateix, en la pr\u00e8via del xoc, es realitzar\u00e0 un homenatge a tots els exjugadors del club, que eixiran al terreny de joc des del t\u00fanel de vestuaris per \u00e8poques i es faran una foto de fam\u00edlia que quedar\u00e0 per al record."},{"type":"paragraph","text":"I per si no fos prou, durant aquesta setmana s\u2019obrir\u00e0 una votaci\u00f3 perqu\u00e8 l\u2019afici\u00f3 grogueta puga votar el millor onze de la hist\u00f2ria del Villarreal i el millor gol de la hist\u00f2ria del club. Els resultats d\u2019aquestes votacions es donaran a con\u00e9ixer el dia del Partit de las Leyendas en l\u2019Estadio de la Cer\u00e1mica."},{"type":"paragraph","text":"Aquesta \u00e9s tota la informaci\u00f3 d\u2019El Partido de las Leyendas:"}],"buttons":[],"images":[],"widgets":[],"blocks":[{"type":"heading","level":2,"text":"Les entrades valdran 5 i 10\u20ac i eixiran a a la venda aquest dimarts 21 de febrer de manera en l\u00ednia solo per a abonats"},{"type":"paragraph","text":"El Villarreal ha donat a con\u00e9ixer tota la informaci\u00f3 relativa a El Partido de las Leyendas entre els mites de la hist\u00f2ria del Submar\u00ed i Leyendas Espa\u00f1a de la Selecci\u00f3 Nacional. El partit, que es disputar\u00e0 dissabte que ve 25 de mar\u00e7, en l\u2019Estadio de la Cer\u00e1mica ser\u00e0 un dels esdeveniments estrela del #CentenariGroguet."},{"type":"paragraph","text":"El partit ha sigut presentat aquest dilluns en un acte celebrat aquest dilluns en el Teatre Tagoba de Vila-real i ha comptat amb la participaci\u00f3 del president Fernando Roig, l\u2019alcalde Jos\u00e9 Benlloch, els exfutbolistes Marcos Senna, Bruno Soriano i Adriano Garc\u00eda, aix\u00ed com Fernando Giner, president de Leyendas Espa\u00f1a."},{"type":"paragraph","text":"Per a aquest dia tan important per al club, les llegendes Bruno Soriano i Marcos Senna ja han confirmat la seua pres\u00e8ncia i, en les pr\u00f2ximes setmanes, s\u2019aniran coneixent la resta de jugadors convocats en aquest combinat d\u2019estreles de la hist\u00f2ria del Villarreal a trav\u00e9s de les xarxes socials del club."},{"type":"paragraph","text":"Aix\u00ed mateix, en la pr\u00e8via del xoc, es realitzar\u00e0 un homenatge a tots els exjugadors del club, que eixiran al terreny de joc des del t\u00fanel de vestuaris per \u00e8poques i es faran una foto de fam\u00edlia que quedar\u00e0 per al record."},{"type":"paragraph","text":"I per si no fos prou, durant aquesta setmana s\u2019obrir\u00e0 una votaci\u00f3 perqu\u00e8 l\u2019afici\u00f3 grogueta puga votar el millor onze de la hist\u00f2ria del Villarreal i el millor gol de la hist\u00f2ria del club. Els resultats d\u2019aquestes votacions es donaran a con\u00e9ixer el dia del Partit de las Leyendas en l\u2019Estadio de la Cer\u00e1mica."},{"type":"paragraph","text":"Aquesta \u00e9s tota la informaci\u00f3 d\u2019El Partido de las Leyendas:"},{"type":"list","style":"ul","items":["El partit es disputar\u00e0 el dissabte 25 de mar\u00e7 a les 18.00 hores en l\u2019Estadio de la Cer\u00e1mica.","L\u2019homenatge als exjugadors del club comen\u00e7ar\u00e0 a les 17.30 hores, per la qual cosa es recomana als aficionats accedir a l\u2019estadi a partir de les 17.00 hores.","Les portes s\u2019obriran al p\u00fablic a partir de les 16.30 hores, una hora abans de l\u2019inici de l\u2019acte.","Els preus de les entrades s\u00f3n de 5\u20ac en els Fons i de 10\u20ac en Tribuna i Tribuna Preferent.","S\u2019obrir\u00e0 un primer termini de venda d\u2019entrades NOM\u00c9S PER A ABONATS del 21 de febrer al 9 de mar\u00e7. La VENDA D\u2019ENTRADES comen\u00e7ar\u00e0 de manera en l\u00ednia el mateix dimarts 21 de febrer i cada abonat podr\u00e0 adquirir l\u2019entrada del seu seient. En els pr\u00f2xims dies, tamb\u00e9 s\u2019obrir\u00e0 la venda presencial a la Tenda Oficial de la Pla\u00e7a Major.","S\u2019obrir\u00e0 un segon termini de venda lliure d\u2019entrades a partir del 10 de mar\u00e7 sol de manera presencial a la Tenda Oficial de la Pla\u00e7a Major."]},{"type":"link","url":"https:\/\/proticketing.com\/abonadosvillarreal\/es_ES\/login","text":"VENda D\u2019ENTRADeS","target":"_blank"}]}],"hero":{"id":"section-1","title":"Les entrades valdran 5 i 10\u20ac i eixiran a a la venda aquest dimarts 21 de febrer de manera en l\u00ednia solo per a abonats","text":"Les entrades valdran 5 i 10\u20ac i eixiran a a la venda aquest dimarts 21 de febrer de manera en l\u00ednia solo per a abonats El Villarreal ha donat a con\u00e9ixer tota la informaci\u00f3 relativa a El Partido de las Leyendas entre els mites de la hist\u00f2ria del Submar\u00ed i Leyendas Espa\u00f1a de la Selecci\u00f3 Nacional. El partit, que es disputar\u00e0 dissabte que ve 25 de mar\u00e7, en l\u2019Estadio de la Cer\u00e1mica ser\u00e0 un dels esdeveniments estrela del #CentenariGroguet. El partit ha sigut presentat aquest dilluns en un acte celebrat aquest dilluns en el Teatre Tagoba de Vila-real i ha comptat amb la participaci\u00f3 del president Fernando Roig, l\u2019alcalde Jos\u00e9 Benlloch, els exfutbolistes Marcos Senna, Bruno Soriano i Adriano Garc\u00eda, aix\u00ed com Fernando Giner, president de Leyendas Espa\u00f1a. Per a aquest dia tan important per al club, les llegendes Bruno Soriano i Marcos Senna ja han confirmat la seua pres\u00e8ncia i, en les pr\u00f2ximes setmanes, s\u2019aniran coneixent la resta de jugadors convocats en aquest combinat d\u2019estreles de la hist\u00f2ria del Villarreal a trav\u00e9s de les xarxes socials del club. Aix\u00ed mateix, en la pr\u00e8via del xoc, es realitzar\u00e0 un homenatge a tots els exjugadors del club, que eixiran al terreny de joc des del t\u00fanel de vestuaris per \u00e8poques i es faran una foto de fam\u00edlia que quedar\u00e0 per al record. I per si no fos prou, durant aquesta setmana s\u2019obrir\u00e0 una votaci\u00f3 perqu\u00e8 l\u2019afici\u00f3 grogueta puga votar el millor onze de la hist\u00f2ria del Villarreal i el millor gol de la hist\u00f2ria del club. Els resultats d\u2019aquestes votacions es donaran a con\u00e9ixer el dia del Partit de las Leyendas en l\u2019Estadio de la Cer\u00e1mica. Aquesta \u00e9s tota la informaci\u00f3 d\u2019El Partido de las Leyendas:","headings":[{"type":"heading","level":2,"text":"Les entrades valdran 5 i 10\u20ac i eixiran a a la venda aquest dimarts 21 de febrer de manera en l\u00ednia solo per a abonats"}],"texts":[{"type":"paragraph","text":"El Villarreal ha donat a con\u00e9ixer tota la informaci\u00f3 relativa a El Partido de las Leyendas entre els mites de la hist\u00f2ria del Submar\u00ed i Leyendas Espa\u00f1a de la Selecci\u00f3 Nacional. El partit, que es disputar\u00e0 dissabte que ve 25 de mar\u00e7, en l\u2019Estadio de la Cer\u00e1mica ser\u00e0 un dels esdeveniments estrela del #CentenariGroguet."},{"type":"paragraph","text":"El partit ha sigut presentat aquest dilluns en un acte celebrat aquest dilluns en el Teatre Tagoba de Vila-real i ha comptat amb la participaci\u00f3 del president Fernando Roig, l\u2019alcalde Jos\u00e9 Benlloch, els exfutbolistes Marcos Senna, Bruno Soriano i Adriano Garc\u00eda, aix\u00ed com Fernando Giner, president de Leyendas Espa\u00f1a."},{"type":"paragraph","text":"Per a aquest dia tan important per al club, les llegendes Bruno Soriano i Marcos Senna ja han confirmat la seua pres\u00e8ncia i, en les pr\u00f2ximes setmanes, s\u2019aniran coneixent la resta de jugadors convocats en aquest combinat d\u2019estreles de la hist\u00f2ria del Villarreal a trav\u00e9s de les xarxes socials del club."},{"type":"paragraph","text":"Aix\u00ed mateix, en la pr\u00e8via del xoc, es realitzar\u00e0 un homenatge a tots els exjugadors del club, que eixiran al terreny de joc des del t\u00fanel de vestuaris per \u00e8poques i es faran una foto de fam\u00edlia que quedar\u00e0 per al record."},{"type":"paragraph","text":"I per si no fos prou, durant aquesta setmana s\u2019obrir\u00e0 una votaci\u00f3 perqu\u00e8 l\u2019afici\u00f3 grogueta puga votar el millor onze de la hist\u00f2ria del Villarreal i el millor gol de la hist\u00f2ria del club. Els resultats d\u2019aquestes votacions es donaran a con\u00e9ixer el dia del Partit de las Leyendas en l\u2019Estadio de la Cer\u00e1mica."},{"type":"paragraph","text":"Aquesta \u00e9s tota la informaci\u00f3 d\u2019El Partido de las Leyendas:"}],"buttons":[],"images":[],"widgets":[],"blocks":[{"type":"heading","level":2,"text":"Les entrades valdran 5 i 10\u20ac i eixiran a a la venda aquest dimarts 21 de febrer de manera en l\u00ednia solo per a abonats"},{"type":"paragraph","text":"El Villarreal ha donat a con\u00e9ixer tota la informaci\u00f3 relativa a El Partido de las Leyendas entre els mites de la hist\u00f2ria del Submar\u00ed i Leyendas Espa\u00f1a de la Selecci\u00f3 Nacional. El partit, que es disputar\u00e0 dissabte que ve 25 de mar\u00e7, en l\u2019Estadio de la Cer\u00e1mica ser\u00e0 un dels esdeveniments estrela del #CentenariGroguet."},{"type":"paragraph","text":"El partit ha sigut presentat aquest dilluns en un acte celebrat aquest dilluns en el Teatre Tagoba de Vila-real i ha comptat amb la participaci\u00f3 del president Fernando Roig, l\u2019alcalde Jos\u00e9 Benlloch, els exfutbolistes Marcos Senna, Bruno Soriano i Adriano Garc\u00eda, aix\u00ed com Fernando Giner, president de Leyendas Espa\u00f1a."},{"type":"paragraph","text":"Per a aquest dia tan important per al club, les llegendes Bruno Soriano i Marcos Senna ja han confirmat la seua pres\u00e8ncia i, en les pr\u00f2ximes setmanes, s\u2019aniran coneixent la resta de jugadors convocats en aquest combinat d\u2019estreles de la hist\u00f2ria del Villarreal a trav\u00e9s de les xarxes socials del club."},{"type":"paragraph","text":"Aix\u00ed mateix, en la pr\u00e8via del xoc, es realitzar\u00e0 un homenatge a tots els exjugadors del club, que eixiran al terreny de joc des del t\u00fanel de vestuaris per \u00e8poques i es faran una foto de fam\u00edlia que quedar\u00e0 per al record."},{"type":"paragraph","text":"I per si no fos prou, durant aquesta setmana s\u2019obrir\u00e0 una votaci\u00f3 perqu\u00e8 l\u2019afici\u00f3 grogueta puga votar el millor onze de la hist\u00f2ria del Villarreal i el millor gol de la hist\u00f2ria del club. Els resultats d\u2019aquestes votacions es donaran a con\u00e9ixer el dia del Partit de las Leyendas en l\u2019Estadio de la Cer\u00e1mica."},{"type":"paragraph","text":"Aquesta \u00e9s tota la informaci\u00f3 d\u2019El Partido de las Leyendas:"},{"type":"list","style":"ul","items":["El partit es disputar\u00e0 el dissabte 25 de mar\u00e7 a les 18.00 hores en l\u2019Estadio de la Cer\u00e1mica.","L\u2019homenatge als exjugadors del club comen\u00e7ar\u00e0 a les 17.30 hores, per la qual cosa es recomana als aficionats accedir a l\u2019estadi a partir de les 17.00 hores.","Les portes s\u2019obriran al p\u00fablic a partir de les 16.30 hores, una hora abans de l\u2019inici de l\u2019acte.","Els preus de les entrades s\u00f3n de 5\u20ac en els Fons i de 10\u20ac en Tribuna i Tribuna Preferent.","S\u2019obrir\u00e0 un primer termini de venda d\u2019entrades NOM\u00c9S PER A ABONATS del 21 de febrer al 9 de mar\u00e7. La VENDA D\u2019ENTRADES comen\u00e7ar\u00e0 de manera en l\u00ednia el mateix dimarts 21 de febrer i cada abonat podr\u00e0 adquirir l\u2019entrada del seu seient. En els pr\u00f2xims dies, tamb\u00e9 s\u2019obrir\u00e0 la venda presencial a la Tenda Oficial de la Pla\u00e7a Major.","S\u2019obrir\u00e0 un segon termini de venda lliure d\u2019entrades a partir del 10 de mar\u00e7 sol de manera presencial a la Tenda Oficial de la Pla\u00e7a Major."]},{"type":"link","url":"https:\/\/proticketing.com\/abonadosvillarreal\/es_ES\/login","text":"VENda D\u2019ENTRADeS","target":"_blank"}]}},"sections":[{"id":"section-1","title":"Les entrades valdran 5 i 10\u20ac i eixiran a a la venda aquest dimarts 21 de febrer de manera en l\u00ednia solo per a abonats","text":"Les entrades valdran 5 i 10\u20ac i eixiran a a la venda aquest dimarts 21 de febrer de manera en l\u00ednia solo per a abonats El Villarreal ha donat a con\u00e9ixer tota la informaci\u00f3 relativa a El Partido de las Leyendas entre els mites de la hist\u00f2ria del Submar\u00ed i Leyendas Espa\u00f1a de la Selecci\u00f3 Nacional. El partit, que es disputar\u00e0 dissabte que ve 25 de mar\u00e7, en l\u2019Estadio de la Cer\u00e1mica ser\u00e0 un dels esdeveniments estrela del #CentenariGroguet. El partit ha sigut presentat aquest dilluns en un acte celebrat aquest dilluns en el Teatre Tagoba de Vila-real i ha comptat amb la participaci\u00f3 del president Fernando Roig, l\u2019alcalde Jos\u00e9 Benlloch, els exfutbolistes Marcos Senna, Bruno Soriano i Adriano Garc\u00eda, aix\u00ed com Fernando Giner, president de Leyendas Espa\u00f1a. Per a aquest dia tan important per al club, les llegendes Bruno Soriano i Marcos Senna ja han confirmat la seua pres\u00e8ncia i, en les pr\u00f2ximes setmanes, s\u2019aniran coneixent la resta de jugadors convocats en aquest combinat d\u2019estreles de la hist\u00f2ria del Villarreal a trav\u00e9s de les xarxes socials del club. Aix\u00ed mateix, en la pr\u00e8via del xoc, es realitzar\u00e0 un homenatge a tots els exjugadors del club, que eixiran al terreny de joc des del t\u00fanel de vestuaris per \u00e8poques i es faran una foto de fam\u00edlia que quedar\u00e0 per al record. I per si no fos prou, durant aquesta setmana s\u2019obrir\u00e0 una votaci\u00f3 perqu\u00e8 l\u2019afici\u00f3 grogueta puga votar el millor onze de la hist\u00f2ria del Villarreal i el millor gol de la hist\u00f2ria del club. Els resultats d\u2019aquestes votacions es donaran a con\u00e9ixer el dia del Partit de las Leyendas en l\u2019Estadio de la Cer\u00e1mica. Aquesta \u00e9s tota la informaci\u00f3 d\u2019El Partido de las Leyendas:","url":"https:\/\/proticketing.com\/abonadosvillarreal\/es_ES\/login","background_image":"","images":[],"videos":[],"links":[{"type":"link","url":"https:\/\/proticketing.com\/abonadosvillarreal\/es_ES\/login","text":"VENda D\u2019ENTRADeS","target":"_blank"}]}]},"excerpt":{"rendered":"Les entrades valdran 5 i 10\u20ac i eixiran a a la venda aquest dimarts 21 de febrer de manera en l\u00ednia solo per a abonats","protected":false},"author":1,"featured_media":252423,"comment_status":"closed","ping_status":"closed","sticky":false,"template":"","format":"standard","meta":{"_acf_changed":false,"footnotes":""},"categories":[13484],"tags":[9417,9664,11429,717,9270,9874,14188,716,9205,9627,9203],"acf":null,"lang":"val","translations":{"es":252352,"val":252388,"en":252486},"essential_grid":{"has_grid":false},"formatted_date":"February 20, 2023","modified_date":"February 20, 2023","permalink":"https:\/\/villarrealcf.es\/val\/tota-la-informacio-del-partido-de-las-leyendas\/","reading_time":3,"featured_media_data":{"id":252423,"title":"partido","caption":"","alt_text":"","description":"","mime_type":"image\/jpeg","source_url":"https:\/\/villarrealcf.es\/wp-content\/uploads\/2023\/02\/partido.jpg","sizes":{"thumbnail":{"url":"https:\/\/villarrealcf.es\/wp-content\/uploads\/2023\/02\/partido-1920x1080.jpg","width":1920,"height":1080},"medium":{"url":"https:\/\/villarrealcf.es\/wp-content\/uploads\/2023\/02\/partido-1920x1080.jpg","width":1920,"height":1080},"medium_large":{"url":"https:\/\/villarrealcf.es\/wp-content\/uploads\/2023\/02\/partido-768x432.jpg","width":768,"height":432},"large":{"url":"https:\/\/villarrealcf.es\/wp-content\/uploads\/2023\/02\/partido-1920x1080.jpg","width":788,"height":443},"1536x1536":{"url":"https:\/\/villarrealcf.es\/wp-content\/uploads\/2023\/02\/partido-1536x864.jpg","width":1536,"height":864},"2048x2048":{"url":"https:\/\/villarrealcf.es\/wp-content\/uploads\/2023\/02\/partido.jpg","width":1920,"height":1080},"tp-image-grid":{"url":"https:\/\/villarrealcf.es\/wp-content\/uploads\/2023\/02\/partido-700x700.jpg","width":700,"height":700},"size-bunyad-medium":{"url":"https:\/\/villarrealcf.es\/wp-content\/uploads\/2023\/02\/partido-1920x1080.jpg","width":1920,"height":1080},"sportspress-crop-medium":{"url":"https:\/\/villarrealcf.es\/wp-content\/uploads\/2023\/02\/partido-300x300.jpg","width":300,"height":300},"sportspress-fit-medium":{"url":"https:\/\/villarrealcf.es\/wp-content\/uploads\/2023\/02\/partido-300x169.jpg","width":300,"height":169},"sportspress-fit-icon":{"url":"https:\/\/villarrealcf.es\/wp-content\/uploads\/2023\/02\/partido-128x72.jpg","width":128,"height":72},"sportspress-fit-mini":{"url":"https:\/\/villarrealcf.es\/wp-content\/uploads\/2023\/02\/partido-32x18.jpg","width":32,"height":18},"bunyad-small":{"url":"https:\/\/villarrealcf.es\/wp-content\/uploads\/2023\/02\/partido-150x84.jpg","width":150,"height":84},"bunyad-medium":{"url":"https:\/\/villarrealcf.es\/wp-content\/uploads\/2023\/02\/partido-450x253.jpg","width":450,"height":253},"bunyad-full":{"url":"https:\/\/villarrealcf.es\/wp-content\/uploads\/2023\/02\/partido-1200x675.jpg","width":1200,"height":675},"bunyad-viewport":{"url":"https:\/\/villarrealcf.es\/wp-content\/uploads\/2023\/02\/partido.jpg","width":1920,"height":1080},"bunyad-768":{"url":"https:\/\/villarrealcf.es\/wp-content\/uploads\/2023\/02\/partido-768x432.jpg","width":768,"height":432},"full":{"url":"https:\/\/villarrealcf.es\/wp-content\/uploads\/2023\/02\/partido.jpg","width":1920,"height":1080}}},"author_data":{"id":"1","name":"root_envidea","first_name":"Villarreal CF","last_name":"","description":"","avatar_url":"https:\/\/secure.gravatar.com\/avatar\/48f95f42a3ccc324f3a3458e4b9e6fb070b083e99d388e170c1afb061fa99b63?s=96&d=mm&r=g","acf":null},"taxonomies_data":{"category":[{"id":13484,"name":"Club","slug":"club","acf":null}],"post_tag":[{"id":9417,"name":"Bruno Soriano","slug":"bruno-soriano-val","acf":null},{"id":9664,"name":"Centenari Groguet","slug":"centenari-groguet-val","acf":null},{"id":11429,"name":"Estadio de la Cer\u00e1mica","slug":"estadio-de-la-ceramica-val","acf":null},{"id":717,"name":"Football","slug":"football-d34","acf":null},{"id":9270,"name":"Futbol","slug":"futbol-val","acf":null},{"id":9874,"name":"Marcos Senna","slug":"marcos-senna-val","acf":null},{"id":14188,"name":"Partido de Leyendas","slug":"partido-de-leyendas-val","acf":null},{"id":716,"name":"Soccer","slug":"soccer-d105","acf":null},{"id":9205,"name":"Submarino","slug":"submarino-val","acf":null},{"id":9627,"name":"Submarino Amarillo","slug":"submarino-amarillo-val","acf":null},{"id":9203,"name":"Villarreal CF","slug":"villarreal-cf-val","acf":null}],"translation_priority":[{"id":735,"name":"Optional","slug":"optional-val","acf":null}]},"seo_full":{"native":{"title":"Tota la informaci\u00f3 d&#8217;El Partido de las Leyendas - Web Oficial del Villarreal CF","description":"Les entrades valdran 5 i 10\u20ac i eixiran a a la venda aquest dimarts 21 de febrer de manera en l\u00ednia solo per a abonats","canonical":"https:\/\/villarrealcf.es\/val\/tota-la-informacio-del-partido-de-las-leyendas\/"}},"_links":{"self":[{"href":"https:\/\/villarrealcf.es\/val\/wp-json\/wp\/v2\/posts\/252388","targetHints":{"allow":["GET"]}}],"collection":[{"href":"https:\/\/villarrealcf.es\/val\/wp-json\/wp\/v2\/posts"}],"about":[{"href":"https:\/\/villarrealcf.es\/val\/wp-json\/wp\/v2\/types\/post"}],"author":[{"embeddable":true,"href":"https:\/\/villarrealcf.es\/val\/wp-json\/wp\/v2\/users\/1"}],"replies":[{"embeddable":true,"href":"https:\/\/villarrealcf.es\/val\/wp-json\/wp\/v2\/comments?post=252388"}],"version-history":[{"count":0,"href":"https:\/\/villarrealcf.es\/val\/wp-json\/wp\/v2\/posts\/252388\/revisions"}],"wp:featuredmedia":[{"embeddable":true,"href":"https:\/\/villarrealcf.es\/val\/wp-json\/wp\/v2\/media\/252423"}],"wp:attachment":[{"href":"https:\/\/villarrealcf.es\/val\/wp-json\/wp\/v2\/media?parent=252388"}],"wp:term":[{"taxonomy":"category","embeddable":true,"href":"https:\/\/villarrealcf.es\/val\/wp-json\/wp\/v2\/categories?post=252388"},{"taxonomy":"post_tag","embeddable":true,"href":"https:\/\/villarrealcf.es\/val\/wp-json\/wp\/v2\/tags?post=252388"}],"curies":[{"name":"wp","href":"https:\/\/api.w.org\/{rel}","templated":true}]}}