{"id":252385,"date":"2023-02-20T17:24:52","date_gmt":"2023-02-20T16:24:52","guid":{"rendered":"https:\/\/villarrealcf.es\/\/nace-la-associacio-dexfutbolistes-del-villarreal-cf\/"},"modified":"2023-02-20T20:35:28","modified_gmt":"2023-02-20T19:35:28","slug":"naix-lassociacio-dexfutbolistes-del-villarreal-cf","status":"publish","type":"post","link":"https:\/\/villarrealcf.es\/val\/naix-lassociacio-dexfutbolistes-del-villarreal-cf\/","title":{"rendered":"Naix l&#8217;Associaci\u00f3 d\u2019Exfutbolistes del Villarreal CF"},"content":{"protected":false,"blocks":[{"type":"heading","level":2,"text":"L\u2019agrupaci\u00f3 d\u2019exjugadors groguets ha sigut presentada oficialment aquest dilluns en el Teatre Tagoba de Vila-real"},{"type":"paragraph","text":"Naix l\u2019Associaci\u00f3 d\u2019Exfutbolistes del Villarreal CF (AEV). Els exjugadors grocs de diferents \u00e8poques s\u2019han unit per a impulsar la creaci\u00f3 d\u2019aquesta nova agrupaci\u00f3, que comptar\u00e0 amb la col\u00b7laboraci\u00f3 i el reconeixement de l\u2019entitat groga i que ser\u00e0 inclosa a m\u00e9s com una \u00e0rea de la instituci\u00f3. La iniciativa ha sigut presentada aquest dilluns en l\u2019acte celebrat en el Teatre Tagoba de Vila-real."},{"type":"paragraph","text":"L\u2019esdeveniment, en el qual tamb\u00e9 s\u2019ha donat a con\u00e9ixer tots els detalls de \u2018El Partido de las Leyendas\u2019, ha comptat amb la participaci\u00f3 del president Fernando Roig, l\u2019alcalde Jos\u00e9 Benlloch, els exfutbolistes Marcos Senna, Bruno Soriano i Adriano Garc\u00eda, aix\u00ed com Fernando Giner, president de Leyendas Espanya."},{"type":"paragraph","text":"Adriano Garc\u00eda, m\u00edtic golejador del Submar\u00ed, i C\u00e9sar Arzo, exjugador vila-realenc, exerciran com a president i vicepresident de l\u2019AEV. La junta directiva de l\u2019agrupaci\u00f3 tamb\u00e9 comptar\u00e0 amb membres com Ernesto Boixader, president de la penya Celtic Submar\u00ed. Aix\u00ed mateix, Manolo Llorca, conseller del Villarreal CF, exercir\u00e0 com a vicepresident honor\u00edfic."},{"type":"paragraph","text":"Uneix-te a l\u2019Associaci\u00f3 d\u2019Exfutbolistes del Villarreal CF!"},{"type":"paragraph","text":"Si has defensat els colors del Villarreal CF en algun moment de la teua vida, el club i el col\u00b7lectiu d\u2019exjugadors groguets et conviden a formar part de l\u2019Associaci\u00f3 d\u2019Exfutbolistes del Villarreal CF (AEV), independentment de l\u2019\u00e8poca i categoria en la qual hages jugat. A partir d\u2019aquest dimarts 21 de febrer, podr\u00e0s inscriure\u2019t a la web oficial del club."},{"type":"paragraph","text":"L\u2019objectiu de l\u2019associaci\u00f3 \u00e9s formar una massa social \u00e0mplia i diversa, que siga representativa dels 100 anys de la hist\u00f2ria del Villarreal CF."},{"type":"paragraph","text":"Avantatges de formar part de l\u2019Associaci\u00f3 d\u2019Exfutbolistes del Villarreal CF:"},{"type":"list","style":"ul","items":["Representar i\/o acompanyar al Villarreal CF en actes institucionals, de formaci\u00f3, etc.","Primer any de soci gratis","Tindre el carnet de l\u2019Associaci\u00f3 d\u2019Exfutbolistes del Villarreal CF","Participar en partits o tornejos de veterans","Assistir a tota mena d\u2019actes organitzats per la nostra associaci\u00f3","Participar en sortejos organitzats pel Villarreal CF: viatges amb el primer equip, menjars, acc\u00e9s a llotges, etc.","Utilitzar les instal\u00b7lacions esportives del club","Beneficiar-se d\u2019un 10% de descompte a les botigues oficials del Villarreal CF"]}],"structured":{"summary":{"text":"L\u2019agrupaci\u00f3 d\u2019exjugadors groguets ha sigut presentada oficialment aquest dilluns en el Teatre Tagoba de Vila-real Naix l\u2019Associaci\u00f3 d\u2019Exfutbolistes del Villarreal CF (AEV). Els exjugadors grocs de diferents \u00e8poques s\u2019han unit per a impulsar la creaci\u00f3 d\u2019aquesta nova agrupaci\u00f3, que comptar\u00e0 amb la col\u00b7laboraci\u00f3 i el reconeixement de l\u2019entitat groga i que ser\u00e0 inclosa a m\u00e9s com una \u00e0rea de la instituci\u00f3. La iniciativa ha sigut presentada aquest dilluns en l\u2019acte celebrat en el Teatre Tagoba de Vila-real. L\u2019esdeveniment, en el qual tamb\u00e9 s\u2019ha donat a con\u00e9ixer tots els detalls de \u2018El Partido de las Leyendas\u2019, ha comptat amb la participaci\u00f3 del president Fernando Roig, l\u2019alcalde Jos\u00e9 Benlloch, els exfutbolistes Marcos Senna, Bruno Soriano i Adriano Garc\u00eda, aix\u00ed com Fernando Giner, president de Leyendas Espanya. Adriano Garc\u00eda, m\u00edtic golejador del Submar\u00ed, i C\u00e9sar Arzo, exjugador vila-realenc, exerciran com a president i vicepresident de l\u2019AEV. La junta directiva de l\u2019agrupaci\u00f3 tamb\u00e9 comptar\u00e0 amb membres com Ernesto Boixader, president de la penya Celtic Submar\u00ed. Aix\u00ed mateix, Manolo Llorca, conseller del Villarreal CF, exercir\u00e0 com a vicepresident honor\u00edfic. Uneix-te a l\u2019Associaci\u00f3 d\u2019Exfutbolistes del Villarreal CF! Si has defensat els colors del Villarreal CF en algun moment de la teua vida, el club i el col\u00b7lectiu d\u2019exjugadors groguets et conviden a formar part de l\u2019Associaci\u00f3 d\u2019Exfutbolistes del Villarreal CF (AEV), independentment de l\u2019\u00e8poca i categoria en la qual hages jugat. A partir d\u2019aquest dimarts 21 de febrer, podr\u00e0s inscriure\u2019t a la web oficial del club. L\u2019objectiu de l\u2019associaci\u00f3 \u00e9s formar una massa social \u00e0mplia i diversa, que siga representativa dels 100 anys de la hist\u00f2ria del Villarreal CF. Avantatges de formar part de l\u2019Associaci\u00f3 d\u2019Exfutbolistes del Villarreal CF: Representar i\/o acompanyar al Villarreal CF en actes institucionals, de formaci\u00f3, etc. Primer any de soci gratis Tindre el carnet de l\u2019Associaci\u00f3 d\u2019Exfutbolistes del Villarreal CF Participar en partits o tornejos de veterans Assistir a tota mena d\u2019actes organitzats per la nostra associaci\u00f3 Participar en sortejos organitzats pel Villarreal CF: viatges amb el primer equip, menjars, acc\u00e9s a llotges, etc. Utilitzar les instal\u00b7lacions esportives del club Beneficiar-se d\u2019un 10% de descompte a les botigues oficials del Villarreal CF","headings":[{"type":"heading","level":2,"text":"L\u2019agrupaci\u00f3 d\u2019exjugadors groguets ha sigut presentada oficialment aquest dilluns en el Teatre Tagoba de Vila-real"}],"buttons":[],"images":[],"counts":{"blocks":9,"headings":1,"texts":7,"buttons":0,"images":0}},"sections":[{"id":"section-1","title":"L\u2019agrupaci\u00f3 d\u2019exjugadors groguets ha sigut presentada oficialment aquest dilluns en el Teatre Tagoba de Vila-real","text":"L\u2019agrupaci\u00f3 d\u2019exjugadors groguets ha sigut presentada oficialment aquest dilluns en el Teatre Tagoba de Vila-real Naix l\u2019Associaci\u00f3 d\u2019Exfutbolistes del Villarreal CF (AEV). Els exjugadors grocs de diferents \u00e8poques s\u2019han unit per a impulsar la creaci\u00f3 d\u2019aquesta nova agrupaci\u00f3, que comptar\u00e0 amb la col\u00b7laboraci\u00f3 i el reconeixement de l\u2019entitat groga i que ser\u00e0 inclosa a m\u00e9s com una \u00e0rea de la instituci\u00f3. La iniciativa ha sigut presentada aquest dilluns en l\u2019acte celebrat en el Teatre Tagoba de Vila-real. L\u2019esdeveniment, en el qual tamb\u00e9 s\u2019ha donat a con\u00e9ixer tots els detalls de \u2018El Partido de las Leyendas\u2019, ha comptat amb la participaci\u00f3 del president Fernando Roig, l\u2019alcalde Jos\u00e9 Benlloch, els exfutbolistes Marcos Senna, Bruno Soriano i Adriano Garc\u00eda, aix\u00ed com Fernando Giner, president de Leyendas Espanya. Adriano Garc\u00eda, m\u00edtic golejador del Submar\u00ed, i C\u00e9sar Arzo, exjugador vila-realenc, exerciran com a president i vicepresident de l\u2019AEV. La junta directiva de l\u2019agrupaci\u00f3 tamb\u00e9 comptar\u00e0 amb membres com Ernesto Boixader, president de la penya Celtic Submar\u00ed. Aix\u00ed mateix, Manolo Llorca, conseller del Villarreal CF, exercir\u00e0 com a vicepresident honor\u00edfic. Uneix-te a l\u2019Associaci\u00f3 d\u2019Exfutbolistes del Villarreal CF! Si has defensat els colors del Villarreal CF en algun moment de la teua vida, el club i el col\u00b7lectiu d\u2019exjugadors groguets et conviden a formar part de l\u2019Associaci\u00f3 d\u2019Exfutbolistes del Villarreal CF (AEV), independentment de l\u2019\u00e8poca i categoria en la qual hages jugat. A partir d\u2019aquest dimarts 21 de febrer, podr\u00e0s inscriure\u2019t a la web oficial del club. L\u2019objectiu de l\u2019associaci\u00f3 \u00e9s formar una massa social \u00e0mplia i diversa, que siga representativa dels 100 anys de la hist\u00f2ria del Villarreal CF. Avantatges de formar part de l\u2019Associaci\u00f3 d\u2019Exfutbolistes del Villarreal CF:","headings":[{"type":"heading","level":2,"text":"L\u2019agrupaci\u00f3 d\u2019exjugadors groguets ha sigut presentada oficialment aquest dilluns en el Teatre Tagoba de Vila-real"}],"texts":[{"type":"paragraph","text":"Naix l\u2019Associaci\u00f3 d\u2019Exfutbolistes del Villarreal CF (AEV). Els exjugadors grocs de diferents \u00e8poques s\u2019han unit per a impulsar la creaci\u00f3 d\u2019aquesta nova agrupaci\u00f3, que comptar\u00e0 amb la col\u00b7laboraci\u00f3 i el reconeixement de l\u2019entitat groga i que ser\u00e0 inclosa a m\u00e9s com una \u00e0rea de la instituci\u00f3. La iniciativa ha sigut presentada aquest dilluns en l\u2019acte celebrat en el Teatre Tagoba de Vila-real."},{"type":"paragraph","text":"L\u2019esdeveniment, en el qual tamb\u00e9 s\u2019ha donat a con\u00e9ixer tots els detalls de \u2018El Partido de las Leyendas\u2019, ha comptat amb la participaci\u00f3 del president Fernando Roig, l\u2019alcalde Jos\u00e9 Benlloch, els exfutbolistes Marcos Senna, Bruno Soriano i Adriano Garc\u00eda, aix\u00ed com Fernando Giner, president de Leyendas Espanya."},{"type":"paragraph","text":"Adriano Garc\u00eda, m\u00edtic golejador del Submar\u00ed, i C\u00e9sar Arzo, exjugador vila-realenc, exerciran com a president i vicepresident de l\u2019AEV. La junta directiva de l\u2019agrupaci\u00f3 tamb\u00e9 comptar\u00e0 amb membres com Ernesto Boixader, president de la penya Celtic Submar\u00ed. Aix\u00ed mateix, Manolo Llorca, conseller del Villarreal CF, exercir\u00e0 com a vicepresident honor\u00edfic."},{"type":"paragraph","text":"Uneix-te a l\u2019Associaci\u00f3 d\u2019Exfutbolistes del Villarreal CF!"},{"type":"paragraph","text":"Si has defensat els colors del Villarreal CF en algun moment de la teua vida, el club i el col\u00b7lectiu d\u2019exjugadors groguets et conviden a formar part de l\u2019Associaci\u00f3 d\u2019Exfutbolistes del Villarreal CF (AEV), independentment de l\u2019\u00e8poca i categoria en la qual hages jugat. A partir d\u2019aquest dimarts 21 de febrer, podr\u00e0s inscriure\u2019t a la web oficial del club."},{"type":"paragraph","text":"L\u2019objectiu de l\u2019associaci\u00f3 \u00e9s formar una massa social \u00e0mplia i diversa, que siga representativa dels 100 anys de la hist\u00f2ria del Villarreal CF."},{"type":"paragraph","text":"Avantatges de formar part de l\u2019Associaci\u00f3 d\u2019Exfutbolistes del Villarreal CF:"}],"buttons":[],"images":[],"widgets":[],"blocks":[{"type":"heading","level":2,"text":"L\u2019agrupaci\u00f3 d\u2019exjugadors groguets ha sigut presentada oficialment aquest dilluns en el Teatre Tagoba de Vila-real"},{"type":"paragraph","text":"Naix l\u2019Associaci\u00f3 d\u2019Exfutbolistes del Villarreal CF (AEV). Els exjugadors grocs de diferents \u00e8poques s\u2019han unit per a impulsar la creaci\u00f3 d\u2019aquesta nova agrupaci\u00f3, que comptar\u00e0 amb la col\u00b7laboraci\u00f3 i el reconeixement de l\u2019entitat groga i que ser\u00e0 inclosa a m\u00e9s com una \u00e0rea de la instituci\u00f3. La iniciativa ha sigut presentada aquest dilluns en l\u2019acte celebrat en el Teatre Tagoba de Vila-real."},{"type":"paragraph","text":"L\u2019esdeveniment, en el qual tamb\u00e9 s\u2019ha donat a con\u00e9ixer tots els detalls de \u2018El Partido de las Leyendas\u2019, ha comptat amb la participaci\u00f3 del president Fernando Roig, l\u2019alcalde Jos\u00e9 Benlloch, els exfutbolistes Marcos Senna, Bruno Soriano i Adriano Garc\u00eda, aix\u00ed com Fernando Giner, president de Leyendas Espanya."},{"type":"paragraph","text":"Adriano Garc\u00eda, m\u00edtic golejador del Submar\u00ed, i C\u00e9sar Arzo, exjugador vila-realenc, exerciran com a president i vicepresident de l\u2019AEV. La junta directiva de l\u2019agrupaci\u00f3 tamb\u00e9 comptar\u00e0 amb membres com Ernesto Boixader, president de la penya Celtic Submar\u00ed. Aix\u00ed mateix, Manolo Llorca, conseller del Villarreal CF, exercir\u00e0 com a vicepresident honor\u00edfic."},{"type":"paragraph","text":"Uneix-te a l\u2019Associaci\u00f3 d\u2019Exfutbolistes del Villarreal CF!"},{"type":"paragraph","text":"Si has defensat els colors del Villarreal CF en algun moment de la teua vida, el club i el col\u00b7lectiu d\u2019exjugadors groguets et conviden a formar part de l\u2019Associaci\u00f3 d\u2019Exfutbolistes del Villarreal CF (AEV), independentment de l\u2019\u00e8poca i categoria en la qual hages jugat. A partir d\u2019aquest dimarts 21 de febrer, podr\u00e0s inscriure\u2019t a la web oficial del club."},{"type":"paragraph","text":"L\u2019objectiu de l\u2019associaci\u00f3 \u00e9s formar una massa social \u00e0mplia i diversa, que siga representativa dels 100 anys de la hist\u00f2ria del Villarreal CF."},{"type":"paragraph","text":"Avantatges de formar part de l\u2019Associaci\u00f3 d\u2019Exfutbolistes del Villarreal CF:"},{"type":"list","style":"ul","items":["Representar i\/o acompanyar al Villarreal CF en actes institucionals, de formaci\u00f3, etc.","Primer any de soci gratis","Tindre el carnet de l\u2019Associaci\u00f3 d\u2019Exfutbolistes del Villarreal CF","Participar en partits o tornejos de veterans","Assistir a tota mena d\u2019actes organitzats per la nostra associaci\u00f3","Participar en sortejos organitzats pel Villarreal CF: viatges amb el primer equip, menjars, acc\u00e9s a llotges, etc.","Utilitzar les instal\u00b7lacions esportives del club","Beneficiar-se d\u2019un 10% de descompte a les botigues oficials del Villarreal CF"]}]}],"hero":{"id":"section-1","title":"L\u2019agrupaci\u00f3 d\u2019exjugadors groguets ha sigut presentada oficialment aquest dilluns en el Teatre Tagoba de Vila-real","text":"L\u2019agrupaci\u00f3 d\u2019exjugadors groguets ha sigut presentada oficialment aquest dilluns en el Teatre Tagoba de Vila-real Naix l\u2019Associaci\u00f3 d\u2019Exfutbolistes del Villarreal CF (AEV). Els exjugadors grocs de diferents \u00e8poques s\u2019han unit per a impulsar la creaci\u00f3 d\u2019aquesta nova agrupaci\u00f3, que comptar\u00e0 amb la col\u00b7laboraci\u00f3 i el reconeixement de l\u2019entitat groga i que ser\u00e0 inclosa a m\u00e9s com una \u00e0rea de la instituci\u00f3. La iniciativa ha sigut presentada aquest dilluns en l\u2019acte celebrat en el Teatre Tagoba de Vila-real. L\u2019esdeveniment, en el qual tamb\u00e9 s\u2019ha donat a con\u00e9ixer tots els detalls de \u2018El Partido de las Leyendas\u2019, ha comptat amb la participaci\u00f3 del president Fernando Roig, l\u2019alcalde Jos\u00e9 Benlloch, els exfutbolistes Marcos Senna, Bruno Soriano i Adriano Garc\u00eda, aix\u00ed com Fernando Giner, president de Leyendas Espanya. Adriano Garc\u00eda, m\u00edtic golejador del Submar\u00ed, i C\u00e9sar Arzo, exjugador vila-realenc, exerciran com a president i vicepresident de l\u2019AEV. La junta directiva de l\u2019agrupaci\u00f3 tamb\u00e9 comptar\u00e0 amb membres com Ernesto Boixader, president de la penya Celtic Submar\u00ed. Aix\u00ed mateix, Manolo Llorca, conseller del Villarreal CF, exercir\u00e0 com a vicepresident honor\u00edfic. Uneix-te a l\u2019Associaci\u00f3 d\u2019Exfutbolistes del Villarreal CF! Si has defensat els colors del Villarreal CF en algun moment de la teua vida, el club i el col\u00b7lectiu d\u2019exjugadors groguets et conviden a formar part de l\u2019Associaci\u00f3 d\u2019Exfutbolistes del Villarreal CF (AEV), independentment de l\u2019\u00e8poca i categoria en la qual hages jugat. A partir d\u2019aquest dimarts 21 de febrer, podr\u00e0s inscriure\u2019t a la web oficial del club. L\u2019objectiu de l\u2019associaci\u00f3 \u00e9s formar una massa social \u00e0mplia i diversa, que siga representativa dels 100 anys de la hist\u00f2ria del Villarreal CF. Avantatges de formar part de l\u2019Associaci\u00f3 d\u2019Exfutbolistes del Villarreal CF:","headings":[{"type":"heading","level":2,"text":"L\u2019agrupaci\u00f3 d\u2019exjugadors groguets ha sigut presentada oficialment aquest dilluns en el Teatre Tagoba de Vila-real"}],"texts":[{"type":"paragraph","text":"Naix l\u2019Associaci\u00f3 d\u2019Exfutbolistes del Villarreal CF (AEV). Els exjugadors grocs de diferents \u00e8poques s\u2019han unit per a impulsar la creaci\u00f3 d\u2019aquesta nova agrupaci\u00f3, que comptar\u00e0 amb la col\u00b7laboraci\u00f3 i el reconeixement de l\u2019entitat groga i que ser\u00e0 inclosa a m\u00e9s com una \u00e0rea de la instituci\u00f3. La iniciativa ha sigut presentada aquest dilluns en l\u2019acte celebrat en el Teatre Tagoba de Vila-real."},{"type":"paragraph","text":"L\u2019esdeveniment, en el qual tamb\u00e9 s\u2019ha donat a con\u00e9ixer tots els detalls de \u2018El Partido de las Leyendas\u2019, ha comptat amb la participaci\u00f3 del president Fernando Roig, l\u2019alcalde Jos\u00e9 Benlloch, els exfutbolistes Marcos Senna, Bruno Soriano i Adriano Garc\u00eda, aix\u00ed com Fernando Giner, president de Leyendas Espanya."},{"type":"paragraph","text":"Adriano Garc\u00eda, m\u00edtic golejador del Submar\u00ed, i C\u00e9sar Arzo, exjugador vila-realenc, exerciran com a president i vicepresident de l\u2019AEV. La junta directiva de l\u2019agrupaci\u00f3 tamb\u00e9 comptar\u00e0 amb membres com Ernesto Boixader, president de la penya Celtic Submar\u00ed. Aix\u00ed mateix, Manolo Llorca, conseller del Villarreal CF, exercir\u00e0 com a vicepresident honor\u00edfic."},{"type":"paragraph","text":"Uneix-te a l\u2019Associaci\u00f3 d\u2019Exfutbolistes del Villarreal CF!"},{"type":"paragraph","text":"Si has defensat els colors del Villarreal CF en algun moment de la teua vida, el club i el col\u00b7lectiu d\u2019exjugadors groguets et conviden a formar part de l\u2019Associaci\u00f3 d\u2019Exfutbolistes del Villarreal CF (AEV), independentment de l\u2019\u00e8poca i categoria en la qual hages jugat. A partir d\u2019aquest dimarts 21 de febrer, podr\u00e0s inscriure\u2019t a la web oficial del club."},{"type":"paragraph","text":"L\u2019objectiu de l\u2019associaci\u00f3 \u00e9s formar una massa social \u00e0mplia i diversa, que siga representativa dels 100 anys de la hist\u00f2ria del Villarreal CF."},{"type":"paragraph","text":"Avantatges de formar part de l\u2019Associaci\u00f3 d\u2019Exfutbolistes del Villarreal CF:"}],"buttons":[],"images":[],"widgets":[],"blocks":[{"type":"heading","level":2,"text":"L\u2019agrupaci\u00f3 d\u2019exjugadors groguets ha sigut presentada oficialment aquest dilluns en el Teatre Tagoba de Vila-real"},{"type":"paragraph","text":"Naix l\u2019Associaci\u00f3 d\u2019Exfutbolistes del Villarreal CF (AEV). Els exjugadors grocs de diferents \u00e8poques s\u2019han unit per a impulsar la creaci\u00f3 d\u2019aquesta nova agrupaci\u00f3, que comptar\u00e0 amb la col\u00b7laboraci\u00f3 i el reconeixement de l\u2019entitat groga i que ser\u00e0 inclosa a m\u00e9s com una \u00e0rea de la instituci\u00f3. La iniciativa ha sigut presentada aquest dilluns en l\u2019acte celebrat en el Teatre Tagoba de Vila-real."},{"type":"paragraph","text":"L\u2019esdeveniment, en el qual tamb\u00e9 s\u2019ha donat a con\u00e9ixer tots els detalls de \u2018El Partido de las Leyendas\u2019, ha comptat amb la participaci\u00f3 del president Fernando Roig, l\u2019alcalde Jos\u00e9 Benlloch, els exfutbolistes Marcos Senna, Bruno Soriano i Adriano Garc\u00eda, aix\u00ed com Fernando Giner, president de Leyendas Espanya."},{"type":"paragraph","text":"Adriano Garc\u00eda, m\u00edtic golejador del Submar\u00ed, i C\u00e9sar Arzo, exjugador vila-realenc, exerciran com a president i vicepresident de l\u2019AEV. La junta directiva de l\u2019agrupaci\u00f3 tamb\u00e9 comptar\u00e0 amb membres com Ernesto Boixader, president de la penya Celtic Submar\u00ed. Aix\u00ed mateix, Manolo Llorca, conseller del Villarreal CF, exercir\u00e0 com a vicepresident honor\u00edfic."},{"type":"paragraph","text":"Uneix-te a l\u2019Associaci\u00f3 d\u2019Exfutbolistes del Villarreal CF!"},{"type":"paragraph","text":"Si has defensat els colors del Villarreal CF en algun moment de la teua vida, el club i el col\u00b7lectiu d\u2019exjugadors groguets et conviden a formar part de l\u2019Associaci\u00f3 d\u2019Exfutbolistes del Villarreal CF (AEV), independentment de l\u2019\u00e8poca i categoria en la qual hages jugat. A partir d\u2019aquest dimarts 21 de febrer, podr\u00e0s inscriure\u2019t a la web oficial del club."},{"type":"paragraph","text":"L\u2019objectiu de l\u2019associaci\u00f3 \u00e9s formar una massa social \u00e0mplia i diversa, que siga representativa dels 100 anys de la hist\u00f2ria del Villarreal CF."},{"type":"paragraph","text":"Avantatges de formar part de l\u2019Associaci\u00f3 d\u2019Exfutbolistes del Villarreal CF:"},{"type":"list","style":"ul","items":["Representar i\/o acompanyar al Villarreal CF en actes institucionals, de formaci\u00f3, etc.","Primer any de soci gratis","Tindre el carnet de l\u2019Associaci\u00f3 d\u2019Exfutbolistes del Villarreal CF","Participar en partits o tornejos de veterans","Assistir a tota mena d\u2019actes organitzats per la nostra associaci\u00f3","Participar en sortejos organitzats pel Villarreal CF: viatges amb el primer equip, menjars, acc\u00e9s a llotges, etc.","Utilitzar les instal\u00b7lacions esportives del club","Beneficiar-se d\u2019un 10% de descompte a les botigues oficials del Villarreal CF"]}]}},"sections":[{"id":"section-1","title":"L\u2019agrupaci\u00f3 d\u2019exjugadors groguets ha sigut presentada oficialment aquest dilluns en el Teatre Tagoba de Vila-real","text":"L\u2019agrupaci\u00f3 d\u2019exjugadors groguets ha sigut presentada oficialment aquest dilluns en el Teatre Tagoba de Vila-real Naix l\u2019Associaci\u00f3 d\u2019Exfutbolistes del Villarreal CF (AEV). Els exjugadors grocs de diferents \u00e8poques s\u2019han unit per a impulsar la creaci\u00f3 d\u2019aquesta nova agrupaci\u00f3, que comptar\u00e0 amb la col\u00b7laboraci\u00f3 i el reconeixement de l\u2019entitat groga i que ser\u00e0 inclosa a m\u00e9s com una \u00e0rea de la instituci\u00f3. La iniciativa ha sigut presentada aquest dilluns en l\u2019acte celebrat en el Teatre Tagoba de Vila-real. L\u2019esdeveniment, en el qual tamb\u00e9 s\u2019ha donat a con\u00e9ixer tots els detalls de \u2018El Partido de las Leyendas\u2019, ha comptat amb la participaci\u00f3 del president Fernando Roig, l\u2019alcalde Jos\u00e9 Benlloch, els exfutbolistes Marcos Senna, Bruno Soriano i Adriano Garc\u00eda, aix\u00ed com Fernando Giner, president de Leyendas Espanya. Adriano Garc\u00eda, m\u00edtic golejador del Submar\u00ed, i C\u00e9sar Arzo, exjugador vila-realenc, exerciran com a president i vicepresident de l\u2019AEV. La junta directiva de l\u2019agrupaci\u00f3 tamb\u00e9 comptar\u00e0 amb membres com Ernesto Boixader, president de la penya Celtic Submar\u00ed. Aix\u00ed mateix, Manolo Llorca, conseller del Villarreal CF, exercir\u00e0 com a vicepresident honor\u00edfic. Uneix-te a l\u2019Associaci\u00f3 d\u2019Exfutbolistes del Villarreal CF! Si has defensat els colors del Villarreal CF en algun moment de la teua vida, el club i el col\u00b7lectiu d\u2019exjugadors groguets et conviden a formar part de l\u2019Associaci\u00f3 d\u2019Exfutbolistes del Villarreal CF (AEV), independentment de l\u2019\u00e8poca i categoria en la qual hages jugat. A partir d\u2019aquest dimarts 21 de febrer, podr\u00e0s inscriure\u2019t a la web oficial del club. L\u2019objectiu de l\u2019associaci\u00f3 \u00e9s formar una massa social \u00e0mplia i diversa, que siga representativa dels 100 anys de la hist\u00f2ria del Villarreal CF. Avantatges de formar part de l\u2019Associaci\u00f3 d\u2019Exfutbolistes del Villarreal CF:","url":"","background_image":"","images":[],"videos":[],"links":[]}]},"excerpt":{"rendered":"L&#8217;agrupaci\u00f3 d&#8217;exjugadors groguets ha sigut presentada oficialment aquest dilluns en el Teatre Tagoba de Vila-real","protected":false},"author":25,"featured_media":252416,"comment_status":"closed","ping_status":"closed","sticky":false,"template":"","format":"standard","meta":{"_acf_changed":false,"footnotes":""},"categories":[13484],"tags":[14186,9664,717,9270,10771,716,9205,9627,9203],"acf":null,"lang":"val","translations":{"es":252375,"val":252385,"en":252537},"essential_grid":{"has_grid":false},"formatted_date":"February 20, 2023","modified_date":"February 20, 2023","permalink":"https:\/\/villarrealcf.es\/val\/naix-lassociacio-dexfutbolistes-del-villarreal-cf\/","reading_time":2,"featured_media_data":{"id":252416,"title":"exfutbolistas","caption":"","alt_text":"","description":"","mime_type":"image\/jpeg","source_url":"https:\/\/villarrealcf.es\/wp-content\/uploads\/2023\/02\/exfutbolistas.jpg","sizes":{"thumbnail":{"url":"https:\/\/villarrealcf.es\/wp-content\/uploads\/2023\/02\/exfutbolistas-1920x1080.jpg","width":1920,"height":1080},"medium":{"url":"https:\/\/villarrealcf.es\/wp-content\/uploads\/2023\/02\/exfutbolistas-1920x1080.jpg","width":1920,"height":1080},"medium_large":{"url":"https:\/\/villarrealcf.es\/wp-content\/uploads\/2023\/02\/exfutbolistas-768x432.jpg","width":768,"height":432},"large":{"url":"https:\/\/villarrealcf.es\/wp-content\/uploads\/2023\/02\/exfutbolistas-1920x1080.jpg","width":788,"height":443},"1536x1536":{"url":"https:\/\/villarrealcf.es\/wp-content\/uploads\/2023\/02\/exfutbolistas-1536x864.jpg","width":1536,"height":864},"2048x2048":{"url":"https:\/\/villarrealcf.es\/wp-content\/uploads\/2023\/02\/exfutbolistas.jpg","width":1920,"height":1080},"tp-image-grid":{"url":"https:\/\/villarrealcf.es\/wp-content\/uploads\/2023\/02\/exfutbolistas-700x700.jpg","width":700,"height":700},"size-bunyad-medium":{"url":"https:\/\/villarrealcf.es\/wp-content\/uploads\/2023\/02\/exfutbolistas-1920x1080.jpg","width":1920,"height":1080},"sportspress-crop-medium":{"url":"https:\/\/villarrealcf.es\/wp-content\/uploads\/2023\/02\/exfutbolistas-300x300.jpg","width":300,"height":300},"sportspress-fit-medium":{"url":"https:\/\/villarrealcf.es\/wp-content\/uploads\/2023\/02\/exfutbolistas-300x169.jpg","width":300,"height":169},"sportspress-fit-icon":{"url":"https:\/\/villarrealcf.es\/wp-content\/uploads\/2023\/02\/exfutbolistas-128x72.jpg","width":128,"height":72},"sportspress-fit-mini":{"url":"https:\/\/villarrealcf.es\/wp-content\/uploads\/2023\/02\/exfutbolistas-32x18.jpg","width":32,"height":18},"bunyad-small":{"url":"https:\/\/villarrealcf.es\/wp-content\/uploads\/2023\/02\/exfutbolistas-150x84.jpg","width":150,"height":84},"bunyad-medium":{"url":"https:\/\/villarrealcf.es\/wp-content\/uploads\/2023\/02\/exfutbolistas-450x253.jpg","width":450,"height":253},"bunyad-full":{"url":"https:\/\/villarrealcf.es\/wp-content\/uploads\/2023\/02\/exfutbolistas-1200x675.jpg","width":1200,"height":675},"bunyad-viewport":{"url":"https:\/\/villarrealcf.es\/wp-content\/uploads\/2023\/02\/exfutbolistas.jpg","width":1920,"height":1080},"bunyad-768":{"url":"https:\/\/villarrealcf.es\/wp-content\/uploads\/2023\/02\/exfutbolistas-768x432.jpg","width":768,"height":432},"full":{"url":"https:\/\/villarrealcf.es\/wp-content\/uploads\/2023\/02\/exfutbolistas.jpg","width":1920,"height":1080}}},"author_data":{"id":"25","name":"Javier Ayuso","first_name":"Javier","last_name":"Ayuso","description":"","avatar_url":"https:\/\/secure.gravatar.com\/avatar\/fcf8894be45988fcce5bbff0efe1790d2a7f4ba57e2c7c898f5068154e696495?s=96&d=mm&r=g","acf":null},"taxonomies_data":{"category":[{"id":13484,"name":"Club","slug":"club","acf":null}],"post_tag":[{"id":14186,"name":"Asociaci\u00f3n de exfutbolistas","slug":"asociacion-de-exfutbolistas-val","acf":null},{"id":9664,"name":"Centenari Groguet","slug":"centenari-groguet-val","acf":null},{"id":717,"name":"Football","slug":"football-d34","acf":null},{"id":9270,"name":"Futbol","slug":"futbol-val","acf":null},{"id":10771,"name":"Historia","slug":"historia-val","acf":null},{"id":716,"name":"Soccer","slug":"soccer-d105","acf":null},{"id":9205,"name":"Submarino","slug":"submarino-val","acf":null},{"id":9627,"name":"Submarino Amarillo","slug":"submarino-amarillo-val","acf":null},{"id":9203,"name":"Villarreal CF","slug":"villarreal-cf-val","acf":null}],"translation_priority":[{"id":735,"name":"Optional","slug":"optional-val","acf":null}]},"seo_full":{"native":{"title":"Naix l&#8217;Associaci\u00f3 d\u2019Exfutbolistes del Villarreal CF - Web Oficial del Villarreal CF","description":"L'agrupaci\u00f3 d'exjugadors groguets ha sigut presentada oficialment aquest dilluns en el Teatre Tagoba de Vila-real","canonical":"https:\/\/villarrealcf.es\/val\/naix-lassociacio-dexfutbolistes-del-villarreal-cf\/"}},"_links":{"self":[{"href":"https:\/\/villarrealcf.es\/val\/wp-json\/wp\/v2\/posts\/252385","targetHints":{"allow":["GET"]}}],"collection":[{"href":"https:\/\/villarrealcf.es\/val\/wp-json\/wp\/v2\/posts"}],"about":[{"href":"https:\/\/villarrealcf.es\/val\/wp-json\/wp\/v2\/types\/post"}],"author":[{"embeddable":true,"href":"https:\/\/villarrealcf.es\/val\/wp-json\/wp\/v2\/users\/25"}],"replies":[{"embeddable":true,"href":"https:\/\/villarrealcf.es\/val\/wp-json\/wp\/v2\/comments?post=252385"}],"version-history":[{"count":0,"href":"https:\/\/villarrealcf.es\/val\/wp-json\/wp\/v2\/posts\/252385\/revisions"}],"wp:featuredmedia":[{"embeddable":true,"href":"https:\/\/villarrealcf.es\/val\/wp-json\/wp\/v2\/media\/252416"}],"wp:attachment":[{"href":"https:\/\/villarrealcf.es\/val\/wp-json\/wp\/v2\/media?parent=252385"}],"wp:term":[{"taxonomy":"category","embeddable":true,"href":"https:\/\/villarrealcf.es\/val\/wp-json\/wp\/v2\/categories?post=252385"},{"taxonomy":"post_tag","embeddable":true,"href":"https:\/\/villarrealcf.es\/val\/wp-json\/wp\/v2\/tags?post=252385"}],"curies":[{"name":"wp","href":"https:\/\/api.w.org\/{rel}","templated":true}]}}