{"id":252080,"date":"2023-02-17T12:04:01","date_gmt":"2023-02-17T11:04:01","guid":{"rendered":"https:\/\/villarrealcf.es\/\/debemos-mantener-la-creencia-en-lo-que-hacemos\/"},"modified":"2023-02-17T13:00:42","modified_gmt":"2023-02-17T12:00:42","slug":"hem-de-mantindre-la-creenca-en-el-que-fem","status":"publish","type":"post","link":"https:\/\/villarrealcf.es\/val\/hem-de-mantindre-la-creenca-en-el-que-fem\/","title":{"rendered":"&#8220;Hem de mantindre la creen\u00e7a en el que fem&#8221;"},"content":{"protected":false,"blocks":[{"type":"heading","level":2,"text":"Seti\u00e9n ha subratllat la dificultat del partit davant el RCD Mallorca (dissabte, 18.30 hores)"},{"type":"paragraph","text":"L\u2019entrenador del Villarreal CF, Quique Seti\u00e9n, ha comparegut aquesta vesprada davant els mitjans de comunicaci\u00f3 a la sala de premsa de la Ciutat Esportiva. Seti\u00e9n ha repassat el dif\u00edcil partit que t\u00e9 dem\u00e0 el Submar\u00ed davant el RCD Mallorca, al qual s\u2019enfrontar\u00e0 aquest dissabte, a partir de les 18.30 hores, en l\u2019Estadi Mallorca de Son Moix."},{"type":"paragraph","text":"Aquestes han sigut les declaracions m\u00e9s destacades del t\u00e8cnic de Santander:"},{"type":"paragraph","text":"Situaci\u00f3 de l\u2019equip"},{"type":"paragraph","text":"\u201cHem tingut moltes abs\u00e8ncies \u00faltimament, per\u00f2 tenim la sort de poder comptar amb jugadors del filial. La disposici\u00f3 dels xics \u00e9s molt bona i sabem que ens poden ajudar en cas de necessitat. Comptem amb ells\u201d."},{"type":"paragraph","text":"El RCD Mallorca"},{"type":"paragraph","text":"\u201cVa ser un dels primers rivals als quals vaig enfrontar res m\u00e9s arribar. Ara mateix est\u00e0 en una bona ratxa i \u00e9s un equip molt complicat que t\u00e9 mecanismes dif\u00edcils de contrarestar\u201d."},{"type":"paragraph","text":"Un partit, previsiblement, semblan\u00e7a al de la primera volta"},{"type":"paragraph","text":"\u201cRecorde el partit que juguem ac\u00ed i han variat poc quant a com fan les coses defensivament. En la primera volta els vam complicar, sobretot en la primera part, i espere que siga aix\u00ed el dissabte\u201d."},{"type":"paragraph","text":"Suplir la baixa de Coquelin"},{"type":"paragraph","text":"\u201cTenim alguns jugadors del filial que ja estan sistem\u00e0ticament entrenant amb nosaltres. No tenen l\u2019experi\u00e8ncia d\u2019un jugador com Coquelin, per\u00f2 ens ajudaran a suplir la seua baixa\u201d"},{"type":"paragraph","text":"Pots tornar a veure la roda de premsa al complet de Quique Seti\u00e9n en el seg\u00fcent v\u00eddeo:"},{"type":"video","kind":"iframe","url":"https:\/\/www.youtube.com\/embed\/VOb5DLOVQJo?feature=oembed","poster":""}],"structured":{"summary":{"text":"Seti\u00e9n ha subratllat la dificultat del partit davant el RCD Mallorca (dissabte, 18.30 hores) L\u2019entrenador del Villarreal CF, Quique Seti\u00e9n, ha comparegut aquesta vesprada davant els mitjans de comunicaci\u00f3 a la sala de premsa de la Ciutat Esportiva. Seti\u00e9n ha repassat el dif\u00edcil partit que t\u00e9 dem\u00e0 el Submar\u00ed davant el RCD Mallorca, al qual s\u2019enfrontar\u00e0 aquest dissabte, a partir de les 18.30 hores, en l\u2019Estadi Mallorca de Son Moix. Aquestes han sigut les declaracions m\u00e9s destacades del t\u00e8cnic de Santander: Situaci\u00f3 de l\u2019equip \u201cHem tingut moltes abs\u00e8ncies \u00faltimament, per\u00f2 tenim la sort de poder comptar amb jugadors del filial. La disposici\u00f3 dels xics \u00e9s molt bona i sabem que ens poden ajudar en cas de necessitat. Comptem amb ells\u201d. El RCD Mallorca \u201cVa ser un dels primers rivals als quals vaig enfrontar res m\u00e9s arribar. Ara mateix est\u00e0 en una bona ratxa i \u00e9s un equip molt complicat que t\u00e9 mecanismes dif\u00edcils de contrarestar\u201d. Un partit, previsiblement, semblan\u00e7a al de la primera volta \u201cRecorde el partit que juguem ac\u00ed i han variat poc quant a com fan les coses defensivament. En la primera volta els vam complicar, sobretot en la primera part, i espere que siga aix\u00ed el dissabte\u201d. Suplir la baixa de Coquelin \u201cTenim alguns jugadors del filial que ja estan sistem\u00e0ticament entrenant amb nosaltres. No tenen l\u2019experi\u00e8ncia d\u2019un jugador com Coquelin, per\u00f2 ens ajudaran a suplir la seua baixa\u201d Pots tornar a veure la roda de premsa al complet de Quique Seti\u00e9n en el seg\u00fcent v\u00eddeo:","headings":[{"type":"heading","level":2,"text":"Seti\u00e9n ha subratllat la dificultat del partit davant el RCD Mallorca (dissabte, 18.30 hores)"}],"buttons":[],"images":[],"counts":{"blocks":13,"headings":1,"texts":11,"buttons":0,"images":0}},"sections":[{"id":"section-1","title":"Seti\u00e9n ha subratllat la dificultat del partit davant el RCD Mallorca (dissabte, 18.30 hores)","text":"Seti\u00e9n ha subratllat la dificultat del partit davant el RCD Mallorca (dissabte, 18.30 hores) L\u2019entrenador del Villarreal CF, Quique Seti\u00e9n, ha comparegut aquesta vesprada davant els mitjans de comunicaci\u00f3 a la sala de premsa de la Ciutat Esportiva. Seti\u00e9n ha repassat el dif\u00edcil partit que t\u00e9 dem\u00e0 el Submar\u00ed davant el RCD Mallorca, al qual s\u2019enfrontar\u00e0 aquest dissabte, a partir de les 18.30 hores, en l\u2019Estadi Mallorca de Son Moix. Aquestes han sigut les declaracions m\u00e9s destacades del t\u00e8cnic de Santander: Situaci\u00f3 de l\u2019equip \u201cHem tingut moltes abs\u00e8ncies \u00faltimament, per\u00f2 tenim la sort de poder comptar amb jugadors del filial. La disposici\u00f3 dels xics \u00e9s molt bona i sabem que ens poden ajudar en cas de necessitat. Comptem amb ells\u201d. El RCD Mallorca \u201cVa ser un dels primers rivals als quals vaig enfrontar res m\u00e9s arribar. Ara mateix est\u00e0 en una bona ratxa i \u00e9s un equip molt complicat que t\u00e9 mecanismes dif\u00edcils de contrarestar\u201d. Un partit, previsiblement, semblan\u00e7a al de la primera volta \u201cRecorde el partit que juguem ac\u00ed i han variat poc quant a com fan les coses defensivament. En la primera volta els vam complicar, sobretot en la primera part, i espere que siga aix\u00ed el dissabte\u201d. Suplir la baixa de Coquelin \u201cTenim alguns jugadors del filial que ja estan sistem\u00e0ticament entrenant amb nosaltres. No tenen l\u2019experi\u00e8ncia d\u2019un jugador com Coquelin, per\u00f2 ens ajudaran a suplir la seua baixa\u201d Pots tornar a veure la roda de premsa al complet de Quique Seti\u00e9n en el seg\u00fcent v\u00eddeo:","headings":[{"type":"heading","level":2,"text":"Seti\u00e9n ha subratllat la dificultat del partit davant el RCD Mallorca (dissabte, 18.30 hores)"}],"texts":[{"type":"paragraph","text":"L\u2019entrenador del Villarreal CF, Quique Seti\u00e9n, ha comparegut aquesta vesprada davant els mitjans de comunicaci\u00f3 a la sala de premsa de la Ciutat Esportiva. Seti\u00e9n ha repassat el dif\u00edcil partit que t\u00e9 dem\u00e0 el Submar\u00ed davant el RCD Mallorca, al qual s\u2019enfrontar\u00e0 aquest dissabte, a partir de les 18.30 hores, en l\u2019Estadi Mallorca de Son Moix."},{"type":"paragraph","text":"Aquestes han sigut les declaracions m\u00e9s destacades del t\u00e8cnic de Santander:"},{"type":"paragraph","text":"Situaci\u00f3 de l\u2019equip"},{"type":"paragraph","text":"\u201cHem tingut moltes abs\u00e8ncies \u00faltimament, per\u00f2 tenim la sort de poder comptar amb jugadors del filial. La disposici\u00f3 dels xics \u00e9s molt bona i sabem que ens poden ajudar en cas de necessitat. Comptem amb ells\u201d."},{"type":"paragraph","text":"El RCD Mallorca"},{"type":"paragraph","text":"\u201cVa ser un dels primers rivals als quals vaig enfrontar res m\u00e9s arribar. Ara mateix est\u00e0 en una bona ratxa i \u00e9s un equip molt complicat que t\u00e9 mecanismes dif\u00edcils de contrarestar\u201d."},{"type":"paragraph","text":"Un partit, previsiblement, semblan\u00e7a al de la primera volta"},{"type":"paragraph","text":"\u201cRecorde el partit que juguem ac\u00ed i han variat poc quant a com fan les coses defensivament. En la primera volta els vam complicar, sobretot en la primera part, i espere que siga aix\u00ed el dissabte\u201d."},{"type":"paragraph","text":"Suplir la baixa de Coquelin"},{"type":"paragraph","text":"\u201cTenim alguns jugadors del filial que ja estan sistem\u00e0ticament entrenant amb nosaltres. No tenen l\u2019experi\u00e8ncia d\u2019un jugador com Coquelin, per\u00f2 ens ajudaran a suplir la seua baixa\u201d"},{"type":"paragraph","text":"Pots tornar a veure la roda de premsa al complet de Quique Seti\u00e9n en el seg\u00fcent v\u00eddeo:"}],"buttons":[],"images":[],"widgets":[],"blocks":[{"type":"heading","level":2,"text":"Seti\u00e9n ha subratllat la dificultat del partit davant el RCD Mallorca (dissabte, 18.30 hores)"},{"type":"paragraph","text":"L\u2019entrenador del Villarreal CF, Quique Seti\u00e9n, ha comparegut aquesta vesprada davant els mitjans de comunicaci\u00f3 a la sala de premsa de la Ciutat Esportiva. Seti\u00e9n ha repassat el dif\u00edcil partit que t\u00e9 dem\u00e0 el Submar\u00ed davant el RCD Mallorca, al qual s\u2019enfrontar\u00e0 aquest dissabte, a partir de les 18.30 hores, en l\u2019Estadi Mallorca de Son Moix."},{"type":"paragraph","text":"Aquestes han sigut les declaracions m\u00e9s destacades del t\u00e8cnic de Santander:"},{"type":"paragraph","text":"Situaci\u00f3 de l\u2019equip"},{"type":"paragraph","text":"\u201cHem tingut moltes abs\u00e8ncies \u00faltimament, per\u00f2 tenim la sort de poder comptar amb jugadors del filial. La disposici\u00f3 dels xics \u00e9s molt bona i sabem que ens poden ajudar en cas de necessitat. Comptem amb ells\u201d."},{"type":"paragraph","text":"El RCD Mallorca"},{"type":"paragraph","text":"\u201cVa ser un dels primers rivals als quals vaig enfrontar res m\u00e9s arribar. Ara mateix est\u00e0 en una bona ratxa i \u00e9s un equip molt complicat que t\u00e9 mecanismes dif\u00edcils de contrarestar\u201d."},{"type":"paragraph","text":"Un partit, previsiblement, semblan\u00e7a al de la primera volta"},{"type":"paragraph","text":"\u201cRecorde el partit que juguem ac\u00ed i han variat poc quant a com fan les coses defensivament. En la primera volta els vam complicar, sobretot en la primera part, i espere que siga aix\u00ed el dissabte\u201d."},{"type":"paragraph","text":"Suplir la baixa de Coquelin"},{"type":"paragraph","text":"\u201cTenim alguns jugadors del filial que ja estan sistem\u00e0ticament entrenant amb nosaltres. No tenen l\u2019experi\u00e8ncia d\u2019un jugador com Coquelin, per\u00f2 ens ajudaran a suplir la seua baixa\u201d"},{"type":"paragraph","text":"Pots tornar a veure la roda de premsa al complet de Quique Seti\u00e9n en el seg\u00fcent v\u00eddeo:"},{"type":"video","kind":"iframe","url":"https:\/\/www.youtube.com\/embed\/VOb5DLOVQJo?feature=oembed","poster":""}]}],"hero":{"id":"section-1","title":"Seti\u00e9n ha subratllat la dificultat del partit davant el RCD Mallorca (dissabte, 18.30 hores)","text":"Seti\u00e9n ha subratllat la dificultat del partit davant el RCD Mallorca (dissabte, 18.30 hores) L\u2019entrenador del Villarreal CF, Quique Seti\u00e9n, ha comparegut aquesta vesprada davant els mitjans de comunicaci\u00f3 a la sala de premsa de la Ciutat Esportiva. Seti\u00e9n ha repassat el dif\u00edcil partit que t\u00e9 dem\u00e0 el Submar\u00ed davant el RCD Mallorca, al qual s\u2019enfrontar\u00e0 aquest dissabte, a partir de les 18.30 hores, en l\u2019Estadi Mallorca de Son Moix. Aquestes han sigut les declaracions m\u00e9s destacades del t\u00e8cnic de Santander: Situaci\u00f3 de l\u2019equip \u201cHem tingut moltes abs\u00e8ncies \u00faltimament, per\u00f2 tenim la sort de poder comptar amb jugadors del filial. La disposici\u00f3 dels xics \u00e9s molt bona i sabem que ens poden ajudar en cas de necessitat. Comptem amb ells\u201d. El RCD Mallorca \u201cVa ser un dels primers rivals als quals vaig enfrontar res m\u00e9s arribar. Ara mateix est\u00e0 en una bona ratxa i \u00e9s un equip molt complicat que t\u00e9 mecanismes dif\u00edcils de contrarestar\u201d. Un partit, previsiblement, semblan\u00e7a al de la primera volta \u201cRecorde el partit que juguem ac\u00ed i han variat poc quant a com fan les coses defensivament. En la primera volta els vam complicar, sobretot en la primera part, i espere que siga aix\u00ed el dissabte\u201d. Suplir la baixa de Coquelin \u201cTenim alguns jugadors del filial que ja estan sistem\u00e0ticament entrenant amb nosaltres. No tenen l\u2019experi\u00e8ncia d\u2019un jugador com Coquelin, per\u00f2 ens ajudaran a suplir la seua baixa\u201d Pots tornar a veure la roda de premsa al complet de Quique Seti\u00e9n en el seg\u00fcent v\u00eddeo:","headings":[{"type":"heading","level":2,"text":"Seti\u00e9n ha subratllat la dificultat del partit davant el RCD Mallorca (dissabte, 18.30 hores)"}],"texts":[{"type":"paragraph","text":"L\u2019entrenador del Villarreal CF, Quique Seti\u00e9n, ha comparegut aquesta vesprada davant els mitjans de comunicaci\u00f3 a la sala de premsa de la Ciutat Esportiva. Seti\u00e9n ha repassat el dif\u00edcil partit que t\u00e9 dem\u00e0 el Submar\u00ed davant el RCD Mallorca, al qual s\u2019enfrontar\u00e0 aquest dissabte, a partir de les 18.30 hores, en l\u2019Estadi Mallorca de Son Moix."},{"type":"paragraph","text":"Aquestes han sigut les declaracions m\u00e9s destacades del t\u00e8cnic de Santander:"},{"type":"paragraph","text":"Situaci\u00f3 de l\u2019equip"},{"type":"paragraph","text":"\u201cHem tingut moltes abs\u00e8ncies \u00faltimament, per\u00f2 tenim la sort de poder comptar amb jugadors del filial. La disposici\u00f3 dels xics \u00e9s molt bona i sabem que ens poden ajudar en cas de necessitat. Comptem amb ells\u201d."},{"type":"paragraph","text":"El RCD Mallorca"},{"type":"paragraph","text":"\u201cVa ser un dels primers rivals als quals vaig enfrontar res m\u00e9s arribar. Ara mateix est\u00e0 en una bona ratxa i \u00e9s un equip molt complicat que t\u00e9 mecanismes dif\u00edcils de contrarestar\u201d."},{"type":"paragraph","text":"Un partit, previsiblement, semblan\u00e7a al de la primera volta"},{"type":"paragraph","text":"\u201cRecorde el partit que juguem ac\u00ed i han variat poc quant a com fan les coses defensivament. En la primera volta els vam complicar, sobretot en la primera part, i espere que siga aix\u00ed el dissabte\u201d."},{"type":"paragraph","text":"Suplir la baixa de Coquelin"},{"type":"paragraph","text":"\u201cTenim alguns jugadors del filial que ja estan sistem\u00e0ticament entrenant amb nosaltres. No tenen l\u2019experi\u00e8ncia d\u2019un jugador com Coquelin, per\u00f2 ens ajudaran a suplir la seua baixa\u201d"},{"type":"paragraph","text":"Pots tornar a veure la roda de premsa al complet de Quique Seti\u00e9n en el seg\u00fcent v\u00eddeo:"}],"buttons":[],"images":[],"widgets":[],"blocks":[{"type":"heading","level":2,"text":"Seti\u00e9n ha subratllat la dificultat del partit davant el RCD Mallorca (dissabte, 18.30 hores)"},{"type":"paragraph","text":"L\u2019entrenador del Villarreal CF, Quique Seti\u00e9n, ha comparegut aquesta vesprada davant els mitjans de comunicaci\u00f3 a la sala de premsa de la Ciutat Esportiva. Seti\u00e9n ha repassat el dif\u00edcil partit que t\u00e9 dem\u00e0 el Submar\u00ed davant el RCD Mallorca, al qual s\u2019enfrontar\u00e0 aquest dissabte, a partir de les 18.30 hores, en l\u2019Estadi Mallorca de Son Moix."},{"type":"paragraph","text":"Aquestes han sigut les declaracions m\u00e9s destacades del t\u00e8cnic de Santander:"},{"type":"paragraph","text":"Situaci\u00f3 de l\u2019equip"},{"type":"paragraph","text":"\u201cHem tingut moltes abs\u00e8ncies \u00faltimament, per\u00f2 tenim la sort de poder comptar amb jugadors del filial. La disposici\u00f3 dels xics \u00e9s molt bona i sabem que ens poden ajudar en cas de necessitat. Comptem amb ells\u201d."},{"type":"paragraph","text":"El RCD Mallorca"},{"type":"paragraph","text":"\u201cVa ser un dels primers rivals als quals vaig enfrontar res m\u00e9s arribar. Ara mateix est\u00e0 en una bona ratxa i \u00e9s un equip molt complicat que t\u00e9 mecanismes dif\u00edcils de contrarestar\u201d."},{"type":"paragraph","text":"Un partit, previsiblement, semblan\u00e7a al de la primera volta"},{"type":"paragraph","text":"\u201cRecorde el partit que juguem ac\u00ed i han variat poc quant a com fan les coses defensivament. En la primera volta els vam complicar, sobretot en la primera part, i espere que siga aix\u00ed el dissabte\u201d."},{"type":"paragraph","text":"Suplir la baixa de Coquelin"},{"type":"paragraph","text":"\u201cTenim alguns jugadors del filial que ja estan sistem\u00e0ticament entrenant amb nosaltres. No tenen l\u2019experi\u00e8ncia d\u2019un jugador com Coquelin, per\u00f2 ens ajudaran a suplir la seua baixa\u201d"},{"type":"paragraph","text":"Pots tornar a veure la roda de premsa al complet de Quique Seti\u00e9n en el seg\u00fcent v\u00eddeo:"},{"type":"video","kind":"iframe","url":"https:\/\/www.youtube.com\/embed\/VOb5DLOVQJo?feature=oembed","poster":""}]}},"sections":[{"id":"section-1","title":"Seti\u00e9n ha subratllat la dificultat del partit davant el RCD Mallorca (dissabte, 18.30 hores)","text":"Seti\u00e9n ha subratllat la dificultat del partit davant el RCD Mallorca (dissabte, 18.30 hores) L\u2019entrenador del Villarreal CF, Quique Seti\u00e9n, ha comparegut aquesta vesprada davant els mitjans de comunicaci\u00f3 a la sala de premsa de la Ciutat Esportiva. Seti\u00e9n ha repassat el dif\u00edcil partit que t\u00e9 dem\u00e0 el Submar\u00ed davant el RCD Mallorca, al qual s\u2019enfrontar\u00e0 aquest dissabte, a partir de les 18.30 hores, en l\u2019Estadi Mallorca de Son Moix. Aquestes han sigut les declaracions m\u00e9s destacades del t\u00e8cnic de Santander: Situaci\u00f3 de l\u2019equip \u201cHem tingut moltes abs\u00e8ncies \u00faltimament, per\u00f2 tenim la sort de poder comptar amb jugadors del filial. La disposici\u00f3 dels xics \u00e9s molt bona i sabem que ens poden ajudar en cas de necessitat. Comptem amb ells\u201d. El RCD Mallorca \u201cVa ser un dels primers rivals als quals vaig enfrontar res m\u00e9s arribar. Ara mateix est\u00e0 en una bona ratxa i \u00e9s un equip molt complicat que t\u00e9 mecanismes dif\u00edcils de contrarestar\u201d. Un partit, previsiblement, semblan\u00e7a al de la primera volta \u201cRecorde el partit que juguem ac\u00ed i han variat poc quant a com fan les coses defensivament. En la primera volta els vam complicar, sobretot en la primera part, i espere que siga aix\u00ed el dissabte\u201d. Suplir la baixa de Coquelin \u201cTenim alguns jugadors del filial que ja estan sistem\u00e0ticament entrenant amb nosaltres. No tenen l\u2019experi\u00e8ncia d\u2019un jugador com Coquelin, per\u00f2 ens ajudaran a suplir la seua baixa\u201d Pots tornar a veure la roda de premsa al complet de Quique Seti\u00e9n en el seg\u00fcent v\u00eddeo:","url":"","background_image":"","images":[],"videos":[{"type":"video","kind":"iframe","url":"https:\/\/www.youtube.com\/embed\/VOb5DLOVQJo?feature=oembed","poster":""}],"links":[]}]},"excerpt":{"rendered":"Seti\u00e9n ha subrayado la dificultad del partido ante el RCD Mallorca (s\u00e1bado, 18.30 horas)","protected":false},"author":33,"featured_media":252090,"comment_status":"closed","ping_status":"closed","sticky":false,"template":"","format":"standard","meta":{"_acf_changed":false,"footnotes":""},"categories":[13493,732],"tags":[9308,11042,11136,13861,9189,9680,716,9627],"acf":null,"lang":"val","translations":{"es":252075,"val":252080,"en":252176},"essential_grid":{"has_grid":false},"formatted_date":"February 17, 2023","modified_date":"February 17, 2023","permalink":"https:\/\/villarrealcf.es\/val\/hem-de-mantindre-la-creenca-en-el-que-fem\/","reading_time":2,"featured_media_data":{"id":252090,"title":"","caption":"","alt_text":"","description":"","mime_type":"image\/jpeg","source_url":"https:\/\/villarrealcf.es\/wp-content\/uploads\/2023\/02\/setien-3.jpg","sizes":{"thumbnail":{"url":"https:\/\/villarrealcf.es\/wp-content\/uploads\/2023\/02\/setien-3-1920x1080.jpg","width":1920,"height":1080},"medium":{"url":"https:\/\/villarrealcf.es\/wp-content\/uploads\/2023\/02\/setien-3-1920x1080.jpg","width":1920,"height":1080},"medium_large":{"url":"https:\/\/villarrealcf.es\/wp-content\/uploads\/2023\/02\/setien-3-768x432.jpg","width":768,"height":432},"large":{"url":"https:\/\/villarrealcf.es\/wp-content\/uploads\/2023\/02\/setien-3-1920x1080.jpg","width":788,"height":443},"1536x1536":{"url":"https:\/\/villarrealcf.es\/wp-content\/uploads\/2023\/02\/setien-3-1536x864.jpg","width":1536,"height":864},"2048x2048":{"url":"https:\/\/villarrealcf.es\/wp-content\/uploads\/2023\/02\/setien-3.jpg","width":1920,"height":1080},"tp-image-grid":{"url":"https:\/\/villarrealcf.es\/wp-content\/uploads\/2023\/02\/setien-3-700x700.jpg","width":700,"height":700},"size-bunyad-medium":{"url":"https:\/\/villarrealcf.es\/wp-content\/uploads\/2023\/02\/setien-3-1920x1080.jpg","width":1920,"height":1080},"sportspress-crop-medium":{"url":"https:\/\/villarrealcf.es\/wp-content\/uploads\/2023\/02\/setien-3-300x300.jpg","width":300,"height":300},"sportspress-fit-medium":{"url":"https:\/\/villarrealcf.es\/wp-content\/uploads\/2023\/02\/setien-3-300x169.jpg","width":300,"height":169},"sportspress-fit-icon":{"url":"https:\/\/villarrealcf.es\/wp-content\/uploads\/2023\/02\/setien-3-128x72.jpg","width":128,"height":72},"sportspress-fit-mini":{"url":"https:\/\/villarrealcf.es\/wp-content\/uploads\/2023\/02\/setien-3-32x18.jpg","width":32,"height":18},"bunyad-small":{"url":"https:\/\/villarrealcf.es\/wp-content\/uploads\/2023\/02\/setien-3-150x84.jpg","width":150,"height":84},"bunyad-medium":{"url":"https:\/\/villarrealcf.es\/wp-content\/uploads\/2023\/02\/setien-3-450x253.jpg","width":450,"height":253},"bunyad-full":{"url":"https:\/\/villarrealcf.es\/wp-content\/uploads\/2023\/02\/setien-3-1200x675.jpg","width":1200,"height":675},"bunyad-viewport":{"url":"https:\/\/villarrealcf.es\/wp-content\/uploads\/2023\/02\/setien-3.jpg","width":1920,"height":1080},"bunyad-768":{"url":"https:\/\/villarrealcf.es\/wp-content\/uploads\/2023\/02\/setien-3-768x432.jpg","width":768,"height":432},"full":{"url":"https:\/\/villarrealcf.es\/wp-content\/uploads\/2023\/02\/setien-3.jpg","width":1920,"height":1080}}},"author_data":{"id":"33","name":"Nacho Tejada","first_name":"Nacho","last_name":"Tejada","description":"","avatar_url":"https:\/\/secure.gravatar.com\/avatar\/b1580534b2fcd93e031504756165758941290488df5c88966a26f84344931fd1?s=96&d=mm&r=g","acf":null},"taxonomies_data":{"category":[{"id":13493,"name":"Primer equip","slug":"primer-equip","acf":null},{"id":732,"name":"Uncategorized @val","slug":"uncategorized-val","acf":null}],"post_tag":[{"id":9308,"name":"Jornada 22","slug":"jornada-22-val","acf":null},{"id":11042,"name":"LaLiga","slug":"laliga-val","acf":null},{"id":11136,"name":"LaLiga Santander","slug":"laliga-santander-val","acf":null},{"id":13861,"name":"Quique Seti\u00e9n","slug":"quique-setien-3-val","acf":null},{"id":9189,"name":"RCD Mallorca","slug":"rcd-mallorca-d29-val","acf":null},{"id":9680,"name":"Rueda de prensa","slug":"rueda-de-prensa-val","acf":null},{"id":716,"name":"Soccer","slug":"soccer-d105","acf":null},{"id":9627,"name":"Submarino Amarillo","slug":"submarino-amarillo-val","acf":null}],"translation_priority":[{"id":735,"name":"Optional","slug":"optional-val","acf":null}]},"seo_full":{"native":{"title":"&#8220;Hem de mantindre la creen\u00e7a en el que fem&#8221; - Web Oficial del Villarreal CF","description":"Seti\u00e9n ha subrayado la dificultad del partido ante el RCD Mallorca (s\u00e1bado, 18.30 horas)","canonical":"https:\/\/villarrealcf.es\/val\/hem-de-mantindre-la-creenca-en-el-que-fem\/"}},"_links":{"self":[{"href":"https:\/\/villarrealcf.es\/val\/wp-json\/wp\/v2\/posts\/252080","targetHints":{"allow":["GET"]}}],"collection":[{"href":"https:\/\/villarrealcf.es\/val\/wp-json\/wp\/v2\/posts"}],"about":[{"href":"https:\/\/villarrealcf.es\/val\/wp-json\/wp\/v2\/types\/post"}],"author":[{"embeddable":true,"href":"https:\/\/villarrealcf.es\/val\/wp-json\/wp\/v2\/users\/33"}],"replies":[{"embeddable":true,"href":"https:\/\/villarrealcf.es\/val\/wp-json\/wp\/v2\/comments?post=252080"}],"version-history":[{"count":0,"href":"https:\/\/villarrealcf.es\/val\/wp-json\/wp\/v2\/posts\/252080\/revisions"}],"wp:featuredmedia":[{"embeddable":true,"href":"https:\/\/villarrealcf.es\/val\/wp-json\/wp\/v2\/media\/252090"}],"wp:attachment":[{"href":"https:\/\/villarrealcf.es\/val\/wp-json\/wp\/v2\/media?parent=252080"}],"wp:term":[{"taxonomy":"category","embeddable":true,"href":"https:\/\/villarrealcf.es\/val\/wp-json\/wp\/v2\/categories?post=252080"},{"taxonomy":"post_tag","embeddable":true,"href":"https:\/\/villarrealcf.es\/val\/wp-json\/wp\/v2\/tags?post=252080"}],"curies":[{"name":"wp","href":"https:\/\/api.w.org\/{rel}","templated":true}]}}