{"id":251566,"date":"2023-02-14T16:49:45","date_gmt":"2023-02-14T15:49:45","guid":{"rendered":"https:\/\/villarrealcf.es\/\/el-amor-por-el-villarreal-llega-a-polonia\/"},"modified":"2023-02-14T17:37:59","modified_gmt":"2023-02-14T16:37:59","slug":"el-amor-por-el-villarreal-llega-a-polonia","status":"publish","type":"post","link":"https:\/\/villarrealcf.es\/val\/el-amor-por-el-villarreal-llega-a-polonia\/","title":{"rendered":"L&#8217;amor pel Villarreal arriba a Pol\u00f2nia"},"content":{"protected":false,"blocks":[{"type":"heading","level":2,"text":"El fan internacional polon\u00e9s Robert Kobza \u00e9s aficionat del Submar\u00ed Groc des de 2008"},{"type":"paragraph","text":"Robert Kobza \u00e9s un aficionat groguet que resideix en Radom, Pol\u00f2nia. Va comen\u00e7ar a seguir al Vila-real despr\u00e9s de l\u2019Eurocopa 2008, quan nom\u00e9s tenia 11 anys i es va fixar en Capdevila, Senna i Cazorla, jugadors del Submar\u00ed que acabaven de ser campions d\u2019Europa amb la Selecci\u00f3 Espanyola. Assegura haver-se enamorat del club i comen\u00e7ar a seguir al club gr\u00e0cies a aquests jugadors."},{"type":"paragraph","text":"En 2018 va complir el seu somni: visitar l\u2019Estadi de la Cer\u00e0mica. No va ser el millor partit, perqu\u00e8 el Villarreal va perdre 1-2 davant l\u2019Alav\u00e9s, per\u00f2 aix\u00ed i tot va viure una experi\u00e8ncia inoblidable. Tamb\u00e9 va tindre l\u2019oportunitat de recolzar a l\u2019equip aquesta temporada en el partit de Conference League davant el Lech Poznan en terres poloneses. La seua il\u00b7lusi\u00f3 \u00e9s tornar enguany i poder visitar el nou Estadi de la Cer\u00e0mica."},{"type":"paragraph","text":"Per a Robert, Marcos Senna va ser un aut\u00e8ntic l\u00edder i \u00e9s una llegenda del club, per\u00f2 admet que el seu \u00eddol sempre ha sigut Giuseppe Rossi, ja que explica que ell tamb\u00e9 va patir diverses lesions de genoll, per la qual cosa \u00e9s tota una inspiraci\u00f3 per a ell i que li recorda als seus primers anys com groguet. \u201cTothom recorda aquell v\u00eddeo nadalenc de 2010 amb Giuseppe Rossi, Santi Cazorla, Gonzalo Rodr\u00edguez, Joan Capdevila i Diego L\u00f3pez\u201d, afig Robert. Aix\u00ed mateix, admet que el seu millor record com a aficionat groc va ser la final de Gdansk perqu\u00e8, malgrat no tindre entrada per a presenciar la final en directe, s\u00ed que va tindre l\u2019oportunitat de sentir l\u2019ambient i de con\u00e9ixer a m\u00e9s groguets a Pol\u00f2nia."},{"type":"paragraph","text":"Robert est\u00e0 molt content i orgull\u00f3s de ser aficionat del Villarreal a Pol\u00f2nia, per aix\u00f2 \u00e9s l\u2019administrador principal del grup de Facebook \u201cVillarreal CF Polska\u201d, on ha creat una comunitat d\u2019aproximadament 50 persones. La seua il\u00b7lusi\u00f3 \u00e9s que la comunitat de fans a Pol\u00f2nia continue creixent, per aix\u00f2 va donar la seua primera samarreta del Villarreal al major canal de YouTube que parla sobre esports a Pol\u00f2nia \u201cKana\u0142 Sportowy\u201d, que tenen la samarreta penjada en les retransmissions oficials dels partits, per a fer aix\u00ed al club m\u00e9s visible i popular al pa\u00eds."},{"type":"paragraph","text":"Des del Villarreal CF, a trav\u00e9s de la s\u00e8rie \u2018Yellows Around The World\u2019, contem les hist\u00f2ries d\u2019alguns dels majors aficionats internacionals del Submar\u00ed."}],"structured":{"summary":{"text":"El fan internacional polon\u00e9s Robert Kobza \u00e9s aficionat del Submar\u00ed Groc des de 2008 Robert Kobza \u00e9s un aficionat groguet que resideix en Radom, Pol\u00f2nia. Va comen\u00e7ar a seguir al Vila-real despr\u00e9s de l\u2019Eurocopa 2008, quan nom\u00e9s tenia 11 anys i es va fixar en Capdevila, Senna i Cazorla, jugadors del Submar\u00ed que acabaven de ser campions d\u2019Europa amb la Selecci\u00f3 Espanyola. Assegura haver-se enamorat del club i comen\u00e7ar a seguir al club gr\u00e0cies a aquests jugadors. En 2018 va complir el seu somni: visitar l\u2019Estadi de la Cer\u00e0mica. No va ser el millor partit, perqu\u00e8 el Villarreal va perdre 1-2 davant l\u2019Alav\u00e9s, per\u00f2 aix\u00ed i tot va viure una experi\u00e8ncia inoblidable. Tamb\u00e9 va tindre l\u2019oportunitat de recolzar a l\u2019equip aquesta temporada en el partit de Conference League davant el Lech Poznan en terres poloneses. La seua il\u00b7lusi\u00f3 \u00e9s tornar enguany i poder visitar el nou Estadi de la Cer\u00e0mica. Per a Robert, Marcos Senna va ser un aut\u00e8ntic l\u00edder i \u00e9s una llegenda del club, per\u00f2 admet que el seu \u00eddol sempre ha sigut Giuseppe Rossi, ja que explica que ell tamb\u00e9 va patir diverses lesions de genoll, per la qual cosa \u00e9s tota una inspiraci\u00f3 per a ell i que li recorda als seus primers anys com groguet. \u201cTothom recorda aquell v\u00eddeo nadalenc de 2010 amb Giuseppe Rossi, Santi Cazorla, Gonzalo Rodr\u00edguez, Joan Capdevila i Diego L\u00f3pez\u201d, afig Robert. Aix\u00ed mateix, admet que el seu millor record com a aficionat groc va ser la final de Gdansk perqu\u00e8, malgrat no tindre entrada per a presenciar la final en directe, s\u00ed que va tindre l\u2019oportunitat de sentir l\u2019ambient i de con\u00e9ixer a m\u00e9s groguets a Pol\u00f2nia. Robert est\u00e0 molt content i orgull\u00f3s de ser aficionat del Villarreal a Pol\u00f2nia, per aix\u00f2 \u00e9s l\u2019administrador principal del grup de Facebook \u201cVillarreal CF Polska\u201d, on ha creat una comunitat d\u2019aproximadament 50 persones. La seua il\u00b7lusi\u00f3 \u00e9s que la comunitat de fans a Pol\u00f2nia continue creixent, per aix\u00f2 va donar la seua primera samarreta del Villarreal al major canal de YouTube que parla sobre esports a Pol\u00f2nia \u201cKana\u0142 Sportowy\u201d, que tenen la samarreta penjada en les retransmissions oficials dels partits, per a fer aix\u00ed al club m\u00e9s visible i popular al pa\u00eds. Des del Villarreal CF, a trav\u00e9s de la s\u00e8rie \u2018Yellows Around The World\u2019, contem les hist\u00f2ries d\u2019alguns dels majors aficionats internacionals del Submar\u00ed.","headings":[{"type":"heading","level":2,"text":"El fan internacional polon\u00e9s Robert Kobza \u00e9s aficionat del Submar\u00ed Groc des de 2008"}],"buttons":[],"images":[],"counts":{"blocks":6,"headings":1,"texts":5,"buttons":0,"images":0}},"sections":[{"id":"section-1","title":"El fan internacional polon\u00e9s Robert Kobza \u00e9s aficionat del Submar\u00ed Groc des de 2008","text":"El fan internacional polon\u00e9s Robert Kobza \u00e9s aficionat del Submar\u00ed Groc des de 2008 Robert Kobza \u00e9s un aficionat groguet que resideix en Radom, Pol\u00f2nia. Va comen\u00e7ar a seguir al Vila-real despr\u00e9s de l\u2019Eurocopa 2008, quan nom\u00e9s tenia 11 anys i es va fixar en Capdevila, Senna i Cazorla, jugadors del Submar\u00ed que acabaven de ser campions d\u2019Europa amb la Selecci\u00f3 Espanyola. Assegura haver-se enamorat del club i comen\u00e7ar a seguir al club gr\u00e0cies a aquests jugadors. En 2018 va complir el seu somni: visitar l\u2019Estadi de la Cer\u00e0mica. No va ser el millor partit, perqu\u00e8 el Villarreal va perdre 1-2 davant l\u2019Alav\u00e9s, per\u00f2 aix\u00ed i tot va viure una experi\u00e8ncia inoblidable. Tamb\u00e9 va tindre l\u2019oportunitat de recolzar a l\u2019equip aquesta temporada en el partit de Conference League davant el Lech Poznan en terres poloneses. La seua il\u00b7lusi\u00f3 \u00e9s tornar enguany i poder visitar el nou Estadi de la Cer\u00e0mica. Per a Robert, Marcos Senna va ser un aut\u00e8ntic l\u00edder i \u00e9s una llegenda del club, per\u00f2 admet que el seu \u00eddol sempre ha sigut Giuseppe Rossi, ja que explica que ell tamb\u00e9 va patir diverses lesions de genoll, per la qual cosa \u00e9s tota una inspiraci\u00f3 per a ell i que li recorda als seus primers anys com groguet. \u201cTothom recorda aquell v\u00eddeo nadalenc de 2010 amb Giuseppe Rossi, Santi Cazorla, Gonzalo Rodr\u00edguez, Joan Capdevila i Diego L\u00f3pez\u201d, afig Robert. Aix\u00ed mateix, admet que el seu millor record com a aficionat groc va ser la final de Gdansk perqu\u00e8, malgrat no tindre entrada per a presenciar la final en directe, s\u00ed que va tindre l\u2019oportunitat de sentir l\u2019ambient i de con\u00e9ixer a m\u00e9s groguets a Pol\u00f2nia. Robert est\u00e0 molt content i orgull\u00f3s de ser aficionat del Villarreal a Pol\u00f2nia, per aix\u00f2 \u00e9s l\u2019administrador principal del grup de Facebook \u201cVillarreal CF Polska\u201d, on ha creat una comunitat d\u2019aproximadament 50 persones. La seua il\u00b7lusi\u00f3 \u00e9s que la comunitat de fans a Pol\u00f2nia continue creixent, per aix\u00f2 va donar la seua primera samarreta del Villarreal al major canal de YouTube que parla sobre esports a Pol\u00f2nia \u201cKana\u0142 Sportowy\u201d, que tenen la samarreta penjada en les retransmissions oficials dels partits, per a fer aix\u00ed al club m\u00e9s visible i popular al pa\u00eds. Des del Villarreal CF, a trav\u00e9s de la s\u00e8rie \u2018Yellows Around The World\u2019, contem les hist\u00f2ries d\u2019alguns dels majors aficionats internacionals del Submar\u00ed.","headings":[{"type":"heading","level":2,"text":"El fan internacional polon\u00e9s Robert Kobza \u00e9s aficionat del Submar\u00ed Groc des de 2008"}],"texts":[{"type":"paragraph","text":"Robert Kobza \u00e9s un aficionat groguet que resideix en Radom, Pol\u00f2nia. Va comen\u00e7ar a seguir al Vila-real despr\u00e9s de l\u2019Eurocopa 2008, quan nom\u00e9s tenia 11 anys i es va fixar en Capdevila, Senna i Cazorla, jugadors del Submar\u00ed que acabaven de ser campions d\u2019Europa amb la Selecci\u00f3 Espanyola. Assegura haver-se enamorat del club i comen\u00e7ar a seguir al club gr\u00e0cies a aquests jugadors."},{"type":"paragraph","text":"En 2018 va complir el seu somni: visitar l\u2019Estadi de la Cer\u00e0mica. No va ser el millor partit, perqu\u00e8 el Villarreal va perdre 1-2 davant l\u2019Alav\u00e9s, per\u00f2 aix\u00ed i tot va viure una experi\u00e8ncia inoblidable. Tamb\u00e9 va tindre l\u2019oportunitat de recolzar a l\u2019equip aquesta temporada en el partit de Conference League davant el Lech Poznan en terres poloneses. La seua il\u00b7lusi\u00f3 \u00e9s tornar enguany i poder visitar el nou Estadi de la Cer\u00e0mica."},{"type":"paragraph","text":"Per a Robert, Marcos Senna va ser un aut\u00e8ntic l\u00edder i \u00e9s una llegenda del club, per\u00f2 admet que el seu \u00eddol sempre ha sigut Giuseppe Rossi, ja que explica que ell tamb\u00e9 va patir diverses lesions de genoll, per la qual cosa \u00e9s tota una inspiraci\u00f3 per a ell i que li recorda als seus primers anys com groguet. \u201cTothom recorda aquell v\u00eddeo nadalenc de 2010 amb Giuseppe Rossi, Santi Cazorla, Gonzalo Rodr\u00edguez, Joan Capdevila i Diego L\u00f3pez\u201d, afig Robert. Aix\u00ed mateix, admet que el seu millor record com a aficionat groc va ser la final de Gdansk perqu\u00e8, malgrat no tindre entrada per a presenciar la final en directe, s\u00ed que va tindre l\u2019oportunitat de sentir l\u2019ambient i de con\u00e9ixer a m\u00e9s groguets a Pol\u00f2nia."},{"type":"paragraph","text":"Robert est\u00e0 molt content i orgull\u00f3s de ser aficionat del Villarreal a Pol\u00f2nia, per aix\u00f2 \u00e9s l\u2019administrador principal del grup de Facebook \u201cVillarreal CF Polska\u201d, on ha creat una comunitat d\u2019aproximadament 50 persones. La seua il\u00b7lusi\u00f3 \u00e9s que la comunitat de fans a Pol\u00f2nia continue creixent, per aix\u00f2 va donar la seua primera samarreta del Villarreal al major canal de YouTube que parla sobre esports a Pol\u00f2nia \u201cKana\u0142 Sportowy\u201d, que tenen la samarreta penjada en les retransmissions oficials dels partits, per a fer aix\u00ed al club m\u00e9s visible i popular al pa\u00eds."},{"type":"paragraph","text":"Des del Villarreal CF, a trav\u00e9s de la s\u00e8rie \u2018Yellows Around The World\u2019, contem les hist\u00f2ries d\u2019alguns dels majors aficionats internacionals del Submar\u00ed."}],"buttons":[],"images":[],"widgets":[],"blocks":[{"type":"heading","level":2,"text":"El fan internacional polon\u00e9s Robert Kobza \u00e9s aficionat del Submar\u00ed Groc des de 2008"},{"type":"paragraph","text":"Robert Kobza \u00e9s un aficionat groguet que resideix en Radom, Pol\u00f2nia. Va comen\u00e7ar a seguir al Vila-real despr\u00e9s de l\u2019Eurocopa 2008, quan nom\u00e9s tenia 11 anys i es va fixar en Capdevila, Senna i Cazorla, jugadors del Submar\u00ed que acabaven de ser campions d\u2019Europa amb la Selecci\u00f3 Espanyola. Assegura haver-se enamorat del club i comen\u00e7ar a seguir al club gr\u00e0cies a aquests jugadors."},{"type":"paragraph","text":"En 2018 va complir el seu somni: visitar l\u2019Estadi de la Cer\u00e0mica. No va ser el millor partit, perqu\u00e8 el Villarreal va perdre 1-2 davant l\u2019Alav\u00e9s, per\u00f2 aix\u00ed i tot va viure una experi\u00e8ncia inoblidable. Tamb\u00e9 va tindre l\u2019oportunitat de recolzar a l\u2019equip aquesta temporada en el partit de Conference League davant el Lech Poznan en terres poloneses. La seua il\u00b7lusi\u00f3 \u00e9s tornar enguany i poder visitar el nou Estadi de la Cer\u00e0mica."},{"type":"paragraph","text":"Per a Robert, Marcos Senna va ser un aut\u00e8ntic l\u00edder i \u00e9s una llegenda del club, per\u00f2 admet que el seu \u00eddol sempre ha sigut Giuseppe Rossi, ja que explica que ell tamb\u00e9 va patir diverses lesions de genoll, per la qual cosa \u00e9s tota una inspiraci\u00f3 per a ell i que li recorda als seus primers anys com groguet. \u201cTothom recorda aquell v\u00eddeo nadalenc de 2010 amb Giuseppe Rossi, Santi Cazorla, Gonzalo Rodr\u00edguez, Joan Capdevila i Diego L\u00f3pez\u201d, afig Robert. Aix\u00ed mateix, admet que el seu millor record com a aficionat groc va ser la final de Gdansk perqu\u00e8, malgrat no tindre entrada per a presenciar la final en directe, s\u00ed que va tindre l\u2019oportunitat de sentir l\u2019ambient i de con\u00e9ixer a m\u00e9s groguets a Pol\u00f2nia."},{"type":"paragraph","text":"Robert est\u00e0 molt content i orgull\u00f3s de ser aficionat del Villarreal a Pol\u00f2nia, per aix\u00f2 \u00e9s l\u2019administrador principal del grup de Facebook \u201cVillarreal CF Polska\u201d, on ha creat una comunitat d\u2019aproximadament 50 persones. La seua il\u00b7lusi\u00f3 \u00e9s que la comunitat de fans a Pol\u00f2nia continue creixent, per aix\u00f2 va donar la seua primera samarreta del Villarreal al major canal de YouTube que parla sobre esports a Pol\u00f2nia \u201cKana\u0142 Sportowy\u201d, que tenen la samarreta penjada en les retransmissions oficials dels partits, per a fer aix\u00ed al club m\u00e9s visible i popular al pa\u00eds."},{"type":"paragraph","text":"Des del Villarreal CF, a trav\u00e9s de la s\u00e8rie \u2018Yellows Around The World\u2019, contem les hist\u00f2ries d\u2019alguns dels majors aficionats internacionals del Submar\u00ed."}]}],"hero":{"id":"section-1","title":"El fan internacional polon\u00e9s Robert Kobza \u00e9s aficionat del Submar\u00ed Groc des de 2008","text":"El fan internacional polon\u00e9s Robert Kobza \u00e9s aficionat del Submar\u00ed Groc des de 2008 Robert Kobza \u00e9s un aficionat groguet que resideix en Radom, Pol\u00f2nia. Va comen\u00e7ar a seguir al Vila-real despr\u00e9s de l\u2019Eurocopa 2008, quan nom\u00e9s tenia 11 anys i es va fixar en Capdevila, Senna i Cazorla, jugadors del Submar\u00ed que acabaven de ser campions d\u2019Europa amb la Selecci\u00f3 Espanyola. Assegura haver-se enamorat del club i comen\u00e7ar a seguir al club gr\u00e0cies a aquests jugadors. En 2018 va complir el seu somni: visitar l\u2019Estadi de la Cer\u00e0mica. No va ser el millor partit, perqu\u00e8 el Villarreal va perdre 1-2 davant l\u2019Alav\u00e9s, per\u00f2 aix\u00ed i tot va viure una experi\u00e8ncia inoblidable. Tamb\u00e9 va tindre l\u2019oportunitat de recolzar a l\u2019equip aquesta temporada en el partit de Conference League davant el Lech Poznan en terres poloneses. La seua il\u00b7lusi\u00f3 \u00e9s tornar enguany i poder visitar el nou Estadi de la Cer\u00e0mica. Per a Robert, Marcos Senna va ser un aut\u00e8ntic l\u00edder i \u00e9s una llegenda del club, per\u00f2 admet que el seu \u00eddol sempre ha sigut Giuseppe Rossi, ja que explica que ell tamb\u00e9 va patir diverses lesions de genoll, per la qual cosa \u00e9s tota una inspiraci\u00f3 per a ell i que li recorda als seus primers anys com groguet. \u201cTothom recorda aquell v\u00eddeo nadalenc de 2010 amb Giuseppe Rossi, Santi Cazorla, Gonzalo Rodr\u00edguez, Joan Capdevila i Diego L\u00f3pez\u201d, afig Robert. Aix\u00ed mateix, admet que el seu millor record com a aficionat groc va ser la final de Gdansk perqu\u00e8, malgrat no tindre entrada per a presenciar la final en directe, s\u00ed que va tindre l\u2019oportunitat de sentir l\u2019ambient i de con\u00e9ixer a m\u00e9s groguets a Pol\u00f2nia. Robert est\u00e0 molt content i orgull\u00f3s de ser aficionat del Villarreal a Pol\u00f2nia, per aix\u00f2 \u00e9s l\u2019administrador principal del grup de Facebook \u201cVillarreal CF Polska\u201d, on ha creat una comunitat d\u2019aproximadament 50 persones. La seua il\u00b7lusi\u00f3 \u00e9s que la comunitat de fans a Pol\u00f2nia continue creixent, per aix\u00f2 va donar la seua primera samarreta del Villarreal al major canal de YouTube que parla sobre esports a Pol\u00f2nia \u201cKana\u0142 Sportowy\u201d, que tenen la samarreta penjada en les retransmissions oficials dels partits, per a fer aix\u00ed al club m\u00e9s visible i popular al pa\u00eds. Des del Villarreal CF, a trav\u00e9s de la s\u00e8rie \u2018Yellows Around The World\u2019, contem les hist\u00f2ries d\u2019alguns dels majors aficionats internacionals del Submar\u00ed.","headings":[{"type":"heading","level":2,"text":"El fan internacional polon\u00e9s Robert Kobza \u00e9s aficionat del Submar\u00ed Groc des de 2008"}],"texts":[{"type":"paragraph","text":"Robert Kobza \u00e9s un aficionat groguet que resideix en Radom, Pol\u00f2nia. Va comen\u00e7ar a seguir al Vila-real despr\u00e9s de l\u2019Eurocopa 2008, quan nom\u00e9s tenia 11 anys i es va fixar en Capdevila, Senna i Cazorla, jugadors del Submar\u00ed que acabaven de ser campions d\u2019Europa amb la Selecci\u00f3 Espanyola. Assegura haver-se enamorat del club i comen\u00e7ar a seguir al club gr\u00e0cies a aquests jugadors."},{"type":"paragraph","text":"En 2018 va complir el seu somni: visitar l\u2019Estadi de la Cer\u00e0mica. No va ser el millor partit, perqu\u00e8 el Villarreal va perdre 1-2 davant l\u2019Alav\u00e9s, per\u00f2 aix\u00ed i tot va viure una experi\u00e8ncia inoblidable. Tamb\u00e9 va tindre l\u2019oportunitat de recolzar a l\u2019equip aquesta temporada en el partit de Conference League davant el Lech Poznan en terres poloneses. La seua il\u00b7lusi\u00f3 \u00e9s tornar enguany i poder visitar el nou Estadi de la Cer\u00e0mica."},{"type":"paragraph","text":"Per a Robert, Marcos Senna va ser un aut\u00e8ntic l\u00edder i \u00e9s una llegenda del club, per\u00f2 admet que el seu \u00eddol sempre ha sigut Giuseppe Rossi, ja que explica que ell tamb\u00e9 va patir diverses lesions de genoll, per la qual cosa \u00e9s tota una inspiraci\u00f3 per a ell i que li recorda als seus primers anys com groguet. \u201cTothom recorda aquell v\u00eddeo nadalenc de 2010 amb Giuseppe Rossi, Santi Cazorla, Gonzalo Rodr\u00edguez, Joan Capdevila i Diego L\u00f3pez\u201d, afig Robert. Aix\u00ed mateix, admet que el seu millor record com a aficionat groc va ser la final de Gdansk perqu\u00e8, malgrat no tindre entrada per a presenciar la final en directe, s\u00ed que va tindre l\u2019oportunitat de sentir l\u2019ambient i de con\u00e9ixer a m\u00e9s groguets a Pol\u00f2nia."},{"type":"paragraph","text":"Robert est\u00e0 molt content i orgull\u00f3s de ser aficionat del Villarreal a Pol\u00f2nia, per aix\u00f2 \u00e9s l\u2019administrador principal del grup de Facebook \u201cVillarreal CF Polska\u201d, on ha creat una comunitat d\u2019aproximadament 50 persones. La seua il\u00b7lusi\u00f3 \u00e9s que la comunitat de fans a Pol\u00f2nia continue creixent, per aix\u00f2 va donar la seua primera samarreta del Villarreal al major canal de YouTube que parla sobre esports a Pol\u00f2nia \u201cKana\u0142 Sportowy\u201d, que tenen la samarreta penjada en les retransmissions oficials dels partits, per a fer aix\u00ed al club m\u00e9s visible i popular al pa\u00eds."},{"type":"paragraph","text":"Des del Villarreal CF, a trav\u00e9s de la s\u00e8rie \u2018Yellows Around The World\u2019, contem les hist\u00f2ries d\u2019alguns dels majors aficionats internacionals del Submar\u00ed."}],"buttons":[],"images":[],"widgets":[],"blocks":[{"type":"heading","level":2,"text":"El fan internacional polon\u00e9s Robert Kobza \u00e9s aficionat del Submar\u00ed Groc des de 2008"},{"type":"paragraph","text":"Robert Kobza \u00e9s un aficionat groguet que resideix en Radom, Pol\u00f2nia. Va comen\u00e7ar a seguir al Vila-real despr\u00e9s de l\u2019Eurocopa 2008, quan nom\u00e9s tenia 11 anys i es va fixar en Capdevila, Senna i Cazorla, jugadors del Submar\u00ed que acabaven de ser campions d\u2019Europa amb la Selecci\u00f3 Espanyola. Assegura haver-se enamorat del club i comen\u00e7ar a seguir al club gr\u00e0cies a aquests jugadors."},{"type":"paragraph","text":"En 2018 va complir el seu somni: visitar l\u2019Estadi de la Cer\u00e0mica. No va ser el millor partit, perqu\u00e8 el Villarreal va perdre 1-2 davant l\u2019Alav\u00e9s, per\u00f2 aix\u00ed i tot va viure una experi\u00e8ncia inoblidable. Tamb\u00e9 va tindre l\u2019oportunitat de recolzar a l\u2019equip aquesta temporada en el partit de Conference League davant el Lech Poznan en terres poloneses. La seua il\u00b7lusi\u00f3 \u00e9s tornar enguany i poder visitar el nou Estadi de la Cer\u00e0mica."},{"type":"paragraph","text":"Per a Robert, Marcos Senna va ser un aut\u00e8ntic l\u00edder i \u00e9s una llegenda del club, per\u00f2 admet que el seu \u00eddol sempre ha sigut Giuseppe Rossi, ja que explica que ell tamb\u00e9 va patir diverses lesions de genoll, per la qual cosa \u00e9s tota una inspiraci\u00f3 per a ell i que li recorda als seus primers anys com groguet. \u201cTothom recorda aquell v\u00eddeo nadalenc de 2010 amb Giuseppe Rossi, Santi Cazorla, Gonzalo Rodr\u00edguez, Joan Capdevila i Diego L\u00f3pez\u201d, afig Robert. Aix\u00ed mateix, admet que el seu millor record com a aficionat groc va ser la final de Gdansk perqu\u00e8, malgrat no tindre entrada per a presenciar la final en directe, s\u00ed que va tindre l\u2019oportunitat de sentir l\u2019ambient i de con\u00e9ixer a m\u00e9s groguets a Pol\u00f2nia."},{"type":"paragraph","text":"Robert est\u00e0 molt content i orgull\u00f3s de ser aficionat del Villarreal a Pol\u00f2nia, per aix\u00f2 \u00e9s l\u2019administrador principal del grup de Facebook \u201cVillarreal CF Polska\u201d, on ha creat una comunitat d\u2019aproximadament 50 persones. La seua il\u00b7lusi\u00f3 \u00e9s que la comunitat de fans a Pol\u00f2nia continue creixent, per aix\u00f2 va donar la seua primera samarreta del Villarreal al major canal de YouTube que parla sobre esports a Pol\u00f2nia \u201cKana\u0142 Sportowy\u201d, que tenen la samarreta penjada en les retransmissions oficials dels partits, per a fer aix\u00ed al club m\u00e9s visible i popular al pa\u00eds."},{"type":"paragraph","text":"Des del Villarreal CF, a trav\u00e9s de la s\u00e8rie \u2018Yellows Around The World\u2019, contem les hist\u00f2ries d\u2019alguns dels majors aficionats internacionals del Submar\u00ed."}]}},"sections":[{"id":"section-1","title":"El fan internacional polon\u00e9s Robert Kobza \u00e9s aficionat del Submar\u00ed Groc des de 2008","text":"El fan internacional polon\u00e9s Robert Kobza \u00e9s aficionat del Submar\u00ed Groc des de 2008 Robert Kobza \u00e9s un aficionat groguet que resideix en Radom, Pol\u00f2nia. Va comen\u00e7ar a seguir al Vila-real despr\u00e9s de l\u2019Eurocopa 2008, quan nom\u00e9s tenia 11 anys i es va fixar en Capdevila, Senna i Cazorla, jugadors del Submar\u00ed que acabaven de ser campions d\u2019Europa amb la Selecci\u00f3 Espanyola. Assegura haver-se enamorat del club i comen\u00e7ar a seguir al club gr\u00e0cies a aquests jugadors. En 2018 va complir el seu somni: visitar l\u2019Estadi de la Cer\u00e0mica. No va ser el millor partit, perqu\u00e8 el Villarreal va perdre 1-2 davant l\u2019Alav\u00e9s, per\u00f2 aix\u00ed i tot va viure una experi\u00e8ncia inoblidable. Tamb\u00e9 va tindre l\u2019oportunitat de recolzar a l\u2019equip aquesta temporada en el partit de Conference League davant el Lech Poznan en terres poloneses. La seua il\u00b7lusi\u00f3 \u00e9s tornar enguany i poder visitar el nou Estadi de la Cer\u00e0mica. Per a Robert, Marcos Senna va ser un aut\u00e8ntic l\u00edder i \u00e9s una llegenda del club, per\u00f2 admet que el seu \u00eddol sempre ha sigut Giuseppe Rossi, ja que explica que ell tamb\u00e9 va patir diverses lesions de genoll, per la qual cosa \u00e9s tota una inspiraci\u00f3 per a ell i que li recorda als seus primers anys com groguet. \u201cTothom recorda aquell v\u00eddeo nadalenc de 2010 amb Giuseppe Rossi, Santi Cazorla, Gonzalo Rodr\u00edguez, Joan Capdevila i Diego L\u00f3pez\u201d, afig Robert. Aix\u00ed mateix, admet que el seu millor record com a aficionat groc va ser la final de Gdansk perqu\u00e8, malgrat no tindre entrada per a presenciar la final en directe, s\u00ed que va tindre l\u2019oportunitat de sentir l\u2019ambient i de con\u00e9ixer a m\u00e9s groguets a Pol\u00f2nia. Robert est\u00e0 molt content i orgull\u00f3s de ser aficionat del Villarreal a Pol\u00f2nia, per aix\u00f2 \u00e9s l\u2019administrador principal del grup de Facebook \u201cVillarreal CF Polska\u201d, on ha creat una comunitat d\u2019aproximadament 50 persones. La seua il\u00b7lusi\u00f3 \u00e9s que la comunitat de fans a Pol\u00f2nia continue creixent, per aix\u00f2 va donar la seua primera samarreta del Villarreal al major canal de YouTube que parla sobre esports a Pol\u00f2nia \u201cKana\u0142 Sportowy\u201d, que tenen la samarreta penjada en les retransmissions oficials dels partits, per a fer aix\u00ed al club m\u00e9s visible i popular al pa\u00eds. Des del Villarreal CF, a trav\u00e9s de la s\u00e8rie \u2018Yellows Around The World\u2019, contem les hist\u00f2ries d\u2019alguns dels majors aficionats internacionals del Submar\u00ed.","url":"","background_image":"","images":[],"videos":[],"links":[]}]},"excerpt":{"rendered":"El fan internacional polon\u00e9s Robert Kobza \u00e9s aficionat del Submar\u00ed Groc des de 2008","protected":false},"author":1,"featured_media":251369,"comment_status":"closed","ping_status":"closed","sticky":false,"template":"","format":"standard","meta":{"_acf_changed":false,"footnotes":""},"categories":[13507],"tags":[14028,5305,717,9270,716,9205,9627,9203,12656],"acf":null,"lang":"val","translations":{"es":251552,"en":251563,"val":251566},"essential_grid":{"has_grid":false},"formatted_date":"February 14, 2023","modified_date":"February 14, 2023","permalink":"https:\/\/villarrealcf.es\/val\/el-amor-por-el-villarreal-llega-a-polonia\/","reading_time":3,"featured_media_data":{"id":251369,"title":"Fan Internacional Polonia","caption":"El aficionado groguet rOBERT ","alt_text":"","description":"","mime_type":"image\/jpeg","source_url":"https:\/\/villarrealcf.es\/wp-content\/uploads\/2023\/02\/Fan-Internacional-Polonia.jpg","sizes":{"thumbnail":{"url":"https:\/\/villarrealcf.es\/wp-content\/uploads\/2023\/02\/Fan-Internacional-Polonia.jpg","width":1920,"height":1079},"medium":{"url":"https:\/\/villarrealcf.es\/wp-content\/uploads\/2023\/02\/Fan-Internacional-Polonia.jpg","width":1920,"height":1079},"medium_large":{"url":"https:\/\/villarrealcf.es\/wp-content\/uploads\/2023\/02\/Fan-Internacional-Polonia-768x432.jpg","width":768,"height":432},"large":{"url":"https:\/\/villarrealcf.es\/wp-content\/uploads\/2023\/02\/Fan-Internacional-Polonia.jpg","width":788,"height":443},"1536x1536":{"url":"https:\/\/villarrealcf.es\/wp-content\/uploads\/2023\/02\/Fan-Internacional-Polonia-1536x864.jpg","width":1536,"height":864},"2048x2048":{"url":"https:\/\/villarrealcf.es\/wp-content\/uploads\/2023\/02\/Fan-Internacional-Polonia.jpg","width":1921,"height":1080},"tp-image-grid":{"url":"https:\/\/villarrealcf.es\/wp-content\/uploads\/2023\/02\/Fan-Internacional-Polonia-700x700.jpg","width":700,"height":700},"size-bunyad-medium":{"url":"https:\/\/villarrealcf.es\/wp-content\/uploads\/2023\/02\/Fan-Internacional-Polonia.jpg","width":1920,"height":1079},"sportspress-crop-medium":{"url":"https:\/\/villarrealcf.es\/wp-content\/uploads\/2023\/02\/Fan-Internacional-Polonia-300x300.jpg","width":300,"height":300},"sportspress-fit-medium":{"url":"https:\/\/villarrealcf.es\/wp-content\/uploads\/2023\/02\/Fan-Internacional-Polonia-300x169.jpg","width":300,"height":169},"sportspress-fit-icon":{"url":"https:\/\/villarrealcf.es\/wp-content\/uploads\/2023\/02\/Fan-Internacional-Polonia-128x72.jpg","width":128,"height":72},"sportspress-fit-mini":{"url":"https:\/\/villarrealcf.es\/wp-content\/uploads\/2023\/02\/Fan-Internacional-Polonia-32x18.jpg","width":32,"height":18},"bunyad-small":{"url":"https:\/\/villarrealcf.es\/wp-content\/uploads\/2023\/02\/Fan-Internacional-Polonia-150x84.jpg","width":150,"height":84},"bunyad-medium":{"url":"https:\/\/villarrealcf.es\/wp-content\/uploads\/2023\/02\/Fan-Internacional-Polonia-450x253.jpg","width":450,"height":253},"bunyad-full":{"url":"https:\/\/villarrealcf.es\/wp-content\/uploads\/2023\/02\/Fan-Internacional-Polonia-1200x675.jpg","width":1200,"height":675},"bunyad-viewport":{"url":"https:\/\/villarrealcf.es\/wp-content\/uploads\/2023\/02\/Fan-Internacional-Polonia.jpg","width":1921,"height":1080},"bunyad-768":{"url":"https:\/\/villarrealcf.es\/wp-content\/uploads\/2023\/02\/Fan-Internacional-Polonia-768x432.jpg","width":768,"height":432},"full":{"url":"https:\/\/villarrealcf.es\/wp-content\/uploads\/2023\/02\/Fan-Internacional-Polonia.jpg","width":1921,"height":1080}}},"author_data":{"id":"1","name":"root_envidea","first_name":"Villarreal CF","last_name":"","description":"","avatar_url":"https:\/\/secure.gravatar.com\/avatar\/48f95f42a3ccc324f3a3458e4b9e6fb070b083e99d388e170c1afb061fa99b63?s=96&d=mm&r=g","acf":null},"taxonomies_data":{"category":[{"id":13507,"name":"Fans","slug":"fans-val","acf":null}],"post_tag":[{"id":14028,"name":"Fan Internacional","slug":"fan-internacional-val","acf":null},{"id":5305,"name":"Fans","slug":"fans","acf":null},{"id":717,"name":"Football","slug":"football-d34","acf":null},{"id":9270,"name":"Futbol","slug":"futbol-val","acf":null},{"id":716,"name":"Soccer","slug":"soccer-d105","acf":null},{"id":9205,"name":"Submarino","slug":"submarino-val","acf":null},{"id":9627,"name":"Submarino Amarillo","slug":"submarino-amarillo-val","acf":null},{"id":9203,"name":"Villarreal CF","slug":"villarreal-cf-val","acf":null},{"id":12656,"name":"Yellows Around the World","slug":"yellows-around-the-world-val","acf":null}],"translation_priority":[{"id":735,"name":"Optional","slug":"optional-val","acf":null}]},"seo_full":{"native":{"title":"L&#8217;amor pel Villarreal arriba a Pol\u00f2nia - Web Oficial del Villarreal CF","description":"El fan internacional polon\u00e9s Robert Kobza \u00e9s aficionat del Submar\u00ed Groc des de 2008","canonical":"https:\/\/villarrealcf.es\/val\/el-amor-por-el-villarreal-llega-a-polonia\/"}},"_links":{"self":[{"href":"https:\/\/villarrealcf.es\/val\/wp-json\/wp\/v2\/posts\/251566","targetHints":{"allow":["GET"]}}],"collection":[{"href":"https:\/\/villarrealcf.es\/val\/wp-json\/wp\/v2\/posts"}],"about":[{"href":"https:\/\/villarrealcf.es\/val\/wp-json\/wp\/v2\/types\/post"}],"author":[{"embeddable":true,"href":"https:\/\/villarrealcf.es\/val\/wp-json\/wp\/v2\/users\/1"}],"replies":[{"embeddable":true,"href":"https:\/\/villarrealcf.es\/val\/wp-json\/wp\/v2\/comments?post=251566"}],"version-history":[{"count":0,"href":"https:\/\/villarrealcf.es\/val\/wp-json\/wp\/v2\/posts\/251566\/revisions"}],"wp:featuredmedia":[{"embeddable":true,"href":"https:\/\/villarrealcf.es\/val\/wp-json\/wp\/v2\/media\/251369"}],"wp:attachment":[{"href":"https:\/\/villarrealcf.es\/val\/wp-json\/wp\/v2\/media?parent=251566"}],"wp:term":[{"taxonomy":"category","embeddable":true,"href":"https:\/\/villarrealcf.es\/val\/wp-json\/wp\/v2\/categories?post=251566"},{"taxonomy":"post_tag","embeddable":true,"href":"https:\/\/villarrealcf.es\/val\/wp-json\/wp\/v2\/tags?post=251566"}],"curies":[{"name":"wp","href":"https:\/\/api.w.org\/{rel}","templated":true}]}}