{"id":251542,"date":"2023-02-14T17:38:00","date_gmt":"2023-02-14T16:38:00","guid":{"rendered":"https:\/\/villarrealcf.es\/\/plan-de-acceso-para-el-villarreal-b-real-racing\/"},"modified":"2023-02-14T15:11:48","modified_gmt":"2023-02-14T14:11:48","slug":"plan-de-acceso-para-el-villarreal-b-real-racing","status":"publish","type":"post","link":"https:\/\/villarrealcf.es\/val\/plan-de-acceso-para-el-villarreal-b-real-racing\/","title":{"rendered":"Pla d&#8217;acc\u00e9s per al Villarreal B-Real Racing"},"content":{"protected":false,"blocks":[{"type":"heading","level":2,"text":"S\u2019obrir\u00e0 la Tribuna Preferent per als abonats d\u2019aquesta zona i dels Fons i la Tribuna per a aquests socis"},{"type":"paragraph","text":"El Villarreal fa p\u00fablic el pla d\u2019acc\u00e9s per al partit del Mini Submar\u00ed davant el Real Racing, corresponent a la jornada 28 de LaLiga SmartBank, que se celebrar\u00e0 aquest diumenge a les 21.00 hores en l\u2019Estadi de la Cer\u00e0mica."},{"type":"paragraph","text":"El protocol d\u2019entrada per al partit davant el conjunt c\u00e0ntabre \u00e9s el seg\u00fcent:"},{"type":"list","style":"ul","items":["Els abonats de Fons (Nord i Sud) i Tribuna Preferent podran accedir amb la seua passada lliurement b\u00e9 a la Tribuna Preferent (antiga Prefer\u00e8ncia) Els seients no estaran assignats i els aficionats se situaran per ordre d\u2019arribada. En cas d\u2019acudir amb convidats, podran asseure\u2019s en la mateixa zona.","Els abonats de Tribuna (central i lateral), Llotja VIP i Llotja d\u2019Honor accediran amb el seu abonament a la seua localitat habitual i no poden portar convidats a aquesta zona. Les invitacions que sol\u00b7liciten seran de la resta de zones habilitades (Tribuna Preferent).","Els abonats de S\u00faper Tribuna se situaran en la S\u00faper Tribuna Parell, acc\u00e9s per Porta 15 (no s\u2019obrir\u00e0 la Imparell).","El Villareal CF obrir\u00e0 totes les portes de les zones de Tribuna i Tribuna Preferent des de 90 minuts abans de l\u2019inici del partit."]},{"type":"list","style":"ul","items":["Hi haur\u00e0 venda d\u2019entrades a 15 euros en les taquilles de l\u2019Estadi de la Cer\u00e0mica des de dues hores abans de l\u2019inici del partit.","Els p\u00e0rquings obriran exclusivament per a aquells que tinguen el seu p\u00e0rquing de temporada, igual que amb el primer equip."]},{"type":"paragraph","text":"Acudeix a animar al Villarreal B a l\u2019Estadi de la Cer\u00e0mica! Endavant, afici\u00f3!"}],"structured":{"summary":{"text":"S\u2019obrir\u00e0 la Tribuna Preferent per als abonats d\u2019aquesta zona i dels Fons i la Tribuna per a aquests socis El Villarreal fa p\u00fablic el pla d\u2019acc\u00e9s per al partit del Mini Submar\u00ed davant el Real Racing, corresponent a la jornada 28 de LaLiga SmartBank, que se celebrar\u00e0 aquest diumenge a les 21.00 hores en l\u2019Estadi de la Cer\u00e0mica. El protocol d\u2019entrada per al partit davant el conjunt c\u00e0ntabre \u00e9s el seg\u00fcent: Els abonats de Fons (Nord i Sud) i Tribuna Preferent podran accedir amb la seua passada lliurement b\u00e9 a la Tribuna Preferent (antiga Prefer\u00e8ncia) Els seients no estaran assignats i els aficionats se situaran per ordre d\u2019arribada. En cas d\u2019acudir amb convidats, podran asseure\u2019s en la mateixa zona. Els abonats de Tribuna (central i lateral), Llotja VIP i Llotja d\u2019Honor accediran amb el seu abonament a la seua localitat habitual i no poden portar convidats a aquesta zona. Les invitacions que sol\u00b7liciten seran de la resta de zones habilitades (Tribuna Preferent). Els abonats de S\u00faper Tribuna se situaran en la S\u00faper Tribuna Parell, acc\u00e9s per Porta 15 (no s\u2019obrir\u00e0 la Imparell). El Villareal CF obrir\u00e0 totes les portes de les zones de Tribuna i Tribuna Preferent des de 90 minuts abans de l\u2019inici del partit. Hi haur\u00e0 venda d\u2019entrades a 15 euros en les taquilles de l\u2019Estadi de la Cer\u00e0mica des de dues hores abans de l\u2019inici del partit. Els p\u00e0rquings obriran exclusivament per a aquells que tinguen el seu p\u00e0rquing de temporada, igual que amb el primer equip. Acudeix a animar al Villarreal B a l\u2019Estadi de la Cer\u00e0mica! Endavant, afici\u00f3!","headings":[{"type":"heading","level":2,"text":"S\u2019obrir\u00e0 la Tribuna Preferent per als abonats d\u2019aquesta zona i dels Fons i la Tribuna per a aquests socis"}],"buttons":[],"images":[],"counts":{"blocks":6,"headings":1,"texts":3,"buttons":0,"images":0}},"sections":[{"id":"section-1","title":"S\u2019obrir\u00e0 la Tribuna Preferent per als abonats d\u2019aquesta zona i dels Fons i la Tribuna per a aquests socis","text":"S\u2019obrir\u00e0 la Tribuna Preferent per als abonats d\u2019aquesta zona i dels Fons i la Tribuna per a aquests socis El Villarreal fa p\u00fablic el pla d\u2019acc\u00e9s per al partit del Mini Submar\u00ed davant el Real Racing, corresponent a la jornada 28 de LaLiga SmartBank, que se celebrar\u00e0 aquest diumenge a les 21.00 hores en l\u2019Estadi de la Cer\u00e0mica. El protocol d\u2019entrada per al partit davant el conjunt c\u00e0ntabre \u00e9s el seg\u00fcent: Acudeix a animar al Villarreal B a l\u2019Estadi de la Cer\u00e0mica! Endavant, afici\u00f3!","headings":[{"type":"heading","level":2,"text":"S\u2019obrir\u00e0 la Tribuna Preferent per als abonats d\u2019aquesta zona i dels Fons i la Tribuna per a aquests socis"}],"texts":[{"type":"paragraph","text":"El Villarreal fa p\u00fablic el pla d\u2019acc\u00e9s per al partit del Mini Submar\u00ed davant el Real Racing, corresponent a la jornada 28 de LaLiga SmartBank, que se celebrar\u00e0 aquest diumenge a les 21.00 hores en l\u2019Estadi de la Cer\u00e0mica."},{"type":"paragraph","text":"El protocol d\u2019entrada per al partit davant el conjunt c\u00e0ntabre \u00e9s el seg\u00fcent:"},{"type":"paragraph","text":"Acudeix a animar al Villarreal B a l\u2019Estadi de la Cer\u00e0mica! Endavant, afici\u00f3!"}],"buttons":[],"images":[],"widgets":[],"blocks":[{"type":"heading","level":2,"text":"S\u2019obrir\u00e0 la Tribuna Preferent per als abonats d\u2019aquesta zona i dels Fons i la Tribuna per a aquests socis"},{"type":"paragraph","text":"El Villarreal fa p\u00fablic el pla d\u2019acc\u00e9s per al partit del Mini Submar\u00ed davant el Real Racing, corresponent a la jornada 28 de LaLiga SmartBank, que se celebrar\u00e0 aquest diumenge a les 21.00 hores en l\u2019Estadi de la Cer\u00e0mica."},{"type":"paragraph","text":"El protocol d\u2019entrada per al partit davant el conjunt c\u00e0ntabre \u00e9s el seg\u00fcent:"},{"type":"list","style":"ul","items":["Els abonats de Fons (Nord i Sud) i Tribuna Preferent podran accedir amb la seua passada lliurement b\u00e9 a la Tribuna Preferent (antiga Prefer\u00e8ncia) Els seients no estaran assignats i els aficionats se situaran per ordre d\u2019arribada. En cas d\u2019acudir amb convidats, podran asseure\u2019s en la mateixa zona.","Els abonats de Tribuna (central i lateral), Llotja VIP i Llotja d\u2019Honor accediran amb el seu abonament a la seua localitat habitual i no poden portar convidats a aquesta zona. Les invitacions que sol\u00b7liciten seran de la resta de zones habilitades (Tribuna Preferent).","Els abonats de S\u00faper Tribuna se situaran en la S\u00faper Tribuna Parell, acc\u00e9s per Porta 15 (no s\u2019obrir\u00e0 la Imparell).","El Villareal CF obrir\u00e0 totes les portes de les zones de Tribuna i Tribuna Preferent des de 90 minuts abans de l\u2019inici del partit."]},{"type":"list","style":"ul","items":["Hi haur\u00e0 venda d\u2019entrades a 15 euros en les taquilles de l\u2019Estadi de la Cer\u00e0mica des de dues hores abans de l\u2019inici del partit.","Els p\u00e0rquings obriran exclusivament per a aquells que tinguen el seu p\u00e0rquing de temporada, igual que amb el primer equip."]},{"type":"paragraph","text":"Acudeix a animar al Villarreal B a l\u2019Estadi de la Cer\u00e0mica! Endavant, afici\u00f3!"}]}],"hero":{"id":"section-1","title":"S\u2019obrir\u00e0 la Tribuna Preferent per als abonats d\u2019aquesta zona i dels Fons i la Tribuna per a aquests socis","text":"S\u2019obrir\u00e0 la Tribuna Preferent per als abonats d\u2019aquesta zona i dels Fons i la Tribuna per a aquests socis El Villarreal fa p\u00fablic el pla d\u2019acc\u00e9s per al partit del Mini Submar\u00ed davant el Real Racing, corresponent a la jornada 28 de LaLiga SmartBank, que se celebrar\u00e0 aquest diumenge a les 21.00 hores en l\u2019Estadi de la Cer\u00e0mica. El protocol d\u2019entrada per al partit davant el conjunt c\u00e0ntabre \u00e9s el seg\u00fcent: Acudeix a animar al Villarreal B a l\u2019Estadi de la Cer\u00e0mica! Endavant, afici\u00f3!","headings":[{"type":"heading","level":2,"text":"S\u2019obrir\u00e0 la Tribuna Preferent per als abonats d\u2019aquesta zona i dels Fons i la Tribuna per a aquests socis"}],"texts":[{"type":"paragraph","text":"El Villarreal fa p\u00fablic el pla d\u2019acc\u00e9s per al partit del Mini Submar\u00ed davant el Real Racing, corresponent a la jornada 28 de LaLiga SmartBank, que se celebrar\u00e0 aquest diumenge a les 21.00 hores en l\u2019Estadi de la Cer\u00e0mica."},{"type":"paragraph","text":"El protocol d\u2019entrada per al partit davant el conjunt c\u00e0ntabre \u00e9s el seg\u00fcent:"},{"type":"paragraph","text":"Acudeix a animar al Villarreal B a l\u2019Estadi de la Cer\u00e0mica! Endavant, afici\u00f3!"}],"buttons":[],"images":[],"widgets":[],"blocks":[{"type":"heading","level":2,"text":"S\u2019obrir\u00e0 la Tribuna Preferent per als abonats d\u2019aquesta zona i dels Fons i la Tribuna per a aquests socis"},{"type":"paragraph","text":"El Villarreal fa p\u00fablic el pla d\u2019acc\u00e9s per al partit del Mini Submar\u00ed davant el Real Racing, corresponent a la jornada 28 de LaLiga SmartBank, que se celebrar\u00e0 aquest diumenge a les 21.00 hores en l\u2019Estadi de la Cer\u00e0mica."},{"type":"paragraph","text":"El protocol d\u2019entrada per al partit davant el conjunt c\u00e0ntabre \u00e9s el seg\u00fcent:"},{"type":"list","style":"ul","items":["Els abonats de Fons (Nord i Sud) i Tribuna Preferent podran accedir amb la seua passada lliurement b\u00e9 a la Tribuna Preferent (antiga Prefer\u00e8ncia) Els seients no estaran assignats i els aficionats se situaran per ordre d\u2019arribada. En cas d\u2019acudir amb convidats, podran asseure\u2019s en la mateixa zona.","Els abonats de Tribuna (central i lateral), Llotja VIP i Llotja d\u2019Honor accediran amb el seu abonament a la seua localitat habitual i no poden portar convidats a aquesta zona. Les invitacions que sol\u00b7liciten seran de la resta de zones habilitades (Tribuna Preferent).","Els abonats de S\u00faper Tribuna se situaran en la S\u00faper Tribuna Parell, acc\u00e9s per Porta 15 (no s\u2019obrir\u00e0 la Imparell).","El Villareal CF obrir\u00e0 totes les portes de les zones de Tribuna i Tribuna Preferent des de 90 minuts abans de l\u2019inici del partit."]},{"type":"list","style":"ul","items":["Hi haur\u00e0 venda d\u2019entrades a 15 euros en les taquilles de l\u2019Estadi de la Cer\u00e0mica des de dues hores abans de l\u2019inici del partit.","Els p\u00e0rquings obriran exclusivament per a aquells que tinguen el seu p\u00e0rquing de temporada, igual que amb el primer equip."]},{"type":"paragraph","text":"Acudeix a animar al Villarreal B a l\u2019Estadi de la Cer\u00e0mica! Endavant, afici\u00f3!"}]}},"sections":[{"id":"section-1","title":"S\u2019obrir\u00e0 la Tribuna Preferent per als abonats d\u2019aquesta zona i dels Fons i la Tribuna per a aquests socis","text":"S\u2019obrir\u00e0 la Tribuna Preferent per als abonats d\u2019aquesta zona i dels Fons i la Tribuna per a aquests socis El Villarreal fa p\u00fablic el pla d\u2019acc\u00e9s per al partit del Mini Submar\u00ed davant el Real Racing, corresponent a la jornada 28 de LaLiga SmartBank, que se celebrar\u00e0 aquest diumenge a les 21.00 hores en l\u2019Estadi de la Cer\u00e0mica. El protocol d\u2019entrada per al partit davant el conjunt c\u00e0ntabre \u00e9s el seg\u00fcent: Acudeix a animar al Villarreal B a l\u2019Estadi de la Cer\u00e0mica! Endavant, afici\u00f3!","url":"","background_image":"","images":[],"videos":[],"links":[]}]},"excerpt":{"rendered":"S&#8217;obrir\u00e0 la Tribuna Preferent per als abonats d&#8217;aquesta zona i dels Fons i la Tribuna per a aquests socis","protected":false},"author":1,"featured_media":251536,"comment_status":"closed","ping_status":"closed","sticky":false,"template":"","format":"standard","meta":{"_acf_changed":false,"footnotes":""},"categories":[13803],"tags":[717,9270,9227,9205,9627,9203],"acf":null,"lang":"val","translations":{"es":251532,"val":251542,"en":251548},"essential_grid":{"has_grid":false},"formatted_date":"February 14, 2023","modified_date":"February 14, 2023","permalink":"https:\/\/villarrealcf.es\/val\/plan-de-acceso-para-el-villarreal-b-real-racing\/","reading_time":2,"featured_media_data":{"id":251536,"title":"NOTICIA B","caption":"","alt_text":"","description":"","mime_type":"image\/jpeg","source_url":"https:\/\/villarrealcf.es\/wp-content\/uploads\/2023\/02\/NOTICIA-B.jpg","sizes":{"thumbnail":{"url":"https:\/\/villarrealcf.es\/wp-content\/uploads\/2023\/02\/NOTICIA-B-1920x1080.jpg","width":1920,"height":1080},"medium":{"url":"https:\/\/villarrealcf.es\/wp-content\/uploads\/2023\/02\/NOTICIA-B-1920x1080.jpg","width":1920,"height":1080},"medium_large":{"url":"https:\/\/villarrealcf.es\/wp-content\/uploads\/2023\/02\/NOTICIA-B-768x432.jpg","width":768,"height":432},"large":{"url":"https:\/\/villarrealcf.es\/wp-content\/uploads\/2023\/02\/NOTICIA-B-1920x1080.jpg","width":788,"height":443},"1536x1536":{"url":"https:\/\/villarrealcf.es\/wp-content\/uploads\/2023\/02\/NOTICIA-B-1536x864.jpg","width":1536,"height":864},"2048x2048":{"url":"https:\/\/villarrealcf.es\/wp-content\/uploads\/2023\/02\/NOTICIA-B.jpg","width":1920,"height":1080},"tp-image-grid":{"url":"https:\/\/villarrealcf.es\/wp-content\/uploads\/2023\/02\/NOTICIA-B-700x700.jpg","width":700,"height":700},"size-bunyad-medium":{"url":"https:\/\/villarrealcf.es\/wp-content\/uploads\/2023\/02\/NOTICIA-B-1920x1080.jpg","width":1920,"height":1080},"sportspress-crop-medium":{"url":"https:\/\/villarrealcf.es\/wp-content\/uploads\/2023\/02\/NOTICIA-B-300x300.jpg","width":300,"height":300},"sportspress-fit-medium":{"url":"https:\/\/villarrealcf.es\/wp-content\/uploads\/2023\/02\/NOTICIA-B-300x169.jpg","width":300,"height":169},"sportspress-fit-icon":{"url":"https:\/\/villarrealcf.es\/wp-content\/uploads\/2023\/02\/NOTICIA-B-128x72.jpg","width":128,"height":72},"sportspress-fit-mini":{"url":"https:\/\/villarrealcf.es\/wp-content\/uploads\/2023\/02\/NOTICIA-B-32x18.jpg","width":32,"height":18},"bunyad-small":{"url":"https:\/\/villarrealcf.es\/wp-content\/uploads\/2023\/02\/NOTICIA-B-150x84.jpg","width":150,"height":84},"bunyad-medium":{"url":"https:\/\/villarrealcf.es\/wp-content\/uploads\/2023\/02\/NOTICIA-B-450x253.jpg","width":450,"height":253},"bunyad-full":{"url":"https:\/\/villarrealcf.es\/wp-content\/uploads\/2023\/02\/NOTICIA-B-1200x675.jpg","width":1200,"height":675},"bunyad-viewport":{"url":"https:\/\/villarrealcf.es\/wp-content\/uploads\/2023\/02\/NOTICIA-B.jpg","width":1920,"height":1080},"bunyad-768":{"url":"https:\/\/villarrealcf.es\/wp-content\/uploads\/2023\/02\/NOTICIA-B-768x432.jpg","width":768,"height":432},"full":{"url":"https:\/\/villarrealcf.es\/wp-content\/uploads\/2023\/02\/NOTICIA-B.jpg","width":1920,"height":1080}}},"author_data":{"id":"1","name":"root_envidea","first_name":"Villarreal CF","last_name":"","description":"","avatar_url":"https:\/\/secure.gravatar.com\/avatar\/48f95f42a3ccc324f3a3458e4b9e6fb070b083e99d388e170c1afb061fa99b63?s=96&d=mm&r=g","acf":null},"taxonomies_data":{"category":[{"id":13803,"name":"Futbol base","slug":"futbol-base-val-2","acf":null}],"post_tag":[{"id":717,"name":"Football","slug":"football-d34","acf":null},{"id":9270,"name":"Futbol","slug":"futbol-val","acf":null},{"id":9227,"name":"F\u00fatbol Base","slug":"futbol-base-val","acf":null},{"id":9205,"name":"Submarino","slug":"submarino-val","acf":null},{"id":9627,"name":"Submarino Amarillo","slug":"submarino-amarillo-val","acf":null},{"id":9203,"name":"Villarreal CF","slug":"villarreal-cf-val","acf":null}],"translation_priority":[{"id":735,"name":"Optional","slug":"optional-val","acf":null}]},"seo_full":{"native":{"title":"Pla d&#8217;acc\u00e9s per al Villarreal B-Real Racing - Web Oficial del Villarreal CF","description":"S'obrir\u00e0 la Tribuna Preferent per als abonats d'aquesta zona i dels Fons i la Tribuna per a aquests socis","canonical":"https:\/\/villarrealcf.es\/val\/plan-de-acceso-para-el-villarreal-b-real-racing\/"}},"_links":{"self":[{"href":"https:\/\/villarrealcf.es\/val\/wp-json\/wp\/v2\/posts\/251542","targetHints":{"allow":["GET"]}}],"collection":[{"href":"https:\/\/villarrealcf.es\/val\/wp-json\/wp\/v2\/posts"}],"about":[{"href":"https:\/\/villarrealcf.es\/val\/wp-json\/wp\/v2\/types\/post"}],"author":[{"embeddable":true,"href":"https:\/\/villarrealcf.es\/val\/wp-json\/wp\/v2\/users\/1"}],"replies":[{"embeddable":true,"href":"https:\/\/villarrealcf.es\/val\/wp-json\/wp\/v2\/comments?post=251542"}],"version-history":[{"count":0,"href":"https:\/\/villarrealcf.es\/val\/wp-json\/wp\/v2\/posts\/251542\/revisions"}],"wp:featuredmedia":[{"embeddable":true,"href":"https:\/\/villarrealcf.es\/val\/wp-json\/wp\/v2\/media\/251536"}],"wp:attachment":[{"href":"https:\/\/villarrealcf.es\/val\/wp-json\/wp\/v2\/media?parent=251542"}],"wp:term":[{"taxonomy":"category","embeddable":true,"href":"https:\/\/villarrealcf.es\/val\/wp-json\/wp\/v2\/categories?post=251542"},{"taxonomy":"post_tag","embeddable":true,"href":"https:\/\/villarrealcf.es\/val\/wp-json\/wp\/v2\/tags?post=251542"}],"curies":[{"name":"wp","href":"https:\/\/api.w.org\/{rel}","templated":true}]}}