{"id":251234,"date":"2023-02-13T13:23:26","date_gmt":"2023-02-13T12:23:26","guid":{"rendered":"https:\/\/villarrealcf.es\/\/parte-medico-francis-coquelin-2\/"},"modified":"2023-02-13T13:38:46","modified_gmt":"2023-02-13T12:38:46","slug":"comunicat-medic-francis-coquelin-2","status":"publish","type":"post","link":"https:\/\/villarrealcf.es\/val\/comunicat-medic-francis-coquelin-2\/","title":{"rendered":"Comunicat m\u00e8dic: Francis Coquelin"},"content":{"protected":false,"blocks":[{"type":"heading","level":2,"text":"El futbolista franc\u00e9s pateix un trencament de lligament creuat anterior del seu genoll dret"},{"type":"paragraph","text":"Despr\u00e9s de les proves m\u00e8diques realitzades anit a l\u2019Hospital IMED Val\u00e8ncia, es confirma que el jugador del Villarreal Francis Coquelin va patir un trencament del lligament creuat anterior del seu genoll dret durant el partit davant l\u2019FC Barcelona, corresponent a la jornada 21 de LaLiga Santander."},{"type":"paragraph","text":"El migcampista franc\u00e9s ser\u00e0 intervingut quir\u00fargicament en els pr\u00f2xims dies i lamentablement es perdr\u00e0 el que resta de la present temporada. Pr\u00f2ximament, el club donar\u00e0 m\u00e9s detalls sobre l\u2019operaci\u00f3."},{"type":"paragraph","text":"En aquests moments tan complicats per al futbolista, el Villarreal li desitja molt \u00e0nim i tota la for\u00e7a despr\u00e9s de confirmar-se la greu lesi\u00f3."},{"type":"paragraph","text":"Estem amb tu, Coque!"},{"type":"image","url":"https:\/\/villarrealcf.es\/\/wp-content\/uploads\/2023\/02\/image-2.png","alt":"","width":760,"height":84,"srcset":"https:\/\/villarrealcf.es\/wp-content\/uploads\/2023\/02\/image-2.png 760w, https:\/\/villarrealcf.es\/\/wp-content\/uploads\/2023\/02\/image-2.png 1920w, https:\/\/villarrealcf.es\/\/wp-content\/uploads\/2023\/02\/image-2.png 1920w, https:\/\/villarrealcf.es\/wp-content\/uploads\/2023\/02\/image-2-32x4.png 32w, https:\/\/villarrealcf.es\/wp-content\/uploads\/2023\/02\/image-2-150x17.png 150w, https:\/\/villarrealcf.es\/\/wp-content\/uploads\/2023\/02\/image-2.png 1920w, https:\/\/villarrealcf.es\/\/wp-content\/uploads\/2023\/02\/image-2.png 1920w","sizes":"auto, (max-width: 760px) 100vw, 760px"}],"structured":{"summary":{"text":"El futbolista franc\u00e9s pateix un trencament de lligament creuat anterior del seu genoll dret Despr\u00e9s de les proves m\u00e8diques realitzades anit a l\u2019Hospital IMED Val\u00e8ncia, es confirma que el jugador del Villarreal Francis Coquelin va patir un trencament del lligament creuat anterior del seu genoll dret durant el partit davant l\u2019FC Barcelona, corresponent a la jornada 21 de LaLiga Santander. El migcampista franc\u00e9s ser\u00e0 intervingut quir\u00fargicament en els pr\u00f2xims dies i lamentablement es perdr\u00e0 el que resta de la present temporada. Pr\u00f2ximament, el club donar\u00e0 m\u00e9s detalls sobre l\u2019operaci\u00f3. En aquests moments tan complicats per al futbolista, el Villarreal li desitja molt \u00e0nim i tota la for\u00e7a despr\u00e9s de confirmar-se la greu lesi\u00f3. Estem amb tu, Coque!","headings":[{"type":"heading","level":2,"text":"El futbolista franc\u00e9s pateix un trencament de lligament creuat anterior del seu genoll dret"}],"buttons":[],"images":[{"type":"image","url":"https:\/\/villarrealcf.es\/\/wp-content\/uploads\/2023\/02\/image-2.png","alt":"","width":760,"height":84,"srcset":"https:\/\/villarrealcf.es\/wp-content\/uploads\/2023\/02\/image-2.png 760w, https:\/\/villarrealcf.es\/\/wp-content\/uploads\/2023\/02\/image-2.png 1920w, https:\/\/villarrealcf.es\/\/wp-content\/uploads\/2023\/02\/image-2.png 1920w, https:\/\/villarrealcf.es\/wp-content\/uploads\/2023\/02\/image-2-32x4.png 32w, https:\/\/villarrealcf.es\/wp-content\/uploads\/2023\/02\/image-2-150x17.png 150w, https:\/\/villarrealcf.es\/\/wp-content\/uploads\/2023\/02\/image-2.png 1920w, https:\/\/villarrealcf.es\/\/wp-content\/uploads\/2023\/02\/image-2.png 1920w","sizes":"auto, (max-width: 760px) 100vw, 760px"}],"counts":{"blocks":6,"headings":1,"texts":4,"buttons":0,"images":1}},"sections":[{"id":"section-1","title":"El futbolista franc\u00e9s pateix un trencament de lligament creuat anterior del seu genoll dret","text":"El futbolista franc\u00e9s pateix un trencament de lligament creuat anterior del seu genoll dret Despr\u00e9s de les proves m\u00e8diques realitzades anit a l\u2019Hospital IMED Val\u00e8ncia, es confirma que el jugador del Villarreal Francis Coquelin va patir un trencament del lligament creuat anterior del seu genoll dret durant el partit davant l\u2019FC Barcelona, corresponent a la jornada 21 de LaLiga Santander. El migcampista franc\u00e9s ser\u00e0 intervingut quir\u00fargicament en els pr\u00f2xims dies i lamentablement es perdr\u00e0 el que resta de la present temporada. Pr\u00f2ximament, el club donar\u00e0 m\u00e9s detalls sobre l\u2019operaci\u00f3. En aquests moments tan complicats per al futbolista, el Villarreal li desitja molt \u00e0nim i tota la for\u00e7a despr\u00e9s de confirmar-se la greu lesi\u00f3. Estem amb tu, Coque!","headings":[{"type":"heading","level":2,"text":"El futbolista franc\u00e9s pateix un trencament de lligament creuat anterior del seu genoll dret"}],"texts":[{"type":"paragraph","text":"Despr\u00e9s de les proves m\u00e8diques realitzades anit a l\u2019Hospital IMED Val\u00e8ncia, es confirma que el jugador del Villarreal Francis Coquelin va patir un trencament del lligament creuat anterior del seu genoll dret durant el partit davant l\u2019FC Barcelona, corresponent a la jornada 21 de LaLiga Santander."},{"type":"paragraph","text":"El migcampista franc\u00e9s ser\u00e0 intervingut quir\u00fargicament en els pr\u00f2xims dies i lamentablement es perdr\u00e0 el que resta de la present temporada. Pr\u00f2ximament, el club donar\u00e0 m\u00e9s detalls sobre l\u2019operaci\u00f3."},{"type":"paragraph","text":"En aquests moments tan complicats per al futbolista, el Villarreal li desitja molt \u00e0nim i tota la for\u00e7a despr\u00e9s de confirmar-se la greu lesi\u00f3."},{"type":"paragraph","text":"Estem amb tu, Coque!"}],"buttons":[],"images":[{"type":"image","url":"https:\/\/villarrealcf.es\/\/wp-content\/uploads\/2023\/02\/image-2.png","alt":"","width":760,"height":84,"srcset":"https:\/\/villarrealcf.es\/wp-content\/uploads\/2023\/02\/image-2.png 760w, https:\/\/villarrealcf.es\/\/wp-content\/uploads\/2023\/02\/image-2.png 1920w, https:\/\/villarrealcf.es\/\/wp-content\/uploads\/2023\/02\/image-2.png 1920w, https:\/\/villarrealcf.es\/wp-content\/uploads\/2023\/02\/image-2-32x4.png 32w, https:\/\/villarrealcf.es\/wp-content\/uploads\/2023\/02\/image-2-150x17.png 150w, https:\/\/villarrealcf.es\/\/wp-content\/uploads\/2023\/02\/image-2.png 1920w, https:\/\/villarrealcf.es\/\/wp-content\/uploads\/2023\/02\/image-2.png 1920w","sizes":"auto, (max-width: 760px) 100vw, 760px"}],"widgets":[],"blocks":[{"type":"heading","level":2,"text":"El futbolista franc\u00e9s pateix un trencament de lligament creuat anterior del seu genoll dret"},{"type":"paragraph","text":"Despr\u00e9s de les proves m\u00e8diques realitzades anit a l\u2019Hospital IMED Val\u00e8ncia, es confirma que el jugador del Villarreal Francis Coquelin va patir un trencament del lligament creuat anterior del seu genoll dret durant el partit davant l\u2019FC Barcelona, corresponent a la jornada 21 de LaLiga Santander."},{"type":"paragraph","text":"El migcampista franc\u00e9s ser\u00e0 intervingut quir\u00fargicament en els pr\u00f2xims dies i lamentablement es perdr\u00e0 el que resta de la present temporada. Pr\u00f2ximament, el club donar\u00e0 m\u00e9s detalls sobre l\u2019operaci\u00f3."},{"type":"paragraph","text":"En aquests moments tan complicats per al futbolista, el Villarreal li desitja molt \u00e0nim i tota la for\u00e7a despr\u00e9s de confirmar-se la greu lesi\u00f3."},{"type":"paragraph","text":"Estem amb tu, Coque!"},{"type":"image","url":"https:\/\/villarrealcf.es\/\/wp-content\/uploads\/2023\/02\/image-2.png","alt":"","width":760,"height":84,"srcset":"https:\/\/villarrealcf.es\/wp-content\/uploads\/2023\/02\/image-2.png 760w, https:\/\/villarrealcf.es\/\/wp-content\/uploads\/2023\/02\/image-2.png 1920w, https:\/\/villarrealcf.es\/\/wp-content\/uploads\/2023\/02\/image-2.png 1920w, https:\/\/villarrealcf.es\/wp-content\/uploads\/2023\/02\/image-2-32x4.png 32w, https:\/\/villarrealcf.es\/wp-content\/uploads\/2023\/02\/image-2-150x17.png 150w, https:\/\/villarrealcf.es\/\/wp-content\/uploads\/2023\/02\/image-2.png 1920w, https:\/\/villarrealcf.es\/\/wp-content\/uploads\/2023\/02\/image-2.png 1920w","sizes":"auto, (max-width: 760px) 100vw, 760px"}]}],"hero":{"id":"section-1","title":"El futbolista franc\u00e9s pateix un trencament de lligament creuat anterior del seu genoll dret","text":"El futbolista franc\u00e9s pateix un trencament de lligament creuat anterior del seu genoll dret Despr\u00e9s de les proves m\u00e8diques realitzades anit a l\u2019Hospital IMED Val\u00e8ncia, es confirma que el jugador del Villarreal Francis Coquelin va patir un trencament del lligament creuat anterior del seu genoll dret durant el partit davant l\u2019FC Barcelona, corresponent a la jornada 21 de LaLiga Santander. El migcampista franc\u00e9s ser\u00e0 intervingut quir\u00fargicament en els pr\u00f2xims dies i lamentablement es perdr\u00e0 el que resta de la present temporada. Pr\u00f2ximament, el club donar\u00e0 m\u00e9s detalls sobre l\u2019operaci\u00f3. En aquests moments tan complicats per al futbolista, el Villarreal li desitja molt \u00e0nim i tota la for\u00e7a despr\u00e9s de confirmar-se la greu lesi\u00f3. Estem amb tu, Coque!","headings":[{"type":"heading","level":2,"text":"El futbolista franc\u00e9s pateix un trencament de lligament creuat anterior del seu genoll dret"}],"texts":[{"type":"paragraph","text":"Despr\u00e9s de les proves m\u00e8diques realitzades anit a l\u2019Hospital IMED Val\u00e8ncia, es confirma que el jugador del Villarreal Francis Coquelin va patir un trencament del lligament creuat anterior del seu genoll dret durant el partit davant l\u2019FC Barcelona, corresponent a la jornada 21 de LaLiga Santander."},{"type":"paragraph","text":"El migcampista franc\u00e9s ser\u00e0 intervingut quir\u00fargicament en els pr\u00f2xims dies i lamentablement es perdr\u00e0 el que resta de la present temporada. Pr\u00f2ximament, el club donar\u00e0 m\u00e9s detalls sobre l\u2019operaci\u00f3."},{"type":"paragraph","text":"En aquests moments tan complicats per al futbolista, el Villarreal li desitja molt \u00e0nim i tota la for\u00e7a despr\u00e9s de confirmar-se la greu lesi\u00f3."},{"type":"paragraph","text":"Estem amb tu, Coque!"}],"buttons":[],"images":[{"type":"image","url":"https:\/\/villarrealcf.es\/\/wp-content\/uploads\/2023\/02\/image-2.png","alt":"","width":760,"height":84,"srcset":"https:\/\/villarrealcf.es\/wp-content\/uploads\/2023\/02\/image-2.png 760w, https:\/\/villarrealcf.es\/\/wp-content\/uploads\/2023\/02\/image-2.png 1920w, https:\/\/villarrealcf.es\/\/wp-content\/uploads\/2023\/02\/image-2.png 1920w, https:\/\/villarrealcf.es\/wp-content\/uploads\/2023\/02\/image-2-32x4.png 32w, https:\/\/villarrealcf.es\/wp-content\/uploads\/2023\/02\/image-2-150x17.png 150w, https:\/\/villarrealcf.es\/\/wp-content\/uploads\/2023\/02\/image-2.png 1920w, https:\/\/villarrealcf.es\/\/wp-content\/uploads\/2023\/02\/image-2.png 1920w","sizes":"auto, (max-width: 760px) 100vw, 760px"}],"widgets":[],"blocks":[{"type":"heading","level":2,"text":"El futbolista franc\u00e9s pateix un trencament de lligament creuat anterior del seu genoll dret"},{"type":"paragraph","text":"Despr\u00e9s de les proves m\u00e8diques realitzades anit a l\u2019Hospital IMED Val\u00e8ncia, es confirma que el jugador del Villarreal Francis Coquelin va patir un trencament del lligament creuat anterior del seu genoll dret durant el partit davant l\u2019FC Barcelona, corresponent a la jornada 21 de LaLiga Santander."},{"type":"paragraph","text":"El migcampista franc\u00e9s ser\u00e0 intervingut quir\u00fargicament en els pr\u00f2xims dies i lamentablement es perdr\u00e0 el que resta de la present temporada. Pr\u00f2ximament, el club donar\u00e0 m\u00e9s detalls sobre l\u2019operaci\u00f3."},{"type":"paragraph","text":"En aquests moments tan complicats per al futbolista, el Villarreal li desitja molt \u00e0nim i tota la for\u00e7a despr\u00e9s de confirmar-se la greu lesi\u00f3."},{"type":"paragraph","text":"Estem amb tu, Coque!"},{"type":"image","url":"https:\/\/villarrealcf.es\/\/wp-content\/uploads\/2023\/02\/image-2.png","alt":"","width":760,"height":84,"srcset":"https:\/\/villarrealcf.es\/wp-content\/uploads\/2023\/02\/image-2.png 760w, https:\/\/villarrealcf.es\/\/wp-content\/uploads\/2023\/02\/image-2.png 1920w, https:\/\/villarrealcf.es\/\/wp-content\/uploads\/2023\/02\/image-2.png 1920w, https:\/\/villarrealcf.es\/wp-content\/uploads\/2023\/02\/image-2-32x4.png 32w, https:\/\/villarrealcf.es\/wp-content\/uploads\/2023\/02\/image-2-150x17.png 150w, https:\/\/villarrealcf.es\/\/wp-content\/uploads\/2023\/02\/image-2.png 1920w, https:\/\/villarrealcf.es\/\/wp-content\/uploads\/2023\/02\/image-2.png 1920w","sizes":"auto, (max-width: 760px) 100vw, 760px"}]}},"sections":[{"id":"section-1","title":"El futbolista franc\u00e9s pateix un trencament de lligament creuat anterior del seu genoll dret","text":"El futbolista franc\u00e9s pateix un trencament de lligament creuat anterior del seu genoll dret Despr\u00e9s de les proves m\u00e8diques realitzades anit a l\u2019Hospital IMED Val\u00e8ncia, es confirma que el jugador del Villarreal Francis Coquelin va patir un trencament del lligament creuat anterior del seu genoll dret durant el partit davant l\u2019FC Barcelona, corresponent a la jornada 21 de LaLiga Santander. El migcampista franc\u00e9s ser\u00e0 intervingut quir\u00fargicament en els pr\u00f2xims dies i lamentablement es perdr\u00e0 el que resta de la present temporada. Pr\u00f2ximament, el club donar\u00e0 m\u00e9s detalls sobre l\u2019operaci\u00f3. En aquests moments tan complicats per al futbolista, el Villarreal li desitja molt \u00e0nim i tota la for\u00e7a despr\u00e9s de confirmar-se la greu lesi\u00f3. Estem amb tu, Coque!","url":"","background_image":"","images":[{"type":"image","url":"https:\/\/villarrealcf.es\/\/wp-content\/uploads\/2023\/02\/image-2.png","alt":"","width":760,"height":84,"srcset":"https:\/\/villarrealcf.es\/wp-content\/uploads\/2023\/02\/image-2.png 760w, https:\/\/villarrealcf.es\/\/wp-content\/uploads\/2023\/02\/image-2.png 1920w, https:\/\/villarrealcf.es\/\/wp-content\/uploads\/2023\/02\/image-2.png 1920w, https:\/\/villarrealcf.es\/wp-content\/uploads\/2023\/02\/image-2-32x4.png 32w, https:\/\/villarrealcf.es\/wp-content\/uploads\/2023\/02\/image-2-150x17.png 150w, https:\/\/villarrealcf.es\/\/wp-content\/uploads\/2023\/02\/image-2.png 1920w, https:\/\/villarrealcf.es\/\/wp-content\/uploads\/2023\/02\/image-2.png 1920w","sizes":"auto, (max-width: 760px) 100vw, 760px"}],"videos":[],"links":[]}]},"excerpt":{"rendered":"El futbolista franc\u00e9s pateix un trencament de lligament creuat anterior del seu genoll dret","protected":false},"author":33,"featured_media":251185,"comment_status":"closed","ping_status":"closed","sticky":false,"template":"","format":"standard","meta":{"_acf_changed":false,"footnotes":""},"categories":[13952],"tags":[10899,717,14147,9270,9356,716,9205,9627,9203],"acf":null,"lang":"val","translations":{"es":251182,"val":251234,"en":251285},"essential_grid":{"has_grid":false},"formatted_date":"February 13, 2023","modified_date":"February 13, 2023","permalink":"https:\/\/villarrealcf.es\/val\/comunicat-medic-francis-coquelin-2\/","reading_time":1,"featured_media_data":{"id":251185,"title":"coque","caption":"","alt_text":"","description":"","mime_type":"image\/jpeg","source_url":"https:\/\/villarrealcf.es\/wp-content\/uploads\/2023\/02\/coque.jpg","sizes":{"thumbnail":{"url":"https:\/\/villarrealcf.es\/wp-content\/uploads\/2023\/02\/coque-1920x1080.jpg","width":1920,"height":1080},"medium":{"url":"https:\/\/villarrealcf.es\/wp-content\/uploads\/2023\/02\/coque-1920x1080.jpg","width":1920,"height":1080},"medium_large":{"url":"https:\/\/villarrealcf.es\/wp-content\/uploads\/2023\/02\/coque-768x432.jpg","width":768,"height":432},"large":{"url":"https:\/\/villarrealcf.es\/wp-content\/uploads\/2023\/02\/coque-1920x1080.jpg","width":788,"height":443},"1536x1536":{"url":"https:\/\/villarrealcf.es\/wp-content\/uploads\/2023\/02\/coque-1536x864.jpg","width":1536,"height":864},"2048x2048":{"url":"https:\/\/villarrealcf.es\/wp-content\/uploads\/2023\/02\/coque.jpg","width":1920,"height":1080},"tp-image-grid":{"url":"https:\/\/villarrealcf.es\/wp-content\/uploads\/2023\/02\/coque-700x700.jpg","width":700,"height":700},"size-bunyad-medium":{"url":"https:\/\/villarrealcf.es\/wp-content\/uploads\/2023\/02\/coque-1920x1080.jpg","width":1920,"height":1080},"sportspress-crop-medium":{"url":"https:\/\/villarrealcf.es\/wp-content\/uploads\/2023\/02\/coque-300x300.jpg","width":300,"height":300},"sportspress-fit-medium":{"url":"https:\/\/villarrealcf.es\/wp-content\/uploads\/2023\/02\/coque-300x169.jpg","width":300,"height":169},"sportspress-fit-icon":{"url":"https:\/\/villarrealcf.es\/wp-content\/uploads\/2023\/02\/coque-128x72.jpg","width":128,"height":72},"sportspress-fit-mini":{"url":"https:\/\/villarrealcf.es\/wp-content\/uploads\/2023\/02\/coque-32x18.jpg","width":32,"height":18},"bunyad-small":{"url":"https:\/\/villarrealcf.es\/wp-content\/uploads\/2023\/02\/coque-150x84.jpg","width":150,"height":84},"bunyad-medium":{"url":"https:\/\/villarrealcf.es\/wp-content\/uploads\/2023\/02\/coque-450x253.jpg","width":450,"height":253},"bunyad-full":{"url":"https:\/\/villarrealcf.es\/wp-content\/uploads\/2023\/02\/coque-1200x675.jpg","width":1200,"height":675},"bunyad-viewport":{"url":"https:\/\/villarrealcf.es\/wp-content\/uploads\/2023\/02\/coque.jpg","width":1920,"height":1080},"bunyad-768":{"url":"https:\/\/villarrealcf.es\/wp-content\/uploads\/2023\/02\/coque-768x432.jpg","width":768,"height":432},"full":{"url":"https:\/\/villarrealcf.es\/wp-content\/uploads\/2023\/02\/coque.jpg","width":1920,"height":1080}}},"author_data":{"id":"33","name":"Nacho Tejada","first_name":"Nacho","last_name":"Tejada","description":"","avatar_url":"https:\/\/secure.gravatar.com\/avatar\/b1580534b2fcd93e031504756165758941290488df5c88966a26f84344931fd1?s=96&d=mm&r=g","acf":null},"taxonomies_data":{"category":[{"id":13952,"name":"Comunicat m\u00e8dic","slug":"parte-medico-val","acf":null}],"post_tag":[{"id":10899,"name":"Asisa","slug":"asisa-val","acf":null},{"id":717,"name":"Football","slug":"football-d34","acf":null},{"id":14147,"name":"Francis Coquelin","slug":"francis-coquelin-2-val","acf":null},{"id":9270,"name":"Futbol","slug":"futbol-val","acf":null},{"id":9356,"name":"Lesi\u00f3n","slug":"lesion-val","acf":null},{"id":716,"name":"Soccer","slug":"soccer-d105","acf":null},{"id":9205,"name":"Submarino","slug":"submarino-val","acf":null},{"id":9627,"name":"Submarino Amarillo","slug":"submarino-amarillo-val","acf":null},{"id":9203,"name":"Villarreal CF","slug":"villarreal-cf-val","acf":null}],"translation_priority":[{"id":735,"name":"Optional","slug":"optional-val","acf":null}]},"seo_full":{"native":{"title":"Comunicat m\u00e8dic: Francis Coquelin - Web Oficial del Villarreal CF","description":"El futbolista franc\u00e9s pateix un trencament de lligament creuat anterior del seu genoll dret","canonical":"https:\/\/villarrealcf.es\/val\/comunicat-medic-francis-coquelin-2\/"}},"_links":{"self":[{"href":"https:\/\/villarrealcf.es\/val\/wp-json\/wp\/v2\/posts\/251234","targetHints":{"allow":["GET"]}}],"collection":[{"href":"https:\/\/villarrealcf.es\/val\/wp-json\/wp\/v2\/posts"}],"about":[{"href":"https:\/\/villarrealcf.es\/val\/wp-json\/wp\/v2\/types\/post"}],"author":[{"embeddable":true,"href":"https:\/\/villarrealcf.es\/val\/wp-json\/wp\/v2\/users\/33"}],"replies":[{"embeddable":true,"href":"https:\/\/villarrealcf.es\/val\/wp-json\/wp\/v2\/comments?post=251234"}],"version-history":[{"count":0,"href":"https:\/\/villarrealcf.es\/val\/wp-json\/wp\/v2\/posts\/251234\/revisions"}],"wp:featuredmedia":[{"embeddable":true,"href":"https:\/\/villarrealcf.es\/val\/wp-json\/wp\/v2\/media\/251185"}],"wp:attachment":[{"href":"https:\/\/villarrealcf.es\/val\/wp-json\/wp\/v2\/media?parent=251234"}],"wp:term":[{"taxonomy":"category","embeddable":true,"href":"https:\/\/villarrealcf.es\/val\/wp-json\/wp\/v2\/categories?post=251234"},{"taxonomy":"post_tag","embeddable":true,"href":"https:\/\/villarrealcf.es\/val\/wp-json\/wp\/v2\/tags?post=251234"}],"curies":[{"name":"wp","href":"https:\/\/api.w.org\/{rel}","templated":true}]}}